{"id":34,"date":"2016-10-30T22:20:53","date_gmt":"2016-10-30T20:20:53","guid":{"rendered":"https:\/\/blogit.gradia.fi\/jaroslavl\/?p=34"},"modified":"2016-10-30T22:22:13","modified_gmt":"2016-10-30T20:22:13","slug":"tervetuloa-jaroslavliin","status":"publish","type":"post","link":"https:\/\/blogit.gradia.fi\/jaroslavl\/2016\/10\/30\/tervetuloa-jaroslavliin\/","title":{"rendered":"Tervetuloa Jaroslavliin"},"content":{"rendered":"<p>&nbsp;<\/p>\n<p><img loading=\"lazy\" decoding=\"async\" class=\"size-medium wp-image-54 alignright\" src=\"https:\/\/blogit.gradia.fi\/jaroslavl\/wp-content\/uploads\/sites\/66\/2016\/10\/20161013_092226-225x300.jpg\" alt=\"20161013_092226\" width=\"225\" height=\"300\" srcset=\"https:\/\/blogit.gradia.fi\/jaroslavl\/wp-content\/uploads\/sites\/66\/2016\/10\/20161013_092226-225x300.jpg 225w, https:\/\/blogit.gradia.fi\/jaroslavl\/wp-content\/uploads\/sites\/66\/2016\/10\/20161013_092226-768x1024.jpg 768w\" sizes=\"auto, (max-width: 225px) 100vw, 225px\" \/><\/p>\n<p>Torstaina 13.10. saavuimme aikaisin aamulla Moskovaan. Olimme matkustaneet koko edellisen y\u00f6n junassa, ja kaikki oli t\u00e4h\u00e4n saakka sujunut oikein hyvin. Kaikki tuntuivat olevan innoissaan meit\u00e4 odottavasta kokemuksesta. Emme kuitenkaan\u00a0ehtineet j\u00e4\u00e4d\u00e4 poseeraamaan Moskovan upeiden rakennuksien alla, sill\u00e4 asemalla meit\u00e4 vastassa oli<br \/>\nkoulun opettaja Tatiana, jonka seurassa l\u00e4hdimme meille varatulla kyydill\u00e4 kohti Jaroslavlia.<\/p>\n<hr \/>\n<p>P\u00e4\u00e4sty\u00e4mme perille Jaroslavliin meit\u00e4 odotti koululla lounas, johon kuului perinteisesti keitto, p\u00e4\u00e4ruoka sek\u00e4 p\u00e4\u00e4tteeksi teet\u00e4. Tapasimme my\u00f6s opiskelijat, joiden perheisiin majoittuisimme<br \/>\nseuraaviksi p\u00e4iviksi. Nautittuamme aterian l\u00e4h<img loading=\"lazy\" decoding=\"async\" class=\"size-medium wp-image-60 alignright\" src=\"https:\/\/blogit.gradia.fi\/jaroslavl\/wp-content\/uploads\/sites\/66\/2016\/10\/20161013_155059-300x225.jpg\" alt=\"20161013_155059\" width=\"300\" height=\"225\" srcset=\"https:\/\/blogit.gradia.fi\/jaroslavl\/wp-content\/uploads\/sites\/66\/2016\/10\/20161013_155059-300x225.jpg 300w, https:\/\/blogit.gradia.fi\/jaroslavl\/wp-content\/uploads\/sites\/66\/2016\/10\/20161013_155059-768x576.jpg 768w, https:\/\/blogit.gradia.fi\/jaroslavl\/wp-content\/uploads\/sites\/66\/2016\/10\/20161013_155059-1024x768.jpg 1024w\" sizes=\"auto, (max-width: 300px) 100vw, 300px\" \/>dimme tutustumaan koulun l\u00e4hiymp\u00e4rist\u00f6\u00f6n ven\u00e4l\u00e4isen oppaan saattamana. Opettajamme Ulla sai toimia usein tulkkina matkan aikana yhdess\u00e4 koulun saksan opettajan kanssa.<\/p>\n<p><img loading=\"lazy\" decoding=\"async\" class=\"size-medium wp-image-62 alignright\" src=\"https:\/\/blogit.gradia.fi\/jaroslavl\/wp-content\/uploads\/sites\/66\/2016\/10\/20161013_161747-300x169.jpg\" alt=\"20161013_161747\" width=\"300\" height=\"169\" srcset=\"https:\/\/blogit.gradia.fi\/jaroslavl\/wp-content\/uploads\/sites\/66\/2016\/10\/20161013_161747-300x169.jpg 300w, https:\/\/blogit.gradia.fi\/jaroslavl\/wp-content\/uploads\/sites\/66\/2016\/10\/20161013_161747-768x432.jpg 768w, https:\/\/blogit.gradia.fi\/jaroslavl\/wp-content\/uploads\/sites\/66\/2016\/10\/20161013_161747-1024x576.jpg 1024w\" sizes=\"auto, (max-width: 300px) 100vw, 300px\" \/><\/p>\n<p>&nbsp;<\/p>\n<p>&nbsp;<\/p>\n<p>&nbsp;<\/p>\n<p>&nbsp;<\/p>\n<hr \/>\n<p>Lyhyen kierroksen j\u00e4lkeen meid\u00e4n oli aika hakea matkatavarat koululta ja siirty\u00e4 ven\u00e4l\u00e4isiin perheisiimme. Monet nuorista asuivatkin l\u00e4hell\u00e4 koulua, joten matka ei ollut pitk\u00e4 ja taittui nopeasti k\u00e4vellen. L\u00e4hes kaikki alueen talot olivat vanhoja kerrostaloja, joissa ei tietenk\u00e4\u00e4n ollut hissej\u00e4. Portaiden kulkemiseen tottui kuitenkin nopeasti eik\u00e4 edestakainen kulku viiden kerroksen v\u00e4lill\u00e4 tuntunut hetken kuluttua miss\u00e4\u00e4n. Asunnot olivat sis\u00e4lt\u00e4 melko nykyaikaisia ja kauniisti sisustettuja.<\/p>\n<p>Perhe oli eritt\u00e4in yst\u00e4v\u00e4llinen ja vieraanvarainen, ja ainakin min\u00e4 tunsin oloni tervetulleeksi v\u00e4litt\u00f6m\u00e4sti astuessani sis\u00e4\u00e4n ovesta. Perheen \u00e4iti tarjosi jatkuvasti jotakin sy\u00f6t\u00e4v\u00e4\u00e4 ja kyseli innokkaasti omasta el\u00e4m\u00e4st\u00e4ni ja perheest\u00e4ni Suomessa. Vaikka t\u00e4m\u00e4 kaikki oli heti kovin erilaista kuin mihin olin tottunut kotimaassani, en kuitenkaan tuntenut kertaakaan oloani yksin\u00e4iseksi tai ulkopuoliseksi vieraassa kulttuurissa.<\/p>\n<hr \/>\n<p>Kun matkatavarat oli purettu ja meid\u00e4t oli tutustutettu uuteen taloon, ven\u00e4l\u00e4iset nuoret\u00a0halusivat vied\u00e4\u00a0meid\u00e4t illaksi Jaroslavlin keskustaan katselemaan ymp\u00e4rillemme. Saimme tilaisuuden tutustua paremmin majoittajiimme ja samalla meille esiteltiin n\u00e4ht\u00e4vyyksi\u00e4. Vierailimme sin\u00e4 iltana mm. Volga-joella ja kuljimme usean kauniin kirkon ohi. N\u00e4imme my\u00f6s sodassa kaatuneiden muistoksi sytytetyn ikuisen tulen.\u00a0My\u00f6h\u00e4\u00e4n illalla saavuimme takaisin kotiin keskustasta, ja viimeist\u00e4\u00e4n siin\u00e4 vaiheessa painuimme kaikki nukkumaan.<\/p>\n<p><img loading=\"lazy\" decoding=\"async\" class=\"size-medium wp-image-58 aligncenter\" src=\"https:\/\/blogit.gradia.fi\/jaroslavl\/wp-content\/uploads\/sites\/66\/2016\/10\/20161013_194541-300x169.jpg\" alt=\"20161013_194541\" width=\"300\" height=\"169\" srcset=\"https:\/\/blogit.gradia.fi\/jaroslavl\/wp-content\/uploads\/sites\/66\/2016\/10\/20161013_194541-300x169.jpg 300w, https:\/\/blogit.gradia.fi\/jaroslavl\/wp-content\/uploads\/sites\/66\/2016\/10\/20161013_194541-768x432.jpg 768w, https:\/\/blogit.gradia.fi\/jaroslavl\/wp-content\/uploads\/sites\/66\/2016\/10\/20161013_194541-1024x576.jpg 1024w\" sizes=\"auto, (max-width: 300px) 100vw, 300px\" \/><\/p>\n<p>Jaroslavlin keskusta oli valaistu my\u00f6s iltamy\u00f6h\u00e4ll\u00e4<\/p>\n<hr \/>\n<p>Jo ensimm\u00e4inen matkap\u00e4iv\u00e4mme oli tapahtumant\u00e4yteinen ja varmasti kaikki tunsimme olomme tervetulleiksi, vaikka olimme nyt vieraassa maassa. Vain yhden p\u00e4iv\u00e4n aikana olimme saaneet jo ison maistiaisen uudesta kulttuurista, jota oppisimme pian tuntemaan lis\u00e4\u00e4. Kommunikaatio sujui niin nuorten kuin opettajienkin v\u00e4lill\u00e4 ja vaikka joidenkin kohdalla kielimuuri oli suurempi kuin toisten, selvisimme hyvin ja viesti meni aina lopulta perille. Keskusteluun tuli v\u00e4lill\u00e4 sekoitettua kielt\u00e4 jos kolmattakin &#8211; hauskoilta tilanteilta ei siis voitu v\u00e4ltty\u00e4. Ihmiset olivat todella yst\u00e4v\u00e4llisi\u00e4, ja saimme olla varmoja, ett\u00e4 meist\u00e4 tultaisiin pit\u00e4m\u00e4\u00e4n todella hyv\u00e4\u00e4 huolta.<\/p>\n<hr \/>\n<p>&#8211; Helj\u00e4 Hakkarainen<\/p>\n","protected":false},"excerpt":{"rendered":"<p>&nbsp; Torstaina 13.10. saavuimme aikaisin aamulla Moskovaan. Olimme matkustaneet koko edellisen y\u00f6n junassa, ja kaikki oli t\u00e4h\u00e4n saakka sujunut oikein hyvin. Kaikki tuntuivat olevan innoissaan meit\u00e4 odottavasta kokemuksesta. Emme kuitenkaan\u00a0ehtineet j\u00e4\u00e4d\u00e4 poseeraamaan Moskovan upeiden rakennuksien alla, sill\u00e4 asemalla meit\u00e4 vastassa oli koulun opettaja Tatiana, jonka seurassa l\u00e4hdimme meille varatulla kyydill\u00e4 kohti Jaroslavlia. P\u00e4\u00e4sty\u00e4mme perille Jaroslavliin [&hellip;]<\/p>\n","protected":false},"author":447,"featured_media":0,"comment_status":"open","ping_status":"open","sticky":false,"template":"","format":"standard","meta":{"_uag_custom_page_level_css":"","footnotes":""},"categories":[1],"tags":[],"class_list":["post-34","post","type-post","status-publish","format-standard","hentry","category-yleinen"],"yoast_head":"<!-- This site is optimized with the Yoast SEO plugin v27.5 - https:\/\/yoast.com\/product\/yoast-seo-wordpress\/ -->\n<title>Tervetuloa Jaroslavliin - Vieraanvaraisuutta vastavierailulla Jaroslavlissa Ven\u00e4j\u00e4ll\u00e4<\/title>\n<meta name=\"robots\" content=\"index, follow, max-snippet:-1, max-image-preview:large, max-video-preview:-1\" \/>\n<link rel=\"canonical\" href=\"https:\/\/blogit.gradia.fi\/jaroslavl\/2016\/10\/30\/tervetuloa-jaroslavliin\/\" \/>\n<meta property=\"og:locale\" content=\"fi_FI\" \/>\n<meta property=\"og:type\" content=\"article\" \/>\n<meta property=\"og:title\" content=\"Tervetuloa Jaroslavliin - Vieraanvaraisuutta vastavierailulla Jaroslavlissa Ven\u00e4j\u00e4ll\u00e4\" \/>\n<meta property=\"og:description\" content=\"&nbsp; Torstaina 13.10. saavuimme aikaisin aamulla Moskovaan. Olimme matkustaneet koko edellisen y\u00f6n junassa, ja kaikki oli t\u00e4h\u00e4n saakka sujunut oikein hyvin. Kaikki tuntuivat olevan innoissaan meit\u00e4 odottavasta kokemuksesta. Emme kuitenkaan\u00a0ehtineet j\u00e4\u00e4d\u00e4 poseeraamaan Moskovan upeiden rakennuksien alla, sill\u00e4 asemalla meit\u00e4 vastassa oli koulun opettaja Tatiana, jonka seurassa l\u00e4hdimme meille varatulla kyydill\u00e4 kohti Jaroslavlia. P\u00e4\u00e4sty\u00e4mme perille Jaroslavliin [&hellip;]\" \/>\n<meta property=\"og:url\" content=\"https:\/\/blogit.gradia.fi\/jaroslavl\/2016\/10\/30\/tervetuloa-jaroslavliin\/\" \/>\n<meta property=\"og:site_name\" content=\"Vieraanvaraisuutta vastavierailulla Jaroslavlissa Ven\u00e4j\u00e4ll\u00e4\" \/>\n<meta property=\"article:published_time\" content=\"2016-10-30T20:20:53+00:00\" \/>\n<meta property=\"article:modified_time\" content=\"2016-10-30T20:22:13+00:00\" \/>\n<meta property=\"og:image\" content=\"https:\/\/blogit.gradia.fi\/jaroslavl\/wp-content\/uploads\/sites\/66\/2016\/10\/20161013_092226-225x300.jpg\" \/>\n<meta name=\"author\" content=\"Helj\u00e4 Hakkarainen\" \/>\n<meta name=\"twitter:card\" content=\"summary_large_image\" \/>\n<meta name=\"twitter:label1\" content=\"Kirjoittanut\" \/>\n\t<meta name=\"twitter:data1\" content=\"Helj\u00e4 Hakkarainen\" \/>\n\t<meta name=\"twitter:label2\" content=\"Arvioitu lukuaika\" \/>\n\t<meta name=\"twitter:data2\" content=\"2 minuuttia\" \/>\n<script type=\"application\/ld+json\" class=\"yoast-schema-graph\">{\"@context\":\"https:\\\/\\\/schema.org\",\"@graph\":[{\"@type\":\"Article\",\"@id\":\"https:\\\/\\\/blogit.gradia.fi\\\/jaroslavl\\\/2016\\\/10\\\/30\\\/tervetuloa-jaroslavliin\\\/#article\",\"isPartOf\":{\"@id\":\"https:\\\/\\\/blogit.gradia.fi\\\/jaroslavl\\\/2016\\\/10\\\/30\\\/tervetuloa-jaroslavliin\\\/\"},\"author\":{\"name\":\"Helj\u00e4 Hakkarainen\",\"@id\":\"https:\\\/\\\/blogit.gradia.fi\\\/jaroslavl\\\/#\\\/schema\\\/person\\\/ab4be975b36d491d8ce62bb77461080e\"},\"headline\":\"Tervetuloa Jaroslavliin\",\"datePublished\":\"2016-10-30T20:20:53+00:00\",\"dateModified\":\"2016-10-30T20:22:13+00:00\",\"mainEntityOfPage\":{\"@id\":\"https:\\\/\\\/blogit.gradia.fi\\\/jaroslavl\\\/2016\\\/10\\\/30\\\/tervetuloa-jaroslavliin\\\/\"},\"wordCount\":444,\"commentCount\":0,\"image\":{\"@id\":\"https:\\\/\\\/blogit.gradia.fi\\\/jaroslavl\\\/2016\\\/10\\\/30\\\/tervetuloa-jaroslavliin\\\/#primaryimage\"},\"thumbnailUrl\":\"https:\\\/\\\/blogit.gradia.fi\\\/jaroslavl\\\/wp-content\\\/uploads\\\/sites\\\/66\\\/2016\\\/10\\\/20161013_092226-225x300.jpg\",\"inLanguage\":\"fi\",\"potentialAction\":[{\"@type\":\"CommentAction\",\"name\":\"Comment\",\"target\":[\"https:\\\/\\\/blogit.gradia.fi\\\/jaroslavl\\\/2016\\\/10\\\/30\\\/tervetuloa-jaroslavliin\\\/#respond\"]}]},{\"@type\":\"WebPage\",\"@id\":\"https:\\\/\\\/blogit.gradia.fi\\\/jaroslavl\\\/2016\\\/10\\\/30\\\/tervetuloa-jaroslavliin\\\/\",\"url\":\"https:\\\/\\\/blogit.gradia.fi\\\/jaroslavl\\\/2016\\\/10\\\/30\\\/tervetuloa-jaroslavliin\\\/\",\"name\":\"Tervetuloa Jaroslavliin - Vieraanvaraisuutta vastavierailulla Jaroslavlissa Ven\u00e4j\u00e4ll\u00e4\",\"isPartOf\":{\"@id\":\"https:\\\/\\\/blogit.gradia.fi\\\/jaroslavl\\\/#website\"},\"primaryImageOfPage\":{\"@id\":\"https:\\\/\\\/blogit.gradia.fi\\\/jaroslavl\\\/2016\\\/10\\\/30\\\/tervetuloa-jaroslavliin\\\/#primaryimage\"},\"image\":{\"@id\":\"https:\\\/\\\/blogit.gradia.fi\\\/jaroslavl\\\/2016\\\/10\\\/30\\\/tervetuloa-jaroslavliin\\\/#primaryimage\"},\"thumbnailUrl\":\"https:\\\/\\\/blogit.gradia.fi\\\/jaroslavl\\\/wp-content\\\/uploads\\\/sites\\\/66\\\/2016\\\/10\\\/20161013_092226-225x300.jpg\",\"datePublished\":\"2016-10-30T20:20:53+00:00\",\"dateModified\":\"2016-10-30T20:22:13+00:00\",\"author\":{\"@id\":\"https:\\\/\\\/blogit.gradia.fi\\\/jaroslavl\\\/#\\\/schema\\\/person\\\/ab4be975b36d491d8ce62bb77461080e\"},\"inLanguage\":\"fi\",\"potentialAction\":[{\"@type\":\"ReadAction\",\"target\":[\"https:\\\/\\\/blogit.gradia.fi\\\/jaroslavl\\\/2016\\\/10\\\/30\\\/tervetuloa-jaroslavliin\\\/\"]}]},{\"@type\":\"ImageObject\",\"inLanguage\":\"fi\",\"@id\":\"https:\\\/\\\/blogit.gradia.fi\\\/jaroslavl\\\/2016\\\/10\\\/30\\\/tervetuloa-jaroslavliin\\\/#primaryimage\",\"url\":\"https:\\\/\\\/blogit.gradia.fi\\\/jaroslavl\\\/wp-content\\\/uploads\\\/sites\\\/66\\\/2016\\\/10\\\/20161013_092226.jpg\",\"contentUrl\":\"https:\\\/\\\/blogit.gradia.fi\\\/jaroslavl\\\/wp-content\\\/uploads\\\/sites\\\/66\\\/2016\\\/10\\\/20161013_092226.jpg\",\"width\":3096,\"height\":4128},{\"@type\":\"WebSite\",\"@id\":\"https:\\\/\\\/blogit.gradia.fi\\\/jaroslavl\\\/#website\",\"url\":\"https:\\\/\\\/blogit.gradia.fi\\\/jaroslavl\\\/\",\"name\":\"Vieraanvaraisuutta vastavierailulla Jaroslavlissa Ven\u00e4j\u00e4ll\u00e4\",\"description\":\"Uusi ao-blogit -sivusto\",\"potentialAction\":[{\"@type\":\"SearchAction\",\"target\":{\"@type\":\"EntryPoint\",\"urlTemplate\":\"https:\\\/\\\/blogit.gradia.fi\\\/jaroslavl\\\/?s={search_term_string}\"},\"query-input\":{\"@type\":\"PropertyValueSpecification\",\"valueRequired\":true,\"valueName\":\"search_term_string\"}}],\"inLanguage\":\"fi\"},{\"@type\":\"Person\",\"@id\":\"https:\\\/\\\/blogit.gradia.fi\\\/jaroslavl\\\/#\\\/schema\\\/person\\\/ab4be975b36d491d8ce62bb77461080e\",\"name\":\"Helj\u00e4 Hakkarainen\",\"image\":{\"@type\":\"ImageObject\",\"inLanguage\":\"fi\",\"@id\":\"https:\\\/\\\/secure.gravatar.com\\\/avatar\\\/a7cbf2bdcdf1531db583a80a8e2f3911cab203a22508737e7427c723c23d2a90?s=96&d=mm&r=g\",\"url\":\"https:\\\/\\\/secure.gravatar.com\\\/avatar\\\/a7cbf2bdcdf1531db583a80a8e2f3911cab203a22508737e7427c723c23d2a90?s=96&d=mm&r=g\",\"contentUrl\":\"https:\\\/\\\/secure.gravatar.com\\\/avatar\\\/a7cbf2bdcdf1531db583a80a8e2f3911cab203a22508737e7427c723c23d2a90?s=96&d=mm&r=g\",\"caption\":\"Helj\u00e4 Hakkarainen\"},\"url\":\"https:\\\/\\\/blogit.gradia.fi\\\/jaroslavl\\\/author\\\/yo32790\\\/\"}]}<\/script>\n<!-- \/ Yoast SEO plugin. -->","yoast_head_json":{"title":"Tervetuloa Jaroslavliin - Vieraanvaraisuutta vastavierailulla Jaroslavlissa Ven\u00e4j\u00e4ll\u00e4","robots":{"index":"index","follow":"follow","max-snippet":"max-snippet:-1","max-image-preview":"max-image-preview:large","max-video-preview":"max-video-preview:-1"},"canonical":"https:\/\/blogit.gradia.fi\/jaroslavl\/2016\/10\/30\/tervetuloa-jaroslavliin\/","og_locale":"fi_FI","og_type":"article","og_title":"Tervetuloa Jaroslavliin - Vieraanvaraisuutta vastavierailulla Jaroslavlissa Ven\u00e4j\u00e4ll\u00e4","og_description":"&nbsp; Torstaina 13.10. saavuimme aikaisin aamulla Moskovaan. Olimme matkustaneet koko edellisen y\u00f6n junassa, ja kaikki oli t\u00e4h\u00e4n saakka sujunut oikein hyvin. Kaikki tuntuivat olevan innoissaan meit\u00e4 odottavasta kokemuksesta. Emme kuitenkaan\u00a0ehtineet j\u00e4\u00e4d\u00e4 poseeraamaan Moskovan upeiden rakennuksien alla, sill\u00e4 asemalla meit\u00e4 vastassa oli koulun opettaja Tatiana, jonka seurassa l\u00e4hdimme meille varatulla kyydill\u00e4 kohti Jaroslavlia. P\u00e4\u00e4sty\u00e4mme perille Jaroslavliin [&hellip;]","og_url":"https:\/\/blogit.gradia.fi\/jaroslavl\/2016\/10\/30\/tervetuloa-jaroslavliin\/","og_site_name":"Vieraanvaraisuutta vastavierailulla Jaroslavlissa Ven\u00e4j\u00e4ll\u00e4","article_published_time":"2016-10-30T20:20:53+00:00","article_modified_time":"2016-10-30T20:22:13+00:00","og_image":[{"url":"https:\/\/blogit.gradia.fi\/jaroslavl\/wp-content\/uploads\/sites\/66\/2016\/10\/20161013_092226-225x300.jpg","type":"","width":"","height":""}],"author":"Helj\u00e4 Hakkarainen","twitter_card":"summary_large_image","twitter_misc":{"Kirjoittanut":"Helj\u00e4 Hakkarainen","Arvioitu lukuaika":"2 minuuttia"},"schema":{"@context":"https:\/\/schema.org","@graph":[{"@type":"Article","@id":"https:\/\/blogit.gradia.fi\/jaroslavl\/2016\/10\/30\/tervetuloa-jaroslavliin\/#article","isPartOf":{"@id":"https:\/\/blogit.gradia.fi\/jaroslavl\/2016\/10\/30\/tervetuloa-jaroslavliin\/"},"author":{"name":"Helj\u00e4 Hakkarainen","@id":"https:\/\/blogit.gradia.fi\/jaroslavl\/#\/schema\/person\/ab4be975b36d491d8ce62bb77461080e"},"headline":"Tervetuloa Jaroslavliin","datePublished":"2016-10-30T20:20:53+00:00","dateModified":"2016-10-30T20:22:13+00:00","mainEntityOfPage":{"@id":"https:\/\/blogit.gradia.fi\/jaroslavl\/2016\/10\/30\/tervetuloa-jaroslavliin\/"},"wordCount":444,"commentCount":0,"image":{"@id":"https:\/\/blogit.gradia.fi\/jaroslavl\/2016\/10\/30\/tervetuloa-jaroslavliin\/#primaryimage"},"thumbnailUrl":"https:\/\/blogit.gradia.fi\/jaroslavl\/wp-content\/uploads\/sites\/66\/2016\/10\/20161013_092226-225x300.jpg","inLanguage":"fi","potentialAction":[{"@type":"CommentAction","name":"Comment","target":["https:\/\/blogit.gradia.fi\/jaroslavl\/2016\/10\/30\/tervetuloa-jaroslavliin\/#respond"]}]},{"@type":"WebPage","@id":"https:\/\/blogit.gradia.fi\/jaroslavl\/2016\/10\/30\/tervetuloa-jaroslavliin\/","url":"https:\/\/blogit.gradia.fi\/jaroslavl\/2016\/10\/30\/tervetuloa-jaroslavliin\/","name":"Tervetuloa Jaroslavliin - Vieraanvaraisuutta vastavierailulla Jaroslavlissa Ven\u00e4j\u00e4ll\u00e4","isPartOf":{"@id":"https:\/\/blogit.gradia.fi\/jaroslavl\/#website"},"primaryImageOfPage":{"@id":"https:\/\/blogit.gradia.fi\/jaroslavl\/2016\/10\/30\/tervetuloa-jaroslavliin\/#primaryimage"},"image":{"@id":"https:\/\/blogit.gradia.fi\/jaroslavl\/2016\/10\/30\/tervetuloa-jaroslavliin\/#primaryimage"},"thumbnailUrl":"https:\/\/blogit.gradia.fi\/jaroslavl\/wp-content\/uploads\/sites\/66\/2016\/10\/20161013_092226-225x300.jpg","datePublished":"2016-10-30T20:20:53+00:00","dateModified":"2016-10-30T20:22:13+00:00","author":{"@id":"https:\/\/blogit.gradia.fi\/jaroslavl\/#\/schema\/person\/ab4be975b36d491d8ce62bb77461080e"},"inLanguage":"fi","potentialAction":[{"@type":"ReadAction","target":["https:\/\/blogit.gradia.fi\/jaroslavl\/2016\/10\/30\/tervetuloa-jaroslavliin\/"]}]},{"@type":"ImageObject","inLanguage":"fi","@id":"https:\/\/blogit.gradia.fi\/jaroslavl\/2016\/10\/30\/tervetuloa-jaroslavliin\/#primaryimage","url":"https:\/\/blogit.gradia.fi\/jaroslavl\/wp-content\/uploads\/sites\/66\/2016\/10\/20161013_092226.jpg","contentUrl":"https:\/\/blogit.gradia.fi\/jaroslavl\/wp-content\/uploads\/sites\/66\/2016\/10\/20161013_092226.jpg","width":3096,"height":4128},{"@type":"WebSite","@id":"https:\/\/blogit.gradia.fi\/jaroslavl\/#website","url":"https:\/\/blogit.gradia.fi\/jaroslavl\/","name":"Vieraanvaraisuutta vastavierailulla Jaroslavlissa Ven\u00e4j\u00e4ll\u00e4","description":"Uusi ao-blogit -sivusto","potentialAction":[{"@type":"SearchAction","target":{"@type":"EntryPoint","urlTemplate":"https:\/\/blogit.gradia.fi\/jaroslavl\/?s={search_term_string}"},"query-input":{"@type":"PropertyValueSpecification","valueRequired":true,"valueName":"search_term_string"}}],"inLanguage":"fi"},{"@type":"Person","@id":"https:\/\/blogit.gradia.fi\/jaroslavl\/#\/schema\/person\/ab4be975b36d491d8ce62bb77461080e","name":"Helj\u00e4 Hakkarainen","image":{"@type":"ImageObject","inLanguage":"fi","@id":"https:\/\/secure.gravatar.com\/avatar\/a7cbf2bdcdf1531db583a80a8e2f3911cab203a22508737e7427c723c23d2a90?s=96&d=mm&r=g","url":"https:\/\/secure.gravatar.com\/avatar\/a7cbf2bdcdf1531db583a80a8e2f3911cab203a22508737e7427c723c23d2a90?s=96&d=mm&r=g","contentUrl":"https:\/\/secure.gravatar.com\/avatar\/a7cbf2bdcdf1531db583a80a8e2f3911cab203a22508737e7427c723c23d2a90?s=96&d=mm&r=g","caption":"Helj\u00e4 Hakkarainen"},"url":"https:\/\/blogit.gradia.fi\/jaroslavl\/author\/yo32790\/"}]}},"uagb_featured_image_src":{"full":false,"thumbnail":false,"medium":false,"medium_large":false,"large":false,"1536x1536":false,"2048x2048":false,"post-thumbnail":false},"uagb_author_info":{"display_name":"Helj\u00e4 Hakkarainen","author_link":"https:\/\/blogit.gradia.fi\/jaroslavl\/author\/yo32790\/"},"uagb_comment_info":0,"uagb_excerpt":"&nbsp; Torstaina 13.10. saavuimme aikaisin aamulla Moskovaan. Olimme matkustaneet koko edellisen y\u00f6n junassa, ja kaikki oli t\u00e4h\u00e4n saakka sujunut oikein hyvin. Kaikki tuntuivat olevan innoissaan meit\u00e4 odottavasta kokemuksesta. Emme kuitenkaan\u00a0ehtineet j\u00e4\u00e4d\u00e4 poseeraamaan Moskovan upeiden rakennuksien alla, sill\u00e4 asemalla meit\u00e4 vastassa oli koulun opettaja Tatiana, jonka seurassa l\u00e4hdimme meille varatulla kyydill\u00e4 kohti Jaroslavlia. P\u00e4\u00e4sty\u00e4mme perille Jaroslavliin&hellip;","_links":{"self":[{"href":"https:\/\/blogit.gradia.fi\/jaroslavl\/wp-json\/wp\/v2\/posts\/34","targetHints":{"allow":["GET"]}}],"collection":[{"href":"https:\/\/blogit.gradia.fi\/jaroslavl\/wp-json\/wp\/v2\/posts"}],"about":[{"href":"https:\/\/blogit.gradia.fi\/jaroslavl\/wp-json\/wp\/v2\/types\/post"}],"author":[{"embeddable":true,"href":"https:\/\/blogit.gradia.fi\/jaroslavl\/wp-json\/wp\/v2\/users\/447"}],"replies":[{"embeddable":true,"href":"https:\/\/blogit.gradia.fi\/jaroslavl\/wp-json\/wp\/v2\/comments?post=34"}],"version-history":[{"count":0,"href":"https:\/\/blogit.gradia.fi\/jaroslavl\/wp-json\/wp\/v2\/posts\/34\/revisions"}],"wp:attachment":[{"href":"https:\/\/blogit.gradia.fi\/jaroslavl\/wp-json\/wp\/v2\/media?parent=34"}],"wp:term":[{"taxonomy":"category","embeddable":true,"href":"https:\/\/blogit.gradia.fi\/jaroslavl\/wp-json\/wp\/v2\/categories?post=34"},{"taxonomy":"post_tag","embeddable":true,"href":"https:\/\/blogit.gradia.fi\/jaroslavl\/wp-json\/wp\/v2\/tags?post=34"}],"curies":[{"name":"wp","href":"https:\/\/api.w.org\/{rel}","templated":true}]}}