{"id":33,"date":"2016-10-30T16:39:32","date_gmt":"2016-10-30T14:39:32","guid":{"rendered":"https:\/\/blogit.gradia.fi\/jaroslavl\/?p=33"},"modified":"2016-10-30T16:45:02","modified_gmt":"2016-10-30T14:45:02","slug":"lahdon-paikkeilla","status":"publish","type":"post","link":"https:\/\/blogit.gradia.fi\/jaroslavl\/2016\/10\/30\/lahdon-paikkeilla\/","title":{"rendered":"L\u00e4hd\u00f6n paikkeilla"},"content":{"rendered":"<p style=\"text-align: center\">17.10.2016<\/p>\n<p style=\"text-align: center\">Nelj\u00e4 p\u00e4iv\u00e4\u00e4 Jaroslavlissa takana, nelj\u00e4 p\u00e4iv\u00e4\u00e4 t\u00e4ynn\u00e4 muistoja ja viides p\u00e4iv\u00e4 t\u00e4ynn\u00e4 pient\u00e4 kaipuuta ja surua. Viidenten\u00e4 p\u00e4iv\u00e4n\u00e4 koitti siis l\u00e4ht\u00f6 takaisin Suomeen ja maanantai on p\u00e4iv\u00e4, josta min\u00e4 kirjoitan.<\/p>\n<p style=\"text-align: center\"><img loading=\"lazy\" decoding=\"async\" class=\"size-medium wp-image-40 alignright\" src=\"https:\/\/blogit.gradia.fi\/jaroslavl\/wp-content\/uploads\/sites\/66\/2016\/10\/IMG_20161017_132355-225x300.jpg\" alt=\"img_20161017_132355\" width=\"225\" height=\"300\" srcset=\"https:\/\/blogit.gradia.fi\/jaroslavl\/wp-content\/uploads\/sites\/66\/2016\/10\/IMG_20161017_132355-225x300.jpg 225w, https:\/\/blogit.gradia.fi\/jaroslavl\/wp-content\/uploads\/sites\/66\/2016\/10\/IMG_20161017_132355-768x1024.jpg 768w\" sizes=\"auto, (max-width: 225px) 100vw, 225px\" \/><\/p>\n<p style=\"text-align: center\">Aamuher\u00e4tyksemme Anastasian kanssa soi noin kello puoli seits\u00e4m\u00e4n aikaan aamulla. Her\u00e4\u00e4minen oli hankalaa, sill\u00e4 olimme kummatkin menneet nukkumaan my\u00f6h\u00e4\u00e4n edellisin\u00e4 iltoina. Aamu sujui vikkel\u00e4sti ja olimme koululla jo ennen kahdeksaa.<\/p>\n<p style=\"text-align: center\">Matkalaukkuni tuntui kevyelt\u00e4, vaikka se sis\u00e4lsi enemm\u00e4n tavaraa kuin tullessani. Is\u00e4nt\u00e4perheeni oli antanut minulle mukaani rutkasti suklaata, pyjaman, keitti\u00f6pyyhkeit\u00e4 \u00e4idilleni ja vaikka mit\u00e4 muuta kivaa. T\u00e4m\u00e4 kaikki her\u00e4tti minussa kiitollisuutta ja oikeastaan my\u00f6s ik\u00e4v\u00e4\u00e4 joissain m\u00e4\u00e4rin. Olihan se kuitenkin merkki l\u00e4hd\u00f6st\u00e4.<\/p>\n<p><img loading=\"lazy\" decoding=\"async\" class=\"wp-image-36 alignright\" src=\"https:\/\/blogit.gradia.fi\/jaroslavl\/wp-content\/uploads\/sites\/66\/2016\/10\/IMG_20161017_164445-225x300.jpg\" alt=\"img_20161017_164445\" width=\"209\" height=\"278\" srcset=\"https:\/\/blogit.gradia.fi\/jaroslavl\/wp-content\/uploads\/sites\/66\/2016\/10\/IMG_20161017_164445-225x300.jpg 225w, https:\/\/blogit.gradia.fi\/jaroslavl\/wp-content\/uploads\/sites\/66\/2016\/10\/IMG_20161017_164445-768x1024.jpg 768w\" sizes=\"auto, (max-width: 209px) 100vw, 209px\" \/><\/p>\n<p>Aamup\u00e4iv\u00e4mme alkoi vierailulla kahdella erilaisella oppitunnilla. Ensimm\u00e4inen oppitunti, miss\u00e4 vierailimme oli saksan tunti. Saksan tunnilla oppilaat olivat kahdeksan vuotiaita ja he olivat uskomattoman hyvi\u00e4 puhumaan saksaa. Ottaen huomioon aakkosten erilaisuuden ja \u00e4\u00e4nteet. Tunnin j\u00e4lkeen pyysin opettajaa Tanjaa jakamaan tuomani Pandan makeispussin lapsille. He kiittiv\u00e4t minua yll\u00e4tyksellisesti suomeksi sanomalla &#8221;Kiitos&#8221;. Toinen oppituntimme oli seits\u00e4m\u00e4n luokkalaisten fysiikan tunti. Se meni nopeasti fysiikan laskuja ratkoen. Oppilaat olivat ahkeria ja tunnit l\u00e4hes samanlaisia kuin Suomessa.<\/p>\n<p><img loading=\"lazy\" decoding=\"async\" class=\"aligncenter size-medium wp-image-43\" src=\"https:\/\/blogit.gradia.fi\/jaroslavl\/wp-content\/uploads\/sites\/66\/2016\/10\/IMG_20161017_100315-300x225.jpg\" alt=\"img_20161017_100315\" width=\"300\" height=\"225\" srcset=\"https:\/\/blogit.gradia.fi\/jaroslavl\/wp-content\/uploads\/sites\/66\/2016\/10\/IMG_20161017_100315-300x225.jpg 300w, https:\/\/blogit.gradia.fi\/jaroslavl\/wp-content\/uploads\/sites\/66\/2016\/10\/IMG_20161017_100315-768x576.jpg 768w, https:\/\/blogit.gradia.fi\/jaroslavl\/wp-content\/uploads\/sites\/66\/2016\/10\/IMG_20161017_100315-1024x768.jpg 1024w\" sizes=\"auto, (max-width: 300px) 100vw, 300px\" \/><\/p>\n<p>Oppituntien j\u00e4lkeen suuntasimme koulun l\u00e4hettyvill\u00e4 sijaitsevaan yliopistoon. Kyseisest\u00e4 yliopistosta valmistuu opettajia. Yliopistolla istuimme aluksi kokoushuoneessa, jos oikein p\u00e4\u00e4ttelin. Huone oli yll\u00e4tt\u00e4v\u00e4n moderni ulkon\u00e4\u00f6lt\u00e4\u00e4n. Joimme kupit teet\u00e4 ja kuuntelimme rehtoria.<\/p>\n<p><img loading=\"lazy\" decoding=\"async\" class=\"size-medium wp-image-39 alignright\" src=\"https:\/\/blogit.gradia.fi\/jaroslavl\/wp-content\/uploads\/sites\/66\/2016\/10\/IMG_20161017_101532-300x225.jpg\" alt=\"img_20161017_101532\" width=\"300\" height=\"225\" srcset=\"https:\/\/blogit.gradia.fi\/jaroslavl\/wp-content\/uploads\/sites\/66\/2016\/10\/IMG_20161017_101532-300x225.jpg 300w, https:\/\/blogit.gradia.fi\/jaroslavl\/wp-content\/uploads\/sites\/66\/2016\/10\/IMG_20161017_101532-768x576.jpg 768w, https:\/\/blogit.gradia.fi\/jaroslavl\/wp-content\/uploads\/sites\/66\/2016\/10\/IMG_20161017_101532-1024x768.jpg 1024w\" sizes=\"auto, (max-width: 300px) 100vw, 300px\" \/><\/p>\n<p>Kokoushuoneen j\u00e4lkeen ryhm\u00e4mme jakautui kahteen osaan, ja siirryimme omille pisteillemme. Meid\u00e4n ryhm\u00e4mme aloitti harjoittelemalla robottiohjelmaa, jonka tarkoitus oli liitty\u00e4 jonkinlaiseen kehitykseen\/kehitt\u00e4miseen. Rakensimme aluksi pienist\u00e4 lego-palikoista robotit ja ohjailimme niit\u00e4 sen j\u00e4lkeen tietokoneelta. T\u00e4m\u00e4n j\u00e4lkeen vaihdoimme paikkaa toisen ryhm\u00e4n kanssa ja siirryimme pienoisplanetaarioon. Planetaario oli iso py\u00f6re\u00e4 teltta, jonka sis\u00e4ll\u00e4 oli patjoja, dataprojektori ja tietokone, joka n\u00e4ytti meille muutaman videon mm. dinosauruksista ja avaruudesta. Jos olet joskus k\u00e4ynyt t\u00e4htiplanetaariossa, voit ehk\u00e4 kuvitella tilanteen.<\/p>\n<p><img loading=\"lazy\" decoding=\"async\" class=\"size-medium wp-image-42 alignright\" src=\"https:\/\/blogit.gradia.fi\/jaroslavl\/wp-content\/uploads\/sites\/66\/2016\/10\/IMG_20161017_111701-225x300.jpg\" alt=\"img_20161017_111701\" width=\"225\" height=\"300\" srcset=\"https:\/\/blogit.gradia.fi\/jaroslavl\/wp-content\/uploads\/sites\/66\/2016\/10\/IMG_20161017_111701-225x300.jpg 225w, https:\/\/blogit.gradia.fi\/jaroslavl\/wp-content\/uploads\/sites\/66\/2016\/10\/IMG_20161017_111701-768x1024.jpg 768w\" sizes=\"auto, (max-width: 225px) 100vw, 225px\" \/><\/p>\n<p>K\u00e4yty\u00e4mme kahdella pisteell\u00e4 siirryimme katsomaan koulun opiskelijoiden esitt\u00e4mi\u00e4 tanssi- ja lauluesityksi\u00e4 juhlasaliin. Oppilaat tanssivat ja lauloivat mielest\u00e4ni upeasti! Esitysten j\u00e4lkeen esiintyj\u00e4t, yliopiston rehtori ja me esitimme toisillemme kysymyksi\u00e4. Tilanne oli rento ja mukava.<\/p>\n<p>L\u00e4hdetty\u00e4mme yliopistolta palasimme takaisin koululle numero 13 ja menimme sy\u00f6m\u00e4\u00e4n. Meille oli valmistettu alkuruoaksi perinteist\u00e4 punajuurikeittoa, borssia. P\u00e4\u00e4ruokana s\u00f6imme pastaa kanapihvill\u00e4 ja j\u00e4lkiruokana pullaa. Aterioiden p\u00e4\u00e4tteeksi joimme aina teet\u00e4 tai kahvia.<\/p>\n<p><img loading=\"lazy\" decoding=\"async\" class=\"size-medium wp-image-41 alignright\" src=\"https:\/\/blogit.gradia.fi\/jaroslavl\/wp-content\/uploads\/sites\/66\/2016\/10\/IMG_20161017_120313-225x300.jpg\" alt=\"img_20161017_120313\" width=\"225\" height=\"300\" srcset=\"https:\/\/blogit.gradia.fi\/jaroslavl\/wp-content\/uploads\/sites\/66\/2016\/10\/IMG_20161017_120313-225x300.jpg 225w, https:\/\/blogit.gradia.fi\/jaroslavl\/wp-content\/uploads\/sites\/66\/2016\/10\/IMG_20161017_120313-768x1024.jpg 768w\" sizes=\"auto, (max-width: 225px) 100vw, 225px\" \/><\/p>\n<p>Ruokailun j\u00e4lkeen koulun rehtori jakoi meille pienet lahjat. Meid\u00e4n nuorten lahjakassi sis\u00e4lsi pienen suklaalevyn ja pahat henget h\u00e4\u00e4t\u00e4v\u00e4n kellon. Pussista l\u00f6ytyi my\u00f6s kuvia Jaroslavlista. T\u00e4m\u00e4n j\u00e4lkeen siirryimme viem\u00e4\u00e4n matkalaukkujamme pieneen linja-autoon, jolla matkustaisimme Jaroslavlista Moskovaan.\u00a0 Hyv\u00e4stelyt yst\u00e4viemme kanssa oli kiitollisuuden ja haikeuden peitt\u00e4m\u00e4\u00e4. Mielest\u00e4ni olisimme voineet olla viel\u00e4 muutaman p\u00e4iv\u00e4n pidemp\u00e4\u00e4n, vaikka kyll\u00e4 se koti-ik\u00e4v\u00e4kin painoi ja tieto Suomeen palaamisesta tuntui hyv\u00e4lt\u00e4. Onhan kotiin palaaminen kuitenkin aina ihanaa, varsinkin kun tiet\u00e4\u00e4 loman alkaneen.<\/p>\n<p><img loading=\"lazy\" decoding=\"async\" class=\"size-medium wp-image-35 aligncenter\" src=\"https:\/\/blogit.gradia.fi\/jaroslavl\/wp-content\/uploads\/sites\/66\/2016\/10\/IMG_20161017_132414-225x300.jpg\" alt=\"img_20161017_132414\" width=\"225\" height=\"300\" srcset=\"https:\/\/blogit.gradia.fi\/jaroslavl\/wp-content\/uploads\/sites\/66\/2016\/10\/IMG_20161017_132414-225x300.jpg 225w, https:\/\/blogit.gradia.fi\/jaroslavl\/wp-content\/uploads\/sites\/66\/2016\/10\/IMG_20161017_132414-768x1024.jpg 768w\" sizes=\"auto, (max-width: 225px) 100vw, 225px\" \/><\/p>\n<p>Bussimatka Moskovaan sujui nopeasti. Moskovassa meill\u00e4 oli aikaa noin puolitoista tuntia shoppailuun tai kiertelyyn, mit\u00e4 nyt itse ikin\u00e4 halusikaan tehd\u00e4. Me nuoret suuntasimme l\u00e4heiseen ostoskeskukseen, miss\u00e4 k\u00e4vimme muutamassa kaupassa ja joimme kahvit ja teet, jotka opettajamme Yrj\u00f6 tarjosi meille. Aika meni nopeasti ja olimme istumassa y\u00f6junassa jo ilta kahdeksan maissa.<\/p>\n<p><img loading=\"lazy\" decoding=\"async\" class=\"aligncenter size-medium wp-image-38\" src=\"https:\/\/blogit.gradia.fi\/jaroslavl\/wp-content\/uploads\/sites\/66\/2016\/10\/IMG_20161017_184237-300x225.jpg\" alt=\"img_20161017_184237\" width=\"300\" height=\"225\" srcset=\"https:\/\/blogit.gradia.fi\/jaroslavl\/wp-content\/uploads\/sites\/66\/2016\/10\/IMG_20161017_184237-300x225.jpg 300w, https:\/\/blogit.gradia.fi\/jaroslavl\/wp-content\/uploads\/sites\/66\/2016\/10\/IMG_20161017_184237-768x576.jpg 768w, https:\/\/blogit.gradia.fi\/jaroslavl\/wp-content\/uploads\/sites\/66\/2016\/10\/IMG_20161017_184237-1024x768.jpg 1024w\" sizes=\"auto, (max-width: 300px) 100vw, 300px\" \/><\/p>\n<p style=\"text-align: center\">-Matkasta kiitt\u00e4en ja kumartaen Julia Pohto-<\/p>\n<p>&nbsp;<\/p>\n<p>&nbsp;<\/p>\n","protected":false},"excerpt":{"rendered":"<p>17.10.2016 Nelj\u00e4 p\u00e4iv\u00e4\u00e4 Jaroslavlissa takana, nelj\u00e4 p\u00e4iv\u00e4\u00e4 t\u00e4ynn\u00e4 muistoja ja viides p\u00e4iv\u00e4 t\u00e4ynn\u00e4 pient\u00e4 kaipuuta ja surua. Viidenten\u00e4 p\u00e4iv\u00e4n\u00e4 koitti siis l\u00e4ht\u00f6 takaisin Suomeen ja maanantai on p\u00e4iv\u00e4, josta min\u00e4 kirjoitan. Aamuher\u00e4tyksemme Anastasian kanssa soi noin kello puoli seits\u00e4m\u00e4n aikaan aamulla. Her\u00e4\u00e4minen oli hankalaa, sill\u00e4 olimme kummatkin menneet nukkumaan my\u00f6h\u00e4\u00e4n edellisin\u00e4 iltoina. Aamu sujui vikkel\u00e4sti [&hellip;]<\/p>\n","protected":false},"author":445,"featured_media":0,"comment_status":"open","ping_status":"open","sticky":false,"template":"","format":"standard","meta":{"_uag_custom_page_level_css":"","footnotes":""},"categories":[1],"tags":[],"class_list":["post-33","post","type-post","status-publish","format-standard","hentry","category-yleinen"],"yoast_head":"<!-- This site is optimized with the Yoast SEO plugin v27.5 - https:\/\/yoast.com\/product\/yoast-seo-wordpress\/ -->\n<title>L\u00e4hd\u00f6n paikkeilla - Vieraanvaraisuutta vastavierailulla Jaroslavlissa Ven\u00e4j\u00e4ll\u00e4<\/title>\n<meta name=\"robots\" content=\"index, follow, max-snippet:-1, max-image-preview:large, max-video-preview:-1\" \/>\n<link rel=\"canonical\" href=\"https:\/\/blogit.gradia.fi\/jaroslavl\/2016\/10\/30\/lahdon-paikkeilla\/\" \/>\n<meta property=\"og:locale\" content=\"fi_FI\" \/>\n<meta property=\"og:type\" content=\"article\" \/>\n<meta property=\"og:title\" content=\"L\u00e4hd\u00f6n paikkeilla - Vieraanvaraisuutta vastavierailulla Jaroslavlissa Ven\u00e4j\u00e4ll\u00e4\" \/>\n<meta property=\"og:description\" content=\"17.10.2016 Nelj\u00e4 p\u00e4iv\u00e4\u00e4 Jaroslavlissa takana, nelj\u00e4 p\u00e4iv\u00e4\u00e4 t\u00e4ynn\u00e4 muistoja ja viides p\u00e4iv\u00e4 t\u00e4ynn\u00e4 pient\u00e4 kaipuuta ja surua. Viidenten\u00e4 p\u00e4iv\u00e4n\u00e4 koitti siis l\u00e4ht\u00f6 takaisin Suomeen ja maanantai on p\u00e4iv\u00e4, josta min\u00e4 kirjoitan. Aamuher\u00e4tyksemme Anastasian kanssa soi noin kello puoli seits\u00e4m\u00e4n aikaan aamulla. Her\u00e4\u00e4minen oli hankalaa, sill\u00e4 olimme kummatkin menneet nukkumaan my\u00f6h\u00e4\u00e4n edellisin\u00e4 iltoina. Aamu sujui vikkel\u00e4sti [&hellip;]\" \/>\n<meta property=\"og:url\" content=\"https:\/\/blogit.gradia.fi\/jaroslavl\/2016\/10\/30\/lahdon-paikkeilla\/\" \/>\n<meta property=\"og:site_name\" content=\"Vieraanvaraisuutta vastavierailulla Jaroslavlissa Ven\u00e4j\u00e4ll\u00e4\" \/>\n<meta property=\"article:published_time\" content=\"2016-10-30T14:39:32+00:00\" \/>\n<meta property=\"article:modified_time\" content=\"2016-10-30T14:45:02+00:00\" \/>\n<meta property=\"og:image\" content=\"https:\/\/blogit.gradia.fi\/jaroslavl\/wp-content\/uploads\/sites\/66\/2016\/10\/IMG_20161017_132355-225x300.jpg\" \/>\n<meta name=\"author\" content=\"Julia Pohto\" \/>\n<meta name=\"twitter:card\" content=\"summary_large_image\" \/>\n<meta name=\"twitter:label1\" content=\"Kirjoittanut\" \/>\n\t<meta name=\"twitter:data1\" content=\"Julia Pohto\" \/>\n\t<meta name=\"twitter:label2\" content=\"Arvioitu lukuaika\" \/>\n\t<meta name=\"twitter:data2\" content=\"3 minuuttia\" \/>\n<script type=\"application\/ld+json\" class=\"yoast-schema-graph\">{\"@context\":\"https:\\\/\\\/schema.org\",\"@graph\":[{\"@type\":\"Article\",\"@id\":\"https:\\\/\\\/blogit.gradia.fi\\\/jaroslavl\\\/2016\\\/10\\\/30\\\/lahdon-paikkeilla\\\/#article\",\"isPartOf\":{\"@id\":\"https:\\\/\\\/blogit.gradia.fi\\\/jaroslavl\\\/2016\\\/10\\\/30\\\/lahdon-paikkeilla\\\/\"},\"author\":{\"name\":\"Julia Pohto\",\"@id\":\"https:\\\/\\\/blogit.gradia.fi\\\/jaroslavl\\\/#\\\/schema\\\/person\\\/b116c8fc264550572e08b2b679400645\"},\"headline\":\"L\u00e4hd\u00f6n paikkeilla\",\"datePublished\":\"2016-10-30T14:39:32+00:00\",\"dateModified\":\"2016-10-30T14:45:02+00:00\",\"mainEntityOfPage\":{\"@id\":\"https:\\\/\\\/blogit.gradia.fi\\\/jaroslavl\\\/2016\\\/10\\\/30\\\/lahdon-paikkeilla\\\/\"},\"wordCount\":572,\"commentCount\":0,\"image\":{\"@id\":\"https:\\\/\\\/blogit.gradia.fi\\\/jaroslavl\\\/2016\\\/10\\\/30\\\/lahdon-paikkeilla\\\/#primaryimage\"},\"thumbnailUrl\":\"https:\\\/\\\/blogit.gradia.fi\\\/jaroslavl\\\/wp-content\\\/uploads\\\/sites\\\/66\\\/2016\\\/10\\\/IMG_20161017_132355-225x300.jpg\",\"inLanguage\":\"fi\",\"potentialAction\":[{\"@type\":\"CommentAction\",\"name\":\"Comment\",\"target\":[\"https:\\\/\\\/blogit.gradia.fi\\\/jaroslavl\\\/2016\\\/10\\\/30\\\/lahdon-paikkeilla\\\/#respond\"]}]},{\"@type\":\"WebPage\",\"@id\":\"https:\\\/\\\/blogit.gradia.fi\\\/jaroslavl\\\/2016\\\/10\\\/30\\\/lahdon-paikkeilla\\\/\",\"url\":\"https:\\\/\\\/blogit.gradia.fi\\\/jaroslavl\\\/2016\\\/10\\\/30\\\/lahdon-paikkeilla\\\/\",\"name\":\"L\u00e4hd\u00f6n paikkeilla - Vieraanvaraisuutta vastavierailulla Jaroslavlissa Ven\u00e4j\u00e4ll\u00e4\",\"isPartOf\":{\"@id\":\"https:\\\/\\\/blogit.gradia.fi\\\/jaroslavl\\\/#website\"},\"primaryImageOfPage\":{\"@id\":\"https:\\\/\\\/blogit.gradia.fi\\\/jaroslavl\\\/2016\\\/10\\\/30\\\/lahdon-paikkeilla\\\/#primaryimage\"},\"image\":{\"@id\":\"https:\\\/\\\/blogit.gradia.fi\\\/jaroslavl\\\/2016\\\/10\\\/30\\\/lahdon-paikkeilla\\\/#primaryimage\"},\"thumbnailUrl\":\"https:\\\/\\\/blogit.gradia.fi\\\/jaroslavl\\\/wp-content\\\/uploads\\\/sites\\\/66\\\/2016\\\/10\\\/IMG_20161017_132355-225x300.jpg\",\"datePublished\":\"2016-10-30T14:39:32+00:00\",\"dateModified\":\"2016-10-30T14:45:02+00:00\",\"author\":{\"@id\":\"https:\\\/\\\/blogit.gradia.fi\\\/jaroslavl\\\/#\\\/schema\\\/person\\\/b116c8fc264550572e08b2b679400645\"},\"inLanguage\":\"fi\",\"potentialAction\":[{\"@type\":\"ReadAction\",\"target\":[\"https:\\\/\\\/blogit.gradia.fi\\\/jaroslavl\\\/2016\\\/10\\\/30\\\/lahdon-paikkeilla\\\/\"]}]},{\"@type\":\"ImageObject\",\"inLanguage\":\"fi\",\"@id\":\"https:\\\/\\\/blogit.gradia.fi\\\/jaroslavl\\\/2016\\\/10\\\/30\\\/lahdon-paikkeilla\\\/#primaryimage\",\"url\":\"https:\\\/\\\/blogit.gradia.fi\\\/jaroslavl\\\/wp-content\\\/uploads\\\/sites\\\/66\\\/2016\\\/10\\\/IMG_20161017_132355.jpg\",\"contentUrl\":\"https:\\\/\\\/blogit.gradia.fi\\\/jaroslavl\\\/wp-content\\\/uploads\\\/sites\\\/66\\\/2016\\\/10\\\/IMG_20161017_132355.jpg\",\"width\":3120,\"height\":4160},{\"@type\":\"WebSite\",\"@id\":\"https:\\\/\\\/blogit.gradia.fi\\\/jaroslavl\\\/#website\",\"url\":\"https:\\\/\\\/blogit.gradia.fi\\\/jaroslavl\\\/\",\"name\":\"Vieraanvaraisuutta vastavierailulla Jaroslavlissa Ven\u00e4j\u00e4ll\u00e4\",\"description\":\"Uusi ao-blogit -sivusto\",\"potentialAction\":[{\"@type\":\"SearchAction\",\"target\":{\"@type\":\"EntryPoint\",\"urlTemplate\":\"https:\\\/\\\/blogit.gradia.fi\\\/jaroslavl\\\/?s={search_term_string}\"},\"query-input\":{\"@type\":\"PropertyValueSpecification\",\"valueRequired\":true,\"valueName\":\"search_term_string\"}}],\"inLanguage\":\"fi\"},{\"@type\":\"Person\",\"@id\":\"https:\\\/\\\/blogit.gradia.fi\\\/jaroslavl\\\/#\\\/schema\\\/person\\\/b116c8fc264550572e08b2b679400645\",\"name\":\"Julia Pohto\",\"image\":{\"@type\":\"ImageObject\",\"inLanguage\":\"fi\",\"@id\":\"https:\\\/\\\/secure.gravatar.com\\\/avatar\\\/54f0d5d9f5566eed3600cf360a9fc9dd0079d16c6cc767ae0aee0cc9f2945863?s=96&d=mm&r=g\",\"url\":\"https:\\\/\\\/secure.gravatar.com\\\/avatar\\\/54f0d5d9f5566eed3600cf360a9fc9dd0079d16c6cc767ae0aee0cc9f2945863?s=96&d=mm&r=g\",\"contentUrl\":\"https:\\\/\\\/secure.gravatar.com\\\/avatar\\\/54f0d5d9f5566eed3600cf360a9fc9dd0079d16c6cc767ae0aee0cc9f2945863?s=96&d=mm&r=g\",\"caption\":\"Julia Pohto\"},\"url\":\"https:\\\/\\\/blogit.gradia.fi\\\/jaroslavl\\\/author\\\/yo34195\\\/\"}]}<\/script>\n<!-- \/ Yoast SEO plugin. -->","yoast_head_json":{"title":"L\u00e4hd\u00f6n paikkeilla - Vieraanvaraisuutta vastavierailulla Jaroslavlissa Ven\u00e4j\u00e4ll\u00e4","robots":{"index":"index","follow":"follow","max-snippet":"max-snippet:-1","max-image-preview":"max-image-preview:large","max-video-preview":"max-video-preview:-1"},"canonical":"https:\/\/blogit.gradia.fi\/jaroslavl\/2016\/10\/30\/lahdon-paikkeilla\/","og_locale":"fi_FI","og_type":"article","og_title":"L\u00e4hd\u00f6n paikkeilla - Vieraanvaraisuutta vastavierailulla Jaroslavlissa Ven\u00e4j\u00e4ll\u00e4","og_description":"17.10.2016 Nelj\u00e4 p\u00e4iv\u00e4\u00e4 Jaroslavlissa takana, nelj\u00e4 p\u00e4iv\u00e4\u00e4 t\u00e4ynn\u00e4 muistoja ja viides p\u00e4iv\u00e4 t\u00e4ynn\u00e4 pient\u00e4 kaipuuta ja surua. Viidenten\u00e4 p\u00e4iv\u00e4n\u00e4 koitti siis l\u00e4ht\u00f6 takaisin Suomeen ja maanantai on p\u00e4iv\u00e4, josta min\u00e4 kirjoitan. Aamuher\u00e4tyksemme Anastasian kanssa soi noin kello puoli seits\u00e4m\u00e4n aikaan aamulla. Her\u00e4\u00e4minen oli hankalaa, sill\u00e4 olimme kummatkin menneet nukkumaan my\u00f6h\u00e4\u00e4n edellisin\u00e4 iltoina. Aamu sujui vikkel\u00e4sti [&hellip;]","og_url":"https:\/\/blogit.gradia.fi\/jaroslavl\/2016\/10\/30\/lahdon-paikkeilla\/","og_site_name":"Vieraanvaraisuutta vastavierailulla Jaroslavlissa Ven\u00e4j\u00e4ll\u00e4","article_published_time":"2016-10-30T14:39:32+00:00","article_modified_time":"2016-10-30T14:45:02+00:00","og_image":[{"url":"https:\/\/blogit.gradia.fi\/jaroslavl\/wp-content\/uploads\/sites\/66\/2016\/10\/IMG_20161017_132355-225x300.jpg","type":"","width":"","height":""}],"author":"Julia Pohto","twitter_card":"summary_large_image","twitter_misc":{"Kirjoittanut":"Julia Pohto","Arvioitu lukuaika":"3 minuuttia"},"schema":{"@context":"https:\/\/schema.org","@graph":[{"@type":"Article","@id":"https:\/\/blogit.gradia.fi\/jaroslavl\/2016\/10\/30\/lahdon-paikkeilla\/#article","isPartOf":{"@id":"https:\/\/blogit.gradia.fi\/jaroslavl\/2016\/10\/30\/lahdon-paikkeilla\/"},"author":{"name":"Julia Pohto","@id":"https:\/\/blogit.gradia.fi\/jaroslavl\/#\/schema\/person\/b116c8fc264550572e08b2b679400645"},"headline":"L\u00e4hd\u00f6n paikkeilla","datePublished":"2016-10-30T14:39:32+00:00","dateModified":"2016-10-30T14:45:02+00:00","mainEntityOfPage":{"@id":"https:\/\/blogit.gradia.fi\/jaroslavl\/2016\/10\/30\/lahdon-paikkeilla\/"},"wordCount":572,"commentCount":0,"image":{"@id":"https:\/\/blogit.gradia.fi\/jaroslavl\/2016\/10\/30\/lahdon-paikkeilla\/#primaryimage"},"thumbnailUrl":"https:\/\/blogit.gradia.fi\/jaroslavl\/wp-content\/uploads\/sites\/66\/2016\/10\/IMG_20161017_132355-225x300.jpg","inLanguage":"fi","potentialAction":[{"@type":"CommentAction","name":"Comment","target":["https:\/\/blogit.gradia.fi\/jaroslavl\/2016\/10\/30\/lahdon-paikkeilla\/#respond"]}]},{"@type":"WebPage","@id":"https:\/\/blogit.gradia.fi\/jaroslavl\/2016\/10\/30\/lahdon-paikkeilla\/","url":"https:\/\/blogit.gradia.fi\/jaroslavl\/2016\/10\/30\/lahdon-paikkeilla\/","name":"L\u00e4hd\u00f6n paikkeilla - Vieraanvaraisuutta vastavierailulla Jaroslavlissa Ven\u00e4j\u00e4ll\u00e4","isPartOf":{"@id":"https:\/\/blogit.gradia.fi\/jaroslavl\/#website"},"primaryImageOfPage":{"@id":"https:\/\/blogit.gradia.fi\/jaroslavl\/2016\/10\/30\/lahdon-paikkeilla\/#primaryimage"},"image":{"@id":"https:\/\/blogit.gradia.fi\/jaroslavl\/2016\/10\/30\/lahdon-paikkeilla\/#primaryimage"},"thumbnailUrl":"https:\/\/blogit.gradia.fi\/jaroslavl\/wp-content\/uploads\/sites\/66\/2016\/10\/IMG_20161017_132355-225x300.jpg","datePublished":"2016-10-30T14:39:32+00:00","dateModified":"2016-10-30T14:45:02+00:00","author":{"@id":"https:\/\/blogit.gradia.fi\/jaroslavl\/#\/schema\/person\/b116c8fc264550572e08b2b679400645"},"inLanguage":"fi","potentialAction":[{"@type":"ReadAction","target":["https:\/\/blogit.gradia.fi\/jaroslavl\/2016\/10\/30\/lahdon-paikkeilla\/"]}]},{"@type":"ImageObject","inLanguage":"fi","@id":"https:\/\/blogit.gradia.fi\/jaroslavl\/2016\/10\/30\/lahdon-paikkeilla\/#primaryimage","url":"https:\/\/blogit.gradia.fi\/jaroslavl\/wp-content\/uploads\/sites\/66\/2016\/10\/IMG_20161017_132355.jpg","contentUrl":"https:\/\/blogit.gradia.fi\/jaroslavl\/wp-content\/uploads\/sites\/66\/2016\/10\/IMG_20161017_132355.jpg","width":3120,"height":4160},{"@type":"WebSite","@id":"https:\/\/blogit.gradia.fi\/jaroslavl\/#website","url":"https:\/\/blogit.gradia.fi\/jaroslavl\/","name":"Vieraanvaraisuutta vastavierailulla Jaroslavlissa Ven\u00e4j\u00e4ll\u00e4","description":"Uusi ao-blogit -sivusto","potentialAction":[{"@type":"SearchAction","target":{"@type":"EntryPoint","urlTemplate":"https:\/\/blogit.gradia.fi\/jaroslavl\/?s={search_term_string}"},"query-input":{"@type":"PropertyValueSpecification","valueRequired":true,"valueName":"search_term_string"}}],"inLanguage":"fi"},{"@type":"Person","@id":"https:\/\/blogit.gradia.fi\/jaroslavl\/#\/schema\/person\/b116c8fc264550572e08b2b679400645","name":"Julia Pohto","image":{"@type":"ImageObject","inLanguage":"fi","@id":"https:\/\/secure.gravatar.com\/avatar\/54f0d5d9f5566eed3600cf360a9fc9dd0079d16c6cc767ae0aee0cc9f2945863?s=96&d=mm&r=g","url":"https:\/\/secure.gravatar.com\/avatar\/54f0d5d9f5566eed3600cf360a9fc9dd0079d16c6cc767ae0aee0cc9f2945863?s=96&d=mm&r=g","contentUrl":"https:\/\/secure.gravatar.com\/avatar\/54f0d5d9f5566eed3600cf360a9fc9dd0079d16c6cc767ae0aee0cc9f2945863?s=96&d=mm&r=g","caption":"Julia Pohto"},"url":"https:\/\/blogit.gradia.fi\/jaroslavl\/author\/yo34195\/"}]}},"uagb_featured_image_src":{"full":false,"thumbnail":false,"medium":false,"medium_large":false,"large":false,"1536x1536":false,"2048x2048":false,"post-thumbnail":false},"uagb_author_info":{"display_name":"Julia Pohto","author_link":"https:\/\/blogit.gradia.fi\/jaroslavl\/author\/yo34195\/"},"uagb_comment_info":141,"uagb_excerpt":"17.10.2016 Nelj\u00e4 p\u00e4iv\u00e4\u00e4 Jaroslavlissa takana, nelj\u00e4 p\u00e4iv\u00e4\u00e4 t\u00e4ynn\u00e4 muistoja ja viides p\u00e4iv\u00e4 t\u00e4ynn\u00e4 pient\u00e4 kaipuuta ja surua. Viidenten\u00e4 p\u00e4iv\u00e4n\u00e4 koitti siis l\u00e4ht\u00f6 takaisin Suomeen ja maanantai on p\u00e4iv\u00e4, josta min\u00e4 kirjoitan. Aamuher\u00e4tyksemme Anastasian kanssa soi noin kello puoli seits\u00e4m\u00e4n aikaan aamulla. Her\u00e4\u00e4minen oli hankalaa, sill\u00e4 olimme kummatkin menneet nukkumaan my\u00f6h\u00e4\u00e4n edellisin\u00e4 iltoina. Aamu sujui vikkel\u00e4sti&hellip;","_links":{"self":[{"href":"https:\/\/blogit.gradia.fi\/jaroslavl\/wp-json\/wp\/v2\/posts\/33","targetHints":{"allow":["GET"]}}],"collection":[{"href":"https:\/\/blogit.gradia.fi\/jaroslavl\/wp-json\/wp\/v2\/posts"}],"about":[{"href":"https:\/\/blogit.gradia.fi\/jaroslavl\/wp-json\/wp\/v2\/types\/post"}],"author":[{"embeddable":true,"href":"https:\/\/blogit.gradia.fi\/jaroslavl\/wp-json\/wp\/v2\/users\/445"}],"replies":[{"embeddable":true,"href":"https:\/\/blogit.gradia.fi\/jaroslavl\/wp-json\/wp\/v2\/comments?post=33"}],"version-history":[{"count":0,"href":"https:\/\/blogit.gradia.fi\/jaroslavl\/wp-json\/wp\/v2\/posts\/33\/revisions"}],"wp:attachment":[{"href":"https:\/\/blogit.gradia.fi\/jaroslavl\/wp-json\/wp\/v2\/media?parent=33"}],"wp:term":[{"taxonomy":"category","embeddable":true,"href":"https:\/\/blogit.gradia.fi\/jaroslavl\/wp-json\/wp\/v2\/categories?post=33"},{"taxonomy":"post_tag","embeddable":true,"href":"https:\/\/blogit.gradia.fi\/jaroslavl\/wp-json\/wp\/v2\/tags?post=33"}],"curies":[{"name":"wp","href":"https:\/\/api.w.org\/{rel}","templated":true}]}}