{"id":18,"date":"2016-10-27T20:30:00","date_gmt":"2016-10-27T17:30:00","guid":{"rendered":"https:\/\/blogit.gradia.fi\/jaroslavl\/?p=18"},"modified":"2016-10-27T20:30:00","modified_gmt":"2016-10-27T17:30:00","slug":"juhlapaiva","status":"publish","type":"post","link":"https:\/\/blogit.gradia.fi\/jaroslavl\/2016\/10\/27\/juhlapaiva\/","title":{"rendered":"Juhlap\u00e4iv\u00e4"},"content":{"rendered":"<p>Perjantaip\u00e4iv\u00e4lle oli suunniteltu meille runsaasti ohjelmaa. Jo heti aamusta kokoonnuimme yhdess\u00e4 koulun pihalle, josta l\u00e4hdettiin bussilla Jaroslavlin keskustaa kohti. Mukaan l\u00e4hti meid\u00e4n Lyseo-delegaation ja is\u00e4nt\u00e4\/em\u00e4nt\u00e4perheiden lis\u00e4ksi my\u00f6s joukko nuorempia opiskelijoita. Ilolla seurasin kuinka he rohkeasti meniv\u00e4t juttelemaan suomalaisille opettajille. Varsinkin Yrj\u00f6st\u00e4 ja Artosta tuli hyvinkin suositut paikallisten lasten keskuudessa.<\/p>\n<hr \/>\n<p><img loading=\"lazy\" decoding=\"async\" class=\"alignnone size-medium wp-image-23\" src=\"https:\/\/blogit.gradia.fi\/jaroslavl\/wp-content\/uploads\/sites\/66\/2016\/10\/20161014_101530-2-300x257.jpg\" alt=\"20161014_101530\" width=\"300\" height=\"257\" srcset=\"https:\/\/blogit.gradia.fi\/jaroslavl\/wp-content\/uploads\/sites\/66\/2016\/10\/20161014_101530-2-300x257.jpg 300w, https:\/\/blogit.gradia.fi\/jaroslavl\/wp-content\/uploads\/sites\/66\/2016\/10\/20161014_101530-2-768x657.jpg 768w, https:\/\/blogit.gradia.fi\/jaroslavl\/wp-content\/uploads\/sites\/66\/2016\/10\/20161014_101530-2-1024x876.jpg 1024w\" sizes=\"auto, (max-width: 300px) 100vw, 300px\" \/><\/p>\n<p>Lapset olivat kiinnostuneita suomalaisista opettajista<\/p>\n<hr \/>\n<p>Hyv\u00e4n yhteishengen siivitt\u00e4m\u00e4n\u00e4 l\u00e4hdimme kohti kaupungintaloa, jossa oli j\u00e4rjestetty ohjelmaa. Sali oli t\u00e4ynn\u00e4 nuoria sek\u00e4 aikuisia my\u00f6s muista kouluista. Kaupunki jakoi palkintoja Eco schools -projektissa mukana olleille kouluille. N\u00e4iden opiskelijat olivat valmistaneet runoesityksi\u00e4, jotka tekiv\u00e4t vaikutuksen ven\u00e4j\u00e4\u00e4 ymm\u00e4rt\u00e4viin suomalaisiin. Saimme mekin mahdollisuuden sanoa l\u00e4mpim\u00e4t kiitoksen sanat ja ojentaa lahjan Jyv\u00e4skyl\u00e4lt\u00e4.<\/p>\n<hr \/>\n<p><img loading=\"lazy\" decoding=\"async\" class=\"alignnone size-medium wp-image-20\" src=\"https:\/\/blogit.gradia.fi\/jaroslavl\/wp-content\/uploads\/sites\/66\/2016\/10\/20161014_110645-300x225.jpg\" alt=\"20161014_110645\" width=\"300\" height=\"225\" srcset=\"https:\/\/blogit.gradia.fi\/jaroslavl\/wp-content\/uploads\/sites\/66\/2016\/10\/20161014_110645-300x225.jpg 300w, https:\/\/blogit.gradia.fi\/jaroslavl\/wp-content\/uploads\/sites\/66\/2016\/10\/20161014_110645-768x576.jpg 768w, https:\/\/blogit.gradia.fi\/jaroslavl\/wp-content\/uploads\/sites\/66\/2016\/10\/20161014_110645-1024x768.jpg 1024w\" sizes=\"auto, (max-width: 300px) 100vw, 300px\" \/><\/p>\n<p>Eco school -projekti<\/p>\n<hr \/>\n<p>Paljon emme tuon p\u00e4iv\u00e4n aikana kerenneet ihastella Jaroslavlin kauniita katuja, sill\u00e4 meit\u00e4 vietiin jo suoraan seuraavaan kohteeseen. Einstein-museo on Jaroslavlin oma versio Heurekasta, tosin vain v\u00e4h\u00e4n pienempi. Sen huoneisiin oli kuitenkin teemojen mukaan tehty erilaisia kokeita. Loimme ihmisen kokoisia saippuakuplia, ratkoimme \u00e4lypelej\u00e4 sek\u00e4 testasimme fysiikan lakeja. Varsinkin me opiskelijat l\u00e4hennyimme t\u00e4m\u00e4n p\u00e4iv\u00e4n aikana todella paljon.<\/p>\n<hr \/>\n<p><img loading=\"lazy\" decoding=\"async\" class=\"alignnone size-medium wp-image-24\" src=\"https:\/\/blogit.gradia.fi\/jaroslavl\/wp-content\/uploads\/sites\/66\/2016\/10\/20161014_133818-1-225x300.jpg\" alt=\"20161014_133818\" width=\"225\" height=\"300\" srcset=\"https:\/\/blogit.gradia.fi\/jaroslavl\/wp-content\/uploads\/sites\/66\/2016\/10\/20161014_133818-1-225x300.jpg 225w, https:\/\/blogit.gradia.fi\/jaroslavl\/wp-content\/uploads\/sites\/66\/2016\/10\/20161014_133818-1-768x1024.jpg 768w\" sizes=\"auto, (max-width: 225px) 100vw, 225px\" \/><\/p>\n<p>Einstein-museossa<\/p>\n<hr \/>\n<p>Joka p\u00e4iv\u00e4 meille tarjottiin perinteinen ven\u00e4l\u00e4inen lounas, johon kuului yleens\u00e4 ainakin kolme ruokalajia: alkukeitto ja -salaatti sek\u00e4 p\u00e4\u00e4ruuaksi kanaa juustokuorrutteella. Meille suomalaisille tuli yll\u00e4tyksen\u00e4 ruokajuomien puute, mutta onneksi sai aina teen aterian p\u00e4\u00e4tteeksi.<\/p>\n<p>P\u00e4iv\u00e4n kohokohta olikin illan juhla. Jaroslavlin koulu numero 13 t\u00e4ytt\u00e4\u00e4 t\u00e4n\u00e4 vuonna 50 vuotta, ja he olivat j\u00e4rjest\u00e4neet paikallisella klubilla ohjelmat\u00e4ytteisen illan. Juhlassa esiintyi paljon opiskelijoita kaikilta vuositasoilta. Opettajia muistettiin heid\u00e4n ty\u00f6panoksestaan pienill\u00e4 lahjakasseilla, joita aktiivisimmat opettajat ker\u00e4siv\u00e4t useita illan aikana. Koulun historiaa valotettiin puheiden ja videoiden avulla. Juhla teki l\u00e4ht\u00f6m\u00e4tt\u00f6m\u00e4n vaikutuksen varsinkin minuun. Siksi oli suuri kunnia p\u00e4\u00e4st\u00e4 pit\u00e4m\u00e4\u00e4n puhe yleis\u00f6n eteen, mik\u00e4 samanaikaisesti tulkattiin ven\u00e4j\u00e4ksi. En olisi voinut olla ylpe\u00e4mpi ojentaessani Lyseon lukion lahjan koulun rehtorille.<\/p>\n<hr \/>\n<p>Oona<\/p>\n<p>&nbsp;<\/p>\n","protected":false},"excerpt":{"rendered":"<p>Perjantaip\u00e4iv\u00e4lle oli suunniteltu meille runsaasti ohjelmaa. Jo heti aamusta kokoonnuimme yhdess\u00e4 koulun pihalle, josta l\u00e4hdettiin bussilla Jaroslavlin keskustaa kohti. Mukaan l\u00e4hti meid\u00e4n Lyseo-delegaation ja is\u00e4nt\u00e4\/em\u00e4nt\u00e4perheiden lis\u00e4ksi my\u00f6s joukko nuorempia opiskelijoita. Ilolla seurasin kuinka he rohkeasti meniv\u00e4t juttelemaan suomalaisille opettajille. Varsinkin Yrj\u00f6st\u00e4 ja Artosta tuli hyvinkin suositut paikallisten lasten keskuudessa. Lapset olivat kiinnostuneita suomalaisista opettajista Hyv\u00e4n [&hellip;]<\/p>\n","protected":false},"author":443,"featured_media":0,"comment_status":"open","ping_status":"open","sticky":false,"template":"","format":"standard","meta":{"_uag_custom_page_level_css":"","footnotes":""},"categories":[1],"tags":[],"class_list":["post-18","post","type-post","status-publish","format-standard","hentry","category-yleinen"],"yoast_head":"<!-- This site is optimized with the Yoast SEO plugin v27.5 - https:\/\/yoast.com\/product\/yoast-seo-wordpress\/ -->\n<title>Juhlap\u00e4iv\u00e4 - Vieraanvaraisuutta vastavierailulla Jaroslavlissa Ven\u00e4j\u00e4ll\u00e4<\/title>\n<meta name=\"robots\" content=\"index, follow, max-snippet:-1, max-image-preview:large, max-video-preview:-1\" \/>\n<link rel=\"canonical\" href=\"https:\/\/blogit.gradia.fi\/jaroslavl\/2016\/10\/27\/juhlapaiva\/\" \/>\n<meta property=\"og:locale\" content=\"fi_FI\" \/>\n<meta property=\"og:type\" content=\"article\" \/>\n<meta property=\"og:title\" content=\"Juhlap\u00e4iv\u00e4 - Vieraanvaraisuutta vastavierailulla Jaroslavlissa Ven\u00e4j\u00e4ll\u00e4\" \/>\n<meta property=\"og:description\" content=\"Perjantaip\u00e4iv\u00e4lle oli suunniteltu meille runsaasti ohjelmaa. Jo heti aamusta kokoonnuimme yhdess\u00e4 koulun pihalle, josta l\u00e4hdettiin bussilla Jaroslavlin keskustaa kohti. Mukaan l\u00e4hti meid\u00e4n Lyseo-delegaation ja is\u00e4nt\u00e4\/em\u00e4nt\u00e4perheiden lis\u00e4ksi my\u00f6s joukko nuorempia opiskelijoita. Ilolla seurasin kuinka he rohkeasti meniv\u00e4t juttelemaan suomalaisille opettajille. Varsinkin Yrj\u00f6st\u00e4 ja Artosta tuli hyvinkin suositut paikallisten lasten keskuudessa. Lapset olivat kiinnostuneita suomalaisista opettajista Hyv\u00e4n [&hellip;]\" \/>\n<meta property=\"og:url\" content=\"https:\/\/blogit.gradia.fi\/jaroslavl\/2016\/10\/27\/juhlapaiva\/\" \/>\n<meta property=\"og:site_name\" content=\"Vieraanvaraisuutta vastavierailulla Jaroslavlissa Ven\u00e4j\u00e4ll\u00e4\" \/>\n<meta property=\"article:published_time\" content=\"2016-10-27T17:30:00+00:00\" \/>\n<meta property=\"og:image\" content=\"https:\/\/blogit.gradia.fi\/jaroslavl\/wp-content\/uploads\/sites\/66\/2016\/10\/20161014_101530-2-300x257.jpg\" \/>\n<meta name=\"author\" content=\"Oona Huttunen\" \/>\n<meta name=\"twitter:card\" content=\"summary_large_image\" \/>\n<meta name=\"twitter:label1\" content=\"Kirjoittanut\" \/>\n\t<meta name=\"twitter:data1\" content=\"Oona Huttunen\" \/>\n\t<meta name=\"twitter:label2\" content=\"Arvioitu lukuaika\" \/>\n\t<meta name=\"twitter:data2\" content=\"2 minuuttia\" \/>\n<script type=\"application\/ld+json\" class=\"yoast-schema-graph\">{\"@context\":\"https:\\\/\\\/schema.org\",\"@graph\":[{\"@type\":\"Article\",\"@id\":\"https:\\\/\\\/blogit.gradia.fi\\\/jaroslavl\\\/2016\\\/10\\\/27\\\/juhlapaiva\\\/#article\",\"isPartOf\":{\"@id\":\"https:\\\/\\\/blogit.gradia.fi\\\/jaroslavl\\\/2016\\\/10\\\/27\\\/juhlapaiva\\\/\"},\"author\":{\"name\":\"Oona Huttunen\",\"@id\":\"https:\\\/\\\/blogit.gradia.fi\\\/jaroslavl\\\/#\\\/schema\\\/person\\\/5d4c70ba0d0655ac86d5043f1aa427d5\"},\"headline\":\"Juhlap\u00e4iv\u00e4\",\"datePublished\":\"2016-10-27T17:30:00+00:00\",\"mainEntityOfPage\":{\"@id\":\"https:\\\/\\\/blogit.gradia.fi\\\/jaroslavl\\\/2016\\\/10\\\/27\\\/juhlapaiva\\\/\"},\"wordCount\":343,\"commentCount\":0,\"image\":{\"@id\":\"https:\\\/\\\/blogit.gradia.fi\\\/jaroslavl\\\/2016\\\/10\\\/27\\\/juhlapaiva\\\/#primaryimage\"},\"thumbnailUrl\":\"https:\\\/\\\/blogit.gradia.fi\\\/jaroslavl\\\/wp-content\\\/uploads\\\/sites\\\/66\\\/2016\\\/10\\\/20161014_101530-2-300x257.jpg\",\"inLanguage\":\"fi\",\"potentialAction\":[{\"@type\":\"CommentAction\",\"name\":\"Comment\",\"target\":[\"https:\\\/\\\/blogit.gradia.fi\\\/jaroslavl\\\/2016\\\/10\\\/27\\\/juhlapaiva\\\/#respond\"]}]},{\"@type\":\"WebPage\",\"@id\":\"https:\\\/\\\/blogit.gradia.fi\\\/jaroslavl\\\/2016\\\/10\\\/27\\\/juhlapaiva\\\/\",\"url\":\"https:\\\/\\\/blogit.gradia.fi\\\/jaroslavl\\\/2016\\\/10\\\/27\\\/juhlapaiva\\\/\",\"name\":\"Juhlap\u00e4iv\u00e4 - Vieraanvaraisuutta vastavierailulla Jaroslavlissa Ven\u00e4j\u00e4ll\u00e4\",\"isPartOf\":{\"@id\":\"https:\\\/\\\/blogit.gradia.fi\\\/jaroslavl\\\/#website\"},\"primaryImageOfPage\":{\"@id\":\"https:\\\/\\\/blogit.gradia.fi\\\/jaroslavl\\\/2016\\\/10\\\/27\\\/juhlapaiva\\\/#primaryimage\"},\"image\":{\"@id\":\"https:\\\/\\\/blogit.gradia.fi\\\/jaroslavl\\\/2016\\\/10\\\/27\\\/juhlapaiva\\\/#primaryimage\"},\"thumbnailUrl\":\"https:\\\/\\\/blogit.gradia.fi\\\/jaroslavl\\\/wp-content\\\/uploads\\\/sites\\\/66\\\/2016\\\/10\\\/20161014_101530-2-300x257.jpg\",\"datePublished\":\"2016-10-27T17:30:00+00:00\",\"author\":{\"@id\":\"https:\\\/\\\/blogit.gradia.fi\\\/jaroslavl\\\/#\\\/schema\\\/person\\\/5d4c70ba0d0655ac86d5043f1aa427d5\"},\"inLanguage\":\"fi\",\"potentialAction\":[{\"@type\":\"ReadAction\",\"target\":[\"https:\\\/\\\/blogit.gradia.fi\\\/jaroslavl\\\/2016\\\/10\\\/27\\\/juhlapaiva\\\/\"]}]},{\"@type\":\"ImageObject\",\"inLanguage\":\"fi\",\"@id\":\"https:\\\/\\\/blogit.gradia.fi\\\/jaroslavl\\\/2016\\\/10\\\/27\\\/juhlapaiva\\\/#primaryimage\",\"url\":\"https:\\\/\\\/blogit.gradia.fi\\\/jaroslavl\\\/wp-content\\\/uploads\\\/sites\\\/66\\\/2016\\\/10\\\/20161014_101530-2.jpg\",\"contentUrl\":\"https:\\\/\\\/blogit.gradia.fi\\\/jaroslavl\\\/wp-content\\\/uploads\\\/sites\\\/66\\\/2016\\\/10\\\/20161014_101530-2.jpg\",\"width\":2153,\"height\":1841},{\"@type\":\"WebSite\",\"@id\":\"https:\\\/\\\/blogit.gradia.fi\\\/jaroslavl\\\/#website\",\"url\":\"https:\\\/\\\/blogit.gradia.fi\\\/jaroslavl\\\/\",\"name\":\"Vieraanvaraisuutta vastavierailulla Jaroslavlissa Ven\u00e4j\u00e4ll\u00e4\",\"description\":\"Uusi ao-blogit -sivusto\",\"potentialAction\":[{\"@type\":\"SearchAction\",\"target\":{\"@type\":\"EntryPoint\",\"urlTemplate\":\"https:\\\/\\\/blogit.gradia.fi\\\/jaroslavl\\\/?s={search_term_string}\"},\"query-input\":{\"@type\":\"PropertyValueSpecification\",\"valueRequired\":true,\"valueName\":\"search_term_string\"}}],\"inLanguage\":\"fi\"},{\"@type\":\"Person\",\"@id\":\"https:\\\/\\\/blogit.gradia.fi\\\/jaroslavl\\\/#\\\/schema\\\/person\\\/5d4c70ba0d0655ac86d5043f1aa427d5\",\"name\":\"Oona Huttunen\",\"image\":{\"@type\":\"ImageObject\",\"inLanguage\":\"fi\",\"@id\":\"https:\\\/\\\/secure.gravatar.com\\\/avatar\\\/00dec289cc069be664fd95592073c374cb9a6f5e3392e2ee821bd4ce2ccc097d?s=96&d=mm&r=g\",\"url\":\"https:\\\/\\\/secure.gravatar.com\\\/avatar\\\/00dec289cc069be664fd95592073c374cb9a6f5e3392e2ee821bd4ce2ccc097d?s=96&d=mm&r=g\",\"contentUrl\":\"https:\\\/\\\/secure.gravatar.com\\\/avatar\\\/00dec289cc069be664fd95592073c374cb9a6f5e3392e2ee821bd4ce2ccc097d?s=96&d=mm&r=g\",\"caption\":\"Oona Huttunen\"},\"url\":\"https:\\\/\\\/blogit.gradia.fi\\\/jaroslavl\\\/author\\\/lk101388\\\/\"}]}<\/script>\n<!-- \/ Yoast SEO plugin. -->","yoast_head_json":{"title":"Juhlap\u00e4iv\u00e4 - Vieraanvaraisuutta vastavierailulla Jaroslavlissa Ven\u00e4j\u00e4ll\u00e4","robots":{"index":"index","follow":"follow","max-snippet":"max-snippet:-1","max-image-preview":"max-image-preview:large","max-video-preview":"max-video-preview:-1"},"canonical":"https:\/\/blogit.gradia.fi\/jaroslavl\/2016\/10\/27\/juhlapaiva\/","og_locale":"fi_FI","og_type":"article","og_title":"Juhlap\u00e4iv\u00e4 - Vieraanvaraisuutta vastavierailulla Jaroslavlissa Ven\u00e4j\u00e4ll\u00e4","og_description":"Perjantaip\u00e4iv\u00e4lle oli suunniteltu meille runsaasti ohjelmaa. Jo heti aamusta kokoonnuimme yhdess\u00e4 koulun pihalle, josta l\u00e4hdettiin bussilla Jaroslavlin keskustaa kohti. Mukaan l\u00e4hti meid\u00e4n Lyseo-delegaation ja is\u00e4nt\u00e4\/em\u00e4nt\u00e4perheiden lis\u00e4ksi my\u00f6s joukko nuorempia opiskelijoita. Ilolla seurasin kuinka he rohkeasti meniv\u00e4t juttelemaan suomalaisille opettajille. Varsinkin Yrj\u00f6st\u00e4 ja Artosta tuli hyvinkin suositut paikallisten lasten keskuudessa. Lapset olivat kiinnostuneita suomalaisista opettajista Hyv\u00e4n [&hellip;]","og_url":"https:\/\/blogit.gradia.fi\/jaroslavl\/2016\/10\/27\/juhlapaiva\/","og_site_name":"Vieraanvaraisuutta vastavierailulla Jaroslavlissa Ven\u00e4j\u00e4ll\u00e4","article_published_time":"2016-10-27T17:30:00+00:00","og_image":[{"url":"https:\/\/blogit.gradia.fi\/jaroslavl\/wp-content\/uploads\/sites\/66\/2016\/10\/20161014_101530-2-300x257.jpg","type":"","width":"","height":""}],"author":"Oona Huttunen","twitter_card":"summary_large_image","twitter_misc":{"Kirjoittanut":"Oona Huttunen","Arvioitu lukuaika":"2 minuuttia"},"schema":{"@context":"https:\/\/schema.org","@graph":[{"@type":"Article","@id":"https:\/\/blogit.gradia.fi\/jaroslavl\/2016\/10\/27\/juhlapaiva\/#article","isPartOf":{"@id":"https:\/\/blogit.gradia.fi\/jaroslavl\/2016\/10\/27\/juhlapaiva\/"},"author":{"name":"Oona Huttunen","@id":"https:\/\/blogit.gradia.fi\/jaroslavl\/#\/schema\/person\/5d4c70ba0d0655ac86d5043f1aa427d5"},"headline":"Juhlap\u00e4iv\u00e4","datePublished":"2016-10-27T17:30:00+00:00","mainEntityOfPage":{"@id":"https:\/\/blogit.gradia.fi\/jaroslavl\/2016\/10\/27\/juhlapaiva\/"},"wordCount":343,"commentCount":0,"image":{"@id":"https:\/\/blogit.gradia.fi\/jaroslavl\/2016\/10\/27\/juhlapaiva\/#primaryimage"},"thumbnailUrl":"https:\/\/blogit.gradia.fi\/jaroslavl\/wp-content\/uploads\/sites\/66\/2016\/10\/20161014_101530-2-300x257.jpg","inLanguage":"fi","potentialAction":[{"@type":"CommentAction","name":"Comment","target":["https:\/\/blogit.gradia.fi\/jaroslavl\/2016\/10\/27\/juhlapaiva\/#respond"]}]},{"@type":"WebPage","@id":"https:\/\/blogit.gradia.fi\/jaroslavl\/2016\/10\/27\/juhlapaiva\/","url":"https:\/\/blogit.gradia.fi\/jaroslavl\/2016\/10\/27\/juhlapaiva\/","name":"Juhlap\u00e4iv\u00e4 - Vieraanvaraisuutta vastavierailulla Jaroslavlissa Ven\u00e4j\u00e4ll\u00e4","isPartOf":{"@id":"https:\/\/blogit.gradia.fi\/jaroslavl\/#website"},"primaryImageOfPage":{"@id":"https:\/\/blogit.gradia.fi\/jaroslavl\/2016\/10\/27\/juhlapaiva\/#primaryimage"},"image":{"@id":"https:\/\/blogit.gradia.fi\/jaroslavl\/2016\/10\/27\/juhlapaiva\/#primaryimage"},"thumbnailUrl":"https:\/\/blogit.gradia.fi\/jaroslavl\/wp-content\/uploads\/sites\/66\/2016\/10\/20161014_101530-2-300x257.jpg","datePublished":"2016-10-27T17:30:00+00:00","author":{"@id":"https:\/\/blogit.gradia.fi\/jaroslavl\/#\/schema\/person\/5d4c70ba0d0655ac86d5043f1aa427d5"},"inLanguage":"fi","potentialAction":[{"@type":"ReadAction","target":["https:\/\/blogit.gradia.fi\/jaroslavl\/2016\/10\/27\/juhlapaiva\/"]}]},{"@type":"ImageObject","inLanguage":"fi","@id":"https:\/\/blogit.gradia.fi\/jaroslavl\/2016\/10\/27\/juhlapaiva\/#primaryimage","url":"https:\/\/blogit.gradia.fi\/jaroslavl\/wp-content\/uploads\/sites\/66\/2016\/10\/20161014_101530-2.jpg","contentUrl":"https:\/\/blogit.gradia.fi\/jaroslavl\/wp-content\/uploads\/sites\/66\/2016\/10\/20161014_101530-2.jpg","width":2153,"height":1841},{"@type":"WebSite","@id":"https:\/\/blogit.gradia.fi\/jaroslavl\/#website","url":"https:\/\/blogit.gradia.fi\/jaroslavl\/","name":"Vieraanvaraisuutta vastavierailulla Jaroslavlissa Ven\u00e4j\u00e4ll\u00e4","description":"Uusi ao-blogit -sivusto","potentialAction":[{"@type":"SearchAction","target":{"@type":"EntryPoint","urlTemplate":"https:\/\/blogit.gradia.fi\/jaroslavl\/?s={search_term_string}"},"query-input":{"@type":"PropertyValueSpecification","valueRequired":true,"valueName":"search_term_string"}}],"inLanguage":"fi"},{"@type":"Person","@id":"https:\/\/blogit.gradia.fi\/jaroslavl\/#\/schema\/person\/5d4c70ba0d0655ac86d5043f1aa427d5","name":"Oona Huttunen","image":{"@type":"ImageObject","inLanguage":"fi","@id":"https:\/\/secure.gravatar.com\/avatar\/00dec289cc069be664fd95592073c374cb9a6f5e3392e2ee821bd4ce2ccc097d?s=96&d=mm&r=g","url":"https:\/\/secure.gravatar.com\/avatar\/00dec289cc069be664fd95592073c374cb9a6f5e3392e2ee821bd4ce2ccc097d?s=96&d=mm&r=g","contentUrl":"https:\/\/secure.gravatar.com\/avatar\/00dec289cc069be664fd95592073c374cb9a6f5e3392e2ee821bd4ce2ccc097d?s=96&d=mm&r=g","caption":"Oona Huttunen"},"url":"https:\/\/blogit.gradia.fi\/jaroslavl\/author\/lk101388\/"}]}},"uagb_featured_image_src":{"full":false,"thumbnail":false,"medium":false,"medium_large":false,"large":false,"1536x1536":false,"2048x2048":false,"post-thumbnail":false},"uagb_author_info":{"display_name":"Oona Huttunen","author_link":"https:\/\/blogit.gradia.fi\/jaroslavl\/author\/lk101388\/"},"uagb_comment_info":0,"uagb_excerpt":"Perjantaip\u00e4iv\u00e4lle oli suunniteltu meille runsaasti ohjelmaa. Jo heti aamusta kokoonnuimme yhdess\u00e4 koulun pihalle, josta l\u00e4hdettiin bussilla Jaroslavlin keskustaa kohti. Mukaan l\u00e4hti meid\u00e4n Lyseo-delegaation ja is\u00e4nt\u00e4\/em\u00e4nt\u00e4perheiden lis\u00e4ksi my\u00f6s joukko nuorempia opiskelijoita. Ilolla seurasin kuinka he rohkeasti meniv\u00e4t juttelemaan suomalaisille opettajille. Varsinkin Yrj\u00f6st\u00e4 ja Artosta tuli hyvinkin suositut paikallisten lasten keskuudessa. Lapset olivat kiinnostuneita suomalaisista opettajista Hyv\u00e4n&hellip;","_links":{"self":[{"href":"https:\/\/blogit.gradia.fi\/jaroslavl\/wp-json\/wp\/v2\/posts\/18","targetHints":{"allow":["GET"]}}],"collection":[{"href":"https:\/\/blogit.gradia.fi\/jaroslavl\/wp-json\/wp\/v2\/posts"}],"about":[{"href":"https:\/\/blogit.gradia.fi\/jaroslavl\/wp-json\/wp\/v2\/types\/post"}],"author":[{"embeddable":true,"href":"https:\/\/blogit.gradia.fi\/jaroslavl\/wp-json\/wp\/v2\/users\/443"}],"replies":[{"embeddable":true,"href":"https:\/\/blogit.gradia.fi\/jaroslavl\/wp-json\/wp\/v2\/comments?post=18"}],"version-history":[{"count":0,"href":"https:\/\/blogit.gradia.fi\/jaroslavl\/wp-json\/wp\/v2\/posts\/18\/revisions"}],"wp:attachment":[{"href":"https:\/\/blogit.gradia.fi\/jaroslavl\/wp-json\/wp\/v2\/media?parent=18"}],"wp:term":[{"taxonomy":"category","embeddable":true,"href":"https:\/\/blogit.gradia.fi\/jaroslavl\/wp-json\/wp\/v2\/categories?post=18"},{"taxonomy":"post_tag","embeddable":true,"href":"https:\/\/blogit.gradia.fi\/jaroslavl\/wp-json\/wp\/v2\/tags?post=18"}],"curies":[{"name":"wp","href":"https:\/\/api.w.org\/{rel}","templated":true}]}}