{"id":1045,"date":"2017-08-08T07:48:28","date_gmt":"2017-08-08T04:48:28","guid":{"rendered":"https:\/\/blogit.gradia.fi\/hiuskilta\/?p=1045"},"modified":"2017-08-08T07:48:28","modified_gmt":"2017-08-08T04:48:28","slug":"tervetuloa-uudet-ja-vanhat-opiskelijat","status":"publish","type":"post","link":"https:\/\/blogit.gradia.fi\/hiuskilta\/2017\/08\/08\/tervetuloa-uudet-ja-vanhat-opiskelijat\/","title":{"rendered":"Tervetuloa uudet ja vanhat opiskelijat!"},"content":{"rendered":"<p>Hei, taas on koulun aloitus edess\u00e4 ja ensimm\u00e4inen jakso alkaa! Hienoa n\u00e4hd\u00e4 teid\u00e4t kaikki ja toivottavasti k\u00e4yt\u00e4tte monipuolisesti Hiuskilta sivustoamme, joka on meid\u00e4n yhteinen oppimisymp\u00e4rist\u00f6. Pidet\u00e4\u00e4n toisistamme huolta ja tehd\u00e4\u00e4n opiskelusta yhdess\u00e4 hauskaa!<\/p>\n<p>Terv. Ope\/valmentajat<\/p>\n<p><a href=\"https:\/\/blogit.gradia.fi\/hiuskilta\/wp-content\/uploads\/sites\/74\/2015\/05\/IMG_4196.jpg\"><img loading=\"lazy\" decoding=\"async\" class=\"aligncenter size-medium wp-image-650\" src=\"https:\/\/blogit.gradia.fi\/hiuskilta\/wp-content\/uploads\/sites\/74\/2015\/05\/IMG_4196-225x300.jpg\" alt=\"\" width=\"225\" height=\"300\" srcset=\"https:\/\/blogit.gradia.fi\/hiuskilta\/wp-content\/uploads\/sites\/74\/2015\/05\/IMG_4196-225x300.jpg 225w, https:\/\/blogit.gradia.fi\/hiuskilta\/wp-content\/uploads\/sites\/74\/2015\/05\/IMG_4196-768x1024.jpg 768w\" sizes=\"auto, (max-width: 225px) 100vw, 225px\" \/><\/a><\/p>\n","protected":false},"excerpt":{"rendered":"<p>Hei, taas on koulun aloitus edess\u00e4 ja ensimm\u00e4inen jakso alkaa! Hienoa n\u00e4hd\u00e4 teid\u00e4t kaikki ja toivottavasti k\u00e4yt\u00e4tte monipuolisesti Hiuskilta sivustoamme, joka on meid\u00e4n yhteinen oppimisymp\u00e4rist\u00f6. Pidet\u00e4\u00e4n toisistamme huolta ja tehd\u00e4\u00e4n opiskelusta yhdess\u00e4 hauskaa! Terv. Ope\/valmentajat<\/p>\n","protected":false},"author":527,"featured_media":0,"comment_status":"open","ping_status":"open","sticky":false,"template":"","format":"standard","meta":{"_uag_custom_page_level_css":"","footnotes":""},"categories":[1],"tags":[],"class_list":["post-1045","post","type-post","status-publish","format-standard","hentry","category-yleinen"],"yoast_head":"<!-- This site is optimized with the Yoast SEO plugin v27.5 - https:\/\/yoast.com\/product\/yoast-seo-wordpress\/ -->\n<title>Tervetuloa uudet ja vanhat opiskelijat! - Hiuskilta Original<\/title>\n<meta name=\"robots\" content=\"index, follow, max-snippet:-1, max-image-preview:large, max-video-preview:-1\" \/>\n<link rel=\"canonical\" href=\"https:\/\/blogit.gradia.fi\/hiuskilta\/2017\/08\/08\/tervetuloa-uudet-ja-vanhat-opiskelijat\/\" \/>\n<meta property=\"og:locale\" content=\"fi_FI\" \/>\n<meta property=\"og:type\" content=\"article\" \/>\n<meta property=\"og:title\" content=\"Tervetuloa uudet ja vanhat opiskelijat! - Hiuskilta Original\" \/>\n<meta property=\"og:description\" content=\"Hei, taas on koulun aloitus edess\u00e4 ja ensimm\u00e4inen jakso alkaa! Hienoa n\u00e4hd\u00e4 teid\u00e4t kaikki ja toivottavasti k\u00e4yt\u00e4tte monipuolisesti Hiuskilta sivustoamme, joka on meid\u00e4n yhteinen oppimisymp\u00e4rist\u00f6. Pidet\u00e4\u00e4n toisistamme huolta ja tehd\u00e4\u00e4n opiskelusta yhdess\u00e4 hauskaa! Terv. Ope\/valmentajat\" \/>\n<meta property=\"og:url\" content=\"https:\/\/blogit.gradia.fi\/hiuskilta\/2017\/08\/08\/tervetuloa-uudet-ja-vanhat-opiskelijat\/\" \/>\n<meta property=\"og:site_name\" content=\"Hiuskilta Original\" \/>\n<meta property=\"article:published_time\" content=\"2017-08-08T04:48:28+00:00\" \/>\n<meta property=\"og:image\" content=\"https:\/\/blogit.gradia.fi\/hiuskilta\/wp-content\/uploads\/sites\/74\/2015\/05\/IMG_4196-225x300.jpg\" \/>\n<meta name=\"author\" content=\"Satu Mursula\" \/>\n<meta name=\"twitter:card\" content=\"summary_large_image\" \/>\n<meta name=\"twitter:label1\" content=\"Kirjoittanut\" \/>\n\t<meta name=\"twitter:data1\" content=\"Satu Mursula\" \/>\n<script type=\"application\/ld+json\" class=\"yoast-schema-graph\">{\"@context\":\"https:\\\/\\\/schema.org\",\"@graph\":[{\"@type\":\"Article\",\"@id\":\"https:\\\/\\\/blogit.gradia.fi\\\/hiuskilta\\\/2017\\\/08\\\/08\\\/tervetuloa-uudet-ja-vanhat-opiskelijat\\\/#article\",\"isPartOf\":{\"@id\":\"https:\\\/\\\/blogit.gradia.fi\\\/hiuskilta\\\/2017\\\/08\\\/08\\\/tervetuloa-uudet-ja-vanhat-opiskelijat\\\/\"},\"author\":{\"name\":\"Satu Mursula\",\"@id\":\"https:\\\/\\\/blogit.gradia.fi\\\/hiuskilta\\\/#\\\/schema\\\/person\\\/6bedf0ba7e0055a15b8c61273c374c3c\"},\"headline\":\"Tervetuloa uudet ja vanhat opiskelijat!\",\"datePublished\":\"2017-08-08T04:48:28+00:00\",\"mainEntityOfPage\":{\"@id\":\"https:\\\/\\\/blogit.gradia.fi\\\/hiuskilta\\\/2017\\\/08\\\/08\\\/tervetuloa-uudet-ja-vanhat-opiskelijat\\\/\"},\"wordCount\":50,\"commentCount\":0,\"image\":{\"@id\":\"https:\\\/\\\/blogit.gradia.fi\\\/hiuskilta\\\/2017\\\/08\\\/08\\\/tervetuloa-uudet-ja-vanhat-opiskelijat\\\/#primaryimage\"},\"thumbnailUrl\":\"https:\\\/\\\/blogit.gradia.fi\\\/hiuskilta\\\/wp-content\\\/uploads\\\/sites\\\/74\\\/2015\\\/05\\\/IMG_4196-225x300.jpg\",\"articleSection\":[\"Ajankohtaista\"],\"inLanguage\":\"fi\",\"potentialAction\":[{\"@type\":\"CommentAction\",\"name\":\"Comment\",\"target\":[\"https:\\\/\\\/blogit.gradia.fi\\\/hiuskilta\\\/2017\\\/08\\\/08\\\/tervetuloa-uudet-ja-vanhat-opiskelijat\\\/#respond\"]}]},{\"@type\":\"WebPage\",\"@id\":\"https:\\\/\\\/blogit.gradia.fi\\\/hiuskilta\\\/2017\\\/08\\\/08\\\/tervetuloa-uudet-ja-vanhat-opiskelijat\\\/\",\"url\":\"https:\\\/\\\/blogit.gradia.fi\\\/hiuskilta\\\/2017\\\/08\\\/08\\\/tervetuloa-uudet-ja-vanhat-opiskelijat\\\/\",\"name\":\"Tervetuloa uudet ja vanhat opiskelijat! - Hiuskilta Original\",\"isPartOf\":{\"@id\":\"https:\\\/\\\/blogit.gradia.fi\\\/hiuskilta\\\/#website\"},\"primaryImageOfPage\":{\"@id\":\"https:\\\/\\\/blogit.gradia.fi\\\/hiuskilta\\\/2017\\\/08\\\/08\\\/tervetuloa-uudet-ja-vanhat-opiskelijat\\\/#primaryimage\"},\"image\":{\"@id\":\"https:\\\/\\\/blogit.gradia.fi\\\/hiuskilta\\\/2017\\\/08\\\/08\\\/tervetuloa-uudet-ja-vanhat-opiskelijat\\\/#primaryimage\"},\"thumbnailUrl\":\"https:\\\/\\\/blogit.gradia.fi\\\/hiuskilta\\\/wp-content\\\/uploads\\\/sites\\\/74\\\/2015\\\/05\\\/IMG_4196-225x300.jpg\",\"datePublished\":\"2017-08-08T04:48:28+00:00\",\"author\":{\"@id\":\"https:\\\/\\\/blogit.gradia.fi\\\/hiuskilta\\\/#\\\/schema\\\/person\\\/6bedf0ba7e0055a15b8c61273c374c3c\"},\"inLanguage\":\"fi\",\"potentialAction\":[{\"@type\":\"ReadAction\",\"target\":[\"https:\\\/\\\/blogit.gradia.fi\\\/hiuskilta\\\/2017\\\/08\\\/08\\\/tervetuloa-uudet-ja-vanhat-opiskelijat\\\/\"]}]},{\"@type\":\"ImageObject\",\"inLanguage\":\"fi\",\"@id\":\"https:\\\/\\\/blogit.gradia.fi\\\/hiuskilta\\\/2017\\\/08\\\/08\\\/tervetuloa-uudet-ja-vanhat-opiskelijat\\\/#primaryimage\",\"url\":\"https:\\\/\\\/blogit.gradia.fi\\\/hiuskilta\\\/wp-content\\\/uploads\\\/sites\\\/74\\\/2015\\\/05\\\/IMG_4196.jpg\",\"contentUrl\":\"https:\\\/\\\/blogit.gradia.fi\\\/hiuskilta\\\/wp-content\\\/uploads\\\/sites\\\/74\\\/2015\\\/05\\\/IMG_4196.jpg\",\"width\":2448,\"height\":3264},{\"@type\":\"WebSite\",\"@id\":\"https:\\\/\\\/blogit.gradia.fi\\\/hiuskilta\\\/#website\",\"url\":\"https:\\\/\\\/blogit.gradia.fi\\\/hiuskilta\\\/\",\"name\":\"Hiuskilta Original\",\"description\":\"Gradia Jyv\u00e4skyl\u00e4n hiusalan avoin oppimisymp\u00e4rist\u00f6\",\"potentialAction\":[{\"@type\":\"SearchAction\",\"target\":{\"@type\":\"EntryPoint\",\"urlTemplate\":\"https:\\\/\\\/blogit.gradia.fi\\\/hiuskilta\\\/?s={search_term_string}\"},\"query-input\":{\"@type\":\"PropertyValueSpecification\",\"valueRequired\":true,\"valueName\":\"search_term_string\"}}],\"inLanguage\":\"fi\"},{\"@type\":\"Person\",\"@id\":\"https:\\\/\\\/blogit.gradia.fi\\\/hiuskilta\\\/#\\\/schema\\\/person\\\/6bedf0ba7e0055a15b8c61273c374c3c\",\"name\":\"Satu Mursula\",\"image\":{\"@type\":\"ImageObject\",\"inLanguage\":\"fi\",\"@id\":\"https:\\\/\\\/secure.gravatar.com\\\/avatar\\\/331694ec42c7e5973ee96bc7240acd55a49dd33647de4cbe661864ff85b33809?s=96&d=mm&r=g\",\"url\":\"https:\\\/\\\/secure.gravatar.com\\\/avatar\\\/331694ec42c7e5973ee96bc7240acd55a49dd33647de4cbe661864ff85b33809?s=96&d=mm&r=g\",\"contentUrl\":\"https:\\\/\\\/secure.gravatar.com\\\/avatar\\\/331694ec42c7e5973ee96bc7240acd55a49dd33647de4cbe661864ff85b33809?s=96&d=mm&r=g\",\"caption\":\"Satu Mursula\"},\"url\":\"https:\\\/\\\/blogit.gradia.fi\\\/hiuskilta\\\/author\\\/satub\\\/\"}]}<\/script>\n<!-- \/ Yoast SEO plugin. -->","yoast_head_json":{"title":"Tervetuloa uudet ja vanhat opiskelijat! - Hiuskilta Original","robots":{"index":"index","follow":"follow","max-snippet":"max-snippet:-1","max-image-preview":"max-image-preview:large","max-video-preview":"max-video-preview:-1"},"canonical":"https:\/\/blogit.gradia.fi\/hiuskilta\/2017\/08\/08\/tervetuloa-uudet-ja-vanhat-opiskelijat\/","og_locale":"fi_FI","og_type":"article","og_title":"Tervetuloa uudet ja vanhat opiskelijat! - Hiuskilta Original","og_description":"Hei, taas on koulun aloitus edess\u00e4 ja ensimm\u00e4inen jakso alkaa! Hienoa n\u00e4hd\u00e4 teid\u00e4t kaikki ja toivottavasti k\u00e4yt\u00e4tte monipuolisesti Hiuskilta sivustoamme, joka on meid\u00e4n yhteinen oppimisymp\u00e4rist\u00f6. Pidet\u00e4\u00e4n toisistamme huolta ja tehd\u00e4\u00e4n opiskelusta yhdess\u00e4 hauskaa! Terv. Ope\/valmentajat","og_url":"https:\/\/blogit.gradia.fi\/hiuskilta\/2017\/08\/08\/tervetuloa-uudet-ja-vanhat-opiskelijat\/","og_site_name":"Hiuskilta Original","article_published_time":"2017-08-08T04:48:28+00:00","og_image":[{"url":"https:\/\/blogit.gradia.fi\/hiuskilta\/wp-content\/uploads\/sites\/74\/2015\/05\/IMG_4196-225x300.jpg","type":"","width":"","height":""}],"author":"Satu Mursula","twitter_card":"summary_large_image","twitter_misc":{"Kirjoittanut":"Satu Mursula"},"schema":{"@context":"https:\/\/schema.org","@graph":[{"@type":"Article","@id":"https:\/\/blogit.gradia.fi\/hiuskilta\/2017\/08\/08\/tervetuloa-uudet-ja-vanhat-opiskelijat\/#article","isPartOf":{"@id":"https:\/\/blogit.gradia.fi\/hiuskilta\/2017\/08\/08\/tervetuloa-uudet-ja-vanhat-opiskelijat\/"},"author":{"name":"Satu Mursula","@id":"https:\/\/blogit.gradia.fi\/hiuskilta\/#\/schema\/person\/6bedf0ba7e0055a15b8c61273c374c3c"},"headline":"Tervetuloa uudet ja vanhat opiskelijat!","datePublished":"2017-08-08T04:48:28+00:00","mainEntityOfPage":{"@id":"https:\/\/blogit.gradia.fi\/hiuskilta\/2017\/08\/08\/tervetuloa-uudet-ja-vanhat-opiskelijat\/"},"wordCount":50,"commentCount":0,"image":{"@id":"https:\/\/blogit.gradia.fi\/hiuskilta\/2017\/08\/08\/tervetuloa-uudet-ja-vanhat-opiskelijat\/#primaryimage"},"thumbnailUrl":"https:\/\/blogit.gradia.fi\/hiuskilta\/wp-content\/uploads\/sites\/74\/2015\/05\/IMG_4196-225x300.jpg","articleSection":["Ajankohtaista"],"inLanguage":"fi","potentialAction":[{"@type":"CommentAction","name":"Comment","target":["https:\/\/blogit.gradia.fi\/hiuskilta\/2017\/08\/08\/tervetuloa-uudet-ja-vanhat-opiskelijat\/#respond"]}]},{"@type":"WebPage","@id":"https:\/\/blogit.gradia.fi\/hiuskilta\/2017\/08\/08\/tervetuloa-uudet-ja-vanhat-opiskelijat\/","url":"https:\/\/blogit.gradia.fi\/hiuskilta\/2017\/08\/08\/tervetuloa-uudet-ja-vanhat-opiskelijat\/","name":"Tervetuloa uudet ja vanhat opiskelijat! - Hiuskilta Original","isPartOf":{"@id":"https:\/\/blogit.gradia.fi\/hiuskilta\/#website"},"primaryImageOfPage":{"@id":"https:\/\/blogit.gradia.fi\/hiuskilta\/2017\/08\/08\/tervetuloa-uudet-ja-vanhat-opiskelijat\/#primaryimage"},"image":{"@id":"https:\/\/blogit.gradia.fi\/hiuskilta\/2017\/08\/08\/tervetuloa-uudet-ja-vanhat-opiskelijat\/#primaryimage"},"thumbnailUrl":"https:\/\/blogit.gradia.fi\/hiuskilta\/wp-content\/uploads\/sites\/74\/2015\/05\/IMG_4196-225x300.jpg","datePublished":"2017-08-08T04:48:28+00:00","author":{"@id":"https:\/\/blogit.gradia.fi\/hiuskilta\/#\/schema\/person\/6bedf0ba7e0055a15b8c61273c374c3c"},"inLanguage":"fi","potentialAction":[{"@type":"ReadAction","target":["https:\/\/blogit.gradia.fi\/hiuskilta\/2017\/08\/08\/tervetuloa-uudet-ja-vanhat-opiskelijat\/"]}]},{"@type":"ImageObject","inLanguage":"fi","@id":"https:\/\/blogit.gradia.fi\/hiuskilta\/2017\/08\/08\/tervetuloa-uudet-ja-vanhat-opiskelijat\/#primaryimage","url":"https:\/\/blogit.gradia.fi\/hiuskilta\/wp-content\/uploads\/sites\/74\/2015\/05\/IMG_4196.jpg","contentUrl":"https:\/\/blogit.gradia.fi\/hiuskilta\/wp-content\/uploads\/sites\/74\/2015\/05\/IMG_4196.jpg","width":2448,"height":3264},{"@type":"WebSite","@id":"https:\/\/blogit.gradia.fi\/hiuskilta\/#website","url":"https:\/\/blogit.gradia.fi\/hiuskilta\/","name":"Hiuskilta Original","description":"Gradia Jyv\u00e4skyl\u00e4n hiusalan avoin oppimisymp\u00e4rist\u00f6","potentialAction":[{"@type":"SearchAction","target":{"@type":"EntryPoint","urlTemplate":"https:\/\/blogit.gradia.fi\/hiuskilta\/?s={search_term_string}"},"query-input":{"@type":"PropertyValueSpecification","valueRequired":true,"valueName":"search_term_string"}}],"inLanguage":"fi"},{"@type":"Person","@id":"https:\/\/blogit.gradia.fi\/hiuskilta\/#\/schema\/person\/6bedf0ba7e0055a15b8c61273c374c3c","name":"Satu Mursula","image":{"@type":"ImageObject","inLanguage":"fi","@id":"https:\/\/secure.gravatar.com\/avatar\/331694ec42c7e5973ee96bc7240acd55a49dd33647de4cbe661864ff85b33809?s=96&d=mm&r=g","url":"https:\/\/secure.gravatar.com\/avatar\/331694ec42c7e5973ee96bc7240acd55a49dd33647de4cbe661864ff85b33809?s=96&d=mm&r=g","contentUrl":"https:\/\/secure.gravatar.com\/avatar\/331694ec42c7e5973ee96bc7240acd55a49dd33647de4cbe661864ff85b33809?s=96&d=mm&r=g","caption":"Satu Mursula"},"url":"https:\/\/blogit.gradia.fi\/hiuskilta\/author\/satub\/"}]}},"uagb_featured_image_src":{"full":false,"thumbnail":false,"medium":false,"medium_large":false,"large":false,"1536x1536":false,"2048x2048":false,"post-thumbnail":false,"twentyfourteen-full-width":false},"uagb_author_info":{"display_name":"Satu Mursula","author_link":"https:\/\/blogit.gradia.fi\/hiuskilta\/author\/satub\/"},"uagb_comment_info":0,"uagb_excerpt":"Hei, taas on koulun aloitus edess\u00e4 ja ensimm\u00e4inen jakso alkaa! Hienoa n\u00e4hd\u00e4 teid\u00e4t kaikki ja toivottavasti k\u00e4yt\u00e4tte monipuolisesti Hiuskilta sivustoamme, joka on meid\u00e4n yhteinen oppimisymp\u00e4rist\u00f6. Pidet\u00e4\u00e4n toisistamme huolta ja tehd\u00e4\u00e4n opiskelusta yhdess\u00e4 hauskaa! Terv. Ope\/valmentajat","_links":{"self":[{"href":"https:\/\/blogit.gradia.fi\/hiuskilta\/wp-json\/wp\/v2\/posts\/1045","targetHints":{"allow":["GET"]}}],"collection":[{"href":"https:\/\/blogit.gradia.fi\/hiuskilta\/wp-json\/wp\/v2\/posts"}],"about":[{"href":"https:\/\/blogit.gradia.fi\/hiuskilta\/wp-json\/wp\/v2\/types\/post"}],"author":[{"embeddable":true,"href":"https:\/\/blogit.gradia.fi\/hiuskilta\/wp-json\/wp\/v2\/users\/527"}],"replies":[{"embeddable":true,"href":"https:\/\/blogit.gradia.fi\/hiuskilta\/wp-json\/wp\/v2\/comments?post=1045"}],"version-history":[{"count":0,"href":"https:\/\/blogit.gradia.fi\/hiuskilta\/wp-json\/wp\/v2\/posts\/1045\/revisions"}],"wp:attachment":[{"href":"https:\/\/blogit.gradia.fi\/hiuskilta\/wp-json\/wp\/v2\/media?parent=1045"}],"wp:term":[{"taxonomy":"category","embeddable":true,"href":"https:\/\/blogit.gradia.fi\/hiuskilta\/wp-json\/wp\/v2\/categories?post=1045"},{"taxonomy":"post_tag","embeddable":true,"href":"https:\/\/blogit.gradia.fi\/hiuskilta\/wp-json\/wp\/v2\/tags?post=1045"}],"curies":[{"name":"wp","href":"https:\/\/api.w.org\/{rel}","templated":true}]}}