{"id":866,"date":"2023-03-22T09:37:48","date_gmt":"2023-03-22T07:37:48","guid":{"rendered":"https:\/\/blogit.gradia.fi\/hannisjarvinen-tdpt2104\/?p=866"},"modified":"2023-03-24T11:06:55","modified_gmt":"2023-03-24T09:06:55","slug":"varjaysta-2","status":"publish","type":"post","link":"https:\/\/blogit.gradia.fi\/hannisjarvinen-tdpt2104\/2023\/03\/22\/varjaysta-2\/","title":{"rendered":"V\u00e4rj\u00e4yst\u00e4"},"content":{"rendered":"\n<p>15.3. V\u00e4rj\u00e4sin liukuv\u00e4rj\u00e4yksell\u00e4 lankaa neulakintaita varten. <\/p>\n\n\n\n<p>Verihelttaseitikin varsista tuli kaunista oranssia. Toinen p\u00e4\u00e4 vyyhdist\u00e4 oli hevonhierakkakylvyss\u00e4. Langat olivat hiukan eris\u00e4vyisi\u00e4 sukkalankojen j\u00e4mi\u00e4, joita l\u00f6ysin kaapista. Lopputulos oli kaunis.<\/p>\n\n\n\n<figure class=\"wp-block-gallery has-nested-images columns-default is-cropped wp-block-gallery-1 is-layout-flex wp-block-gallery-is-layout-flex\">\n<figure class=\"wp-block-image size-large\"><img loading=\"lazy\" decoding=\"async\" width=\"768\" height=\"1024\" data-id=\"868\" src=\"https:\/\/blogit.gradia.fi\/hannisjarvinen-tdpt2104\/wp-content\/uploads\/sites\/235\/2023\/03\/IMG_20230315_162422-768x1024.jpg\" alt=\"\" class=\"wp-image-868\" srcset=\"https:\/\/blogit.gradia.fi\/hannisjarvinen-tdpt2104\/wp-content\/uploads\/sites\/235\/2023\/03\/IMG_20230315_162422-768x1024.jpg 768w, https:\/\/blogit.gradia.fi\/hannisjarvinen-tdpt2104\/wp-content\/uploads\/sites\/235\/2023\/03\/IMG_20230315_162422-225x300.jpg 225w, https:\/\/blogit.gradia.fi\/hannisjarvinen-tdpt2104\/wp-content\/uploads\/sites\/235\/2023\/03\/IMG_20230315_162422.jpg 1000w\" sizes=\"auto, (max-width: 767px) 89vw, (max-width: 1000px) 54vw, (max-width: 1071px) 543px, 580px\" \/><figcaption class=\"wp-element-caption\">Verihelttaseitikin varret<\/figcaption><\/figure>\n\n\n\n<figure class=\"wp-block-image size-large\"><img loading=\"lazy\" decoding=\"async\" width=\"809\" height=\"1024\" data-id=\"871\" src=\"https:\/\/blogit.gradia.fi\/hannisjarvinen-tdpt2104\/wp-content\/uploads\/sites\/235\/2023\/03\/IMG_20230315_162015-809x1024.jpg\" alt=\"\" class=\"wp-image-871\" srcset=\"https:\/\/blogit.gradia.fi\/hannisjarvinen-tdpt2104\/wp-content\/uploads\/sites\/235\/2023\/03\/IMG_20230315_162015-809x1024.jpg 809w, https:\/\/blogit.gradia.fi\/hannisjarvinen-tdpt2104\/wp-content\/uploads\/sites\/235\/2023\/03\/IMG_20230315_162015-237x300.jpg 237w, https:\/\/blogit.gradia.fi\/hannisjarvinen-tdpt2104\/wp-content\/uploads\/sites\/235\/2023\/03\/IMG_20230315_162015-768x972.jpg 768w, https:\/\/blogit.gradia.fi\/hannisjarvinen-tdpt2104\/wp-content\/uploads\/sites\/235\/2023\/03\/IMG_20230315_162015.jpg 1000w\" sizes=\"auto, (max-width: 767px) 89vw, (max-width: 1000px) 54vw, (max-width: 1071px) 543px, 580px\" \/><figcaption class=\"wp-element-caption\">Hevonhierakkakylpy<\/figcaption><\/figure>\n<\/figure>\n\n\n\n<figure class=\"wp-block-image size-full\"><img loading=\"lazy\" decoding=\"async\" width=\"1000\" height=\"558\" src=\"https:\/\/blogit.gradia.fi\/hannisjarvinen-tdpt2104\/wp-content\/uploads\/sites\/235\/2023\/03\/IMG_20230316_094208.jpg\" alt=\"\" class=\"wp-image-867\" srcset=\"https:\/\/blogit.gradia.fi\/hannisjarvinen-tdpt2104\/wp-content\/uploads\/sites\/235\/2023\/03\/IMG_20230316_094208.jpg 1000w, https:\/\/blogit.gradia.fi\/hannisjarvinen-tdpt2104\/wp-content\/uploads\/sites\/235\/2023\/03\/IMG_20230316_094208-300x167.jpg 300w, https:\/\/blogit.gradia.fi\/hannisjarvinen-tdpt2104\/wp-content\/uploads\/sites\/235\/2023\/03\/IMG_20230316_094208-768x429.jpg 768w\" sizes=\"auto, (max-width: 767px) 89vw, (max-width: 1000px) 54vw, (max-width: 1071px) 543px, 580px\" \/><\/figure>\n\n\n\n<p>Aloitin koulussa tekem\u00e4\u00e4n kuolemaj\u00e4rven tekniikalla kintaita v\u00e4rj\u00e4\u00e4m\u00e4st\u00e4ni langasta. Kintaat ovat lapsen kokoa ja aurinkoisen v\u00e4riset.<\/p>\n\n\n\n<figure class=\"wp-block-image size-large\"><img loading=\"lazy\" decoding=\"async\" width=\"839\" height=\"1024\" src=\"https:\/\/blogit.gradia.fi\/hannisjarvinen-tdpt2104\/wp-content\/uploads\/sites\/235\/2023\/03\/IMG_20230322_090912-839x1024.jpg\" alt=\"\" class=\"wp-image-872\" \/><\/figure>\n","protected":false},"excerpt":{"rendered":"<p>15.3. V\u00e4rj\u00e4sin liukuv\u00e4rj\u00e4yksell\u00e4 lankaa neulakintaita varten. Verihelttaseitikin varsista tuli kaunista oranssia. Toinen p\u00e4\u00e4 vyyhdist\u00e4 oli hevonhierakkakylvyss\u00e4. Langat olivat hiukan eris\u00e4vyisi\u00e4 sukkalankojen j\u00e4mi\u00e4, joita l\u00f6ysin kaapista. Lopputulos oli kaunis. Aloitin koulussa tekem\u00e4\u00e4n kuolemaj\u00e4rven tekniikalla kintaita v\u00e4rj\u00e4\u00e4m\u00e4st\u00e4ni langasta. Kintaat ovat lapsen kokoa ja aurinkoisen v\u00e4riset.<\/p>\n","protected":false},"author":771,"featured_media":0,"comment_status":"open","ping_status":"open","sticky":false,"template":"","format":"standard","meta":{"_uag_custom_page_level_css":"","footnotes":""},"categories":[14,8],"tags":[],"class_list":["post-866","post","type-post","status-publish","format-standard","hentry","category-erikoistekniikat","category-varjays"],"yoast_head":"<!-- This site is optimized with the Yoast SEO plugin v27.5 - https:\/\/yoast.com\/product\/yoast-seo-wordpress\/ -->\n<title>V\u00e4rj\u00e4yst\u00e4 - Oppimisp\u00e4iv\u00e4kirja<\/title>\n<meta name=\"robots\" content=\"index, follow, max-snippet:-1, max-image-preview:large, max-video-preview:-1\" \/>\n<link rel=\"canonical\" href=\"https:\/\/blogit.gradia.fi\/hannisjarvinen-tdpt2104\/2023\/03\/22\/varjaysta-2\/\" \/>\n<meta property=\"og:locale\" content=\"fi_FI\" \/>\n<meta property=\"og:type\" content=\"article\" \/>\n<meta property=\"og:title\" content=\"V\u00e4rj\u00e4yst\u00e4 - Oppimisp\u00e4iv\u00e4kirja\" \/>\n<meta property=\"og:description\" content=\"15.3. V\u00e4rj\u00e4sin liukuv\u00e4rj\u00e4yksell\u00e4 lankaa neulakintaita varten. Verihelttaseitikin varsista tuli kaunista oranssia. Toinen p\u00e4\u00e4 vyyhdist\u00e4 oli hevonhierakkakylvyss\u00e4. Langat olivat hiukan eris\u00e4vyisi\u00e4 sukkalankojen j\u00e4mi\u00e4, joita l\u00f6ysin kaapista. Lopputulos oli kaunis. Aloitin koulussa tekem\u00e4\u00e4n kuolemaj\u00e4rven tekniikalla kintaita v\u00e4rj\u00e4\u00e4m\u00e4st\u00e4ni langasta. Kintaat ovat lapsen kokoa ja aurinkoisen v\u00e4riset.\" \/>\n<meta property=\"og:url\" content=\"https:\/\/blogit.gradia.fi\/hannisjarvinen-tdpt2104\/2023\/03\/22\/varjaysta-2\/\" \/>\n<meta property=\"og:site_name\" content=\"Oppimisp\u00e4iv\u00e4kirja\" \/>\n<meta property=\"article:published_time\" content=\"2023-03-22T07:37:48+00:00\" \/>\n<meta property=\"article:modified_time\" content=\"2023-03-24T09:06:55+00:00\" \/>\n<meta property=\"og:image\" content=\"https:\/\/blogit.gradia.fi\/hannisjarvinen-tdpt2104\/wp-content\/uploads\/sites\/235\/2023\/03\/IMG_20230315_162422-768x1024.jpg\" \/>\n<meta name=\"author\" content=\"Hannis J\u00e4rvinen\" \/>\n<meta name=\"twitter:card\" content=\"summary_large_image\" \/>\n<meta name=\"twitter:label1\" content=\"Kirjoittanut\" \/>\n\t<meta name=\"twitter:data1\" content=\"Hannis J\u00e4rvinen\" \/>\n\t<meta name=\"twitter:label2\" content=\"Arvioitu lukuaika\" \/>\n\t<meta name=\"twitter:data2\" content=\"2 minuuttia\" \/>\n<script type=\"application\/ld+json\" class=\"yoast-schema-graph\">{\"@context\":\"https:\\\/\\\/schema.org\",\"@graph\":[{\"@type\":\"Article\",\"@id\":\"https:\\\/\\\/blogit.gradia.fi\\\/hannisjarvinen-tdpt2104\\\/2023\\\/03\\\/22\\\/varjaysta-2\\\/#article\",\"isPartOf\":{\"@id\":\"https:\\\/\\\/blogit.gradia.fi\\\/hannisjarvinen-tdpt2104\\\/2023\\\/03\\\/22\\\/varjaysta-2\\\/\"},\"author\":{\"name\":\"Hannis J\u00e4rvinen\",\"@id\":\"https:\\\/\\\/blogit.gradia.fi\\\/hannisjarvinen-tdpt2104\\\/#\\\/schema\\\/person\\\/e011261e8d441be7cf033a749535de0c\"},\"headline\":\"V\u00e4rj\u00e4yst\u00e4\",\"datePublished\":\"2023-03-22T07:37:48+00:00\",\"dateModified\":\"2023-03-24T09:06:55+00:00\",\"mainEntityOfPage\":{\"@id\":\"https:\\\/\\\/blogit.gradia.fi\\\/hannisjarvinen-tdpt2104\\\/2023\\\/03\\\/22\\\/varjaysta-2\\\/\"},\"wordCount\":62,\"commentCount\":0,\"image\":{\"@id\":\"https:\\\/\\\/blogit.gradia.fi\\\/hannisjarvinen-tdpt2104\\\/2023\\\/03\\\/22\\\/varjaysta-2\\\/#primaryimage\"},\"thumbnailUrl\":\"https:\\\/\\\/blogit.gradia.fi\\\/hannisjarvinen-tdpt2104\\\/wp-content\\\/uploads\\\/sites\\\/235\\\/2023\\\/03\\\/IMG_20230315_162422-768x1024.jpg\",\"articleSection\":[\"Erikoistekniikat\",\"V\u00e4rj\u00e4ys\"],\"inLanguage\":\"fi\",\"potentialAction\":[{\"@type\":\"CommentAction\",\"name\":\"Comment\",\"target\":[\"https:\\\/\\\/blogit.gradia.fi\\\/hannisjarvinen-tdpt2104\\\/2023\\\/03\\\/22\\\/varjaysta-2\\\/#respond\"]}]},{\"@type\":\"WebPage\",\"@id\":\"https:\\\/\\\/blogit.gradia.fi\\\/hannisjarvinen-tdpt2104\\\/2023\\\/03\\\/22\\\/varjaysta-2\\\/\",\"url\":\"https:\\\/\\\/blogit.gradia.fi\\\/hannisjarvinen-tdpt2104\\\/2023\\\/03\\\/22\\\/varjaysta-2\\\/\",\"name\":\"V\u00e4rj\u00e4yst\u00e4 - Oppimisp\u00e4iv\u00e4kirja\",\"isPartOf\":{\"@id\":\"https:\\\/\\\/blogit.gradia.fi\\\/hannisjarvinen-tdpt2104\\\/#website\"},\"primaryImageOfPage\":{\"@id\":\"https:\\\/\\\/blogit.gradia.fi\\\/hannisjarvinen-tdpt2104\\\/2023\\\/03\\\/22\\\/varjaysta-2\\\/#primaryimage\"},\"image\":{\"@id\":\"https:\\\/\\\/blogit.gradia.fi\\\/hannisjarvinen-tdpt2104\\\/2023\\\/03\\\/22\\\/varjaysta-2\\\/#primaryimage\"},\"thumbnailUrl\":\"https:\\\/\\\/blogit.gradia.fi\\\/hannisjarvinen-tdpt2104\\\/wp-content\\\/uploads\\\/sites\\\/235\\\/2023\\\/03\\\/IMG_20230315_162422-768x1024.jpg\",\"datePublished\":\"2023-03-22T07:37:48+00:00\",\"dateModified\":\"2023-03-24T09:06:55+00:00\",\"author\":{\"@id\":\"https:\\\/\\\/blogit.gradia.fi\\\/hannisjarvinen-tdpt2104\\\/#\\\/schema\\\/person\\\/e011261e8d441be7cf033a749535de0c\"},\"breadcrumb\":{\"@id\":\"https:\\\/\\\/blogit.gradia.fi\\\/hannisjarvinen-tdpt2104\\\/2023\\\/03\\\/22\\\/varjaysta-2\\\/#breadcrumb\"},\"inLanguage\":\"fi\",\"potentialAction\":[{\"@type\":\"ReadAction\",\"target\":[\"https:\\\/\\\/blogit.gradia.fi\\\/hannisjarvinen-tdpt2104\\\/2023\\\/03\\\/22\\\/varjaysta-2\\\/\"]}]},{\"@type\":\"ImageObject\",\"inLanguage\":\"fi\",\"@id\":\"https:\\\/\\\/blogit.gradia.fi\\\/hannisjarvinen-tdpt2104\\\/2023\\\/03\\\/22\\\/varjaysta-2\\\/#primaryimage\",\"url\":\"https:\\\/\\\/blogit.gradia.fi\\\/hannisjarvinen-tdpt2104\\\/wp-content\\\/uploads\\\/sites\\\/235\\\/2023\\\/03\\\/IMG_20230315_162422.jpg\",\"contentUrl\":\"https:\\\/\\\/blogit.gradia.fi\\\/hannisjarvinen-tdpt2104\\\/wp-content\\\/uploads\\\/sites\\\/235\\\/2023\\\/03\\\/IMG_20230315_162422.jpg\",\"width\":1000,\"height\":1333,\"caption\":\"Verihelttaseitikin varret\"},{\"@type\":\"BreadcrumbList\",\"@id\":\"https:\\\/\\\/blogit.gradia.fi\\\/hannisjarvinen-tdpt2104\\\/2023\\\/03\\\/22\\\/varjaysta-2\\\/#breadcrumb\",\"itemListElement\":[{\"@type\":\"ListItem\",\"position\":1,\"name\":\"Etusivu\",\"item\":\"https:\\\/\\\/blogit.gradia.fi\\\/hannisjarvinen-tdpt2104\\\/\"},{\"@type\":\"ListItem\",\"position\":2,\"name\":\"V\u00e4rj\u00e4yst\u00e4\"}]},{\"@type\":\"WebSite\",\"@id\":\"https:\\\/\\\/blogit.gradia.fi\\\/hannisjarvinen-tdpt2104\\\/#website\",\"url\":\"https:\\\/\\\/blogit.gradia.fi\\\/hannisjarvinen-tdpt2104\\\/\",\"name\":\"Oppimisp\u00e4iv\u00e4kirja\",\"description\":\"Hannis J\u00e4rvinen\",\"potentialAction\":[{\"@type\":\"SearchAction\",\"target\":{\"@type\":\"EntryPoint\",\"urlTemplate\":\"https:\\\/\\\/blogit.gradia.fi\\\/hannisjarvinen-tdpt2104\\\/?s={search_term_string}\"},\"query-input\":{\"@type\":\"PropertyValueSpecification\",\"valueRequired\":true,\"valueName\":\"search_term_string\"}}],\"inLanguage\":\"fi\"},{\"@type\":\"Person\",\"@id\":\"https:\\\/\\\/blogit.gradia.fi\\\/hannisjarvinen-tdpt2104\\\/#\\\/schema\\\/person\\\/e011261e8d441be7cf033a749535de0c\",\"name\":\"Hannis J\u00e4rvinen\",\"image\":{\"@type\":\"ImageObject\",\"inLanguage\":\"fi\",\"@id\":\"https:\\\/\\\/secure.gravatar.com\\\/avatar\\\/34ac6c536edfe2e363a0d57b1d24074e7abdca5a40940d30224c716c81d9b9ba?s=96&d=mm&r=g\",\"url\":\"https:\\\/\\\/secure.gravatar.com\\\/avatar\\\/34ac6c536edfe2e363a0d57b1d24074e7abdca5a40940d30224c716c81d9b9ba?s=96&d=mm&r=g\",\"contentUrl\":\"https:\\\/\\\/secure.gravatar.com\\\/avatar\\\/34ac6c536edfe2e363a0d57b1d24074e7abdca5a40940d30224c716c81d9b9ba?s=96&d=mm&r=g\",\"caption\":\"Hannis J\u00e4rvinen\"},\"url\":\"https:\\\/\\\/blogit.gradia.fi\\\/hannisjarvinen-tdpt2104\\\/author\\\/gr266238\\\/\"}]}<\/script>\n<!-- \/ Yoast SEO plugin. -->","yoast_head_json":{"title":"V\u00e4rj\u00e4yst\u00e4 - Oppimisp\u00e4iv\u00e4kirja","robots":{"index":"index","follow":"follow","max-snippet":"max-snippet:-1","max-image-preview":"max-image-preview:large","max-video-preview":"max-video-preview:-1"},"canonical":"https:\/\/blogit.gradia.fi\/hannisjarvinen-tdpt2104\/2023\/03\/22\/varjaysta-2\/","og_locale":"fi_FI","og_type":"article","og_title":"V\u00e4rj\u00e4yst\u00e4 - Oppimisp\u00e4iv\u00e4kirja","og_description":"15.3. V\u00e4rj\u00e4sin liukuv\u00e4rj\u00e4yksell\u00e4 lankaa neulakintaita varten. Verihelttaseitikin varsista tuli kaunista oranssia. Toinen p\u00e4\u00e4 vyyhdist\u00e4 oli hevonhierakkakylvyss\u00e4. Langat olivat hiukan eris\u00e4vyisi\u00e4 sukkalankojen j\u00e4mi\u00e4, joita l\u00f6ysin kaapista. Lopputulos oli kaunis. Aloitin koulussa tekem\u00e4\u00e4n kuolemaj\u00e4rven tekniikalla kintaita v\u00e4rj\u00e4\u00e4m\u00e4st\u00e4ni langasta. Kintaat ovat lapsen kokoa ja aurinkoisen v\u00e4riset.","og_url":"https:\/\/blogit.gradia.fi\/hannisjarvinen-tdpt2104\/2023\/03\/22\/varjaysta-2\/","og_site_name":"Oppimisp\u00e4iv\u00e4kirja","article_published_time":"2023-03-22T07:37:48+00:00","article_modified_time":"2023-03-24T09:06:55+00:00","og_image":[{"url":"https:\/\/blogit.gradia.fi\/hannisjarvinen-tdpt2104\/wp-content\/uploads\/sites\/235\/2023\/03\/IMG_20230315_162422-768x1024.jpg","type":"","width":"","height":""}],"author":"Hannis J\u00e4rvinen","twitter_card":"summary_large_image","twitter_misc":{"Kirjoittanut":"Hannis J\u00e4rvinen","Arvioitu lukuaika":"2 minuuttia"},"schema":{"@context":"https:\/\/schema.org","@graph":[{"@type":"Article","@id":"https:\/\/blogit.gradia.fi\/hannisjarvinen-tdpt2104\/2023\/03\/22\/varjaysta-2\/#article","isPartOf":{"@id":"https:\/\/blogit.gradia.fi\/hannisjarvinen-tdpt2104\/2023\/03\/22\/varjaysta-2\/"},"author":{"name":"Hannis J\u00e4rvinen","@id":"https:\/\/blogit.gradia.fi\/hannisjarvinen-tdpt2104\/#\/schema\/person\/e011261e8d441be7cf033a749535de0c"},"headline":"V\u00e4rj\u00e4yst\u00e4","datePublished":"2023-03-22T07:37:48+00:00","dateModified":"2023-03-24T09:06:55+00:00","mainEntityOfPage":{"@id":"https:\/\/blogit.gradia.fi\/hannisjarvinen-tdpt2104\/2023\/03\/22\/varjaysta-2\/"},"wordCount":62,"commentCount":0,"image":{"@id":"https:\/\/blogit.gradia.fi\/hannisjarvinen-tdpt2104\/2023\/03\/22\/varjaysta-2\/#primaryimage"},"thumbnailUrl":"https:\/\/blogit.gradia.fi\/hannisjarvinen-tdpt2104\/wp-content\/uploads\/sites\/235\/2023\/03\/IMG_20230315_162422-768x1024.jpg","articleSection":["Erikoistekniikat","V\u00e4rj\u00e4ys"],"inLanguage":"fi","potentialAction":[{"@type":"CommentAction","name":"Comment","target":["https:\/\/blogit.gradia.fi\/hannisjarvinen-tdpt2104\/2023\/03\/22\/varjaysta-2\/#respond"]}]},{"@type":"WebPage","@id":"https:\/\/blogit.gradia.fi\/hannisjarvinen-tdpt2104\/2023\/03\/22\/varjaysta-2\/","url":"https:\/\/blogit.gradia.fi\/hannisjarvinen-tdpt2104\/2023\/03\/22\/varjaysta-2\/","name":"V\u00e4rj\u00e4yst\u00e4 - Oppimisp\u00e4iv\u00e4kirja","isPartOf":{"@id":"https:\/\/blogit.gradia.fi\/hannisjarvinen-tdpt2104\/#website"},"primaryImageOfPage":{"@id":"https:\/\/blogit.gradia.fi\/hannisjarvinen-tdpt2104\/2023\/03\/22\/varjaysta-2\/#primaryimage"},"image":{"@id":"https:\/\/blogit.gradia.fi\/hannisjarvinen-tdpt2104\/2023\/03\/22\/varjaysta-2\/#primaryimage"},"thumbnailUrl":"https:\/\/blogit.gradia.fi\/hannisjarvinen-tdpt2104\/wp-content\/uploads\/sites\/235\/2023\/03\/IMG_20230315_162422-768x1024.jpg","datePublished":"2023-03-22T07:37:48+00:00","dateModified":"2023-03-24T09:06:55+00:00","author":{"@id":"https:\/\/blogit.gradia.fi\/hannisjarvinen-tdpt2104\/#\/schema\/person\/e011261e8d441be7cf033a749535de0c"},"breadcrumb":{"@id":"https:\/\/blogit.gradia.fi\/hannisjarvinen-tdpt2104\/2023\/03\/22\/varjaysta-2\/#breadcrumb"},"inLanguage":"fi","potentialAction":[{"@type":"ReadAction","target":["https:\/\/blogit.gradia.fi\/hannisjarvinen-tdpt2104\/2023\/03\/22\/varjaysta-2\/"]}]},{"@type":"ImageObject","inLanguage":"fi","@id":"https:\/\/blogit.gradia.fi\/hannisjarvinen-tdpt2104\/2023\/03\/22\/varjaysta-2\/#primaryimage","url":"https:\/\/blogit.gradia.fi\/hannisjarvinen-tdpt2104\/wp-content\/uploads\/sites\/235\/2023\/03\/IMG_20230315_162422.jpg","contentUrl":"https:\/\/blogit.gradia.fi\/hannisjarvinen-tdpt2104\/wp-content\/uploads\/sites\/235\/2023\/03\/IMG_20230315_162422.jpg","width":1000,"height":1333,"caption":"Verihelttaseitikin varret"},{"@type":"BreadcrumbList","@id":"https:\/\/blogit.gradia.fi\/hannisjarvinen-tdpt2104\/2023\/03\/22\/varjaysta-2\/#breadcrumb","itemListElement":[{"@type":"ListItem","position":1,"name":"Etusivu","item":"https:\/\/blogit.gradia.fi\/hannisjarvinen-tdpt2104\/"},{"@type":"ListItem","position":2,"name":"V\u00e4rj\u00e4yst\u00e4"}]},{"@type":"WebSite","@id":"https:\/\/blogit.gradia.fi\/hannisjarvinen-tdpt2104\/#website","url":"https:\/\/blogit.gradia.fi\/hannisjarvinen-tdpt2104\/","name":"Oppimisp\u00e4iv\u00e4kirja","description":"Hannis J\u00e4rvinen","potentialAction":[{"@type":"SearchAction","target":{"@type":"EntryPoint","urlTemplate":"https:\/\/blogit.gradia.fi\/hannisjarvinen-tdpt2104\/?s={search_term_string}"},"query-input":{"@type":"PropertyValueSpecification","valueRequired":true,"valueName":"search_term_string"}}],"inLanguage":"fi"},{"@type":"Person","@id":"https:\/\/blogit.gradia.fi\/hannisjarvinen-tdpt2104\/#\/schema\/person\/e011261e8d441be7cf033a749535de0c","name":"Hannis J\u00e4rvinen","image":{"@type":"ImageObject","inLanguage":"fi","@id":"https:\/\/secure.gravatar.com\/avatar\/34ac6c536edfe2e363a0d57b1d24074e7abdca5a40940d30224c716c81d9b9ba?s=96&d=mm&r=g","url":"https:\/\/secure.gravatar.com\/avatar\/34ac6c536edfe2e363a0d57b1d24074e7abdca5a40940d30224c716c81d9b9ba?s=96&d=mm&r=g","contentUrl":"https:\/\/secure.gravatar.com\/avatar\/34ac6c536edfe2e363a0d57b1d24074e7abdca5a40940d30224c716c81d9b9ba?s=96&d=mm&r=g","caption":"Hannis J\u00e4rvinen"},"url":"https:\/\/blogit.gradia.fi\/hannisjarvinen-tdpt2104\/author\/gr266238\/"}]}},"uagb_featured_image_src":{"full":false,"thumbnail":false,"medium":false,"medium_large":false,"large":false,"1536x1536":false,"2048x2048":false,"twentyseventeen-featured-image":false,"twentyseventeen-thumbnail-avatar":false},"uagb_author_info":{"display_name":"Hannis J\u00e4rvinen","author_link":"https:\/\/blogit.gradia.fi\/hannisjarvinen-tdpt2104\/author\/gr266238\/"},"uagb_comment_info":0,"uagb_excerpt":"15.3. V\u00e4rj\u00e4sin liukuv\u00e4rj\u00e4yksell\u00e4 lankaa neulakintaita varten. Verihelttaseitikin varsista tuli kaunista oranssia. Toinen p\u00e4\u00e4 vyyhdist\u00e4 oli hevonhierakkakylvyss\u00e4. Langat olivat hiukan eris\u00e4vyisi\u00e4 sukkalankojen j\u00e4mi\u00e4, joita l\u00f6ysin kaapista. Lopputulos oli kaunis. Aloitin koulussa tekem\u00e4\u00e4n kuolemaj\u00e4rven tekniikalla kintaita v\u00e4rj\u00e4\u00e4m\u00e4st\u00e4ni langasta. Kintaat ovat lapsen kokoa ja aurinkoisen v\u00e4riset.","_links":{"self":[{"href":"https:\/\/blogit.gradia.fi\/hannisjarvinen-tdpt2104\/wp-json\/wp\/v2\/posts\/866","targetHints":{"allow":["GET"]}}],"collection":[{"href":"https:\/\/blogit.gradia.fi\/hannisjarvinen-tdpt2104\/wp-json\/wp\/v2\/posts"}],"about":[{"href":"https:\/\/blogit.gradia.fi\/hannisjarvinen-tdpt2104\/wp-json\/wp\/v2\/types\/post"}],"author":[{"embeddable":true,"href":"https:\/\/blogit.gradia.fi\/hannisjarvinen-tdpt2104\/wp-json\/wp\/v2\/users\/771"}],"replies":[{"embeddable":true,"href":"https:\/\/blogit.gradia.fi\/hannisjarvinen-tdpt2104\/wp-json\/wp\/v2\/comments?post=866"}],"version-history":[{"count":5,"href":"https:\/\/blogit.gradia.fi\/hannisjarvinen-tdpt2104\/wp-json\/wp\/v2\/posts\/866\/revisions"}],"predecessor-version":[{"id":899,"href":"https:\/\/blogit.gradia.fi\/hannisjarvinen-tdpt2104\/wp-json\/wp\/v2\/posts\/866\/revisions\/899"}],"wp:attachment":[{"href":"https:\/\/blogit.gradia.fi\/hannisjarvinen-tdpt2104\/wp-json\/wp\/v2\/media?parent=866"}],"wp:term":[{"taxonomy":"category","embeddable":true,"href":"https:\/\/blogit.gradia.fi\/hannisjarvinen-tdpt2104\/wp-json\/wp\/v2\/categories?post=866"},{"taxonomy":"post_tag","embeddable":true,"href":"https:\/\/blogit.gradia.fi\/hannisjarvinen-tdpt2104\/wp-json\/wp\/v2\/tags?post=866"}],"curies":[{"name":"wp","href":"https:\/\/api.w.org\/{rel}","templated":true}]}}