{"id":822,"date":"2023-02-17T12:28:02","date_gmt":"2023-02-17T10:28:02","guid":{"rendered":"https:\/\/blogit.gradia.fi\/hannisjarvinen-tdpt2104\/?p=822"},"modified":"2023-02-17T12:28:04","modified_gmt":"2023-02-17T10:28:04","slug":"kevaan-korvalla","status":"publish","type":"post","link":"https:\/\/blogit.gradia.fi\/hannisjarvinen-tdpt2104\/2023\/02\/17\/kevaan-korvalla\/","title":{"rendered":"Kev\u00e4\u00e4n korvalla"},"content":{"rendered":"\n<p>Kev\u00e4t on alkanut leppoisasti ja kiireett\u00f6m\u00e4sti. Opiskeluni on keskittynyt &#8221;Erikoistuminen taideteollisuusalalla&#8221;-kurssiin. Olen tutustunut erikoistekniikoihin ja pohdiskellut tulevia suunnitelmia. <\/p>\n\n\n\n<p>Yhten\u00e4 erikoistekniikoista tutustuin kinnasneulatekniikkaan.  Tekniikkana se on erityisen vanha. Varhaisimmat Suomesta l\u00f6ydetyt neulakintaat ovat 1000-luvulta ja muualta maailmasta on l\u00f6ytynyt jopa vanhempia.<\/p>\n\n\n\n<p>Itse kiinnostuin kinnasneulatekniikasta tehdess\u00e4ni kulttuuril\u00e4ht\u00f6isen tuotteistamisen tutkimusta syksyll\u00e4. Silloin otin, omaan taustaani pohjaten, selv\u00e4\u00e4 karjalaisesta kinnasperinteest\u00e4. Sain selville, ett\u00e4 neulakintaat olivat Karjalassa t\u00e4rke\u00e4mpi\u00e4 kuin neulotut tai virkatut. <\/p>\n\n\n\n<p>Aloin opetella Youtuben kautta, kuinka neulakintaita tehd\u00e4\u00e4n. Alku oli hyvin hankalaa, kun videoita oli eri tyyppisi\u00e4 ja opettajilla ei ollut tekniikasta juuri kokemusta. Erilaisia neulakinnastekniikoita on useita satoja sen mukaan miss\u00e4 p\u00e4in eurooppaa on sattunut asumaan.  Suomessakin tekniikat vaihtelivat eri kylien v\u00e4lill\u00e4.<\/p>\n\n\n\n<p>Halusin oppia neulakinnastekniikan perusteet, ett\u00e4 osaan v\u00e4lit\u00e4\u00e4 taitoa my\u00f6hemmin my\u00f6s muille. Puuty\u00f6kurssilla valmistin visakoivusta kinnasneulan ja aloin neulomisharjoitukset. Ensimm\u00e4iset p\u00e4iv\u00e4t meniv\u00e4t sotkuisten myttyjen ymp\u00e4r\u00f6im\u00e4n\u00e4, mutta jossain vaiheessa p\u00e4\u00e4sin jyv\u00e4lle tekniikasta. Aloitin yleisimm\u00e4st\u00e4 Suomessa k\u00e4ytetyst\u00e4 tekniikasta 2+2.<\/p>\n\n\n\n<figure class=\"wp-block-image size-large\"><img loading=\"lazy\" decoding=\"async\" width=\"904\" height=\"1024\" src=\"https:\/\/blogit.gradia.fi\/hannisjarvinen-tdpt2104\/wp-content\/uploads\/sites\/235\/2023\/02\/IMG_20230123_104532-904x1024.jpg\" alt=\"\" class=\"wp-image-827\" srcset=\"https:\/\/blogit.gradia.fi\/hannisjarvinen-tdpt2104\/wp-content\/uploads\/sites\/235\/2023\/02\/IMG_20230123_104532-904x1024.jpg 904w, https:\/\/blogit.gradia.fi\/hannisjarvinen-tdpt2104\/wp-content\/uploads\/sites\/235\/2023\/02\/IMG_20230123_104532-265x300.jpg 265w, https:\/\/blogit.gradia.fi\/hannisjarvinen-tdpt2104\/wp-content\/uploads\/sites\/235\/2023\/02\/IMG_20230123_104532-768x870.jpg 768w, https:\/\/blogit.gradia.fi\/hannisjarvinen-tdpt2104\/wp-content\/uploads\/sites\/235\/2023\/02\/IMG_20230123_104532-1356x1536.jpg 1356w, https:\/\/blogit.gradia.fi\/hannisjarvinen-tdpt2104\/wp-content\/uploads\/sites\/235\/2023\/02\/IMG_20230123_104532.jpg 1626w\" sizes=\"auto, (max-width: 767px) 89vw, (max-width: 1000px) 54vw, (max-width: 1071px) 543px, 580px\" \/><figcaption class=\"wp-element-caption\">Pikkuhiljaa tekniikka alkoi sujua. Suomeksi 2+2, <em>UUOO\/UUOOO\u00a0<\/em><\/figcaption><\/figure>\n\n\n\n<p>Kokeilin erilaisia materiaaleja kinnastekniikkaan. Erityisesti kuparilangasta sai vieh\u00e4tt\u00e4vi\u00e4 kokeiluja vaikka langan pujottelu osoittui suhteellisen haastavaksi.<\/p>\n\n\n\n<figure class=\"wp-block-image size-large\"><img loading=\"lazy\" decoding=\"async\" width=\"1024\" height=\"768\" src=\"https:\/\/blogit.gradia.fi\/hannisjarvinen-tdpt2104\/wp-content\/uploads\/sites\/235\/2023\/02\/IMG_20230131_125502-1024x768.jpg\" alt=\"\" class=\"wp-image-828\" srcset=\"https:\/\/blogit.gradia.fi\/hannisjarvinen-tdpt2104\/wp-content\/uploads\/sites\/235\/2023\/02\/IMG_20230131_125502-1024x768.jpg 1024w, https:\/\/blogit.gradia.fi\/hannisjarvinen-tdpt2104\/wp-content\/uploads\/sites\/235\/2023\/02\/IMG_20230131_125502-300x225.jpg 300w, https:\/\/blogit.gradia.fi\/hannisjarvinen-tdpt2104\/wp-content\/uploads\/sites\/235\/2023\/02\/IMG_20230131_125502-768x576.jpg 768w, https:\/\/blogit.gradia.fi\/hannisjarvinen-tdpt2104\/wp-content\/uploads\/sites\/235\/2023\/02\/IMG_20230131_125502-1536x1152.jpg 1536w, https:\/\/blogit.gradia.fi\/hannisjarvinen-tdpt2104\/wp-content\/uploads\/sites\/235\/2023\/02\/IMG_20230131_125502-2048x1536.jpg 2048w\" sizes=\"auto, (max-width: 767px) 89vw, (max-width: 1000px) 54vw, (max-width: 1071px) 543px, 580px\" \/><figcaption class=\"wp-element-caption\">Materiaalikokeiluja kinnasneulatekniikalla<\/figcaption><\/figure>\n\n\n\n<figure class=\"wp-block-image size-full\"><img loading=\"lazy\" decoding=\"async\" width=\"1000\" height=\"660\" src=\"https:\/\/blogit.gradia.fi\/hannisjarvinen-tdpt2104\/wp-content\/uploads\/sites\/235\/2023\/02\/IMG_20230210_153414-1.jpg\" alt=\"\" class=\"wp-image-831\" srcset=\"https:\/\/blogit.gradia.fi\/hannisjarvinen-tdpt2104\/wp-content\/uploads\/sites\/235\/2023\/02\/IMG_20230210_153414-1.jpg 1000w, https:\/\/blogit.gradia.fi\/hannisjarvinen-tdpt2104\/wp-content\/uploads\/sites\/235\/2023\/02\/IMG_20230210_153414-1-300x198.jpg 300w, https:\/\/blogit.gradia.fi\/hannisjarvinen-tdpt2104\/wp-content\/uploads\/sites\/235\/2023\/02\/IMG_20230210_153414-1-768x507.jpg 768w\" sizes=\"auto, (max-width: 767px) 89vw, (max-width: 1000px) 54vw, (max-width: 1071px) 543px, 580px\" \/><\/figure>\n\n\n\n<figure class=\"wp-block-image size-large\"><img loading=\"lazy\" decoding=\"async\" width=\"768\" height=\"1024\" src=\"https:\/\/blogit.gradia.fi\/hannisjarvinen-tdpt2104\/wp-content\/uploads\/sites\/235\/2023\/02\/IMG_20230215_154001_Bokeh-768x1024.jpg\" alt=\"\" class=\"wp-image-832\" \/><figcaption class=\"wp-element-caption\">R\u00e4is\u00e4l\u00e4 2+1 lettireunus, Hansenin koodi UUO\/UOOU F1<\/figcaption><\/figure>\n\n\n\n<p>Isovanhempieni ollessa kotoisin R\u00e4is\u00e4l\u00e4st\u00e4, valitsin kokeiluun my\u00f6s R\u00e4is\u00e4l\u00e4n kyl\u00e4n oman neulomistavan, joka on saman tyyppinen kuin oslolainen pisto, mutta lopussa menn\u00e4\u00e4n neulalangan ylitse. Pid\u00e4n kovasti lapasten rustiikkisesta pinnasta, joka varmasti osaltaan johtuu tottumattomasta neulomistyylist\u00e4ni.<\/p>\n","protected":false},"excerpt":{"rendered":"<p>Kev\u00e4t on alkanut leppoisasti ja kiireett\u00f6m\u00e4sti. Opiskeluni on keskittynyt &#8221;Erikoistuminen taideteollisuusalalla&#8221;-kurssiin. Olen tutustunut erikoistekniikoihin ja pohdiskellut tulevia suunnitelmia. Yhten\u00e4 erikoistekniikoista tutustuin kinnasneulatekniikkaan. Tekniikkana se on erityisen vanha. Varhaisimmat Suomesta l\u00f6ydetyt neulakintaat ovat 1000-luvulta ja muualta maailmasta on l\u00f6ytynyt jopa vanhempia. Itse kiinnostuin kinnasneulatekniikasta tehdess\u00e4ni kulttuuril\u00e4ht\u00f6isen tuotteistamisen tutkimusta syksyll\u00e4. Silloin otin, omaan taustaani pohjaten, selv\u00e4\u00e4 karjalaisesta &hellip; <\/p>\n<p class=\"link-more\"><a href=\"https:\/\/blogit.gradia.fi\/hannisjarvinen-tdpt2104\/2023\/02\/17\/kevaan-korvalla\/\" class=\"more-link\">Jatka lukemista<span class=\"screen-reader-text\"> &#8221;Kev\u00e4\u00e4n korvalla&#8221;<\/span><\/a><\/p>\n","protected":false},"author":771,"featured_media":0,"comment_status":"open","ping_status":"open","sticky":false,"template":"","format":"standard","meta":{"_uag_custom_page_level_css":"","footnotes":""},"categories":[14],"tags":[],"class_list":["post-822","post","type-post","status-publish","format-standard","hentry","category-erikoistekniikat"],"yoast_head":"<!-- This site is optimized with the Yoast SEO plugin v27.5 - https:\/\/yoast.com\/product\/yoast-seo-wordpress\/ -->\n<title>Kev\u00e4\u00e4n korvalla - Oppimisp\u00e4iv\u00e4kirja<\/title>\n<meta name=\"robots\" content=\"index, follow, max-snippet:-1, max-image-preview:large, max-video-preview:-1\" \/>\n<link rel=\"canonical\" href=\"https:\/\/blogit.gradia.fi\/hannisjarvinen-tdpt2104\/2023\/02\/17\/kevaan-korvalla\/\" \/>\n<meta property=\"og:locale\" content=\"fi_FI\" \/>\n<meta property=\"og:type\" content=\"article\" \/>\n<meta property=\"og:title\" content=\"Kev\u00e4\u00e4n korvalla - Oppimisp\u00e4iv\u00e4kirja\" \/>\n<meta property=\"og:description\" content=\"Kev\u00e4t on alkanut leppoisasti ja kiireett\u00f6m\u00e4sti. Opiskeluni on keskittynyt &#8221;Erikoistuminen taideteollisuusalalla&#8221;-kurssiin. Olen tutustunut erikoistekniikoihin ja pohdiskellut tulevia suunnitelmia. Yhten\u00e4 erikoistekniikoista tutustuin kinnasneulatekniikkaan. Tekniikkana se on erityisen vanha. Varhaisimmat Suomesta l\u00f6ydetyt neulakintaat ovat 1000-luvulta ja muualta maailmasta on l\u00f6ytynyt jopa vanhempia. Itse kiinnostuin kinnasneulatekniikasta tehdess\u00e4ni kulttuuril\u00e4ht\u00f6isen tuotteistamisen tutkimusta syksyll\u00e4. Silloin otin, omaan taustaani pohjaten, selv\u00e4\u00e4 karjalaisesta &hellip; Jatka lukemista &quot;Kev\u00e4\u00e4n korvalla&quot;\" \/>\n<meta property=\"og:url\" content=\"https:\/\/blogit.gradia.fi\/hannisjarvinen-tdpt2104\/2023\/02\/17\/kevaan-korvalla\/\" \/>\n<meta property=\"og:site_name\" content=\"Oppimisp\u00e4iv\u00e4kirja\" \/>\n<meta property=\"article:published_time\" content=\"2023-02-17T10:28:02+00:00\" \/>\n<meta property=\"article:modified_time\" content=\"2023-02-17T10:28:04+00:00\" \/>\n<meta property=\"og:image\" content=\"https:\/\/blogit.gradia.fi\/hannisjarvinen-tdpt2104\/wp-content\/uploads\/sites\/235\/2023\/02\/IMG_20230123_104532-904x1024.jpg\" \/>\n<meta name=\"author\" content=\"Hannis J\u00e4rvinen\" \/>\n<meta name=\"twitter:card\" content=\"summary_large_image\" \/>\n<meta name=\"twitter:label1\" content=\"Kirjoittanut\" \/>\n\t<meta name=\"twitter:data1\" content=\"Hannis J\u00e4rvinen\" \/>\n\t<meta name=\"twitter:label2\" content=\"Arvioitu lukuaika\" \/>\n\t<meta name=\"twitter:data2\" content=\"3 minuuttia\" \/>\n<script type=\"application\/ld+json\" class=\"yoast-schema-graph\">{\"@context\":\"https:\\\/\\\/schema.org\",\"@graph\":[{\"@type\":\"Article\",\"@id\":\"https:\\\/\\\/blogit.gradia.fi\\\/hannisjarvinen-tdpt2104\\\/2023\\\/02\\\/17\\\/kevaan-korvalla\\\/#article\",\"isPartOf\":{\"@id\":\"https:\\\/\\\/blogit.gradia.fi\\\/hannisjarvinen-tdpt2104\\\/2023\\\/02\\\/17\\\/kevaan-korvalla\\\/\"},\"author\":{\"name\":\"Hannis J\u00e4rvinen\",\"@id\":\"https:\\\/\\\/blogit.gradia.fi\\\/hannisjarvinen-tdpt2104\\\/#\\\/schema\\\/person\\\/e011261e8d441be7cf033a749535de0c\"},\"headline\":\"Kev\u00e4\u00e4n korvalla\",\"datePublished\":\"2023-02-17T10:28:02+00:00\",\"dateModified\":\"2023-02-17T10:28:04+00:00\",\"mainEntityOfPage\":{\"@id\":\"https:\\\/\\\/blogit.gradia.fi\\\/hannisjarvinen-tdpt2104\\\/2023\\\/02\\\/17\\\/kevaan-korvalla\\\/\"},\"wordCount\":256,\"commentCount\":0,\"image\":{\"@id\":\"https:\\\/\\\/blogit.gradia.fi\\\/hannisjarvinen-tdpt2104\\\/2023\\\/02\\\/17\\\/kevaan-korvalla\\\/#primaryimage\"},\"thumbnailUrl\":\"https:\\\/\\\/blogit.gradia.fi\\\/hannisjarvinen-tdpt2104\\\/wp-content\\\/uploads\\\/sites\\\/235\\\/2023\\\/02\\\/IMG_20230123_104532-904x1024.jpg\",\"articleSection\":[\"Erikoistekniikat\"],\"inLanguage\":\"fi\",\"potentialAction\":[{\"@type\":\"CommentAction\",\"name\":\"Comment\",\"target\":[\"https:\\\/\\\/blogit.gradia.fi\\\/hannisjarvinen-tdpt2104\\\/2023\\\/02\\\/17\\\/kevaan-korvalla\\\/#respond\"]}]},{\"@type\":\"WebPage\",\"@id\":\"https:\\\/\\\/blogit.gradia.fi\\\/hannisjarvinen-tdpt2104\\\/2023\\\/02\\\/17\\\/kevaan-korvalla\\\/\",\"url\":\"https:\\\/\\\/blogit.gradia.fi\\\/hannisjarvinen-tdpt2104\\\/2023\\\/02\\\/17\\\/kevaan-korvalla\\\/\",\"name\":\"Kev\u00e4\u00e4n korvalla - Oppimisp\u00e4iv\u00e4kirja\",\"isPartOf\":{\"@id\":\"https:\\\/\\\/blogit.gradia.fi\\\/hannisjarvinen-tdpt2104\\\/#website\"},\"primaryImageOfPage\":{\"@id\":\"https:\\\/\\\/blogit.gradia.fi\\\/hannisjarvinen-tdpt2104\\\/2023\\\/02\\\/17\\\/kevaan-korvalla\\\/#primaryimage\"},\"image\":{\"@id\":\"https:\\\/\\\/blogit.gradia.fi\\\/hannisjarvinen-tdpt2104\\\/2023\\\/02\\\/17\\\/kevaan-korvalla\\\/#primaryimage\"},\"thumbnailUrl\":\"https:\\\/\\\/blogit.gradia.fi\\\/hannisjarvinen-tdpt2104\\\/wp-content\\\/uploads\\\/sites\\\/235\\\/2023\\\/02\\\/IMG_20230123_104532-904x1024.jpg\",\"datePublished\":\"2023-02-17T10:28:02+00:00\",\"dateModified\":\"2023-02-17T10:28:04+00:00\",\"author\":{\"@id\":\"https:\\\/\\\/blogit.gradia.fi\\\/hannisjarvinen-tdpt2104\\\/#\\\/schema\\\/person\\\/e011261e8d441be7cf033a749535de0c\"},\"breadcrumb\":{\"@id\":\"https:\\\/\\\/blogit.gradia.fi\\\/hannisjarvinen-tdpt2104\\\/2023\\\/02\\\/17\\\/kevaan-korvalla\\\/#breadcrumb\"},\"inLanguage\":\"fi\",\"potentialAction\":[{\"@type\":\"ReadAction\",\"target\":[\"https:\\\/\\\/blogit.gradia.fi\\\/hannisjarvinen-tdpt2104\\\/2023\\\/02\\\/17\\\/kevaan-korvalla\\\/\"]}]},{\"@type\":\"ImageObject\",\"inLanguage\":\"fi\",\"@id\":\"https:\\\/\\\/blogit.gradia.fi\\\/hannisjarvinen-tdpt2104\\\/2023\\\/02\\\/17\\\/kevaan-korvalla\\\/#primaryimage\",\"url\":\"https:\\\/\\\/blogit.gradia.fi\\\/hannisjarvinen-tdpt2104\\\/wp-content\\\/uploads\\\/sites\\\/235\\\/2023\\\/02\\\/IMG_20230123_104532.jpg\",\"contentUrl\":\"https:\\\/\\\/blogit.gradia.fi\\\/hannisjarvinen-tdpt2104\\\/wp-content\\\/uploads\\\/sites\\\/235\\\/2023\\\/02\\\/IMG_20230123_104532.jpg\",\"width\":1626,\"height\":1842},{\"@type\":\"BreadcrumbList\",\"@id\":\"https:\\\/\\\/blogit.gradia.fi\\\/hannisjarvinen-tdpt2104\\\/2023\\\/02\\\/17\\\/kevaan-korvalla\\\/#breadcrumb\",\"itemListElement\":[{\"@type\":\"ListItem\",\"position\":1,\"name\":\"Etusivu\",\"item\":\"https:\\\/\\\/blogit.gradia.fi\\\/hannisjarvinen-tdpt2104\\\/\"},{\"@type\":\"ListItem\",\"position\":2,\"name\":\"Kev\u00e4\u00e4n korvalla\"}]},{\"@type\":\"WebSite\",\"@id\":\"https:\\\/\\\/blogit.gradia.fi\\\/hannisjarvinen-tdpt2104\\\/#website\",\"url\":\"https:\\\/\\\/blogit.gradia.fi\\\/hannisjarvinen-tdpt2104\\\/\",\"name\":\"Oppimisp\u00e4iv\u00e4kirja\",\"description\":\"Hannis J\u00e4rvinen\",\"potentialAction\":[{\"@type\":\"SearchAction\",\"target\":{\"@type\":\"EntryPoint\",\"urlTemplate\":\"https:\\\/\\\/blogit.gradia.fi\\\/hannisjarvinen-tdpt2104\\\/?s={search_term_string}\"},\"query-input\":{\"@type\":\"PropertyValueSpecification\",\"valueRequired\":true,\"valueName\":\"search_term_string\"}}],\"inLanguage\":\"fi\"},{\"@type\":\"Person\",\"@id\":\"https:\\\/\\\/blogit.gradia.fi\\\/hannisjarvinen-tdpt2104\\\/#\\\/schema\\\/person\\\/e011261e8d441be7cf033a749535de0c\",\"name\":\"Hannis J\u00e4rvinen\",\"image\":{\"@type\":\"ImageObject\",\"inLanguage\":\"fi\",\"@id\":\"https:\\\/\\\/secure.gravatar.com\\\/avatar\\\/34ac6c536edfe2e363a0d57b1d24074e7abdca5a40940d30224c716c81d9b9ba?s=96&d=mm&r=g\",\"url\":\"https:\\\/\\\/secure.gravatar.com\\\/avatar\\\/34ac6c536edfe2e363a0d57b1d24074e7abdca5a40940d30224c716c81d9b9ba?s=96&d=mm&r=g\",\"contentUrl\":\"https:\\\/\\\/secure.gravatar.com\\\/avatar\\\/34ac6c536edfe2e363a0d57b1d24074e7abdca5a40940d30224c716c81d9b9ba?s=96&d=mm&r=g\",\"caption\":\"Hannis J\u00e4rvinen\"},\"url\":\"https:\\\/\\\/blogit.gradia.fi\\\/hannisjarvinen-tdpt2104\\\/author\\\/gr266238\\\/\"}]}<\/script>\n<!-- \/ Yoast SEO plugin. -->","yoast_head_json":{"title":"Kev\u00e4\u00e4n korvalla - Oppimisp\u00e4iv\u00e4kirja","robots":{"index":"index","follow":"follow","max-snippet":"max-snippet:-1","max-image-preview":"max-image-preview:large","max-video-preview":"max-video-preview:-1"},"canonical":"https:\/\/blogit.gradia.fi\/hannisjarvinen-tdpt2104\/2023\/02\/17\/kevaan-korvalla\/","og_locale":"fi_FI","og_type":"article","og_title":"Kev\u00e4\u00e4n korvalla - Oppimisp\u00e4iv\u00e4kirja","og_description":"Kev\u00e4t on alkanut leppoisasti ja kiireett\u00f6m\u00e4sti. Opiskeluni on keskittynyt &#8221;Erikoistuminen taideteollisuusalalla&#8221;-kurssiin. Olen tutustunut erikoistekniikoihin ja pohdiskellut tulevia suunnitelmia. Yhten\u00e4 erikoistekniikoista tutustuin kinnasneulatekniikkaan. Tekniikkana se on erityisen vanha. Varhaisimmat Suomesta l\u00f6ydetyt neulakintaat ovat 1000-luvulta ja muualta maailmasta on l\u00f6ytynyt jopa vanhempia. Itse kiinnostuin kinnasneulatekniikasta tehdess\u00e4ni kulttuuril\u00e4ht\u00f6isen tuotteistamisen tutkimusta syksyll\u00e4. Silloin otin, omaan taustaani pohjaten, selv\u00e4\u00e4 karjalaisesta &hellip; Jatka lukemista \"Kev\u00e4\u00e4n korvalla\"","og_url":"https:\/\/blogit.gradia.fi\/hannisjarvinen-tdpt2104\/2023\/02\/17\/kevaan-korvalla\/","og_site_name":"Oppimisp\u00e4iv\u00e4kirja","article_published_time":"2023-02-17T10:28:02+00:00","article_modified_time":"2023-02-17T10:28:04+00:00","og_image":[{"url":"https:\/\/blogit.gradia.fi\/hannisjarvinen-tdpt2104\/wp-content\/uploads\/sites\/235\/2023\/02\/IMG_20230123_104532-904x1024.jpg","type":"","width":"","height":""}],"author":"Hannis J\u00e4rvinen","twitter_card":"summary_large_image","twitter_misc":{"Kirjoittanut":"Hannis J\u00e4rvinen","Arvioitu lukuaika":"3 minuuttia"},"schema":{"@context":"https:\/\/schema.org","@graph":[{"@type":"Article","@id":"https:\/\/blogit.gradia.fi\/hannisjarvinen-tdpt2104\/2023\/02\/17\/kevaan-korvalla\/#article","isPartOf":{"@id":"https:\/\/blogit.gradia.fi\/hannisjarvinen-tdpt2104\/2023\/02\/17\/kevaan-korvalla\/"},"author":{"name":"Hannis J\u00e4rvinen","@id":"https:\/\/blogit.gradia.fi\/hannisjarvinen-tdpt2104\/#\/schema\/person\/e011261e8d441be7cf033a749535de0c"},"headline":"Kev\u00e4\u00e4n korvalla","datePublished":"2023-02-17T10:28:02+00:00","dateModified":"2023-02-17T10:28:04+00:00","mainEntityOfPage":{"@id":"https:\/\/blogit.gradia.fi\/hannisjarvinen-tdpt2104\/2023\/02\/17\/kevaan-korvalla\/"},"wordCount":256,"commentCount":0,"image":{"@id":"https:\/\/blogit.gradia.fi\/hannisjarvinen-tdpt2104\/2023\/02\/17\/kevaan-korvalla\/#primaryimage"},"thumbnailUrl":"https:\/\/blogit.gradia.fi\/hannisjarvinen-tdpt2104\/wp-content\/uploads\/sites\/235\/2023\/02\/IMG_20230123_104532-904x1024.jpg","articleSection":["Erikoistekniikat"],"inLanguage":"fi","potentialAction":[{"@type":"CommentAction","name":"Comment","target":["https:\/\/blogit.gradia.fi\/hannisjarvinen-tdpt2104\/2023\/02\/17\/kevaan-korvalla\/#respond"]}]},{"@type":"WebPage","@id":"https:\/\/blogit.gradia.fi\/hannisjarvinen-tdpt2104\/2023\/02\/17\/kevaan-korvalla\/","url":"https:\/\/blogit.gradia.fi\/hannisjarvinen-tdpt2104\/2023\/02\/17\/kevaan-korvalla\/","name":"Kev\u00e4\u00e4n korvalla - Oppimisp\u00e4iv\u00e4kirja","isPartOf":{"@id":"https:\/\/blogit.gradia.fi\/hannisjarvinen-tdpt2104\/#website"},"primaryImageOfPage":{"@id":"https:\/\/blogit.gradia.fi\/hannisjarvinen-tdpt2104\/2023\/02\/17\/kevaan-korvalla\/#primaryimage"},"image":{"@id":"https:\/\/blogit.gradia.fi\/hannisjarvinen-tdpt2104\/2023\/02\/17\/kevaan-korvalla\/#primaryimage"},"thumbnailUrl":"https:\/\/blogit.gradia.fi\/hannisjarvinen-tdpt2104\/wp-content\/uploads\/sites\/235\/2023\/02\/IMG_20230123_104532-904x1024.jpg","datePublished":"2023-02-17T10:28:02+00:00","dateModified":"2023-02-17T10:28:04+00:00","author":{"@id":"https:\/\/blogit.gradia.fi\/hannisjarvinen-tdpt2104\/#\/schema\/person\/e011261e8d441be7cf033a749535de0c"},"breadcrumb":{"@id":"https:\/\/blogit.gradia.fi\/hannisjarvinen-tdpt2104\/2023\/02\/17\/kevaan-korvalla\/#breadcrumb"},"inLanguage":"fi","potentialAction":[{"@type":"ReadAction","target":["https:\/\/blogit.gradia.fi\/hannisjarvinen-tdpt2104\/2023\/02\/17\/kevaan-korvalla\/"]}]},{"@type":"ImageObject","inLanguage":"fi","@id":"https:\/\/blogit.gradia.fi\/hannisjarvinen-tdpt2104\/2023\/02\/17\/kevaan-korvalla\/#primaryimage","url":"https:\/\/blogit.gradia.fi\/hannisjarvinen-tdpt2104\/wp-content\/uploads\/sites\/235\/2023\/02\/IMG_20230123_104532.jpg","contentUrl":"https:\/\/blogit.gradia.fi\/hannisjarvinen-tdpt2104\/wp-content\/uploads\/sites\/235\/2023\/02\/IMG_20230123_104532.jpg","width":1626,"height":1842},{"@type":"BreadcrumbList","@id":"https:\/\/blogit.gradia.fi\/hannisjarvinen-tdpt2104\/2023\/02\/17\/kevaan-korvalla\/#breadcrumb","itemListElement":[{"@type":"ListItem","position":1,"name":"Etusivu","item":"https:\/\/blogit.gradia.fi\/hannisjarvinen-tdpt2104\/"},{"@type":"ListItem","position":2,"name":"Kev\u00e4\u00e4n korvalla"}]},{"@type":"WebSite","@id":"https:\/\/blogit.gradia.fi\/hannisjarvinen-tdpt2104\/#website","url":"https:\/\/blogit.gradia.fi\/hannisjarvinen-tdpt2104\/","name":"Oppimisp\u00e4iv\u00e4kirja","description":"Hannis J\u00e4rvinen","potentialAction":[{"@type":"SearchAction","target":{"@type":"EntryPoint","urlTemplate":"https:\/\/blogit.gradia.fi\/hannisjarvinen-tdpt2104\/?s={search_term_string}"},"query-input":{"@type":"PropertyValueSpecification","valueRequired":true,"valueName":"search_term_string"}}],"inLanguage":"fi"},{"@type":"Person","@id":"https:\/\/blogit.gradia.fi\/hannisjarvinen-tdpt2104\/#\/schema\/person\/e011261e8d441be7cf033a749535de0c","name":"Hannis J\u00e4rvinen","image":{"@type":"ImageObject","inLanguage":"fi","@id":"https:\/\/secure.gravatar.com\/avatar\/34ac6c536edfe2e363a0d57b1d24074e7abdca5a40940d30224c716c81d9b9ba?s=96&d=mm&r=g","url":"https:\/\/secure.gravatar.com\/avatar\/34ac6c536edfe2e363a0d57b1d24074e7abdca5a40940d30224c716c81d9b9ba?s=96&d=mm&r=g","contentUrl":"https:\/\/secure.gravatar.com\/avatar\/34ac6c536edfe2e363a0d57b1d24074e7abdca5a40940d30224c716c81d9b9ba?s=96&d=mm&r=g","caption":"Hannis J\u00e4rvinen"},"url":"https:\/\/blogit.gradia.fi\/hannisjarvinen-tdpt2104\/author\/gr266238\/"}]}},"uagb_featured_image_src":{"full":false,"thumbnail":false,"medium":false,"medium_large":false,"large":false,"1536x1536":false,"2048x2048":false,"twentyseventeen-featured-image":false,"twentyseventeen-thumbnail-avatar":false},"uagb_author_info":{"display_name":"Hannis J\u00e4rvinen","author_link":"https:\/\/blogit.gradia.fi\/hannisjarvinen-tdpt2104\/author\/gr266238\/"},"uagb_comment_info":0,"uagb_excerpt":"Kev\u00e4t on alkanut leppoisasti ja kiireett\u00f6m\u00e4sti. Opiskeluni on keskittynyt &#8221;Erikoistuminen taideteollisuusalalla&#8221;-kurssiin. Olen tutustunut erikoistekniikoihin ja pohdiskellut tulevia suunnitelmia. Yhten\u00e4 erikoistekniikoista tutustuin kinnasneulatekniikkaan. Tekniikkana se on erityisen vanha. Varhaisimmat Suomesta l\u00f6ydetyt neulakintaat ovat 1000-luvulta ja muualta maailmasta on l\u00f6ytynyt jopa vanhempia. Itse kiinnostuin kinnasneulatekniikasta tehdess\u00e4ni kulttuuril\u00e4ht\u00f6isen tuotteistamisen tutkimusta syksyll\u00e4. Silloin otin, omaan taustaani pohjaten, selv\u00e4\u00e4 karjalaisesta&hellip;","_links":{"self":[{"href":"https:\/\/blogit.gradia.fi\/hannisjarvinen-tdpt2104\/wp-json\/wp\/v2\/posts\/822","targetHints":{"allow":["GET"]}}],"collection":[{"href":"https:\/\/blogit.gradia.fi\/hannisjarvinen-tdpt2104\/wp-json\/wp\/v2\/posts"}],"about":[{"href":"https:\/\/blogit.gradia.fi\/hannisjarvinen-tdpt2104\/wp-json\/wp\/v2\/types\/post"}],"author":[{"embeddable":true,"href":"https:\/\/blogit.gradia.fi\/hannisjarvinen-tdpt2104\/wp-json\/wp\/v2\/users\/771"}],"replies":[{"embeddable":true,"href":"https:\/\/blogit.gradia.fi\/hannisjarvinen-tdpt2104\/wp-json\/wp\/v2\/comments?post=822"}],"version-history":[{"count":4,"href":"https:\/\/blogit.gradia.fi\/hannisjarvinen-tdpt2104\/wp-json\/wp\/v2\/posts\/822\/revisions"}],"predecessor-version":[{"id":835,"href":"https:\/\/blogit.gradia.fi\/hannisjarvinen-tdpt2104\/wp-json\/wp\/v2\/posts\/822\/revisions\/835"}],"wp:attachment":[{"href":"https:\/\/blogit.gradia.fi\/hannisjarvinen-tdpt2104\/wp-json\/wp\/v2\/media?parent=822"}],"wp:term":[{"taxonomy":"category","embeddable":true,"href":"https:\/\/blogit.gradia.fi\/hannisjarvinen-tdpt2104\/wp-json\/wp\/v2\/categories?post=822"},{"taxonomy":"post_tag","embeddable":true,"href":"https:\/\/blogit.gradia.fi\/hannisjarvinen-tdpt2104\/wp-json\/wp\/v2\/tags?post=822"}],"curies":[{"name":"wp","href":"https:\/\/api.w.org\/{rel}","templated":true}]}}