{"id":82,"date":"2021-09-27T14:51:43","date_gmt":"2021-09-27T11:51:43","guid":{"rendered":"https:\/\/blogit.gradia.fi\/hannisjarvinen-tdpt2104\/?p=82"},"modified":"2021-10-29T17:14:08","modified_gmt":"2021-10-29T14:14:08","slug":"karhukaiset","status":"publish","type":"post","link":"https:\/\/blogit.gradia.fi\/hannisjarvinen-tdpt2104\/2021\/09\/27\/karhukaiset\/","title":{"rendered":"Karhukaiset"},"content":{"rendered":"\n<p><\/p>\n\n\n\n<p>Printti nimelt\u00e4\u00e4n Karhukaiset syntyi, kun laitoin palan parkittua mateen nahkaa skanneriin. Muuntamalla kuvan mustavalkoiseksi ja poistamalla harmaan s\u00e4vyt, sain kuvion sopivaksi valotustekniikkaa varten. Monistin kuvaa kuvank\u00e4sittelyohjelmaan ja kokeilin erilaisia sommitelmia. Kuviot n\u00e4yttiv\u00e4t pienilt\u00e4 el\u00e4inhahmoilta ja siit\u00e4 nimi. T\u00e4st\u00e4 kankaasta suunnittelin tekev\u00e4ni pari koristetyyny\u00e4 olohuoneeseen.<br><\/p>\n\n\n\n<p>T\u00e4h\u00e4n vaiheeseen meni aikaa 2 tuntia.<\/p>\n\n\n\n<figure class=\"wp-block-image size-large\"><img loading=\"lazy\" decoding=\"async\" width=\"1024\" height=\"660\" src=\"https:\/\/blogit.gradia.fi\/hannisjarvinen-tdpt2104\/wp-content\/uploads\/sites\/235\/2021\/09\/nahka-scaled-e1632753557960-1024x660.jpg\" alt=\"\" class=\"wp-image-84\" srcset=\"https:\/\/blogit.gradia.fi\/hannisjarvinen-tdpt2104\/wp-content\/uploads\/sites\/235\/2021\/09\/nahka-scaled-e1632753557960-1024x660.jpg 1024w, https:\/\/blogit.gradia.fi\/hannisjarvinen-tdpt2104\/wp-content\/uploads\/sites\/235\/2021\/09\/nahka-scaled-e1632753557960-300x193.jpg 300w, https:\/\/blogit.gradia.fi\/hannisjarvinen-tdpt2104\/wp-content\/uploads\/sites\/235\/2021\/09\/nahka-scaled-e1632753557960-768x495.jpg 768w, https:\/\/blogit.gradia.fi\/hannisjarvinen-tdpt2104\/wp-content\/uploads\/sites\/235\/2021\/09\/nahka-scaled-e1632753557960-1536x990.jpg 1536w, https:\/\/blogit.gradia.fi\/hannisjarvinen-tdpt2104\/wp-content\/uploads\/sites\/235\/2021\/09\/nahka-scaled-e1632753557960-2048x1320.jpg 2048w\" sizes=\"auto, (max-width: 767px) 89vw, (max-width: 1000px) 54vw, (max-width: 1071px) 543px, 580px\" \/><\/figure>\n\n\n\n<figure class=\"wp-block-gallery columns-1 is-cropped wp-block-gallery-1 is-layout-flex wp-block-gallery-is-layout-flex\"><ul class=\"blocks-gallery-grid\"><li class=\"blocks-gallery-item\"><figure><img loading=\"lazy\" decoding=\"async\" width=\"1024\" height=\"768\" src=\"https:\/\/blogit.gradia.fi\/hannisjarvinen-tdpt2104\/wp-content\/uploads\/sites\/235\/2021\/09\/20210916_115418-1024x768.jpg\" alt=\"\" data-id=\"115\" data-full-url=\"https:\/\/blogit.gradia.fi\/hannisjarvinen-tdpt2104\/wp-content\/uploads\/sites\/235\/2021\/09\/20210916_115418-scaled.jpg\" data-link=\"https:\/\/blogit.gradia.fi\/hannisjarvinen-tdpt2104\/?attachment_id=115\" class=\"wp-image-115\" srcset=\"https:\/\/blogit.gradia.fi\/hannisjarvinen-tdpt2104\/wp-content\/uploads\/sites\/235\/2021\/09\/20210916_115418-1024x768.jpg 1024w, https:\/\/blogit.gradia.fi\/hannisjarvinen-tdpt2104\/wp-content\/uploads\/sites\/235\/2021\/09\/20210916_115418-300x225.jpg 300w, https:\/\/blogit.gradia.fi\/hannisjarvinen-tdpt2104\/wp-content\/uploads\/sites\/235\/2021\/09\/20210916_115418-768x576.jpg 768w, https:\/\/blogit.gradia.fi\/hannisjarvinen-tdpt2104\/wp-content\/uploads\/sites\/235\/2021\/09\/20210916_115418-1536x1152.jpg 1536w, https:\/\/blogit.gradia.fi\/hannisjarvinen-tdpt2104\/wp-content\/uploads\/sites\/235\/2021\/09\/20210916_115418-2048x1536.jpg 2048w\" sizes=\"auto, (max-width: 767px) 89vw, (max-width: 1000px) 54vw, (max-width: 1071px) 543px, 580px\" \/><figcaption class=\"blocks-gallery-item__caption\">Printin sommittelua tulosteiden avulla<\/figcaption><\/figure><\/li><\/ul><\/figure>\n\n\n\n<figure class=\"wp-block-image size-large\"><img loading=\"lazy\" decoding=\"async\" width=\"883\" height=\"1024\" src=\"https:\/\/blogit.gradia.fi\/hannisjarvinen-tdpt2104\/wp-content\/uploads\/sites\/235\/2021\/09\/kalannahkaprintti2-Copy-883x1024.jpg\" alt=\"\" class=\"wp-image-85\" srcset=\"https:\/\/blogit.gradia.fi\/hannisjarvinen-tdpt2104\/wp-content\/uploads\/sites\/235\/2021\/09\/kalannahkaprintti2-Copy-883x1024.jpg 883w, https:\/\/blogit.gradia.fi\/hannisjarvinen-tdpt2104\/wp-content\/uploads\/sites\/235\/2021\/09\/kalannahkaprintti2-Copy-259x300.jpg 259w, https:\/\/blogit.gradia.fi\/hannisjarvinen-tdpt2104\/wp-content\/uploads\/sites\/235\/2021\/09\/kalannahkaprintti2-Copy-768x891.jpg 768w, https:\/\/blogit.gradia.fi\/hannisjarvinen-tdpt2104\/wp-content\/uploads\/sites\/235\/2021\/09\/kalannahkaprintti2-Copy-1324x1536.jpg 1324w, https:\/\/blogit.gradia.fi\/hannisjarvinen-tdpt2104\/wp-content\/uploads\/sites\/235\/2021\/09\/kalannahkaprintti2-Copy-1766x2048.jpg 1766w\" sizes=\"auto, (max-width: 767px) 89vw, (max-width: 1000px) 54vw, (max-width: 1071px) 543px, 580px\" \/><figcaption>T\u00e4ss\u00e4 vaihtoehtoinen printtiaihe, jossa k\u00e4ytin niinik\u00e4\u00e4n kalan nahkoja<\/figcaption><\/figure>\n\n\n\n<p>Kun kuva oli valmis, otin siit\u00e4 kopiokoneella kalvot, jotta p\u00e4\u00e4sin valottamaan seulan UV-lampun alle. T\u00e4ll\u00e4 kertaa minulla k\u00e4vi tuuri ja sain valmistuneelta opiskelijalta j\u00e4\u00e4neen valmiiksi kalvostetun seulan. Valotus onnistui hyvin ja kuvio avautui onnistuneesti.<\/p>\n\n\n\n<p>Ensin kokeilin painaa tavalliselle lakanakankaalle, n\u00e4hd\u00e4kseni, millaista kuviota seulalla saa. V\u00e4riksi valikoituivat edelliselt\u00e4 painokerralta j\u00e4\u00e4neet pinkki ja punainen. Testasin my\u00f6s erilaista sommitelmaa kankaalle. Asetin luotilankoja kankaalle 10\u00b0 kulmaan ja ohjasin seulan niiden mukaisesti, kaaviomuovia apuna k\u00e4ytt\u00e4en.  Kuviosta tulikin varsin hauska.<\/p>\n\n\n\n<p><\/p>\n","protected":false},"excerpt":{"rendered":"<p>Printti nimelt\u00e4\u00e4n Karhukaiset syntyi, kun laitoin palan parkittua mateen nahkaa skanneriin. Muuntamalla kuvan mustavalkoiseksi ja poistamalla harmaan s\u00e4vyt, sain kuvion sopivaksi valotustekniikkaa varten. Monistin kuvaa kuvank\u00e4sittelyohjelmaan ja kokeilin erilaisia sommitelmia. Kuviot n\u00e4yttiv\u00e4t pienilt\u00e4 el\u00e4inhahmoilta ja siit\u00e4 nimi. T\u00e4st\u00e4 kankaasta suunnittelin tekev\u00e4ni pari koristetyyny\u00e4 olohuoneeseen. T\u00e4h\u00e4n vaiheeseen meni aikaa 2 tuntia. Kun kuva oli valmis, otin &hellip; <\/p>\n<p class=\"link-more\"><a href=\"https:\/\/blogit.gradia.fi\/hannisjarvinen-tdpt2104\/2021\/09\/27\/karhukaiset\/\" class=\"more-link\">Jatka lukemista<span class=\"screen-reader-text\"> &#8221;Karhukaiset&#8221;<\/span><\/a><\/p>\n","protected":false},"author":771,"featured_media":0,"comment_status":"open","ping_status":"open","sticky":false,"template":"","format":"standard","meta":{"_uag_custom_page_level_css":"","footnotes":""},"categories":[4],"tags":[],"class_list":["post-82","post","type-post","status-publish","format-standard","hentry","category-kankaanpainanta"],"yoast_head":"<!-- This site is optimized with the Yoast SEO plugin v27.5 - https:\/\/yoast.com\/product\/yoast-seo-wordpress\/ -->\n<title>Karhukaiset - Oppimisp\u00e4iv\u00e4kirja<\/title>\n<meta name=\"robots\" content=\"index, follow, max-snippet:-1, max-image-preview:large, max-video-preview:-1\" \/>\n<link rel=\"canonical\" href=\"https:\/\/blogit.gradia.fi\/hannisjarvinen-tdpt2104\/2021\/09\/27\/karhukaiset\/\" \/>\n<meta property=\"og:locale\" content=\"fi_FI\" \/>\n<meta property=\"og:type\" content=\"article\" \/>\n<meta property=\"og:title\" content=\"Karhukaiset - Oppimisp\u00e4iv\u00e4kirja\" \/>\n<meta property=\"og:description\" content=\"Printti nimelt\u00e4\u00e4n Karhukaiset syntyi, kun laitoin palan parkittua mateen nahkaa skanneriin. Muuntamalla kuvan mustavalkoiseksi ja poistamalla harmaan s\u00e4vyt, sain kuvion sopivaksi valotustekniikkaa varten. Monistin kuvaa kuvank\u00e4sittelyohjelmaan ja kokeilin erilaisia sommitelmia. Kuviot n\u00e4yttiv\u00e4t pienilt\u00e4 el\u00e4inhahmoilta ja siit\u00e4 nimi. T\u00e4st\u00e4 kankaasta suunnittelin tekev\u00e4ni pari koristetyyny\u00e4 olohuoneeseen. T\u00e4h\u00e4n vaiheeseen meni aikaa 2 tuntia. Kun kuva oli valmis, otin &hellip; Jatka lukemista &quot;Karhukaiset&quot;\" \/>\n<meta property=\"og:url\" content=\"https:\/\/blogit.gradia.fi\/hannisjarvinen-tdpt2104\/2021\/09\/27\/karhukaiset\/\" \/>\n<meta property=\"og:site_name\" content=\"Oppimisp\u00e4iv\u00e4kirja\" \/>\n<meta property=\"article:published_time\" content=\"2021-09-27T11:51:43+00:00\" \/>\n<meta property=\"article:modified_time\" content=\"2021-10-29T14:14:08+00:00\" \/>\n<meta property=\"og:image\" content=\"https:\/\/blogit.gradia.fi\/hannisjarvinen-tdpt2104\/wp-content\/uploads\/sites\/235\/2021\/09\/nahka-scaled-e1632753557960-1024x660.jpg\" \/>\n<meta name=\"author\" content=\"Hannis J\u00e4rvinen\" \/>\n<meta name=\"twitter:card\" content=\"summary_large_image\" \/>\n<meta name=\"twitter:label1\" content=\"Kirjoittanut\" \/>\n\t<meta name=\"twitter:data1\" content=\"Hannis J\u00e4rvinen\" \/>\n\t<meta name=\"twitter:label2\" content=\"Arvioitu lukuaika\" \/>\n\t<meta name=\"twitter:data2\" content=\"2 minuuttia\" \/>\n<script type=\"application\/ld+json\" class=\"yoast-schema-graph\">{\"@context\":\"https:\\\/\\\/schema.org\",\"@graph\":[{\"@type\":\"Article\",\"@id\":\"https:\\\/\\\/blogit.gradia.fi\\\/hannisjarvinen-tdpt2104\\\/2021\\\/09\\\/27\\\/karhukaiset\\\/#article\",\"isPartOf\":{\"@id\":\"https:\\\/\\\/blogit.gradia.fi\\\/hannisjarvinen-tdpt2104\\\/2021\\\/09\\\/27\\\/karhukaiset\\\/\"},\"author\":{\"name\":\"Hannis J\u00e4rvinen\",\"@id\":\"https:\\\/\\\/blogit.gradia.fi\\\/hannisjarvinen-tdpt2104\\\/#\\\/schema\\\/person\\\/e011261e8d441be7cf033a749535de0c\"},\"headline\":\"Karhukaiset\",\"datePublished\":\"2021-09-27T11:51:43+00:00\",\"dateModified\":\"2021-10-29T14:14:08+00:00\",\"mainEntityOfPage\":{\"@id\":\"https:\\\/\\\/blogit.gradia.fi\\\/hannisjarvinen-tdpt2104\\\/2021\\\/09\\\/27\\\/karhukaiset\\\/\"},\"wordCount\":159,\"commentCount\":0,\"image\":{\"@id\":\"https:\\\/\\\/blogit.gradia.fi\\\/hannisjarvinen-tdpt2104\\\/2021\\\/09\\\/27\\\/karhukaiset\\\/#primaryimage\"},\"thumbnailUrl\":\"https:\\\/\\\/blogit.gradia.fi\\\/hannisjarvinen-tdpt2104\\\/wp-content\\\/uploads\\\/sites\\\/235\\\/2021\\\/09\\\/nahka-scaled-e1632753557960-1024x660.jpg\",\"articleSection\":[\"Kankaanpainanta\"],\"inLanguage\":\"fi\",\"potentialAction\":[{\"@type\":\"CommentAction\",\"name\":\"Comment\",\"target\":[\"https:\\\/\\\/blogit.gradia.fi\\\/hannisjarvinen-tdpt2104\\\/2021\\\/09\\\/27\\\/karhukaiset\\\/#respond\"]}]},{\"@type\":\"WebPage\",\"@id\":\"https:\\\/\\\/blogit.gradia.fi\\\/hannisjarvinen-tdpt2104\\\/2021\\\/09\\\/27\\\/karhukaiset\\\/\",\"url\":\"https:\\\/\\\/blogit.gradia.fi\\\/hannisjarvinen-tdpt2104\\\/2021\\\/09\\\/27\\\/karhukaiset\\\/\",\"name\":\"Karhukaiset - Oppimisp\u00e4iv\u00e4kirja\",\"isPartOf\":{\"@id\":\"https:\\\/\\\/blogit.gradia.fi\\\/hannisjarvinen-tdpt2104\\\/#website\"},\"primaryImageOfPage\":{\"@id\":\"https:\\\/\\\/blogit.gradia.fi\\\/hannisjarvinen-tdpt2104\\\/2021\\\/09\\\/27\\\/karhukaiset\\\/#primaryimage\"},\"image\":{\"@id\":\"https:\\\/\\\/blogit.gradia.fi\\\/hannisjarvinen-tdpt2104\\\/2021\\\/09\\\/27\\\/karhukaiset\\\/#primaryimage\"},\"thumbnailUrl\":\"https:\\\/\\\/blogit.gradia.fi\\\/hannisjarvinen-tdpt2104\\\/wp-content\\\/uploads\\\/sites\\\/235\\\/2021\\\/09\\\/nahka-scaled-e1632753557960-1024x660.jpg\",\"datePublished\":\"2021-09-27T11:51:43+00:00\",\"dateModified\":\"2021-10-29T14:14:08+00:00\",\"author\":{\"@id\":\"https:\\\/\\\/blogit.gradia.fi\\\/hannisjarvinen-tdpt2104\\\/#\\\/schema\\\/person\\\/e011261e8d441be7cf033a749535de0c\"},\"breadcrumb\":{\"@id\":\"https:\\\/\\\/blogit.gradia.fi\\\/hannisjarvinen-tdpt2104\\\/2021\\\/09\\\/27\\\/karhukaiset\\\/#breadcrumb\"},\"inLanguage\":\"fi\",\"potentialAction\":[{\"@type\":\"ReadAction\",\"target\":[\"https:\\\/\\\/blogit.gradia.fi\\\/hannisjarvinen-tdpt2104\\\/2021\\\/09\\\/27\\\/karhukaiset\\\/\"]}]},{\"@type\":\"ImageObject\",\"inLanguage\":\"fi\",\"@id\":\"https:\\\/\\\/blogit.gradia.fi\\\/hannisjarvinen-tdpt2104\\\/2021\\\/09\\\/27\\\/karhukaiset\\\/#primaryimage\",\"url\":\"https:\\\/\\\/blogit.gradia.fi\\\/hannisjarvinen-tdpt2104\\\/wp-content\\\/uploads\\\/sites\\\/235\\\/2021\\\/09\\\/nahka-scaled-e1632753557960.jpg\",\"contentUrl\":\"https:\\\/\\\/blogit.gradia.fi\\\/hannisjarvinen-tdpt2104\\\/wp-content\\\/uploads\\\/sites\\\/235\\\/2021\\\/09\\\/nahka-scaled-e1632753557960.jpg\",\"width\":2560,\"height\":1650},{\"@type\":\"BreadcrumbList\",\"@id\":\"https:\\\/\\\/blogit.gradia.fi\\\/hannisjarvinen-tdpt2104\\\/2021\\\/09\\\/27\\\/karhukaiset\\\/#breadcrumb\",\"itemListElement\":[{\"@type\":\"ListItem\",\"position\":1,\"name\":\"Etusivu\",\"item\":\"https:\\\/\\\/blogit.gradia.fi\\\/hannisjarvinen-tdpt2104\\\/\"},{\"@type\":\"ListItem\",\"position\":2,\"name\":\"Karhukaiset\"}]},{\"@type\":\"WebSite\",\"@id\":\"https:\\\/\\\/blogit.gradia.fi\\\/hannisjarvinen-tdpt2104\\\/#website\",\"url\":\"https:\\\/\\\/blogit.gradia.fi\\\/hannisjarvinen-tdpt2104\\\/\",\"name\":\"Oppimisp\u00e4iv\u00e4kirja\",\"description\":\"Hannis J\u00e4rvinen\",\"potentialAction\":[{\"@type\":\"SearchAction\",\"target\":{\"@type\":\"EntryPoint\",\"urlTemplate\":\"https:\\\/\\\/blogit.gradia.fi\\\/hannisjarvinen-tdpt2104\\\/?s={search_term_string}\"},\"query-input\":{\"@type\":\"PropertyValueSpecification\",\"valueRequired\":true,\"valueName\":\"search_term_string\"}}],\"inLanguage\":\"fi\"},{\"@type\":\"Person\",\"@id\":\"https:\\\/\\\/blogit.gradia.fi\\\/hannisjarvinen-tdpt2104\\\/#\\\/schema\\\/person\\\/e011261e8d441be7cf033a749535de0c\",\"name\":\"Hannis J\u00e4rvinen\",\"image\":{\"@type\":\"ImageObject\",\"inLanguage\":\"fi\",\"@id\":\"https:\\\/\\\/secure.gravatar.com\\\/avatar\\\/34ac6c536edfe2e363a0d57b1d24074e7abdca5a40940d30224c716c81d9b9ba?s=96&d=mm&r=g\",\"url\":\"https:\\\/\\\/secure.gravatar.com\\\/avatar\\\/34ac6c536edfe2e363a0d57b1d24074e7abdca5a40940d30224c716c81d9b9ba?s=96&d=mm&r=g\",\"contentUrl\":\"https:\\\/\\\/secure.gravatar.com\\\/avatar\\\/34ac6c536edfe2e363a0d57b1d24074e7abdca5a40940d30224c716c81d9b9ba?s=96&d=mm&r=g\",\"caption\":\"Hannis J\u00e4rvinen\"},\"url\":\"https:\\\/\\\/blogit.gradia.fi\\\/hannisjarvinen-tdpt2104\\\/author\\\/gr266238\\\/\"}]}<\/script>\n<!-- \/ Yoast SEO plugin. -->","yoast_head_json":{"title":"Karhukaiset - Oppimisp\u00e4iv\u00e4kirja","robots":{"index":"index","follow":"follow","max-snippet":"max-snippet:-1","max-image-preview":"max-image-preview:large","max-video-preview":"max-video-preview:-1"},"canonical":"https:\/\/blogit.gradia.fi\/hannisjarvinen-tdpt2104\/2021\/09\/27\/karhukaiset\/","og_locale":"fi_FI","og_type":"article","og_title":"Karhukaiset - Oppimisp\u00e4iv\u00e4kirja","og_description":"Printti nimelt\u00e4\u00e4n Karhukaiset syntyi, kun laitoin palan parkittua mateen nahkaa skanneriin. Muuntamalla kuvan mustavalkoiseksi ja poistamalla harmaan s\u00e4vyt, sain kuvion sopivaksi valotustekniikkaa varten. Monistin kuvaa kuvank\u00e4sittelyohjelmaan ja kokeilin erilaisia sommitelmia. Kuviot n\u00e4yttiv\u00e4t pienilt\u00e4 el\u00e4inhahmoilta ja siit\u00e4 nimi. T\u00e4st\u00e4 kankaasta suunnittelin tekev\u00e4ni pari koristetyyny\u00e4 olohuoneeseen. T\u00e4h\u00e4n vaiheeseen meni aikaa 2 tuntia. Kun kuva oli valmis, otin &hellip; Jatka lukemista \"Karhukaiset\"","og_url":"https:\/\/blogit.gradia.fi\/hannisjarvinen-tdpt2104\/2021\/09\/27\/karhukaiset\/","og_site_name":"Oppimisp\u00e4iv\u00e4kirja","article_published_time":"2021-09-27T11:51:43+00:00","article_modified_time":"2021-10-29T14:14:08+00:00","og_image":[{"url":"https:\/\/blogit.gradia.fi\/hannisjarvinen-tdpt2104\/wp-content\/uploads\/sites\/235\/2021\/09\/nahka-scaled-e1632753557960-1024x660.jpg","type":"","width":"","height":""}],"author":"Hannis J\u00e4rvinen","twitter_card":"summary_large_image","twitter_misc":{"Kirjoittanut":"Hannis J\u00e4rvinen","Arvioitu lukuaika":"2 minuuttia"},"schema":{"@context":"https:\/\/schema.org","@graph":[{"@type":"Article","@id":"https:\/\/blogit.gradia.fi\/hannisjarvinen-tdpt2104\/2021\/09\/27\/karhukaiset\/#article","isPartOf":{"@id":"https:\/\/blogit.gradia.fi\/hannisjarvinen-tdpt2104\/2021\/09\/27\/karhukaiset\/"},"author":{"name":"Hannis J\u00e4rvinen","@id":"https:\/\/blogit.gradia.fi\/hannisjarvinen-tdpt2104\/#\/schema\/person\/e011261e8d441be7cf033a749535de0c"},"headline":"Karhukaiset","datePublished":"2021-09-27T11:51:43+00:00","dateModified":"2021-10-29T14:14:08+00:00","mainEntityOfPage":{"@id":"https:\/\/blogit.gradia.fi\/hannisjarvinen-tdpt2104\/2021\/09\/27\/karhukaiset\/"},"wordCount":159,"commentCount":0,"image":{"@id":"https:\/\/blogit.gradia.fi\/hannisjarvinen-tdpt2104\/2021\/09\/27\/karhukaiset\/#primaryimage"},"thumbnailUrl":"https:\/\/blogit.gradia.fi\/hannisjarvinen-tdpt2104\/wp-content\/uploads\/sites\/235\/2021\/09\/nahka-scaled-e1632753557960-1024x660.jpg","articleSection":["Kankaanpainanta"],"inLanguage":"fi","potentialAction":[{"@type":"CommentAction","name":"Comment","target":["https:\/\/blogit.gradia.fi\/hannisjarvinen-tdpt2104\/2021\/09\/27\/karhukaiset\/#respond"]}]},{"@type":"WebPage","@id":"https:\/\/blogit.gradia.fi\/hannisjarvinen-tdpt2104\/2021\/09\/27\/karhukaiset\/","url":"https:\/\/blogit.gradia.fi\/hannisjarvinen-tdpt2104\/2021\/09\/27\/karhukaiset\/","name":"Karhukaiset - Oppimisp\u00e4iv\u00e4kirja","isPartOf":{"@id":"https:\/\/blogit.gradia.fi\/hannisjarvinen-tdpt2104\/#website"},"primaryImageOfPage":{"@id":"https:\/\/blogit.gradia.fi\/hannisjarvinen-tdpt2104\/2021\/09\/27\/karhukaiset\/#primaryimage"},"image":{"@id":"https:\/\/blogit.gradia.fi\/hannisjarvinen-tdpt2104\/2021\/09\/27\/karhukaiset\/#primaryimage"},"thumbnailUrl":"https:\/\/blogit.gradia.fi\/hannisjarvinen-tdpt2104\/wp-content\/uploads\/sites\/235\/2021\/09\/nahka-scaled-e1632753557960-1024x660.jpg","datePublished":"2021-09-27T11:51:43+00:00","dateModified":"2021-10-29T14:14:08+00:00","author":{"@id":"https:\/\/blogit.gradia.fi\/hannisjarvinen-tdpt2104\/#\/schema\/person\/e011261e8d441be7cf033a749535de0c"},"breadcrumb":{"@id":"https:\/\/blogit.gradia.fi\/hannisjarvinen-tdpt2104\/2021\/09\/27\/karhukaiset\/#breadcrumb"},"inLanguage":"fi","potentialAction":[{"@type":"ReadAction","target":["https:\/\/blogit.gradia.fi\/hannisjarvinen-tdpt2104\/2021\/09\/27\/karhukaiset\/"]}]},{"@type":"ImageObject","inLanguage":"fi","@id":"https:\/\/blogit.gradia.fi\/hannisjarvinen-tdpt2104\/2021\/09\/27\/karhukaiset\/#primaryimage","url":"https:\/\/blogit.gradia.fi\/hannisjarvinen-tdpt2104\/wp-content\/uploads\/sites\/235\/2021\/09\/nahka-scaled-e1632753557960.jpg","contentUrl":"https:\/\/blogit.gradia.fi\/hannisjarvinen-tdpt2104\/wp-content\/uploads\/sites\/235\/2021\/09\/nahka-scaled-e1632753557960.jpg","width":2560,"height":1650},{"@type":"BreadcrumbList","@id":"https:\/\/blogit.gradia.fi\/hannisjarvinen-tdpt2104\/2021\/09\/27\/karhukaiset\/#breadcrumb","itemListElement":[{"@type":"ListItem","position":1,"name":"Etusivu","item":"https:\/\/blogit.gradia.fi\/hannisjarvinen-tdpt2104\/"},{"@type":"ListItem","position":2,"name":"Karhukaiset"}]},{"@type":"WebSite","@id":"https:\/\/blogit.gradia.fi\/hannisjarvinen-tdpt2104\/#website","url":"https:\/\/blogit.gradia.fi\/hannisjarvinen-tdpt2104\/","name":"Oppimisp\u00e4iv\u00e4kirja","description":"Hannis J\u00e4rvinen","potentialAction":[{"@type":"SearchAction","target":{"@type":"EntryPoint","urlTemplate":"https:\/\/blogit.gradia.fi\/hannisjarvinen-tdpt2104\/?s={search_term_string}"},"query-input":{"@type":"PropertyValueSpecification","valueRequired":true,"valueName":"search_term_string"}}],"inLanguage":"fi"},{"@type":"Person","@id":"https:\/\/blogit.gradia.fi\/hannisjarvinen-tdpt2104\/#\/schema\/person\/e011261e8d441be7cf033a749535de0c","name":"Hannis J\u00e4rvinen","image":{"@type":"ImageObject","inLanguage":"fi","@id":"https:\/\/secure.gravatar.com\/avatar\/34ac6c536edfe2e363a0d57b1d24074e7abdca5a40940d30224c716c81d9b9ba?s=96&d=mm&r=g","url":"https:\/\/secure.gravatar.com\/avatar\/34ac6c536edfe2e363a0d57b1d24074e7abdca5a40940d30224c716c81d9b9ba?s=96&d=mm&r=g","contentUrl":"https:\/\/secure.gravatar.com\/avatar\/34ac6c536edfe2e363a0d57b1d24074e7abdca5a40940d30224c716c81d9b9ba?s=96&d=mm&r=g","caption":"Hannis J\u00e4rvinen"},"url":"https:\/\/blogit.gradia.fi\/hannisjarvinen-tdpt2104\/author\/gr266238\/"}]}},"uagb_featured_image_src":{"full":false,"thumbnail":false,"medium":false,"medium_large":false,"large":false,"1536x1536":false,"2048x2048":false,"twentyseventeen-featured-image":false,"twentyseventeen-thumbnail-avatar":false},"uagb_author_info":{"display_name":"Hannis J\u00e4rvinen","author_link":"https:\/\/blogit.gradia.fi\/hannisjarvinen-tdpt2104\/author\/gr266238\/"},"uagb_comment_info":0,"uagb_excerpt":"Printti nimelt\u00e4\u00e4n Karhukaiset syntyi, kun laitoin palan parkittua mateen nahkaa skanneriin. Muuntamalla kuvan mustavalkoiseksi ja poistamalla harmaan s\u00e4vyt, sain kuvion sopivaksi valotustekniikkaa varten. Monistin kuvaa kuvank\u00e4sittelyohjelmaan ja kokeilin erilaisia sommitelmia. Kuviot n\u00e4yttiv\u00e4t pienilt\u00e4 el\u00e4inhahmoilta ja siit\u00e4 nimi. T\u00e4st\u00e4 kankaasta suunnittelin tekev\u00e4ni pari koristetyyny\u00e4 olohuoneeseen. T\u00e4h\u00e4n vaiheeseen meni aikaa 2 tuntia. Kun kuva oli valmis, otin&hellip;","_links":{"self":[{"href":"https:\/\/blogit.gradia.fi\/hannisjarvinen-tdpt2104\/wp-json\/wp\/v2\/posts\/82","targetHints":{"allow":["GET"]}}],"collection":[{"href":"https:\/\/blogit.gradia.fi\/hannisjarvinen-tdpt2104\/wp-json\/wp\/v2\/posts"}],"about":[{"href":"https:\/\/blogit.gradia.fi\/hannisjarvinen-tdpt2104\/wp-json\/wp\/v2\/types\/post"}],"author":[{"embeddable":true,"href":"https:\/\/blogit.gradia.fi\/hannisjarvinen-tdpt2104\/wp-json\/wp\/v2\/users\/771"}],"replies":[{"embeddable":true,"href":"https:\/\/blogit.gradia.fi\/hannisjarvinen-tdpt2104\/wp-json\/wp\/v2\/comments?post=82"}],"version-history":[{"count":7,"href":"https:\/\/blogit.gradia.fi\/hannisjarvinen-tdpt2104\/wp-json\/wp\/v2\/posts\/82\/revisions"}],"predecessor-version":[{"id":125,"href":"https:\/\/blogit.gradia.fi\/hannisjarvinen-tdpt2104\/wp-json\/wp\/v2\/posts\/82\/revisions\/125"}],"wp:attachment":[{"href":"https:\/\/blogit.gradia.fi\/hannisjarvinen-tdpt2104\/wp-json\/wp\/v2\/media?parent=82"}],"wp:term":[{"taxonomy":"category","embeddable":true,"href":"https:\/\/blogit.gradia.fi\/hannisjarvinen-tdpt2104\/wp-json\/wp\/v2\/categories?post=82"},{"taxonomy":"post_tag","embeddable":true,"href":"https:\/\/blogit.gradia.fi\/hannisjarvinen-tdpt2104\/wp-json\/wp\/v2\/tags?post=82"}],"curies":[{"name":"wp","href":"https:\/\/api.w.org\/{rel}","templated":true}]}}