{"id":817,"date":"2023-04-05T10:22:27","date_gmt":"2023-04-05T07:22:27","guid":{"rendered":"https:\/\/blogit.gradia.fi\/hannisjarvinen-tdpt2104\/?p=817"},"modified":"2023-04-05T13:59:07","modified_gmt":"2023-04-05T10:59:07","slug":"pajoissa","status":"publish","type":"post","link":"https:\/\/blogit.gradia.fi\/hannisjarvinen-tdpt2104\/2023\/04\/05\/pajoissa\/","title":{"rendered":"Pajoissa"},"content":{"rendered":"\n<p>Kev\u00e4\u00e4seen ovat kuulunut my\u00f6s ohjauspajalaisten viimeiset pajat. En ole viel\u00e4 tullut kertoneeksi niist\u00e4, kun olen ajatellut p\u00e4\u00e4sev\u00e4ni useampiin. Valitettavasti moni j\u00e4i minulta pois sairastelun takia.<\/p>\n\n\n\n<p>Chikako piti meille yst\u00e4v\u00e4np\u00e4iv\u00e4n aikaan origami- ja kalligrafiapajan, jossa teimme yst\u00e4v\u00e4np\u00e4iv\u00e4tervehdyksi\u00e4. Mukavaa puuhailua hyv\u00e4ss\u00e4 hengess\u00e4, niin kuin aiemmikin Chikakon pajoissa.<\/p>\n\n\n\n<figure class=\"wp-block-image size-large\"><img loading=\"lazy\" decoding=\"async\" width=\"1024\" height=\"912\" src=\"https:\/\/blogit.gradia.fi\/hannisjarvinen-tdpt2104\/wp-content\/uploads\/sites\/235\/2023\/02\/IMG_20230127_132831-1024x912.jpg\" alt=\"\" class=\"wp-image-823\" srcset=\"https:\/\/blogit.gradia.fi\/hannisjarvinen-tdpt2104\/wp-content\/uploads\/sites\/235\/2023\/02\/IMG_20230127_132831-1024x912.jpg 1024w, https:\/\/blogit.gradia.fi\/hannisjarvinen-tdpt2104\/wp-content\/uploads\/sites\/235\/2023\/02\/IMG_20230127_132831-300x267.jpg 300w, https:\/\/blogit.gradia.fi\/hannisjarvinen-tdpt2104\/wp-content\/uploads\/sites\/235\/2023\/02\/IMG_20230127_132831-768x684.jpg 768w, https:\/\/blogit.gradia.fi\/hannisjarvinen-tdpt2104\/wp-content\/uploads\/sites\/235\/2023\/02\/IMG_20230127_132831-1536x1368.jpg 1536w, https:\/\/blogit.gradia.fi\/hannisjarvinen-tdpt2104\/wp-content\/uploads\/sites\/235\/2023\/02\/IMG_20230127_132831-2048x1824.jpg 2048w\" sizes=\"auto, (max-width: 767px) 89vw, (max-width: 1000px) 54vw, (max-width: 1071px) 543px, 580px\" \/><figcaption class=\"wp-element-caption\">N\u00e4ist\u00e4 harakanvarpaista olin erityisen ylpe\u00e4<\/figcaption><\/figure>\n\n\n\n<figure class=\"wp-block-image size-full\"><img loading=\"lazy\" decoding=\"async\" width=\"1000\" height=\"771\" src=\"https:\/\/blogit.gradia.fi\/hannisjarvinen-tdpt2104\/wp-content\/uploads\/sites\/235\/2023\/02\/IMG_20230127_194607.jpg\" alt=\"\" class=\"wp-image-824\" srcset=\"https:\/\/blogit.gradia.fi\/hannisjarvinen-tdpt2104\/wp-content\/uploads\/sites\/235\/2023\/02\/IMG_20230127_194607.jpg 1000w, https:\/\/blogit.gradia.fi\/hannisjarvinen-tdpt2104\/wp-content\/uploads\/sites\/235\/2023\/02\/IMG_20230127_194607-300x231.jpg 300w, https:\/\/blogit.gradia.fi\/hannisjarvinen-tdpt2104\/wp-content\/uploads\/sites\/235\/2023\/02\/IMG_20230127_194607-768x592.jpg 768w\" sizes=\"auto, (max-width: 767px) 89vw, (max-width: 1000px) 54vw, (max-width: 1071px) 543px, 580px\" \/><figcaption class=\"wp-element-caption\">Kotona harjoittelin viel\u00e4 kurkien taittelua<\/figcaption><\/figure>\n\n\n\n<p>Mimosa puolestaan piti alkukev\u00e4\u00e4st\u00e4 metallilankapajoja, joista kahteen p\u00e4\u00e4sin osallistumaan. Toisessa pajassa teimme haltiakorvia kuparilangasta oman korvan malliin ja toisessa miniatyyrikristallikruunuja. Oikeita helmi\u00e4 n\u00e4m\u00e4kin pajat. Korvanlehtikoruja olen satunnaisesti k\u00e4ytt\u00e4nytkin. <\/p>\n\n\n\n<figure class=\"wp-block-image size-large\"><img loading=\"lazy\" decoding=\"async\" width=\"988\" height=\"1024\" src=\"https:\/\/blogit.gradia.fi\/hannisjarvinen-tdpt2104\/wp-content\/uploads\/sites\/235\/2023\/02\/IMG_20230208_145220-1-988x1024.jpg\" alt=\"\" class=\"wp-image-826\" srcset=\"https:\/\/blogit.gradia.fi\/hannisjarvinen-tdpt2104\/wp-content\/uploads\/sites\/235\/2023\/02\/IMG_20230208_145220-1-988x1024.jpg 988w, https:\/\/blogit.gradia.fi\/hannisjarvinen-tdpt2104\/wp-content\/uploads\/sites\/235\/2023\/02\/IMG_20230208_145220-1-290x300.jpg 290w, https:\/\/blogit.gradia.fi\/hannisjarvinen-tdpt2104\/wp-content\/uploads\/sites\/235\/2023\/02\/IMG_20230208_145220-1-768x796.jpg 768w, https:\/\/blogit.gradia.fi\/hannisjarvinen-tdpt2104\/wp-content\/uploads\/sites\/235\/2023\/02\/IMG_20230208_145220-1-1483x1536.jpg 1483w, https:\/\/blogit.gradia.fi\/hannisjarvinen-tdpt2104\/wp-content\/uploads\/sites\/235\/2023\/02\/IMG_20230208_145220-1.jpg 1500w\" sizes=\"auto, (max-width: 767px) 89vw, (max-width: 1000px) 54vw, (max-width: 1071px) 543px, 580px\" \/><figcaption class=\"wp-element-caption\">Mimosan Korvalehden korupaja<\/figcaption><\/figure>\n\n\n\n<figure class=\"wp-block-gallery has-nested-images columns-default is-cropped wp-block-gallery-1 is-layout-flex wp-block-gallery-is-layout-flex\">\n<figure class=\"wp-block-image size-large\"><img loading=\"lazy\" decoding=\"async\" width=\"790\" height=\"1024\" data-id=\"887\" src=\"https:\/\/blogit.gradia.fi\/hannisjarvinen-tdpt2104\/wp-content\/uploads\/sites\/235\/2023\/03\/IMG_20230201_104950-790x1024.jpg\" alt=\"\" class=\"wp-image-887\" srcset=\"https:\/\/blogit.gradia.fi\/hannisjarvinen-tdpt2104\/wp-content\/uploads\/sites\/235\/2023\/03\/IMG_20230201_104950-790x1024.jpg 790w, https:\/\/blogit.gradia.fi\/hannisjarvinen-tdpt2104\/wp-content\/uploads\/sites\/235\/2023\/03\/IMG_20230201_104950-231x300.jpg 231w, https:\/\/blogit.gradia.fi\/hannisjarvinen-tdpt2104\/wp-content\/uploads\/sites\/235\/2023\/03\/IMG_20230201_104950-768x995.jpg 768w, https:\/\/blogit.gradia.fi\/hannisjarvinen-tdpt2104\/wp-content\/uploads\/sites\/235\/2023\/03\/IMG_20230201_104950.jpg 1000w\" sizes=\"auto, (max-width: 767px) 89vw, (max-width: 1000px) 54vw, (max-width: 1071px) 543px, 580px\" \/><\/figure>\n\n\n\n<figure class=\"wp-block-image size-large\"><img loading=\"lazy\" decoding=\"async\" width=\"858\" height=\"894\" data-id=\"886\" src=\"https:\/\/blogit.gradia.fi\/hannisjarvinen-tdpt2104\/wp-content\/uploads\/sites\/235\/2023\/03\/IMG_20230201_144815.jpg\" alt=\"\" class=\"wp-image-886\" srcset=\"https:\/\/blogit.gradia.fi\/hannisjarvinen-tdpt2104\/wp-content\/uploads\/sites\/235\/2023\/03\/IMG_20230201_144815.jpg 858w, https:\/\/blogit.gradia.fi\/hannisjarvinen-tdpt2104\/wp-content\/uploads\/sites\/235\/2023\/03\/IMG_20230201_144815-288x300.jpg 288w, https:\/\/blogit.gradia.fi\/hannisjarvinen-tdpt2104\/wp-content\/uploads\/sites\/235\/2023\/03\/IMG_20230201_144815-768x800.jpg 768w\" sizes=\"auto, (max-width: 767px) 89vw, (max-width: 1000px) 54vw, (max-width: 1071px) 543px, 580px\" \/><figcaption class=\"wp-element-caption\">Mimosan kristallikruunupaja<\/figcaption><\/figure>\n<\/figure>\n","protected":false},"excerpt":{"rendered":"<p>Kev\u00e4\u00e4seen ovat kuulunut my\u00f6s ohjauspajalaisten viimeiset pajat. En ole viel\u00e4 tullut kertoneeksi niist\u00e4, kun olen ajatellut p\u00e4\u00e4sev\u00e4ni useampiin. Valitettavasti moni j\u00e4i minulta pois sairastelun takia. Chikako piti meille yst\u00e4v\u00e4np\u00e4iv\u00e4n aikaan origami- ja kalligrafiapajan, jossa teimme yst\u00e4v\u00e4np\u00e4iv\u00e4tervehdyksi\u00e4. Mukavaa puuhailua hyv\u00e4ss\u00e4 hengess\u00e4, niin kuin aiemmikin Chikakon pajoissa. Mimosa puolestaan piti alkukev\u00e4\u00e4st\u00e4 metallilankapajoja, joista kahteen p\u00e4\u00e4sin osallistumaan. Toisessa &hellip; <\/p>\n<p class=\"link-more\"><a href=\"https:\/\/blogit.gradia.fi\/hannisjarvinen-tdpt2104\/2023\/04\/05\/pajoissa\/\" class=\"more-link\">Jatka lukemista<span class=\"screen-reader-text\"> &#8221;Pajoissa&#8221;<\/span><\/a><\/p>\n","protected":false},"author":771,"featured_media":0,"comment_status":"open","ping_status":"open","sticky":false,"template":"","format":"standard","meta":{"_uag_custom_page_level_css":"","footnotes":""},"categories":[13,1],"tags":[],"class_list":["post-817","post","type-post","status-publish","format-standard","hentry","category-ohjaustoiminta","category-yleinen"],"yoast_head":"<!-- This site is optimized with the Yoast SEO plugin v27.5 - https:\/\/yoast.com\/product\/yoast-seo-wordpress\/ -->\n<title>Pajoissa - Oppimisp\u00e4iv\u00e4kirja<\/title>\n<meta name=\"robots\" content=\"index, follow, max-snippet:-1, max-image-preview:large, max-video-preview:-1\" \/>\n<link rel=\"canonical\" href=\"https:\/\/blogit.gradia.fi\/hannisjarvinen-tdpt2104\/2023\/04\/05\/pajoissa\/\" \/>\n<meta property=\"og:locale\" content=\"fi_FI\" \/>\n<meta property=\"og:type\" content=\"article\" \/>\n<meta property=\"og:title\" content=\"Pajoissa - Oppimisp\u00e4iv\u00e4kirja\" \/>\n<meta property=\"og:description\" content=\"Kev\u00e4\u00e4seen ovat kuulunut my\u00f6s ohjauspajalaisten viimeiset pajat. En ole viel\u00e4 tullut kertoneeksi niist\u00e4, kun olen ajatellut p\u00e4\u00e4sev\u00e4ni useampiin. Valitettavasti moni j\u00e4i minulta pois sairastelun takia. Chikako piti meille yst\u00e4v\u00e4np\u00e4iv\u00e4n aikaan origami- ja kalligrafiapajan, jossa teimme yst\u00e4v\u00e4np\u00e4iv\u00e4tervehdyksi\u00e4. Mukavaa puuhailua hyv\u00e4ss\u00e4 hengess\u00e4, niin kuin aiemmikin Chikakon pajoissa. Mimosa puolestaan piti alkukev\u00e4\u00e4st\u00e4 metallilankapajoja, joista kahteen p\u00e4\u00e4sin osallistumaan. Toisessa &hellip; Jatka lukemista &quot;Pajoissa&quot;\" \/>\n<meta property=\"og:url\" content=\"https:\/\/blogit.gradia.fi\/hannisjarvinen-tdpt2104\/2023\/04\/05\/pajoissa\/\" \/>\n<meta property=\"og:site_name\" content=\"Oppimisp\u00e4iv\u00e4kirja\" \/>\n<meta property=\"article:published_time\" content=\"2023-04-05T07:22:27+00:00\" \/>\n<meta property=\"article:modified_time\" content=\"2023-04-05T10:59:07+00:00\" \/>\n<meta property=\"og:image\" content=\"https:\/\/blogit.gradia.fi\/hannisjarvinen-tdpt2104\/wp-content\/uploads\/sites\/235\/2023\/02\/IMG_20230127_132831-1024x912.jpg\" \/>\n<meta name=\"author\" content=\"Hannis J\u00e4rvinen\" \/>\n<meta name=\"twitter:card\" content=\"summary_large_image\" \/>\n<meta name=\"twitter:label1\" content=\"Kirjoittanut\" \/>\n\t<meta name=\"twitter:data1\" content=\"Hannis J\u00e4rvinen\" \/>\n\t<meta name=\"twitter:label2\" content=\"Arvioitu lukuaika\" \/>\n\t<meta name=\"twitter:data2\" content=\"2 minuuttia\" \/>\n<script type=\"application\/ld+json\" class=\"yoast-schema-graph\">{\"@context\":\"https:\\\/\\\/schema.org\",\"@graph\":[{\"@type\":\"Article\",\"@id\":\"https:\\\/\\\/blogit.gradia.fi\\\/hannisjarvinen-tdpt2104\\\/2023\\\/04\\\/05\\\/pajoissa\\\/#article\",\"isPartOf\":{\"@id\":\"https:\\\/\\\/blogit.gradia.fi\\\/hannisjarvinen-tdpt2104\\\/2023\\\/04\\\/05\\\/pajoissa\\\/\"},\"author\":{\"name\":\"Hannis J\u00e4rvinen\",\"@id\":\"https:\\\/\\\/blogit.gradia.fi\\\/hannisjarvinen-tdpt2104\\\/#\\\/schema\\\/person\\\/e011261e8d441be7cf033a749535de0c\"},\"headline\":\"Pajoissa\",\"datePublished\":\"2023-04-05T07:22:27+00:00\",\"dateModified\":\"2023-04-05T10:59:07+00:00\",\"mainEntityOfPage\":{\"@id\":\"https:\\\/\\\/blogit.gradia.fi\\\/hannisjarvinen-tdpt2104\\\/2023\\\/04\\\/05\\\/pajoissa\\\/\"},\"wordCount\":110,\"commentCount\":0,\"image\":{\"@id\":\"https:\\\/\\\/blogit.gradia.fi\\\/hannisjarvinen-tdpt2104\\\/2023\\\/04\\\/05\\\/pajoissa\\\/#primaryimage\"},\"thumbnailUrl\":\"https:\\\/\\\/blogit.gradia.fi\\\/hannisjarvinen-tdpt2104\\\/wp-content\\\/uploads\\\/sites\\\/235\\\/2023\\\/02\\\/IMG_20230127_132831-1024x912.jpg\",\"articleSection\":[\"Ohjaustoiminta\"],\"inLanguage\":\"fi\",\"potentialAction\":[{\"@type\":\"CommentAction\",\"name\":\"Comment\",\"target\":[\"https:\\\/\\\/blogit.gradia.fi\\\/hannisjarvinen-tdpt2104\\\/2023\\\/04\\\/05\\\/pajoissa\\\/#respond\"]}]},{\"@type\":\"WebPage\",\"@id\":\"https:\\\/\\\/blogit.gradia.fi\\\/hannisjarvinen-tdpt2104\\\/2023\\\/04\\\/05\\\/pajoissa\\\/\",\"url\":\"https:\\\/\\\/blogit.gradia.fi\\\/hannisjarvinen-tdpt2104\\\/2023\\\/04\\\/05\\\/pajoissa\\\/\",\"name\":\"Pajoissa - Oppimisp\u00e4iv\u00e4kirja\",\"isPartOf\":{\"@id\":\"https:\\\/\\\/blogit.gradia.fi\\\/hannisjarvinen-tdpt2104\\\/#website\"},\"primaryImageOfPage\":{\"@id\":\"https:\\\/\\\/blogit.gradia.fi\\\/hannisjarvinen-tdpt2104\\\/2023\\\/04\\\/05\\\/pajoissa\\\/#primaryimage\"},\"image\":{\"@id\":\"https:\\\/\\\/blogit.gradia.fi\\\/hannisjarvinen-tdpt2104\\\/2023\\\/04\\\/05\\\/pajoissa\\\/#primaryimage\"},\"thumbnailUrl\":\"https:\\\/\\\/blogit.gradia.fi\\\/hannisjarvinen-tdpt2104\\\/wp-content\\\/uploads\\\/sites\\\/235\\\/2023\\\/02\\\/IMG_20230127_132831-1024x912.jpg\",\"datePublished\":\"2023-04-05T07:22:27+00:00\",\"dateModified\":\"2023-04-05T10:59:07+00:00\",\"author\":{\"@id\":\"https:\\\/\\\/blogit.gradia.fi\\\/hannisjarvinen-tdpt2104\\\/#\\\/schema\\\/person\\\/e011261e8d441be7cf033a749535de0c\"},\"breadcrumb\":{\"@id\":\"https:\\\/\\\/blogit.gradia.fi\\\/hannisjarvinen-tdpt2104\\\/2023\\\/04\\\/05\\\/pajoissa\\\/#breadcrumb\"},\"inLanguage\":\"fi\",\"potentialAction\":[{\"@type\":\"ReadAction\",\"target\":[\"https:\\\/\\\/blogit.gradia.fi\\\/hannisjarvinen-tdpt2104\\\/2023\\\/04\\\/05\\\/pajoissa\\\/\"]}]},{\"@type\":\"ImageObject\",\"inLanguage\":\"fi\",\"@id\":\"https:\\\/\\\/blogit.gradia.fi\\\/hannisjarvinen-tdpt2104\\\/2023\\\/04\\\/05\\\/pajoissa\\\/#primaryimage\",\"url\":\"https:\\\/\\\/blogit.gradia.fi\\\/hannisjarvinen-tdpt2104\\\/wp-content\\\/uploads\\\/sites\\\/235\\\/2023\\\/02\\\/IMG_20230127_132831-scaled.jpg\",\"contentUrl\":\"https:\\\/\\\/blogit.gradia.fi\\\/hannisjarvinen-tdpt2104\\\/wp-content\\\/uploads\\\/sites\\\/235\\\/2023\\\/02\\\/IMG_20230127_132831-scaled.jpg\",\"width\":2560,\"height\":2280},{\"@type\":\"BreadcrumbList\",\"@id\":\"https:\\\/\\\/blogit.gradia.fi\\\/hannisjarvinen-tdpt2104\\\/2023\\\/04\\\/05\\\/pajoissa\\\/#breadcrumb\",\"itemListElement\":[{\"@type\":\"ListItem\",\"position\":1,\"name\":\"Etusivu\",\"item\":\"https:\\\/\\\/blogit.gradia.fi\\\/hannisjarvinen-tdpt2104\\\/\"},{\"@type\":\"ListItem\",\"position\":2,\"name\":\"Pajoissa\"}]},{\"@type\":\"WebSite\",\"@id\":\"https:\\\/\\\/blogit.gradia.fi\\\/hannisjarvinen-tdpt2104\\\/#website\",\"url\":\"https:\\\/\\\/blogit.gradia.fi\\\/hannisjarvinen-tdpt2104\\\/\",\"name\":\"Oppimisp\u00e4iv\u00e4kirja\",\"description\":\"Hannis J\u00e4rvinen\",\"potentialAction\":[{\"@type\":\"SearchAction\",\"target\":{\"@type\":\"EntryPoint\",\"urlTemplate\":\"https:\\\/\\\/blogit.gradia.fi\\\/hannisjarvinen-tdpt2104\\\/?s={search_term_string}\"},\"query-input\":{\"@type\":\"PropertyValueSpecification\",\"valueRequired\":true,\"valueName\":\"search_term_string\"}}],\"inLanguage\":\"fi\"},{\"@type\":\"Person\",\"@id\":\"https:\\\/\\\/blogit.gradia.fi\\\/hannisjarvinen-tdpt2104\\\/#\\\/schema\\\/person\\\/e011261e8d441be7cf033a749535de0c\",\"name\":\"Hannis J\u00e4rvinen\",\"image\":{\"@type\":\"ImageObject\",\"inLanguage\":\"fi\",\"@id\":\"https:\\\/\\\/secure.gravatar.com\\\/avatar\\\/34ac6c536edfe2e363a0d57b1d24074e7abdca5a40940d30224c716c81d9b9ba?s=96&d=mm&r=g\",\"url\":\"https:\\\/\\\/secure.gravatar.com\\\/avatar\\\/34ac6c536edfe2e363a0d57b1d24074e7abdca5a40940d30224c716c81d9b9ba?s=96&d=mm&r=g\",\"contentUrl\":\"https:\\\/\\\/secure.gravatar.com\\\/avatar\\\/34ac6c536edfe2e363a0d57b1d24074e7abdca5a40940d30224c716c81d9b9ba?s=96&d=mm&r=g\",\"caption\":\"Hannis J\u00e4rvinen\"},\"url\":\"https:\\\/\\\/blogit.gradia.fi\\\/hannisjarvinen-tdpt2104\\\/author\\\/gr266238\\\/\"}]}<\/script>\n<!-- \/ Yoast SEO plugin. -->","yoast_head_json":{"title":"Pajoissa - Oppimisp\u00e4iv\u00e4kirja","robots":{"index":"index","follow":"follow","max-snippet":"max-snippet:-1","max-image-preview":"max-image-preview:large","max-video-preview":"max-video-preview:-1"},"canonical":"https:\/\/blogit.gradia.fi\/hannisjarvinen-tdpt2104\/2023\/04\/05\/pajoissa\/","og_locale":"fi_FI","og_type":"article","og_title":"Pajoissa - Oppimisp\u00e4iv\u00e4kirja","og_description":"Kev\u00e4\u00e4seen ovat kuulunut my\u00f6s ohjauspajalaisten viimeiset pajat. En ole viel\u00e4 tullut kertoneeksi niist\u00e4, kun olen ajatellut p\u00e4\u00e4sev\u00e4ni useampiin. Valitettavasti moni j\u00e4i minulta pois sairastelun takia. Chikako piti meille yst\u00e4v\u00e4np\u00e4iv\u00e4n aikaan origami- ja kalligrafiapajan, jossa teimme yst\u00e4v\u00e4np\u00e4iv\u00e4tervehdyksi\u00e4. Mukavaa puuhailua hyv\u00e4ss\u00e4 hengess\u00e4, niin kuin aiemmikin Chikakon pajoissa. Mimosa puolestaan piti alkukev\u00e4\u00e4st\u00e4 metallilankapajoja, joista kahteen p\u00e4\u00e4sin osallistumaan. Toisessa &hellip; Jatka lukemista \"Pajoissa\"","og_url":"https:\/\/blogit.gradia.fi\/hannisjarvinen-tdpt2104\/2023\/04\/05\/pajoissa\/","og_site_name":"Oppimisp\u00e4iv\u00e4kirja","article_published_time":"2023-04-05T07:22:27+00:00","article_modified_time":"2023-04-05T10:59:07+00:00","og_image":[{"url":"https:\/\/blogit.gradia.fi\/hannisjarvinen-tdpt2104\/wp-content\/uploads\/sites\/235\/2023\/02\/IMG_20230127_132831-1024x912.jpg","type":"","width":"","height":""}],"author":"Hannis J\u00e4rvinen","twitter_card":"summary_large_image","twitter_misc":{"Kirjoittanut":"Hannis J\u00e4rvinen","Arvioitu lukuaika":"2 minuuttia"},"schema":{"@context":"https:\/\/schema.org","@graph":[{"@type":"Article","@id":"https:\/\/blogit.gradia.fi\/hannisjarvinen-tdpt2104\/2023\/04\/05\/pajoissa\/#article","isPartOf":{"@id":"https:\/\/blogit.gradia.fi\/hannisjarvinen-tdpt2104\/2023\/04\/05\/pajoissa\/"},"author":{"name":"Hannis J\u00e4rvinen","@id":"https:\/\/blogit.gradia.fi\/hannisjarvinen-tdpt2104\/#\/schema\/person\/e011261e8d441be7cf033a749535de0c"},"headline":"Pajoissa","datePublished":"2023-04-05T07:22:27+00:00","dateModified":"2023-04-05T10:59:07+00:00","mainEntityOfPage":{"@id":"https:\/\/blogit.gradia.fi\/hannisjarvinen-tdpt2104\/2023\/04\/05\/pajoissa\/"},"wordCount":110,"commentCount":0,"image":{"@id":"https:\/\/blogit.gradia.fi\/hannisjarvinen-tdpt2104\/2023\/04\/05\/pajoissa\/#primaryimage"},"thumbnailUrl":"https:\/\/blogit.gradia.fi\/hannisjarvinen-tdpt2104\/wp-content\/uploads\/sites\/235\/2023\/02\/IMG_20230127_132831-1024x912.jpg","articleSection":["Ohjaustoiminta"],"inLanguage":"fi","potentialAction":[{"@type":"CommentAction","name":"Comment","target":["https:\/\/blogit.gradia.fi\/hannisjarvinen-tdpt2104\/2023\/04\/05\/pajoissa\/#respond"]}]},{"@type":"WebPage","@id":"https:\/\/blogit.gradia.fi\/hannisjarvinen-tdpt2104\/2023\/04\/05\/pajoissa\/","url":"https:\/\/blogit.gradia.fi\/hannisjarvinen-tdpt2104\/2023\/04\/05\/pajoissa\/","name":"Pajoissa - Oppimisp\u00e4iv\u00e4kirja","isPartOf":{"@id":"https:\/\/blogit.gradia.fi\/hannisjarvinen-tdpt2104\/#website"},"primaryImageOfPage":{"@id":"https:\/\/blogit.gradia.fi\/hannisjarvinen-tdpt2104\/2023\/04\/05\/pajoissa\/#primaryimage"},"image":{"@id":"https:\/\/blogit.gradia.fi\/hannisjarvinen-tdpt2104\/2023\/04\/05\/pajoissa\/#primaryimage"},"thumbnailUrl":"https:\/\/blogit.gradia.fi\/hannisjarvinen-tdpt2104\/wp-content\/uploads\/sites\/235\/2023\/02\/IMG_20230127_132831-1024x912.jpg","datePublished":"2023-04-05T07:22:27+00:00","dateModified":"2023-04-05T10:59:07+00:00","author":{"@id":"https:\/\/blogit.gradia.fi\/hannisjarvinen-tdpt2104\/#\/schema\/person\/e011261e8d441be7cf033a749535de0c"},"breadcrumb":{"@id":"https:\/\/blogit.gradia.fi\/hannisjarvinen-tdpt2104\/2023\/04\/05\/pajoissa\/#breadcrumb"},"inLanguage":"fi","potentialAction":[{"@type":"ReadAction","target":["https:\/\/blogit.gradia.fi\/hannisjarvinen-tdpt2104\/2023\/04\/05\/pajoissa\/"]}]},{"@type":"ImageObject","inLanguage":"fi","@id":"https:\/\/blogit.gradia.fi\/hannisjarvinen-tdpt2104\/2023\/04\/05\/pajoissa\/#primaryimage","url":"https:\/\/blogit.gradia.fi\/hannisjarvinen-tdpt2104\/wp-content\/uploads\/sites\/235\/2023\/02\/IMG_20230127_132831-scaled.jpg","contentUrl":"https:\/\/blogit.gradia.fi\/hannisjarvinen-tdpt2104\/wp-content\/uploads\/sites\/235\/2023\/02\/IMG_20230127_132831-scaled.jpg","width":2560,"height":2280},{"@type":"BreadcrumbList","@id":"https:\/\/blogit.gradia.fi\/hannisjarvinen-tdpt2104\/2023\/04\/05\/pajoissa\/#breadcrumb","itemListElement":[{"@type":"ListItem","position":1,"name":"Etusivu","item":"https:\/\/blogit.gradia.fi\/hannisjarvinen-tdpt2104\/"},{"@type":"ListItem","position":2,"name":"Pajoissa"}]},{"@type":"WebSite","@id":"https:\/\/blogit.gradia.fi\/hannisjarvinen-tdpt2104\/#website","url":"https:\/\/blogit.gradia.fi\/hannisjarvinen-tdpt2104\/","name":"Oppimisp\u00e4iv\u00e4kirja","description":"Hannis J\u00e4rvinen","potentialAction":[{"@type":"SearchAction","target":{"@type":"EntryPoint","urlTemplate":"https:\/\/blogit.gradia.fi\/hannisjarvinen-tdpt2104\/?s={search_term_string}"},"query-input":{"@type":"PropertyValueSpecification","valueRequired":true,"valueName":"search_term_string"}}],"inLanguage":"fi"},{"@type":"Person","@id":"https:\/\/blogit.gradia.fi\/hannisjarvinen-tdpt2104\/#\/schema\/person\/e011261e8d441be7cf033a749535de0c","name":"Hannis J\u00e4rvinen","image":{"@type":"ImageObject","inLanguage":"fi","@id":"https:\/\/secure.gravatar.com\/avatar\/34ac6c536edfe2e363a0d57b1d24074e7abdca5a40940d30224c716c81d9b9ba?s=96&d=mm&r=g","url":"https:\/\/secure.gravatar.com\/avatar\/34ac6c536edfe2e363a0d57b1d24074e7abdca5a40940d30224c716c81d9b9ba?s=96&d=mm&r=g","contentUrl":"https:\/\/secure.gravatar.com\/avatar\/34ac6c536edfe2e363a0d57b1d24074e7abdca5a40940d30224c716c81d9b9ba?s=96&d=mm&r=g","caption":"Hannis J\u00e4rvinen"},"url":"https:\/\/blogit.gradia.fi\/hannisjarvinen-tdpt2104\/author\/gr266238\/"}]}},"uagb_featured_image_src":{"full":false,"thumbnail":false,"medium":false,"medium_large":false,"large":false,"1536x1536":false,"2048x2048":false,"twentyseventeen-featured-image":false,"twentyseventeen-thumbnail-avatar":false},"uagb_author_info":{"display_name":"Hannis J\u00e4rvinen","author_link":"https:\/\/blogit.gradia.fi\/hannisjarvinen-tdpt2104\/author\/gr266238\/"},"uagb_comment_info":0,"uagb_excerpt":"Kev\u00e4\u00e4seen ovat kuulunut my\u00f6s ohjauspajalaisten viimeiset pajat. En ole viel\u00e4 tullut kertoneeksi niist\u00e4, kun olen ajatellut p\u00e4\u00e4sev\u00e4ni useampiin. Valitettavasti moni j\u00e4i minulta pois sairastelun takia. Chikako piti meille yst\u00e4v\u00e4np\u00e4iv\u00e4n aikaan origami- ja kalligrafiapajan, jossa teimme yst\u00e4v\u00e4np\u00e4iv\u00e4tervehdyksi\u00e4. Mukavaa puuhailua hyv\u00e4ss\u00e4 hengess\u00e4, niin kuin aiemmikin Chikakon pajoissa. Mimosa puolestaan piti alkukev\u00e4\u00e4st\u00e4 metallilankapajoja, joista kahteen p\u00e4\u00e4sin osallistumaan. Toisessa&hellip;","_links":{"self":[{"href":"https:\/\/blogit.gradia.fi\/hannisjarvinen-tdpt2104\/wp-json\/wp\/v2\/posts\/817","targetHints":{"allow":["GET"]}}],"collection":[{"href":"https:\/\/blogit.gradia.fi\/hannisjarvinen-tdpt2104\/wp-json\/wp\/v2\/posts"}],"about":[{"href":"https:\/\/blogit.gradia.fi\/hannisjarvinen-tdpt2104\/wp-json\/wp\/v2\/types\/post"}],"author":[{"embeddable":true,"href":"https:\/\/blogit.gradia.fi\/hannisjarvinen-tdpt2104\/wp-json\/wp\/v2\/users\/771"}],"replies":[{"embeddable":true,"href":"https:\/\/blogit.gradia.fi\/hannisjarvinen-tdpt2104\/wp-json\/wp\/v2\/comments?post=817"}],"version-history":[{"count":5,"href":"https:\/\/blogit.gradia.fi\/hannisjarvinen-tdpt2104\/wp-json\/wp\/v2\/posts\/817\/revisions"}],"predecessor-version":[{"id":913,"href":"https:\/\/blogit.gradia.fi\/hannisjarvinen-tdpt2104\/wp-json\/wp\/v2\/posts\/817\/revisions\/913"}],"wp:attachment":[{"href":"https:\/\/blogit.gradia.fi\/hannisjarvinen-tdpt2104\/wp-json\/wp\/v2\/media?parent=817"}],"wp:term":[{"taxonomy":"category","embeddable":true,"href":"https:\/\/blogit.gradia.fi\/hannisjarvinen-tdpt2104\/wp-json\/wp\/v2\/categories?post=817"},{"taxonomy":"post_tag","embeddable":true,"href":"https:\/\/blogit.gradia.fi\/hannisjarvinen-tdpt2104\/wp-json\/wp\/v2\/tags?post=817"}],"curies":[{"name":"wp","href":"https:\/\/api.w.org\/{rel}","templated":true}]}}