{"id":791,"date":"2023-01-18T17:42:18","date_gmt":"2023-01-18T15:42:18","guid":{"rendered":"https:\/\/blogit.gradia.fi\/hannisjarvinen-tdpt2104\/?p=791"},"modified":"2023-01-18T17:42:20","modified_gmt":"2023-01-18T15:42:20","slug":"kuosin-suunnittelua","status":"publish","type":"post","link":"https:\/\/blogit.gradia.fi\/hannisjarvinen-tdpt2104\/2023\/01\/18\/kuosin-suunnittelua\/","title":{"rendered":"Kuosin suunnittelua"},"content":{"rendered":"\n<p>Tammikuun alussa aloin todella panostaa Illustratorilla teht\u00e4viin painokuoseihin. N\u00e4ihin saisi menem\u00e4\u00e4n aikaa vaikka kuinka paljon! <\/p>\n\n\n\n<p>Kuvioiden tekemist\u00e4 on hankaloittanut ohjelmien ja kuvien raskaus suhteessa koulun koneiden kapasiteettiin. Itse pid\u00e4n v\u00e4reit\u00e4, niin kuositkin ovat moniv\u00e4risi\u00e4 ja raskaampia ty\u00f6st\u00e4\u00e4. T\u00e4ss\u00e4 kuitenkin jonkinlaisia lopputuloksia.<\/p>\n\n\n\n<figure class=\"wp-block-image size-full is-resized\"><img loading=\"lazy\" decoding=\"async\" src=\"https:\/\/blogit.gradia.fi\/hannisjarvinen-tdpt2104\/wp-content\/uploads\/sites\/235\/2023\/01\/Screenshot-2023-01-13-183534.png\" alt=\"\" class=\"wp-image-792\" width=\"655\" height=\"812\" srcset=\"https:\/\/blogit.gradia.fi\/hannisjarvinen-tdpt2104\/wp-content\/uploads\/sites\/235\/2023\/01\/Screenshot-2023-01-13-183534.png 655w, https:\/\/blogit.gradia.fi\/hannisjarvinen-tdpt2104\/wp-content\/uploads\/sites\/235\/2023\/01\/Screenshot-2023-01-13-183534-242x300.png 242w\" sizes=\"auto, (max-width: 655px) 100vw, 655px\" \/><\/figure>\n\n\n\n<p>Pionien kuosi on yhdistelty kes\u00e4ll\u00e4 vesiv\u00e4reill\u00e4 maalamistani puutarhakasveista ja muokkailtu kuosiksi. T\u00e4m\u00e4 k\u00e4visi vaikka tapetiksikin<\/p>\n\n\n\n<figure class=\"wp-block-image size-full\"><img loading=\"lazy\" decoding=\"async\" width=\"636\" height=\"815\" src=\"https:\/\/blogit.gradia.fi\/hannisjarvinen-tdpt2104\/wp-content\/uploads\/sites\/235\/2023\/01\/Screenshot-2023-01-13-184716.png\" alt=\"\" class=\"wp-image-797\" srcset=\"https:\/\/blogit.gradia.fi\/hannisjarvinen-tdpt2104\/wp-content\/uploads\/sites\/235\/2023\/01\/Screenshot-2023-01-13-184716.png 636w, https:\/\/blogit.gradia.fi\/hannisjarvinen-tdpt2104\/wp-content\/uploads\/sites\/235\/2023\/01\/Screenshot-2023-01-13-184716-234x300.png 234w\" sizes=\"auto, (max-width: 636px) 100vw, 636px\" \/><\/figure>\n\n\n\n<figure class=\"wp-block-image size-full is-resized\"><img loading=\"lazy\" decoding=\"async\" src=\"https:\/\/blogit.gradia.fi\/hannisjarvinen-tdpt2104\/wp-content\/uploads\/sites\/235\/2023\/01\/Screenshot-2023-01-13-183615.png\" alt=\"\" class=\"wp-image-793\" width=\"654\" height=\"795\" srcset=\"https:\/\/blogit.gradia.fi\/hannisjarvinen-tdpt2104\/wp-content\/uploads\/sites\/235\/2023\/01\/Screenshot-2023-01-13-183615.png 654w, https:\/\/blogit.gradia.fi\/hannisjarvinen-tdpt2104\/wp-content\/uploads\/sites\/235\/2023\/01\/Screenshot-2023-01-13-183615-247x300.png 247w\" sizes=\"auto, (max-width: 654px) 100vw, 654px\" \/><figcaption class=\"wp-element-caption\">Daalioita ja Kultapalloja<\/figcaption><\/figure>\n\n\n\n<p>Daalioiden ja kultapallojen kuosiin minulla j\u00e4i liikaa s\u00e4vyj\u00e4 ja kone ei oikein jaksanut sit\u00e4 k\u00e4sitell\u00e4, mutta oppia t\u00e4m\u00e4kin. <\/p>\n\n\n\n<figure class=\"wp-block-image size-large\"><img loading=\"lazy\" decoding=\"async\" width=\"1024\" height=\"728\" src=\"https:\/\/blogit.gradia.fi\/hannisjarvinen-tdpt2104\/wp-content\/uploads\/sites\/235\/2023\/01\/Screenshot-2023-01-13-183737-1024x728.png\" alt=\"\" class=\"wp-image-794\" srcset=\"https:\/\/blogit.gradia.fi\/hannisjarvinen-tdpt2104\/wp-content\/uploads\/sites\/235\/2023\/01\/Screenshot-2023-01-13-183737-1024x728.png 1024w, https:\/\/blogit.gradia.fi\/hannisjarvinen-tdpt2104\/wp-content\/uploads\/sites\/235\/2023\/01\/Screenshot-2023-01-13-183737-300x213.png 300w, https:\/\/blogit.gradia.fi\/hannisjarvinen-tdpt2104\/wp-content\/uploads\/sites\/235\/2023\/01\/Screenshot-2023-01-13-183737-768x546.png 768w, https:\/\/blogit.gradia.fi\/hannisjarvinen-tdpt2104\/wp-content\/uploads\/sites\/235\/2023\/01\/Screenshot-2023-01-13-183737.png 1089w\" sizes=\"auto, (max-width: 767px) 89vw, (max-width: 1000px) 54vw, (max-width: 1071px) 543px, 580px\" \/><figcaption class=\"wp-element-caption\">Joutsenia<\/figcaption><\/figure>\n\n\n\n<p>Joutsen on piirretty harjoitusteht\u00e4v\u00e4n\u00e4 koulutunnilla ja tein siit\u00e4 oman kuosin. <\/p>\n\n\n\n<figure class=\"wp-block-image size-large\"><img loading=\"lazy\" decoding=\"async\" width=\"1024\" height=\"725\" src=\"https:\/\/blogit.gradia.fi\/hannisjarvinen-tdpt2104\/wp-content\/uploads\/sites\/235\/2023\/01\/Screenshot-2023-01-13-184603-1024x725.png\" alt=\"\" class=\"wp-image-798\" srcset=\"https:\/\/blogit.gradia.fi\/hannisjarvinen-tdpt2104\/wp-content\/uploads\/sites\/235\/2023\/01\/Screenshot-2023-01-13-184603-1024x725.png 1024w, https:\/\/blogit.gradia.fi\/hannisjarvinen-tdpt2104\/wp-content\/uploads\/sites\/235\/2023\/01\/Screenshot-2023-01-13-184603-300x212.png 300w, https:\/\/blogit.gradia.fi\/hannisjarvinen-tdpt2104\/wp-content\/uploads\/sites\/235\/2023\/01\/Screenshot-2023-01-13-184603-768x544.png 768w, https:\/\/blogit.gradia.fi\/hannisjarvinen-tdpt2104\/wp-content\/uploads\/sites\/235\/2023\/01\/Screenshot-2023-01-13-184603.png 1144w\" sizes=\"auto, (max-width: 767px) 89vw, (max-width: 1000px) 54vw, (max-width: 1071px) 543px, 580px\" \/><\/figure>\n\n\n\n<p>Sadepisaroita kuvasin ikkunalasista syksyll\u00e4 ja muokkasin niist\u00e4 erilaisia v\u00e4rivaihoehtoja. Ihan kivoja n\u00e4m\u00e4kin.<\/p>\n\n\n\n<figure class=\"wp-block-image size-large\"><img loading=\"lazy\" decoding=\"async\" width=\"1024\" height=\"740\" src=\"https:\/\/blogit.gradia.fi\/hannisjarvinen-tdpt2104\/wp-content\/uploads\/sites\/235\/2023\/01\/Screenshot-2023-01-13-184635-1024x740.png\" alt=\"\" class=\"wp-image-799\" srcset=\"https:\/\/blogit.gradia.fi\/hannisjarvinen-tdpt2104\/wp-content\/uploads\/sites\/235\/2023\/01\/Screenshot-2023-01-13-184635-1024x740.png 1024w, https:\/\/blogit.gradia.fi\/hannisjarvinen-tdpt2104\/wp-content\/uploads\/sites\/235\/2023\/01\/Screenshot-2023-01-13-184635-300x217.png 300w, https:\/\/blogit.gradia.fi\/hannisjarvinen-tdpt2104\/wp-content\/uploads\/sites\/235\/2023\/01\/Screenshot-2023-01-13-184635-768x555.png 768w, https:\/\/blogit.gradia.fi\/hannisjarvinen-tdpt2104\/wp-content\/uploads\/sites\/235\/2023\/01\/Screenshot-2023-01-13-184635.png 1090w\" sizes=\"auto, (max-width: 767px) 89vw, (max-width: 1000px) 54vw, (max-width: 1071px) 543px, 580px\" \/><\/figure>\n\n\n\n<figure class=\"wp-block-image size-large\"><img loading=\"lazy\" decoding=\"async\" width=\"1024\" height=\"651\" src=\"https:\/\/blogit.gradia.fi\/hannisjarvinen-tdpt2104\/wp-content\/uploads\/sites\/235\/2023\/01\/Screenshot-2023-01-13-183659-1024x651.png\" alt=\"\" class=\"wp-image-795\" srcset=\"https:\/\/blogit.gradia.fi\/hannisjarvinen-tdpt2104\/wp-content\/uploads\/sites\/235\/2023\/01\/Screenshot-2023-01-13-183659-1024x651.png 1024w, https:\/\/blogit.gradia.fi\/hannisjarvinen-tdpt2104\/wp-content\/uploads\/sites\/235\/2023\/01\/Screenshot-2023-01-13-183659-300x191.png 300w, https:\/\/blogit.gradia.fi\/hannisjarvinen-tdpt2104\/wp-content\/uploads\/sites\/235\/2023\/01\/Screenshot-2023-01-13-183659-768x488.png 768w, https:\/\/blogit.gradia.fi\/hannisjarvinen-tdpt2104\/wp-content\/uploads\/sites\/235\/2023\/01\/Screenshot-2023-01-13-183659.png 1307w\" sizes=\"auto, (max-width: 767px) 89vw, (max-width: 1000px) 54vw, (max-width: 1071px) 543px, 580px\" \/><\/figure>\n","protected":false},"excerpt":{"rendered":"<p>Tammikuun alussa aloin todella panostaa Illustratorilla teht\u00e4viin painokuoseihin. N\u00e4ihin saisi menem\u00e4\u00e4n aikaa vaikka kuinka paljon! Kuvioiden tekemist\u00e4 on hankaloittanut ohjelmien ja kuvien raskaus suhteessa koulun koneiden kapasiteettiin. Itse pid\u00e4n v\u00e4reit\u00e4, niin kuositkin ovat moniv\u00e4risi\u00e4 ja raskaampia ty\u00f6st\u00e4\u00e4. T\u00e4ss\u00e4 kuitenkin jonkinlaisia lopputuloksia. Pionien kuosi on yhdistelty kes\u00e4ll\u00e4 vesiv\u00e4reill\u00e4 maalamistani puutarhakasveista ja muokkailtu kuosiksi. T\u00e4m\u00e4 k\u00e4visi vaikka &hellip; <\/p>\n<p class=\"link-more\"><a href=\"https:\/\/blogit.gradia.fi\/hannisjarvinen-tdpt2104\/2023\/01\/18\/kuosin-suunnittelua\/\" class=\"more-link\">Jatka lukemista<span class=\"screen-reader-text\"> &#8221;Kuosin suunnittelua&#8221;<\/span><\/a><\/p>\n","protected":false},"author":771,"featured_media":0,"comment_status":"open","ping_status":"open","sticky":false,"template":"","format":"standard","meta":{"_uag_custom_page_level_css":"","footnotes":""},"categories":[1],"tags":[],"class_list":["post-791","post","type-post","status-publish","format-standard","hentry","category-yleinen"],"yoast_head":"<!-- This site is optimized with the Yoast SEO plugin v27.5 - https:\/\/yoast.com\/product\/yoast-seo-wordpress\/ -->\n<title>Kuosin suunnittelua - Oppimisp\u00e4iv\u00e4kirja<\/title>\n<meta name=\"robots\" content=\"index, follow, max-snippet:-1, max-image-preview:large, max-video-preview:-1\" \/>\n<link rel=\"canonical\" href=\"https:\/\/blogit.gradia.fi\/hannisjarvinen-tdpt2104\/2023\/01\/18\/kuosin-suunnittelua\/\" \/>\n<meta property=\"og:locale\" content=\"fi_FI\" \/>\n<meta property=\"og:type\" content=\"article\" \/>\n<meta property=\"og:title\" content=\"Kuosin suunnittelua - Oppimisp\u00e4iv\u00e4kirja\" \/>\n<meta property=\"og:description\" content=\"Tammikuun alussa aloin todella panostaa Illustratorilla teht\u00e4viin painokuoseihin. N\u00e4ihin saisi menem\u00e4\u00e4n aikaa vaikka kuinka paljon! Kuvioiden tekemist\u00e4 on hankaloittanut ohjelmien ja kuvien raskaus suhteessa koulun koneiden kapasiteettiin. Itse pid\u00e4n v\u00e4reit\u00e4, niin kuositkin ovat moniv\u00e4risi\u00e4 ja raskaampia ty\u00f6st\u00e4\u00e4. T\u00e4ss\u00e4 kuitenkin jonkinlaisia lopputuloksia. Pionien kuosi on yhdistelty kes\u00e4ll\u00e4 vesiv\u00e4reill\u00e4 maalamistani puutarhakasveista ja muokkailtu kuosiksi. T\u00e4m\u00e4 k\u00e4visi vaikka &hellip; Jatka lukemista &quot;Kuosin suunnittelua&quot;\" \/>\n<meta property=\"og:url\" content=\"https:\/\/blogit.gradia.fi\/hannisjarvinen-tdpt2104\/2023\/01\/18\/kuosin-suunnittelua\/\" \/>\n<meta property=\"og:site_name\" content=\"Oppimisp\u00e4iv\u00e4kirja\" \/>\n<meta property=\"article:published_time\" content=\"2023-01-18T15:42:18+00:00\" \/>\n<meta property=\"article:modified_time\" content=\"2023-01-18T15:42:20+00:00\" \/>\n<meta property=\"og:image\" content=\"https:\/\/blogit.gradia.fi\/hannisjarvinen-tdpt2104\/wp-content\/uploads\/sites\/235\/2023\/01\/Screenshot-2023-01-13-183534.png\" \/>\n<meta name=\"author\" content=\"Hannis J\u00e4rvinen\" \/>\n<meta name=\"twitter:card\" content=\"summary_large_image\" \/>\n<meta name=\"twitter:label1\" content=\"Kirjoittanut\" \/>\n\t<meta name=\"twitter:data1\" content=\"Hannis J\u00e4rvinen\" \/>\n\t<meta name=\"twitter:label2\" content=\"Arvioitu lukuaika\" \/>\n\t<meta name=\"twitter:data2\" content=\"3 minuuttia\" \/>\n<script type=\"application\/ld+json\" class=\"yoast-schema-graph\">{\"@context\":\"https:\\\/\\\/schema.org\",\"@graph\":[{\"@type\":\"Article\",\"@id\":\"https:\\\/\\\/blogit.gradia.fi\\\/hannisjarvinen-tdpt2104\\\/2023\\\/01\\\/18\\\/kuosin-suunnittelua\\\/#article\",\"isPartOf\":{\"@id\":\"https:\\\/\\\/blogit.gradia.fi\\\/hannisjarvinen-tdpt2104\\\/2023\\\/01\\\/18\\\/kuosin-suunnittelua\\\/\"},\"author\":{\"name\":\"Hannis J\u00e4rvinen\",\"@id\":\"https:\\\/\\\/blogit.gradia.fi\\\/hannisjarvinen-tdpt2104\\\/#\\\/schema\\\/person\\\/e011261e8d441be7cf033a749535de0c\"},\"headline\":\"Kuosin suunnittelua\",\"datePublished\":\"2023-01-18T15:42:18+00:00\",\"dateModified\":\"2023-01-18T15:42:20+00:00\",\"mainEntityOfPage\":{\"@id\":\"https:\\\/\\\/blogit.gradia.fi\\\/hannisjarvinen-tdpt2104\\\/2023\\\/01\\\/18\\\/kuosin-suunnittelua\\\/\"},\"wordCount\":124,\"commentCount\":0,\"image\":{\"@id\":\"https:\\\/\\\/blogit.gradia.fi\\\/hannisjarvinen-tdpt2104\\\/2023\\\/01\\\/18\\\/kuosin-suunnittelua\\\/#primaryimage\"},\"thumbnailUrl\":\"https:\\\/\\\/blogit.gradia.fi\\\/hannisjarvinen-tdpt2104\\\/wp-content\\\/uploads\\\/sites\\\/235\\\/2023\\\/01\\\/Screenshot-2023-01-13-183534.png\",\"inLanguage\":\"fi\",\"potentialAction\":[{\"@type\":\"CommentAction\",\"name\":\"Comment\",\"target\":[\"https:\\\/\\\/blogit.gradia.fi\\\/hannisjarvinen-tdpt2104\\\/2023\\\/01\\\/18\\\/kuosin-suunnittelua\\\/#respond\"]}]},{\"@type\":\"WebPage\",\"@id\":\"https:\\\/\\\/blogit.gradia.fi\\\/hannisjarvinen-tdpt2104\\\/2023\\\/01\\\/18\\\/kuosin-suunnittelua\\\/\",\"url\":\"https:\\\/\\\/blogit.gradia.fi\\\/hannisjarvinen-tdpt2104\\\/2023\\\/01\\\/18\\\/kuosin-suunnittelua\\\/\",\"name\":\"Kuosin suunnittelua - Oppimisp\u00e4iv\u00e4kirja\",\"isPartOf\":{\"@id\":\"https:\\\/\\\/blogit.gradia.fi\\\/hannisjarvinen-tdpt2104\\\/#website\"},\"primaryImageOfPage\":{\"@id\":\"https:\\\/\\\/blogit.gradia.fi\\\/hannisjarvinen-tdpt2104\\\/2023\\\/01\\\/18\\\/kuosin-suunnittelua\\\/#primaryimage\"},\"image\":{\"@id\":\"https:\\\/\\\/blogit.gradia.fi\\\/hannisjarvinen-tdpt2104\\\/2023\\\/01\\\/18\\\/kuosin-suunnittelua\\\/#primaryimage\"},\"thumbnailUrl\":\"https:\\\/\\\/blogit.gradia.fi\\\/hannisjarvinen-tdpt2104\\\/wp-content\\\/uploads\\\/sites\\\/235\\\/2023\\\/01\\\/Screenshot-2023-01-13-183534.png\",\"datePublished\":\"2023-01-18T15:42:18+00:00\",\"dateModified\":\"2023-01-18T15:42:20+00:00\",\"author\":{\"@id\":\"https:\\\/\\\/blogit.gradia.fi\\\/hannisjarvinen-tdpt2104\\\/#\\\/schema\\\/person\\\/e011261e8d441be7cf033a749535de0c\"},\"breadcrumb\":{\"@id\":\"https:\\\/\\\/blogit.gradia.fi\\\/hannisjarvinen-tdpt2104\\\/2023\\\/01\\\/18\\\/kuosin-suunnittelua\\\/#breadcrumb\"},\"inLanguage\":\"fi\",\"potentialAction\":[{\"@type\":\"ReadAction\",\"target\":[\"https:\\\/\\\/blogit.gradia.fi\\\/hannisjarvinen-tdpt2104\\\/2023\\\/01\\\/18\\\/kuosin-suunnittelua\\\/\"]}]},{\"@type\":\"ImageObject\",\"inLanguage\":\"fi\",\"@id\":\"https:\\\/\\\/blogit.gradia.fi\\\/hannisjarvinen-tdpt2104\\\/2023\\\/01\\\/18\\\/kuosin-suunnittelua\\\/#primaryimage\",\"url\":\"https:\\\/\\\/blogit.gradia.fi\\\/hannisjarvinen-tdpt2104\\\/wp-content\\\/uploads\\\/sites\\\/235\\\/2023\\\/01\\\/Screenshot-2023-01-13-183534.png\",\"contentUrl\":\"https:\\\/\\\/blogit.gradia.fi\\\/hannisjarvinen-tdpt2104\\\/wp-content\\\/uploads\\\/sites\\\/235\\\/2023\\\/01\\\/Screenshot-2023-01-13-183534.png\",\"width\":655,\"height\":812},{\"@type\":\"BreadcrumbList\",\"@id\":\"https:\\\/\\\/blogit.gradia.fi\\\/hannisjarvinen-tdpt2104\\\/2023\\\/01\\\/18\\\/kuosin-suunnittelua\\\/#breadcrumb\",\"itemListElement\":[{\"@type\":\"ListItem\",\"position\":1,\"name\":\"Etusivu\",\"item\":\"https:\\\/\\\/blogit.gradia.fi\\\/hannisjarvinen-tdpt2104\\\/\"},{\"@type\":\"ListItem\",\"position\":2,\"name\":\"Kuosin suunnittelua\"}]},{\"@type\":\"WebSite\",\"@id\":\"https:\\\/\\\/blogit.gradia.fi\\\/hannisjarvinen-tdpt2104\\\/#website\",\"url\":\"https:\\\/\\\/blogit.gradia.fi\\\/hannisjarvinen-tdpt2104\\\/\",\"name\":\"Oppimisp\u00e4iv\u00e4kirja\",\"description\":\"Hannis J\u00e4rvinen\",\"potentialAction\":[{\"@type\":\"SearchAction\",\"target\":{\"@type\":\"EntryPoint\",\"urlTemplate\":\"https:\\\/\\\/blogit.gradia.fi\\\/hannisjarvinen-tdpt2104\\\/?s={search_term_string}\"},\"query-input\":{\"@type\":\"PropertyValueSpecification\",\"valueRequired\":true,\"valueName\":\"search_term_string\"}}],\"inLanguage\":\"fi\"},{\"@type\":\"Person\",\"@id\":\"https:\\\/\\\/blogit.gradia.fi\\\/hannisjarvinen-tdpt2104\\\/#\\\/schema\\\/person\\\/e011261e8d441be7cf033a749535de0c\",\"name\":\"Hannis J\u00e4rvinen\",\"image\":{\"@type\":\"ImageObject\",\"inLanguage\":\"fi\",\"@id\":\"https:\\\/\\\/secure.gravatar.com\\\/avatar\\\/34ac6c536edfe2e363a0d57b1d24074e7abdca5a40940d30224c716c81d9b9ba?s=96&d=mm&r=g\",\"url\":\"https:\\\/\\\/secure.gravatar.com\\\/avatar\\\/34ac6c536edfe2e363a0d57b1d24074e7abdca5a40940d30224c716c81d9b9ba?s=96&d=mm&r=g\",\"contentUrl\":\"https:\\\/\\\/secure.gravatar.com\\\/avatar\\\/34ac6c536edfe2e363a0d57b1d24074e7abdca5a40940d30224c716c81d9b9ba?s=96&d=mm&r=g\",\"caption\":\"Hannis J\u00e4rvinen\"},\"url\":\"https:\\\/\\\/blogit.gradia.fi\\\/hannisjarvinen-tdpt2104\\\/author\\\/gr266238\\\/\"}]}<\/script>\n<!-- \/ Yoast SEO plugin. -->","yoast_head_json":{"title":"Kuosin suunnittelua - Oppimisp\u00e4iv\u00e4kirja","robots":{"index":"index","follow":"follow","max-snippet":"max-snippet:-1","max-image-preview":"max-image-preview:large","max-video-preview":"max-video-preview:-1"},"canonical":"https:\/\/blogit.gradia.fi\/hannisjarvinen-tdpt2104\/2023\/01\/18\/kuosin-suunnittelua\/","og_locale":"fi_FI","og_type":"article","og_title":"Kuosin suunnittelua - Oppimisp\u00e4iv\u00e4kirja","og_description":"Tammikuun alussa aloin todella panostaa Illustratorilla teht\u00e4viin painokuoseihin. N\u00e4ihin saisi menem\u00e4\u00e4n aikaa vaikka kuinka paljon! Kuvioiden tekemist\u00e4 on hankaloittanut ohjelmien ja kuvien raskaus suhteessa koulun koneiden kapasiteettiin. Itse pid\u00e4n v\u00e4reit\u00e4, niin kuositkin ovat moniv\u00e4risi\u00e4 ja raskaampia ty\u00f6st\u00e4\u00e4. T\u00e4ss\u00e4 kuitenkin jonkinlaisia lopputuloksia. Pionien kuosi on yhdistelty kes\u00e4ll\u00e4 vesiv\u00e4reill\u00e4 maalamistani puutarhakasveista ja muokkailtu kuosiksi. T\u00e4m\u00e4 k\u00e4visi vaikka &hellip; Jatka lukemista \"Kuosin suunnittelua\"","og_url":"https:\/\/blogit.gradia.fi\/hannisjarvinen-tdpt2104\/2023\/01\/18\/kuosin-suunnittelua\/","og_site_name":"Oppimisp\u00e4iv\u00e4kirja","article_published_time":"2023-01-18T15:42:18+00:00","article_modified_time":"2023-01-18T15:42:20+00:00","og_image":[{"url":"https:\/\/blogit.gradia.fi\/hannisjarvinen-tdpt2104\/wp-content\/uploads\/sites\/235\/2023\/01\/Screenshot-2023-01-13-183534.png","type":"","width":"","height":""}],"author":"Hannis J\u00e4rvinen","twitter_card":"summary_large_image","twitter_misc":{"Kirjoittanut":"Hannis J\u00e4rvinen","Arvioitu lukuaika":"3 minuuttia"},"schema":{"@context":"https:\/\/schema.org","@graph":[{"@type":"Article","@id":"https:\/\/blogit.gradia.fi\/hannisjarvinen-tdpt2104\/2023\/01\/18\/kuosin-suunnittelua\/#article","isPartOf":{"@id":"https:\/\/blogit.gradia.fi\/hannisjarvinen-tdpt2104\/2023\/01\/18\/kuosin-suunnittelua\/"},"author":{"name":"Hannis J\u00e4rvinen","@id":"https:\/\/blogit.gradia.fi\/hannisjarvinen-tdpt2104\/#\/schema\/person\/e011261e8d441be7cf033a749535de0c"},"headline":"Kuosin suunnittelua","datePublished":"2023-01-18T15:42:18+00:00","dateModified":"2023-01-18T15:42:20+00:00","mainEntityOfPage":{"@id":"https:\/\/blogit.gradia.fi\/hannisjarvinen-tdpt2104\/2023\/01\/18\/kuosin-suunnittelua\/"},"wordCount":124,"commentCount":0,"image":{"@id":"https:\/\/blogit.gradia.fi\/hannisjarvinen-tdpt2104\/2023\/01\/18\/kuosin-suunnittelua\/#primaryimage"},"thumbnailUrl":"https:\/\/blogit.gradia.fi\/hannisjarvinen-tdpt2104\/wp-content\/uploads\/sites\/235\/2023\/01\/Screenshot-2023-01-13-183534.png","inLanguage":"fi","potentialAction":[{"@type":"CommentAction","name":"Comment","target":["https:\/\/blogit.gradia.fi\/hannisjarvinen-tdpt2104\/2023\/01\/18\/kuosin-suunnittelua\/#respond"]}]},{"@type":"WebPage","@id":"https:\/\/blogit.gradia.fi\/hannisjarvinen-tdpt2104\/2023\/01\/18\/kuosin-suunnittelua\/","url":"https:\/\/blogit.gradia.fi\/hannisjarvinen-tdpt2104\/2023\/01\/18\/kuosin-suunnittelua\/","name":"Kuosin suunnittelua - Oppimisp\u00e4iv\u00e4kirja","isPartOf":{"@id":"https:\/\/blogit.gradia.fi\/hannisjarvinen-tdpt2104\/#website"},"primaryImageOfPage":{"@id":"https:\/\/blogit.gradia.fi\/hannisjarvinen-tdpt2104\/2023\/01\/18\/kuosin-suunnittelua\/#primaryimage"},"image":{"@id":"https:\/\/blogit.gradia.fi\/hannisjarvinen-tdpt2104\/2023\/01\/18\/kuosin-suunnittelua\/#primaryimage"},"thumbnailUrl":"https:\/\/blogit.gradia.fi\/hannisjarvinen-tdpt2104\/wp-content\/uploads\/sites\/235\/2023\/01\/Screenshot-2023-01-13-183534.png","datePublished":"2023-01-18T15:42:18+00:00","dateModified":"2023-01-18T15:42:20+00:00","author":{"@id":"https:\/\/blogit.gradia.fi\/hannisjarvinen-tdpt2104\/#\/schema\/person\/e011261e8d441be7cf033a749535de0c"},"breadcrumb":{"@id":"https:\/\/blogit.gradia.fi\/hannisjarvinen-tdpt2104\/2023\/01\/18\/kuosin-suunnittelua\/#breadcrumb"},"inLanguage":"fi","potentialAction":[{"@type":"ReadAction","target":["https:\/\/blogit.gradia.fi\/hannisjarvinen-tdpt2104\/2023\/01\/18\/kuosin-suunnittelua\/"]}]},{"@type":"ImageObject","inLanguage":"fi","@id":"https:\/\/blogit.gradia.fi\/hannisjarvinen-tdpt2104\/2023\/01\/18\/kuosin-suunnittelua\/#primaryimage","url":"https:\/\/blogit.gradia.fi\/hannisjarvinen-tdpt2104\/wp-content\/uploads\/sites\/235\/2023\/01\/Screenshot-2023-01-13-183534.png","contentUrl":"https:\/\/blogit.gradia.fi\/hannisjarvinen-tdpt2104\/wp-content\/uploads\/sites\/235\/2023\/01\/Screenshot-2023-01-13-183534.png","width":655,"height":812},{"@type":"BreadcrumbList","@id":"https:\/\/blogit.gradia.fi\/hannisjarvinen-tdpt2104\/2023\/01\/18\/kuosin-suunnittelua\/#breadcrumb","itemListElement":[{"@type":"ListItem","position":1,"name":"Etusivu","item":"https:\/\/blogit.gradia.fi\/hannisjarvinen-tdpt2104\/"},{"@type":"ListItem","position":2,"name":"Kuosin suunnittelua"}]},{"@type":"WebSite","@id":"https:\/\/blogit.gradia.fi\/hannisjarvinen-tdpt2104\/#website","url":"https:\/\/blogit.gradia.fi\/hannisjarvinen-tdpt2104\/","name":"Oppimisp\u00e4iv\u00e4kirja","description":"Hannis J\u00e4rvinen","potentialAction":[{"@type":"SearchAction","target":{"@type":"EntryPoint","urlTemplate":"https:\/\/blogit.gradia.fi\/hannisjarvinen-tdpt2104\/?s={search_term_string}"},"query-input":{"@type":"PropertyValueSpecification","valueRequired":true,"valueName":"search_term_string"}}],"inLanguage":"fi"},{"@type":"Person","@id":"https:\/\/blogit.gradia.fi\/hannisjarvinen-tdpt2104\/#\/schema\/person\/e011261e8d441be7cf033a749535de0c","name":"Hannis J\u00e4rvinen","image":{"@type":"ImageObject","inLanguage":"fi","@id":"https:\/\/secure.gravatar.com\/avatar\/34ac6c536edfe2e363a0d57b1d24074e7abdca5a40940d30224c716c81d9b9ba?s=96&d=mm&r=g","url":"https:\/\/secure.gravatar.com\/avatar\/34ac6c536edfe2e363a0d57b1d24074e7abdca5a40940d30224c716c81d9b9ba?s=96&d=mm&r=g","contentUrl":"https:\/\/secure.gravatar.com\/avatar\/34ac6c536edfe2e363a0d57b1d24074e7abdca5a40940d30224c716c81d9b9ba?s=96&d=mm&r=g","caption":"Hannis J\u00e4rvinen"},"url":"https:\/\/blogit.gradia.fi\/hannisjarvinen-tdpt2104\/author\/gr266238\/"}]}},"uagb_featured_image_src":{"full":false,"thumbnail":false,"medium":false,"medium_large":false,"large":false,"1536x1536":false,"2048x2048":false,"twentyseventeen-featured-image":false,"twentyseventeen-thumbnail-avatar":false},"uagb_author_info":{"display_name":"Hannis J\u00e4rvinen","author_link":"https:\/\/blogit.gradia.fi\/hannisjarvinen-tdpt2104\/author\/gr266238\/"},"uagb_comment_info":0,"uagb_excerpt":"Tammikuun alussa aloin todella panostaa Illustratorilla teht\u00e4viin painokuoseihin. N\u00e4ihin saisi menem\u00e4\u00e4n aikaa vaikka kuinka paljon! Kuvioiden tekemist\u00e4 on hankaloittanut ohjelmien ja kuvien raskaus suhteessa koulun koneiden kapasiteettiin. Itse pid\u00e4n v\u00e4reit\u00e4, niin kuositkin ovat moniv\u00e4risi\u00e4 ja raskaampia ty\u00f6st\u00e4\u00e4. T\u00e4ss\u00e4 kuitenkin jonkinlaisia lopputuloksia. Pionien kuosi on yhdistelty kes\u00e4ll\u00e4 vesiv\u00e4reill\u00e4 maalamistani puutarhakasveista ja muokkailtu kuosiksi. T\u00e4m\u00e4 k\u00e4visi vaikka&hellip;","_links":{"self":[{"href":"https:\/\/blogit.gradia.fi\/hannisjarvinen-tdpt2104\/wp-json\/wp\/v2\/posts\/791","targetHints":{"allow":["GET"]}}],"collection":[{"href":"https:\/\/blogit.gradia.fi\/hannisjarvinen-tdpt2104\/wp-json\/wp\/v2\/posts"}],"about":[{"href":"https:\/\/blogit.gradia.fi\/hannisjarvinen-tdpt2104\/wp-json\/wp\/v2\/types\/post"}],"author":[{"embeddable":true,"href":"https:\/\/blogit.gradia.fi\/hannisjarvinen-tdpt2104\/wp-json\/wp\/v2\/users\/771"}],"replies":[{"embeddable":true,"href":"https:\/\/blogit.gradia.fi\/hannisjarvinen-tdpt2104\/wp-json\/wp\/v2\/comments?post=791"}],"version-history":[{"count":5,"href":"https:\/\/blogit.gradia.fi\/hannisjarvinen-tdpt2104\/wp-json\/wp\/v2\/posts\/791\/revisions"}],"predecessor-version":[{"id":807,"href":"https:\/\/blogit.gradia.fi\/hannisjarvinen-tdpt2104\/wp-json\/wp\/v2\/posts\/791\/revisions\/807"}],"wp:attachment":[{"href":"https:\/\/blogit.gradia.fi\/hannisjarvinen-tdpt2104\/wp-json\/wp\/v2\/media?parent=791"}],"wp:term":[{"taxonomy":"category","embeddable":true,"href":"https:\/\/blogit.gradia.fi\/hannisjarvinen-tdpt2104\/wp-json\/wp\/v2\/categories?post=791"},{"taxonomy":"post_tag","embeddable":true,"href":"https:\/\/blogit.gradia.fi\/hannisjarvinen-tdpt2104\/wp-json\/wp\/v2\/tags?post=791"}],"curies":[{"name":"wp","href":"https:\/\/api.w.org\/{rel}","templated":true}]}}