{"id":712,"date":"2022-12-01T10:38:53","date_gmt":"2022-12-01T08:38:53","guid":{"rendered":"https:\/\/blogit.gradia.fi\/hannisjarvinen-tdpt2104\/?p=712"},"modified":"2022-12-01T10:38:54","modified_gmt":"2022-12-01T08:38:54","slug":"valon-kaupungissa","status":"publish","type":"post","link":"https:\/\/blogit.gradia.fi\/hannisjarvinen-tdpt2104\/2022\/12\/01\/valon-kaupungissa\/","title":{"rendered":"Valon kaupungissa"},"content":{"rendered":"\n<p>Kuvia Valon kaupunki -tapahtumasta. Valon kaupunki oli kiinnostava ja erilainen kokemus. Ensimm\u00e4isen\u00e4 iltana olin mukana kasviv\u00e4rj\u00e4ysn\u00e4yt\u00f6ksess\u00e4. V\u00e4rj\u00e4simme hevonhierakalla villoja ja kerroimme kasviv\u00e4rj\u00e4yksen maailmasta. Teemana Valon Kaupungissa t\u00e4n\u00e4 vuonna oli Fantasiamets\u00e4. Suositeltavaa oli laittaa jotain teemaan sopivaa vaatetusta.  Kaivelin kaapista vuosia vanhan Hobitti-asun ja kunnostin sen. Asu her\u00e4ttikin paljon kiinnostusta.<\/p>\n\n\n\n<figure class=\"wp-block-image size-large\"><img loading=\"lazy\" decoding=\"async\" width=\"1024\" height=\"768\" src=\"https:\/\/blogit.gradia.fi\/hannisjarvinen-tdpt2104\/wp-content\/uploads\/sites\/235\/2022\/12\/20220929_154445-1024x768.jpg\" alt=\"\" class=\"wp-image-731\" srcset=\"https:\/\/blogit.gradia.fi\/hannisjarvinen-tdpt2104\/wp-content\/uploads\/sites\/235\/2022\/12\/20220929_154445-1024x768.jpg 1024w, https:\/\/blogit.gradia.fi\/hannisjarvinen-tdpt2104\/wp-content\/uploads\/sites\/235\/2022\/12\/20220929_154445-300x225.jpg 300w, https:\/\/blogit.gradia.fi\/hannisjarvinen-tdpt2104\/wp-content\/uploads\/sites\/235\/2022\/12\/20220929_154445-768x576.jpg 768w, https:\/\/blogit.gradia.fi\/hannisjarvinen-tdpt2104\/wp-content\/uploads\/sites\/235\/2022\/12\/20220929_154445-1536x1152.jpg 1536w, https:\/\/blogit.gradia.fi\/hannisjarvinen-tdpt2104\/wp-content\/uploads\/sites\/235\/2022\/12\/20220929_154445-2048x1536.jpg 2048w\" sizes=\"auto, (max-width: 767px) 89vw, (max-width: 1000px) 54vw, (max-width: 1071px) 543px, 580px\" \/><\/figure>\n\n\n\n<figure class=\"wp-block-image size-large\"><img loading=\"lazy\" decoding=\"async\" width=\"1024\" height=\"778\" src=\"https:\/\/blogit.gradia.fi\/hannisjarvinen-tdpt2104\/wp-content\/uploads\/sites\/235\/2022\/10\/20220929_170208-1024x778.jpg\" alt=\"\" class=\"wp-image-717\" srcset=\"https:\/\/blogit.gradia.fi\/hannisjarvinen-tdpt2104\/wp-content\/uploads\/sites\/235\/2022\/10\/20220929_170208-1024x778.jpg 1024w, https:\/\/blogit.gradia.fi\/hannisjarvinen-tdpt2104\/wp-content\/uploads\/sites\/235\/2022\/10\/20220929_170208-300x228.jpg 300w, https:\/\/blogit.gradia.fi\/hannisjarvinen-tdpt2104\/wp-content\/uploads\/sites\/235\/2022\/10\/20220929_170208-768x584.jpg 768w, https:\/\/blogit.gradia.fi\/hannisjarvinen-tdpt2104\/wp-content\/uploads\/sites\/235\/2022\/10\/20220929_170208-1536x1167.jpg 1536w, https:\/\/blogit.gradia.fi\/hannisjarvinen-tdpt2104\/wp-content\/uploads\/sites\/235\/2022\/10\/20220929_170208-2048x1556.jpg 2048w\" sizes=\"auto, (max-width: 767px) 89vw, (max-width: 1000px) 54vw, (max-width: 1071px) 543px, 580px\" \/><figcaption>Kasviv\u00e4rj\u00e4ysn\u00e4yt\u00f6ksen p\u00f6yd\u00e4lle laitoimme esille kaikkien v\u00e4rj\u00e4yskurssilla olleiden tekemi\u00e4 tuotteita ja v\u00e4rj\u00e4ykseen liittyv\u00e4\u00e4 <\/figcaption><\/figure>\n\n\n\n<figure class=\"wp-block-image size-large\"><img loading=\"lazy\" decoding=\"async\" width=\"1024\" height=\"868\" src=\"https:\/\/blogit.gradia.fi\/hannisjarvinen-tdpt2104\/wp-content\/uploads\/sites\/235\/2022\/10\/20220929_163731-1024x868.jpg\" alt=\"\" class=\"wp-image-716\" srcset=\"https:\/\/blogit.gradia.fi\/hannisjarvinen-tdpt2104\/wp-content\/uploads\/sites\/235\/2022\/10\/20220929_163731-1024x868.jpg 1024w, https:\/\/blogit.gradia.fi\/hannisjarvinen-tdpt2104\/wp-content\/uploads\/sites\/235\/2022\/10\/20220929_163731-300x254.jpg 300w, https:\/\/blogit.gradia.fi\/hannisjarvinen-tdpt2104\/wp-content\/uploads\/sites\/235\/2022\/10\/20220929_163731-768x651.jpg 768w, https:\/\/blogit.gradia.fi\/hannisjarvinen-tdpt2104\/wp-content\/uploads\/sites\/235\/2022\/10\/20220929_163731-1536x1302.jpg 1536w, https:\/\/blogit.gradia.fi\/hannisjarvinen-tdpt2104\/wp-content\/uploads\/sites\/235\/2022\/10\/20220929_163731-2048x1736.jpg 2048w\" sizes=\"auto, (max-width: 767px) 89vw, (max-width: 1000px) 54vw, (max-width: 1071px) 543px, 580px\" \/><figcaption>V\u00e4rj\u00e4yskattilan alle sytytettiin oikea tuli.<\/figcaption><\/figure>\n\n\n\n<figure class=\"wp-block-gallery has-nested-images columns-default is-cropped wp-block-gallery-1 is-layout-flex wp-block-gallery-is-layout-flex\">\n<figure class=\"wp-block-image size-large\"><img loading=\"lazy\" decoding=\"async\" width=\"774\" height=\"1376\" data-id=\"728\" src=\"https:\/\/blogit.gradia.fi\/hannisjarvinen-tdpt2104\/wp-content\/uploads\/sites\/235\/2022\/12\/IMG-20220929-WA0003.jpg\" alt=\"\" class=\"wp-image-728\" srcset=\"https:\/\/blogit.gradia.fi\/hannisjarvinen-tdpt2104\/wp-content\/uploads\/sites\/235\/2022\/12\/IMG-20220929-WA0003.jpg 774w, https:\/\/blogit.gradia.fi\/hannisjarvinen-tdpt2104\/wp-content\/uploads\/sites\/235\/2022\/12\/IMG-20220929-WA0003-169x300.jpg 169w, https:\/\/blogit.gradia.fi\/hannisjarvinen-tdpt2104\/wp-content\/uploads\/sites\/235\/2022\/12\/IMG-20220929-WA0003-576x1024.jpg 576w, https:\/\/blogit.gradia.fi\/hannisjarvinen-tdpt2104\/wp-content\/uploads\/sites\/235\/2022\/12\/IMG-20220929-WA0003-768x1365.jpg 768w\" sizes=\"auto, (max-width: 767px) 89vw, (max-width: 1000px) 54vw, (max-width: 1071px) 543px, 580px\" \/><\/figure>\n\n\n\n<figure class=\"wp-block-image size-large\"><img loading=\"lazy\" decoding=\"async\" width=\"1920\" height=\"2560\" data-id=\"721\" src=\"https:\/\/blogit.gradia.fi\/hannisjarvinen-tdpt2104\/wp-content\/uploads\/sites\/235\/2022\/10\/20220929_192422-scaled-e1665144731549.jpg\" alt=\"\" class=\"wp-image-721\" srcset=\"https:\/\/blogit.gradia.fi\/hannisjarvinen-tdpt2104\/wp-content\/uploads\/sites\/235\/2022\/10\/20220929_192422-scaled-e1665144731549.jpg 1920w, https:\/\/blogit.gradia.fi\/hannisjarvinen-tdpt2104\/wp-content\/uploads\/sites\/235\/2022\/10\/20220929_192422-scaled-e1665144731549-225x300.jpg 225w, https:\/\/blogit.gradia.fi\/hannisjarvinen-tdpt2104\/wp-content\/uploads\/sites\/235\/2022\/10\/20220929_192422-scaled-e1665144731549-768x1024.jpg 768w, https:\/\/blogit.gradia.fi\/hannisjarvinen-tdpt2104\/wp-content\/uploads\/sites\/235\/2022\/10\/20220929_192422-scaled-e1665144731549-1152x1536.jpg 1152w, https:\/\/blogit.gradia.fi\/hannisjarvinen-tdpt2104\/wp-content\/uploads\/sites\/235\/2022\/10\/20220929_192422-scaled-e1665144731549-1536x2048.jpg 1536w\" sizes=\"auto, (max-width: 767px) 89vw, (max-width: 1000px) 54vw, (max-width: 1071px) 543px, 580px\" \/><\/figure>\n<figcaption class=\"blocks-gallery-caption\">Puolituisena Valojen kaupungissa<\/figcaption><\/figure>\n\n\n\n<figure class=\"wp-block-image\"><img loading=\"lazy\" decoding=\"async\" width=\"1024\" height=\"615\" src=\"https:\/\/blogit.gradia.fi\/hannisjarvinen-tdpt2104\/wp-content\/uploads\/sites\/235\/2022\/10\/20220929_174804-1024x615.jpg\" alt=\"\" class=\"wp-image-713\" srcset=\"https:\/\/blogit.gradia.fi\/hannisjarvinen-tdpt2104\/wp-content\/uploads\/sites\/235\/2022\/10\/20220929_174804-1024x615.jpg 1024w, https:\/\/blogit.gradia.fi\/hannisjarvinen-tdpt2104\/wp-content\/uploads\/sites\/235\/2022\/10\/20220929_174804-300x180.jpg 300w, https:\/\/blogit.gradia.fi\/hannisjarvinen-tdpt2104\/wp-content\/uploads\/sites\/235\/2022\/10\/20220929_174804-768x461.jpg 768w, https:\/\/blogit.gradia.fi\/hannisjarvinen-tdpt2104\/wp-content\/uploads\/sites\/235\/2022\/10\/20220929_174804-1536x922.jpg 1536w, https:\/\/blogit.gradia.fi\/hannisjarvinen-tdpt2104\/wp-content\/uploads\/sites\/235\/2022\/10\/20220929_174804-2048x1229.jpg 2048w, https:\/\/blogit.gradia.fi\/hannisjarvinen-tdpt2104\/wp-content\/uploads\/sites\/235\/2022\/10\/20220929_174804-2000x1200.jpg 2000w\" sizes=\"auto, (max-width: 767px) 89vw, (max-width: 1000px) 54vw, (max-width: 1071px) 543px, 580px\" \/><\/figure>\n\n\n\n<div class=\"wp-block-group\"><div class=\"wp-block-group__inner-container is-layout-flow wp-block-group-is-layout-flow\"><\/div><\/div>\n\n\n\n<figure class=\"wp-block-image size-large\"><img loading=\"lazy\" decoding=\"async\" width=\"1024\" height=\"768\" src=\"https:\/\/blogit.gradia.fi\/hannisjarvinen-tdpt2104\/wp-content\/uploads\/sites\/235\/2022\/10\/20220929_193429-1024x768.jpg\" alt=\"\" class=\"wp-image-720\" srcset=\"https:\/\/blogit.gradia.fi\/hannisjarvinen-tdpt2104\/wp-content\/uploads\/sites\/235\/2022\/10\/20220929_193429-1024x768.jpg 1024w, https:\/\/blogit.gradia.fi\/hannisjarvinen-tdpt2104\/wp-content\/uploads\/sites\/235\/2022\/10\/20220929_193429-300x225.jpg 300w, https:\/\/blogit.gradia.fi\/hannisjarvinen-tdpt2104\/wp-content\/uploads\/sites\/235\/2022\/10\/20220929_193429-768x576.jpg 768w, https:\/\/blogit.gradia.fi\/hannisjarvinen-tdpt2104\/wp-content\/uploads\/sites\/235\/2022\/10\/20220929_193429-1536x1152.jpg 1536w, https:\/\/blogit.gradia.fi\/hannisjarvinen-tdpt2104\/wp-content\/uploads\/sites\/235\/2022\/10\/20220929_193429-2048x1536.jpg 2048w\" sizes=\"auto, (max-width: 767px) 89vw, (max-width: 1000px) 54vw, (max-width: 1071px) 543px, 580px\" \/><\/figure>\n\n\n\n<p>Toisena iltana olin mukana vet\u00e4m\u00e4ss\u00e4 Lupa Loistaa -pajaa jossa opetimme heijastavien asusteiden valmistusta non-stoppina. Huomasin t\u00e4ss\u00e4 vaiheessa olevani aikalailla sidottu ohjaamaan ompelukoneella ompelua. Ompelukoneen k\u00e4yt\u00f6n ohjaaminen olikin minulle luontevaa. Ilta oli todella kiireinen, mutta kerkesin k\u00e4yd\u00e4 kierroksella katsomassa muiden osastojen t\u00f6it\u00e4.<\/p>\n\n\n\n<figure class=\"wp-block-gallery has-nested-images columns-default is-cropped wp-block-gallery-2 is-layout-flex wp-block-gallery-is-layout-flex\">\n<figure class=\"wp-block-image size-large\"><img loading=\"lazy\" decoding=\"async\" width=\"1920\" height=\"2560\" data-id=\"733\" src=\"https:\/\/blogit.gradia.fi\/hannisjarvinen-tdpt2104\/wp-content\/uploads\/sites\/235\/2022\/12\/20220923_154123-scaled-e1669882638756.jpg\" alt=\"\" class=\"wp-image-733\" srcset=\"https:\/\/blogit.gradia.fi\/hannisjarvinen-tdpt2104\/wp-content\/uploads\/sites\/235\/2022\/12\/20220923_154123-scaled-e1669882638756.jpg 1920w, https:\/\/blogit.gradia.fi\/hannisjarvinen-tdpt2104\/wp-content\/uploads\/sites\/235\/2022\/12\/20220923_154123-scaled-e1669882638756-225x300.jpg 225w, https:\/\/blogit.gradia.fi\/hannisjarvinen-tdpt2104\/wp-content\/uploads\/sites\/235\/2022\/12\/20220923_154123-scaled-e1669882638756-768x1024.jpg 768w, https:\/\/blogit.gradia.fi\/hannisjarvinen-tdpt2104\/wp-content\/uploads\/sites\/235\/2022\/12\/20220923_154123-scaled-e1669882638756-1152x1536.jpg 1152w, https:\/\/blogit.gradia.fi\/hannisjarvinen-tdpt2104\/wp-content\/uploads\/sites\/235\/2022\/12\/20220923_154123-scaled-e1669882638756-1536x2048.jpg 1536w\" sizes=\"auto, (max-width: 767px) 89vw, (max-width: 1000px) 54vw, (max-width: 1071px) 543px, 580px\" \/><\/figure>\n\n\n\n<figure class=\"wp-block-image size-large\"><img loading=\"lazy\" decoding=\"async\" width=\"1580\" height=\"2214\" data-id=\"732\" src=\"https:\/\/blogit.gradia.fi\/hannisjarvinen-tdpt2104\/wp-content\/uploads\/sites\/235\/2022\/12\/20220926_142146-scaled-e1669882668742.jpg\" alt=\"\" class=\"wp-image-732\" srcset=\"https:\/\/blogit.gradia.fi\/hannisjarvinen-tdpt2104\/wp-content\/uploads\/sites\/235\/2022\/12\/20220926_142146-scaled-e1669882668742.jpg 1580w, https:\/\/blogit.gradia.fi\/hannisjarvinen-tdpt2104\/wp-content\/uploads\/sites\/235\/2022\/12\/20220926_142146-scaled-e1669882668742-214x300.jpg 214w, https:\/\/blogit.gradia.fi\/hannisjarvinen-tdpt2104\/wp-content\/uploads\/sites\/235\/2022\/12\/20220926_142146-scaled-e1669882668742-731x1024.jpg 731w, https:\/\/blogit.gradia.fi\/hannisjarvinen-tdpt2104\/wp-content\/uploads\/sites\/235\/2022\/12\/20220926_142146-scaled-e1669882668742-768x1076.jpg 768w, https:\/\/blogit.gradia.fi\/hannisjarvinen-tdpt2104\/wp-content\/uploads\/sites\/235\/2022\/12\/20220926_142146-scaled-e1669882668742-1096x1536.jpg 1096w, https:\/\/blogit.gradia.fi\/hannisjarvinen-tdpt2104\/wp-content\/uploads\/sites\/235\/2022\/12\/20220926_142146-scaled-e1669882668742-1462x2048.jpg 1462w\" sizes=\"auto, (max-width: 767px) 89vw, (max-width: 1000px) 54vw, (max-width: 1071px) 543px, 580px\" \/><\/figure>\n<figcaption class=\"blocks-gallery-caption\">Heijastinpajan malleja<\/figcaption><\/figure>\n\n\n\n<figure class=\"wp-block-gallery has-nested-images columns-default is-cropped wp-block-gallery-3 is-layout-flex wp-block-gallery-is-layout-flex\">\n<figure class=\"wp-block-image size-large\"><img loading=\"lazy\" decoding=\"async\" width=\"1920\" height=\"2560\" data-id=\"722\" src=\"https:\/\/blogit.gradia.fi\/hannisjarvinen-tdpt2104\/wp-content\/uploads\/sites\/235\/2022\/10\/20220929_193809-scaled-e1665144828847.jpg\" alt=\"\" class=\"wp-image-722\" srcset=\"https:\/\/blogit.gradia.fi\/hannisjarvinen-tdpt2104\/wp-content\/uploads\/sites\/235\/2022\/10\/20220929_193809-scaled-e1665144828847.jpg 1920w, https:\/\/blogit.gradia.fi\/hannisjarvinen-tdpt2104\/wp-content\/uploads\/sites\/235\/2022\/10\/20220929_193809-scaled-e1665144828847-225x300.jpg 225w, https:\/\/blogit.gradia.fi\/hannisjarvinen-tdpt2104\/wp-content\/uploads\/sites\/235\/2022\/10\/20220929_193809-scaled-e1665144828847-768x1024.jpg 768w, https:\/\/blogit.gradia.fi\/hannisjarvinen-tdpt2104\/wp-content\/uploads\/sites\/235\/2022\/10\/20220929_193809-scaled-e1665144828847-1152x1536.jpg 1152w, https:\/\/blogit.gradia.fi\/hannisjarvinen-tdpt2104\/wp-content\/uploads\/sites\/235\/2022\/10\/20220929_193809-scaled-e1665144828847-1536x2048.jpg 1536w\" sizes=\"auto, (max-width: 767px) 89vw, (max-width: 1000px) 54vw, (max-width: 1071px) 543px, 580px\" \/><\/figure>\n\n\n\n<figure class=\"wp-block-image size-large\"><img loading=\"lazy\" decoding=\"async\" width=\"1676\" height=\"2560\" data-id=\"719\" src=\"https:\/\/blogit.gradia.fi\/hannisjarvinen-tdpt2104\/wp-content\/uploads\/sites\/235\/2022\/10\/20220930_181532-scaled.jpg\" alt=\"\" class=\"wp-image-719\" srcset=\"https:\/\/blogit.gradia.fi\/hannisjarvinen-tdpt2104\/wp-content\/uploads\/sites\/235\/2022\/10\/20220930_181532-scaled.jpg 1676w, https:\/\/blogit.gradia.fi\/hannisjarvinen-tdpt2104\/wp-content\/uploads\/sites\/235\/2022\/10\/20220930_181532-196x300.jpg 196w, https:\/\/blogit.gradia.fi\/hannisjarvinen-tdpt2104\/wp-content\/uploads\/sites\/235\/2022\/10\/20220930_181532-670x1024.jpg 670w, https:\/\/blogit.gradia.fi\/hannisjarvinen-tdpt2104\/wp-content\/uploads\/sites\/235\/2022\/10\/20220930_181532-768x1173.jpg 768w, https:\/\/blogit.gradia.fi\/hannisjarvinen-tdpt2104\/wp-content\/uploads\/sites\/235\/2022\/10\/20220930_181532-1006x1536.jpg 1006w, https:\/\/blogit.gradia.fi\/hannisjarvinen-tdpt2104\/wp-content\/uploads\/sites\/235\/2022\/10\/20220930_181532-1341x2048.jpg 1341w\" sizes=\"auto, (max-width: 767px) 89vw, (max-width: 1000px) 54vw, (max-width: 1071px) 543px, 580px\" \/><\/figure>\n<\/figure>\n\n\n\n<p>Omaa osuuttani valon kaupungissa oli my\u00f6s Hatun tekij\u00e4 -teos, joka oli esill\u00e4 toisen kerroksen aulassa. Ty\u00f6 sai paljon kehuja ja kiinnostusta osakseen. <\/p>\n\n\n\n<figure class=\"wp-block-image size-large\"><img loading=\"lazy\" decoding=\"async\" width=\"1024\" height=\"653\" src=\"https:\/\/blogit.gradia.fi\/hannisjarvinen-tdpt2104\/wp-content\/uploads\/sites\/235\/2022\/10\/20220929_192711-1024x653.jpg\" alt=\"\" class=\"wp-image-714\" srcset=\"https:\/\/blogit.gradia.fi\/hannisjarvinen-tdpt2104\/wp-content\/uploads\/sites\/235\/2022\/10\/20220929_192711-1024x653.jpg 1024w, https:\/\/blogit.gradia.fi\/hannisjarvinen-tdpt2104\/wp-content\/uploads\/sites\/235\/2022\/10\/20220929_192711-300x191.jpg 300w, https:\/\/blogit.gradia.fi\/hannisjarvinen-tdpt2104\/wp-content\/uploads\/sites\/235\/2022\/10\/20220929_192711-768x490.jpg 768w, https:\/\/blogit.gradia.fi\/hannisjarvinen-tdpt2104\/wp-content\/uploads\/sites\/235\/2022\/10\/20220929_192711-1536x980.jpg 1536w, https:\/\/blogit.gradia.fi\/hannisjarvinen-tdpt2104\/wp-content\/uploads\/sites\/235\/2022\/10\/20220929_192711-2048x1307.jpg 2048w\" sizes=\"auto, (max-width: 767px) 89vw, (max-width: 1000px) 54vw, (max-width: 1071px) 543px, 580px\" \/><\/figure>\n\n\n\n<figure class=\"wp-block-image size-large\"><img loading=\"lazy\" decoding=\"async\" width=\"1024\" height=\"810\" src=\"https:\/\/blogit.gradia.fi\/hannisjarvinen-tdpt2104\/wp-content\/uploads\/sites\/235\/2022\/10\/20220929_192757-1024x810.jpg\" alt=\"\" class=\"wp-image-715\" srcset=\"https:\/\/blogit.gradia.fi\/hannisjarvinen-tdpt2104\/wp-content\/uploads\/sites\/235\/2022\/10\/20220929_192757-1024x810.jpg 1024w, https:\/\/blogit.gradia.fi\/hannisjarvinen-tdpt2104\/wp-content\/uploads\/sites\/235\/2022\/10\/20220929_192757-300x237.jpg 300w, https:\/\/blogit.gradia.fi\/hannisjarvinen-tdpt2104\/wp-content\/uploads\/sites\/235\/2022\/10\/20220929_192757-768x607.jpg 768w, https:\/\/blogit.gradia.fi\/hannisjarvinen-tdpt2104\/wp-content\/uploads\/sites\/235\/2022\/10\/20220929_192757-1536x1214.jpg 1536w, https:\/\/blogit.gradia.fi\/hannisjarvinen-tdpt2104\/wp-content\/uploads\/sites\/235\/2022\/10\/20220929_192757-2048x1619.jpg 2048w\" sizes=\"auto, (max-width: 767px) 89vw, (max-width: 1000px) 54vw, (max-width: 1071px) 543px, 580px\" \/><\/figure>\n","protected":false},"excerpt":{"rendered":"<p>Kuvia Valon kaupunki -tapahtumasta. Valon kaupunki oli kiinnostava ja erilainen kokemus. Ensimm\u00e4isen\u00e4 iltana olin mukana kasviv\u00e4rj\u00e4ysn\u00e4yt\u00f6ksess\u00e4. V\u00e4rj\u00e4simme hevonhierakalla villoja ja kerroimme kasviv\u00e4rj\u00e4yksen maailmasta. Teemana Valon Kaupungissa t\u00e4n\u00e4 vuonna oli Fantasiamets\u00e4. Suositeltavaa oli laittaa jotain teemaan sopivaa vaatetusta. Kaivelin kaapista vuosia vanhan Hobitti-asun ja kunnostin sen. Asu her\u00e4ttikin paljon kiinnostusta. Toisena iltana olin mukana vet\u00e4m\u00e4ss\u00e4 Lupa &hellip; <\/p>\n<p class=\"link-more\"><a href=\"https:\/\/blogit.gradia.fi\/hannisjarvinen-tdpt2104\/2022\/12\/01\/valon-kaupungissa\/\" class=\"more-link\">Jatka lukemista<span class=\"screen-reader-text\"> &#8221;Valon kaupungissa&#8221;<\/span><\/a><\/p>\n","protected":false},"author":771,"featured_media":0,"comment_status":"open","ping_status":"open","sticky":false,"template":"","format":"standard","meta":{"_uag_custom_page_level_css":"","footnotes":""},"categories":[1],"tags":[],"class_list":["post-712","post","type-post","status-publish","format-standard","hentry","category-yleinen"],"yoast_head":"<!-- This site is optimized with the Yoast SEO plugin v27.5 - https:\/\/yoast.com\/product\/yoast-seo-wordpress\/ -->\n<title>Valon kaupungissa - Oppimisp\u00e4iv\u00e4kirja<\/title>\n<meta name=\"robots\" content=\"index, follow, max-snippet:-1, max-image-preview:large, max-video-preview:-1\" \/>\n<link rel=\"canonical\" href=\"https:\/\/blogit.gradia.fi\/hannisjarvinen-tdpt2104\/2022\/12\/01\/valon-kaupungissa\/\" \/>\n<meta property=\"og:locale\" content=\"fi_FI\" \/>\n<meta property=\"og:type\" content=\"article\" \/>\n<meta property=\"og:title\" content=\"Valon kaupungissa - Oppimisp\u00e4iv\u00e4kirja\" \/>\n<meta property=\"og:description\" content=\"Kuvia Valon kaupunki -tapahtumasta. Valon kaupunki oli kiinnostava ja erilainen kokemus. Ensimm\u00e4isen\u00e4 iltana olin mukana kasviv\u00e4rj\u00e4ysn\u00e4yt\u00f6ksess\u00e4. V\u00e4rj\u00e4simme hevonhierakalla villoja ja kerroimme kasviv\u00e4rj\u00e4yksen maailmasta. Teemana Valon Kaupungissa t\u00e4n\u00e4 vuonna oli Fantasiamets\u00e4. Suositeltavaa oli laittaa jotain teemaan sopivaa vaatetusta. Kaivelin kaapista vuosia vanhan Hobitti-asun ja kunnostin sen. Asu her\u00e4ttikin paljon kiinnostusta. Toisena iltana olin mukana vet\u00e4m\u00e4ss\u00e4 Lupa &hellip; Jatka lukemista &quot;Valon kaupungissa&quot;\" \/>\n<meta property=\"og:url\" content=\"https:\/\/blogit.gradia.fi\/hannisjarvinen-tdpt2104\/2022\/12\/01\/valon-kaupungissa\/\" \/>\n<meta property=\"og:site_name\" content=\"Oppimisp\u00e4iv\u00e4kirja\" \/>\n<meta property=\"article:published_time\" content=\"2022-12-01T08:38:53+00:00\" \/>\n<meta property=\"article:modified_time\" content=\"2022-12-01T08:38:54+00:00\" \/>\n<meta property=\"og:image\" content=\"https:\/\/blogit.gradia.fi\/hannisjarvinen-tdpt2104\/wp-content\/uploads\/sites\/235\/2022\/12\/20220929_154445-1024x768.jpg\" \/>\n<meta name=\"author\" content=\"Hannis J\u00e4rvinen\" \/>\n<meta name=\"twitter:card\" content=\"summary_large_image\" \/>\n<meta name=\"twitter:label1\" content=\"Kirjoittanut\" \/>\n\t<meta name=\"twitter:data1\" content=\"Hannis J\u00e4rvinen\" \/>\n\t<meta name=\"twitter:label2\" content=\"Arvioitu lukuaika\" \/>\n\t<meta name=\"twitter:data2\" content=\"4 minuuttia\" \/>\n<script type=\"application\/ld+json\" class=\"yoast-schema-graph\">{\"@context\":\"https:\\\/\\\/schema.org\",\"@graph\":[{\"@type\":\"Article\",\"@id\":\"https:\\\/\\\/blogit.gradia.fi\\\/hannisjarvinen-tdpt2104\\\/2022\\\/12\\\/01\\\/valon-kaupungissa\\\/#article\",\"isPartOf\":{\"@id\":\"https:\\\/\\\/blogit.gradia.fi\\\/hannisjarvinen-tdpt2104\\\/2022\\\/12\\\/01\\\/valon-kaupungissa\\\/\"},\"author\":{\"name\":\"Hannis J\u00e4rvinen\",\"@id\":\"https:\\\/\\\/blogit.gradia.fi\\\/hannisjarvinen-tdpt2104\\\/#\\\/schema\\\/person\\\/e011261e8d441be7cf033a749535de0c\"},\"headline\":\"Valon kaupungissa\",\"datePublished\":\"2022-12-01T08:38:53+00:00\",\"dateModified\":\"2022-12-01T08:38:54+00:00\",\"mainEntityOfPage\":{\"@id\":\"https:\\\/\\\/blogit.gradia.fi\\\/hannisjarvinen-tdpt2104\\\/2022\\\/12\\\/01\\\/valon-kaupungissa\\\/\"},\"wordCount\":167,\"commentCount\":0,\"image\":{\"@id\":\"https:\\\/\\\/blogit.gradia.fi\\\/hannisjarvinen-tdpt2104\\\/2022\\\/12\\\/01\\\/valon-kaupungissa\\\/#primaryimage\"},\"thumbnailUrl\":\"https:\\\/\\\/blogit.gradia.fi\\\/hannisjarvinen-tdpt2104\\\/wp-content\\\/uploads\\\/sites\\\/235\\\/2022\\\/12\\\/20220929_154445-1024x768.jpg\",\"inLanguage\":\"fi\",\"potentialAction\":[{\"@type\":\"CommentAction\",\"name\":\"Comment\",\"target\":[\"https:\\\/\\\/blogit.gradia.fi\\\/hannisjarvinen-tdpt2104\\\/2022\\\/12\\\/01\\\/valon-kaupungissa\\\/#respond\"]}]},{\"@type\":\"WebPage\",\"@id\":\"https:\\\/\\\/blogit.gradia.fi\\\/hannisjarvinen-tdpt2104\\\/2022\\\/12\\\/01\\\/valon-kaupungissa\\\/\",\"url\":\"https:\\\/\\\/blogit.gradia.fi\\\/hannisjarvinen-tdpt2104\\\/2022\\\/12\\\/01\\\/valon-kaupungissa\\\/\",\"name\":\"Valon kaupungissa - Oppimisp\u00e4iv\u00e4kirja\",\"isPartOf\":{\"@id\":\"https:\\\/\\\/blogit.gradia.fi\\\/hannisjarvinen-tdpt2104\\\/#website\"},\"primaryImageOfPage\":{\"@id\":\"https:\\\/\\\/blogit.gradia.fi\\\/hannisjarvinen-tdpt2104\\\/2022\\\/12\\\/01\\\/valon-kaupungissa\\\/#primaryimage\"},\"image\":{\"@id\":\"https:\\\/\\\/blogit.gradia.fi\\\/hannisjarvinen-tdpt2104\\\/2022\\\/12\\\/01\\\/valon-kaupungissa\\\/#primaryimage\"},\"thumbnailUrl\":\"https:\\\/\\\/blogit.gradia.fi\\\/hannisjarvinen-tdpt2104\\\/wp-content\\\/uploads\\\/sites\\\/235\\\/2022\\\/12\\\/20220929_154445-1024x768.jpg\",\"datePublished\":\"2022-12-01T08:38:53+00:00\",\"dateModified\":\"2022-12-01T08:38:54+00:00\",\"author\":{\"@id\":\"https:\\\/\\\/blogit.gradia.fi\\\/hannisjarvinen-tdpt2104\\\/#\\\/schema\\\/person\\\/e011261e8d441be7cf033a749535de0c\"},\"breadcrumb\":{\"@id\":\"https:\\\/\\\/blogit.gradia.fi\\\/hannisjarvinen-tdpt2104\\\/2022\\\/12\\\/01\\\/valon-kaupungissa\\\/#breadcrumb\"},\"inLanguage\":\"fi\",\"potentialAction\":[{\"@type\":\"ReadAction\",\"target\":[\"https:\\\/\\\/blogit.gradia.fi\\\/hannisjarvinen-tdpt2104\\\/2022\\\/12\\\/01\\\/valon-kaupungissa\\\/\"]}]},{\"@type\":\"ImageObject\",\"inLanguage\":\"fi\",\"@id\":\"https:\\\/\\\/blogit.gradia.fi\\\/hannisjarvinen-tdpt2104\\\/2022\\\/12\\\/01\\\/valon-kaupungissa\\\/#primaryimage\",\"url\":\"https:\\\/\\\/blogit.gradia.fi\\\/hannisjarvinen-tdpt2104\\\/wp-content\\\/uploads\\\/sites\\\/235\\\/2022\\\/12\\\/20220929_154445-1024x768.jpg\",\"contentUrl\":\"https:\\\/\\\/blogit.gradia.fi\\\/hannisjarvinen-tdpt2104\\\/wp-content\\\/uploads\\\/sites\\\/235\\\/2022\\\/12\\\/20220929_154445-1024x768.jpg\"},{\"@type\":\"BreadcrumbList\",\"@id\":\"https:\\\/\\\/blogit.gradia.fi\\\/hannisjarvinen-tdpt2104\\\/2022\\\/12\\\/01\\\/valon-kaupungissa\\\/#breadcrumb\",\"itemListElement\":[{\"@type\":\"ListItem\",\"position\":1,\"name\":\"Etusivu\",\"item\":\"https:\\\/\\\/blogit.gradia.fi\\\/hannisjarvinen-tdpt2104\\\/\"},{\"@type\":\"ListItem\",\"position\":2,\"name\":\"Valon kaupungissa\"}]},{\"@type\":\"WebSite\",\"@id\":\"https:\\\/\\\/blogit.gradia.fi\\\/hannisjarvinen-tdpt2104\\\/#website\",\"url\":\"https:\\\/\\\/blogit.gradia.fi\\\/hannisjarvinen-tdpt2104\\\/\",\"name\":\"Oppimisp\u00e4iv\u00e4kirja\",\"description\":\"Hannis J\u00e4rvinen\",\"potentialAction\":[{\"@type\":\"SearchAction\",\"target\":{\"@type\":\"EntryPoint\",\"urlTemplate\":\"https:\\\/\\\/blogit.gradia.fi\\\/hannisjarvinen-tdpt2104\\\/?s={search_term_string}\"},\"query-input\":{\"@type\":\"PropertyValueSpecification\",\"valueRequired\":true,\"valueName\":\"search_term_string\"}}],\"inLanguage\":\"fi\"},{\"@type\":\"Person\",\"@id\":\"https:\\\/\\\/blogit.gradia.fi\\\/hannisjarvinen-tdpt2104\\\/#\\\/schema\\\/person\\\/e011261e8d441be7cf033a749535de0c\",\"name\":\"Hannis J\u00e4rvinen\",\"image\":{\"@type\":\"ImageObject\",\"inLanguage\":\"fi\",\"@id\":\"https:\\\/\\\/secure.gravatar.com\\\/avatar\\\/34ac6c536edfe2e363a0d57b1d24074e7abdca5a40940d30224c716c81d9b9ba?s=96&d=mm&r=g\",\"url\":\"https:\\\/\\\/secure.gravatar.com\\\/avatar\\\/34ac6c536edfe2e363a0d57b1d24074e7abdca5a40940d30224c716c81d9b9ba?s=96&d=mm&r=g\",\"contentUrl\":\"https:\\\/\\\/secure.gravatar.com\\\/avatar\\\/34ac6c536edfe2e363a0d57b1d24074e7abdca5a40940d30224c716c81d9b9ba?s=96&d=mm&r=g\",\"caption\":\"Hannis J\u00e4rvinen\"},\"url\":\"https:\\\/\\\/blogit.gradia.fi\\\/hannisjarvinen-tdpt2104\\\/author\\\/gr266238\\\/\"}]}<\/script>\n<!-- \/ Yoast SEO plugin. -->","yoast_head_json":{"title":"Valon kaupungissa - Oppimisp\u00e4iv\u00e4kirja","robots":{"index":"index","follow":"follow","max-snippet":"max-snippet:-1","max-image-preview":"max-image-preview:large","max-video-preview":"max-video-preview:-1"},"canonical":"https:\/\/blogit.gradia.fi\/hannisjarvinen-tdpt2104\/2022\/12\/01\/valon-kaupungissa\/","og_locale":"fi_FI","og_type":"article","og_title":"Valon kaupungissa - Oppimisp\u00e4iv\u00e4kirja","og_description":"Kuvia Valon kaupunki -tapahtumasta. Valon kaupunki oli kiinnostava ja erilainen kokemus. Ensimm\u00e4isen\u00e4 iltana olin mukana kasviv\u00e4rj\u00e4ysn\u00e4yt\u00f6ksess\u00e4. V\u00e4rj\u00e4simme hevonhierakalla villoja ja kerroimme kasviv\u00e4rj\u00e4yksen maailmasta. Teemana Valon Kaupungissa t\u00e4n\u00e4 vuonna oli Fantasiamets\u00e4. Suositeltavaa oli laittaa jotain teemaan sopivaa vaatetusta. Kaivelin kaapista vuosia vanhan Hobitti-asun ja kunnostin sen. Asu her\u00e4ttikin paljon kiinnostusta. Toisena iltana olin mukana vet\u00e4m\u00e4ss\u00e4 Lupa &hellip; Jatka lukemista \"Valon kaupungissa\"","og_url":"https:\/\/blogit.gradia.fi\/hannisjarvinen-tdpt2104\/2022\/12\/01\/valon-kaupungissa\/","og_site_name":"Oppimisp\u00e4iv\u00e4kirja","article_published_time":"2022-12-01T08:38:53+00:00","article_modified_time":"2022-12-01T08:38:54+00:00","og_image":[{"url":"https:\/\/blogit.gradia.fi\/hannisjarvinen-tdpt2104\/wp-content\/uploads\/sites\/235\/2022\/12\/20220929_154445-1024x768.jpg","type":"","width":"","height":""}],"author":"Hannis J\u00e4rvinen","twitter_card":"summary_large_image","twitter_misc":{"Kirjoittanut":"Hannis J\u00e4rvinen","Arvioitu lukuaika":"4 minuuttia"},"schema":{"@context":"https:\/\/schema.org","@graph":[{"@type":"Article","@id":"https:\/\/blogit.gradia.fi\/hannisjarvinen-tdpt2104\/2022\/12\/01\/valon-kaupungissa\/#article","isPartOf":{"@id":"https:\/\/blogit.gradia.fi\/hannisjarvinen-tdpt2104\/2022\/12\/01\/valon-kaupungissa\/"},"author":{"name":"Hannis J\u00e4rvinen","@id":"https:\/\/blogit.gradia.fi\/hannisjarvinen-tdpt2104\/#\/schema\/person\/e011261e8d441be7cf033a749535de0c"},"headline":"Valon kaupungissa","datePublished":"2022-12-01T08:38:53+00:00","dateModified":"2022-12-01T08:38:54+00:00","mainEntityOfPage":{"@id":"https:\/\/blogit.gradia.fi\/hannisjarvinen-tdpt2104\/2022\/12\/01\/valon-kaupungissa\/"},"wordCount":167,"commentCount":0,"image":{"@id":"https:\/\/blogit.gradia.fi\/hannisjarvinen-tdpt2104\/2022\/12\/01\/valon-kaupungissa\/#primaryimage"},"thumbnailUrl":"https:\/\/blogit.gradia.fi\/hannisjarvinen-tdpt2104\/wp-content\/uploads\/sites\/235\/2022\/12\/20220929_154445-1024x768.jpg","inLanguage":"fi","potentialAction":[{"@type":"CommentAction","name":"Comment","target":["https:\/\/blogit.gradia.fi\/hannisjarvinen-tdpt2104\/2022\/12\/01\/valon-kaupungissa\/#respond"]}]},{"@type":"WebPage","@id":"https:\/\/blogit.gradia.fi\/hannisjarvinen-tdpt2104\/2022\/12\/01\/valon-kaupungissa\/","url":"https:\/\/blogit.gradia.fi\/hannisjarvinen-tdpt2104\/2022\/12\/01\/valon-kaupungissa\/","name":"Valon kaupungissa - Oppimisp\u00e4iv\u00e4kirja","isPartOf":{"@id":"https:\/\/blogit.gradia.fi\/hannisjarvinen-tdpt2104\/#website"},"primaryImageOfPage":{"@id":"https:\/\/blogit.gradia.fi\/hannisjarvinen-tdpt2104\/2022\/12\/01\/valon-kaupungissa\/#primaryimage"},"image":{"@id":"https:\/\/blogit.gradia.fi\/hannisjarvinen-tdpt2104\/2022\/12\/01\/valon-kaupungissa\/#primaryimage"},"thumbnailUrl":"https:\/\/blogit.gradia.fi\/hannisjarvinen-tdpt2104\/wp-content\/uploads\/sites\/235\/2022\/12\/20220929_154445-1024x768.jpg","datePublished":"2022-12-01T08:38:53+00:00","dateModified":"2022-12-01T08:38:54+00:00","author":{"@id":"https:\/\/blogit.gradia.fi\/hannisjarvinen-tdpt2104\/#\/schema\/person\/e011261e8d441be7cf033a749535de0c"},"breadcrumb":{"@id":"https:\/\/blogit.gradia.fi\/hannisjarvinen-tdpt2104\/2022\/12\/01\/valon-kaupungissa\/#breadcrumb"},"inLanguage":"fi","potentialAction":[{"@type":"ReadAction","target":["https:\/\/blogit.gradia.fi\/hannisjarvinen-tdpt2104\/2022\/12\/01\/valon-kaupungissa\/"]}]},{"@type":"ImageObject","inLanguage":"fi","@id":"https:\/\/blogit.gradia.fi\/hannisjarvinen-tdpt2104\/2022\/12\/01\/valon-kaupungissa\/#primaryimage","url":"https:\/\/blogit.gradia.fi\/hannisjarvinen-tdpt2104\/wp-content\/uploads\/sites\/235\/2022\/12\/20220929_154445-1024x768.jpg","contentUrl":"https:\/\/blogit.gradia.fi\/hannisjarvinen-tdpt2104\/wp-content\/uploads\/sites\/235\/2022\/12\/20220929_154445-1024x768.jpg"},{"@type":"BreadcrumbList","@id":"https:\/\/blogit.gradia.fi\/hannisjarvinen-tdpt2104\/2022\/12\/01\/valon-kaupungissa\/#breadcrumb","itemListElement":[{"@type":"ListItem","position":1,"name":"Etusivu","item":"https:\/\/blogit.gradia.fi\/hannisjarvinen-tdpt2104\/"},{"@type":"ListItem","position":2,"name":"Valon kaupungissa"}]},{"@type":"WebSite","@id":"https:\/\/blogit.gradia.fi\/hannisjarvinen-tdpt2104\/#website","url":"https:\/\/blogit.gradia.fi\/hannisjarvinen-tdpt2104\/","name":"Oppimisp\u00e4iv\u00e4kirja","description":"Hannis J\u00e4rvinen","potentialAction":[{"@type":"SearchAction","target":{"@type":"EntryPoint","urlTemplate":"https:\/\/blogit.gradia.fi\/hannisjarvinen-tdpt2104\/?s={search_term_string}"},"query-input":{"@type":"PropertyValueSpecification","valueRequired":true,"valueName":"search_term_string"}}],"inLanguage":"fi"},{"@type":"Person","@id":"https:\/\/blogit.gradia.fi\/hannisjarvinen-tdpt2104\/#\/schema\/person\/e011261e8d441be7cf033a749535de0c","name":"Hannis J\u00e4rvinen","image":{"@type":"ImageObject","inLanguage":"fi","@id":"https:\/\/secure.gravatar.com\/avatar\/34ac6c536edfe2e363a0d57b1d24074e7abdca5a40940d30224c716c81d9b9ba?s=96&d=mm&r=g","url":"https:\/\/secure.gravatar.com\/avatar\/34ac6c536edfe2e363a0d57b1d24074e7abdca5a40940d30224c716c81d9b9ba?s=96&d=mm&r=g","contentUrl":"https:\/\/secure.gravatar.com\/avatar\/34ac6c536edfe2e363a0d57b1d24074e7abdca5a40940d30224c716c81d9b9ba?s=96&d=mm&r=g","caption":"Hannis J\u00e4rvinen"},"url":"https:\/\/blogit.gradia.fi\/hannisjarvinen-tdpt2104\/author\/gr266238\/"}]}},"uagb_featured_image_src":{"full":false,"thumbnail":false,"medium":false,"medium_large":false,"large":false,"1536x1536":false,"2048x2048":false,"twentyseventeen-featured-image":false,"twentyseventeen-thumbnail-avatar":false},"uagb_author_info":{"display_name":"Hannis J\u00e4rvinen","author_link":"https:\/\/blogit.gradia.fi\/hannisjarvinen-tdpt2104\/author\/gr266238\/"},"uagb_comment_info":0,"uagb_excerpt":"Kuvia Valon kaupunki -tapahtumasta. Valon kaupunki oli kiinnostava ja erilainen kokemus. Ensimm\u00e4isen\u00e4 iltana olin mukana kasviv\u00e4rj\u00e4ysn\u00e4yt\u00f6ksess\u00e4. V\u00e4rj\u00e4simme hevonhierakalla villoja ja kerroimme kasviv\u00e4rj\u00e4yksen maailmasta. Teemana Valon Kaupungissa t\u00e4n\u00e4 vuonna oli Fantasiamets\u00e4. Suositeltavaa oli laittaa jotain teemaan sopivaa vaatetusta. Kaivelin kaapista vuosia vanhan Hobitti-asun ja kunnostin sen. Asu her\u00e4ttikin paljon kiinnostusta. Toisena iltana olin mukana vet\u00e4m\u00e4ss\u00e4 Lupa&hellip;","_links":{"self":[{"href":"https:\/\/blogit.gradia.fi\/hannisjarvinen-tdpt2104\/wp-json\/wp\/v2\/posts\/712","targetHints":{"allow":["GET"]}}],"collection":[{"href":"https:\/\/blogit.gradia.fi\/hannisjarvinen-tdpt2104\/wp-json\/wp\/v2\/posts"}],"about":[{"href":"https:\/\/blogit.gradia.fi\/hannisjarvinen-tdpt2104\/wp-json\/wp\/v2\/types\/post"}],"author":[{"embeddable":true,"href":"https:\/\/blogit.gradia.fi\/hannisjarvinen-tdpt2104\/wp-json\/wp\/v2\/users\/771"}],"replies":[{"embeddable":true,"href":"https:\/\/blogit.gradia.fi\/hannisjarvinen-tdpt2104\/wp-json\/wp\/v2\/comments?post=712"}],"version-history":[{"count":7,"href":"https:\/\/blogit.gradia.fi\/hannisjarvinen-tdpt2104\/wp-json\/wp\/v2\/posts\/712\/revisions"}],"predecessor-version":[{"id":737,"href":"https:\/\/blogit.gradia.fi\/hannisjarvinen-tdpt2104\/wp-json\/wp\/v2\/posts\/712\/revisions\/737"}],"wp:attachment":[{"href":"https:\/\/blogit.gradia.fi\/hannisjarvinen-tdpt2104\/wp-json\/wp\/v2\/media?parent=712"}],"wp:term":[{"taxonomy":"category","embeddable":true,"href":"https:\/\/blogit.gradia.fi\/hannisjarvinen-tdpt2104\/wp-json\/wp\/v2\/categories?post=712"},{"taxonomy":"post_tag","embeddable":true,"href":"https:\/\/blogit.gradia.fi\/hannisjarvinen-tdpt2104\/wp-json\/wp\/v2\/tags?post=712"}],"curies":[{"name":"wp","href":"https:\/\/api.w.org\/{rel}","templated":true}]}}