{"id":684,"date":"2022-09-11T11:43:14","date_gmt":"2022-09-11T08:43:14","guid":{"rendered":"https:\/\/blogit.gradia.fi\/hannisjarvinen-tdpt2104\/?p=684"},"modified":"2022-09-11T11:43:14","modified_gmt":"2022-09-11T08:43:14","slug":"varjays-jaa-taakse","status":"publish","type":"post","link":"https:\/\/blogit.gradia.fi\/hannisjarvinen-tdpt2104\/2022\/09\/11\/varjays-jaa-taakse\/","title":{"rendered":"V\u00e4rj\u00e4ys j\u00e4\u00e4 taakse"},"content":{"rendered":"\n<p>Kasviv\u00e4rj\u00e4yst\u00e4 olisi ollut mukava jatkaa pidemp\u00e4\u00e4nkin. Viimeisen\u00e4 v\u00e4rip\u00e4iv\u00e4n\u00e4 keskityin l\u00e4hinn\u00e4 purettamiseen ja j\u00e4lkiv\u00e4rien k\u00e4ytt\u00f6\u00f6n enk\u00e4 halunnut tehd\u00e4 uusia v\u00e4riliemi\u00e4. J\u00e4lkiv\u00e4reill\u00e4 sain aikaan vaaleita s\u00e4vyj\u00e4. <\/p>\n\n\n\n<p>Tuuli teki keskiviikkona v\u00e4rimataralla <a href=\"https:\/\/1drv.ms\/v\/s!Ake91CWbPKOihtZdBZgHFxDgHJ29gA\" target=\"_blank\" rel=\"noreferrer noopener\">kyyppiv\u00e4rj\u00e4yksen<\/a>, jossa lankojen v\u00e4ri muuttui siniseksi tullessaan ilman kanssa tekemisiin. V\u00e4rin kehittymist\u00e4 oli mielenkiintoista seurata vaikka haju luokassa oli aika voimakas. V\u00e4rj\u00e4ys oli mukavaa ja upeita v\u00e4rej\u00e4 saimmekin aikaan.<\/p>\n\n\n\n<figure class=\"wp-block-gallery has-nested-images columns-default is-cropped wp-block-gallery-1 is-layout-flex wp-block-gallery-is-layout-flex\">\n<figure class=\"wp-block-image size-large\"><img loading=\"lazy\" decoding=\"async\" width=\"1920\" height=\"2560\" data-id=\"688\" src=\"https:\/\/blogit.gradia.fi\/hannisjarvinen-tdpt2104\/wp-content\/uploads\/sites\/235\/2022\/09\/20220907_101418-scaled-e1662881063740.jpg\" alt=\"\" class=\"wp-image-688\" srcset=\"https:\/\/blogit.gradia.fi\/hannisjarvinen-tdpt2104\/wp-content\/uploads\/sites\/235\/2022\/09\/20220907_101418-scaled-e1662881063740.jpg 1920w, https:\/\/blogit.gradia.fi\/hannisjarvinen-tdpt2104\/wp-content\/uploads\/sites\/235\/2022\/09\/20220907_101418-scaled-e1662881063740-225x300.jpg 225w, https:\/\/blogit.gradia.fi\/hannisjarvinen-tdpt2104\/wp-content\/uploads\/sites\/235\/2022\/09\/20220907_101418-scaled-e1662881063740-768x1024.jpg 768w, https:\/\/blogit.gradia.fi\/hannisjarvinen-tdpt2104\/wp-content\/uploads\/sites\/235\/2022\/09\/20220907_101418-scaled-e1662881063740-1152x1536.jpg 1152w, https:\/\/blogit.gradia.fi\/hannisjarvinen-tdpt2104\/wp-content\/uploads\/sites\/235\/2022\/09\/20220907_101418-scaled-e1662881063740-1536x2048.jpg 1536w\" sizes=\"auto, (max-width: 767px) 89vw, (max-width: 1000px) 54vw, (max-width: 1071px) 543px, 580px\" \/><figcaption>J\u00e4lkiv\u00e4rikokeiluni<\/figcaption><\/figure>\n\n\n\n<figure class=\"wp-block-image size-large\"><img loading=\"lazy\" decoding=\"async\" width=\"1920\" height=\"2560\" data-id=\"689\" src=\"https:\/\/blogit.gradia.fi\/hannisjarvinen-tdpt2104\/wp-content\/uploads\/sites\/235\/2022\/09\/20220907_101339-scaled-e1662881080520.jpg\" alt=\"\" class=\"wp-image-689\" srcset=\"https:\/\/blogit.gradia.fi\/hannisjarvinen-tdpt2104\/wp-content\/uploads\/sites\/235\/2022\/09\/20220907_101339-scaled-e1662881080520.jpg 1920w, https:\/\/blogit.gradia.fi\/hannisjarvinen-tdpt2104\/wp-content\/uploads\/sites\/235\/2022\/09\/20220907_101339-scaled-e1662881080520-225x300.jpg 225w, https:\/\/blogit.gradia.fi\/hannisjarvinen-tdpt2104\/wp-content\/uploads\/sites\/235\/2022\/09\/20220907_101339-scaled-e1662881080520-768x1024.jpg 768w, https:\/\/blogit.gradia.fi\/hannisjarvinen-tdpt2104\/wp-content\/uploads\/sites\/235\/2022\/09\/20220907_101339-scaled-e1662881080520-1152x1536.jpg 1152w, https:\/\/blogit.gradia.fi\/hannisjarvinen-tdpt2104\/wp-content\/uploads\/sites\/235\/2022\/09\/20220907_101339-scaled-e1662881080520-1536x2048.jpg 1536w\" sizes=\"auto, (max-width: 767px) 89vw, (max-width: 1000px) 54vw, (max-width: 1071px) 543px, 580px\" \/><figcaption>kyyppiv\u00e4rj\u00e4yst\u00e4<\/figcaption><\/figure>\n\n\n\n<figure class=\"wp-block-image size-large\"><img loading=\"lazy\" decoding=\"async\" width=\"2560\" height=\"1920\" data-id=\"690\" src=\"https:\/\/blogit.gradia.fi\/hannisjarvinen-tdpt2104\/wp-content\/uploads\/sites\/235\/2022\/09\/20220907_111242-scaled.jpg\" alt=\"\" class=\"wp-image-690\" srcset=\"https:\/\/blogit.gradia.fi\/hannisjarvinen-tdpt2104\/wp-content\/uploads\/sites\/235\/2022\/09\/20220907_111242-scaled.jpg 2560w, https:\/\/blogit.gradia.fi\/hannisjarvinen-tdpt2104\/wp-content\/uploads\/sites\/235\/2022\/09\/20220907_111242-300x225.jpg 300w, https:\/\/blogit.gradia.fi\/hannisjarvinen-tdpt2104\/wp-content\/uploads\/sites\/235\/2022\/09\/20220907_111242-1024x768.jpg 1024w, https:\/\/blogit.gradia.fi\/hannisjarvinen-tdpt2104\/wp-content\/uploads\/sites\/235\/2022\/09\/20220907_111242-768x576.jpg 768w, https:\/\/blogit.gradia.fi\/hannisjarvinen-tdpt2104\/wp-content\/uploads\/sites\/235\/2022\/09\/20220907_111242-1536x1152.jpg 1536w, https:\/\/blogit.gradia.fi\/hannisjarvinen-tdpt2104\/wp-content\/uploads\/sites\/235\/2022\/09\/20220907_111242-2048x1536.jpg 2048w\" sizes=\"auto, (max-width: 767px) 89vw, (max-width: 1000px) 54vw, (max-width: 1071px) 543px, 580px\" \/><figcaption>Kyypin neste on keltaista<\/figcaption><\/figure>\n<\/figure>\n\n\n\n<figure class=\"wp-block-image size-large\"><img loading=\"lazy\" decoding=\"async\" width=\"1024\" height=\"768\" src=\"https:\/\/blogit.gradia.fi\/hannisjarvinen-tdpt2104\/wp-content\/uploads\/sites\/235\/2022\/09\/20220907_133818-1024x768.jpg\" alt=\"\" class=\"wp-image-687\" srcset=\"https:\/\/blogit.gradia.fi\/hannisjarvinen-tdpt2104\/wp-content\/uploads\/sites\/235\/2022\/09\/20220907_133818-1024x768.jpg 1024w, https:\/\/blogit.gradia.fi\/hannisjarvinen-tdpt2104\/wp-content\/uploads\/sites\/235\/2022\/09\/20220907_133818-300x225.jpg 300w, https:\/\/blogit.gradia.fi\/hannisjarvinen-tdpt2104\/wp-content\/uploads\/sites\/235\/2022\/09\/20220907_133818-768x576.jpg 768w, https:\/\/blogit.gradia.fi\/hannisjarvinen-tdpt2104\/wp-content\/uploads\/sites\/235\/2022\/09\/20220907_133818-1536x1152.jpg 1536w, https:\/\/blogit.gradia.fi\/hannisjarvinen-tdpt2104\/wp-content\/uploads\/sites\/235\/2022\/09\/20220907_133818-2048x1536.jpg 2048w\" sizes=\"auto, (max-width: 767px) 89vw, (max-width: 1000px) 54vw, (max-width: 1071px) 543px, 580px\" \/><figcaption>T\u00e4ss\u00e4 kuvassa ovat kuivumassa kaikki keskiviikkona v\u00e4rj\u00e4tyt langat.<\/figcaption><\/figure>\n\n\n\n<figure class=\"wp-block-image size-large\"><img loading=\"lazy\" decoding=\"async\" width=\"1024\" height=\"990\" src=\"https:\/\/blogit.gradia.fi\/hannisjarvinen-tdpt2104\/wp-content\/uploads\/sites\/235\/2022\/09\/20220907_134421-1024x990.jpg\" alt=\"\" class=\"wp-image-685\" srcset=\"https:\/\/blogit.gradia.fi\/hannisjarvinen-tdpt2104\/wp-content\/uploads\/sites\/235\/2022\/09\/20220907_134421-1024x990.jpg 1024w, https:\/\/blogit.gradia.fi\/hannisjarvinen-tdpt2104\/wp-content\/uploads\/sites\/235\/2022\/09\/20220907_134421-300x290.jpg 300w, https:\/\/blogit.gradia.fi\/hannisjarvinen-tdpt2104\/wp-content\/uploads\/sites\/235\/2022\/09\/20220907_134421-768x742.jpg 768w, https:\/\/blogit.gradia.fi\/hannisjarvinen-tdpt2104\/wp-content\/uploads\/sites\/235\/2022\/09\/20220907_134421-1536x1485.jpg 1536w, https:\/\/blogit.gradia.fi\/hannisjarvinen-tdpt2104\/wp-content\/uploads\/sites\/235\/2022\/09\/20220907_134421-2048x1979.jpg 2048w\" sizes=\"auto, (max-width: 767px) 89vw, (max-width: 1000px) 54vw, (max-width: 1071px) 543px, 580px\" \/><figcaption> Verihelttaseitikin ja alpakan liittoon olen ylen tyytyv\u00e4inen. Hauska kokeilu oli my\u00f6s kurkumapainotteisella yrttiteell\u00e4 v\u00e4rj\u00e4tty sukkalanka. <\/figcaption><\/figure>\n","protected":false},"excerpt":{"rendered":"<p>Kasviv\u00e4rj\u00e4yst\u00e4 olisi ollut mukava jatkaa pidemp\u00e4\u00e4nkin. Viimeisen\u00e4 v\u00e4rip\u00e4iv\u00e4n\u00e4 keskityin l\u00e4hinn\u00e4 purettamiseen ja j\u00e4lkiv\u00e4rien k\u00e4ytt\u00f6\u00f6n enk\u00e4 halunnut tehd\u00e4 uusia v\u00e4riliemi\u00e4. J\u00e4lkiv\u00e4reill\u00e4 sain aikaan vaaleita s\u00e4vyj\u00e4. Tuuli teki keskiviikkona v\u00e4rimataralla kyyppiv\u00e4rj\u00e4yksen, jossa lankojen v\u00e4ri muuttui siniseksi tullessaan ilman kanssa tekemisiin. V\u00e4rin kehittymist\u00e4 oli mielenkiintoista seurata vaikka haju luokassa oli aika voimakas. V\u00e4rj\u00e4ys oli mukavaa ja upeita v\u00e4rej\u00e4 &hellip; <\/p>\n<p class=\"link-more\"><a href=\"https:\/\/blogit.gradia.fi\/hannisjarvinen-tdpt2104\/2022\/09\/11\/varjays-jaa-taakse\/\" class=\"more-link\">Jatka lukemista<span class=\"screen-reader-text\"> &#8221;V\u00e4rj\u00e4ys j\u00e4\u00e4 taakse&#8221;<\/span><\/a><\/p>\n","protected":false},"author":771,"featured_media":0,"comment_status":"open","ping_status":"open","sticky":false,"template":"","format":"standard","meta":{"_uag_custom_page_level_css":"","footnotes":""},"categories":[8,1],"tags":[],"class_list":["post-684","post","type-post","status-publish","format-standard","hentry","category-varjays","category-yleinen"],"yoast_head":"<!-- This site is optimized with the Yoast SEO plugin v27.5 - https:\/\/yoast.com\/product\/yoast-seo-wordpress\/ -->\n<title>V\u00e4rj\u00e4ys j\u00e4\u00e4 taakse - Oppimisp\u00e4iv\u00e4kirja<\/title>\n<meta name=\"robots\" content=\"index, follow, max-snippet:-1, max-image-preview:large, max-video-preview:-1\" \/>\n<link rel=\"canonical\" href=\"https:\/\/blogit.gradia.fi\/hannisjarvinen-tdpt2104\/2022\/09\/11\/varjays-jaa-taakse\/\" \/>\n<meta property=\"og:locale\" content=\"fi_FI\" \/>\n<meta property=\"og:type\" content=\"article\" \/>\n<meta property=\"og:title\" content=\"V\u00e4rj\u00e4ys j\u00e4\u00e4 taakse - Oppimisp\u00e4iv\u00e4kirja\" \/>\n<meta property=\"og:description\" content=\"Kasviv\u00e4rj\u00e4yst\u00e4 olisi ollut mukava jatkaa pidemp\u00e4\u00e4nkin. Viimeisen\u00e4 v\u00e4rip\u00e4iv\u00e4n\u00e4 keskityin l\u00e4hinn\u00e4 purettamiseen ja j\u00e4lkiv\u00e4rien k\u00e4ytt\u00f6\u00f6n enk\u00e4 halunnut tehd\u00e4 uusia v\u00e4riliemi\u00e4. J\u00e4lkiv\u00e4reill\u00e4 sain aikaan vaaleita s\u00e4vyj\u00e4. Tuuli teki keskiviikkona v\u00e4rimataralla kyyppiv\u00e4rj\u00e4yksen, jossa lankojen v\u00e4ri muuttui siniseksi tullessaan ilman kanssa tekemisiin. V\u00e4rin kehittymist\u00e4 oli mielenkiintoista seurata vaikka haju luokassa oli aika voimakas. V\u00e4rj\u00e4ys oli mukavaa ja upeita v\u00e4rej\u00e4 &hellip; Jatka lukemista &quot;V\u00e4rj\u00e4ys j\u00e4\u00e4 taakse&quot;\" \/>\n<meta property=\"og:url\" content=\"https:\/\/blogit.gradia.fi\/hannisjarvinen-tdpt2104\/2022\/09\/11\/varjays-jaa-taakse\/\" \/>\n<meta property=\"og:site_name\" content=\"Oppimisp\u00e4iv\u00e4kirja\" \/>\n<meta property=\"article:published_time\" content=\"2022-09-11T08:43:14+00:00\" \/>\n<meta property=\"og:image\" content=\"https:\/\/blogit.gradia.fi\/hannisjarvinen-tdpt2104\/wp-content\/uploads\/sites\/235\/2022\/09\/20220907_101418-scaled-e1662881063740.jpg\" \/>\n<meta name=\"author\" content=\"Hannis J\u00e4rvinen\" \/>\n<meta name=\"twitter:card\" content=\"summary_large_image\" \/>\n<meta name=\"twitter:label1\" content=\"Kirjoittanut\" \/>\n\t<meta name=\"twitter:data1\" content=\"Hannis J\u00e4rvinen\" \/>\n\t<meta name=\"twitter:label2\" content=\"Arvioitu lukuaika\" \/>\n\t<meta name=\"twitter:data2\" content=\"2 minuuttia\" \/>\n<script type=\"application\/ld+json\" class=\"yoast-schema-graph\">{\"@context\":\"https:\\\/\\\/schema.org\",\"@graph\":[{\"@type\":\"Article\",\"@id\":\"https:\\\/\\\/blogit.gradia.fi\\\/hannisjarvinen-tdpt2104\\\/2022\\\/09\\\/11\\\/varjays-jaa-taakse\\\/#article\",\"isPartOf\":{\"@id\":\"https:\\\/\\\/blogit.gradia.fi\\\/hannisjarvinen-tdpt2104\\\/2022\\\/09\\\/11\\\/varjays-jaa-taakse\\\/\"},\"author\":{\"name\":\"Hannis J\u00e4rvinen\",\"@id\":\"https:\\\/\\\/blogit.gradia.fi\\\/hannisjarvinen-tdpt2104\\\/#\\\/schema\\\/person\\\/e011261e8d441be7cf033a749535de0c\"},\"headline\":\"V\u00e4rj\u00e4ys j\u00e4\u00e4 taakse\",\"datePublished\":\"2022-09-11T08:43:14+00:00\",\"mainEntityOfPage\":{\"@id\":\"https:\\\/\\\/blogit.gradia.fi\\\/hannisjarvinen-tdpt2104\\\/2022\\\/09\\\/11\\\/varjays-jaa-taakse\\\/\"},\"wordCount\":125,\"commentCount\":0,\"image\":{\"@id\":\"https:\\\/\\\/blogit.gradia.fi\\\/hannisjarvinen-tdpt2104\\\/2022\\\/09\\\/11\\\/varjays-jaa-taakse\\\/#primaryimage\"},\"thumbnailUrl\":\"https:\\\/\\\/blogit.gradia.fi\\\/hannisjarvinen-tdpt2104\\\/wp-content\\\/uploads\\\/sites\\\/235\\\/2022\\\/09\\\/20220907_101418-scaled-e1662881063740.jpg\",\"articleSection\":[\"V\u00e4rj\u00e4ys\"],\"inLanguage\":\"fi\",\"potentialAction\":[{\"@type\":\"CommentAction\",\"name\":\"Comment\",\"target\":[\"https:\\\/\\\/blogit.gradia.fi\\\/hannisjarvinen-tdpt2104\\\/2022\\\/09\\\/11\\\/varjays-jaa-taakse\\\/#respond\"]}]},{\"@type\":\"WebPage\",\"@id\":\"https:\\\/\\\/blogit.gradia.fi\\\/hannisjarvinen-tdpt2104\\\/2022\\\/09\\\/11\\\/varjays-jaa-taakse\\\/\",\"url\":\"https:\\\/\\\/blogit.gradia.fi\\\/hannisjarvinen-tdpt2104\\\/2022\\\/09\\\/11\\\/varjays-jaa-taakse\\\/\",\"name\":\"V\u00e4rj\u00e4ys j\u00e4\u00e4 taakse - Oppimisp\u00e4iv\u00e4kirja\",\"isPartOf\":{\"@id\":\"https:\\\/\\\/blogit.gradia.fi\\\/hannisjarvinen-tdpt2104\\\/#website\"},\"primaryImageOfPage\":{\"@id\":\"https:\\\/\\\/blogit.gradia.fi\\\/hannisjarvinen-tdpt2104\\\/2022\\\/09\\\/11\\\/varjays-jaa-taakse\\\/#primaryimage\"},\"image\":{\"@id\":\"https:\\\/\\\/blogit.gradia.fi\\\/hannisjarvinen-tdpt2104\\\/2022\\\/09\\\/11\\\/varjays-jaa-taakse\\\/#primaryimage\"},\"thumbnailUrl\":\"https:\\\/\\\/blogit.gradia.fi\\\/hannisjarvinen-tdpt2104\\\/wp-content\\\/uploads\\\/sites\\\/235\\\/2022\\\/09\\\/20220907_101418-scaled-e1662881063740.jpg\",\"datePublished\":\"2022-09-11T08:43:14+00:00\",\"author\":{\"@id\":\"https:\\\/\\\/blogit.gradia.fi\\\/hannisjarvinen-tdpt2104\\\/#\\\/schema\\\/person\\\/e011261e8d441be7cf033a749535de0c\"},\"breadcrumb\":{\"@id\":\"https:\\\/\\\/blogit.gradia.fi\\\/hannisjarvinen-tdpt2104\\\/2022\\\/09\\\/11\\\/varjays-jaa-taakse\\\/#breadcrumb\"},\"inLanguage\":\"fi\",\"potentialAction\":[{\"@type\":\"ReadAction\",\"target\":[\"https:\\\/\\\/blogit.gradia.fi\\\/hannisjarvinen-tdpt2104\\\/2022\\\/09\\\/11\\\/varjays-jaa-taakse\\\/\"]}]},{\"@type\":\"ImageObject\",\"inLanguage\":\"fi\",\"@id\":\"https:\\\/\\\/blogit.gradia.fi\\\/hannisjarvinen-tdpt2104\\\/2022\\\/09\\\/11\\\/varjays-jaa-taakse\\\/#primaryimage\",\"url\":\"https:\\\/\\\/blogit.gradia.fi\\\/hannisjarvinen-tdpt2104\\\/wp-content\\\/uploads\\\/sites\\\/235\\\/2022\\\/09\\\/20220907_101418-scaled-e1662881063740.jpg\",\"contentUrl\":\"https:\\\/\\\/blogit.gradia.fi\\\/hannisjarvinen-tdpt2104\\\/wp-content\\\/uploads\\\/sites\\\/235\\\/2022\\\/09\\\/20220907_101418-scaled-e1662881063740.jpg\",\"width\":1920,\"height\":2560,\"caption\":\"Oma j\u00e4lkiv\u00e4rikokeiluni\"},{\"@type\":\"BreadcrumbList\",\"@id\":\"https:\\\/\\\/blogit.gradia.fi\\\/hannisjarvinen-tdpt2104\\\/2022\\\/09\\\/11\\\/varjays-jaa-taakse\\\/#breadcrumb\",\"itemListElement\":[{\"@type\":\"ListItem\",\"position\":1,\"name\":\"Etusivu\",\"item\":\"https:\\\/\\\/blogit.gradia.fi\\\/hannisjarvinen-tdpt2104\\\/\"},{\"@type\":\"ListItem\",\"position\":2,\"name\":\"V\u00e4rj\u00e4ys j\u00e4\u00e4 taakse\"}]},{\"@type\":\"WebSite\",\"@id\":\"https:\\\/\\\/blogit.gradia.fi\\\/hannisjarvinen-tdpt2104\\\/#website\",\"url\":\"https:\\\/\\\/blogit.gradia.fi\\\/hannisjarvinen-tdpt2104\\\/\",\"name\":\"Oppimisp\u00e4iv\u00e4kirja\",\"description\":\"Hannis J\u00e4rvinen\",\"potentialAction\":[{\"@type\":\"SearchAction\",\"target\":{\"@type\":\"EntryPoint\",\"urlTemplate\":\"https:\\\/\\\/blogit.gradia.fi\\\/hannisjarvinen-tdpt2104\\\/?s={search_term_string}\"},\"query-input\":{\"@type\":\"PropertyValueSpecification\",\"valueRequired\":true,\"valueName\":\"search_term_string\"}}],\"inLanguage\":\"fi\"},{\"@type\":\"Person\",\"@id\":\"https:\\\/\\\/blogit.gradia.fi\\\/hannisjarvinen-tdpt2104\\\/#\\\/schema\\\/person\\\/e011261e8d441be7cf033a749535de0c\",\"name\":\"Hannis J\u00e4rvinen\",\"image\":{\"@type\":\"ImageObject\",\"inLanguage\":\"fi\",\"@id\":\"https:\\\/\\\/secure.gravatar.com\\\/avatar\\\/34ac6c536edfe2e363a0d57b1d24074e7abdca5a40940d30224c716c81d9b9ba?s=96&d=mm&r=g\",\"url\":\"https:\\\/\\\/secure.gravatar.com\\\/avatar\\\/34ac6c536edfe2e363a0d57b1d24074e7abdca5a40940d30224c716c81d9b9ba?s=96&d=mm&r=g\",\"contentUrl\":\"https:\\\/\\\/secure.gravatar.com\\\/avatar\\\/34ac6c536edfe2e363a0d57b1d24074e7abdca5a40940d30224c716c81d9b9ba?s=96&d=mm&r=g\",\"caption\":\"Hannis J\u00e4rvinen\"},\"url\":\"https:\\\/\\\/blogit.gradia.fi\\\/hannisjarvinen-tdpt2104\\\/author\\\/gr266238\\\/\"}]}<\/script>\n<!-- \/ Yoast SEO plugin. -->","yoast_head_json":{"title":"V\u00e4rj\u00e4ys j\u00e4\u00e4 taakse - Oppimisp\u00e4iv\u00e4kirja","robots":{"index":"index","follow":"follow","max-snippet":"max-snippet:-1","max-image-preview":"max-image-preview:large","max-video-preview":"max-video-preview:-1"},"canonical":"https:\/\/blogit.gradia.fi\/hannisjarvinen-tdpt2104\/2022\/09\/11\/varjays-jaa-taakse\/","og_locale":"fi_FI","og_type":"article","og_title":"V\u00e4rj\u00e4ys j\u00e4\u00e4 taakse - Oppimisp\u00e4iv\u00e4kirja","og_description":"Kasviv\u00e4rj\u00e4yst\u00e4 olisi ollut mukava jatkaa pidemp\u00e4\u00e4nkin. Viimeisen\u00e4 v\u00e4rip\u00e4iv\u00e4n\u00e4 keskityin l\u00e4hinn\u00e4 purettamiseen ja j\u00e4lkiv\u00e4rien k\u00e4ytt\u00f6\u00f6n enk\u00e4 halunnut tehd\u00e4 uusia v\u00e4riliemi\u00e4. J\u00e4lkiv\u00e4reill\u00e4 sain aikaan vaaleita s\u00e4vyj\u00e4. Tuuli teki keskiviikkona v\u00e4rimataralla kyyppiv\u00e4rj\u00e4yksen, jossa lankojen v\u00e4ri muuttui siniseksi tullessaan ilman kanssa tekemisiin. V\u00e4rin kehittymist\u00e4 oli mielenkiintoista seurata vaikka haju luokassa oli aika voimakas. V\u00e4rj\u00e4ys oli mukavaa ja upeita v\u00e4rej\u00e4 &hellip; Jatka lukemista \"V\u00e4rj\u00e4ys j\u00e4\u00e4 taakse\"","og_url":"https:\/\/blogit.gradia.fi\/hannisjarvinen-tdpt2104\/2022\/09\/11\/varjays-jaa-taakse\/","og_site_name":"Oppimisp\u00e4iv\u00e4kirja","article_published_time":"2022-09-11T08:43:14+00:00","og_image":[{"url":"https:\/\/blogit.gradia.fi\/hannisjarvinen-tdpt2104\/wp-content\/uploads\/sites\/235\/2022\/09\/20220907_101418-scaled-e1662881063740.jpg","type":"","width":"","height":""}],"author":"Hannis J\u00e4rvinen","twitter_card":"summary_large_image","twitter_misc":{"Kirjoittanut":"Hannis J\u00e4rvinen","Arvioitu lukuaika":"2 minuuttia"},"schema":{"@context":"https:\/\/schema.org","@graph":[{"@type":"Article","@id":"https:\/\/blogit.gradia.fi\/hannisjarvinen-tdpt2104\/2022\/09\/11\/varjays-jaa-taakse\/#article","isPartOf":{"@id":"https:\/\/blogit.gradia.fi\/hannisjarvinen-tdpt2104\/2022\/09\/11\/varjays-jaa-taakse\/"},"author":{"name":"Hannis J\u00e4rvinen","@id":"https:\/\/blogit.gradia.fi\/hannisjarvinen-tdpt2104\/#\/schema\/person\/e011261e8d441be7cf033a749535de0c"},"headline":"V\u00e4rj\u00e4ys j\u00e4\u00e4 taakse","datePublished":"2022-09-11T08:43:14+00:00","mainEntityOfPage":{"@id":"https:\/\/blogit.gradia.fi\/hannisjarvinen-tdpt2104\/2022\/09\/11\/varjays-jaa-taakse\/"},"wordCount":125,"commentCount":0,"image":{"@id":"https:\/\/blogit.gradia.fi\/hannisjarvinen-tdpt2104\/2022\/09\/11\/varjays-jaa-taakse\/#primaryimage"},"thumbnailUrl":"https:\/\/blogit.gradia.fi\/hannisjarvinen-tdpt2104\/wp-content\/uploads\/sites\/235\/2022\/09\/20220907_101418-scaled-e1662881063740.jpg","articleSection":["V\u00e4rj\u00e4ys"],"inLanguage":"fi","potentialAction":[{"@type":"CommentAction","name":"Comment","target":["https:\/\/blogit.gradia.fi\/hannisjarvinen-tdpt2104\/2022\/09\/11\/varjays-jaa-taakse\/#respond"]}]},{"@type":"WebPage","@id":"https:\/\/blogit.gradia.fi\/hannisjarvinen-tdpt2104\/2022\/09\/11\/varjays-jaa-taakse\/","url":"https:\/\/blogit.gradia.fi\/hannisjarvinen-tdpt2104\/2022\/09\/11\/varjays-jaa-taakse\/","name":"V\u00e4rj\u00e4ys j\u00e4\u00e4 taakse - Oppimisp\u00e4iv\u00e4kirja","isPartOf":{"@id":"https:\/\/blogit.gradia.fi\/hannisjarvinen-tdpt2104\/#website"},"primaryImageOfPage":{"@id":"https:\/\/blogit.gradia.fi\/hannisjarvinen-tdpt2104\/2022\/09\/11\/varjays-jaa-taakse\/#primaryimage"},"image":{"@id":"https:\/\/blogit.gradia.fi\/hannisjarvinen-tdpt2104\/2022\/09\/11\/varjays-jaa-taakse\/#primaryimage"},"thumbnailUrl":"https:\/\/blogit.gradia.fi\/hannisjarvinen-tdpt2104\/wp-content\/uploads\/sites\/235\/2022\/09\/20220907_101418-scaled-e1662881063740.jpg","datePublished":"2022-09-11T08:43:14+00:00","author":{"@id":"https:\/\/blogit.gradia.fi\/hannisjarvinen-tdpt2104\/#\/schema\/person\/e011261e8d441be7cf033a749535de0c"},"breadcrumb":{"@id":"https:\/\/blogit.gradia.fi\/hannisjarvinen-tdpt2104\/2022\/09\/11\/varjays-jaa-taakse\/#breadcrumb"},"inLanguage":"fi","potentialAction":[{"@type":"ReadAction","target":["https:\/\/blogit.gradia.fi\/hannisjarvinen-tdpt2104\/2022\/09\/11\/varjays-jaa-taakse\/"]}]},{"@type":"ImageObject","inLanguage":"fi","@id":"https:\/\/blogit.gradia.fi\/hannisjarvinen-tdpt2104\/2022\/09\/11\/varjays-jaa-taakse\/#primaryimage","url":"https:\/\/blogit.gradia.fi\/hannisjarvinen-tdpt2104\/wp-content\/uploads\/sites\/235\/2022\/09\/20220907_101418-scaled-e1662881063740.jpg","contentUrl":"https:\/\/blogit.gradia.fi\/hannisjarvinen-tdpt2104\/wp-content\/uploads\/sites\/235\/2022\/09\/20220907_101418-scaled-e1662881063740.jpg","width":1920,"height":2560,"caption":"Oma j\u00e4lkiv\u00e4rikokeiluni"},{"@type":"BreadcrumbList","@id":"https:\/\/blogit.gradia.fi\/hannisjarvinen-tdpt2104\/2022\/09\/11\/varjays-jaa-taakse\/#breadcrumb","itemListElement":[{"@type":"ListItem","position":1,"name":"Etusivu","item":"https:\/\/blogit.gradia.fi\/hannisjarvinen-tdpt2104\/"},{"@type":"ListItem","position":2,"name":"V\u00e4rj\u00e4ys j\u00e4\u00e4 taakse"}]},{"@type":"WebSite","@id":"https:\/\/blogit.gradia.fi\/hannisjarvinen-tdpt2104\/#website","url":"https:\/\/blogit.gradia.fi\/hannisjarvinen-tdpt2104\/","name":"Oppimisp\u00e4iv\u00e4kirja","description":"Hannis J\u00e4rvinen","potentialAction":[{"@type":"SearchAction","target":{"@type":"EntryPoint","urlTemplate":"https:\/\/blogit.gradia.fi\/hannisjarvinen-tdpt2104\/?s={search_term_string}"},"query-input":{"@type":"PropertyValueSpecification","valueRequired":true,"valueName":"search_term_string"}}],"inLanguage":"fi"},{"@type":"Person","@id":"https:\/\/blogit.gradia.fi\/hannisjarvinen-tdpt2104\/#\/schema\/person\/e011261e8d441be7cf033a749535de0c","name":"Hannis J\u00e4rvinen","image":{"@type":"ImageObject","inLanguage":"fi","@id":"https:\/\/secure.gravatar.com\/avatar\/34ac6c536edfe2e363a0d57b1d24074e7abdca5a40940d30224c716c81d9b9ba?s=96&d=mm&r=g","url":"https:\/\/secure.gravatar.com\/avatar\/34ac6c536edfe2e363a0d57b1d24074e7abdca5a40940d30224c716c81d9b9ba?s=96&d=mm&r=g","contentUrl":"https:\/\/secure.gravatar.com\/avatar\/34ac6c536edfe2e363a0d57b1d24074e7abdca5a40940d30224c716c81d9b9ba?s=96&d=mm&r=g","caption":"Hannis J\u00e4rvinen"},"url":"https:\/\/blogit.gradia.fi\/hannisjarvinen-tdpt2104\/author\/gr266238\/"}]}},"uagb_featured_image_src":{"full":false,"thumbnail":false,"medium":false,"medium_large":false,"large":false,"1536x1536":false,"2048x2048":false,"twentyseventeen-featured-image":false,"twentyseventeen-thumbnail-avatar":false},"uagb_author_info":{"display_name":"Hannis J\u00e4rvinen","author_link":"https:\/\/blogit.gradia.fi\/hannisjarvinen-tdpt2104\/author\/gr266238\/"},"uagb_comment_info":0,"uagb_excerpt":"Kasviv\u00e4rj\u00e4yst\u00e4 olisi ollut mukava jatkaa pidemp\u00e4\u00e4nkin. Viimeisen\u00e4 v\u00e4rip\u00e4iv\u00e4n\u00e4 keskityin l\u00e4hinn\u00e4 purettamiseen ja j\u00e4lkiv\u00e4rien k\u00e4ytt\u00f6\u00f6n enk\u00e4 halunnut tehd\u00e4 uusia v\u00e4riliemi\u00e4. J\u00e4lkiv\u00e4reill\u00e4 sain aikaan vaaleita s\u00e4vyj\u00e4. Tuuli teki keskiviikkona v\u00e4rimataralla kyyppiv\u00e4rj\u00e4yksen, jossa lankojen v\u00e4ri muuttui siniseksi tullessaan ilman kanssa tekemisiin. V\u00e4rin kehittymist\u00e4 oli mielenkiintoista seurata vaikka haju luokassa oli aika voimakas. V\u00e4rj\u00e4ys oli mukavaa ja upeita v\u00e4rej\u00e4&hellip;","_links":{"self":[{"href":"https:\/\/blogit.gradia.fi\/hannisjarvinen-tdpt2104\/wp-json\/wp\/v2\/posts\/684","targetHints":{"allow":["GET"]}}],"collection":[{"href":"https:\/\/blogit.gradia.fi\/hannisjarvinen-tdpt2104\/wp-json\/wp\/v2\/posts"}],"about":[{"href":"https:\/\/blogit.gradia.fi\/hannisjarvinen-tdpt2104\/wp-json\/wp\/v2\/types\/post"}],"author":[{"embeddable":true,"href":"https:\/\/blogit.gradia.fi\/hannisjarvinen-tdpt2104\/wp-json\/wp\/v2\/users\/771"}],"replies":[{"embeddable":true,"href":"https:\/\/blogit.gradia.fi\/hannisjarvinen-tdpt2104\/wp-json\/wp\/v2\/comments?post=684"}],"version-history":[{"count":4,"href":"https:\/\/blogit.gradia.fi\/hannisjarvinen-tdpt2104\/wp-json\/wp\/v2\/posts\/684\/revisions"}],"predecessor-version":[{"id":693,"href":"https:\/\/blogit.gradia.fi\/hannisjarvinen-tdpt2104\/wp-json\/wp\/v2\/posts\/684\/revisions\/693"}],"wp:attachment":[{"href":"https:\/\/blogit.gradia.fi\/hannisjarvinen-tdpt2104\/wp-json\/wp\/v2\/media?parent=684"}],"wp:term":[{"taxonomy":"category","embeddable":true,"href":"https:\/\/blogit.gradia.fi\/hannisjarvinen-tdpt2104\/wp-json\/wp\/v2\/categories?post=684"},{"taxonomy":"post_tag","embeddable":true,"href":"https:\/\/blogit.gradia.fi\/hannisjarvinen-tdpt2104\/wp-json\/wp\/v2\/tags?post=684"}],"curies":[{"name":"wp","href":"https:\/\/api.w.org\/{rel}","templated":true}]}}