{"id":668,"date":"2022-09-04T11:26:44","date_gmt":"2022-09-04T08:26:44","guid":{"rendered":"https:\/\/blogit.gradia.fi\/hannisjarvinen-tdpt2104\/?p=668"},"modified":"2022-09-04T11:32:48","modified_gmt":"2022-09-04T08:32:48","slug":"koulun-pajat-alkavat","status":"publish","type":"post","link":"https:\/\/blogit.gradia.fi\/hannisjarvinen-tdpt2104\/2022\/09\/04\/koulun-pajat-alkavat\/","title":{"rendered":"Koulun pajat alkavat"},"content":{"rendered":"\n<p>Koulun syksy on alkanut erilaisiin tekniikkoihin tutustumisella. Yhdistetty ryhm\u00e4mme jaettiin kolmeen osaan ja n\u00e4iss\u00e4 pienryhmiss\u00e4 aloimme tutustumaan erilaisiin tekniikoihin muutaman p\u00e4iv\u00e4n jaksoissa. Pajat ovat olleet kiinnostavia, mutta niiden sis\u00e4lt\u00e4miin tekniikoihin olisi ollut mukavanpi paneutua hiukan pidemm\u00e4ksikin aikaa.<\/p>\n\n\n\n<p>Ensin opettelimme ryijyjen tekniikkaa, mik\u00e4 olikin minulle mielenkiintoista hommaa. Sain tehty\u00e4 pienen ryijyn kasviv\u00e4rj\u00e4tyist\u00e4 langoista.<\/p>\n\n\n\n<p>Seuraava jakso sis\u00e4lti kuvansiirto- ja kovetustekniikoita. Harmikseni olin tuossa v\u00e4liss\u00e4 kipe\u00e4n\u00e4 ja t\u00e4m\u00e4 j\u00e4i minulta kokematta. <\/p>\n\n\n\n<p>Kolmas paja oli punomista ja solmeilua eri materiaaleista. Teimme kierr\u00e4tyshuovasta istuinaluset. Harjoittelin my\u00f6s punomaan paperista eri tavoilla. T\u00e4st\u00e4 ehk\u00e4 tuonnempana kuvaa, kun saan ty\u00f6n kotosalla valmiiksi.. <br><br>Syyskuun alussa pienryhm\u00e4mme siirtyi kasviv\u00e4rj\u00e4yksen kurssille. Aloitimme ihan perusteista vaikka asiat olivat minulle ennest\u00e4\u00e4n tuttuja. Toin kouluun materiaaliksi pussin pakastettuja veriseitikkej\u00e4 ja v\u00e4rj\u00e4sin niill\u00e4 alpakka-silkki -lankaa.<\/p>\n\n\n\n<figure class=\"wp-block-gallery has-nested-images columns-default is-cropped wp-block-gallery-1 is-layout-flex wp-block-gallery-is-layout-flex\">\n<figure class=\"wp-block-image size-large\"><img loading=\"lazy\" decoding=\"async\" width=\"1920\" height=\"2560\" data-id=\"670\" src=\"https:\/\/blogit.gradia.fi\/hannisjarvinen-tdpt2104\/wp-content\/uploads\/sites\/235\/2022\/09\/20220901_114635-scaled-e1662276908165.jpg\" alt=\"\" class=\"wp-image-670\" srcset=\"https:\/\/blogit.gradia.fi\/hannisjarvinen-tdpt2104\/wp-content\/uploads\/sites\/235\/2022\/09\/20220901_114635-scaled-e1662276908165.jpg 1920w, https:\/\/blogit.gradia.fi\/hannisjarvinen-tdpt2104\/wp-content\/uploads\/sites\/235\/2022\/09\/20220901_114635-scaled-e1662276908165-225x300.jpg 225w, https:\/\/blogit.gradia.fi\/hannisjarvinen-tdpt2104\/wp-content\/uploads\/sites\/235\/2022\/09\/20220901_114635-scaled-e1662276908165-768x1024.jpg 768w, https:\/\/blogit.gradia.fi\/hannisjarvinen-tdpt2104\/wp-content\/uploads\/sites\/235\/2022\/09\/20220901_114635-scaled-e1662276908165-1152x1536.jpg 1152w, https:\/\/blogit.gradia.fi\/hannisjarvinen-tdpt2104\/wp-content\/uploads\/sites\/235\/2022\/09\/20220901_114635-scaled-e1662276908165-1536x2048.jpg 1536w\" sizes=\"auto, (max-width: 767px) 89vw, (max-width: 1000px) 54vw, (max-width: 1071px) 543px, 580px\" \/><figcaption>Sieni\u00e4 keitin tunnin ajan<\/figcaption><\/figure>\n\n\n\n<figure class=\"wp-block-image size-large\"><img loading=\"lazy\" decoding=\"async\" width=\"1920\" height=\"2560\" data-id=\"669\" src=\"https:\/\/blogit.gradia.fi\/hannisjarvinen-tdpt2104\/wp-content\/uploads\/sites\/235\/2022\/09\/20220901_114627-scaled-e1662276920812.jpg\" alt=\"\" class=\"wp-image-669\" srcset=\"https:\/\/blogit.gradia.fi\/hannisjarvinen-tdpt2104\/wp-content\/uploads\/sites\/235\/2022\/09\/20220901_114627-scaled-e1662276920812.jpg 1920w, https:\/\/blogit.gradia.fi\/hannisjarvinen-tdpt2104\/wp-content\/uploads\/sites\/235\/2022\/09\/20220901_114627-scaled-e1662276920812-225x300.jpg 225w, https:\/\/blogit.gradia.fi\/hannisjarvinen-tdpt2104\/wp-content\/uploads\/sites\/235\/2022\/09\/20220901_114627-scaled-e1662276920812-768x1024.jpg 768w, https:\/\/blogit.gradia.fi\/hannisjarvinen-tdpt2104\/wp-content\/uploads\/sites\/235\/2022\/09\/20220901_114627-scaled-e1662276920812-1152x1536.jpg 1152w, https:\/\/blogit.gradia.fi\/hannisjarvinen-tdpt2104\/wp-content\/uploads\/sites\/235\/2022\/09\/20220901_114627-scaled-e1662276920812-1536x2048.jpg 1536w\" sizes=\"auto, (max-width: 767px) 89vw, (max-width: 1000px) 54vw, (max-width: 1071px) 543px, 580px\" \/><figcaption>Samaan aikaan puretin lankaa alunavedess\u00e4<\/figcaption><\/figure>\n<\/figure>\n\n\n\n<figure class=\"wp-block-image size-large\"><img loading=\"lazy\" decoding=\"async\" width=\"768\" height=\"1024\" src=\"https:\/\/blogit.gradia.fi\/hannisjarvinen-tdpt2104\/wp-content\/uploads\/sites\/235\/2022\/09\/20220901_131614-scaled-e1662277127185-768x1024.jpg\" alt=\"\" class=\"wp-image-673\" srcset=\"https:\/\/blogit.gradia.fi\/hannisjarvinen-tdpt2104\/wp-content\/uploads\/sites\/235\/2022\/09\/20220901_131614-scaled-e1662277127185-768x1024.jpg 768w, https:\/\/blogit.gradia.fi\/hannisjarvinen-tdpt2104\/wp-content\/uploads\/sites\/235\/2022\/09\/20220901_131614-scaled-e1662277127185-225x300.jpg 225w, https:\/\/blogit.gradia.fi\/hannisjarvinen-tdpt2104\/wp-content\/uploads\/sites\/235\/2022\/09\/20220901_131614-scaled-e1662277127185-1152x1536.jpg 1152w, https:\/\/blogit.gradia.fi\/hannisjarvinen-tdpt2104\/wp-content\/uploads\/sites\/235\/2022\/09\/20220901_131614-scaled-e1662277127185-1536x2048.jpg 1536w, https:\/\/blogit.gradia.fi\/hannisjarvinen-tdpt2104\/wp-content\/uploads\/sites\/235\/2022\/09\/20220901_131614-scaled-e1662277127185.jpg 1920w\" sizes=\"auto, (max-width: 767px) 89vw, (max-width: 1000px) 54vw, (max-width: 1071px) 543px, 580px\" \/><figcaption>T\u00e4ss\u00e4 puretetut langat on siirretty siivil\u00f6ityyn v\u00e4riliemeen. L\u00e4mp\u00f6tila on maltillinen. J\u00e4tin langat y\u00f6ksi liemeen.<\/figcaption><\/figure>\n\n\n\n<figure class=\"wp-block-image size-large\"><img loading=\"lazy\" decoding=\"async\" width=\"1024\" height=\"768\" src=\"https:\/\/blogit.gradia.fi\/hannisjarvinen-tdpt2104\/wp-content\/uploads\/sites\/235\/2022\/09\/20220902_083702-1024x768.jpg\" alt=\"\" class=\"wp-image-671\" srcset=\"https:\/\/blogit.gradia.fi\/hannisjarvinen-tdpt2104\/wp-content\/uploads\/sites\/235\/2022\/09\/20220902_083702-1024x768.jpg 1024w, https:\/\/blogit.gradia.fi\/hannisjarvinen-tdpt2104\/wp-content\/uploads\/sites\/235\/2022\/09\/20220902_083702-300x225.jpg 300w, https:\/\/blogit.gradia.fi\/hannisjarvinen-tdpt2104\/wp-content\/uploads\/sites\/235\/2022\/09\/20220902_083702-768x576.jpg 768w, https:\/\/blogit.gradia.fi\/hannisjarvinen-tdpt2104\/wp-content\/uploads\/sites\/235\/2022\/09\/20220902_083702-1536x1152.jpg 1536w, https:\/\/blogit.gradia.fi\/hannisjarvinen-tdpt2104\/wp-content\/uploads\/sites\/235\/2022\/09\/20220902_083702-2048x1536.jpg 2048w\" sizes=\"auto, (max-width: 767px) 89vw, (max-width: 1000px) 54vw, (max-width: 1071px) 543px, 580px\" \/><figcaption>Aamulla huuhtelin langat. Saas n\u00e4hd\u00e4 millaisiksi tulevat kuivuttuaan.<\/figcaption><\/figure>\n\n\n\n<figure class=\"wp-block-image size-large\"><img loading=\"lazy\" decoding=\"async\" width=\"1024\" height=\"541\" src=\"https:\/\/blogit.gradia.fi\/hannisjarvinen-tdpt2104\/wp-content\/uploads\/sites\/235\/2022\/09\/20220902_084121-1-1024x541.jpg\" alt=\"\" class=\"wp-image-674\" srcset=\"https:\/\/blogit.gradia.fi\/hannisjarvinen-tdpt2104\/wp-content\/uploads\/sites\/235\/2022\/09\/20220902_084121-1-1024x541.jpg 1024w, https:\/\/blogit.gradia.fi\/hannisjarvinen-tdpt2104\/wp-content\/uploads\/sites\/235\/2022\/09\/20220902_084121-1-300x158.jpg 300w, https:\/\/blogit.gradia.fi\/hannisjarvinen-tdpt2104\/wp-content\/uploads\/sites\/235\/2022\/09\/20220902_084121-1-768x406.jpg 768w, https:\/\/blogit.gradia.fi\/hannisjarvinen-tdpt2104\/wp-content\/uploads\/sites\/235\/2022\/09\/20220902_084121-1-1536x811.jpg 1536w, https:\/\/blogit.gradia.fi\/hannisjarvinen-tdpt2104\/wp-content\/uploads\/sites\/235\/2022\/09\/20220902_084121-1-2048x1081.jpg 2048w\" sizes=\"auto, (max-width: 767px) 89vw, (max-width: 1000px) 54vw, (max-width: 1071px) 543px, 580px\" \/><figcaption>Vasemmalla liemi, jonka keitin sienist\u00e4 saadakseni kaiken v\u00e4rin irti ja oikealla lankojen v\u00e4rj\u00e4yksest\u00e4 j\u00e4\u00e4nyt j\u00e4lkiv\u00e4riliemi. N\u00e4m\u00e4 liemet yhdistin ja jatkan v\u00e4rj\u00e4yst\u00e4 ensi viikolla.<\/figcaption><\/figure>\n\n\n\n<p>Perjantaina 2.9. menimme koulusta <a href=\"https:\/\/www.facebook.com\/groups\/130297171519120\/?_rdr\" target=\"_blank\" rel=\"noreferrer noopener\">ARTAPESTRY6<\/a> kuvakudosn\u00e4yttelyyn Keski-Suomen museolle. N\u00e4yttely oli kiinnostava ja museossa oli muutakin n\u00e4ht\u00e4v\u00e4\u00e4.<\/p>\n\n\n\n<figure class=\"wp-block-image size-large\"><img loading=\"lazy\" decoding=\"async\" width=\"1024\" height=\"768\" src=\"https:\/\/blogit.gradia.fi\/hannisjarvinen-tdpt2104\/wp-content\/uploads\/sites\/235\/2022\/09\/20220902_120132-1024x768.jpg\" alt=\"\" class=\"wp-image-676\" srcset=\"https:\/\/blogit.gradia.fi\/hannisjarvinen-tdpt2104\/wp-content\/uploads\/sites\/235\/2022\/09\/20220902_120132-1024x768.jpg 1024w, https:\/\/blogit.gradia.fi\/hannisjarvinen-tdpt2104\/wp-content\/uploads\/sites\/235\/2022\/09\/20220902_120132-300x225.jpg 300w, https:\/\/blogit.gradia.fi\/hannisjarvinen-tdpt2104\/wp-content\/uploads\/sites\/235\/2022\/09\/20220902_120132-768x576.jpg 768w, https:\/\/blogit.gradia.fi\/hannisjarvinen-tdpt2104\/wp-content\/uploads\/sites\/235\/2022\/09\/20220902_120132-1536x1152.jpg 1536w, https:\/\/blogit.gradia.fi\/hannisjarvinen-tdpt2104\/wp-content\/uploads\/sites\/235\/2022\/09\/20220902_120132-2048x1536.jpg 2048w\" sizes=\"auto, (max-width: 767px) 89vw, (max-width: 1000px) 54vw, (max-width: 1071px) 543px, 580px\" \/><figcaption>Historiallista Jyv\u00e4skyl\u00e4\u00e4 esitt\u00e4v\u00e4 kartta museon keskikerroksessa.<\/figcaption><\/figure>\n\n\n\n<figure class=\"wp-block-image size-large\"><img loading=\"lazy\" decoding=\"async\" width=\"1024\" height=\"252\" src=\"https:\/\/blogit.gradia.fi\/hannisjarvinen-tdpt2104\/wp-content\/uploads\/sites\/235\/2022\/09\/20220902_121815-1024x252.jpg\" alt=\"\" class=\"wp-image-677\" srcset=\"https:\/\/blogit.gradia.fi\/hannisjarvinen-tdpt2104\/wp-content\/uploads\/sites\/235\/2022\/09\/20220902_121815-1024x252.jpg 1024w, https:\/\/blogit.gradia.fi\/hannisjarvinen-tdpt2104\/wp-content\/uploads\/sites\/235\/2022\/09\/20220902_121815-300x74.jpg 300w, https:\/\/blogit.gradia.fi\/hannisjarvinen-tdpt2104\/wp-content\/uploads\/sites\/235\/2022\/09\/20220902_121815-768x189.jpg 768w, https:\/\/blogit.gradia.fi\/hannisjarvinen-tdpt2104\/wp-content\/uploads\/sites\/235\/2022\/09\/20220902_121815-1536x377.jpg 1536w, https:\/\/blogit.gradia.fi\/hannisjarvinen-tdpt2104\/wp-content\/uploads\/sites\/235\/2022\/09\/20220902_121815-2048x503.jpg 2048w\" sizes=\"auto, (max-width: 767px) 89vw, (max-width: 1000px) 54vw, (max-width: 1071px) 543px, 580px\" \/><figcaption>Museossa oli paljon toinen toistaan mielenkiintoisempia kuvakudoksia.<\/figcaption><\/figure>\n\n\n\n<figure class=\"wp-block-image size-large\"><img loading=\"lazy\" decoding=\"async\" width=\"1024\" height=\"742\" src=\"https:\/\/blogit.gradia.fi\/hannisjarvinen-tdpt2104\/wp-content\/uploads\/sites\/235\/2022\/09\/20220902_122659-1024x742.jpg\" alt=\"\" class=\"wp-image-678\" srcset=\"https:\/\/blogit.gradia.fi\/hannisjarvinen-tdpt2104\/wp-content\/uploads\/sites\/235\/2022\/09\/20220902_122659-1024x742.jpg 1024w, https:\/\/blogit.gradia.fi\/hannisjarvinen-tdpt2104\/wp-content\/uploads\/sites\/235\/2022\/09\/20220902_122659-300x218.jpg 300w, https:\/\/blogit.gradia.fi\/hannisjarvinen-tdpt2104\/wp-content\/uploads\/sites\/235\/2022\/09\/20220902_122659-768x557.jpg 768w, https:\/\/blogit.gradia.fi\/hannisjarvinen-tdpt2104\/wp-content\/uploads\/sites\/235\/2022\/09\/20220902_122659-1536x1114.jpg 1536w, https:\/\/blogit.gradia.fi\/hannisjarvinen-tdpt2104\/wp-content\/uploads\/sites\/235\/2022\/09\/20220902_122659-2048x1485.jpg 2048w\" sizes=\"auto, (max-width: 767px) 89vw, (max-width: 1000px) 54vw, (max-width: 1071px) 543px, 580px\" \/><\/figure>\n","protected":false},"excerpt":{"rendered":"<p>Koulun syksy on alkanut erilaisiin tekniikkoihin tutustumisella. Yhdistetty ryhm\u00e4mme jaettiin kolmeen osaan ja n\u00e4iss\u00e4 pienryhmiss\u00e4 aloimme tutustumaan erilaisiin tekniikoihin muutaman p\u00e4iv\u00e4n jaksoissa. Pajat ovat olleet kiinnostavia, mutta niiden sis\u00e4lt\u00e4miin tekniikoihin olisi ollut mukavanpi paneutua hiukan pidemm\u00e4ksikin aikaa. Ensin opettelimme ryijyjen tekniikkaa, mik\u00e4 olikin minulle mielenkiintoista hommaa. Sain tehty\u00e4 pienen ryijyn kasviv\u00e4rj\u00e4tyist\u00e4 langoista. Seuraava jakso sis\u00e4lti &hellip; <\/p>\n<p class=\"link-more\"><a href=\"https:\/\/blogit.gradia.fi\/hannisjarvinen-tdpt2104\/2022\/09\/04\/koulun-pajat-alkavat\/\" class=\"more-link\">Jatka lukemista<span class=\"screen-reader-text\"> &#8221;Koulun pajat alkavat&#8221;<\/span><\/a><\/p>\n","protected":false},"author":771,"featured_media":0,"comment_status":"open","ping_status":"open","sticky":false,"template":"","format":"standard","meta":{"_uag_custom_page_level_css":"","footnotes":""},"categories":[8,1],"tags":[],"class_list":["post-668","post","type-post","status-publish","format-standard","hentry","category-varjays","category-yleinen"],"yoast_head":"<!-- This site is optimized with the Yoast SEO plugin v27.5 - https:\/\/yoast.com\/product\/yoast-seo-wordpress\/ -->\n<title>Koulun pajat alkavat - Oppimisp\u00e4iv\u00e4kirja<\/title>\n<meta name=\"robots\" content=\"index, follow, max-snippet:-1, max-image-preview:large, max-video-preview:-1\" \/>\n<link rel=\"canonical\" href=\"https:\/\/blogit.gradia.fi\/hannisjarvinen-tdpt2104\/2022\/09\/04\/koulun-pajat-alkavat\/\" \/>\n<meta property=\"og:locale\" content=\"fi_FI\" \/>\n<meta property=\"og:type\" content=\"article\" \/>\n<meta property=\"og:title\" content=\"Koulun pajat alkavat - Oppimisp\u00e4iv\u00e4kirja\" \/>\n<meta property=\"og:description\" content=\"Koulun syksy on alkanut erilaisiin tekniikkoihin tutustumisella. Yhdistetty ryhm\u00e4mme jaettiin kolmeen osaan ja n\u00e4iss\u00e4 pienryhmiss\u00e4 aloimme tutustumaan erilaisiin tekniikoihin muutaman p\u00e4iv\u00e4n jaksoissa. Pajat ovat olleet kiinnostavia, mutta niiden sis\u00e4lt\u00e4miin tekniikoihin olisi ollut mukavanpi paneutua hiukan pidemm\u00e4ksikin aikaa. Ensin opettelimme ryijyjen tekniikkaa, mik\u00e4 olikin minulle mielenkiintoista hommaa. Sain tehty\u00e4 pienen ryijyn kasviv\u00e4rj\u00e4tyist\u00e4 langoista. Seuraava jakso sis\u00e4lti &hellip; Jatka lukemista &quot;Koulun pajat alkavat&quot;\" \/>\n<meta property=\"og:url\" content=\"https:\/\/blogit.gradia.fi\/hannisjarvinen-tdpt2104\/2022\/09\/04\/koulun-pajat-alkavat\/\" \/>\n<meta property=\"og:site_name\" content=\"Oppimisp\u00e4iv\u00e4kirja\" \/>\n<meta property=\"article:published_time\" content=\"2022-09-04T08:26:44+00:00\" \/>\n<meta property=\"article:modified_time\" content=\"2022-09-04T08:32:48+00:00\" \/>\n<meta property=\"og:image\" content=\"https:\/\/blogit.gradia.fi\/hannisjarvinen-tdpt2104\/wp-content\/uploads\/sites\/235\/2022\/09\/20220901_114635-scaled-e1662276908165.jpg\" \/>\n<meta name=\"author\" content=\"Hannis J\u00e4rvinen\" \/>\n<meta name=\"twitter:card\" content=\"summary_large_image\" \/>\n<meta name=\"twitter:label1\" content=\"Kirjoittanut\" \/>\n\t<meta name=\"twitter:data1\" content=\"Hannis J\u00e4rvinen\" \/>\n\t<meta name=\"twitter:label2\" content=\"Arvioitu lukuaika\" \/>\n\t<meta name=\"twitter:data2\" content=\"3 minuuttia\" \/>\n<script type=\"application\/ld+json\" class=\"yoast-schema-graph\">{\"@context\":\"https:\\\/\\\/schema.org\",\"@graph\":[{\"@type\":\"Article\",\"@id\":\"https:\\\/\\\/blogit.gradia.fi\\\/hannisjarvinen-tdpt2104\\\/2022\\\/09\\\/04\\\/koulun-pajat-alkavat\\\/#article\",\"isPartOf\":{\"@id\":\"https:\\\/\\\/blogit.gradia.fi\\\/hannisjarvinen-tdpt2104\\\/2022\\\/09\\\/04\\\/koulun-pajat-alkavat\\\/\"},\"author\":{\"name\":\"Hannis J\u00e4rvinen\",\"@id\":\"https:\\\/\\\/blogit.gradia.fi\\\/hannisjarvinen-tdpt2104\\\/#\\\/schema\\\/person\\\/e011261e8d441be7cf033a749535de0c\"},\"headline\":\"Koulun pajat alkavat\",\"datePublished\":\"2022-09-04T08:26:44+00:00\",\"dateModified\":\"2022-09-04T08:32:48+00:00\",\"mainEntityOfPage\":{\"@id\":\"https:\\\/\\\/blogit.gradia.fi\\\/hannisjarvinen-tdpt2104\\\/2022\\\/09\\\/04\\\/koulun-pajat-alkavat\\\/\"},\"wordCount\":252,\"commentCount\":0,\"image\":{\"@id\":\"https:\\\/\\\/blogit.gradia.fi\\\/hannisjarvinen-tdpt2104\\\/2022\\\/09\\\/04\\\/koulun-pajat-alkavat\\\/#primaryimage\"},\"thumbnailUrl\":\"https:\\\/\\\/blogit.gradia.fi\\\/hannisjarvinen-tdpt2104\\\/wp-content\\\/uploads\\\/sites\\\/235\\\/2022\\\/09\\\/20220901_114635-scaled-e1662276908165.jpg\",\"articleSection\":[\"V\u00e4rj\u00e4ys\"],\"inLanguage\":\"fi\",\"potentialAction\":[{\"@type\":\"CommentAction\",\"name\":\"Comment\",\"target\":[\"https:\\\/\\\/blogit.gradia.fi\\\/hannisjarvinen-tdpt2104\\\/2022\\\/09\\\/04\\\/koulun-pajat-alkavat\\\/#respond\"]}]},{\"@type\":\"WebPage\",\"@id\":\"https:\\\/\\\/blogit.gradia.fi\\\/hannisjarvinen-tdpt2104\\\/2022\\\/09\\\/04\\\/koulun-pajat-alkavat\\\/\",\"url\":\"https:\\\/\\\/blogit.gradia.fi\\\/hannisjarvinen-tdpt2104\\\/2022\\\/09\\\/04\\\/koulun-pajat-alkavat\\\/\",\"name\":\"Koulun pajat alkavat - Oppimisp\u00e4iv\u00e4kirja\",\"isPartOf\":{\"@id\":\"https:\\\/\\\/blogit.gradia.fi\\\/hannisjarvinen-tdpt2104\\\/#website\"},\"primaryImageOfPage\":{\"@id\":\"https:\\\/\\\/blogit.gradia.fi\\\/hannisjarvinen-tdpt2104\\\/2022\\\/09\\\/04\\\/koulun-pajat-alkavat\\\/#primaryimage\"},\"image\":{\"@id\":\"https:\\\/\\\/blogit.gradia.fi\\\/hannisjarvinen-tdpt2104\\\/2022\\\/09\\\/04\\\/koulun-pajat-alkavat\\\/#primaryimage\"},\"thumbnailUrl\":\"https:\\\/\\\/blogit.gradia.fi\\\/hannisjarvinen-tdpt2104\\\/wp-content\\\/uploads\\\/sites\\\/235\\\/2022\\\/09\\\/20220901_114635-scaled-e1662276908165.jpg\",\"datePublished\":\"2022-09-04T08:26:44+00:00\",\"dateModified\":\"2022-09-04T08:32:48+00:00\",\"author\":{\"@id\":\"https:\\\/\\\/blogit.gradia.fi\\\/hannisjarvinen-tdpt2104\\\/#\\\/schema\\\/person\\\/e011261e8d441be7cf033a749535de0c\"},\"breadcrumb\":{\"@id\":\"https:\\\/\\\/blogit.gradia.fi\\\/hannisjarvinen-tdpt2104\\\/2022\\\/09\\\/04\\\/koulun-pajat-alkavat\\\/#breadcrumb\"},\"inLanguage\":\"fi\",\"potentialAction\":[{\"@type\":\"ReadAction\",\"target\":[\"https:\\\/\\\/blogit.gradia.fi\\\/hannisjarvinen-tdpt2104\\\/2022\\\/09\\\/04\\\/koulun-pajat-alkavat\\\/\"]}]},{\"@type\":\"ImageObject\",\"inLanguage\":\"fi\",\"@id\":\"https:\\\/\\\/blogit.gradia.fi\\\/hannisjarvinen-tdpt2104\\\/2022\\\/09\\\/04\\\/koulun-pajat-alkavat\\\/#primaryimage\",\"url\":\"https:\\\/\\\/blogit.gradia.fi\\\/hannisjarvinen-tdpt2104\\\/wp-content\\\/uploads\\\/sites\\\/235\\\/2022\\\/09\\\/20220901_114635-scaled-e1662276908165.jpg\",\"contentUrl\":\"https:\\\/\\\/blogit.gradia.fi\\\/hannisjarvinen-tdpt2104\\\/wp-content\\\/uploads\\\/sites\\\/235\\\/2022\\\/09\\\/20220901_114635-scaled-e1662276908165.jpg\",\"width\":1920,\"height\":2560},{\"@type\":\"BreadcrumbList\",\"@id\":\"https:\\\/\\\/blogit.gradia.fi\\\/hannisjarvinen-tdpt2104\\\/2022\\\/09\\\/04\\\/koulun-pajat-alkavat\\\/#breadcrumb\",\"itemListElement\":[{\"@type\":\"ListItem\",\"position\":1,\"name\":\"Etusivu\",\"item\":\"https:\\\/\\\/blogit.gradia.fi\\\/hannisjarvinen-tdpt2104\\\/\"},{\"@type\":\"ListItem\",\"position\":2,\"name\":\"Koulun pajat alkavat\"}]},{\"@type\":\"WebSite\",\"@id\":\"https:\\\/\\\/blogit.gradia.fi\\\/hannisjarvinen-tdpt2104\\\/#website\",\"url\":\"https:\\\/\\\/blogit.gradia.fi\\\/hannisjarvinen-tdpt2104\\\/\",\"name\":\"Oppimisp\u00e4iv\u00e4kirja\",\"description\":\"Hannis J\u00e4rvinen\",\"potentialAction\":[{\"@type\":\"SearchAction\",\"target\":{\"@type\":\"EntryPoint\",\"urlTemplate\":\"https:\\\/\\\/blogit.gradia.fi\\\/hannisjarvinen-tdpt2104\\\/?s={search_term_string}\"},\"query-input\":{\"@type\":\"PropertyValueSpecification\",\"valueRequired\":true,\"valueName\":\"search_term_string\"}}],\"inLanguage\":\"fi\"},{\"@type\":\"Person\",\"@id\":\"https:\\\/\\\/blogit.gradia.fi\\\/hannisjarvinen-tdpt2104\\\/#\\\/schema\\\/person\\\/e011261e8d441be7cf033a749535de0c\",\"name\":\"Hannis J\u00e4rvinen\",\"image\":{\"@type\":\"ImageObject\",\"inLanguage\":\"fi\",\"@id\":\"https:\\\/\\\/secure.gravatar.com\\\/avatar\\\/34ac6c536edfe2e363a0d57b1d24074e7abdca5a40940d30224c716c81d9b9ba?s=96&d=mm&r=g\",\"url\":\"https:\\\/\\\/secure.gravatar.com\\\/avatar\\\/34ac6c536edfe2e363a0d57b1d24074e7abdca5a40940d30224c716c81d9b9ba?s=96&d=mm&r=g\",\"contentUrl\":\"https:\\\/\\\/secure.gravatar.com\\\/avatar\\\/34ac6c536edfe2e363a0d57b1d24074e7abdca5a40940d30224c716c81d9b9ba?s=96&d=mm&r=g\",\"caption\":\"Hannis J\u00e4rvinen\"},\"url\":\"https:\\\/\\\/blogit.gradia.fi\\\/hannisjarvinen-tdpt2104\\\/author\\\/gr266238\\\/\"}]}<\/script>\n<!-- \/ Yoast SEO plugin. -->","yoast_head_json":{"title":"Koulun pajat alkavat - Oppimisp\u00e4iv\u00e4kirja","robots":{"index":"index","follow":"follow","max-snippet":"max-snippet:-1","max-image-preview":"max-image-preview:large","max-video-preview":"max-video-preview:-1"},"canonical":"https:\/\/blogit.gradia.fi\/hannisjarvinen-tdpt2104\/2022\/09\/04\/koulun-pajat-alkavat\/","og_locale":"fi_FI","og_type":"article","og_title":"Koulun pajat alkavat - Oppimisp\u00e4iv\u00e4kirja","og_description":"Koulun syksy on alkanut erilaisiin tekniikkoihin tutustumisella. Yhdistetty ryhm\u00e4mme jaettiin kolmeen osaan ja n\u00e4iss\u00e4 pienryhmiss\u00e4 aloimme tutustumaan erilaisiin tekniikoihin muutaman p\u00e4iv\u00e4n jaksoissa. Pajat ovat olleet kiinnostavia, mutta niiden sis\u00e4lt\u00e4miin tekniikoihin olisi ollut mukavanpi paneutua hiukan pidemm\u00e4ksikin aikaa. Ensin opettelimme ryijyjen tekniikkaa, mik\u00e4 olikin minulle mielenkiintoista hommaa. Sain tehty\u00e4 pienen ryijyn kasviv\u00e4rj\u00e4tyist\u00e4 langoista. Seuraava jakso sis\u00e4lti &hellip; Jatka lukemista \"Koulun pajat alkavat\"","og_url":"https:\/\/blogit.gradia.fi\/hannisjarvinen-tdpt2104\/2022\/09\/04\/koulun-pajat-alkavat\/","og_site_name":"Oppimisp\u00e4iv\u00e4kirja","article_published_time":"2022-09-04T08:26:44+00:00","article_modified_time":"2022-09-04T08:32:48+00:00","og_image":[{"url":"https:\/\/blogit.gradia.fi\/hannisjarvinen-tdpt2104\/wp-content\/uploads\/sites\/235\/2022\/09\/20220901_114635-scaled-e1662276908165.jpg","type":"","width":"","height":""}],"author":"Hannis J\u00e4rvinen","twitter_card":"summary_large_image","twitter_misc":{"Kirjoittanut":"Hannis J\u00e4rvinen","Arvioitu lukuaika":"3 minuuttia"},"schema":{"@context":"https:\/\/schema.org","@graph":[{"@type":"Article","@id":"https:\/\/blogit.gradia.fi\/hannisjarvinen-tdpt2104\/2022\/09\/04\/koulun-pajat-alkavat\/#article","isPartOf":{"@id":"https:\/\/blogit.gradia.fi\/hannisjarvinen-tdpt2104\/2022\/09\/04\/koulun-pajat-alkavat\/"},"author":{"name":"Hannis J\u00e4rvinen","@id":"https:\/\/blogit.gradia.fi\/hannisjarvinen-tdpt2104\/#\/schema\/person\/e011261e8d441be7cf033a749535de0c"},"headline":"Koulun pajat alkavat","datePublished":"2022-09-04T08:26:44+00:00","dateModified":"2022-09-04T08:32:48+00:00","mainEntityOfPage":{"@id":"https:\/\/blogit.gradia.fi\/hannisjarvinen-tdpt2104\/2022\/09\/04\/koulun-pajat-alkavat\/"},"wordCount":252,"commentCount":0,"image":{"@id":"https:\/\/blogit.gradia.fi\/hannisjarvinen-tdpt2104\/2022\/09\/04\/koulun-pajat-alkavat\/#primaryimage"},"thumbnailUrl":"https:\/\/blogit.gradia.fi\/hannisjarvinen-tdpt2104\/wp-content\/uploads\/sites\/235\/2022\/09\/20220901_114635-scaled-e1662276908165.jpg","articleSection":["V\u00e4rj\u00e4ys"],"inLanguage":"fi","potentialAction":[{"@type":"CommentAction","name":"Comment","target":["https:\/\/blogit.gradia.fi\/hannisjarvinen-tdpt2104\/2022\/09\/04\/koulun-pajat-alkavat\/#respond"]}]},{"@type":"WebPage","@id":"https:\/\/blogit.gradia.fi\/hannisjarvinen-tdpt2104\/2022\/09\/04\/koulun-pajat-alkavat\/","url":"https:\/\/blogit.gradia.fi\/hannisjarvinen-tdpt2104\/2022\/09\/04\/koulun-pajat-alkavat\/","name":"Koulun pajat alkavat - Oppimisp\u00e4iv\u00e4kirja","isPartOf":{"@id":"https:\/\/blogit.gradia.fi\/hannisjarvinen-tdpt2104\/#website"},"primaryImageOfPage":{"@id":"https:\/\/blogit.gradia.fi\/hannisjarvinen-tdpt2104\/2022\/09\/04\/koulun-pajat-alkavat\/#primaryimage"},"image":{"@id":"https:\/\/blogit.gradia.fi\/hannisjarvinen-tdpt2104\/2022\/09\/04\/koulun-pajat-alkavat\/#primaryimage"},"thumbnailUrl":"https:\/\/blogit.gradia.fi\/hannisjarvinen-tdpt2104\/wp-content\/uploads\/sites\/235\/2022\/09\/20220901_114635-scaled-e1662276908165.jpg","datePublished":"2022-09-04T08:26:44+00:00","dateModified":"2022-09-04T08:32:48+00:00","author":{"@id":"https:\/\/blogit.gradia.fi\/hannisjarvinen-tdpt2104\/#\/schema\/person\/e011261e8d441be7cf033a749535de0c"},"breadcrumb":{"@id":"https:\/\/blogit.gradia.fi\/hannisjarvinen-tdpt2104\/2022\/09\/04\/koulun-pajat-alkavat\/#breadcrumb"},"inLanguage":"fi","potentialAction":[{"@type":"ReadAction","target":["https:\/\/blogit.gradia.fi\/hannisjarvinen-tdpt2104\/2022\/09\/04\/koulun-pajat-alkavat\/"]}]},{"@type":"ImageObject","inLanguage":"fi","@id":"https:\/\/blogit.gradia.fi\/hannisjarvinen-tdpt2104\/2022\/09\/04\/koulun-pajat-alkavat\/#primaryimage","url":"https:\/\/blogit.gradia.fi\/hannisjarvinen-tdpt2104\/wp-content\/uploads\/sites\/235\/2022\/09\/20220901_114635-scaled-e1662276908165.jpg","contentUrl":"https:\/\/blogit.gradia.fi\/hannisjarvinen-tdpt2104\/wp-content\/uploads\/sites\/235\/2022\/09\/20220901_114635-scaled-e1662276908165.jpg","width":1920,"height":2560},{"@type":"BreadcrumbList","@id":"https:\/\/blogit.gradia.fi\/hannisjarvinen-tdpt2104\/2022\/09\/04\/koulun-pajat-alkavat\/#breadcrumb","itemListElement":[{"@type":"ListItem","position":1,"name":"Etusivu","item":"https:\/\/blogit.gradia.fi\/hannisjarvinen-tdpt2104\/"},{"@type":"ListItem","position":2,"name":"Koulun pajat alkavat"}]},{"@type":"WebSite","@id":"https:\/\/blogit.gradia.fi\/hannisjarvinen-tdpt2104\/#website","url":"https:\/\/blogit.gradia.fi\/hannisjarvinen-tdpt2104\/","name":"Oppimisp\u00e4iv\u00e4kirja","description":"Hannis J\u00e4rvinen","potentialAction":[{"@type":"SearchAction","target":{"@type":"EntryPoint","urlTemplate":"https:\/\/blogit.gradia.fi\/hannisjarvinen-tdpt2104\/?s={search_term_string}"},"query-input":{"@type":"PropertyValueSpecification","valueRequired":true,"valueName":"search_term_string"}}],"inLanguage":"fi"},{"@type":"Person","@id":"https:\/\/blogit.gradia.fi\/hannisjarvinen-tdpt2104\/#\/schema\/person\/e011261e8d441be7cf033a749535de0c","name":"Hannis J\u00e4rvinen","image":{"@type":"ImageObject","inLanguage":"fi","@id":"https:\/\/secure.gravatar.com\/avatar\/34ac6c536edfe2e363a0d57b1d24074e7abdca5a40940d30224c716c81d9b9ba?s=96&d=mm&r=g","url":"https:\/\/secure.gravatar.com\/avatar\/34ac6c536edfe2e363a0d57b1d24074e7abdca5a40940d30224c716c81d9b9ba?s=96&d=mm&r=g","contentUrl":"https:\/\/secure.gravatar.com\/avatar\/34ac6c536edfe2e363a0d57b1d24074e7abdca5a40940d30224c716c81d9b9ba?s=96&d=mm&r=g","caption":"Hannis J\u00e4rvinen"},"url":"https:\/\/blogit.gradia.fi\/hannisjarvinen-tdpt2104\/author\/gr266238\/"}]}},"uagb_featured_image_src":{"full":false,"thumbnail":false,"medium":false,"medium_large":false,"large":false,"1536x1536":false,"2048x2048":false,"twentyseventeen-featured-image":false,"twentyseventeen-thumbnail-avatar":false},"uagb_author_info":{"display_name":"Hannis J\u00e4rvinen","author_link":"https:\/\/blogit.gradia.fi\/hannisjarvinen-tdpt2104\/author\/gr266238\/"},"uagb_comment_info":0,"uagb_excerpt":"Koulun syksy on alkanut erilaisiin tekniikkoihin tutustumisella. Yhdistetty ryhm\u00e4mme jaettiin kolmeen osaan ja n\u00e4iss\u00e4 pienryhmiss\u00e4 aloimme tutustumaan erilaisiin tekniikoihin muutaman p\u00e4iv\u00e4n jaksoissa. Pajat ovat olleet kiinnostavia, mutta niiden sis\u00e4lt\u00e4miin tekniikoihin olisi ollut mukavanpi paneutua hiukan pidemm\u00e4ksikin aikaa. Ensin opettelimme ryijyjen tekniikkaa, mik\u00e4 olikin minulle mielenkiintoista hommaa. Sain tehty\u00e4 pienen ryijyn kasviv\u00e4rj\u00e4tyist\u00e4 langoista. Seuraava jakso sis\u00e4lti&hellip;","_links":{"self":[{"href":"https:\/\/blogit.gradia.fi\/hannisjarvinen-tdpt2104\/wp-json\/wp\/v2\/posts\/668","targetHints":{"allow":["GET"]}}],"collection":[{"href":"https:\/\/blogit.gradia.fi\/hannisjarvinen-tdpt2104\/wp-json\/wp\/v2\/posts"}],"about":[{"href":"https:\/\/blogit.gradia.fi\/hannisjarvinen-tdpt2104\/wp-json\/wp\/v2\/types\/post"}],"author":[{"embeddable":true,"href":"https:\/\/blogit.gradia.fi\/hannisjarvinen-tdpt2104\/wp-json\/wp\/v2\/users\/771"}],"replies":[{"embeddable":true,"href":"https:\/\/blogit.gradia.fi\/hannisjarvinen-tdpt2104\/wp-json\/wp\/v2\/comments?post=668"}],"version-history":[{"count":5,"href":"https:\/\/blogit.gradia.fi\/hannisjarvinen-tdpt2104\/wp-json\/wp\/v2\/posts\/668\/revisions"}],"predecessor-version":[{"id":683,"href":"https:\/\/blogit.gradia.fi\/hannisjarvinen-tdpt2104\/wp-json\/wp\/v2\/posts\/668\/revisions\/683"}],"wp:attachment":[{"href":"https:\/\/blogit.gradia.fi\/hannisjarvinen-tdpt2104\/wp-json\/wp\/v2\/media?parent=668"}],"wp:term":[{"taxonomy":"category","embeddable":true,"href":"https:\/\/blogit.gradia.fi\/hannisjarvinen-tdpt2104\/wp-json\/wp\/v2\/categories?post=668"},{"taxonomy":"post_tag","embeddable":true,"href":"https:\/\/blogit.gradia.fi\/hannisjarvinen-tdpt2104\/wp-json\/wp\/v2\/tags?post=668"}],"curies":[{"name":"wp","href":"https:\/\/api.w.org\/{rel}","templated":true}]}}