{"id":641,"date":"2022-08-26T19:47:27","date_gmt":"2022-08-26T16:47:27","guid":{"rendered":"https:\/\/blogit.gradia.fi\/hannisjarvinen-tdpt2104\/?p=641"},"modified":"2022-08-26T19:48:38","modified_gmt":"2022-08-26T16:48:38","slug":"printin-suunnittelu-ja-vektorointi","status":"publish","type":"post","link":"https:\/\/blogit.gradia.fi\/hannisjarvinen-tdpt2104\/2022\/08\/26\/printin-suunnittelu-ja-vektorointi\/","title":{"rendered":"Printin suunnittelu ja vektorointi"},"content":{"rendered":"\n<p>Koulun alussa aloitimme omien painokuosien suunnittelun Adobe Illustratorilla.<br>Suurin osa ajasta on mennyt itse ohjelman opetteluun, kun se ei ole minulle ennest\u00e4\u00e4n tuttu. <\/p>\n\n\n\n<figure class=\"wp-block-image size-full is-resized\"><img loading=\"lazy\" decoding=\"async\" src=\"https:\/\/blogit.gradia.fi\/hannisjarvinen-tdpt2104\/wp-content\/uploads\/sites\/235\/2022\/08\/Screenshot-2022-08-26-175232.png\" alt=\"\" class=\"wp-image-663\" width=\"674\" height=\"455\" srcset=\"https:\/\/blogit.gradia.fi\/hannisjarvinen-tdpt2104\/wp-content\/uploads\/sites\/235\/2022\/08\/Screenshot-2022-08-26-175232.png 800w, https:\/\/blogit.gradia.fi\/hannisjarvinen-tdpt2104\/wp-content\/uploads\/sites\/235\/2022\/08\/Screenshot-2022-08-26-175232-300x203.png 300w, https:\/\/blogit.gradia.fi\/hannisjarvinen-tdpt2104\/wp-content\/uploads\/sites\/235\/2022\/08\/Screenshot-2022-08-26-175232-768x519.png 768w\" sizes=\"auto, (max-width: 674px) 100vw, 674px\" \/><figcaption>Tunnilla harjoituksena piirretty joutsen<\/figcaption><\/figure>\n\n\n\n<p>Piirtelin ulkona syksyn kukkasia ja valokuvasin piirustukset. T\u00e4m\u00e4n j\u00e4lkeen muokkasin kuvat Photoshopilla muotoon, jossa ne on helpompi vektoroida Illustratorilla.<\/p>\n\n\n\n<figure class=\"wp-block-image size-full\"><img loading=\"lazy\" decoding=\"async\" width=\"616\" height=\"724\" src=\"https:\/\/blogit.gradia.fi\/hannisjarvinen-tdpt2104\/wp-content\/uploads\/sites\/235\/2022\/08\/Screenshot-2022-08-26-175027.png\" alt=\"\" class=\"wp-image-662\" srcset=\"https:\/\/blogit.gradia.fi\/hannisjarvinen-tdpt2104\/wp-content\/uploads\/sites\/235\/2022\/08\/Screenshot-2022-08-26-175027.png 616w, https:\/\/blogit.gradia.fi\/hannisjarvinen-tdpt2104\/wp-content\/uploads\/sites\/235\/2022\/08\/Screenshot-2022-08-26-175027-255x300.png 255w\" sizes=\"auto, (max-width: 616px) 100vw, 616px\" \/><figcaption>N\u00e4iden punahattujen kanssa s\u00e4\u00e4din melko pitk\u00e4\u00e4n opetellessani ohjelmaa.<\/figcaption><\/figure>\n\n\n\n<p>T\u00e4n\u00e4\u00e4n laitoin opettajalle s\u00e4hk\u00f6postia ja kysyin, kuinka saan kotikoneella k\u00e4ytetty\u00e4 Illustratoria. Sainkin et\u00e4yhteyden koulun palvelimeen ja sit\u00e4 kautta Illiustratorin k\u00e4ytt\u00f6\u00f6ni. Ensit\u00f6ikseni kokeilin kes\u00e4ll\u00e4 piirt\u00e4m\u00e4ni vesiv\u00e4rity\u00f6n muokkaamista vektoreiksi<\/p>\n\n\n\n<figure class=\"wp-block-gallery has-nested-images columns-default is-cropped wp-block-gallery-1 is-layout-flex wp-block-gallery-is-layout-flex\">\n<figure class=\"wp-block-image size-large\"><img loading=\"lazy\" decoding=\"async\" width=\"1920\" height=\"2560\" data-id=\"639\" src=\"https:\/\/blogit.gradia.fi\/hannisjarvinen-tdpt2104\/wp-content\/uploads\/sites\/235\/2022\/08\/20220629_180211-scaled-e1661506928197.jpg\" alt=\"\" class=\"wp-image-639\" srcset=\"https:\/\/blogit.gradia.fi\/hannisjarvinen-tdpt2104\/wp-content\/uploads\/sites\/235\/2022\/08\/20220629_180211-scaled-e1661506928197.jpg 1920w, https:\/\/blogit.gradia.fi\/hannisjarvinen-tdpt2104\/wp-content\/uploads\/sites\/235\/2022\/08\/20220629_180211-scaled-e1661506928197-225x300.jpg 225w, https:\/\/blogit.gradia.fi\/hannisjarvinen-tdpt2104\/wp-content\/uploads\/sites\/235\/2022\/08\/20220629_180211-scaled-e1661506928197-768x1024.jpg 768w, https:\/\/blogit.gradia.fi\/hannisjarvinen-tdpt2104\/wp-content\/uploads\/sites\/235\/2022\/08\/20220629_180211-scaled-e1661506928197-1152x1536.jpg 1152w, https:\/\/blogit.gradia.fi\/hannisjarvinen-tdpt2104\/wp-content\/uploads\/sites\/235\/2022\/08\/20220629_180211-scaled-e1661506928197-1536x2048.jpg 1536w\" sizes=\"auto, (max-width: 767px) 89vw, (max-width: 1000px) 54vw, (max-width: 1071px) 543px, 580px\" \/><\/figure>\n\n\n\n<figure class=\"wp-block-image size-large\"><img loading=\"lazy\" decoding=\"async\" width=\"488\" height=\"690\" data-id=\"632\" src=\"https:\/\/blogit.gradia.fi\/hannisjarvinen-tdpt2104\/wp-content\/uploads\/sites\/235\/2022\/08\/image.png\" alt=\"\" class=\"wp-image-632\" srcset=\"https:\/\/blogit.gradia.fi\/hannisjarvinen-tdpt2104\/wp-content\/uploads\/sites\/235\/2022\/08\/image.png 488w, https:\/\/blogit.gradia.fi\/hannisjarvinen-tdpt2104\/wp-content\/uploads\/sites\/235\/2022\/08\/image-212x300.png 212w\" sizes=\"auto, (max-width: 488px) 100vw, 488px\" \/><\/figure>\n<\/figure>\n\n\n\n<div class=\"wp-block-media-text alignwide is-stacked-on-mobile\"><figure class=\"wp-block-media-text__media\"><img loading=\"lazy\" decoding=\"async\" width=\"498\" height=\"714\" src=\"https:\/\/blogit.gradia.fi\/hannisjarvinen-tdpt2104\/wp-content\/uploads\/sites\/235\/2022\/08\/Screenshot-2022-08-26-174204.png\" alt=\"\" class=\"wp-image-660 size-full\" srcset=\"https:\/\/blogit.gradia.fi\/hannisjarvinen-tdpt2104\/wp-content\/uploads\/sites\/235\/2022\/08\/Screenshot-2022-08-26-174204.png 498w, https:\/\/blogit.gradia.fi\/hannisjarvinen-tdpt2104\/wp-content\/uploads\/sites\/235\/2022\/08\/Screenshot-2022-08-26-174204-209x300.png 209w\" sizes=\"auto, (max-width: 498px) 100vw, 498px\" \/><\/figure><div class=\"wp-block-media-text__content\">\n<p>Peilasin ja monistin kuvaa.<br>Kankaan kuosina t\u00e4m\u00e4 olisi aika romanttinen.<\/p>\n<\/div><\/div>\n\n\n<div class=\"wp-block-image\">\n<figure class=\"alignright\"><img loading=\"lazy\" decoding=\"async\" width=\"1024\" height=\"591\" src=\"https:\/\/blogit.gradia.fi\/hannisjarvinen-tdpt2104\/wp-content\/uploads\/sites\/235\/2022\/08\/Screenshot-2022-08-26-173550-1024x591.png\" alt=\"\" class=\"wp-image-658\" srcset=\"https:\/\/blogit.gradia.fi\/hannisjarvinen-tdpt2104\/wp-content\/uploads\/sites\/235\/2022\/08\/Screenshot-2022-08-26-173550-1024x591.png 1024w, https:\/\/blogit.gradia.fi\/hannisjarvinen-tdpt2104\/wp-content\/uploads\/sites\/235\/2022\/08\/Screenshot-2022-08-26-173550-300x173.png 300w, https:\/\/blogit.gradia.fi\/hannisjarvinen-tdpt2104\/wp-content\/uploads\/sites\/235\/2022\/08\/Screenshot-2022-08-26-173550-768x443.png 768w, https:\/\/blogit.gradia.fi\/hannisjarvinen-tdpt2104\/wp-content\/uploads\/sites\/235\/2022\/08\/Screenshot-2022-08-26-173550.png 1417w\" sizes=\"auto, (max-width: 767px) 89vw, (max-width: 1000px) 54vw, (max-width: 1071px) 543px, 580px\" \/><\/figure>\n<\/div>","protected":false},"excerpt":{"rendered":"<p>Koulun alussa aloitimme omien painokuosien suunnittelun Adobe Illustratorilla.Suurin osa ajasta on mennyt itse ohjelman opetteluun, kun se ei ole minulle ennest\u00e4\u00e4n tuttu. Piirtelin ulkona syksyn kukkasia ja valokuvasin piirustukset. T\u00e4m\u00e4n j\u00e4lkeen muokkasin kuvat Photoshopilla muotoon, jossa ne on helpompi vektoroida Illustratorilla. T\u00e4n\u00e4\u00e4n laitoin opettajalle s\u00e4hk\u00f6postia ja kysyin, kuinka saan kotikoneella k\u00e4ytetty\u00e4 Illustratoria. Sainkin et\u00e4yhteyden koulun &hellip; <\/p>\n<p class=\"link-more\"><a href=\"https:\/\/blogit.gradia.fi\/hannisjarvinen-tdpt2104\/2022\/08\/26\/printin-suunnittelu-ja-vektorointi\/\" class=\"more-link\">Jatka lukemista<span class=\"screen-reader-text\"> &#8221;Printin suunnittelu ja vektorointi&#8221;<\/span><\/a><\/p>\n","protected":false},"author":771,"featured_media":0,"comment_status":"open","ping_status":"open","sticky":false,"template":"","format":"standard","meta":{"_uag_custom_page_level_css":"","footnotes":""},"categories":[3],"tags":[],"class_list":["post-641","post","type-post","status-publish","format-standard","hentry","category-kuvataide"],"yoast_head":"<!-- This site is optimized with the Yoast SEO plugin v27.5 - https:\/\/yoast.com\/product\/yoast-seo-wordpress\/ -->\n<title>Printin suunnittelu ja vektorointi - Oppimisp\u00e4iv\u00e4kirja<\/title>\n<meta name=\"robots\" content=\"index, follow, max-snippet:-1, max-image-preview:large, max-video-preview:-1\" \/>\n<link rel=\"canonical\" href=\"https:\/\/blogit.gradia.fi\/hannisjarvinen-tdpt2104\/2022\/08\/26\/printin-suunnittelu-ja-vektorointi\/\" \/>\n<meta property=\"og:locale\" content=\"fi_FI\" \/>\n<meta property=\"og:type\" content=\"article\" \/>\n<meta property=\"og:title\" content=\"Printin suunnittelu ja vektorointi - Oppimisp\u00e4iv\u00e4kirja\" \/>\n<meta property=\"og:description\" content=\"Koulun alussa aloitimme omien painokuosien suunnittelun Adobe Illustratorilla.Suurin osa ajasta on mennyt itse ohjelman opetteluun, kun se ei ole minulle ennest\u00e4\u00e4n tuttu. Piirtelin ulkona syksyn kukkasia ja valokuvasin piirustukset. T\u00e4m\u00e4n j\u00e4lkeen muokkasin kuvat Photoshopilla muotoon, jossa ne on helpompi vektoroida Illustratorilla. T\u00e4n\u00e4\u00e4n laitoin opettajalle s\u00e4hk\u00f6postia ja kysyin, kuinka saan kotikoneella k\u00e4ytetty\u00e4 Illustratoria. Sainkin et\u00e4yhteyden koulun &hellip; Jatka lukemista &quot;Printin suunnittelu ja vektorointi&quot;\" \/>\n<meta property=\"og:url\" content=\"https:\/\/blogit.gradia.fi\/hannisjarvinen-tdpt2104\/2022\/08\/26\/printin-suunnittelu-ja-vektorointi\/\" \/>\n<meta property=\"og:site_name\" content=\"Oppimisp\u00e4iv\u00e4kirja\" \/>\n<meta property=\"article:published_time\" content=\"2022-08-26T16:47:27+00:00\" \/>\n<meta property=\"article:modified_time\" content=\"2022-08-26T16:48:38+00:00\" \/>\n<meta property=\"og:image\" content=\"https:\/\/blogit.gradia.fi\/hannisjarvinen-tdpt2104\/wp-content\/uploads\/sites\/235\/2022\/08\/Screenshot-2022-08-26-175232.png\" \/>\n<meta name=\"author\" content=\"Hannis J\u00e4rvinen\" \/>\n<meta name=\"twitter:card\" content=\"summary_large_image\" \/>\n<meta name=\"twitter:label1\" content=\"Kirjoittanut\" \/>\n\t<meta name=\"twitter:data1\" content=\"Hannis J\u00e4rvinen\" \/>\n\t<meta name=\"twitter:label2\" content=\"Arvioitu lukuaika\" \/>\n\t<meta name=\"twitter:data2\" content=\"2 minuuttia\" \/>\n<script type=\"application\/ld+json\" class=\"yoast-schema-graph\">{\"@context\":\"https:\\\/\\\/schema.org\",\"@graph\":[{\"@type\":\"Article\",\"@id\":\"https:\\\/\\\/blogit.gradia.fi\\\/hannisjarvinen-tdpt2104\\\/2022\\\/08\\\/26\\\/printin-suunnittelu-ja-vektorointi\\\/#article\",\"isPartOf\":{\"@id\":\"https:\\\/\\\/blogit.gradia.fi\\\/hannisjarvinen-tdpt2104\\\/2022\\\/08\\\/26\\\/printin-suunnittelu-ja-vektorointi\\\/\"},\"author\":{\"name\":\"Hannis J\u00e4rvinen\",\"@id\":\"https:\\\/\\\/blogit.gradia.fi\\\/hannisjarvinen-tdpt2104\\\/#\\\/schema\\\/person\\\/e011261e8d441be7cf033a749535de0c\"},\"headline\":\"Printin suunnittelu ja vektorointi\",\"datePublished\":\"2022-08-26T16:47:27+00:00\",\"dateModified\":\"2022-08-26T16:48:38+00:00\",\"mainEntityOfPage\":{\"@id\":\"https:\\\/\\\/blogit.gradia.fi\\\/hannisjarvinen-tdpt2104\\\/2022\\\/08\\\/26\\\/printin-suunnittelu-ja-vektorointi\\\/\"},\"wordCount\":117,\"commentCount\":0,\"image\":{\"@id\":\"https:\\\/\\\/blogit.gradia.fi\\\/hannisjarvinen-tdpt2104\\\/2022\\\/08\\\/26\\\/printin-suunnittelu-ja-vektorointi\\\/#primaryimage\"},\"thumbnailUrl\":\"https:\\\/\\\/blogit.gradia.fi\\\/hannisjarvinen-tdpt2104\\\/wp-content\\\/uploads\\\/sites\\\/235\\\/2022\\\/08\\\/Screenshot-2022-08-26-175232.png\",\"articleSection\":[\"Kuvataide\"],\"inLanguage\":\"fi\",\"potentialAction\":[{\"@type\":\"CommentAction\",\"name\":\"Comment\",\"target\":[\"https:\\\/\\\/blogit.gradia.fi\\\/hannisjarvinen-tdpt2104\\\/2022\\\/08\\\/26\\\/printin-suunnittelu-ja-vektorointi\\\/#respond\"]}]},{\"@type\":\"WebPage\",\"@id\":\"https:\\\/\\\/blogit.gradia.fi\\\/hannisjarvinen-tdpt2104\\\/2022\\\/08\\\/26\\\/printin-suunnittelu-ja-vektorointi\\\/\",\"url\":\"https:\\\/\\\/blogit.gradia.fi\\\/hannisjarvinen-tdpt2104\\\/2022\\\/08\\\/26\\\/printin-suunnittelu-ja-vektorointi\\\/\",\"name\":\"Printin suunnittelu ja vektorointi - Oppimisp\u00e4iv\u00e4kirja\",\"isPartOf\":{\"@id\":\"https:\\\/\\\/blogit.gradia.fi\\\/hannisjarvinen-tdpt2104\\\/#website\"},\"primaryImageOfPage\":{\"@id\":\"https:\\\/\\\/blogit.gradia.fi\\\/hannisjarvinen-tdpt2104\\\/2022\\\/08\\\/26\\\/printin-suunnittelu-ja-vektorointi\\\/#primaryimage\"},\"image\":{\"@id\":\"https:\\\/\\\/blogit.gradia.fi\\\/hannisjarvinen-tdpt2104\\\/2022\\\/08\\\/26\\\/printin-suunnittelu-ja-vektorointi\\\/#primaryimage\"},\"thumbnailUrl\":\"https:\\\/\\\/blogit.gradia.fi\\\/hannisjarvinen-tdpt2104\\\/wp-content\\\/uploads\\\/sites\\\/235\\\/2022\\\/08\\\/Screenshot-2022-08-26-175232.png\",\"datePublished\":\"2022-08-26T16:47:27+00:00\",\"dateModified\":\"2022-08-26T16:48:38+00:00\",\"author\":{\"@id\":\"https:\\\/\\\/blogit.gradia.fi\\\/hannisjarvinen-tdpt2104\\\/#\\\/schema\\\/person\\\/e011261e8d441be7cf033a749535de0c\"},\"breadcrumb\":{\"@id\":\"https:\\\/\\\/blogit.gradia.fi\\\/hannisjarvinen-tdpt2104\\\/2022\\\/08\\\/26\\\/printin-suunnittelu-ja-vektorointi\\\/#breadcrumb\"},\"inLanguage\":\"fi\",\"potentialAction\":[{\"@type\":\"ReadAction\",\"target\":[\"https:\\\/\\\/blogit.gradia.fi\\\/hannisjarvinen-tdpt2104\\\/2022\\\/08\\\/26\\\/printin-suunnittelu-ja-vektorointi\\\/\"]}]},{\"@type\":\"ImageObject\",\"inLanguage\":\"fi\",\"@id\":\"https:\\\/\\\/blogit.gradia.fi\\\/hannisjarvinen-tdpt2104\\\/2022\\\/08\\\/26\\\/printin-suunnittelu-ja-vektorointi\\\/#primaryimage\",\"url\":\"https:\\\/\\\/blogit.gradia.fi\\\/hannisjarvinen-tdpt2104\\\/wp-content\\\/uploads\\\/sites\\\/235\\\/2022\\\/08\\\/Screenshot-2022-08-26-175232.png\",\"contentUrl\":\"https:\\\/\\\/blogit.gradia.fi\\\/hannisjarvinen-tdpt2104\\\/wp-content\\\/uploads\\\/sites\\\/235\\\/2022\\\/08\\\/Screenshot-2022-08-26-175232.png\",\"width\":800,\"height\":541},{\"@type\":\"BreadcrumbList\",\"@id\":\"https:\\\/\\\/blogit.gradia.fi\\\/hannisjarvinen-tdpt2104\\\/2022\\\/08\\\/26\\\/printin-suunnittelu-ja-vektorointi\\\/#breadcrumb\",\"itemListElement\":[{\"@type\":\"ListItem\",\"position\":1,\"name\":\"Etusivu\",\"item\":\"https:\\\/\\\/blogit.gradia.fi\\\/hannisjarvinen-tdpt2104\\\/\"},{\"@type\":\"ListItem\",\"position\":2,\"name\":\"Printin suunnittelu ja vektorointi\"}]},{\"@type\":\"WebSite\",\"@id\":\"https:\\\/\\\/blogit.gradia.fi\\\/hannisjarvinen-tdpt2104\\\/#website\",\"url\":\"https:\\\/\\\/blogit.gradia.fi\\\/hannisjarvinen-tdpt2104\\\/\",\"name\":\"Oppimisp\u00e4iv\u00e4kirja\",\"description\":\"Hannis J\u00e4rvinen\",\"potentialAction\":[{\"@type\":\"SearchAction\",\"target\":{\"@type\":\"EntryPoint\",\"urlTemplate\":\"https:\\\/\\\/blogit.gradia.fi\\\/hannisjarvinen-tdpt2104\\\/?s={search_term_string}\"},\"query-input\":{\"@type\":\"PropertyValueSpecification\",\"valueRequired\":true,\"valueName\":\"search_term_string\"}}],\"inLanguage\":\"fi\"},{\"@type\":\"Person\",\"@id\":\"https:\\\/\\\/blogit.gradia.fi\\\/hannisjarvinen-tdpt2104\\\/#\\\/schema\\\/person\\\/e011261e8d441be7cf033a749535de0c\",\"name\":\"Hannis J\u00e4rvinen\",\"image\":{\"@type\":\"ImageObject\",\"inLanguage\":\"fi\",\"@id\":\"https:\\\/\\\/secure.gravatar.com\\\/avatar\\\/34ac6c536edfe2e363a0d57b1d24074e7abdca5a40940d30224c716c81d9b9ba?s=96&d=mm&r=g\",\"url\":\"https:\\\/\\\/secure.gravatar.com\\\/avatar\\\/34ac6c536edfe2e363a0d57b1d24074e7abdca5a40940d30224c716c81d9b9ba?s=96&d=mm&r=g\",\"contentUrl\":\"https:\\\/\\\/secure.gravatar.com\\\/avatar\\\/34ac6c536edfe2e363a0d57b1d24074e7abdca5a40940d30224c716c81d9b9ba?s=96&d=mm&r=g\",\"caption\":\"Hannis J\u00e4rvinen\"},\"url\":\"https:\\\/\\\/blogit.gradia.fi\\\/hannisjarvinen-tdpt2104\\\/author\\\/gr266238\\\/\"}]}<\/script>\n<!-- \/ Yoast SEO plugin. -->","yoast_head_json":{"title":"Printin suunnittelu ja vektorointi - Oppimisp\u00e4iv\u00e4kirja","robots":{"index":"index","follow":"follow","max-snippet":"max-snippet:-1","max-image-preview":"max-image-preview:large","max-video-preview":"max-video-preview:-1"},"canonical":"https:\/\/blogit.gradia.fi\/hannisjarvinen-tdpt2104\/2022\/08\/26\/printin-suunnittelu-ja-vektorointi\/","og_locale":"fi_FI","og_type":"article","og_title":"Printin suunnittelu ja vektorointi - Oppimisp\u00e4iv\u00e4kirja","og_description":"Koulun alussa aloitimme omien painokuosien suunnittelun Adobe Illustratorilla.Suurin osa ajasta on mennyt itse ohjelman opetteluun, kun se ei ole minulle ennest\u00e4\u00e4n tuttu. Piirtelin ulkona syksyn kukkasia ja valokuvasin piirustukset. T\u00e4m\u00e4n j\u00e4lkeen muokkasin kuvat Photoshopilla muotoon, jossa ne on helpompi vektoroida Illustratorilla. T\u00e4n\u00e4\u00e4n laitoin opettajalle s\u00e4hk\u00f6postia ja kysyin, kuinka saan kotikoneella k\u00e4ytetty\u00e4 Illustratoria. Sainkin et\u00e4yhteyden koulun &hellip; Jatka lukemista \"Printin suunnittelu ja vektorointi\"","og_url":"https:\/\/blogit.gradia.fi\/hannisjarvinen-tdpt2104\/2022\/08\/26\/printin-suunnittelu-ja-vektorointi\/","og_site_name":"Oppimisp\u00e4iv\u00e4kirja","article_published_time":"2022-08-26T16:47:27+00:00","article_modified_time":"2022-08-26T16:48:38+00:00","og_image":[{"url":"https:\/\/blogit.gradia.fi\/hannisjarvinen-tdpt2104\/wp-content\/uploads\/sites\/235\/2022\/08\/Screenshot-2022-08-26-175232.png","type":"","width":"","height":""}],"author":"Hannis J\u00e4rvinen","twitter_card":"summary_large_image","twitter_misc":{"Kirjoittanut":"Hannis J\u00e4rvinen","Arvioitu lukuaika":"2 minuuttia"},"schema":{"@context":"https:\/\/schema.org","@graph":[{"@type":"Article","@id":"https:\/\/blogit.gradia.fi\/hannisjarvinen-tdpt2104\/2022\/08\/26\/printin-suunnittelu-ja-vektorointi\/#article","isPartOf":{"@id":"https:\/\/blogit.gradia.fi\/hannisjarvinen-tdpt2104\/2022\/08\/26\/printin-suunnittelu-ja-vektorointi\/"},"author":{"name":"Hannis J\u00e4rvinen","@id":"https:\/\/blogit.gradia.fi\/hannisjarvinen-tdpt2104\/#\/schema\/person\/e011261e8d441be7cf033a749535de0c"},"headline":"Printin suunnittelu ja vektorointi","datePublished":"2022-08-26T16:47:27+00:00","dateModified":"2022-08-26T16:48:38+00:00","mainEntityOfPage":{"@id":"https:\/\/blogit.gradia.fi\/hannisjarvinen-tdpt2104\/2022\/08\/26\/printin-suunnittelu-ja-vektorointi\/"},"wordCount":117,"commentCount":0,"image":{"@id":"https:\/\/blogit.gradia.fi\/hannisjarvinen-tdpt2104\/2022\/08\/26\/printin-suunnittelu-ja-vektorointi\/#primaryimage"},"thumbnailUrl":"https:\/\/blogit.gradia.fi\/hannisjarvinen-tdpt2104\/wp-content\/uploads\/sites\/235\/2022\/08\/Screenshot-2022-08-26-175232.png","articleSection":["Kuvataide"],"inLanguage":"fi","potentialAction":[{"@type":"CommentAction","name":"Comment","target":["https:\/\/blogit.gradia.fi\/hannisjarvinen-tdpt2104\/2022\/08\/26\/printin-suunnittelu-ja-vektorointi\/#respond"]}]},{"@type":"WebPage","@id":"https:\/\/blogit.gradia.fi\/hannisjarvinen-tdpt2104\/2022\/08\/26\/printin-suunnittelu-ja-vektorointi\/","url":"https:\/\/blogit.gradia.fi\/hannisjarvinen-tdpt2104\/2022\/08\/26\/printin-suunnittelu-ja-vektorointi\/","name":"Printin suunnittelu ja vektorointi - Oppimisp\u00e4iv\u00e4kirja","isPartOf":{"@id":"https:\/\/blogit.gradia.fi\/hannisjarvinen-tdpt2104\/#website"},"primaryImageOfPage":{"@id":"https:\/\/blogit.gradia.fi\/hannisjarvinen-tdpt2104\/2022\/08\/26\/printin-suunnittelu-ja-vektorointi\/#primaryimage"},"image":{"@id":"https:\/\/blogit.gradia.fi\/hannisjarvinen-tdpt2104\/2022\/08\/26\/printin-suunnittelu-ja-vektorointi\/#primaryimage"},"thumbnailUrl":"https:\/\/blogit.gradia.fi\/hannisjarvinen-tdpt2104\/wp-content\/uploads\/sites\/235\/2022\/08\/Screenshot-2022-08-26-175232.png","datePublished":"2022-08-26T16:47:27+00:00","dateModified":"2022-08-26T16:48:38+00:00","author":{"@id":"https:\/\/blogit.gradia.fi\/hannisjarvinen-tdpt2104\/#\/schema\/person\/e011261e8d441be7cf033a749535de0c"},"breadcrumb":{"@id":"https:\/\/blogit.gradia.fi\/hannisjarvinen-tdpt2104\/2022\/08\/26\/printin-suunnittelu-ja-vektorointi\/#breadcrumb"},"inLanguage":"fi","potentialAction":[{"@type":"ReadAction","target":["https:\/\/blogit.gradia.fi\/hannisjarvinen-tdpt2104\/2022\/08\/26\/printin-suunnittelu-ja-vektorointi\/"]}]},{"@type":"ImageObject","inLanguage":"fi","@id":"https:\/\/blogit.gradia.fi\/hannisjarvinen-tdpt2104\/2022\/08\/26\/printin-suunnittelu-ja-vektorointi\/#primaryimage","url":"https:\/\/blogit.gradia.fi\/hannisjarvinen-tdpt2104\/wp-content\/uploads\/sites\/235\/2022\/08\/Screenshot-2022-08-26-175232.png","contentUrl":"https:\/\/blogit.gradia.fi\/hannisjarvinen-tdpt2104\/wp-content\/uploads\/sites\/235\/2022\/08\/Screenshot-2022-08-26-175232.png","width":800,"height":541},{"@type":"BreadcrumbList","@id":"https:\/\/blogit.gradia.fi\/hannisjarvinen-tdpt2104\/2022\/08\/26\/printin-suunnittelu-ja-vektorointi\/#breadcrumb","itemListElement":[{"@type":"ListItem","position":1,"name":"Etusivu","item":"https:\/\/blogit.gradia.fi\/hannisjarvinen-tdpt2104\/"},{"@type":"ListItem","position":2,"name":"Printin suunnittelu ja vektorointi"}]},{"@type":"WebSite","@id":"https:\/\/blogit.gradia.fi\/hannisjarvinen-tdpt2104\/#website","url":"https:\/\/blogit.gradia.fi\/hannisjarvinen-tdpt2104\/","name":"Oppimisp\u00e4iv\u00e4kirja","description":"Hannis J\u00e4rvinen","potentialAction":[{"@type":"SearchAction","target":{"@type":"EntryPoint","urlTemplate":"https:\/\/blogit.gradia.fi\/hannisjarvinen-tdpt2104\/?s={search_term_string}"},"query-input":{"@type":"PropertyValueSpecification","valueRequired":true,"valueName":"search_term_string"}}],"inLanguage":"fi"},{"@type":"Person","@id":"https:\/\/blogit.gradia.fi\/hannisjarvinen-tdpt2104\/#\/schema\/person\/e011261e8d441be7cf033a749535de0c","name":"Hannis J\u00e4rvinen","image":{"@type":"ImageObject","inLanguage":"fi","@id":"https:\/\/secure.gravatar.com\/avatar\/34ac6c536edfe2e363a0d57b1d24074e7abdca5a40940d30224c716c81d9b9ba?s=96&d=mm&r=g","url":"https:\/\/secure.gravatar.com\/avatar\/34ac6c536edfe2e363a0d57b1d24074e7abdca5a40940d30224c716c81d9b9ba?s=96&d=mm&r=g","contentUrl":"https:\/\/secure.gravatar.com\/avatar\/34ac6c536edfe2e363a0d57b1d24074e7abdca5a40940d30224c716c81d9b9ba?s=96&d=mm&r=g","caption":"Hannis J\u00e4rvinen"},"url":"https:\/\/blogit.gradia.fi\/hannisjarvinen-tdpt2104\/author\/gr266238\/"}]}},"uagb_featured_image_src":{"full":false,"thumbnail":false,"medium":false,"medium_large":false,"large":false,"1536x1536":false,"2048x2048":false,"twentyseventeen-featured-image":false,"twentyseventeen-thumbnail-avatar":false},"uagb_author_info":{"display_name":"Hannis J\u00e4rvinen","author_link":"https:\/\/blogit.gradia.fi\/hannisjarvinen-tdpt2104\/author\/gr266238\/"},"uagb_comment_info":0,"uagb_excerpt":"Koulun alussa aloitimme omien painokuosien suunnittelun Adobe Illustratorilla.Suurin osa ajasta on mennyt itse ohjelman opetteluun, kun se ei ole minulle ennest\u00e4\u00e4n tuttu. Piirtelin ulkona syksyn kukkasia ja valokuvasin piirustukset. T\u00e4m\u00e4n j\u00e4lkeen muokkasin kuvat Photoshopilla muotoon, jossa ne on helpompi vektoroida Illustratorilla. T\u00e4n\u00e4\u00e4n laitoin opettajalle s\u00e4hk\u00f6postia ja kysyin, kuinka saan kotikoneella k\u00e4ytetty\u00e4 Illustratoria. Sainkin et\u00e4yhteyden koulun&hellip;","_links":{"self":[{"href":"https:\/\/blogit.gradia.fi\/hannisjarvinen-tdpt2104\/wp-json\/wp\/v2\/posts\/641","targetHints":{"allow":["GET"]}}],"collection":[{"href":"https:\/\/blogit.gradia.fi\/hannisjarvinen-tdpt2104\/wp-json\/wp\/v2\/posts"}],"about":[{"href":"https:\/\/blogit.gradia.fi\/hannisjarvinen-tdpt2104\/wp-json\/wp\/v2\/types\/post"}],"author":[{"embeddable":true,"href":"https:\/\/blogit.gradia.fi\/hannisjarvinen-tdpt2104\/wp-json\/wp\/v2\/users\/771"}],"replies":[{"embeddable":true,"href":"https:\/\/blogit.gradia.fi\/hannisjarvinen-tdpt2104\/wp-json\/wp\/v2\/comments?post=641"}],"version-history":[{"count":7,"href":"https:\/\/blogit.gradia.fi\/hannisjarvinen-tdpt2104\/wp-json\/wp\/v2\/posts\/641\/revisions"}],"predecessor-version":[{"id":666,"href":"https:\/\/blogit.gradia.fi\/hannisjarvinen-tdpt2104\/wp-json\/wp\/v2\/posts\/641\/revisions\/666"}],"wp:attachment":[{"href":"https:\/\/blogit.gradia.fi\/hannisjarvinen-tdpt2104\/wp-json\/wp\/v2\/media?parent=641"}],"wp:term":[{"taxonomy":"category","embeddable":true,"href":"https:\/\/blogit.gradia.fi\/hannisjarvinen-tdpt2104\/wp-json\/wp\/v2\/categories?post=641"},{"taxonomy":"post_tag","embeddable":true,"href":"https:\/\/blogit.gradia.fi\/hannisjarvinen-tdpt2104\/wp-json\/wp\/v2\/tags?post=641"}],"curies":[{"name":"wp","href":"https:\/\/api.w.org\/{rel}","templated":true}]}}