{"id":608,"date":"2022-05-16T12:03:00","date_gmt":"2022-05-16T09:03:00","guid":{"rendered":"https:\/\/blogit.gradia.fi\/hannisjarvinen-tdpt2104\/?p=608"},"modified":"2022-05-16T12:03:02","modified_gmt":"2022-05-16T09:03:02","slug":"kevaan-kiireita","status":"publish","type":"post","link":"https:\/\/blogit.gradia.fi\/hannisjarvinen-tdpt2104\/2022\/05\/16\/kevaan-kiireita\/","title":{"rendered":"Kev\u00e4\u00e4n kiireit\u00e4"},"content":{"rendered":"\n<p>Kev\u00e4t on ollut todella kiireinen ja t\u00e4ynn\u00e4 toimintaa. Kuukauden sis\u00e4ll\u00e4 minulla on kaksi n\u00e4ytt\u00f6\u00e4 ja viimeinen rutistus ennen kes\u00e4lomaa. V\u00e4lill\u00e4 v\u00e4symys on todella vaivannut, mutta taas menn\u00e4\u00e4n voiton puolella ja kohti l\u00e4mmint\u00e4 kes\u00e4\u00e4.<\/p>\n\n\n\n<h2 class=\"wp-block-heading\">Ty\u00f6ss\u00e4oppiminen<\/h2>\n\n\n\n<p>Olen aloittanut ty\u00f6ss\u00e4oppimisen Osuuskunta Verson <a href=\"https:\/\/kauppa.osuuskuntaverso.fi\/\">verkkokaupan<\/a> rakentelussa. Paljon oppia onkin tullut ja ty\u00f6ss\u00e4oppiminen on sujunut p\u00e4\u00e4asiassa hyvin, vaikka v\u00e4lill\u00e4 on v\u00e4symys vaivannut. Ensi viikolla meill\u00e4 on maalien myyntitapahtuma Viitaniemess\u00e4. Saas n\u00e4hd\u00e4 kuinka myyntitapahtuma etenee. Hiukan j\u00e4\u00f6nnitt\u00e4\u00e4kin, mutta <\/p>\n\n\n\n<figure class=\"wp-block-image size-full is-resized\"><img loading=\"lazy\" decoding=\"async\" src=\"https:\/\/blogit.gradia.fi\/hannisjarvinen-tdpt2104\/wp-content\/uploads\/sites\/235\/2022\/05\/Screenshot-2022-05-13-054728.png\" alt=\"\" class=\"wp-image-613\" width=\"674\" height=\"950\" srcset=\"https:\/\/blogit.gradia.fi\/hannisjarvinen-tdpt2104\/wp-content\/uploads\/sites\/235\/2022\/05\/Screenshot-2022-05-13-054728.png 473w, https:\/\/blogit.gradia.fi\/hannisjarvinen-tdpt2104\/wp-content\/uploads\/sites\/235\/2022\/05\/Screenshot-2022-05-13-054728-213x300.png 213w\" sizes=\"auto, (max-width: 674px) 100vw, 674px\" \/><figcaption>Tekem\u00e4ni esite myyntitapahtumaan<\/figcaption><\/figure>\n\n\n\n<h2 class=\"wp-block-heading\">Kouluty\u00f6<\/h2>\n\n\n\n<p>Kev\u00e4\u00e4n aikana minulla on my\u00f6s toinen n\u00e4ytt\u00f6\u00f6n liittyv\u00e4 projekti.  Olen ollut siis ty\u00f6harjoittelussa osa-aikaisesti ja osa-aikaisesti olen jatkanut kouluty\u00f6t\u00e4. Olen aloittanut n\u00e4ytt\u00f6n\u00e4 viimeistelem\u00e4\u00e4n aloittamaani kirjoneuleohjetta. Neuleohjeen on tarkoitus tulla myyntiin jossain vaiheessa.<\/p>\n\n\n\n<figure class=\"wp-block-image size-large\"><img loading=\"lazy\" decoding=\"async\" width=\"1024\" height=\"1006\" src=\"https:\/\/blogit.gradia.fi\/hannisjarvinen-tdpt2104\/wp-content\/uploads\/sites\/235\/2022\/05\/20220516_114740-1-1024x1006.png\" alt=\"\" class=\"wp-image-616\" srcset=\"https:\/\/blogit.gradia.fi\/hannisjarvinen-tdpt2104\/wp-content\/uploads\/sites\/235\/2022\/05\/20220516_114740-1-1024x1006.png 1024w, https:\/\/blogit.gradia.fi\/hannisjarvinen-tdpt2104\/wp-content\/uploads\/sites\/235\/2022\/05\/20220516_114740-1-300x295.png 300w, https:\/\/blogit.gradia.fi\/hannisjarvinen-tdpt2104\/wp-content\/uploads\/sites\/235\/2022\/05\/20220516_114740-1-768x754.png 768w, https:\/\/blogit.gradia.fi\/hannisjarvinen-tdpt2104\/wp-content\/uploads\/sites\/235\/2022\/05\/20220516_114740-1.png 1332w\" sizes=\"auto, (max-width: 767px) 89vw, (max-width: 1000px) 54vw, (max-width: 1071px) 543px, 580px\" \/><figcaption>Sukat edistyv\u00e4t hiljakseen<\/figcaption><\/figure>\n\n\n\n<h2 class=\"wp-block-heading\">Taide<\/h2>\n\n\n\n<p>Olen jatkanut my\u00f6s kotona koulussa Keke-p\u00e4iv\u00e4n\u00e4 aloittamaani kollaasia. Saas n\u00e4hd\u00e4 millainen tulee valmiista taulusta. Ainakin aika painava!<\/p>\n\n\n\n<figure class=\"wp-block-image size-large is-resized\"><img loading=\"lazy\" decoding=\"async\" src=\"https:\/\/blogit.gradia.fi\/hannisjarvinen-tdpt2104\/wp-content\/uploads\/sites\/235\/2022\/05\/20220514_105616-687x1024.png\" alt=\"\" class=\"wp-image-611\" width=\"674\" height=\"1004\" srcset=\"https:\/\/blogit.gradia.fi\/hannisjarvinen-tdpt2104\/wp-content\/uploads\/sites\/235\/2022\/05\/20220514_105616-687x1024.png 687w, https:\/\/blogit.gradia.fi\/hannisjarvinen-tdpt2104\/wp-content\/uploads\/sites\/235\/2022\/05\/20220514_105616-201x300.png 201w, https:\/\/blogit.gradia.fi\/hannisjarvinen-tdpt2104\/wp-content\/uploads\/sites\/235\/2022\/05\/20220514_105616-768x1145.png 768w, https:\/\/blogit.gradia.fi\/hannisjarvinen-tdpt2104\/wp-content\/uploads\/sites\/235\/2022\/05\/20220514_105616-1030x1536.png 1030w, https:\/\/blogit.gradia.fi\/hannisjarvinen-tdpt2104\/wp-content\/uploads\/sites\/235\/2022\/05\/20220514_105616-1373x2048.png 1373w\" sizes=\"auto, (max-width: 674px) 100vw, 674px\" \/><figcaption>T\u00e4ll\u00e4 hetkell\u00e4 Hullu Hatuntekij\u00e4 n\u00e4ytt\u00e4\u00e4 t\u00e4lt\u00e4<\/figcaption><\/figure>\n","protected":false},"excerpt":{"rendered":"<p>Kev\u00e4t on ollut todella kiireinen ja t\u00e4ynn\u00e4 toimintaa. Kuukauden sis\u00e4ll\u00e4 minulla on kaksi n\u00e4ytt\u00f6\u00e4 ja viimeinen rutistus ennen kes\u00e4lomaa. V\u00e4lill\u00e4 v\u00e4symys on todella vaivannut, mutta taas menn\u00e4\u00e4n voiton puolella ja kohti l\u00e4mmint\u00e4 kes\u00e4\u00e4. Ty\u00f6ss\u00e4oppiminen Olen aloittanut ty\u00f6ss\u00e4oppimisen Osuuskunta Verson verkkokaupan rakentelussa. Paljon oppia onkin tullut ja ty\u00f6ss\u00e4oppiminen on sujunut p\u00e4\u00e4asiassa hyvin, vaikka v\u00e4lill\u00e4 on v\u00e4symys &hellip; <\/p>\n<p class=\"link-more\"><a href=\"https:\/\/blogit.gradia.fi\/hannisjarvinen-tdpt2104\/2022\/05\/16\/kevaan-kiireita\/\" class=\"more-link\">Jatka lukemista<span class=\"screen-reader-text\"> &#8221;Kev\u00e4\u00e4n kiireit\u00e4&#8221;<\/span><\/a><\/p>\n","protected":false},"author":771,"featured_media":0,"comment_status":"open","ping_status":"open","sticky":false,"template":"","format":"standard","meta":{"_uag_custom_page_level_css":"","footnotes":""},"categories":[1],"tags":[],"class_list":["post-608","post","type-post","status-publish","format-standard","hentry","category-yleinen"],"yoast_head":"<!-- This site is optimized with the Yoast SEO plugin v27.5 - https:\/\/yoast.com\/product\/yoast-seo-wordpress\/ -->\n<title>Kev\u00e4\u00e4n kiireit\u00e4 - Oppimisp\u00e4iv\u00e4kirja<\/title>\n<meta name=\"robots\" content=\"index, follow, max-snippet:-1, max-image-preview:large, max-video-preview:-1\" \/>\n<link rel=\"canonical\" href=\"https:\/\/blogit.gradia.fi\/hannisjarvinen-tdpt2104\/2022\/05\/16\/kevaan-kiireita\/\" \/>\n<meta property=\"og:locale\" content=\"fi_FI\" \/>\n<meta property=\"og:type\" content=\"article\" \/>\n<meta property=\"og:title\" content=\"Kev\u00e4\u00e4n kiireit\u00e4 - Oppimisp\u00e4iv\u00e4kirja\" \/>\n<meta property=\"og:description\" content=\"Kev\u00e4t on ollut todella kiireinen ja t\u00e4ynn\u00e4 toimintaa. Kuukauden sis\u00e4ll\u00e4 minulla on kaksi n\u00e4ytt\u00f6\u00e4 ja viimeinen rutistus ennen kes\u00e4lomaa. V\u00e4lill\u00e4 v\u00e4symys on todella vaivannut, mutta taas menn\u00e4\u00e4n voiton puolella ja kohti l\u00e4mmint\u00e4 kes\u00e4\u00e4. Ty\u00f6ss\u00e4oppiminen Olen aloittanut ty\u00f6ss\u00e4oppimisen Osuuskunta Verson verkkokaupan rakentelussa. Paljon oppia onkin tullut ja ty\u00f6ss\u00e4oppiminen on sujunut p\u00e4\u00e4asiassa hyvin, vaikka v\u00e4lill\u00e4 on v\u00e4symys &hellip; Jatka lukemista &quot;Kev\u00e4\u00e4n kiireit\u00e4&quot;\" \/>\n<meta property=\"og:url\" content=\"https:\/\/blogit.gradia.fi\/hannisjarvinen-tdpt2104\/2022\/05\/16\/kevaan-kiireita\/\" \/>\n<meta property=\"og:site_name\" content=\"Oppimisp\u00e4iv\u00e4kirja\" \/>\n<meta property=\"article:published_time\" content=\"2022-05-16T09:03:00+00:00\" \/>\n<meta property=\"article:modified_time\" content=\"2022-05-16T09:03:02+00:00\" \/>\n<meta property=\"og:image\" content=\"https:\/\/blogit.gradia.fi\/hannisjarvinen-tdpt2104\/wp-content\/uploads\/sites\/235\/2022\/05\/Screenshot-2022-05-13-054728.png\" \/>\n<meta name=\"author\" content=\"Hannis J\u00e4rvinen\" \/>\n<meta name=\"twitter:card\" content=\"summary_large_image\" \/>\n<meta name=\"twitter:label1\" content=\"Kirjoittanut\" \/>\n\t<meta name=\"twitter:data1\" content=\"Hannis J\u00e4rvinen\" \/>\n\t<meta name=\"twitter:label2\" content=\"Arvioitu lukuaika\" \/>\n\t<meta name=\"twitter:data2\" content=\"2 minuuttia\" \/>\n<script type=\"application\/ld+json\" class=\"yoast-schema-graph\">{\"@context\":\"https:\\\/\\\/schema.org\",\"@graph\":[{\"@type\":\"Article\",\"@id\":\"https:\\\/\\\/blogit.gradia.fi\\\/hannisjarvinen-tdpt2104\\\/2022\\\/05\\\/16\\\/kevaan-kiireita\\\/#article\",\"isPartOf\":{\"@id\":\"https:\\\/\\\/blogit.gradia.fi\\\/hannisjarvinen-tdpt2104\\\/2022\\\/05\\\/16\\\/kevaan-kiireita\\\/\"},\"author\":{\"name\":\"Hannis J\u00e4rvinen\",\"@id\":\"https:\\\/\\\/blogit.gradia.fi\\\/hannisjarvinen-tdpt2104\\\/#\\\/schema\\\/person\\\/e011261e8d441be7cf033a749535de0c\"},\"headline\":\"Kev\u00e4\u00e4n kiireit\u00e4\",\"datePublished\":\"2022-05-16T09:03:00+00:00\",\"dateModified\":\"2022-05-16T09:03:02+00:00\",\"mainEntityOfPage\":{\"@id\":\"https:\\\/\\\/blogit.gradia.fi\\\/hannisjarvinen-tdpt2104\\\/2022\\\/05\\\/16\\\/kevaan-kiireita\\\/\"},\"wordCount\":176,\"commentCount\":0,\"image\":{\"@id\":\"https:\\\/\\\/blogit.gradia.fi\\\/hannisjarvinen-tdpt2104\\\/2022\\\/05\\\/16\\\/kevaan-kiireita\\\/#primaryimage\"},\"thumbnailUrl\":\"https:\\\/\\\/blogit.gradia.fi\\\/hannisjarvinen-tdpt2104\\\/wp-content\\\/uploads\\\/sites\\\/235\\\/2022\\\/05\\\/Screenshot-2022-05-13-054728.png\",\"inLanguage\":\"fi\",\"potentialAction\":[{\"@type\":\"CommentAction\",\"name\":\"Comment\",\"target\":[\"https:\\\/\\\/blogit.gradia.fi\\\/hannisjarvinen-tdpt2104\\\/2022\\\/05\\\/16\\\/kevaan-kiireita\\\/#respond\"]}]},{\"@type\":\"WebPage\",\"@id\":\"https:\\\/\\\/blogit.gradia.fi\\\/hannisjarvinen-tdpt2104\\\/2022\\\/05\\\/16\\\/kevaan-kiireita\\\/\",\"url\":\"https:\\\/\\\/blogit.gradia.fi\\\/hannisjarvinen-tdpt2104\\\/2022\\\/05\\\/16\\\/kevaan-kiireita\\\/\",\"name\":\"Kev\u00e4\u00e4n kiireit\u00e4 - Oppimisp\u00e4iv\u00e4kirja\",\"isPartOf\":{\"@id\":\"https:\\\/\\\/blogit.gradia.fi\\\/hannisjarvinen-tdpt2104\\\/#website\"},\"primaryImageOfPage\":{\"@id\":\"https:\\\/\\\/blogit.gradia.fi\\\/hannisjarvinen-tdpt2104\\\/2022\\\/05\\\/16\\\/kevaan-kiireita\\\/#primaryimage\"},\"image\":{\"@id\":\"https:\\\/\\\/blogit.gradia.fi\\\/hannisjarvinen-tdpt2104\\\/2022\\\/05\\\/16\\\/kevaan-kiireita\\\/#primaryimage\"},\"thumbnailUrl\":\"https:\\\/\\\/blogit.gradia.fi\\\/hannisjarvinen-tdpt2104\\\/wp-content\\\/uploads\\\/sites\\\/235\\\/2022\\\/05\\\/Screenshot-2022-05-13-054728.png\",\"datePublished\":\"2022-05-16T09:03:00+00:00\",\"dateModified\":\"2022-05-16T09:03:02+00:00\",\"author\":{\"@id\":\"https:\\\/\\\/blogit.gradia.fi\\\/hannisjarvinen-tdpt2104\\\/#\\\/schema\\\/person\\\/e011261e8d441be7cf033a749535de0c\"},\"breadcrumb\":{\"@id\":\"https:\\\/\\\/blogit.gradia.fi\\\/hannisjarvinen-tdpt2104\\\/2022\\\/05\\\/16\\\/kevaan-kiireita\\\/#breadcrumb\"},\"inLanguage\":\"fi\",\"potentialAction\":[{\"@type\":\"ReadAction\",\"target\":[\"https:\\\/\\\/blogit.gradia.fi\\\/hannisjarvinen-tdpt2104\\\/2022\\\/05\\\/16\\\/kevaan-kiireita\\\/\"]}]},{\"@type\":\"ImageObject\",\"inLanguage\":\"fi\",\"@id\":\"https:\\\/\\\/blogit.gradia.fi\\\/hannisjarvinen-tdpt2104\\\/2022\\\/05\\\/16\\\/kevaan-kiireita\\\/#primaryimage\",\"url\":\"https:\\\/\\\/blogit.gradia.fi\\\/hannisjarvinen-tdpt2104\\\/wp-content\\\/uploads\\\/sites\\\/235\\\/2022\\\/05\\\/Screenshot-2022-05-13-054728.png\",\"contentUrl\":\"https:\\\/\\\/blogit.gradia.fi\\\/hannisjarvinen-tdpt2104\\\/wp-content\\\/uploads\\\/sites\\\/235\\\/2022\\\/05\\\/Screenshot-2022-05-13-054728.png\",\"width\":473,\"height\":667},{\"@type\":\"BreadcrumbList\",\"@id\":\"https:\\\/\\\/blogit.gradia.fi\\\/hannisjarvinen-tdpt2104\\\/2022\\\/05\\\/16\\\/kevaan-kiireita\\\/#breadcrumb\",\"itemListElement\":[{\"@type\":\"ListItem\",\"position\":1,\"name\":\"Etusivu\",\"item\":\"https:\\\/\\\/blogit.gradia.fi\\\/hannisjarvinen-tdpt2104\\\/\"},{\"@type\":\"ListItem\",\"position\":2,\"name\":\"Kev\u00e4\u00e4n kiireit\u00e4\"}]},{\"@type\":\"WebSite\",\"@id\":\"https:\\\/\\\/blogit.gradia.fi\\\/hannisjarvinen-tdpt2104\\\/#website\",\"url\":\"https:\\\/\\\/blogit.gradia.fi\\\/hannisjarvinen-tdpt2104\\\/\",\"name\":\"Oppimisp\u00e4iv\u00e4kirja\",\"description\":\"Hannis J\u00e4rvinen\",\"potentialAction\":[{\"@type\":\"SearchAction\",\"target\":{\"@type\":\"EntryPoint\",\"urlTemplate\":\"https:\\\/\\\/blogit.gradia.fi\\\/hannisjarvinen-tdpt2104\\\/?s={search_term_string}\"},\"query-input\":{\"@type\":\"PropertyValueSpecification\",\"valueRequired\":true,\"valueName\":\"search_term_string\"}}],\"inLanguage\":\"fi\"},{\"@type\":\"Person\",\"@id\":\"https:\\\/\\\/blogit.gradia.fi\\\/hannisjarvinen-tdpt2104\\\/#\\\/schema\\\/person\\\/e011261e8d441be7cf033a749535de0c\",\"name\":\"Hannis J\u00e4rvinen\",\"image\":{\"@type\":\"ImageObject\",\"inLanguage\":\"fi\",\"@id\":\"https:\\\/\\\/secure.gravatar.com\\\/avatar\\\/34ac6c536edfe2e363a0d57b1d24074e7abdca5a40940d30224c716c81d9b9ba?s=96&d=mm&r=g\",\"url\":\"https:\\\/\\\/secure.gravatar.com\\\/avatar\\\/34ac6c536edfe2e363a0d57b1d24074e7abdca5a40940d30224c716c81d9b9ba?s=96&d=mm&r=g\",\"contentUrl\":\"https:\\\/\\\/secure.gravatar.com\\\/avatar\\\/34ac6c536edfe2e363a0d57b1d24074e7abdca5a40940d30224c716c81d9b9ba?s=96&d=mm&r=g\",\"caption\":\"Hannis J\u00e4rvinen\"},\"url\":\"https:\\\/\\\/blogit.gradia.fi\\\/hannisjarvinen-tdpt2104\\\/author\\\/gr266238\\\/\"}]}<\/script>\n<!-- \/ Yoast SEO plugin. -->","yoast_head_json":{"title":"Kev\u00e4\u00e4n kiireit\u00e4 - Oppimisp\u00e4iv\u00e4kirja","robots":{"index":"index","follow":"follow","max-snippet":"max-snippet:-1","max-image-preview":"max-image-preview:large","max-video-preview":"max-video-preview:-1"},"canonical":"https:\/\/blogit.gradia.fi\/hannisjarvinen-tdpt2104\/2022\/05\/16\/kevaan-kiireita\/","og_locale":"fi_FI","og_type":"article","og_title":"Kev\u00e4\u00e4n kiireit\u00e4 - Oppimisp\u00e4iv\u00e4kirja","og_description":"Kev\u00e4t on ollut todella kiireinen ja t\u00e4ynn\u00e4 toimintaa. Kuukauden sis\u00e4ll\u00e4 minulla on kaksi n\u00e4ytt\u00f6\u00e4 ja viimeinen rutistus ennen kes\u00e4lomaa. V\u00e4lill\u00e4 v\u00e4symys on todella vaivannut, mutta taas menn\u00e4\u00e4n voiton puolella ja kohti l\u00e4mmint\u00e4 kes\u00e4\u00e4. Ty\u00f6ss\u00e4oppiminen Olen aloittanut ty\u00f6ss\u00e4oppimisen Osuuskunta Verson verkkokaupan rakentelussa. Paljon oppia onkin tullut ja ty\u00f6ss\u00e4oppiminen on sujunut p\u00e4\u00e4asiassa hyvin, vaikka v\u00e4lill\u00e4 on v\u00e4symys &hellip; Jatka lukemista \"Kev\u00e4\u00e4n kiireit\u00e4\"","og_url":"https:\/\/blogit.gradia.fi\/hannisjarvinen-tdpt2104\/2022\/05\/16\/kevaan-kiireita\/","og_site_name":"Oppimisp\u00e4iv\u00e4kirja","article_published_time":"2022-05-16T09:03:00+00:00","article_modified_time":"2022-05-16T09:03:02+00:00","og_image":[{"url":"https:\/\/blogit.gradia.fi\/hannisjarvinen-tdpt2104\/wp-content\/uploads\/sites\/235\/2022\/05\/Screenshot-2022-05-13-054728.png","type":"","width":"","height":""}],"author":"Hannis J\u00e4rvinen","twitter_card":"summary_large_image","twitter_misc":{"Kirjoittanut":"Hannis J\u00e4rvinen","Arvioitu lukuaika":"2 minuuttia"},"schema":{"@context":"https:\/\/schema.org","@graph":[{"@type":"Article","@id":"https:\/\/blogit.gradia.fi\/hannisjarvinen-tdpt2104\/2022\/05\/16\/kevaan-kiireita\/#article","isPartOf":{"@id":"https:\/\/blogit.gradia.fi\/hannisjarvinen-tdpt2104\/2022\/05\/16\/kevaan-kiireita\/"},"author":{"name":"Hannis J\u00e4rvinen","@id":"https:\/\/blogit.gradia.fi\/hannisjarvinen-tdpt2104\/#\/schema\/person\/e011261e8d441be7cf033a749535de0c"},"headline":"Kev\u00e4\u00e4n kiireit\u00e4","datePublished":"2022-05-16T09:03:00+00:00","dateModified":"2022-05-16T09:03:02+00:00","mainEntityOfPage":{"@id":"https:\/\/blogit.gradia.fi\/hannisjarvinen-tdpt2104\/2022\/05\/16\/kevaan-kiireita\/"},"wordCount":176,"commentCount":0,"image":{"@id":"https:\/\/blogit.gradia.fi\/hannisjarvinen-tdpt2104\/2022\/05\/16\/kevaan-kiireita\/#primaryimage"},"thumbnailUrl":"https:\/\/blogit.gradia.fi\/hannisjarvinen-tdpt2104\/wp-content\/uploads\/sites\/235\/2022\/05\/Screenshot-2022-05-13-054728.png","inLanguage":"fi","potentialAction":[{"@type":"CommentAction","name":"Comment","target":["https:\/\/blogit.gradia.fi\/hannisjarvinen-tdpt2104\/2022\/05\/16\/kevaan-kiireita\/#respond"]}]},{"@type":"WebPage","@id":"https:\/\/blogit.gradia.fi\/hannisjarvinen-tdpt2104\/2022\/05\/16\/kevaan-kiireita\/","url":"https:\/\/blogit.gradia.fi\/hannisjarvinen-tdpt2104\/2022\/05\/16\/kevaan-kiireita\/","name":"Kev\u00e4\u00e4n kiireit\u00e4 - Oppimisp\u00e4iv\u00e4kirja","isPartOf":{"@id":"https:\/\/blogit.gradia.fi\/hannisjarvinen-tdpt2104\/#website"},"primaryImageOfPage":{"@id":"https:\/\/blogit.gradia.fi\/hannisjarvinen-tdpt2104\/2022\/05\/16\/kevaan-kiireita\/#primaryimage"},"image":{"@id":"https:\/\/blogit.gradia.fi\/hannisjarvinen-tdpt2104\/2022\/05\/16\/kevaan-kiireita\/#primaryimage"},"thumbnailUrl":"https:\/\/blogit.gradia.fi\/hannisjarvinen-tdpt2104\/wp-content\/uploads\/sites\/235\/2022\/05\/Screenshot-2022-05-13-054728.png","datePublished":"2022-05-16T09:03:00+00:00","dateModified":"2022-05-16T09:03:02+00:00","author":{"@id":"https:\/\/blogit.gradia.fi\/hannisjarvinen-tdpt2104\/#\/schema\/person\/e011261e8d441be7cf033a749535de0c"},"breadcrumb":{"@id":"https:\/\/blogit.gradia.fi\/hannisjarvinen-tdpt2104\/2022\/05\/16\/kevaan-kiireita\/#breadcrumb"},"inLanguage":"fi","potentialAction":[{"@type":"ReadAction","target":["https:\/\/blogit.gradia.fi\/hannisjarvinen-tdpt2104\/2022\/05\/16\/kevaan-kiireita\/"]}]},{"@type":"ImageObject","inLanguage":"fi","@id":"https:\/\/blogit.gradia.fi\/hannisjarvinen-tdpt2104\/2022\/05\/16\/kevaan-kiireita\/#primaryimage","url":"https:\/\/blogit.gradia.fi\/hannisjarvinen-tdpt2104\/wp-content\/uploads\/sites\/235\/2022\/05\/Screenshot-2022-05-13-054728.png","contentUrl":"https:\/\/blogit.gradia.fi\/hannisjarvinen-tdpt2104\/wp-content\/uploads\/sites\/235\/2022\/05\/Screenshot-2022-05-13-054728.png","width":473,"height":667},{"@type":"BreadcrumbList","@id":"https:\/\/blogit.gradia.fi\/hannisjarvinen-tdpt2104\/2022\/05\/16\/kevaan-kiireita\/#breadcrumb","itemListElement":[{"@type":"ListItem","position":1,"name":"Etusivu","item":"https:\/\/blogit.gradia.fi\/hannisjarvinen-tdpt2104\/"},{"@type":"ListItem","position":2,"name":"Kev\u00e4\u00e4n kiireit\u00e4"}]},{"@type":"WebSite","@id":"https:\/\/blogit.gradia.fi\/hannisjarvinen-tdpt2104\/#website","url":"https:\/\/blogit.gradia.fi\/hannisjarvinen-tdpt2104\/","name":"Oppimisp\u00e4iv\u00e4kirja","description":"Hannis J\u00e4rvinen","potentialAction":[{"@type":"SearchAction","target":{"@type":"EntryPoint","urlTemplate":"https:\/\/blogit.gradia.fi\/hannisjarvinen-tdpt2104\/?s={search_term_string}"},"query-input":{"@type":"PropertyValueSpecification","valueRequired":true,"valueName":"search_term_string"}}],"inLanguage":"fi"},{"@type":"Person","@id":"https:\/\/blogit.gradia.fi\/hannisjarvinen-tdpt2104\/#\/schema\/person\/e011261e8d441be7cf033a749535de0c","name":"Hannis J\u00e4rvinen","image":{"@type":"ImageObject","inLanguage":"fi","@id":"https:\/\/secure.gravatar.com\/avatar\/34ac6c536edfe2e363a0d57b1d24074e7abdca5a40940d30224c716c81d9b9ba?s=96&d=mm&r=g","url":"https:\/\/secure.gravatar.com\/avatar\/34ac6c536edfe2e363a0d57b1d24074e7abdca5a40940d30224c716c81d9b9ba?s=96&d=mm&r=g","contentUrl":"https:\/\/secure.gravatar.com\/avatar\/34ac6c536edfe2e363a0d57b1d24074e7abdca5a40940d30224c716c81d9b9ba?s=96&d=mm&r=g","caption":"Hannis J\u00e4rvinen"},"url":"https:\/\/blogit.gradia.fi\/hannisjarvinen-tdpt2104\/author\/gr266238\/"}]}},"uagb_featured_image_src":{"full":false,"thumbnail":false,"medium":false,"medium_large":false,"large":false,"1536x1536":false,"2048x2048":false,"twentyseventeen-featured-image":false,"twentyseventeen-thumbnail-avatar":false},"uagb_author_info":{"display_name":"Hannis J\u00e4rvinen","author_link":"https:\/\/blogit.gradia.fi\/hannisjarvinen-tdpt2104\/author\/gr266238\/"},"uagb_comment_info":0,"uagb_excerpt":"Kev\u00e4t on ollut todella kiireinen ja t\u00e4ynn\u00e4 toimintaa. Kuukauden sis\u00e4ll\u00e4 minulla on kaksi n\u00e4ytt\u00f6\u00e4 ja viimeinen rutistus ennen kes\u00e4lomaa. V\u00e4lill\u00e4 v\u00e4symys on todella vaivannut, mutta taas menn\u00e4\u00e4n voiton puolella ja kohti l\u00e4mmint\u00e4 kes\u00e4\u00e4. Ty\u00f6ss\u00e4oppiminen Olen aloittanut ty\u00f6ss\u00e4oppimisen Osuuskunta Verson verkkokaupan rakentelussa. Paljon oppia onkin tullut ja ty\u00f6ss\u00e4oppiminen on sujunut p\u00e4\u00e4asiassa hyvin, vaikka v\u00e4lill\u00e4 on v\u00e4symys&hellip;","_links":{"self":[{"href":"https:\/\/blogit.gradia.fi\/hannisjarvinen-tdpt2104\/wp-json\/wp\/v2\/posts\/608","targetHints":{"allow":["GET"]}}],"collection":[{"href":"https:\/\/blogit.gradia.fi\/hannisjarvinen-tdpt2104\/wp-json\/wp\/v2\/posts"}],"about":[{"href":"https:\/\/blogit.gradia.fi\/hannisjarvinen-tdpt2104\/wp-json\/wp\/v2\/types\/post"}],"author":[{"embeddable":true,"href":"https:\/\/blogit.gradia.fi\/hannisjarvinen-tdpt2104\/wp-json\/wp\/v2\/users\/771"}],"replies":[{"embeddable":true,"href":"https:\/\/blogit.gradia.fi\/hannisjarvinen-tdpt2104\/wp-json\/wp\/v2\/comments?post=608"}],"version-history":[{"count":5,"href":"https:\/\/blogit.gradia.fi\/hannisjarvinen-tdpt2104\/wp-json\/wp\/v2\/posts\/608\/revisions"}],"predecessor-version":[{"id":619,"href":"https:\/\/blogit.gradia.fi\/hannisjarvinen-tdpt2104\/wp-json\/wp\/v2\/posts\/608\/revisions\/619"}],"wp:attachment":[{"href":"https:\/\/blogit.gradia.fi\/hannisjarvinen-tdpt2104\/wp-json\/wp\/v2\/media?parent=608"}],"wp:term":[{"taxonomy":"category","embeddable":true,"href":"https:\/\/blogit.gradia.fi\/hannisjarvinen-tdpt2104\/wp-json\/wp\/v2\/categories?post=608"},{"taxonomy":"post_tag","embeddable":true,"href":"https:\/\/blogit.gradia.fi\/hannisjarvinen-tdpt2104\/wp-json\/wp\/v2\/tags?post=608"}],"curies":[{"name":"wp","href":"https:\/\/api.w.org\/{rel}","templated":true}]}}