{"id":386,"date":"2022-02-14T16:56:32","date_gmt":"2022-02-14T14:56:32","guid":{"rendered":"https:\/\/blogit.gradia.fi\/hannisjarvinen-tdpt2104\/?p=386"},"modified":"2022-02-14T16:56:34","modified_gmt":"2022-02-14T14:56:34","slug":"asiakastyon-suunnittelu","status":"publish","type":"post","link":"https:\/\/blogit.gradia.fi\/hannisjarvinen-tdpt2104\/2022\/02\/14\/asiakastyon-suunnittelu\/","title":{"rendered":"Asiakasty\u00f6n suunnittelu"},"content":{"rendered":"\n<p>Asiakasty\u00f6n suunnittelu alkoi viikolla 6. <br>Olen jo pidemp\u00e4\u00e4n luvannut tehd\u00e4 \u00e4idille maton keitti\u00f6\u00f6n, mutta en ole kerennyt. Nyt ryhdyin maton tekemiseen asiakasty\u00f6n muodossa. V\u00e4rj\u00e4yksen viimeisell\u00e4 viikolla v\u00e4rj\u00e4sin viel\u00e4 pari lakanaa matonkuteiksi. Tarkoituksena oli saada limetin vihre\u00e4\u00e4 ja mielest\u00e4ni v\u00e4rj\u00e4ys onnistui hyvin.<\/p>\n\n\n\n<figure class=\"wp-block-gallery columns-2 is-cropped wp-block-gallery-1 is-layout-flex wp-block-gallery-is-layout-flex\"><ul class=\"blocks-gallery-grid\"><li class=\"blocks-gallery-item\"><figure><img loading=\"lazy\" decoding=\"async\" width=\"1024\" height=\"768\" src=\"https:\/\/blogit.gradia.fi\/hannisjarvinen-tdpt2104\/wp-content\/uploads\/sites\/235\/2022\/02\/20220128_131422-1-1024x768.jpg\" alt=\"\" data-id=\"372\" data-full-url=\"https:\/\/blogit.gradia.fi\/hannisjarvinen-tdpt2104\/wp-content\/uploads\/sites\/235\/2022\/02\/20220128_131422-1-scaled.jpg\" data-link=\"https:\/\/blogit.gradia.fi\/hannisjarvinen-tdpt2104\/2022\/02\/03\/varjays-jatkuu\/20220128_131422-1\/\" class=\"wp-image-372\" srcset=\"https:\/\/blogit.gradia.fi\/hannisjarvinen-tdpt2104\/wp-content\/uploads\/sites\/235\/2022\/02\/20220128_131422-1-1024x768.jpg 1024w, https:\/\/blogit.gradia.fi\/hannisjarvinen-tdpt2104\/wp-content\/uploads\/sites\/235\/2022\/02\/20220128_131422-1-300x225.jpg 300w, https:\/\/blogit.gradia.fi\/hannisjarvinen-tdpt2104\/wp-content\/uploads\/sites\/235\/2022\/02\/20220128_131422-1-768x576.jpg 768w, https:\/\/blogit.gradia.fi\/hannisjarvinen-tdpt2104\/wp-content\/uploads\/sites\/235\/2022\/02\/20220128_131422-1-1536x1152.jpg 1536w, https:\/\/blogit.gradia.fi\/hannisjarvinen-tdpt2104\/wp-content\/uploads\/sites\/235\/2022\/02\/20220128_131422-1-2048x1536.jpg 2048w\" sizes=\"auto, (max-width: 767px) 89vw, (max-width: 1000px) 54vw, (max-width: 1071px) 543px, 580px\" \/><\/figure><\/li><li class=\"blocks-gallery-item\"><figure><img loading=\"lazy\" decoding=\"async\" width=\"794\" height=\"1024\" src=\"https:\/\/blogit.gradia.fi\/hannisjarvinen-tdpt2104\/wp-content\/uploads\/sites\/235\/2022\/02\/20220131_101153-794x1024.jpg\" alt=\"\" data-id=\"367\" data-full-url=\"https:\/\/blogit.gradia.fi\/hannisjarvinen-tdpt2104\/wp-content\/uploads\/sites\/235\/2022\/02\/20220131_101153.jpg\" data-link=\"https:\/\/blogit.gradia.fi\/hannisjarvinen-tdpt2104\/2022\/02\/03\/varjays-jatkuu\/20220131_101153\/\" class=\"wp-image-367\" srcset=\"https:\/\/blogit.gradia.fi\/hannisjarvinen-tdpt2104\/wp-content\/uploads\/sites\/235\/2022\/02\/20220131_101153-794x1024.jpg 794w, https:\/\/blogit.gradia.fi\/hannisjarvinen-tdpt2104\/wp-content\/uploads\/sites\/235\/2022\/02\/20220131_101153-233x300.jpg 233w, https:\/\/blogit.gradia.fi\/hannisjarvinen-tdpt2104\/wp-content\/uploads\/sites\/235\/2022\/02\/20220131_101153-768x990.jpg 768w, https:\/\/blogit.gradia.fi\/hannisjarvinen-tdpt2104\/wp-content\/uploads\/sites\/235\/2022\/02\/20220131_101153-1191x1536.jpg 1191w, https:\/\/blogit.gradia.fi\/hannisjarvinen-tdpt2104\/wp-content\/uploads\/sites\/235\/2022\/02\/20220131_101153.jpg 1326w\" sizes=\"auto, (max-width: 767px) 89vw, (max-width: 1000px) 54vw, (max-width: 1071px) 543px, 580px\" \/><figcaption class=\"blocks-gallery-item__caption\">Keltaisista lakanoista tuli turkoosia ja lime\u00e4<\/figcaption><\/figure><\/li><\/ul><\/figure>\n\n\n\n<figure class=\"wp-block-gallery columns-2 is-cropped wp-block-gallery-2 is-layout-flex wp-block-gallery-is-layout-flex\"><ul class=\"blocks-gallery-grid\"><li class=\"blocks-gallery-item\"><figure><img loading=\"lazy\" decoding=\"async\" width=\"799\" height=\"1024\" src=\"https:\/\/blogit.gradia.fi\/hannisjarvinen-tdpt2104\/wp-content\/uploads\/sites\/235\/2022\/02\/20220129_113911c-799x1024.jpg\" alt=\"\" data-id=\"374\" data-full-url=\"https:\/\/blogit.gradia.fi\/hannisjarvinen-tdpt2104\/wp-content\/uploads\/sites\/235\/2022\/02\/20220129_113911c-scaled.jpg\" data-link=\"https:\/\/blogit.gradia.fi\/hannisjarvinen-tdpt2104\/2022\/02\/03\/varjays-jatkuu\/20220129_113911c\/\" class=\"wp-image-374\" srcset=\"https:\/\/blogit.gradia.fi\/hannisjarvinen-tdpt2104\/wp-content\/uploads\/sites\/235\/2022\/02\/20220129_113911c-799x1024.jpg 799w, https:\/\/blogit.gradia.fi\/hannisjarvinen-tdpt2104\/wp-content\/uploads\/sites\/235\/2022\/02\/20220129_113911c-234x300.jpg 234w, https:\/\/blogit.gradia.fi\/hannisjarvinen-tdpt2104\/wp-content\/uploads\/sites\/235\/2022\/02\/20220129_113911c-768x984.jpg 768w, https:\/\/blogit.gradia.fi\/hannisjarvinen-tdpt2104\/wp-content\/uploads\/sites\/235\/2022\/02\/20220129_113911c-1199x1536.jpg 1199w, https:\/\/blogit.gradia.fi\/hannisjarvinen-tdpt2104\/wp-content\/uploads\/sites\/235\/2022\/02\/20220129_113911c-1599x2048.jpg 1599w, https:\/\/blogit.gradia.fi\/hannisjarvinen-tdpt2104\/wp-content\/uploads\/sites\/235\/2022\/02\/20220129_113911c-scaled.jpg 1998w\" sizes=\"auto, (max-width: 767px) 89vw, (max-width: 1000px) 54vw, (max-width: 1071px) 543px, 580px\" \/><figcaption class=\"blocks-gallery-item__caption\">Lakanoiden s\u00e4vyt sopivat hyvin keitti\u00f6n v\u00e4reihin<\/figcaption><\/figure><\/li><li class=\"blocks-gallery-item\"><figure><img loading=\"lazy\" decoding=\"async\" width=\"691\" height=\"1024\" src=\"https:\/\/blogit.gradia.fi\/hannisjarvinen-tdpt2104\/wp-content\/uploads\/sites\/235\/2022\/02\/20220128_152530cc-691x1024.jpg\" alt=\"\" data-id=\"373\" data-full-url=\"https:\/\/blogit.gradia.fi\/hannisjarvinen-tdpt2104\/wp-content\/uploads\/sites\/235\/2022\/02\/20220128_152530cc-scaled.jpg\" data-link=\"https:\/\/blogit.gradia.fi\/hannisjarvinen-tdpt2104\/2022\/02\/03\/varjays-jatkuu\/20220128_152530cc\/\" class=\"wp-image-373\" srcset=\"https:\/\/blogit.gradia.fi\/hannisjarvinen-tdpt2104\/wp-content\/uploads\/sites\/235\/2022\/02\/20220128_152530cc-691x1024.jpg 691w, https:\/\/blogit.gradia.fi\/hannisjarvinen-tdpt2104\/wp-content\/uploads\/sites\/235\/2022\/02\/20220128_152530cc-202x300.jpg 202w, https:\/\/blogit.gradia.fi\/hannisjarvinen-tdpt2104\/wp-content\/uploads\/sites\/235\/2022\/02\/20220128_152530cc-768x1138.jpg 768w, https:\/\/blogit.gradia.fi\/hannisjarvinen-tdpt2104\/wp-content\/uploads\/sites\/235\/2022\/02\/20220128_152530cc-1036x1536.jpg 1036w, https:\/\/blogit.gradia.fi\/hannisjarvinen-tdpt2104\/wp-content\/uploads\/sites\/235\/2022\/02\/20220128_152530cc-1382x2048.jpg 1382w, https:\/\/blogit.gradia.fi\/hannisjarvinen-tdpt2104\/wp-content\/uploads\/sites\/235\/2022\/02\/20220128_152530cc-scaled.jpg 1727w\" sizes=\"auto, (max-width: 691px) 100vw, 691px\" \/><\/figure><\/li><\/ul><\/figure>\n\n\n\n<div class=\"wp-block-group\"><div class=\"wp-block-group__inner-container is-layout-flow wp-block-group-is-layout-flow\">\n<div class=\"wp-block-columns is-layout-flex wp-container-core-columns-is-layout-9d6595d7 wp-block-columns-is-layout-flex\">\n<div class=\"wp-block-column is-layout-flow wp-block-column-is-layout-flow\" style=\"flex-basis:100%\">\n<p>Asiakkaan toiveena maton v\u00e4reiksi olivat limen vihre\u00e4, sinisen ja vihre\u00e4n s\u00e4vyt sek\u00e4 musta. Pieniss\u00e4 m\u00e4\u00e4rin my\u00f6s valkoista oli toiveissa, mutta punainen oli kiellettyjen listalla. Mitoissa p\u00e4\u00e4dyimme 80&#215;180 senttiseen mattoon ilman hapsuja.<\/p>\n<\/div>\n<\/div>\n<\/div><\/div>\n","protected":false},"excerpt":{"rendered":"<p>Asiakasty\u00f6n suunnittelu alkoi viikolla 6. Olen jo pidemp\u00e4\u00e4n luvannut tehd\u00e4 \u00e4idille maton keitti\u00f6\u00f6n, mutta en ole kerennyt. Nyt ryhdyin maton tekemiseen asiakasty\u00f6n muodossa. V\u00e4rj\u00e4yksen viimeisell\u00e4 viikolla v\u00e4rj\u00e4sin viel\u00e4 pari lakanaa matonkuteiksi. Tarkoituksena oli saada limetin vihre\u00e4\u00e4 ja mielest\u00e4ni v\u00e4rj\u00e4ys onnistui hyvin. Asiakkaan toiveena maton v\u00e4reiksi olivat limen vihre\u00e4, sinisen ja vihre\u00e4n s\u00e4vyt sek\u00e4 musta. Pieniss\u00e4 &hellip; <\/p>\n<p class=\"link-more\"><a href=\"https:\/\/blogit.gradia.fi\/hannisjarvinen-tdpt2104\/2022\/02\/14\/asiakastyon-suunnittelu\/\" class=\"more-link\">Jatka lukemista<span class=\"screen-reader-text\"> &#8221;Asiakasty\u00f6n suunnittelu&#8221;<\/span><\/a><\/p>\n","protected":false},"author":771,"featured_media":0,"comment_status":"open","ping_status":"open","sticky":false,"template":"","format":"standard","meta":{"_uag_custom_page_level_css":"","footnotes":""},"categories":[11],"tags":[],"class_list":["post-386","post","type-post","status-publish","format-standard","hentry","category-asiakastyo"],"yoast_head":"<!-- This site is optimized with the Yoast SEO plugin v27.5 - https:\/\/yoast.com\/product\/yoast-seo-wordpress\/ -->\n<title>Asiakasty\u00f6n suunnittelu - Oppimisp\u00e4iv\u00e4kirja<\/title>\n<meta name=\"robots\" content=\"index, follow, max-snippet:-1, max-image-preview:large, max-video-preview:-1\" \/>\n<link rel=\"canonical\" href=\"https:\/\/blogit.gradia.fi\/hannisjarvinen-tdpt2104\/2022\/02\/14\/asiakastyon-suunnittelu\/\" \/>\n<meta property=\"og:locale\" content=\"fi_FI\" \/>\n<meta property=\"og:type\" content=\"article\" \/>\n<meta property=\"og:title\" content=\"Asiakasty\u00f6n suunnittelu - Oppimisp\u00e4iv\u00e4kirja\" \/>\n<meta property=\"og:description\" content=\"Asiakasty\u00f6n suunnittelu alkoi viikolla 6. Olen jo pidemp\u00e4\u00e4n luvannut tehd\u00e4 \u00e4idille maton keitti\u00f6\u00f6n, mutta en ole kerennyt. Nyt ryhdyin maton tekemiseen asiakasty\u00f6n muodossa. V\u00e4rj\u00e4yksen viimeisell\u00e4 viikolla v\u00e4rj\u00e4sin viel\u00e4 pari lakanaa matonkuteiksi. Tarkoituksena oli saada limetin vihre\u00e4\u00e4 ja mielest\u00e4ni v\u00e4rj\u00e4ys onnistui hyvin. Asiakkaan toiveena maton v\u00e4reiksi olivat limen vihre\u00e4, sinisen ja vihre\u00e4n s\u00e4vyt sek\u00e4 musta. Pieniss\u00e4 &hellip; Jatka lukemista &quot;Asiakasty\u00f6n suunnittelu&quot;\" \/>\n<meta property=\"og:url\" content=\"https:\/\/blogit.gradia.fi\/hannisjarvinen-tdpt2104\/2022\/02\/14\/asiakastyon-suunnittelu\/\" \/>\n<meta property=\"og:site_name\" content=\"Oppimisp\u00e4iv\u00e4kirja\" \/>\n<meta property=\"article:published_time\" content=\"2022-02-14T14:56:32+00:00\" \/>\n<meta property=\"article:modified_time\" content=\"2022-02-14T14:56:34+00:00\" \/>\n<meta property=\"og:image\" content=\"https:\/\/blogit.gradia.fi\/hannisjarvinen-tdpt2104\/wp-content\/uploads\/sites\/235\/2022\/02\/20220128_131422-1-1024x768.jpg\" \/>\n<meta name=\"author\" content=\"Hannis J\u00e4rvinen\" \/>\n<meta name=\"twitter:card\" content=\"summary_large_image\" \/>\n<meta name=\"twitter:label1\" content=\"Kirjoittanut\" \/>\n\t<meta name=\"twitter:data1\" content=\"Hannis J\u00e4rvinen\" \/>\n\t<meta name=\"twitter:label2\" content=\"Arvioitu lukuaika\" \/>\n\t<meta name=\"twitter:data2\" content=\"2 minuuttia\" \/>\n<script type=\"application\/ld+json\" class=\"yoast-schema-graph\">{\"@context\":\"https:\\\/\\\/schema.org\",\"@graph\":[{\"@type\":\"Article\",\"@id\":\"https:\\\/\\\/blogit.gradia.fi\\\/hannisjarvinen-tdpt2104\\\/2022\\\/02\\\/14\\\/asiakastyon-suunnittelu\\\/#article\",\"isPartOf\":{\"@id\":\"https:\\\/\\\/blogit.gradia.fi\\\/hannisjarvinen-tdpt2104\\\/2022\\\/02\\\/14\\\/asiakastyon-suunnittelu\\\/\"},\"author\":{\"name\":\"Hannis J\u00e4rvinen\",\"@id\":\"https:\\\/\\\/blogit.gradia.fi\\\/hannisjarvinen-tdpt2104\\\/#\\\/schema\\\/person\\\/e011261e8d441be7cf033a749535de0c\"},\"headline\":\"Asiakasty\u00f6n suunnittelu\",\"datePublished\":\"2022-02-14T14:56:32+00:00\",\"dateModified\":\"2022-02-14T14:56:34+00:00\",\"mainEntityOfPage\":{\"@id\":\"https:\\\/\\\/blogit.gradia.fi\\\/hannisjarvinen-tdpt2104\\\/2022\\\/02\\\/14\\\/asiakastyon-suunnittelu\\\/\"},\"wordCount\":106,\"commentCount\":0,\"image\":{\"@id\":\"https:\\\/\\\/blogit.gradia.fi\\\/hannisjarvinen-tdpt2104\\\/2022\\\/02\\\/14\\\/asiakastyon-suunnittelu\\\/#primaryimage\"},\"thumbnailUrl\":\"https:\\\/\\\/blogit.gradia.fi\\\/hannisjarvinen-tdpt2104\\\/wp-content\\\/uploads\\\/sites\\\/235\\\/2022\\\/02\\\/20220128_131422-1-1024x768.jpg\",\"articleSection\":[\"Asiakasty\u00f6\"],\"inLanguage\":\"fi\",\"potentialAction\":[{\"@type\":\"CommentAction\",\"name\":\"Comment\",\"target\":[\"https:\\\/\\\/blogit.gradia.fi\\\/hannisjarvinen-tdpt2104\\\/2022\\\/02\\\/14\\\/asiakastyon-suunnittelu\\\/#respond\"]}]},{\"@type\":\"WebPage\",\"@id\":\"https:\\\/\\\/blogit.gradia.fi\\\/hannisjarvinen-tdpt2104\\\/2022\\\/02\\\/14\\\/asiakastyon-suunnittelu\\\/\",\"url\":\"https:\\\/\\\/blogit.gradia.fi\\\/hannisjarvinen-tdpt2104\\\/2022\\\/02\\\/14\\\/asiakastyon-suunnittelu\\\/\",\"name\":\"Asiakasty\u00f6n suunnittelu - Oppimisp\u00e4iv\u00e4kirja\",\"isPartOf\":{\"@id\":\"https:\\\/\\\/blogit.gradia.fi\\\/hannisjarvinen-tdpt2104\\\/#website\"},\"primaryImageOfPage\":{\"@id\":\"https:\\\/\\\/blogit.gradia.fi\\\/hannisjarvinen-tdpt2104\\\/2022\\\/02\\\/14\\\/asiakastyon-suunnittelu\\\/#primaryimage\"},\"image\":{\"@id\":\"https:\\\/\\\/blogit.gradia.fi\\\/hannisjarvinen-tdpt2104\\\/2022\\\/02\\\/14\\\/asiakastyon-suunnittelu\\\/#primaryimage\"},\"thumbnailUrl\":\"https:\\\/\\\/blogit.gradia.fi\\\/hannisjarvinen-tdpt2104\\\/wp-content\\\/uploads\\\/sites\\\/235\\\/2022\\\/02\\\/20220128_131422-1-1024x768.jpg\",\"datePublished\":\"2022-02-14T14:56:32+00:00\",\"dateModified\":\"2022-02-14T14:56:34+00:00\",\"author\":{\"@id\":\"https:\\\/\\\/blogit.gradia.fi\\\/hannisjarvinen-tdpt2104\\\/#\\\/schema\\\/person\\\/e011261e8d441be7cf033a749535de0c\"},\"breadcrumb\":{\"@id\":\"https:\\\/\\\/blogit.gradia.fi\\\/hannisjarvinen-tdpt2104\\\/2022\\\/02\\\/14\\\/asiakastyon-suunnittelu\\\/#breadcrumb\"},\"inLanguage\":\"fi\",\"potentialAction\":[{\"@type\":\"ReadAction\",\"target\":[\"https:\\\/\\\/blogit.gradia.fi\\\/hannisjarvinen-tdpt2104\\\/2022\\\/02\\\/14\\\/asiakastyon-suunnittelu\\\/\"]}]},{\"@type\":\"ImageObject\",\"inLanguage\":\"fi\",\"@id\":\"https:\\\/\\\/blogit.gradia.fi\\\/hannisjarvinen-tdpt2104\\\/2022\\\/02\\\/14\\\/asiakastyon-suunnittelu\\\/#primaryimage\",\"url\":\"https:\\\/\\\/blogit.gradia.fi\\\/hannisjarvinen-tdpt2104\\\/wp-content\\\/uploads\\\/sites\\\/235\\\/2022\\\/02\\\/20220128_131422-1-scaled.jpg\",\"contentUrl\":\"https:\\\/\\\/blogit.gradia.fi\\\/hannisjarvinen-tdpt2104\\\/wp-content\\\/uploads\\\/sites\\\/235\\\/2022\\\/02\\\/20220128_131422-1-scaled.jpg\",\"width\":2560,\"height\":1920},{\"@type\":\"BreadcrumbList\",\"@id\":\"https:\\\/\\\/blogit.gradia.fi\\\/hannisjarvinen-tdpt2104\\\/2022\\\/02\\\/14\\\/asiakastyon-suunnittelu\\\/#breadcrumb\",\"itemListElement\":[{\"@type\":\"ListItem\",\"position\":1,\"name\":\"Etusivu\",\"item\":\"https:\\\/\\\/blogit.gradia.fi\\\/hannisjarvinen-tdpt2104\\\/\"},{\"@type\":\"ListItem\",\"position\":2,\"name\":\"Asiakasty\u00f6n suunnittelu\"}]},{\"@type\":\"WebSite\",\"@id\":\"https:\\\/\\\/blogit.gradia.fi\\\/hannisjarvinen-tdpt2104\\\/#website\",\"url\":\"https:\\\/\\\/blogit.gradia.fi\\\/hannisjarvinen-tdpt2104\\\/\",\"name\":\"Oppimisp\u00e4iv\u00e4kirja\",\"description\":\"Hannis J\u00e4rvinen\",\"potentialAction\":[{\"@type\":\"SearchAction\",\"target\":{\"@type\":\"EntryPoint\",\"urlTemplate\":\"https:\\\/\\\/blogit.gradia.fi\\\/hannisjarvinen-tdpt2104\\\/?s={search_term_string}\"},\"query-input\":{\"@type\":\"PropertyValueSpecification\",\"valueRequired\":true,\"valueName\":\"search_term_string\"}}],\"inLanguage\":\"fi\"},{\"@type\":\"Person\",\"@id\":\"https:\\\/\\\/blogit.gradia.fi\\\/hannisjarvinen-tdpt2104\\\/#\\\/schema\\\/person\\\/e011261e8d441be7cf033a749535de0c\",\"name\":\"Hannis J\u00e4rvinen\",\"image\":{\"@type\":\"ImageObject\",\"inLanguage\":\"fi\",\"@id\":\"https:\\\/\\\/secure.gravatar.com\\\/avatar\\\/34ac6c536edfe2e363a0d57b1d24074e7abdca5a40940d30224c716c81d9b9ba?s=96&d=mm&r=g\",\"url\":\"https:\\\/\\\/secure.gravatar.com\\\/avatar\\\/34ac6c536edfe2e363a0d57b1d24074e7abdca5a40940d30224c716c81d9b9ba?s=96&d=mm&r=g\",\"contentUrl\":\"https:\\\/\\\/secure.gravatar.com\\\/avatar\\\/34ac6c536edfe2e363a0d57b1d24074e7abdca5a40940d30224c716c81d9b9ba?s=96&d=mm&r=g\",\"caption\":\"Hannis J\u00e4rvinen\"},\"url\":\"https:\\\/\\\/blogit.gradia.fi\\\/hannisjarvinen-tdpt2104\\\/author\\\/gr266238\\\/\"}]}<\/script>\n<!-- \/ Yoast SEO plugin. -->","yoast_head_json":{"title":"Asiakasty\u00f6n suunnittelu - Oppimisp\u00e4iv\u00e4kirja","robots":{"index":"index","follow":"follow","max-snippet":"max-snippet:-1","max-image-preview":"max-image-preview:large","max-video-preview":"max-video-preview:-1"},"canonical":"https:\/\/blogit.gradia.fi\/hannisjarvinen-tdpt2104\/2022\/02\/14\/asiakastyon-suunnittelu\/","og_locale":"fi_FI","og_type":"article","og_title":"Asiakasty\u00f6n suunnittelu - Oppimisp\u00e4iv\u00e4kirja","og_description":"Asiakasty\u00f6n suunnittelu alkoi viikolla 6. Olen jo pidemp\u00e4\u00e4n luvannut tehd\u00e4 \u00e4idille maton keitti\u00f6\u00f6n, mutta en ole kerennyt. Nyt ryhdyin maton tekemiseen asiakasty\u00f6n muodossa. V\u00e4rj\u00e4yksen viimeisell\u00e4 viikolla v\u00e4rj\u00e4sin viel\u00e4 pari lakanaa matonkuteiksi. Tarkoituksena oli saada limetin vihre\u00e4\u00e4 ja mielest\u00e4ni v\u00e4rj\u00e4ys onnistui hyvin. Asiakkaan toiveena maton v\u00e4reiksi olivat limen vihre\u00e4, sinisen ja vihre\u00e4n s\u00e4vyt sek\u00e4 musta. Pieniss\u00e4 &hellip; Jatka lukemista \"Asiakasty\u00f6n suunnittelu\"","og_url":"https:\/\/blogit.gradia.fi\/hannisjarvinen-tdpt2104\/2022\/02\/14\/asiakastyon-suunnittelu\/","og_site_name":"Oppimisp\u00e4iv\u00e4kirja","article_published_time":"2022-02-14T14:56:32+00:00","article_modified_time":"2022-02-14T14:56:34+00:00","og_image":[{"url":"https:\/\/blogit.gradia.fi\/hannisjarvinen-tdpt2104\/wp-content\/uploads\/sites\/235\/2022\/02\/20220128_131422-1-1024x768.jpg","type":"","width":"","height":""}],"author":"Hannis J\u00e4rvinen","twitter_card":"summary_large_image","twitter_misc":{"Kirjoittanut":"Hannis J\u00e4rvinen","Arvioitu lukuaika":"2 minuuttia"},"schema":{"@context":"https:\/\/schema.org","@graph":[{"@type":"Article","@id":"https:\/\/blogit.gradia.fi\/hannisjarvinen-tdpt2104\/2022\/02\/14\/asiakastyon-suunnittelu\/#article","isPartOf":{"@id":"https:\/\/blogit.gradia.fi\/hannisjarvinen-tdpt2104\/2022\/02\/14\/asiakastyon-suunnittelu\/"},"author":{"name":"Hannis J\u00e4rvinen","@id":"https:\/\/blogit.gradia.fi\/hannisjarvinen-tdpt2104\/#\/schema\/person\/e011261e8d441be7cf033a749535de0c"},"headline":"Asiakasty\u00f6n suunnittelu","datePublished":"2022-02-14T14:56:32+00:00","dateModified":"2022-02-14T14:56:34+00:00","mainEntityOfPage":{"@id":"https:\/\/blogit.gradia.fi\/hannisjarvinen-tdpt2104\/2022\/02\/14\/asiakastyon-suunnittelu\/"},"wordCount":106,"commentCount":0,"image":{"@id":"https:\/\/blogit.gradia.fi\/hannisjarvinen-tdpt2104\/2022\/02\/14\/asiakastyon-suunnittelu\/#primaryimage"},"thumbnailUrl":"https:\/\/blogit.gradia.fi\/hannisjarvinen-tdpt2104\/wp-content\/uploads\/sites\/235\/2022\/02\/20220128_131422-1-1024x768.jpg","articleSection":["Asiakasty\u00f6"],"inLanguage":"fi","potentialAction":[{"@type":"CommentAction","name":"Comment","target":["https:\/\/blogit.gradia.fi\/hannisjarvinen-tdpt2104\/2022\/02\/14\/asiakastyon-suunnittelu\/#respond"]}]},{"@type":"WebPage","@id":"https:\/\/blogit.gradia.fi\/hannisjarvinen-tdpt2104\/2022\/02\/14\/asiakastyon-suunnittelu\/","url":"https:\/\/blogit.gradia.fi\/hannisjarvinen-tdpt2104\/2022\/02\/14\/asiakastyon-suunnittelu\/","name":"Asiakasty\u00f6n suunnittelu - Oppimisp\u00e4iv\u00e4kirja","isPartOf":{"@id":"https:\/\/blogit.gradia.fi\/hannisjarvinen-tdpt2104\/#website"},"primaryImageOfPage":{"@id":"https:\/\/blogit.gradia.fi\/hannisjarvinen-tdpt2104\/2022\/02\/14\/asiakastyon-suunnittelu\/#primaryimage"},"image":{"@id":"https:\/\/blogit.gradia.fi\/hannisjarvinen-tdpt2104\/2022\/02\/14\/asiakastyon-suunnittelu\/#primaryimage"},"thumbnailUrl":"https:\/\/blogit.gradia.fi\/hannisjarvinen-tdpt2104\/wp-content\/uploads\/sites\/235\/2022\/02\/20220128_131422-1-1024x768.jpg","datePublished":"2022-02-14T14:56:32+00:00","dateModified":"2022-02-14T14:56:34+00:00","author":{"@id":"https:\/\/blogit.gradia.fi\/hannisjarvinen-tdpt2104\/#\/schema\/person\/e011261e8d441be7cf033a749535de0c"},"breadcrumb":{"@id":"https:\/\/blogit.gradia.fi\/hannisjarvinen-tdpt2104\/2022\/02\/14\/asiakastyon-suunnittelu\/#breadcrumb"},"inLanguage":"fi","potentialAction":[{"@type":"ReadAction","target":["https:\/\/blogit.gradia.fi\/hannisjarvinen-tdpt2104\/2022\/02\/14\/asiakastyon-suunnittelu\/"]}]},{"@type":"ImageObject","inLanguage":"fi","@id":"https:\/\/blogit.gradia.fi\/hannisjarvinen-tdpt2104\/2022\/02\/14\/asiakastyon-suunnittelu\/#primaryimage","url":"https:\/\/blogit.gradia.fi\/hannisjarvinen-tdpt2104\/wp-content\/uploads\/sites\/235\/2022\/02\/20220128_131422-1-scaled.jpg","contentUrl":"https:\/\/blogit.gradia.fi\/hannisjarvinen-tdpt2104\/wp-content\/uploads\/sites\/235\/2022\/02\/20220128_131422-1-scaled.jpg","width":2560,"height":1920},{"@type":"BreadcrumbList","@id":"https:\/\/blogit.gradia.fi\/hannisjarvinen-tdpt2104\/2022\/02\/14\/asiakastyon-suunnittelu\/#breadcrumb","itemListElement":[{"@type":"ListItem","position":1,"name":"Etusivu","item":"https:\/\/blogit.gradia.fi\/hannisjarvinen-tdpt2104\/"},{"@type":"ListItem","position":2,"name":"Asiakasty\u00f6n suunnittelu"}]},{"@type":"WebSite","@id":"https:\/\/blogit.gradia.fi\/hannisjarvinen-tdpt2104\/#website","url":"https:\/\/blogit.gradia.fi\/hannisjarvinen-tdpt2104\/","name":"Oppimisp\u00e4iv\u00e4kirja","description":"Hannis J\u00e4rvinen","potentialAction":[{"@type":"SearchAction","target":{"@type":"EntryPoint","urlTemplate":"https:\/\/blogit.gradia.fi\/hannisjarvinen-tdpt2104\/?s={search_term_string}"},"query-input":{"@type":"PropertyValueSpecification","valueRequired":true,"valueName":"search_term_string"}}],"inLanguage":"fi"},{"@type":"Person","@id":"https:\/\/blogit.gradia.fi\/hannisjarvinen-tdpt2104\/#\/schema\/person\/e011261e8d441be7cf033a749535de0c","name":"Hannis J\u00e4rvinen","image":{"@type":"ImageObject","inLanguage":"fi","@id":"https:\/\/secure.gravatar.com\/avatar\/34ac6c536edfe2e363a0d57b1d24074e7abdca5a40940d30224c716c81d9b9ba?s=96&d=mm&r=g","url":"https:\/\/secure.gravatar.com\/avatar\/34ac6c536edfe2e363a0d57b1d24074e7abdca5a40940d30224c716c81d9b9ba?s=96&d=mm&r=g","contentUrl":"https:\/\/secure.gravatar.com\/avatar\/34ac6c536edfe2e363a0d57b1d24074e7abdca5a40940d30224c716c81d9b9ba?s=96&d=mm&r=g","caption":"Hannis J\u00e4rvinen"},"url":"https:\/\/blogit.gradia.fi\/hannisjarvinen-tdpt2104\/author\/gr266238\/"}]}},"uagb_featured_image_src":{"full":false,"thumbnail":false,"medium":false,"medium_large":false,"large":false,"1536x1536":false,"2048x2048":false,"twentyseventeen-featured-image":false,"twentyseventeen-thumbnail-avatar":false},"uagb_author_info":{"display_name":"Hannis J\u00e4rvinen","author_link":"https:\/\/blogit.gradia.fi\/hannisjarvinen-tdpt2104\/author\/gr266238\/"},"uagb_comment_info":0,"uagb_excerpt":"Asiakasty\u00f6n suunnittelu alkoi viikolla 6. Olen jo pidemp\u00e4\u00e4n luvannut tehd\u00e4 \u00e4idille maton keitti\u00f6\u00f6n, mutta en ole kerennyt. Nyt ryhdyin maton tekemiseen asiakasty\u00f6n muodossa. V\u00e4rj\u00e4yksen viimeisell\u00e4 viikolla v\u00e4rj\u00e4sin viel\u00e4 pari lakanaa matonkuteiksi. Tarkoituksena oli saada limetin vihre\u00e4\u00e4 ja mielest\u00e4ni v\u00e4rj\u00e4ys onnistui hyvin. Asiakkaan toiveena maton v\u00e4reiksi olivat limen vihre\u00e4, sinisen ja vihre\u00e4n s\u00e4vyt sek\u00e4 musta. Pieniss\u00e4&hellip;","_links":{"self":[{"href":"https:\/\/blogit.gradia.fi\/hannisjarvinen-tdpt2104\/wp-json\/wp\/v2\/posts\/386","targetHints":{"allow":["GET"]}}],"collection":[{"href":"https:\/\/blogit.gradia.fi\/hannisjarvinen-tdpt2104\/wp-json\/wp\/v2\/posts"}],"about":[{"href":"https:\/\/blogit.gradia.fi\/hannisjarvinen-tdpt2104\/wp-json\/wp\/v2\/types\/post"}],"author":[{"embeddable":true,"href":"https:\/\/blogit.gradia.fi\/hannisjarvinen-tdpt2104\/wp-json\/wp\/v2\/users\/771"}],"replies":[{"embeddable":true,"href":"https:\/\/blogit.gradia.fi\/hannisjarvinen-tdpt2104\/wp-json\/wp\/v2\/comments?post=386"}],"version-history":[{"count":3,"href":"https:\/\/blogit.gradia.fi\/hannisjarvinen-tdpt2104\/wp-json\/wp\/v2\/posts\/386\/revisions"}],"predecessor-version":[{"id":418,"href":"https:\/\/blogit.gradia.fi\/hannisjarvinen-tdpt2104\/wp-json\/wp\/v2\/posts\/386\/revisions\/418"}],"wp:attachment":[{"href":"https:\/\/blogit.gradia.fi\/hannisjarvinen-tdpt2104\/wp-json\/wp\/v2\/media?parent=386"}],"wp:term":[{"taxonomy":"category","embeddable":true,"href":"https:\/\/blogit.gradia.fi\/hannisjarvinen-tdpt2104\/wp-json\/wp\/v2\/categories?post=386"},{"taxonomy":"post_tag","embeddable":true,"href":"https:\/\/blogit.gradia.fi\/hannisjarvinen-tdpt2104\/wp-json\/wp\/v2\/tags?post=386"}],"curies":[{"name":"wp","href":"https:\/\/api.w.org\/{rel}","templated":true}]}}