{"id":337,"date":"2022-01-21T13:49:26","date_gmt":"2022-01-21T11:49:26","guid":{"rendered":"https:\/\/blogit.gradia.fi\/hannisjarvinen-tdpt2104\/?p=337"},"modified":"2022-02-05T10:15:37","modified_gmt":"2022-02-05T08:15:37","slug":"varjaysta","status":"publish","type":"post","link":"https:\/\/blogit.gradia.fi\/hannisjarvinen-tdpt2104\/2022\/01\/21\/varjaysta\/","title":{"rendered":"Selluloosakuitujen v\u00e4rj\u00e4\u00e4minen"},"content":{"rendered":"\n<p>Lopulta p\u00e4\u00e4sin kouluun vain kolmeksi p\u00e4iv\u00e4\u00e4, kun flunssa iski uudelleen. Sain kuitenkin tehty\u00e4 reaktiov\u00e4reill\u00e4 muutamia kankaita. T\u00e4ss\u00e4 kuvia ty\u00f6vaiheista ja kuvailottelua valmiista kankaista.<\/p>\n\n\n\n<figure class=\"wp-block-gallery columns-2 is-cropped wp-block-gallery-1 is-layout-flex wp-block-gallery-is-layout-flex\"><ul class=\"blocks-gallery-grid\"><li class=\"blocks-gallery-item\"><figure><img loading=\"lazy\" decoding=\"async\" width=\"890\" height=\"1024\" src=\"https:\/\/blogit.gradia.fi\/hannisjarvinen-tdpt2104\/wp-content\/uploads\/sites\/235\/2022\/01\/20220114_111854c-890x1024.jpg\" alt=\"\" data-id=\"317\" data-full-url=\"https:\/\/blogit.gradia.fi\/hannisjarvinen-tdpt2104\/wp-content\/uploads\/sites\/235\/2022\/01\/20220114_111854c-scaled.jpg\" data-link=\"https:\/\/blogit.gradia.fi\/hannisjarvinen-tdpt2104\/2022\/01\/16\/varjays-alkaa-reaktiovareilla\/20220114_111854c\/\" class=\"wp-image-317\" srcset=\"https:\/\/blogit.gradia.fi\/hannisjarvinen-tdpt2104\/wp-content\/uploads\/sites\/235\/2022\/01\/20220114_111854c-890x1024.jpg 890w, https:\/\/blogit.gradia.fi\/hannisjarvinen-tdpt2104\/wp-content\/uploads\/sites\/235\/2022\/01\/20220114_111854c-261x300.jpg 261w, https:\/\/blogit.gradia.fi\/hannisjarvinen-tdpt2104\/wp-content\/uploads\/sites\/235\/2022\/01\/20220114_111854c-768x883.jpg 768w, https:\/\/blogit.gradia.fi\/hannisjarvinen-tdpt2104\/wp-content\/uploads\/sites\/235\/2022\/01\/20220114_111854c-1335x1536.jpg 1335w, https:\/\/blogit.gradia.fi\/hannisjarvinen-tdpt2104\/wp-content\/uploads\/sites\/235\/2022\/01\/20220114_111854c-1781x2048.jpg 1781w\" sizes=\"auto, (max-width: 767px) 89vw, (max-width: 1000px) 54vw, (max-width: 1071px) 543px, 580px\" \/><\/figure><\/li><li class=\"blocks-gallery-item\"><figure><img loading=\"lazy\" decoding=\"async\" width=\"904\" height=\"1024\" src=\"https:\/\/blogit.gradia.fi\/hannisjarvinen-tdpt2104\/wp-content\/uploads\/sites\/235\/2022\/01\/20220114_115223-904x1024.jpg\" alt=\"\" data-id=\"318\" data-full-url=\"https:\/\/blogit.gradia.fi\/hannisjarvinen-tdpt2104\/wp-content\/uploads\/sites\/235\/2022\/01\/20220114_115223-scaled.jpg\" data-link=\"https:\/\/blogit.gradia.fi\/hannisjarvinen-tdpt2104\/2022\/01\/16\/varjays-alkaa-reaktiovareilla\/20220114_115223\/\" class=\"wp-image-318\" srcset=\"https:\/\/blogit.gradia.fi\/hannisjarvinen-tdpt2104\/wp-content\/uploads\/sites\/235\/2022\/01\/20220114_115223-904x1024.jpg 904w, https:\/\/blogit.gradia.fi\/hannisjarvinen-tdpt2104\/wp-content\/uploads\/sites\/235\/2022\/01\/20220114_115223-265x300.jpg 265w, https:\/\/blogit.gradia.fi\/hannisjarvinen-tdpt2104\/wp-content\/uploads\/sites\/235\/2022\/01\/20220114_115223-768x870.jpg 768w, https:\/\/blogit.gradia.fi\/hannisjarvinen-tdpt2104\/wp-content\/uploads\/sites\/235\/2022\/01\/20220114_115223-1356x1536.jpg 1356w, https:\/\/blogit.gradia.fi\/hannisjarvinen-tdpt2104\/wp-content\/uploads\/sites\/235\/2022\/01\/20220114_115223-1808x2048.jpg 1808w\" sizes=\"auto, (max-width: 767px) 89vw, (max-width: 1000px) 54vw, (max-width: 1071px) 543px, 580px\" \/><\/figure><\/li><\/ul><\/figure>\n\n\n\n<p>Ihastuin erilaisiin aaltokuvioihin, joita sain aikaiseksi sitomalla kankaita erilaisten kapuloiden ja putkien p\u00e4\u00e4lle. Viimeisen\u00e4 p\u00e4iv\u00e4n\u00e4 otin v\u00e4rivalinnakseni voimakkaan mariinin sinisen, koska halusin kunnollista kontrastia kankaisiin. T\u00e4ll\u00e4 kertaa v\u00e4rivalinta osui nappiin. Valkoisten liinojen lis\u00e4ksi lis\u00e4sin v\u00e4rikylpyyn my\u00f6s pari palaa ekoprint-kokeilussa ep\u00e4onnistunutta rusehtavaa kangasta.  Toiseen olin painanut karhukaiskuviota seulaa putsatessani.  N\u00e4m\u00e4 kankaat onnistuivat eritt\u00e4in hyvin.<\/p>\n\n\n\n<figure class=\"wp-block-image size-large\"><img loading=\"lazy\" decoding=\"async\" width=\"971\" height=\"1024\" src=\"https:\/\/blogit.gradia.fi\/hannisjarvinen-tdpt2104\/wp-content\/uploads\/sites\/235\/2022\/01\/20220121_111921c-971x1024.jpg\" alt=\"\" class=\"wp-image-338\" srcset=\"https:\/\/blogit.gradia.fi\/hannisjarvinen-tdpt2104\/wp-content\/uploads\/sites\/235\/2022\/01\/20220121_111921c-971x1024.jpg 971w, https:\/\/blogit.gradia.fi\/hannisjarvinen-tdpt2104\/wp-content\/uploads\/sites\/235\/2022\/01\/20220121_111921c-284x300.jpg 284w, https:\/\/blogit.gradia.fi\/hannisjarvinen-tdpt2104\/wp-content\/uploads\/sites\/235\/2022\/01\/20220121_111921c-768x810.jpg 768w, https:\/\/blogit.gradia.fi\/hannisjarvinen-tdpt2104\/wp-content\/uploads\/sites\/235\/2022\/01\/20220121_111921c-1456x1536.jpg 1456w, https:\/\/blogit.gradia.fi\/hannisjarvinen-tdpt2104\/wp-content\/uploads\/sites\/235\/2022\/01\/20220121_111921c-1941x2048.jpg 1941w, https:\/\/blogit.gradia.fi\/hannisjarvinen-tdpt2104\/wp-content\/uploads\/sites\/235\/2022\/01\/20220121_111921c.jpg 1962w\" sizes=\"auto, (max-width: 767px) 89vw, (max-width: 1000px) 54vw, (max-width: 1071px) 543px, 580px\" \/><figcaption>Vasemmalla ylh\u00e4\u00e4ll\u00e4 on putken ymp\u00e4rille kiedottu lakanan pala. Se onnistui hyvin. Oikealla ja vasemmalla alhaalla ovat nyt kolmannessa v\u00e4rikylvyss\u00e4 olleet kankaan palaset. Niihinkin olen tyytyv\u00e4inen. Keskell\u00e4 oleva kangas oli ensin Hannan keltaisessa v\u00e4rikylvyss\u00e4 pienen\u00e4 myttyn\u00e4 ja lopuksi sinisess\u00e4 kylvyss\u00e4 minulla. T\u00e4ss\u00e4 kuvassa v\u00e4rit eiv\u00e4t aivan p\u00e4\u00e4se oikeuksiinsa.<\/figcaption><\/figure>\n\n\n\n<figure class=\"wp-block-image size-large\"><img loading=\"lazy\" decoding=\"async\" width=\"988\" height=\"1024\" src=\"https:\/\/blogit.gradia.fi\/hannisjarvinen-tdpt2104\/wp-content\/uploads\/sites\/235\/2022\/01\/20220121_112040c-988x1024.jpg\" alt=\"\" class=\"wp-image-339\" srcset=\"https:\/\/blogit.gradia.fi\/hannisjarvinen-tdpt2104\/wp-content\/uploads\/sites\/235\/2022\/01\/20220121_112040c-988x1024.jpg 988w, https:\/\/blogit.gradia.fi\/hannisjarvinen-tdpt2104\/wp-content\/uploads\/sites\/235\/2022\/01\/20220121_112040c-290x300.jpg 290w, https:\/\/blogit.gradia.fi\/hannisjarvinen-tdpt2104\/wp-content\/uploads\/sites\/235\/2022\/01\/20220121_112040c-768x796.jpg 768w, https:\/\/blogit.gradia.fi\/hannisjarvinen-tdpt2104\/wp-content\/uploads\/sites\/235\/2022\/01\/20220121_112040c-1483x1536.jpg 1483w, https:\/\/blogit.gradia.fi\/hannisjarvinen-tdpt2104\/wp-content\/uploads\/sites\/235\/2022\/01\/20220121_112040c-1977x2048.jpg 1977w\" sizes=\"auto, (max-width: 767px) 89vw, (max-width: 1000px) 54vw, (max-width: 1071px) 543px, 580px\" \/><figcaption>T\u00e4ss\u00e4 kuvassa on pitk\u00e4 karhukaiskuosilla  painettu kangassuikale. Ruskea ekoprintin tanniini kuultaa l\u00e4pi ja kankaasta tuli vieh\u00e4tt\u00e4v\u00e4. Erityisesti suomumaiset aaltokuviat ilahduttavat silm\u00e4\u00e4ni.<\/figcaption><\/figure>\n\n\n\n<figure class=\"wp-block-image size-large\"><img loading=\"lazy\" decoding=\"async\" width=\"1024\" height=\"1024\" src=\"https:\/\/blogit.gradia.fi\/hannisjarvinen-tdpt2104\/wp-content\/uploads\/sites\/235\/2022\/01\/20220121_113339c-1024x1024.jpg\" alt=\"\" class=\"wp-image-341\" srcset=\"https:\/\/blogit.gradia.fi\/hannisjarvinen-tdpt2104\/wp-content\/uploads\/sites\/235\/2022\/01\/20220121_113339c-1024x1024.jpg 1024w, https:\/\/blogit.gradia.fi\/hannisjarvinen-tdpt2104\/wp-content\/uploads\/sites\/235\/2022\/01\/20220121_113339c-300x300.jpg 300w, https:\/\/blogit.gradia.fi\/hannisjarvinen-tdpt2104\/wp-content\/uploads\/sites\/235\/2022\/01\/20220121_113339c-150x150.jpg 150w, https:\/\/blogit.gradia.fi\/hannisjarvinen-tdpt2104\/wp-content\/uploads\/sites\/235\/2022\/01\/20220121_113339c-768x768.jpg 768w, https:\/\/blogit.gradia.fi\/hannisjarvinen-tdpt2104\/wp-content\/uploads\/sites\/235\/2022\/01\/20220121_113339c-1536x1536.jpg 1536w, https:\/\/blogit.gradia.fi\/hannisjarvinen-tdpt2104\/wp-content\/uploads\/sites\/235\/2022\/01\/20220121_113339c-2048x2048.jpg 2048w, https:\/\/blogit.gradia.fi\/hannisjarvinen-tdpt2104\/wp-content\/uploads\/sites\/235\/2022\/01\/20220121_113339c-100x100.jpg 100w\" sizes=\"auto, (max-width: 767px) 89vw, (max-width: 1000px) 54vw, (max-width: 1071px) 543px, 580px\" \/><figcaption>Pinjan oranssissa v\u00e4rikylvyss\u00e4 minulla oli bilteman tikuilla sidottu kangas. T\u00e4st\u00e4kin tuli aika hauska vaikka tikuista tuli hiukan tummaa pistett\u00e4 kankaaseen. Ehk\u00e4 olivat liian kauan liemess\u00e4 likoamassa.<\/figcaption><\/figure>\n\n\n\n<figure class=\"wp-block-gallery columns-2 is-cropped wp-block-gallery-2 is-layout-flex wp-block-gallery-is-layout-flex\"><ul class=\"blocks-gallery-grid\"><li class=\"blocks-gallery-item\"><figure><img loading=\"lazy\" decoding=\"async\" width=\"795\" height=\"1024\" src=\"https:\/\/blogit.gradia.fi\/hannisjarvinen-tdpt2104\/wp-content\/uploads\/sites\/235\/2022\/01\/20220121_113627c-1-795x1024.jpg\" alt=\"\" data-id=\"351\" data-full-url=\"https:\/\/blogit.gradia.fi\/hannisjarvinen-tdpt2104\/wp-content\/uploads\/sites\/235\/2022\/01\/20220121_113627c-1-scaled.jpg\" data-link=\"https:\/\/blogit.gradia.fi\/hannisjarvinen-tdpt2104\/?attachment_id=351\" class=\"wp-image-351\" srcset=\"https:\/\/blogit.gradia.fi\/hannisjarvinen-tdpt2104\/wp-content\/uploads\/sites\/235\/2022\/01\/20220121_113627c-1-795x1024.jpg 795w, https:\/\/blogit.gradia.fi\/hannisjarvinen-tdpt2104\/wp-content\/uploads\/sites\/235\/2022\/01\/20220121_113627c-1-233x300.jpg 233w, https:\/\/blogit.gradia.fi\/hannisjarvinen-tdpt2104\/wp-content\/uploads\/sites\/235\/2022\/01\/20220121_113627c-1-768x989.jpg 768w, https:\/\/blogit.gradia.fi\/hannisjarvinen-tdpt2104\/wp-content\/uploads\/sites\/235\/2022\/01\/20220121_113627c-1-1193x1536.jpg 1193w, https:\/\/blogit.gradia.fi\/hannisjarvinen-tdpt2104\/wp-content\/uploads\/sites\/235\/2022\/01\/20220121_113627c-1-1590x2048.jpg 1590w, https:\/\/blogit.gradia.fi\/hannisjarvinen-tdpt2104\/wp-content\/uploads\/sites\/235\/2022\/01\/20220121_113627c-1-scaled.jpg 1988w\" sizes=\"auto, (max-width: 767px) 89vw, (max-width: 1000px) 54vw, (max-width: 1071px) 543px, 580px\" \/><\/figure><\/li><li class=\"blocks-gallery-item\"><figure><img loading=\"lazy\" decoding=\"async\" width=\"856\" height=\"1024\" src=\"https:\/\/blogit.gradia.fi\/hannisjarvinen-tdpt2104\/wp-content\/uploads\/sites\/235\/2022\/01\/20220121_131134c-856x1024.jpg\" alt=\"\" data-id=\"350\" data-link=\"https:\/\/blogit.gradia.fi\/hannisjarvinen-tdpt2104\/?attachment_id=350\" class=\"wp-image-350\" srcset=\"https:\/\/blogit.gradia.fi\/hannisjarvinen-tdpt2104\/wp-content\/uploads\/sites\/235\/2022\/01\/20220121_131134c-856x1024.jpg 856w, https:\/\/blogit.gradia.fi\/hannisjarvinen-tdpt2104\/wp-content\/uploads\/sites\/235\/2022\/01\/20220121_131134c-251x300.jpg 251w, https:\/\/blogit.gradia.fi\/hannisjarvinen-tdpt2104\/wp-content\/uploads\/sites\/235\/2022\/01\/20220121_131134c-768x918.jpg 768w, https:\/\/blogit.gradia.fi\/hannisjarvinen-tdpt2104\/wp-content\/uploads\/sites\/235\/2022\/01\/20220121_131134c-1285x1536.jpg 1285w, https:\/\/blogit.gradia.fi\/hannisjarvinen-tdpt2104\/wp-content\/uploads\/sites\/235\/2022\/01\/20220121_131134c.jpg 1686w\" sizes=\"auto, (max-width: 767px) 89vw, (max-width: 1000px) 54vw, (max-width: 1071px) 543px, 580px\" \/><\/figure><\/li><\/ul><\/figure>\n\n\n\n<p>sidonnan apuna k\u00e4ytetyt puukappaleet saivat kauniita v\u00e4rej\u00e4. Tein v\u00e4rj\u00e4ysliemiss\u00e4 olleista j\u00e4\u00e4tel\u00f6tikuista korvakorut.<\/p>\n","protected":false},"excerpt":{"rendered":"<p>Lopulta p\u00e4\u00e4sin kouluun vain kolmeksi p\u00e4iv\u00e4\u00e4, kun flunssa iski uudelleen. Sain kuitenkin tehty\u00e4 reaktiov\u00e4reill\u00e4 muutamia kankaita. T\u00e4ss\u00e4 kuvia ty\u00f6vaiheista ja kuvailottelua valmiista kankaista. Ihastuin erilaisiin aaltokuvioihin, joita sain aikaiseksi sitomalla kankaita erilaisten kapuloiden ja putkien p\u00e4\u00e4lle. Viimeisen\u00e4 p\u00e4iv\u00e4n\u00e4 otin v\u00e4rivalinnakseni voimakkaan mariinin sinisen, koska halusin kunnollista kontrastia kankaisiin. T\u00e4ll\u00e4 kertaa v\u00e4rivalinta osui nappiin. Valkoisten liinojen &hellip; <\/p>\n<p class=\"link-more\"><a href=\"https:\/\/blogit.gradia.fi\/hannisjarvinen-tdpt2104\/2022\/01\/21\/varjaysta\/\" class=\"more-link\">Jatka lukemista<span class=\"screen-reader-text\"> &#8221;Selluloosakuitujen v\u00e4rj\u00e4\u00e4minen&#8221;<\/span><\/a><\/p>\n","protected":false},"author":771,"featured_media":0,"comment_status":"open","ping_status":"open","sticky":false,"template":"","format":"standard","meta":{"_uag_custom_page_level_css":"","footnotes":""},"categories":[8],"tags":[],"class_list":["post-337","post","type-post","status-publish","format-standard","hentry","category-varjays"],"yoast_head":"<!-- This site is optimized with the Yoast SEO plugin v27.5 - https:\/\/yoast.com\/product\/yoast-seo-wordpress\/ -->\n<title>Selluloosakuitujen v\u00e4rj\u00e4\u00e4minen - Oppimisp\u00e4iv\u00e4kirja<\/title>\n<meta name=\"robots\" content=\"index, follow, max-snippet:-1, max-image-preview:large, max-video-preview:-1\" \/>\n<link rel=\"canonical\" href=\"https:\/\/blogit.gradia.fi\/hannisjarvinen-tdpt2104\/2022\/01\/21\/varjaysta\/\" \/>\n<meta property=\"og:locale\" content=\"fi_FI\" \/>\n<meta property=\"og:type\" content=\"article\" \/>\n<meta property=\"og:title\" content=\"Selluloosakuitujen v\u00e4rj\u00e4\u00e4minen - Oppimisp\u00e4iv\u00e4kirja\" \/>\n<meta property=\"og:description\" content=\"Lopulta p\u00e4\u00e4sin kouluun vain kolmeksi p\u00e4iv\u00e4\u00e4, kun flunssa iski uudelleen. Sain kuitenkin tehty\u00e4 reaktiov\u00e4reill\u00e4 muutamia kankaita. T\u00e4ss\u00e4 kuvia ty\u00f6vaiheista ja kuvailottelua valmiista kankaista. Ihastuin erilaisiin aaltokuvioihin, joita sain aikaiseksi sitomalla kankaita erilaisten kapuloiden ja putkien p\u00e4\u00e4lle. Viimeisen\u00e4 p\u00e4iv\u00e4n\u00e4 otin v\u00e4rivalinnakseni voimakkaan mariinin sinisen, koska halusin kunnollista kontrastia kankaisiin. T\u00e4ll\u00e4 kertaa v\u00e4rivalinta osui nappiin. Valkoisten liinojen &hellip; Jatka lukemista &quot;Selluloosakuitujen v\u00e4rj\u00e4\u00e4minen&quot;\" \/>\n<meta property=\"og:url\" content=\"https:\/\/blogit.gradia.fi\/hannisjarvinen-tdpt2104\/2022\/01\/21\/varjaysta\/\" \/>\n<meta property=\"og:site_name\" content=\"Oppimisp\u00e4iv\u00e4kirja\" \/>\n<meta property=\"article:published_time\" content=\"2022-01-21T11:49:26+00:00\" \/>\n<meta property=\"article:modified_time\" content=\"2022-02-05T08:15:37+00:00\" \/>\n<meta property=\"og:image\" content=\"https:\/\/blogit.gradia.fi\/hannisjarvinen-tdpt2104\/wp-content\/uploads\/sites\/235\/2022\/01\/20220114_111854c-890x1024.jpg\" \/>\n<meta name=\"author\" content=\"Hannis J\u00e4rvinen\" \/>\n<meta name=\"twitter:card\" content=\"summary_large_image\" \/>\n<meta name=\"twitter:label1\" content=\"Kirjoittanut\" \/>\n\t<meta name=\"twitter:data1\" content=\"Hannis J\u00e4rvinen\" \/>\n\t<meta name=\"twitter:label2\" content=\"Arvioitu lukuaika\" \/>\n\t<meta name=\"twitter:data2\" content=\"3 minuuttia\" \/>\n<script type=\"application\/ld+json\" class=\"yoast-schema-graph\">{\"@context\":\"https:\\\/\\\/schema.org\",\"@graph\":[{\"@type\":\"Article\",\"@id\":\"https:\\\/\\\/blogit.gradia.fi\\\/hannisjarvinen-tdpt2104\\\/2022\\\/01\\\/21\\\/varjaysta\\\/#article\",\"isPartOf\":{\"@id\":\"https:\\\/\\\/blogit.gradia.fi\\\/hannisjarvinen-tdpt2104\\\/2022\\\/01\\\/21\\\/varjaysta\\\/\"},\"author\":{\"name\":\"Hannis J\u00e4rvinen\",\"@id\":\"https:\\\/\\\/blogit.gradia.fi\\\/hannisjarvinen-tdpt2104\\\/#\\\/schema\\\/person\\\/e011261e8d441be7cf033a749535de0c\"},\"headline\":\"Selluloosakuitujen v\u00e4rj\u00e4\u00e4minen\",\"datePublished\":\"2022-01-21T11:49:26+00:00\",\"dateModified\":\"2022-02-05T08:15:37+00:00\",\"mainEntityOfPage\":{\"@id\":\"https:\\\/\\\/blogit.gradia.fi\\\/hannisjarvinen-tdpt2104\\\/2022\\\/01\\\/21\\\/varjaysta\\\/\"},\"wordCount\":227,\"commentCount\":0,\"image\":{\"@id\":\"https:\\\/\\\/blogit.gradia.fi\\\/hannisjarvinen-tdpt2104\\\/2022\\\/01\\\/21\\\/varjaysta\\\/#primaryimage\"},\"thumbnailUrl\":\"https:\\\/\\\/blogit.gradia.fi\\\/hannisjarvinen-tdpt2104\\\/wp-content\\\/uploads\\\/sites\\\/235\\\/2022\\\/01\\\/20220114_111854c-890x1024.jpg\",\"articleSection\":[\"V\u00e4rj\u00e4ys\"],\"inLanguage\":\"fi\",\"potentialAction\":[{\"@type\":\"CommentAction\",\"name\":\"Comment\",\"target\":[\"https:\\\/\\\/blogit.gradia.fi\\\/hannisjarvinen-tdpt2104\\\/2022\\\/01\\\/21\\\/varjaysta\\\/#respond\"]}]},{\"@type\":\"WebPage\",\"@id\":\"https:\\\/\\\/blogit.gradia.fi\\\/hannisjarvinen-tdpt2104\\\/2022\\\/01\\\/21\\\/varjaysta\\\/\",\"url\":\"https:\\\/\\\/blogit.gradia.fi\\\/hannisjarvinen-tdpt2104\\\/2022\\\/01\\\/21\\\/varjaysta\\\/\",\"name\":\"Selluloosakuitujen v\u00e4rj\u00e4\u00e4minen - Oppimisp\u00e4iv\u00e4kirja\",\"isPartOf\":{\"@id\":\"https:\\\/\\\/blogit.gradia.fi\\\/hannisjarvinen-tdpt2104\\\/#website\"},\"primaryImageOfPage\":{\"@id\":\"https:\\\/\\\/blogit.gradia.fi\\\/hannisjarvinen-tdpt2104\\\/2022\\\/01\\\/21\\\/varjaysta\\\/#primaryimage\"},\"image\":{\"@id\":\"https:\\\/\\\/blogit.gradia.fi\\\/hannisjarvinen-tdpt2104\\\/2022\\\/01\\\/21\\\/varjaysta\\\/#primaryimage\"},\"thumbnailUrl\":\"https:\\\/\\\/blogit.gradia.fi\\\/hannisjarvinen-tdpt2104\\\/wp-content\\\/uploads\\\/sites\\\/235\\\/2022\\\/01\\\/20220114_111854c-890x1024.jpg\",\"datePublished\":\"2022-01-21T11:49:26+00:00\",\"dateModified\":\"2022-02-05T08:15:37+00:00\",\"author\":{\"@id\":\"https:\\\/\\\/blogit.gradia.fi\\\/hannisjarvinen-tdpt2104\\\/#\\\/schema\\\/person\\\/e011261e8d441be7cf033a749535de0c\"},\"breadcrumb\":{\"@id\":\"https:\\\/\\\/blogit.gradia.fi\\\/hannisjarvinen-tdpt2104\\\/2022\\\/01\\\/21\\\/varjaysta\\\/#breadcrumb\"},\"inLanguage\":\"fi\",\"potentialAction\":[{\"@type\":\"ReadAction\",\"target\":[\"https:\\\/\\\/blogit.gradia.fi\\\/hannisjarvinen-tdpt2104\\\/2022\\\/01\\\/21\\\/varjaysta\\\/\"]}]},{\"@type\":\"ImageObject\",\"inLanguage\":\"fi\",\"@id\":\"https:\\\/\\\/blogit.gradia.fi\\\/hannisjarvinen-tdpt2104\\\/2022\\\/01\\\/21\\\/varjaysta\\\/#primaryimage\",\"url\":\"https:\\\/\\\/blogit.gradia.fi\\\/hannisjarvinen-tdpt2104\\\/wp-content\\\/uploads\\\/sites\\\/235\\\/2022\\\/01\\\/20220114_111854c-890x1024.jpg\",\"contentUrl\":\"https:\\\/\\\/blogit.gradia.fi\\\/hannisjarvinen-tdpt2104\\\/wp-content\\\/uploads\\\/sites\\\/235\\\/2022\\\/01\\\/20220114_111854c-890x1024.jpg\"},{\"@type\":\"BreadcrumbList\",\"@id\":\"https:\\\/\\\/blogit.gradia.fi\\\/hannisjarvinen-tdpt2104\\\/2022\\\/01\\\/21\\\/varjaysta\\\/#breadcrumb\",\"itemListElement\":[{\"@type\":\"ListItem\",\"position\":1,\"name\":\"Etusivu\",\"item\":\"https:\\\/\\\/blogit.gradia.fi\\\/hannisjarvinen-tdpt2104\\\/\"},{\"@type\":\"ListItem\",\"position\":2,\"name\":\"Selluloosakuitujen v\u00e4rj\u00e4\u00e4minen\"}]},{\"@type\":\"WebSite\",\"@id\":\"https:\\\/\\\/blogit.gradia.fi\\\/hannisjarvinen-tdpt2104\\\/#website\",\"url\":\"https:\\\/\\\/blogit.gradia.fi\\\/hannisjarvinen-tdpt2104\\\/\",\"name\":\"Oppimisp\u00e4iv\u00e4kirja\",\"description\":\"Hannis J\u00e4rvinen\",\"potentialAction\":[{\"@type\":\"SearchAction\",\"target\":{\"@type\":\"EntryPoint\",\"urlTemplate\":\"https:\\\/\\\/blogit.gradia.fi\\\/hannisjarvinen-tdpt2104\\\/?s={search_term_string}\"},\"query-input\":{\"@type\":\"PropertyValueSpecification\",\"valueRequired\":true,\"valueName\":\"search_term_string\"}}],\"inLanguage\":\"fi\"},{\"@type\":\"Person\",\"@id\":\"https:\\\/\\\/blogit.gradia.fi\\\/hannisjarvinen-tdpt2104\\\/#\\\/schema\\\/person\\\/e011261e8d441be7cf033a749535de0c\",\"name\":\"Hannis J\u00e4rvinen\",\"image\":{\"@type\":\"ImageObject\",\"inLanguage\":\"fi\",\"@id\":\"https:\\\/\\\/secure.gravatar.com\\\/avatar\\\/34ac6c536edfe2e363a0d57b1d24074e7abdca5a40940d30224c716c81d9b9ba?s=96&d=mm&r=g\",\"url\":\"https:\\\/\\\/secure.gravatar.com\\\/avatar\\\/34ac6c536edfe2e363a0d57b1d24074e7abdca5a40940d30224c716c81d9b9ba?s=96&d=mm&r=g\",\"contentUrl\":\"https:\\\/\\\/secure.gravatar.com\\\/avatar\\\/34ac6c536edfe2e363a0d57b1d24074e7abdca5a40940d30224c716c81d9b9ba?s=96&d=mm&r=g\",\"caption\":\"Hannis J\u00e4rvinen\"},\"url\":\"https:\\\/\\\/blogit.gradia.fi\\\/hannisjarvinen-tdpt2104\\\/author\\\/gr266238\\\/\"}]}<\/script>\n<!-- \/ Yoast SEO plugin. -->","yoast_head_json":{"title":"Selluloosakuitujen v\u00e4rj\u00e4\u00e4minen - Oppimisp\u00e4iv\u00e4kirja","robots":{"index":"index","follow":"follow","max-snippet":"max-snippet:-1","max-image-preview":"max-image-preview:large","max-video-preview":"max-video-preview:-1"},"canonical":"https:\/\/blogit.gradia.fi\/hannisjarvinen-tdpt2104\/2022\/01\/21\/varjaysta\/","og_locale":"fi_FI","og_type":"article","og_title":"Selluloosakuitujen v\u00e4rj\u00e4\u00e4minen - Oppimisp\u00e4iv\u00e4kirja","og_description":"Lopulta p\u00e4\u00e4sin kouluun vain kolmeksi p\u00e4iv\u00e4\u00e4, kun flunssa iski uudelleen. Sain kuitenkin tehty\u00e4 reaktiov\u00e4reill\u00e4 muutamia kankaita. T\u00e4ss\u00e4 kuvia ty\u00f6vaiheista ja kuvailottelua valmiista kankaista. Ihastuin erilaisiin aaltokuvioihin, joita sain aikaiseksi sitomalla kankaita erilaisten kapuloiden ja putkien p\u00e4\u00e4lle. Viimeisen\u00e4 p\u00e4iv\u00e4n\u00e4 otin v\u00e4rivalinnakseni voimakkaan mariinin sinisen, koska halusin kunnollista kontrastia kankaisiin. T\u00e4ll\u00e4 kertaa v\u00e4rivalinta osui nappiin. Valkoisten liinojen &hellip; Jatka lukemista \"Selluloosakuitujen v\u00e4rj\u00e4\u00e4minen\"","og_url":"https:\/\/blogit.gradia.fi\/hannisjarvinen-tdpt2104\/2022\/01\/21\/varjaysta\/","og_site_name":"Oppimisp\u00e4iv\u00e4kirja","article_published_time":"2022-01-21T11:49:26+00:00","article_modified_time":"2022-02-05T08:15:37+00:00","og_image":[{"url":"https:\/\/blogit.gradia.fi\/hannisjarvinen-tdpt2104\/wp-content\/uploads\/sites\/235\/2022\/01\/20220114_111854c-890x1024.jpg","type":"","width":"","height":""}],"author":"Hannis J\u00e4rvinen","twitter_card":"summary_large_image","twitter_misc":{"Kirjoittanut":"Hannis J\u00e4rvinen","Arvioitu lukuaika":"3 minuuttia"},"schema":{"@context":"https:\/\/schema.org","@graph":[{"@type":"Article","@id":"https:\/\/blogit.gradia.fi\/hannisjarvinen-tdpt2104\/2022\/01\/21\/varjaysta\/#article","isPartOf":{"@id":"https:\/\/blogit.gradia.fi\/hannisjarvinen-tdpt2104\/2022\/01\/21\/varjaysta\/"},"author":{"name":"Hannis J\u00e4rvinen","@id":"https:\/\/blogit.gradia.fi\/hannisjarvinen-tdpt2104\/#\/schema\/person\/e011261e8d441be7cf033a749535de0c"},"headline":"Selluloosakuitujen v\u00e4rj\u00e4\u00e4minen","datePublished":"2022-01-21T11:49:26+00:00","dateModified":"2022-02-05T08:15:37+00:00","mainEntityOfPage":{"@id":"https:\/\/blogit.gradia.fi\/hannisjarvinen-tdpt2104\/2022\/01\/21\/varjaysta\/"},"wordCount":227,"commentCount":0,"image":{"@id":"https:\/\/blogit.gradia.fi\/hannisjarvinen-tdpt2104\/2022\/01\/21\/varjaysta\/#primaryimage"},"thumbnailUrl":"https:\/\/blogit.gradia.fi\/hannisjarvinen-tdpt2104\/wp-content\/uploads\/sites\/235\/2022\/01\/20220114_111854c-890x1024.jpg","articleSection":["V\u00e4rj\u00e4ys"],"inLanguage":"fi","potentialAction":[{"@type":"CommentAction","name":"Comment","target":["https:\/\/blogit.gradia.fi\/hannisjarvinen-tdpt2104\/2022\/01\/21\/varjaysta\/#respond"]}]},{"@type":"WebPage","@id":"https:\/\/blogit.gradia.fi\/hannisjarvinen-tdpt2104\/2022\/01\/21\/varjaysta\/","url":"https:\/\/blogit.gradia.fi\/hannisjarvinen-tdpt2104\/2022\/01\/21\/varjaysta\/","name":"Selluloosakuitujen v\u00e4rj\u00e4\u00e4minen - Oppimisp\u00e4iv\u00e4kirja","isPartOf":{"@id":"https:\/\/blogit.gradia.fi\/hannisjarvinen-tdpt2104\/#website"},"primaryImageOfPage":{"@id":"https:\/\/blogit.gradia.fi\/hannisjarvinen-tdpt2104\/2022\/01\/21\/varjaysta\/#primaryimage"},"image":{"@id":"https:\/\/blogit.gradia.fi\/hannisjarvinen-tdpt2104\/2022\/01\/21\/varjaysta\/#primaryimage"},"thumbnailUrl":"https:\/\/blogit.gradia.fi\/hannisjarvinen-tdpt2104\/wp-content\/uploads\/sites\/235\/2022\/01\/20220114_111854c-890x1024.jpg","datePublished":"2022-01-21T11:49:26+00:00","dateModified":"2022-02-05T08:15:37+00:00","author":{"@id":"https:\/\/blogit.gradia.fi\/hannisjarvinen-tdpt2104\/#\/schema\/person\/e011261e8d441be7cf033a749535de0c"},"breadcrumb":{"@id":"https:\/\/blogit.gradia.fi\/hannisjarvinen-tdpt2104\/2022\/01\/21\/varjaysta\/#breadcrumb"},"inLanguage":"fi","potentialAction":[{"@type":"ReadAction","target":["https:\/\/blogit.gradia.fi\/hannisjarvinen-tdpt2104\/2022\/01\/21\/varjaysta\/"]}]},{"@type":"ImageObject","inLanguage":"fi","@id":"https:\/\/blogit.gradia.fi\/hannisjarvinen-tdpt2104\/2022\/01\/21\/varjaysta\/#primaryimage","url":"https:\/\/blogit.gradia.fi\/hannisjarvinen-tdpt2104\/wp-content\/uploads\/sites\/235\/2022\/01\/20220114_111854c-890x1024.jpg","contentUrl":"https:\/\/blogit.gradia.fi\/hannisjarvinen-tdpt2104\/wp-content\/uploads\/sites\/235\/2022\/01\/20220114_111854c-890x1024.jpg"},{"@type":"BreadcrumbList","@id":"https:\/\/blogit.gradia.fi\/hannisjarvinen-tdpt2104\/2022\/01\/21\/varjaysta\/#breadcrumb","itemListElement":[{"@type":"ListItem","position":1,"name":"Etusivu","item":"https:\/\/blogit.gradia.fi\/hannisjarvinen-tdpt2104\/"},{"@type":"ListItem","position":2,"name":"Selluloosakuitujen v\u00e4rj\u00e4\u00e4minen"}]},{"@type":"WebSite","@id":"https:\/\/blogit.gradia.fi\/hannisjarvinen-tdpt2104\/#website","url":"https:\/\/blogit.gradia.fi\/hannisjarvinen-tdpt2104\/","name":"Oppimisp\u00e4iv\u00e4kirja","description":"Hannis J\u00e4rvinen","potentialAction":[{"@type":"SearchAction","target":{"@type":"EntryPoint","urlTemplate":"https:\/\/blogit.gradia.fi\/hannisjarvinen-tdpt2104\/?s={search_term_string}"},"query-input":{"@type":"PropertyValueSpecification","valueRequired":true,"valueName":"search_term_string"}}],"inLanguage":"fi"},{"@type":"Person","@id":"https:\/\/blogit.gradia.fi\/hannisjarvinen-tdpt2104\/#\/schema\/person\/e011261e8d441be7cf033a749535de0c","name":"Hannis J\u00e4rvinen","image":{"@type":"ImageObject","inLanguage":"fi","@id":"https:\/\/secure.gravatar.com\/avatar\/34ac6c536edfe2e363a0d57b1d24074e7abdca5a40940d30224c716c81d9b9ba?s=96&d=mm&r=g","url":"https:\/\/secure.gravatar.com\/avatar\/34ac6c536edfe2e363a0d57b1d24074e7abdca5a40940d30224c716c81d9b9ba?s=96&d=mm&r=g","contentUrl":"https:\/\/secure.gravatar.com\/avatar\/34ac6c536edfe2e363a0d57b1d24074e7abdca5a40940d30224c716c81d9b9ba?s=96&d=mm&r=g","caption":"Hannis J\u00e4rvinen"},"url":"https:\/\/blogit.gradia.fi\/hannisjarvinen-tdpt2104\/author\/gr266238\/"}]}},"uagb_featured_image_src":{"full":false,"thumbnail":false,"medium":false,"medium_large":false,"large":false,"1536x1536":false,"2048x2048":false,"twentyseventeen-featured-image":false,"twentyseventeen-thumbnail-avatar":false},"uagb_author_info":{"display_name":"Hannis J\u00e4rvinen","author_link":"https:\/\/blogit.gradia.fi\/hannisjarvinen-tdpt2104\/author\/gr266238\/"},"uagb_comment_info":0,"uagb_excerpt":"Lopulta p\u00e4\u00e4sin kouluun vain kolmeksi p\u00e4iv\u00e4\u00e4, kun flunssa iski uudelleen. Sain kuitenkin tehty\u00e4 reaktiov\u00e4reill\u00e4 muutamia kankaita. T\u00e4ss\u00e4 kuvia ty\u00f6vaiheista ja kuvailottelua valmiista kankaista. Ihastuin erilaisiin aaltokuvioihin, joita sain aikaiseksi sitomalla kankaita erilaisten kapuloiden ja putkien p\u00e4\u00e4lle. Viimeisen\u00e4 p\u00e4iv\u00e4n\u00e4 otin v\u00e4rivalinnakseni voimakkaan mariinin sinisen, koska halusin kunnollista kontrastia kankaisiin. T\u00e4ll\u00e4 kertaa v\u00e4rivalinta osui nappiin. Valkoisten liinojen&hellip;","_links":{"self":[{"href":"https:\/\/blogit.gradia.fi\/hannisjarvinen-tdpt2104\/wp-json\/wp\/v2\/posts\/337","targetHints":{"allow":["GET"]}}],"collection":[{"href":"https:\/\/blogit.gradia.fi\/hannisjarvinen-tdpt2104\/wp-json\/wp\/v2\/posts"}],"about":[{"href":"https:\/\/blogit.gradia.fi\/hannisjarvinen-tdpt2104\/wp-json\/wp\/v2\/types\/post"}],"author":[{"embeddable":true,"href":"https:\/\/blogit.gradia.fi\/hannisjarvinen-tdpt2104\/wp-json\/wp\/v2\/users\/771"}],"replies":[{"embeddable":true,"href":"https:\/\/blogit.gradia.fi\/hannisjarvinen-tdpt2104\/wp-json\/wp\/v2\/comments?post=337"}],"version-history":[{"count":6,"href":"https:\/\/blogit.gradia.fi\/hannisjarvinen-tdpt2104\/wp-json\/wp\/v2\/posts\/337\/revisions"}],"predecessor-version":[{"id":398,"href":"https:\/\/blogit.gradia.fi\/hannisjarvinen-tdpt2104\/wp-json\/wp\/v2\/posts\/337\/revisions\/398"}],"wp:attachment":[{"href":"https:\/\/blogit.gradia.fi\/hannisjarvinen-tdpt2104\/wp-json\/wp\/v2\/media?parent=337"}],"wp:term":[{"taxonomy":"category","embeddable":true,"href":"https:\/\/blogit.gradia.fi\/hannisjarvinen-tdpt2104\/wp-json\/wp\/v2\/categories?post=337"},{"taxonomy":"post_tag","embeddable":true,"href":"https:\/\/blogit.gradia.fi\/hannisjarvinen-tdpt2104\/wp-json\/wp\/v2\/tags?post=337"}],"curies":[{"name":"wp","href":"https:\/\/api.w.org\/{rel}","templated":true}]}}