{"id":316,"date":"2022-01-16T12:14:04","date_gmt":"2022-01-16T10:14:04","guid":{"rendered":"https:\/\/blogit.gradia.fi\/hannisjarvinen-tdpt2104\/?p=316"},"modified":"2022-01-21T12:43:13","modified_gmt":"2022-01-21T10:43:13","slug":"varjays-alkaa-reaktiovareilla","status":"publish","type":"post","link":"https:\/\/blogit.gradia.fi\/hannisjarvinen-tdpt2104\/2022\/01\/16\/varjays-alkaa-reaktiovareilla\/","title":{"rendered":"V\u00e4rj\u00e4ys alkaa reaktiov\u00e4reill\u00e4"},"content":{"rendered":"\n<p>P\u00e4\u00e4sin keskiviikkona 12.1. aloittamaan v\u00e4rj\u00e4yksen parissa. Aloitimme v\u00e4rj\u00e4yskokeilut reaktiov\u00e4reill\u00e4 selluloosakuiduille.  <\/p>\n\n\n\n<p>Teimme erilaisia tiukkoja sidontoja kangaspaloille ja v\u00e4rj\u00e4simme niit\u00e4 useaan kertaan.  V\u00e4rien ja sidontojen harhjoittelu oli hauskaa vaikka monesti v\u00e4reist\u00e4 ei tullut odotetun kaltaisia. Taitosten, puupalikoiden ja narujen muodostamat kuviot v\u00e4rj\u00e4tyiss\u00e4 kankaissa toivat j\u00e4nnityst\u00e4 v\u00e4rj\u00e4\u00e4miseen.<\/p>\n\n\n\n<figure class=\"wp-block-gallery columns-3 is-cropped wp-block-gallery-1 is-layout-flex wp-block-gallery-is-layout-flex\"><ul class=\"blocks-gallery-grid\"><li class=\"blocks-gallery-item\"><figure><img loading=\"lazy\" decoding=\"async\" width=\"749\" height=\"1024\" src=\"https:\/\/blogit.gradia.fi\/hannisjarvinen-tdpt2104\/wp-content\/uploads\/sites\/235\/2022\/01\/20220112_125041c-749x1024.jpg\" alt=\"\" data-id=\"323\" data-full-url=\"https:\/\/blogit.gradia.fi\/hannisjarvinen-tdpt2104\/wp-content\/uploads\/sites\/235\/2022\/01\/20220112_125041c-scaled.jpg\" data-link=\"https:\/\/blogit.gradia.fi\/hannisjarvinen-tdpt2104\/?attachment_id=323\" class=\"wp-image-323\" srcset=\"https:\/\/blogit.gradia.fi\/hannisjarvinen-tdpt2104\/wp-content\/uploads\/sites\/235\/2022\/01\/20220112_125041c-749x1024.jpg 749w, https:\/\/blogit.gradia.fi\/hannisjarvinen-tdpt2104\/wp-content\/uploads\/sites\/235\/2022\/01\/20220112_125041c-219x300.jpg 219w, https:\/\/blogit.gradia.fi\/hannisjarvinen-tdpt2104\/wp-content\/uploads\/sites\/235\/2022\/01\/20220112_125041c-768x1050.jpg 768w, https:\/\/blogit.gradia.fi\/hannisjarvinen-tdpt2104\/wp-content\/uploads\/sites\/235\/2022\/01\/20220112_125041c-1124x1536.jpg 1124w, https:\/\/blogit.gradia.fi\/hannisjarvinen-tdpt2104\/wp-content\/uploads\/sites\/235\/2022\/01\/20220112_125041c-1498x2048.jpg 1498w, https:\/\/blogit.gradia.fi\/hannisjarvinen-tdpt2104\/wp-content\/uploads\/sites\/235\/2022\/01\/20220112_125041c-scaled.jpg 1873w\" sizes=\"auto, (max-width: 706px) 89vw, (max-width: 767px) 82vw, 740px\" \/><\/figure><\/li><li class=\"blocks-gallery-item\"><figure><img loading=\"lazy\" decoding=\"async\" width=\"795\" height=\"1024\" src=\"https:\/\/blogit.gradia.fi\/hannisjarvinen-tdpt2104\/wp-content\/uploads\/sites\/235\/2022\/01\/20220112_150420c-795x1024.jpg\" alt=\"\" data-id=\"320\" data-full-url=\"https:\/\/blogit.gradia.fi\/hannisjarvinen-tdpt2104\/wp-content\/uploads\/sites\/235\/2022\/01\/20220112_150420c.jpg\" data-link=\"https:\/\/blogit.gradia.fi\/hannisjarvinen-tdpt2104\/?attachment_id=320\" class=\"wp-image-320\" srcset=\"https:\/\/blogit.gradia.fi\/hannisjarvinen-tdpt2104\/wp-content\/uploads\/sites\/235\/2022\/01\/20220112_150420c-795x1024.jpg 795w, https:\/\/blogit.gradia.fi\/hannisjarvinen-tdpt2104\/wp-content\/uploads\/sites\/235\/2022\/01\/20220112_150420c-233x300.jpg 233w, https:\/\/blogit.gradia.fi\/hannisjarvinen-tdpt2104\/wp-content\/uploads\/sites\/235\/2022\/01\/20220112_150420c-768x989.jpg 768w, https:\/\/blogit.gradia.fi\/hannisjarvinen-tdpt2104\/wp-content\/uploads\/sites\/235\/2022\/01\/20220112_150420c-1192x1536.jpg 1192w, https:\/\/blogit.gradia.fi\/hannisjarvinen-tdpt2104\/wp-content\/uploads\/sites\/235\/2022\/01\/20220112_150420c-1590x2048.jpg 1590w, https:\/\/blogit.gradia.fi\/hannisjarvinen-tdpt2104\/wp-content\/uploads\/sites\/235\/2022\/01\/20220112_150420c.jpg 1956w\" sizes=\"auto, (max-width: 767px) 89vw, (max-width: 1000px) 54vw, (max-width: 1071px) 543px, 580px\" \/><\/figure><\/li><li class=\"blocks-gallery-item\"><figure><img loading=\"lazy\" decoding=\"async\" width=\"774\" height=\"1024\" src=\"https:\/\/blogit.gradia.fi\/hannisjarvinen-tdpt2104\/wp-content\/uploads\/sites\/235\/2022\/01\/20220112_150410-copyc-774x1024.jpg\" alt=\"\" data-id=\"322\" data-full-url=\"https:\/\/blogit.gradia.fi\/hannisjarvinen-tdpt2104\/wp-content\/uploads\/sites\/235\/2022\/01\/20220112_150410-copyc-scaled.jpg\" data-link=\"https:\/\/blogit.gradia.fi\/hannisjarvinen-tdpt2104\/?attachment_id=322\" class=\"wp-image-322\" srcset=\"https:\/\/blogit.gradia.fi\/hannisjarvinen-tdpt2104\/wp-content\/uploads\/sites\/235\/2022\/01\/20220112_150410-copyc-774x1024.jpg 774w, https:\/\/blogit.gradia.fi\/hannisjarvinen-tdpt2104\/wp-content\/uploads\/sites\/235\/2022\/01\/20220112_150410-copyc-227x300.jpg 227w, https:\/\/blogit.gradia.fi\/hannisjarvinen-tdpt2104\/wp-content\/uploads\/sites\/235\/2022\/01\/20220112_150410-copyc-768x1016.jpg 768w, https:\/\/blogit.gradia.fi\/hannisjarvinen-tdpt2104\/wp-content\/uploads\/sites\/235\/2022\/01\/20220112_150410-copyc-1161x1536.jpg 1161w, https:\/\/blogit.gradia.fi\/hannisjarvinen-tdpt2104\/wp-content\/uploads\/sites\/235\/2022\/01\/20220112_150410-copyc-1549x2048.jpg 1549w, https:\/\/blogit.gradia.fi\/hannisjarvinen-tdpt2104\/wp-content\/uploads\/sites\/235\/2022\/01\/20220112_150410-copyc-scaled.jpg 1936w\" sizes=\"auto, (max-width: 767px) 89vw, (max-width: 1000px) 54vw, (max-width: 1071px) 543px, 580px\" \/><\/figure><\/li><\/ul><\/figure>\n\n\n\n<p>Ensimm\u00e4isen\u00e4 v\u00e4rj\u00e4ysp\u00e4iv\u00e4n\u00e4ni v\u00e4rj\u00e4sin vihre\u00e4ll\u00e4 liemell\u00e4. Vihre\u00e4st\u00e4 tuli aika raikas, mutta sidonnat ja estokuviot olisivat voineet olla tiukempia. J\u00e4in kaipaamaan tummempaa v\u00e4ri\u00e4. Muiden liemiss\u00e4 minulla oli my\u00f6s sitomiani kankaita. Kaunis punainen oli Tuulin liemess\u00e4 ja laivastonsininen Iida-Marian liemess\u00e4.  Erityisesti ihastuinlaivastonsinisen ja valkoisen selke\u00e4\u00e4n kontrastiin.<\/p>\n\n\n\n<figure class=\"wp-block-image size-large\"><img loading=\"lazy\" decoding=\"async\" width=\"1024\" height=\"181\" src=\"https:\/\/blogit.gradia.fi\/hannisjarvinen-tdpt2104\/wp-content\/uploads\/sites\/235\/2022\/01\/20220113_105854c-1024x181.jpg\" alt=\"\" class=\"wp-image-319\" srcset=\"https:\/\/blogit.gradia.fi\/hannisjarvinen-tdpt2104\/wp-content\/uploads\/sites\/235\/2022\/01\/20220113_105854c-1024x181.jpg 1024w, https:\/\/blogit.gradia.fi\/hannisjarvinen-tdpt2104\/wp-content\/uploads\/sites\/235\/2022\/01\/20220113_105854c-300x53.jpg 300w, https:\/\/blogit.gradia.fi\/hannisjarvinen-tdpt2104\/wp-content\/uploads\/sites\/235\/2022\/01\/20220113_105854c-768x136.jpg 768w, https:\/\/blogit.gradia.fi\/hannisjarvinen-tdpt2104\/wp-content\/uploads\/sites\/235\/2022\/01\/20220113_105854c-1536x272.jpg 1536w, https:\/\/blogit.gradia.fi\/hannisjarvinen-tdpt2104\/wp-content\/uploads\/sites\/235\/2022\/01\/20220113_105854c-2048x363.jpg 2048w\" sizes=\"auto, (max-width: 767px) 89vw, (max-width: 1000px) 54vw, (max-width: 1071px) 543px, 580px\" \/><figcaption>Puupalikan ymp\u00e4rille kiedottu puuvillakangas<\/figcaption><\/figure>\n\n\n\n<figure class=\"wp-block-image size-large\"><img loading=\"lazy\" decoding=\"async\" width=\"1024\" height=\"581\" src=\"https:\/\/blogit.gradia.fi\/hannisjarvinen-tdpt2104\/wp-content\/uploads\/sites\/235\/2022\/01\/20220113_110704c-1024x581.jpg\" alt=\"\" class=\"wp-image-324\" srcset=\"https:\/\/blogit.gradia.fi\/hannisjarvinen-tdpt2104\/wp-content\/uploads\/sites\/235\/2022\/01\/20220113_110704c-1024x581.jpg 1024w, https:\/\/blogit.gradia.fi\/hannisjarvinen-tdpt2104\/wp-content\/uploads\/sites\/235\/2022\/01\/20220113_110704c-300x170.jpg 300w, https:\/\/blogit.gradia.fi\/hannisjarvinen-tdpt2104\/wp-content\/uploads\/sites\/235\/2022\/01\/20220113_110704c-768x436.jpg 768w, https:\/\/blogit.gradia.fi\/hannisjarvinen-tdpt2104\/wp-content\/uploads\/sites\/235\/2022\/01\/20220113_110704c-1536x871.jpg 1536w, https:\/\/blogit.gradia.fi\/hannisjarvinen-tdpt2104\/wp-content\/uploads\/sites\/235\/2022\/01\/20220113_110704c-2048x1162.jpg 2048w\" sizes=\"auto, (max-width: 767px) 89vw, (max-width: 1000px) 54vw, (max-width: 1071px) 543px, 580px\" \/><figcaption>Kangas avattuna<\/figcaption><\/figure>\n\n\n\n<figure class=\"wp-block-gallery columns-2 is-cropped wp-block-gallery-2 is-layout-flex wp-block-gallery-is-layout-flex\"><ul class=\"blocks-gallery-grid\"><li class=\"blocks-gallery-item\"><figure><img loading=\"lazy\" decoding=\"async\" width=\"1024\" height=\"1011\" src=\"https:\/\/blogit.gradia.fi\/hannisjarvinen-tdpt2104\/wp-content\/uploads\/sites\/235\/2022\/01\/20220113_095013-1024x1011.jpg\" alt=\"\" data-id=\"325\" data-full-url=\"https:\/\/blogit.gradia.fi\/hannisjarvinen-tdpt2104\/wp-content\/uploads\/sites\/235\/2022\/01\/20220113_095013-scaled.jpg\" data-link=\"https:\/\/blogit.gradia.fi\/hannisjarvinen-tdpt2104\/?attachment_id=325\" class=\"wp-image-325\" srcset=\"https:\/\/blogit.gradia.fi\/hannisjarvinen-tdpt2104\/wp-content\/uploads\/sites\/235\/2022\/01\/20220113_095013-1024x1011.jpg 1024w, https:\/\/blogit.gradia.fi\/hannisjarvinen-tdpt2104\/wp-content\/uploads\/sites\/235\/2022\/01\/20220113_095013-300x296.jpg 300w, https:\/\/blogit.gradia.fi\/hannisjarvinen-tdpt2104\/wp-content\/uploads\/sites\/235\/2022\/01\/20220113_095013-768x759.jpg 768w, https:\/\/blogit.gradia.fi\/hannisjarvinen-tdpt2104\/wp-content\/uploads\/sites\/235\/2022\/01\/20220113_095013-1536x1517.jpg 1536w, https:\/\/blogit.gradia.fi\/hannisjarvinen-tdpt2104\/wp-content\/uploads\/sites\/235\/2022\/01\/20220113_095013-2048x2023.jpg 2048w, https:\/\/blogit.gradia.fi\/hannisjarvinen-tdpt2104\/wp-content\/uploads\/sites\/235\/2022\/01\/20220113_095013-100x100.jpg 100w\" sizes=\"auto, (max-width: 767px) 89vw, (max-width: 1000px) 54vw, (max-width: 1071px) 543px, 580px\" \/><\/figure><\/li><li class=\"blocks-gallery-item\"><figure><img loading=\"lazy\" decoding=\"async\" width=\"821\" height=\"1024\" src=\"https:\/\/blogit.gradia.fi\/hannisjarvinen-tdpt2104\/wp-content\/uploads\/sites\/235\/2022\/01\/20220113_105551-821x1024.jpg\" alt=\"\" data-id=\"326\" data-full-url=\"https:\/\/blogit.gradia.fi\/hannisjarvinen-tdpt2104\/wp-content\/uploads\/sites\/235\/2022\/01\/20220113_105551-scaled.jpg\" data-link=\"https:\/\/blogit.gradia.fi\/hannisjarvinen-tdpt2104\/?attachment_id=326\" class=\"wp-image-326\" srcset=\"https:\/\/blogit.gradia.fi\/hannisjarvinen-tdpt2104\/wp-content\/uploads\/sites\/235\/2022\/01\/20220113_105551-821x1024.jpg 821w, https:\/\/blogit.gradia.fi\/hannisjarvinen-tdpt2104\/wp-content\/uploads\/sites\/235\/2022\/01\/20220113_105551-240x300.jpg 240w, https:\/\/blogit.gradia.fi\/hannisjarvinen-tdpt2104\/wp-content\/uploads\/sites\/235\/2022\/01\/20220113_105551-768x958.jpg 768w, https:\/\/blogit.gradia.fi\/hannisjarvinen-tdpt2104\/wp-content\/uploads\/sites\/235\/2022\/01\/20220113_105551-1231x1536.jpg 1231w, https:\/\/blogit.gradia.fi\/hannisjarvinen-tdpt2104\/wp-content\/uploads\/sites\/235\/2022\/01\/20220113_105551-1641x2048.jpg 1641w\" sizes=\"auto, (max-width: 767px) 89vw, (max-width: 1000px) 54vw, (max-width: 1071px) 543px, 580px\" \/><\/figure><\/li><\/ul><\/figure>\n\n\n\n<p>Torstaina tein uusia sidontoja vihreisiin kankaisiin ja sekoittelin uuden v\u00e4rin. Toiveissa oli murrettu, voimakas sininen. Sinisen v\u00e4ripigmentti oli heikkoa tarttumaan ja mukaan laittamani punainen vei voiton. Luultavasti jokin meni vikaan v\u00e4rj\u00e4yksen aikana. Lopputuloksena oli erikoinen marjapuuron v\u00e4ri. Vihreisiin kankaisiin tuli l\u00e4hinn\u00e4 ruskeaa kuviota. Kapulan ymp\u00e4rille k\u00e4\u00e4ritty kangaspala onnistui n\u00e4ist\u00e4 ehk\u00e4 parhaiten. Siihen tuli turkoosia ja marjapuuronv\u00e4rist\u00e4 kuviota.<\/p>\n\n\n\n<figure class=\"wp-block-image size-large\"><img loading=\"lazy\" decoding=\"async\" width=\"811\" height=\"1024\" src=\"https:\/\/blogit.gradia.fi\/hannisjarvinen-tdpt2104\/wp-content\/uploads\/sites\/235\/2022\/01\/20220121_113238c-811x1024.jpg\" alt=\"\" class=\"wp-image-340\" srcset=\"https:\/\/blogit.gradia.fi\/hannisjarvinen-tdpt2104\/wp-content\/uploads\/sites\/235\/2022\/01\/20220121_113238c-811x1024.jpg 811w, https:\/\/blogit.gradia.fi\/hannisjarvinen-tdpt2104\/wp-content\/uploads\/sites\/235\/2022\/01\/20220121_113238c-237x300.jpg 237w, https:\/\/blogit.gradia.fi\/hannisjarvinen-tdpt2104\/wp-content\/uploads\/sites\/235\/2022\/01\/20220121_113238c-768x970.jpg 768w, https:\/\/blogit.gradia.fi\/hannisjarvinen-tdpt2104\/wp-content\/uploads\/sites\/235\/2022\/01\/20220121_113238c-1216x1536.jpg 1216w, https:\/\/blogit.gradia.fi\/hannisjarvinen-tdpt2104\/wp-content\/uploads\/sites\/235\/2022\/01\/20220121_113238c-1621x2048.jpg 1621w, https:\/\/blogit.gradia.fi\/hannisjarvinen-tdpt2104\/wp-content\/uploads\/sites\/235\/2022\/01\/20220121_113238c-scaled.jpg 2027w\" sizes=\"auto, (max-width: 767px) 89vw, (max-width: 1000px) 54vw, (max-width: 1071px) 543px, 580px\" \/><figcaption>T\u00e4ss\u00e4 kankaassa sininen pigmentti on imeytynyt nopeammin alakerroksiin ja p\u00e4\u00e4lle j\u00e4\u00e4nyt punainen. Lopputuloksena vieh\u00e4tt\u00e4v\u00e4 aaltokuvio<\/figcaption><\/figure>\n\n\n\n<figure class=\"wp-block-image size-large\"><img loading=\"lazy\" decoding=\"async\" width=\"1024\" height=\"768\" src=\"https:\/\/blogit.gradia.fi\/hannisjarvinen-tdpt2104\/wp-content\/uploads\/sites\/235\/2022\/01\/20220121_114705-1024x768.jpg\" alt=\"\" class=\"wp-image-345\" srcset=\"https:\/\/blogit.gradia.fi\/hannisjarvinen-tdpt2104\/wp-content\/uploads\/sites\/235\/2022\/01\/20220121_114705-1024x768.jpg 1024w, https:\/\/blogit.gradia.fi\/hannisjarvinen-tdpt2104\/wp-content\/uploads\/sites\/235\/2022\/01\/20220121_114705-300x225.jpg 300w, https:\/\/blogit.gradia.fi\/hannisjarvinen-tdpt2104\/wp-content\/uploads\/sites\/235\/2022\/01\/20220121_114705-768x576.jpg 768w, https:\/\/blogit.gradia.fi\/hannisjarvinen-tdpt2104\/wp-content\/uploads\/sites\/235\/2022\/01\/20220121_114705-1536x1152.jpg 1536w, https:\/\/blogit.gradia.fi\/hannisjarvinen-tdpt2104\/wp-content\/uploads\/sites\/235\/2022\/01\/20220121_114705-2048x1536.jpg 2048w\" sizes=\"auto, (max-width: 767px) 89vw, (max-width: 1000px) 54vw, (max-width: 1071px) 543px, 580px\" \/><figcaption>Kyll\u00e4 n\u00e4ille marjapuuron v\u00e4risillekin viel\u00e4 paikkansa l\u00f6ytyy.<\/figcaption><\/figure>\n\n\n\n<p><\/p>\n\n\n\n<p><\/p>\n","protected":false},"excerpt":{"rendered":"<p>P\u00e4\u00e4sin keskiviikkona 12.1. aloittamaan v\u00e4rj\u00e4yksen parissa. Aloitimme v\u00e4rj\u00e4yskokeilut reaktiov\u00e4reill\u00e4 selluloosakuiduille. Teimme erilaisia tiukkoja sidontoja kangaspaloille ja v\u00e4rj\u00e4simme niit\u00e4 useaan kertaan. V\u00e4rien ja sidontojen harhjoittelu oli hauskaa vaikka monesti v\u00e4reist\u00e4 ei tullut odotetun kaltaisia. Taitosten, puupalikoiden ja narujen muodostamat kuviot v\u00e4rj\u00e4tyiss\u00e4 kankaissa toivat j\u00e4nnityst\u00e4 v\u00e4rj\u00e4\u00e4miseen. Ensimm\u00e4isen\u00e4 v\u00e4rj\u00e4ysp\u00e4iv\u00e4n\u00e4ni v\u00e4rj\u00e4sin vihre\u00e4ll\u00e4 liemell\u00e4. Vihre\u00e4st\u00e4 tuli aika raikas, mutta sidonnat &hellip; <\/p>\n<p class=\"link-more\"><a href=\"https:\/\/blogit.gradia.fi\/hannisjarvinen-tdpt2104\/2022\/01\/16\/varjays-alkaa-reaktiovareilla\/\" class=\"more-link\">Jatka lukemista<span class=\"screen-reader-text\"> &#8221;V\u00e4rj\u00e4ys alkaa reaktiov\u00e4reill\u00e4&#8221;<\/span><\/a><\/p>\n","protected":false},"author":771,"featured_media":0,"comment_status":"open","ping_status":"open","sticky":false,"template":"","format":"standard","meta":{"_uag_custom_page_level_css":"","footnotes":""},"categories":[8],"tags":[],"class_list":["post-316","post","type-post","status-publish","format-standard","hentry","category-varjays"],"yoast_head":"<!-- This site is optimized with the Yoast SEO plugin v27.5 - https:\/\/yoast.com\/product\/yoast-seo-wordpress\/ -->\n<title>V\u00e4rj\u00e4ys alkaa reaktiov\u00e4reill\u00e4 - Oppimisp\u00e4iv\u00e4kirja<\/title>\n<meta name=\"robots\" content=\"index, follow, max-snippet:-1, max-image-preview:large, max-video-preview:-1\" \/>\n<link rel=\"canonical\" href=\"https:\/\/blogit.gradia.fi\/hannisjarvinen-tdpt2104\/2022\/01\/16\/varjays-alkaa-reaktiovareilla\/\" \/>\n<meta property=\"og:locale\" content=\"fi_FI\" \/>\n<meta property=\"og:type\" content=\"article\" \/>\n<meta property=\"og:title\" content=\"V\u00e4rj\u00e4ys alkaa reaktiov\u00e4reill\u00e4 - Oppimisp\u00e4iv\u00e4kirja\" \/>\n<meta property=\"og:description\" content=\"P\u00e4\u00e4sin keskiviikkona 12.1. aloittamaan v\u00e4rj\u00e4yksen parissa. Aloitimme v\u00e4rj\u00e4yskokeilut reaktiov\u00e4reill\u00e4 selluloosakuiduille. Teimme erilaisia tiukkoja sidontoja kangaspaloille ja v\u00e4rj\u00e4simme niit\u00e4 useaan kertaan. V\u00e4rien ja sidontojen harhjoittelu oli hauskaa vaikka monesti v\u00e4reist\u00e4 ei tullut odotetun kaltaisia. Taitosten, puupalikoiden ja narujen muodostamat kuviot v\u00e4rj\u00e4tyiss\u00e4 kankaissa toivat j\u00e4nnityst\u00e4 v\u00e4rj\u00e4\u00e4miseen. Ensimm\u00e4isen\u00e4 v\u00e4rj\u00e4ysp\u00e4iv\u00e4n\u00e4ni v\u00e4rj\u00e4sin vihre\u00e4ll\u00e4 liemell\u00e4. Vihre\u00e4st\u00e4 tuli aika raikas, mutta sidonnat &hellip; Jatka lukemista &quot;V\u00e4rj\u00e4ys alkaa reaktiov\u00e4reill\u00e4&quot;\" \/>\n<meta property=\"og:url\" content=\"https:\/\/blogit.gradia.fi\/hannisjarvinen-tdpt2104\/2022\/01\/16\/varjays-alkaa-reaktiovareilla\/\" \/>\n<meta property=\"og:site_name\" content=\"Oppimisp\u00e4iv\u00e4kirja\" \/>\n<meta property=\"article:published_time\" content=\"2022-01-16T10:14:04+00:00\" \/>\n<meta property=\"article:modified_time\" content=\"2022-01-21T10:43:13+00:00\" \/>\n<meta property=\"og:image\" content=\"https:\/\/blogit.gradia.fi\/hannisjarvinen-tdpt2104\/wp-content\/uploads\/sites\/235\/2022\/01\/20220112_125041c-749x1024.jpg\" \/>\n<meta name=\"author\" content=\"Hannis J\u00e4rvinen\" \/>\n<meta name=\"twitter:card\" content=\"summary_large_image\" \/>\n<meta name=\"twitter:label1\" content=\"Kirjoittanut\" \/>\n\t<meta name=\"twitter:data1\" content=\"Hannis J\u00e4rvinen\" \/>\n\t<meta name=\"twitter:label2\" content=\"Arvioitu lukuaika\" \/>\n\t<meta name=\"twitter:data2\" content=\"3 minuuttia\" \/>\n<script type=\"application\/ld+json\" class=\"yoast-schema-graph\">{\"@context\":\"https:\\\/\\\/schema.org\",\"@graph\":[{\"@type\":\"Article\",\"@id\":\"https:\\\/\\\/blogit.gradia.fi\\\/hannisjarvinen-tdpt2104\\\/2022\\\/01\\\/16\\\/varjays-alkaa-reaktiovareilla\\\/#article\",\"isPartOf\":{\"@id\":\"https:\\\/\\\/blogit.gradia.fi\\\/hannisjarvinen-tdpt2104\\\/2022\\\/01\\\/16\\\/varjays-alkaa-reaktiovareilla\\\/\"},\"author\":{\"name\":\"Hannis J\u00e4rvinen\",\"@id\":\"https:\\\/\\\/blogit.gradia.fi\\\/hannisjarvinen-tdpt2104\\\/#\\\/schema\\\/person\\\/e011261e8d441be7cf033a749535de0c\"},\"headline\":\"V\u00e4rj\u00e4ys alkaa reaktiov\u00e4reill\u00e4\",\"datePublished\":\"2022-01-16T10:14:04+00:00\",\"dateModified\":\"2022-01-21T10:43:13+00:00\",\"mainEntityOfPage\":{\"@id\":\"https:\\\/\\\/blogit.gradia.fi\\\/hannisjarvinen-tdpt2104\\\/2022\\\/01\\\/16\\\/varjays-alkaa-reaktiovareilla\\\/\"},\"wordCount\":225,\"commentCount\":0,\"image\":{\"@id\":\"https:\\\/\\\/blogit.gradia.fi\\\/hannisjarvinen-tdpt2104\\\/2022\\\/01\\\/16\\\/varjays-alkaa-reaktiovareilla\\\/#primaryimage\"},\"thumbnailUrl\":\"https:\\\/\\\/blogit.gradia.fi\\\/hannisjarvinen-tdpt2104\\\/wp-content\\\/uploads\\\/sites\\\/235\\\/2022\\\/01\\\/20220112_125041c-749x1024.jpg\",\"articleSection\":[\"V\u00e4rj\u00e4ys\"],\"inLanguage\":\"fi\",\"potentialAction\":[{\"@type\":\"CommentAction\",\"name\":\"Comment\",\"target\":[\"https:\\\/\\\/blogit.gradia.fi\\\/hannisjarvinen-tdpt2104\\\/2022\\\/01\\\/16\\\/varjays-alkaa-reaktiovareilla\\\/#respond\"]}]},{\"@type\":\"WebPage\",\"@id\":\"https:\\\/\\\/blogit.gradia.fi\\\/hannisjarvinen-tdpt2104\\\/2022\\\/01\\\/16\\\/varjays-alkaa-reaktiovareilla\\\/\",\"url\":\"https:\\\/\\\/blogit.gradia.fi\\\/hannisjarvinen-tdpt2104\\\/2022\\\/01\\\/16\\\/varjays-alkaa-reaktiovareilla\\\/\",\"name\":\"V\u00e4rj\u00e4ys alkaa reaktiov\u00e4reill\u00e4 - Oppimisp\u00e4iv\u00e4kirja\",\"isPartOf\":{\"@id\":\"https:\\\/\\\/blogit.gradia.fi\\\/hannisjarvinen-tdpt2104\\\/#website\"},\"primaryImageOfPage\":{\"@id\":\"https:\\\/\\\/blogit.gradia.fi\\\/hannisjarvinen-tdpt2104\\\/2022\\\/01\\\/16\\\/varjays-alkaa-reaktiovareilla\\\/#primaryimage\"},\"image\":{\"@id\":\"https:\\\/\\\/blogit.gradia.fi\\\/hannisjarvinen-tdpt2104\\\/2022\\\/01\\\/16\\\/varjays-alkaa-reaktiovareilla\\\/#primaryimage\"},\"thumbnailUrl\":\"https:\\\/\\\/blogit.gradia.fi\\\/hannisjarvinen-tdpt2104\\\/wp-content\\\/uploads\\\/sites\\\/235\\\/2022\\\/01\\\/20220112_125041c-749x1024.jpg\",\"datePublished\":\"2022-01-16T10:14:04+00:00\",\"dateModified\":\"2022-01-21T10:43:13+00:00\",\"author\":{\"@id\":\"https:\\\/\\\/blogit.gradia.fi\\\/hannisjarvinen-tdpt2104\\\/#\\\/schema\\\/person\\\/e011261e8d441be7cf033a749535de0c\"},\"breadcrumb\":{\"@id\":\"https:\\\/\\\/blogit.gradia.fi\\\/hannisjarvinen-tdpt2104\\\/2022\\\/01\\\/16\\\/varjays-alkaa-reaktiovareilla\\\/#breadcrumb\"},\"inLanguage\":\"fi\",\"potentialAction\":[{\"@type\":\"ReadAction\",\"target\":[\"https:\\\/\\\/blogit.gradia.fi\\\/hannisjarvinen-tdpt2104\\\/2022\\\/01\\\/16\\\/varjays-alkaa-reaktiovareilla\\\/\"]}]},{\"@type\":\"ImageObject\",\"inLanguage\":\"fi\",\"@id\":\"https:\\\/\\\/blogit.gradia.fi\\\/hannisjarvinen-tdpt2104\\\/2022\\\/01\\\/16\\\/varjays-alkaa-reaktiovareilla\\\/#primaryimage\",\"url\":\"https:\\\/\\\/blogit.gradia.fi\\\/hannisjarvinen-tdpt2104\\\/wp-content\\\/uploads\\\/sites\\\/235\\\/2022\\\/01\\\/20220112_125041c-749x1024.jpg\",\"contentUrl\":\"https:\\\/\\\/blogit.gradia.fi\\\/hannisjarvinen-tdpt2104\\\/wp-content\\\/uploads\\\/sites\\\/235\\\/2022\\\/01\\\/20220112_125041c-749x1024.jpg\"},{\"@type\":\"BreadcrumbList\",\"@id\":\"https:\\\/\\\/blogit.gradia.fi\\\/hannisjarvinen-tdpt2104\\\/2022\\\/01\\\/16\\\/varjays-alkaa-reaktiovareilla\\\/#breadcrumb\",\"itemListElement\":[{\"@type\":\"ListItem\",\"position\":1,\"name\":\"Etusivu\",\"item\":\"https:\\\/\\\/blogit.gradia.fi\\\/hannisjarvinen-tdpt2104\\\/\"},{\"@type\":\"ListItem\",\"position\":2,\"name\":\"V\u00e4rj\u00e4ys alkaa reaktiov\u00e4reill\u00e4\"}]},{\"@type\":\"WebSite\",\"@id\":\"https:\\\/\\\/blogit.gradia.fi\\\/hannisjarvinen-tdpt2104\\\/#website\",\"url\":\"https:\\\/\\\/blogit.gradia.fi\\\/hannisjarvinen-tdpt2104\\\/\",\"name\":\"Oppimisp\u00e4iv\u00e4kirja\",\"description\":\"Hannis J\u00e4rvinen\",\"potentialAction\":[{\"@type\":\"SearchAction\",\"target\":{\"@type\":\"EntryPoint\",\"urlTemplate\":\"https:\\\/\\\/blogit.gradia.fi\\\/hannisjarvinen-tdpt2104\\\/?s={search_term_string}\"},\"query-input\":{\"@type\":\"PropertyValueSpecification\",\"valueRequired\":true,\"valueName\":\"search_term_string\"}}],\"inLanguage\":\"fi\"},{\"@type\":\"Person\",\"@id\":\"https:\\\/\\\/blogit.gradia.fi\\\/hannisjarvinen-tdpt2104\\\/#\\\/schema\\\/person\\\/e011261e8d441be7cf033a749535de0c\",\"name\":\"Hannis J\u00e4rvinen\",\"image\":{\"@type\":\"ImageObject\",\"inLanguage\":\"fi\",\"@id\":\"https:\\\/\\\/secure.gravatar.com\\\/avatar\\\/34ac6c536edfe2e363a0d57b1d24074e7abdca5a40940d30224c716c81d9b9ba?s=96&d=mm&r=g\",\"url\":\"https:\\\/\\\/secure.gravatar.com\\\/avatar\\\/34ac6c536edfe2e363a0d57b1d24074e7abdca5a40940d30224c716c81d9b9ba?s=96&d=mm&r=g\",\"contentUrl\":\"https:\\\/\\\/secure.gravatar.com\\\/avatar\\\/34ac6c536edfe2e363a0d57b1d24074e7abdca5a40940d30224c716c81d9b9ba?s=96&d=mm&r=g\",\"caption\":\"Hannis J\u00e4rvinen\"},\"url\":\"https:\\\/\\\/blogit.gradia.fi\\\/hannisjarvinen-tdpt2104\\\/author\\\/gr266238\\\/\"}]}<\/script>\n<!-- \/ Yoast SEO plugin. -->","yoast_head_json":{"title":"V\u00e4rj\u00e4ys alkaa reaktiov\u00e4reill\u00e4 - Oppimisp\u00e4iv\u00e4kirja","robots":{"index":"index","follow":"follow","max-snippet":"max-snippet:-1","max-image-preview":"max-image-preview:large","max-video-preview":"max-video-preview:-1"},"canonical":"https:\/\/blogit.gradia.fi\/hannisjarvinen-tdpt2104\/2022\/01\/16\/varjays-alkaa-reaktiovareilla\/","og_locale":"fi_FI","og_type":"article","og_title":"V\u00e4rj\u00e4ys alkaa reaktiov\u00e4reill\u00e4 - Oppimisp\u00e4iv\u00e4kirja","og_description":"P\u00e4\u00e4sin keskiviikkona 12.1. aloittamaan v\u00e4rj\u00e4yksen parissa. Aloitimme v\u00e4rj\u00e4yskokeilut reaktiov\u00e4reill\u00e4 selluloosakuiduille. Teimme erilaisia tiukkoja sidontoja kangaspaloille ja v\u00e4rj\u00e4simme niit\u00e4 useaan kertaan. V\u00e4rien ja sidontojen harhjoittelu oli hauskaa vaikka monesti v\u00e4reist\u00e4 ei tullut odotetun kaltaisia. Taitosten, puupalikoiden ja narujen muodostamat kuviot v\u00e4rj\u00e4tyiss\u00e4 kankaissa toivat j\u00e4nnityst\u00e4 v\u00e4rj\u00e4\u00e4miseen. Ensimm\u00e4isen\u00e4 v\u00e4rj\u00e4ysp\u00e4iv\u00e4n\u00e4ni v\u00e4rj\u00e4sin vihre\u00e4ll\u00e4 liemell\u00e4. Vihre\u00e4st\u00e4 tuli aika raikas, mutta sidonnat &hellip; Jatka lukemista \"V\u00e4rj\u00e4ys alkaa reaktiov\u00e4reill\u00e4\"","og_url":"https:\/\/blogit.gradia.fi\/hannisjarvinen-tdpt2104\/2022\/01\/16\/varjays-alkaa-reaktiovareilla\/","og_site_name":"Oppimisp\u00e4iv\u00e4kirja","article_published_time":"2022-01-16T10:14:04+00:00","article_modified_time":"2022-01-21T10:43:13+00:00","og_image":[{"url":"https:\/\/blogit.gradia.fi\/hannisjarvinen-tdpt2104\/wp-content\/uploads\/sites\/235\/2022\/01\/20220112_125041c-749x1024.jpg","type":"","width":"","height":""}],"author":"Hannis J\u00e4rvinen","twitter_card":"summary_large_image","twitter_misc":{"Kirjoittanut":"Hannis J\u00e4rvinen","Arvioitu lukuaika":"3 minuuttia"},"schema":{"@context":"https:\/\/schema.org","@graph":[{"@type":"Article","@id":"https:\/\/blogit.gradia.fi\/hannisjarvinen-tdpt2104\/2022\/01\/16\/varjays-alkaa-reaktiovareilla\/#article","isPartOf":{"@id":"https:\/\/blogit.gradia.fi\/hannisjarvinen-tdpt2104\/2022\/01\/16\/varjays-alkaa-reaktiovareilla\/"},"author":{"name":"Hannis J\u00e4rvinen","@id":"https:\/\/blogit.gradia.fi\/hannisjarvinen-tdpt2104\/#\/schema\/person\/e011261e8d441be7cf033a749535de0c"},"headline":"V\u00e4rj\u00e4ys alkaa reaktiov\u00e4reill\u00e4","datePublished":"2022-01-16T10:14:04+00:00","dateModified":"2022-01-21T10:43:13+00:00","mainEntityOfPage":{"@id":"https:\/\/blogit.gradia.fi\/hannisjarvinen-tdpt2104\/2022\/01\/16\/varjays-alkaa-reaktiovareilla\/"},"wordCount":225,"commentCount":0,"image":{"@id":"https:\/\/blogit.gradia.fi\/hannisjarvinen-tdpt2104\/2022\/01\/16\/varjays-alkaa-reaktiovareilla\/#primaryimage"},"thumbnailUrl":"https:\/\/blogit.gradia.fi\/hannisjarvinen-tdpt2104\/wp-content\/uploads\/sites\/235\/2022\/01\/20220112_125041c-749x1024.jpg","articleSection":["V\u00e4rj\u00e4ys"],"inLanguage":"fi","potentialAction":[{"@type":"CommentAction","name":"Comment","target":["https:\/\/blogit.gradia.fi\/hannisjarvinen-tdpt2104\/2022\/01\/16\/varjays-alkaa-reaktiovareilla\/#respond"]}]},{"@type":"WebPage","@id":"https:\/\/blogit.gradia.fi\/hannisjarvinen-tdpt2104\/2022\/01\/16\/varjays-alkaa-reaktiovareilla\/","url":"https:\/\/blogit.gradia.fi\/hannisjarvinen-tdpt2104\/2022\/01\/16\/varjays-alkaa-reaktiovareilla\/","name":"V\u00e4rj\u00e4ys alkaa reaktiov\u00e4reill\u00e4 - Oppimisp\u00e4iv\u00e4kirja","isPartOf":{"@id":"https:\/\/blogit.gradia.fi\/hannisjarvinen-tdpt2104\/#website"},"primaryImageOfPage":{"@id":"https:\/\/blogit.gradia.fi\/hannisjarvinen-tdpt2104\/2022\/01\/16\/varjays-alkaa-reaktiovareilla\/#primaryimage"},"image":{"@id":"https:\/\/blogit.gradia.fi\/hannisjarvinen-tdpt2104\/2022\/01\/16\/varjays-alkaa-reaktiovareilla\/#primaryimage"},"thumbnailUrl":"https:\/\/blogit.gradia.fi\/hannisjarvinen-tdpt2104\/wp-content\/uploads\/sites\/235\/2022\/01\/20220112_125041c-749x1024.jpg","datePublished":"2022-01-16T10:14:04+00:00","dateModified":"2022-01-21T10:43:13+00:00","author":{"@id":"https:\/\/blogit.gradia.fi\/hannisjarvinen-tdpt2104\/#\/schema\/person\/e011261e8d441be7cf033a749535de0c"},"breadcrumb":{"@id":"https:\/\/blogit.gradia.fi\/hannisjarvinen-tdpt2104\/2022\/01\/16\/varjays-alkaa-reaktiovareilla\/#breadcrumb"},"inLanguage":"fi","potentialAction":[{"@type":"ReadAction","target":["https:\/\/blogit.gradia.fi\/hannisjarvinen-tdpt2104\/2022\/01\/16\/varjays-alkaa-reaktiovareilla\/"]}]},{"@type":"ImageObject","inLanguage":"fi","@id":"https:\/\/blogit.gradia.fi\/hannisjarvinen-tdpt2104\/2022\/01\/16\/varjays-alkaa-reaktiovareilla\/#primaryimage","url":"https:\/\/blogit.gradia.fi\/hannisjarvinen-tdpt2104\/wp-content\/uploads\/sites\/235\/2022\/01\/20220112_125041c-749x1024.jpg","contentUrl":"https:\/\/blogit.gradia.fi\/hannisjarvinen-tdpt2104\/wp-content\/uploads\/sites\/235\/2022\/01\/20220112_125041c-749x1024.jpg"},{"@type":"BreadcrumbList","@id":"https:\/\/blogit.gradia.fi\/hannisjarvinen-tdpt2104\/2022\/01\/16\/varjays-alkaa-reaktiovareilla\/#breadcrumb","itemListElement":[{"@type":"ListItem","position":1,"name":"Etusivu","item":"https:\/\/blogit.gradia.fi\/hannisjarvinen-tdpt2104\/"},{"@type":"ListItem","position":2,"name":"V\u00e4rj\u00e4ys alkaa reaktiov\u00e4reill\u00e4"}]},{"@type":"WebSite","@id":"https:\/\/blogit.gradia.fi\/hannisjarvinen-tdpt2104\/#website","url":"https:\/\/blogit.gradia.fi\/hannisjarvinen-tdpt2104\/","name":"Oppimisp\u00e4iv\u00e4kirja","description":"Hannis J\u00e4rvinen","potentialAction":[{"@type":"SearchAction","target":{"@type":"EntryPoint","urlTemplate":"https:\/\/blogit.gradia.fi\/hannisjarvinen-tdpt2104\/?s={search_term_string}"},"query-input":{"@type":"PropertyValueSpecification","valueRequired":true,"valueName":"search_term_string"}}],"inLanguage":"fi"},{"@type":"Person","@id":"https:\/\/blogit.gradia.fi\/hannisjarvinen-tdpt2104\/#\/schema\/person\/e011261e8d441be7cf033a749535de0c","name":"Hannis J\u00e4rvinen","image":{"@type":"ImageObject","inLanguage":"fi","@id":"https:\/\/secure.gravatar.com\/avatar\/34ac6c536edfe2e363a0d57b1d24074e7abdca5a40940d30224c716c81d9b9ba?s=96&d=mm&r=g","url":"https:\/\/secure.gravatar.com\/avatar\/34ac6c536edfe2e363a0d57b1d24074e7abdca5a40940d30224c716c81d9b9ba?s=96&d=mm&r=g","contentUrl":"https:\/\/secure.gravatar.com\/avatar\/34ac6c536edfe2e363a0d57b1d24074e7abdca5a40940d30224c716c81d9b9ba?s=96&d=mm&r=g","caption":"Hannis J\u00e4rvinen"},"url":"https:\/\/blogit.gradia.fi\/hannisjarvinen-tdpt2104\/author\/gr266238\/"}]}},"uagb_featured_image_src":{"full":false,"thumbnail":false,"medium":false,"medium_large":false,"large":false,"1536x1536":false,"2048x2048":false,"twentyseventeen-featured-image":false,"twentyseventeen-thumbnail-avatar":false},"uagb_author_info":{"display_name":"Hannis J\u00e4rvinen","author_link":"https:\/\/blogit.gradia.fi\/hannisjarvinen-tdpt2104\/author\/gr266238\/"},"uagb_comment_info":0,"uagb_excerpt":"P\u00e4\u00e4sin keskiviikkona 12.1. aloittamaan v\u00e4rj\u00e4yksen parissa. Aloitimme v\u00e4rj\u00e4yskokeilut reaktiov\u00e4reill\u00e4 selluloosakuiduille. Teimme erilaisia tiukkoja sidontoja kangaspaloille ja v\u00e4rj\u00e4simme niit\u00e4 useaan kertaan. V\u00e4rien ja sidontojen harhjoittelu oli hauskaa vaikka monesti v\u00e4reist\u00e4 ei tullut odotetun kaltaisia. Taitosten, puupalikoiden ja narujen muodostamat kuviot v\u00e4rj\u00e4tyiss\u00e4 kankaissa toivat j\u00e4nnityst\u00e4 v\u00e4rj\u00e4\u00e4miseen. Ensimm\u00e4isen\u00e4 v\u00e4rj\u00e4ysp\u00e4iv\u00e4n\u00e4ni v\u00e4rj\u00e4sin vihre\u00e4ll\u00e4 liemell\u00e4. Vihre\u00e4st\u00e4 tuli aika raikas, mutta sidonnat&hellip;","_links":{"self":[{"href":"https:\/\/blogit.gradia.fi\/hannisjarvinen-tdpt2104\/wp-json\/wp\/v2\/posts\/316","targetHints":{"allow":["GET"]}}],"collection":[{"href":"https:\/\/blogit.gradia.fi\/hannisjarvinen-tdpt2104\/wp-json\/wp\/v2\/posts"}],"about":[{"href":"https:\/\/blogit.gradia.fi\/hannisjarvinen-tdpt2104\/wp-json\/wp\/v2\/types\/post"}],"author":[{"embeddable":true,"href":"https:\/\/blogit.gradia.fi\/hannisjarvinen-tdpt2104\/wp-json\/wp\/v2\/users\/771"}],"replies":[{"embeddable":true,"href":"https:\/\/blogit.gradia.fi\/hannisjarvinen-tdpt2104\/wp-json\/wp\/v2\/comments?post=316"}],"version-history":[{"count":2,"href":"https:\/\/blogit.gradia.fi\/hannisjarvinen-tdpt2104\/wp-json\/wp\/v2\/posts\/316\/revisions"}],"predecessor-version":[{"id":346,"href":"https:\/\/blogit.gradia.fi\/hannisjarvinen-tdpt2104\/wp-json\/wp\/v2\/posts\/316\/revisions\/346"}],"wp:attachment":[{"href":"https:\/\/blogit.gradia.fi\/hannisjarvinen-tdpt2104\/wp-json\/wp\/v2\/media?parent=316"}],"wp:term":[{"taxonomy":"category","embeddable":true,"href":"https:\/\/blogit.gradia.fi\/hannisjarvinen-tdpt2104\/wp-json\/wp\/v2\/categories?post=316"},{"taxonomy":"post_tag","embeddable":true,"href":"https:\/\/blogit.gradia.fi\/hannisjarvinen-tdpt2104\/wp-json\/wp\/v2\/tags?post=316"}],"curies":[{"name":"wp","href":"https:\/\/api.w.org\/{rel}","templated":true}]}}