{"id":284,"date":"2021-12-05T14:47:32","date_gmt":"2021-12-05T12:47:32","guid":{"rendered":"https:\/\/blogit.gradia.fi\/hannisjarvinen-tdpt2104\/?p=284"},"modified":"2021-12-05T14:47:33","modified_gmt":"2021-12-05T12:47:33","slug":"ruusukasta-jalleen","status":"publish","type":"post","link":"https:\/\/blogit.gradia.fi\/hannisjarvinen-tdpt2104\/2021\/12\/05\/ruusukasta-jalleen\/","title":{"rendered":"Ruusukasta j\u00e4lleen"},"content":{"rendered":"\n<p>Olen vihdoin saanut kotikangaspuilla alkuun ruusukasmaton. <\/p>\n\n\n\n<p>Ensimm\u00e4inen matto tulee pienemm\u00e4lle tytt\u00e4relle omaan huoneeseen, h\u00e4nen toivomillaan v\u00e4reill\u00e4.<br>Tytt\u00f6 toivoi, ett\u00e4 matossa olisi ranskalaisten pastillien v\u00e4rej\u00e4: mintunvihre\u00e4\u00e4, lilaa ja vaaleanpunaista. Osa kuteista on vanhoja lakanoita ja verhoja, osa kaupasta ostettuja.<\/p>\n\n\n\n<figure class=\"wp-block-image size-large\"><img loading=\"lazy\" decoding=\"async\" width=\"1024\" height=\"768\" src=\"https:\/\/blogit.gradia.fi\/hannisjarvinen-tdpt2104\/wp-content\/uploads\/sites\/235\/2021\/12\/20211205_113041-scaled-e1638707893498-1024x768.jpg\" alt=\"\" class=\"wp-image-285\" srcset=\"https:\/\/blogit.gradia.fi\/hannisjarvinen-tdpt2104\/wp-content\/uploads\/sites\/235\/2021\/12\/20211205_113041-scaled-e1638707893498-1024x768.jpg 1024w, https:\/\/blogit.gradia.fi\/hannisjarvinen-tdpt2104\/wp-content\/uploads\/sites\/235\/2021\/12\/20211205_113041-scaled-e1638707893498-300x225.jpg 300w, https:\/\/blogit.gradia.fi\/hannisjarvinen-tdpt2104\/wp-content\/uploads\/sites\/235\/2021\/12\/20211205_113041-scaled-e1638707893498-768x576.jpg 768w, https:\/\/blogit.gradia.fi\/hannisjarvinen-tdpt2104\/wp-content\/uploads\/sites\/235\/2021\/12\/20211205_113041-scaled-e1638707893498-1536x1152.jpg 1536w, https:\/\/blogit.gradia.fi\/hannisjarvinen-tdpt2104\/wp-content\/uploads\/sites\/235\/2021\/12\/20211205_113041-scaled-e1638707893498-2048x1536.jpg 2048w\" sizes=\"auto, (max-width: 767px) 89vw, (max-width: 1000px) 54vw, (max-width: 1071px) 543px, 580px\" \/><\/figure>\n\n\n\n<figure class=\"wp-block-image size-large\"><img loading=\"lazy\" decoding=\"async\" width=\"1024\" height=\"823\" src=\"https:\/\/blogit.gradia.fi\/hannisjarvinen-tdpt2104\/wp-content\/uploads\/sites\/235\/2021\/12\/20211205_123112-scaled-e1638708141148-1024x823.jpg\" alt=\"\" class=\"wp-image-286\" srcset=\"https:\/\/blogit.gradia.fi\/hannisjarvinen-tdpt2104\/wp-content\/uploads\/sites\/235\/2021\/12\/20211205_123112-scaled-e1638708141148-1024x823.jpg 1024w, https:\/\/blogit.gradia.fi\/hannisjarvinen-tdpt2104\/wp-content\/uploads\/sites\/235\/2021\/12\/20211205_123112-scaled-e1638708141148-300x241.jpg 300w, https:\/\/blogit.gradia.fi\/hannisjarvinen-tdpt2104\/wp-content\/uploads\/sites\/235\/2021\/12\/20211205_123112-scaled-e1638708141148-768x617.jpg 768w, https:\/\/blogit.gradia.fi\/hannisjarvinen-tdpt2104\/wp-content\/uploads\/sites\/235\/2021\/12\/20211205_123112-scaled-e1638708141148-1536x1234.jpg 1536w, https:\/\/blogit.gradia.fi\/hannisjarvinen-tdpt2104\/wp-content\/uploads\/sites\/235\/2021\/12\/20211205_123112-scaled-e1638708141148.jpg 1657w\" sizes=\"auto, (max-width: 767px) 89vw, (max-width: 1000px) 54vw, (max-width: 1071px) 543px, 580px\" \/><figcaption>Kullan kimallusta<\/figcaption><\/figure>\n\n\n\n<p>Lis\u00e4toiveena oli saada mattoon my\u00f6s kullan v\u00e4rist\u00e4 virkkasulankaa. Sit\u00e4 riitti vain maton keskimm\u00e4iseen raitaan. <\/p>\n","protected":false},"excerpt":{"rendered":"<p>Olen vihdoin saanut kotikangaspuilla alkuun ruusukasmaton. Ensimm\u00e4inen matto tulee pienemm\u00e4lle tytt\u00e4relle omaan huoneeseen, h\u00e4nen toivomillaan v\u00e4reill\u00e4.Tytt\u00f6 toivoi, ett\u00e4 matossa olisi ranskalaisten pastillien v\u00e4rej\u00e4: mintunvihre\u00e4\u00e4, lilaa ja vaaleanpunaista. Osa kuteista on vanhoja lakanoita ja verhoja, osa kaupasta ostettuja. Lis\u00e4toiveena oli saada mattoon my\u00f6s kullan v\u00e4rist\u00e4 virkkasulankaa. Sit\u00e4 riitti vain maton keskimm\u00e4iseen raitaan.<\/p>\n","protected":false},"author":771,"featured_media":0,"comment_status":"open","ping_status":"open","sticky":false,"template":"","format":"standard","meta":{"_uag_custom_page_level_css":"","footnotes":""},"categories":[5],"tags":[],"class_list":["post-284","post","type-post","status-publish","format-standard","hentry","category-kudonta"],"yoast_head":"<!-- This site is optimized with the Yoast SEO plugin v27.5 - https:\/\/yoast.com\/product\/yoast-seo-wordpress\/ -->\n<title>Ruusukasta j\u00e4lleen - Oppimisp\u00e4iv\u00e4kirja<\/title>\n<meta name=\"robots\" content=\"index, follow, max-snippet:-1, max-image-preview:large, max-video-preview:-1\" \/>\n<link rel=\"canonical\" href=\"https:\/\/blogit.gradia.fi\/hannisjarvinen-tdpt2104\/2021\/12\/05\/ruusukasta-jalleen\/\" \/>\n<meta property=\"og:locale\" content=\"fi_FI\" \/>\n<meta property=\"og:type\" content=\"article\" \/>\n<meta property=\"og:title\" content=\"Ruusukasta j\u00e4lleen - Oppimisp\u00e4iv\u00e4kirja\" \/>\n<meta property=\"og:description\" content=\"Olen vihdoin saanut kotikangaspuilla alkuun ruusukasmaton. Ensimm\u00e4inen matto tulee pienemm\u00e4lle tytt\u00e4relle omaan huoneeseen, h\u00e4nen toivomillaan v\u00e4reill\u00e4.Tytt\u00f6 toivoi, ett\u00e4 matossa olisi ranskalaisten pastillien v\u00e4rej\u00e4: mintunvihre\u00e4\u00e4, lilaa ja vaaleanpunaista. Osa kuteista on vanhoja lakanoita ja verhoja, osa kaupasta ostettuja. Lis\u00e4toiveena oli saada mattoon my\u00f6s kullan v\u00e4rist\u00e4 virkkasulankaa. Sit\u00e4 riitti vain maton keskimm\u00e4iseen raitaan.\" \/>\n<meta property=\"og:url\" content=\"https:\/\/blogit.gradia.fi\/hannisjarvinen-tdpt2104\/2021\/12\/05\/ruusukasta-jalleen\/\" \/>\n<meta property=\"og:site_name\" content=\"Oppimisp\u00e4iv\u00e4kirja\" \/>\n<meta property=\"article:published_time\" content=\"2021-12-05T12:47:32+00:00\" \/>\n<meta property=\"article:modified_time\" content=\"2021-12-05T12:47:33+00:00\" \/>\n<meta property=\"og:image\" content=\"https:\/\/blogit.gradia.fi\/hannisjarvinen-tdpt2104\/wp-content\/uploads\/sites\/235\/2021\/12\/20211205_113041-scaled-e1638707893498-1024x768.jpg\" \/>\n<meta name=\"author\" content=\"Hannis J\u00e4rvinen\" \/>\n<meta name=\"twitter:card\" content=\"summary_large_image\" \/>\n<meta name=\"twitter:label1\" content=\"Kirjoittanut\" \/>\n\t<meta name=\"twitter:data1\" content=\"Hannis J\u00e4rvinen\" \/>\n\t<meta name=\"twitter:label2\" content=\"Arvioitu lukuaika\" \/>\n\t<meta name=\"twitter:data2\" content=\"1 minuutti\" \/>\n<script type=\"application\/ld+json\" class=\"yoast-schema-graph\">{\"@context\":\"https:\\\/\\\/schema.org\",\"@graph\":[{\"@type\":\"Article\",\"@id\":\"https:\\\/\\\/blogit.gradia.fi\\\/hannisjarvinen-tdpt2104\\\/2021\\\/12\\\/05\\\/ruusukasta-jalleen\\\/#article\",\"isPartOf\":{\"@id\":\"https:\\\/\\\/blogit.gradia.fi\\\/hannisjarvinen-tdpt2104\\\/2021\\\/12\\\/05\\\/ruusukasta-jalleen\\\/\"},\"author\":{\"name\":\"Hannis J\u00e4rvinen\",\"@id\":\"https:\\\/\\\/blogit.gradia.fi\\\/hannisjarvinen-tdpt2104\\\/#\\\/schema\\\/person\\\/e011261e8d441be7cf033a749535de0c\"},\"headline\":\"Ruusukasta j\u00e4lleen\",\"datePublished\":\"2021-12-05T12:47:32+00:00\",\"dateModified\":\"2021-12-05T12:47:33+00:00\",\"mainEntityOfPage\":{\"@id\":\"https:\\\/\\\/blogit.gradia.fi\\\/hannisjarvinen-tdpt2104\\\/2021\\\/12\\\/05\\\/ruusukasta-jalleen\\\/\"},\"wordCount\":67,\"commentCount\":1,\"image\":{\"@id\":\"https:\\\/\\\/blogit.gradia.fi\\\/hannisjarvinen-tdpt2104\\\/2021\\\/12\\\/05\\\/ruusukasta-jalleen\\\/#primaryimage\"},\"thumbnailUrl\":\"https:\\\/\\\/blogit.gradia.fi\\\/hannisjarvinen-tdpt2104\\\/wp-content\\\/uploads\\\/sites\\\/235\\\/2021\\\/12\\\/20211205_113041-scaled-e1638707893498-1024x768.jpg\",\"articleSection\":[\"Kudonta\"],\"inLanguage\":\"fi\",\"potentialAction\":[{\"@type\":\"CommentAction\",\"name\":\"Comment\",\"target\":[\"https:\\\/\\\/blogit.gradia.fi\\\/hannisjarvinen-tdpt2104\\\/2021\\\/12\\\/05\\\/ruusukasta-jalleen\\\/#respond\"]}]},{\"@type\":\"WebPage\",\"@id\":\"https:\\\/\\\/blogit.gradia.fi\\\/hannisjarvinen-tdpt2104\\\/2021\\\/12\\\/05\\\/ruusukasta-jalleen\\\/\",\"url\":\"https:\\\/\\\/blogit.gradia.fi\\\/hannisjarvinen-tdpt2104\\\/2021\\\/12\\\/05\\\/ruusukasta-jalleen\\\/\",\"name\":\"Ruusukasta j\u00e4lleen - Oppimisp\u00e4iv\u00e4kirja\",\"isPartOf\":{\"@id\":\"https:\\\/\\\/blogit.gradia.fi\\\/hannisjarvinen-tdpt2104\\\/#website\"},\"primaryImageOfPage\":{\"@id\":\"https:\\\/\\\/blogit.gradia.fi\\\/hannisjarvinen-tdpt2104\\\/2021\\\/12\\\/05\\\/ruusukasta-jalleen\\\/#primaryimage\"},\"image\":{\"@id\":\"https:\\\/\\\/blogit.gradia.fi\\\/hannisjarvinen-tdpt2104\\\/2021\\\/12\\\/05\\\/ruusukasta-jalleen\\\/#primaryimage\"},\"thumbnailUrl\":\"https:\\\/\\\/blogit.gradia.fi\\\/hannisjarvinen-tdpt2104\\\/wp-content\\\/uploads\\\/sites\\\/235\\\/2021\\\/12\\\/20211205_113041-scaled-e1638707893498-1024x768.jpg\",\"datePublished\":\"2021-12-05T12:47:32+00:00\",\"dateModified\":\"2021-12-05T12:47:33+00:00\",\"author\":{\"@id\":\"https:\\\/\\\/blogit.gradia.fi\\\/hannisjarvinen-tdpt2104\\\/#\\\/schema\\\/person\\\/e011261e8d441be7cf033a749535de0c\"},\"breadcrumb\":{\"@id\":\"https:\\\/\\\/blogit.gradia.fi\\\/hannisjarvinen-tdpt2104\\\/2021\\\/12\\\/05\\\/ruusukasta-jalleen\\\/#breadcrumb\"},\"inLanguage\":\"fi\",\"potentialAction\":[{\"@type\":\"ReadAction\",\"target\":[\"https:\\\/\\\/blogit.gradia.fi\\\/hannisjarvinen-tdpt2104\\\/2021\\\/12\\\/05\\\/ruusukasta-jalleen\\\/\"]}]},{\"@type\":\"ImageObject\",\"inLanguage\":\"fi\",\"@id\":\"https:\\\/\\\/blogit.gradia.fi\\\/hannisjarvinen-tdpt2104\\\/2021\\\/12\\\/05\\\/ruusukasta-jalleen\\\/#primaryimage\",\"url\":\"https:\\\/\\\/blogit.gradia.fi\\\/hannisjarvinen-tdpt2104\\\/wp-content\\\/uploads\\\/sites\\\/235\\\/2021\\\/12\\\/20211205_113041-scaled-e1638707893498.jpg\",\"contentUrl\":\"https:\\\/\\\/blogit.gradia.fi\\\/hannisjarvinen-tdpt2104\\\/wp-content\\\/uploads\\\/sites\\\/235\\\/2021\\\/12\\\/20211205_113041-scaled-e1638707893498.jpg\",\"width\":2560,\"height\":1920},{\"@type\":\"BreadcrumbList\",\"@id\":\"https:\\\/\\\/blogit.gradia.fi\\\/hannisjarvinen-tdpt2104\\\/2021\\\/12\\\/05\\\/ruusukasta-jalleen\\\/#breadcrumb\",\"itemListElement\":[{\"@type\":\"ListItem\",\"position\":1,\"name\":\"Etusivu\",\"item\":\"https:\\\/\\\/blogit.gradia.fi\\\/hannisjarvinen-tdpt2104\\\/\"},{\"@type\":\"ListItem\",\"position\":2,\"name\":\"Ruusukasta j\u00e4lleen\"}]},{\"@type\":\"WebSite\",\"@id\":\"https:\\\/\\\/blogit.gradia.fi\\\/hannisjarvinen-tdpt2104\\\/#website\",\"url\":\"https:\\\/\\\/blogit.gradia.fi\\\/hannisjarvinen-tdpt2104\\\/\",\"name\":\"Oppimisp\u00e4iv\u00e4kirja\",\"description\":\"Hannis J\u00e4rvinen\",\"potentialAction\":[{\"@type\":\"SearchAction\",\"target\":{\"@type\":\"EntryPoint\",\"urlTemplate\":\"https:\\\/\\\/blogit.gradia.fi\\\/hannisjarvinen-tdpt2104\\\/?s={search_term_string}\"},\"query-input\":{\"@type\":\"PropertyValueSpecification\",\"valueRequired\":true,\"valueName\":\"search_term_string\"}}],\"inLanguage\":\"fi\"},{\"@type\":\"Person\",\"@id\":\"https:\\\/\\\/blogit.gradia.fi\\\/hannisjarvinen-tdpt2104\\\/#\\\/schema\\\/person\\\/e011261e8d441be7cf033a749535de0c\",\"name\":\"Hannis J\u00e4rvinen\",\"image\":{\"@type\":\"ImageObject\",\"inLanguage\":\"fi\",\"@id\":\"https:\\\/\\\/secure.gravatar.com\\\/avatar\\\/34ac6c536edfe2e363a0d57b1d24074e7abdca5a40940d30224c716c81d9b9ba?s=96&d=mm&r=g\",\"url\":\"https:\\\/\\\/secure.gravatar.com\\\/avatar\\\/34ac6c536edfe2e363a0d57b1d24074e7abdca5a40940d30224c716c81d9b9ba?s=96&d=mm&r=g\",\"contentUrl\":\"https:\\\/\\\/secure.gravatar.com\\\/avatar\\\/34ac6c536edfe2e363a0d57b1d24074e7abdca5a40940d30224c716c81d9b9ba?s=96&d=mm&r=g\",\"caption\":\"Hannis J\u00e4rvinen\"},\"url\":\"https:\\\/\\\/blogit.gradia.fi\\\/hannisjarvinen-tdpt2104\\\/author\\\/gr266238\\\/\"}]}<\/script>\n<!-- \/ Yoast SEO plugin. -->","yoast_head_json":{"title":"Ruusukasta j\u00e4lleen - Oppimisp\u00e4iv\u00e4kirja","robots":{"index":"index","follow":"follow","max-snippet":"max-snippet:-1","max-image-preview":"max-image-preview:large","max-video-preview":"max-video-preview:-1"},"canonical":"https:\/\/blogit.gradia.fi\/hannisjarvinen-tdpt2104\/2021\/12\/05\/ruusukasta-jalleen\/","og_locale":"fi_FI","og_type":"article","og_title":"Ruusukasta j\u00e4lleen - Oppimisp\u00e4iv\u00e4kirja","og_description":"Olen vihdoin saanut kotikangaspuilla alkuun ruusukasmaton. Ensimm\u00e4inen matto tulee pienemm\u00e4lle tytt\u00e4relle omaan huoneeseen, h\u00e4nen toivomillaan v\u00e4reill\u00e4.Tytt\u00f6 toivoi, ett\u00e4 matossa olisi ranskalaisten pastillien v\u00e4rej\u00e4: mintunvihre\u00e4\u00e4, lilaa ja vaaleanpunaista. Osa kuteista on vanhoja lakanoita ja verhoja, osa kaupasta ostettuja. Lis\u00e4toiveena oli saada mattoon my\u00f6s kullan v\u00e4rist\u00e4 virkkasulankaa. Sit\u00e4 riitti vain maton keskimm\u00e4iseen raitaan.","og_url":"https:\/\/blogit.gradia.fi\/hannisjarvinen-tdpt2104\/2021\/12\/05\/ruusukasta-jalleen\/","og_site_name":"Oppimisp\u00e4iv\u00e4kirja","article_published_time":"2021-12-05T12:47:32+00:00","article_modified_time":"2021-12-05T12:47:33+00:00","og_image":[{"url":"https:\/\/blogit.gradia.fi\/hannisjarvinen-tdpt2104\/wp-content\/uploads\/sites\/235\/2021\/12\/20211205_113041-scaled-e1638707893498-1024x768.jpg","type":"","width":"","height":""}],"author":"Hannis J\u00e4rvinen","twitter_card":"summary_large_image","twitter_misc":{"Kirjoittanut":"Hannis J\u00e4rvinen","Arvioitu lukuaika":"1 minuutti"},"schema":{"@context":"https:\/\/schema.org","@graph":[{"@type":"Article","@id":"https:\/\/blogit.gradia.fi\/hannisjarvinen-tdpt2104\/2021\/12\/05\/ruusukasta-jalleen\/#article","isPartOf":{"@id":"https:\/\/blogit.gradia.fi\/hannisjarvinen-tdpt2104\/2021\/12\/05\/ruusukasta-jalleen\/"},"author":{"name":"Hannis J\u00e4rvinen","@id":"https:\/\/blogit.gradia.fi\/hannisjarvinen-tdpt2104\/#\/schema\/person\/e011261e8d441be7cf033a749535de0c"},"headline":"Ruusukasta j\u00e4lleen","datePublished":"2021-12-05T12:47:32+00:00","dateModified":"2021-12-05T12:47:33+00:00","mainEntityOfPage":{"@id":"https:\/\/blogit.gradia.fi\/hannisjarvinen-tdpt2104\/2021\/12\/05\/ruusukasta-jalleen\/"},"wordCount":67,"commentCount":1,"image":{"@id":"https:\/\/blogit.gradia.fi\/hannisjarvinen-tdpt2104\/2021\/12\/05\/ruusukasta-jalleen\/#primaryimage"},"thumbnailUrl":"https:\/\/blogit.gradia.fi\/hannisjarvinen-tdpt2104\/wp-content\/uploads\/sites\/235\/2021\/12\/20211205_113041-scaled-e1638707893498-1024x768.jpg","articleSection":["Kudonta"],"inLanguage":"fi","potentialAction":[{"@type":"CommentAction","name":"Comment","target":["https:\/\/blogit.gradia.fi\/hannisjarvinen-tdpt2104\/2021\/12\/05\/ruusukasta-jalleen\/#respond"]}]},{"@type":"WebPage","@id":"https:\/\/blogit.gradia.fi\/hannisjarvinen-tdpt2104\/2021\/12\/05\/ruusukasta-jalleen\/","url":"https:\/\/blogit.gradia.fi\/hannisjarvinen-tdpt2104\/2021\/12\/05\/ruusukasta-jalleen\/","name":"Ruusukasta j\u00e4lleen - Oppimisp\u00e4iv\u00e4kirja","isPartOf":{"@id":"https:\/\/blogit.gradia.fi\/hannisjarvinen-tdpt2104\/#website"},"primaryImageOfPage":{"@id":"https:\/\/blogit.gradia.fi\/hannisjarvinen-tdpt2104\/2021\/12\/05\/ruusukasta-jalleen\/#primaryimage"},"image":{"@id":"https:\/\/blogit.gradia.fi\/hannisjarvinen-tdpt2104\/2021\/12\/05\/ruusukasta-jalleen\/#primaryimage"},"thumbnailUrl":"https:\/\/blogit.gradia.fi\/hannisjarvinen-tdpt2104\/wp-content\/uploads\/sites\/235\/2021\/12\/20211205_113041-scaled-e1638707893498-1024x768.jpg","datePublished":"2021-12-05T12:47:32+00:00","dateModified":"2021-12-05T12:47:33+00:00","author":{"@id":"https:\/\/blogit.gradia.fi\/hannisjarvinen-tdpt2104\/#\/schema\/person\/e011261e8d441be7cf033a749535de0c"},"breadcrumb":{"@id":"https:\/\/blogit.gradia.fi\/hannisjarvinen-tdpt2104\/2021\/12\/05\/ruusukasta-jalleen\/#breadcrumb"},"inLanguage":"fi","potentialAction":[{"@type":"ReadAction","target":["https:\/\/blogit.gradia.fi\/hannisjarvinen-tdpt2104\/2021\/12\/05\/ruusukasta-jalleen\/"]}]},{"@type":"ImageObject","inLanguage":"fi","@id":"https:\/\/blogit.gradia.fi\/hannisjarvinen-tdpt2104\/2021\/12\/05\/ruusukasta-jalleen\/#primaryimage","url":"https:\/\/blogit.gradia.fi\/hannisjarvinen-tdpt2104\/wp-content\/uploads\/sites\/235\/2021\/12\/20211205_113041-scaled-e1638707893498.jpg","contentUrl":"https:\/\/blogit.gradia.fi\/hannisjarvinen-tdpt2104\/wp-content\/uploads\/sites\/235\/2021\/12\/20211205_113041-scaled-e1638707893498.jpg","width":2560,"height":1920},{"@type":"BreadcrumbList","@id":"https:\/\/blogit.gradia.fi\/hannisjarvinen-tdpt2104\/2021\/12\/05\/ruusukasta-jalleen\/#breadcrumb","itemListElement":[{"@type":"ListItem","position":1,"name":"Etusivu","item":"https:\/\/blogit.gradia.fi\/hannisjarvinen-tdpt2104\/"},{"@type":"ListItem","position":2,"name":"Ruusukasta j\u00e4lleen"}]},{"@type":"WebSite","@id":"https:\/\/blogit.gradia.fi\/hannisjarvinen-tdpt2104\/#website","url":"https:\/\/blogit.gradia.fi\/hannisjarvinen-tdpt2104\/","name":"Oppimisp\u00e4iv\u00e4kirja","description":"Hannis J\u00e4rvinen","potentialAction":[{"@type":"SearchAction","target":{"@type":"EntryPoint","urlTemplate":"https:\/\/blogit.gradia.fi\/hannisjarvinen-tdpt2104\/?s={search_term_string}"},"query-input":{"@type":"PropertyValueSpecification","valueRequired":true,"valueName":"search_term_string"}}],"inLanguage":"fi"},{"@type":"Person","@id":"https:\/\/blogit.gradia.fi\/hannisjarvinen-tdpt2104\/#\/schema\/person\/e011261e8d441be7cf033a749535de0c","name":"Hannis J\u00e4rvinen","image":{"@type":"ImageObject","inLanguage":"fi","@id":"https:\/\/secure.gravatar.com\/avatar\/34ac6c536edfe2e363a0d57b1d24074e7abdca5a40940d30224c716c81d9b9ba?s=96&d=mm&r=g","url":"https:\/\/secure.gravatar.com\/avatar\/34ac6c536edfe2e363a0d57b1d24074e7abdca5a40940d30224c716c81d9b9ba?s=96&d=mm&r=g","contentUrl":"https:\/\/secure.gravatar.com\/avatar\/34ac6c536edfe2e363a0d57b1d24074e7abdca5a40940d30224c716c81d9b9ba?s=96&d=mm&r=g","caption":"Hannis J\u00e4rvinen"},"url":"https:\/\/blogit.gradia.fi\/hannisjarvinen-tdpt2104\/author\/gr266238\/"}]}},"uagb_featured_image_src":{"full":false,"thumbnail":false,"medium":false,"medium_large":false,"large":false,"1536x1536":false,"2048x2048":false,"twentyseventeen-featured-image":false,"twentyseventeen-thumbnail-avatar":false},"uagb_author_info":{"display_name":"Hannis J\u00e4rvinen","author_link":"https:\/\/blogit.gradia.fi\/hannisjarvinen-tdpt2104\/author\/gr266238\/"},"uagb_comment_info":1,"uagb_excerpt":"Olen vihdoin saanut kotikangaspuilla alkuun ruusukasmaton. Ensimm\u00e4inen matto tulee pienemm\u00e4lle tytt\u00e4relle omaan huoneeseen, h\u00e4nen toivomillaan v\u00e4reill\u00e4.Tytt\u00f6 toivoi, ett\u00e4 matossa olisi ranskalaisten pastillien v\u00e4rej\u00e4: mintunvihre\u00e4\u00e4, lilaa ja vaaleanpunaista. Osa kuteista on vanhoja lakanoita ja verhoja, osa kaupasta ostettuja. Lis\u00e4toiveena oli saada mattoon my\u00f6s kullan v\u00e4rist\u00e4 virkkasulankaa. Sit\u00e4 riitti vain maton keskimm\u00e4iseen raitaan.","_links":{"self":[{"href":"https:\/\/blogit.gradia.fi\/hannisjarvinen-tdpt2104\/wp-json\/wp\/v2\/posts\/284","targetHints":{"allow":["GET"]}}],"collection":[{"href":"https:\/\/blogit.gradia.fi\/hannisjarvinen-tdpt2104\/wp-json\/wp\/v2\/posts"}],"about":[{"href":"https:\/\/blogit.gradia.fi\/hannisjarvinen-tdpt2104\/wp-json\/wp\/v2\/types\/post"}],"author":[{"embeddable":true,"href":"https:\/\/blogit.gradia.fi\/hannisjarvinen-tdpt2104\/wp-json\/wp\/v2\/users\/771"}],"replies":[{"embeddable":true,"href":"https:\/\/blogit.gradia.fi\/hannisjarvinen-tdpt2104\/wp-json\/wp\/v2\/comments?post=284"}],"version-history":[{"count":1,"href":"https:\/\/blogit.gradia.fi\/hannisjarvinen-tdpt2104\/wp-json\/wp\/v2\/posts\/284\/revisions"}],"predecessor-version":[{"id":287,"href":"https:\/\/blogit.gradia.fi\/hannisjarvinen-tdpt2104\/wp-json\/wp\/v2\/posts\/284\/revisions\/287"}],"wp:attachment":[{"href":"https:\/\/blogit.gradia.fi\/hannisjarvinen-tdpt2104\/wp-json\/wp\/v2\/media?parent=284"}],"wp:term":[{"taxonomy":"category","embeddable":true,"href":"https:\/\/blogit.gradia.fi\/hannisjarvinen-tdpt2104\/wp-json\/wp\/v2\/categories?post=284"},{"taxonomy":"post_tag","embeddable":true,"href":"https:\/\/blogit.gradia.fi\/hannisjarvinen-tdpt2104\/wp-json\/wp\/v2\/tags?post=284"}],"curies":[{"name":"wp","href":"https:\/\/api.w.org\/{rel}","templated":true}]}}