{"id":257,"date":"2021-11-26T16:41:19","date_gmt":"2021-11-26T14:41:19","guid":{"rendered":"https:\/\/blogit.gradia.fi\/hannisjarvinen-tdpt2104\/?p=257"},"modified":"2023-04-06T17:55:34","modified_gmt":"2023-04-06T14:55:34","slug":"vihreaa-varia","status":"publish","type":"post","link":"https:\/\/blogit.gradia.fi\/hannisjarvinen-tdpt2104\/2021\/11\/26\/vihreaa-varia\/","title":{"rendered":"Vihre\u00e4\u00e4 v\u00e4ri\u00e4"},"content":{"rendered":"\n<p>T\u00e4n\u00e4\u00e4n k\u00e4vimme viel\u00e4 py\u00f6r\u00e4ht\u00e4m\u00e4ss\u00e4 Suomen k\u00e4sity\u00f6n museon Vihre\u00e4\u00e4 v\u00e4ri\u00e4 -n\u00e4yttelyss\u00e4. Mielenkiintoista oli tutustua luonnon v\u00e4reill\u00e4 v\u00e4rj\u00e4ttyihin n\u00e4ytteisiin. Luonnon kasveilla ja sienill\u00e4 v\u00e4rj\u00e4\u00e4minen on minulle tuttua, mutta uuttakin asiaa tuli erilaisten v\u00e4rin\u00e4ytteiden muodossa. <\/p>\n\n\n\n<figure class=\"wp-block-gallery has-nested-images columns-default is-cropped wp-block-gallery-1 is-layout-flex wp-block-gallery-is-layout-flex\">\n<figure class=\"wp-block-image size-large\"><img loading=\"lazy\" decoding=\"async\" width=\"654\" height=\"1024\" data-id=\"261\" src=\"https:\/\/blogit.gradia.fi\/hannisjarvinen-tdpt2104\/wp-content\/uploads\/sites\/235\/2021\/11\/20211126_121203-scaled-e1637934246366-654x1024.jpg\" alt=\"\" class=\"wp-image-261\" srcset=\"https:\/\/blogit.gradia.fi\/hannisjarvinen-tdpt2104\/wp-content\/uploads\/sites\/235\/2021\/11\/20211126_121203-scaled-e1637934246366-654x1024.jpg 654w, https:\/\/blogit.gradia.fi\/hannisjarvinen-tdpt2104\/wp-content\/uploads\/sites\/235\/2021\/11\/20211126_121203-scaled-e1637934246366-191x300.jpg 191w, https:\/\/blogit.gradia.fi\/hannisjarvinen-tdpt2104\/wp-content\/uploads\/sites\/235\/2021\/11\/20211126_121203-scaled-e1637934246366-768x1203.jpg 768w, https:\/\/blogit.gradia.fi\/hannisjarvinen-tdpt2104\/wp-content\/uploads\/sites\/235\/2021\/11\/20211126_121203-scaled-e1637934246366-980x1536.jpg 980w, https:\/\/blogit.gradia.fi\/hannisjarvinen-tdpt2104\/wp-content\/uploads\/sites\/235\/2021\/11\/20211126_121203-scaled-e1637934246366-1307x2048.jpg 1307w, https:\/\/blogit.gradia.fi\/hannisjarvinen-tdpt2104\/wp-content\/uploads\/sites\/235\/2021\/11\/20211126_121203-scaled-e1637934246366.jpg 1491w\" sizes=\"auto, (max-width: 654px) 100vw, 654px\" \/><\/figure>\n\n\n\n<figure class=\"wp-block-image size-large\"><img loading=\"lazy\" decoding=\"async\" width=\"796\" height=\"1024\" data-id=\"259\" src=\"https:\/\/blogit.gradia.fi\/hannisjarvinen-tdpt2104\/wp-content\/uploads\/sites\/235\/2021\/11\/20211126_115032-scaled-e1637934012730-796x1024.jpg\" alt=\"\" class=\"wp-image-259\" srcset=\"https:\/\/blogit.gradia.fi\/hannisjarvinen-tdpt2104\/wp-content\/uploads\/sites\/235\/2021\/11\/20211126_115032-scaled-e1637934012730-796x1024.jpg 796w, https:\/\/blogit.gradia.fi\/hannisjarvinen-tdpt2104\/wp-content\/uploads\/sites\/235\/2021\/11\/20211126_115032-scaled-e1637934012730-233x300.jpg 233w, https:\/\/blogit.gradia.fi\/hannisjarvinen-tdpt2104\/wp-content\/uploads\/sites\/235\/2021\/11\/20211126_115032-scaled-e1637934012730-768x988.jpg 768w, https:\/\/blogit.gradia.fi\/hannisjarvinen-tdpt2104\/wp-content\/uploads\/sites\/235\/2021\/11\/20211126_115032-scaled-e1637934012730.jpg 1139w\" sizes=\"auto, (max-width: 767px) 89vw, (max-width: 1000px) 54vw, (max-width: 1071px) 543px, 580px\" \/><\/figure>\n<figcaption class=\"blocks-gallery-caption wp-element-caption\">Keijunmekon ja korpipaatsaman monet s\u00e4vyt ihastuttivat<\/figcaption><\/figure>\n\n\n\n<figure class=\"wp-block-image size-large\"><img loading=\"lazy\" decoding=\"async\" width=\"2560\" height=\"1600\" src=\"https:\/\/blogit.gradia.fi\/hannisjarvinen-tdpt2104\/wp-content\/uploads\/sites\/235\/2021\/11\/20211126_122020-edited-1-scaled.jpg\" alt=\"\" class=\"wp-image-263\" srcset=\"https:\/\/blogit.gradia.fi\/hannisjarvinen-tdpt2104\/wp-content\/uploads\/sites\/235\/2021\/11\/20211126_122020-edited-1-scaled.jpg 2560w, https:\/\/blogit.gradia.fi\/hannisjarvinen-tdpt2104\/wp-content\/uploads\/sites\/235\/2021\/11\/20211126_122020-edited-1-300x188.jpg 300w, https:\/\/blogit.gradia.fi\/hannisjarvinen-tdpt2104\/wp-content\/uploads\/sites\/235\/2021\/11\/20211126_122020-edited-1-1024x640.jpg 1024w, https:\/\/blogit.gradia.fi\/hannisjarvinen-tdpt2104\/wp-content\/uploads\/sites\/235\/2021\/11\/20211126_122020-edited-1-768x480.jpg 768w, https:\/\/blogit.gradia.fi\/hannisjarvinen-tdpt2104\/wp-content\/uploads\/sites\/235\/2021\/11\/20211126_122020-edited-1-1536x960.jpg 1536w, https:\/\/blogit.gradia.fi\/hannisjarvinen-tdpt2104\/wp-content\/uploads\/sites\/235\/2021\/11\/20211126_122020-edited-1-2048x1280.jpg 2048w\" sizes=\"auto, (max-width: 767px) 89vw, (max-width: 1000px) 54vw, (max-width: 1071px) 543px, 580px\" \/><figcaption class=\"wp-element-caption\">Morsingon kasvatuksesta<\/figcaption><\/figure>\n\n\n\n<p>Joitakin n\u00e4ytteit\u00e4 j\u00e4imme kaipaamaan. Itse olisin halunnut n\u00e4hd\u00e4 enemm\u00e4n erilaisten sienten ja esim. hevonhierakan eri s\u00e4vyj\u00e4. V\u00e4ritattaren ja malabarinpinaatin edustus olisi ollut my\u00f6s kiinnostavaa n\u00e4hd\u00e4. Luonnon v\u00e4riaineiden kirjo on niin laaja, ett\u00e4 raja on pit\u00e4nyt vet\u00e4\u00e4 johonkin. <\/p>\n\n\n\n<p>Kaikenkaikkiaan n\u00e4yttely oli kiinnostava ja upea ja ennen kaikkea vaatinut suuresti ty\u00f6t\u00e4 tekij\u00f6ilt\u00e4. <\/p>\n\n\n\n<figure class=\"wp-block-image size-large\"><img loading=\"lazy\" decoding=\"async\" width=\"1024\" height=\"775\" src=\"https:\/\/blogit.gradia.fi\/hannisjarvinen-tdpt2104\/wp-content\/uploads\/sites\/235\/2021\/11\/20211126_120137-scaled-e1637933708189-1024x775.jpg\" alt=\"\" class=\"wp-image-258\" srcset=\"https:\/\/blogit.gradia.fi\/hannisjarvinen-tdpt2104\/wp-content\/uploads\/sites\/235\/2021\/11\/20211126_120137-scaled-e1637933708189-1024x775.jpg 1024w, https:\/\/blogit.gradia.fi\/hannisjarvinen-tdpt2104\/wp-content\/uploads\/sites\/235\/2021\/11\/20211126_120137-scaled-e1637933708189-300x227.jpg 300w, https:\/\/blogit.gradia.fi\/hannisjarvinen-tdpt2104\/wp-content\/uploads\/sites\/235\/2021\/11\/20211126_120137-scaled-e1637933708189-768x581.jpg 768w, https:\/\/blogit.gradia.fi\/hannisjarvinen-tdpt2104\/wp-content\/uploads\/sites\/235\/2021\/11\/20211126_120137-scaled-e1637933708189-1536x1163.jpg 1536w, https:\/\/blogit.gradia.fi\/hannisjarvinen-tdpt2104\/wp-content\/uploads\/sites\/235\/2021\/11\/20211126_120137-scaled-e1637933708189-2048x1551.jpg 2048w\" sizes=\"auto, (max-width: 767px) 89vw, (max-width: 1000px) 54vw, (max-width: 1071px) 543px, 580px\" \/><figcaption class=\"wp-element-caption\">T\u00e4ss\u00e4 ty\u00f6ss\u00e4 vieh\u00e4ttiv\u00e4t erityisesti sein\u00e4ll\u00e4 n\u00e4kyv\u00e4t varjot.<\/figcaption><\/figure>\n","protected":false},"excerpt":{"rendered":"<p>T\u00e4n\u00e4\u00e4n k\u00e4vimme viel\u00e4 py\u00f6r\u00e4ht\u00e4m\u00e4ss\u00e4 Suomen k\u00e4sity\u00f6n museon Vihre\u00e4\u00e4 v\u00e4ri\u00e4 -n\u00e4yttelyss\u00e4. Mielenkiintoista oli tutustua luonnon v\u00e4reill\u00e4 v\u00e4rj\u00e4ttyihin n\u00e4ytteisiin. Luonnon kasveilla ja sienill\u00e4 v\u00e4rj\u00e4\u00e4minen on minulle tuttua, mutta uuttakin asiaa tuli erilaisten v\u00e4rin\u00e4ytteiden muodossa. Joitakin n\u00e4ytteit\u00e4 j\u00e4imme kaipaamaan. Itse olisin halunnut n\u00e4hd\u00e4 enemm\u00e4n erilaisten sienten ja esim. hevonhierakan eri s\u00e4vyj\u00e4. V\u00e4ritattaren ja malabarinpinaatin edustus olisi ollut my\u00f6s &hellip; <\/p>\n<p class=\"link-more\"><a href=\"https:\/\/blogit.gradia.fi\/hannisjarvinen-tdpt2104\/2021\/11\/26\/vihreaa-varia\/\" class=\"more-link\">Jatka lukemista<span class=\"screen-reader-text\"> &#8221;Vihre\u00e4\u00e4 v\u00e4ri\u00e4&#8221;<\/span><\/a><\/p>\n","protected":false},"author":771,"featured_media":0,"comment_status":"open","ping_status":"open","sticky":false,"template":"","format":"standard","meta":{"_uag_custom_page_level_css":"","footnotes":""},"categories":[1],"tags":[],"class_list":["post-257","post","type-post","status-publish","format-standard","hentry","category-yleinen"],"yoast_head":"<!-- This site is optimized with the Yoast SEO plugin v27.5 - https:\/\/yoast.com\/product\/yoast-seo-wordpress\/ -->\n<title>Vihre\u00e4\u00e4 v\u00e4ri\u00e4 - Oppimisp\u00e4iv\u00e4kirja<\/title>\n<meta name=\"robots\" content=\"index, follow, max-snippet:-1, max-image-preview:large, max-video-preview:-1\" \/>\n<link rel=\"canonical\" href=\"https:\/\/blogit.gradia.fi\/hannisjarvinen-tdpt2104\/2021\/11\/26\/vihreaa-varia\/\" \/>\n<meta property=\"og:locale\" content=\"fi_FI\" \/>\n<meta property=\"og:type\" content=\"article\" \/>\n<meta property=\"og:title\" content=\"Vihre\u00e4\u00e4 v\u00e4ri\u00e4 - Oppimisp\u00e4iv\u00e4kirja\" \/>\n<meta property=\"og:description\" content=\"T\u00e4n\u00e4\u00e4n k\u00e4vimme viel\u00e4 py\u00f6r\u00e4ht\u00e4m\u00e4ss\u00e4 Suomen k\u00e4sity\u00f6n museon Vihre\u00e4\u00e4 v\u00e4ri\u00e4 -n\u00e4yttelyss\u00e4. Mielenkiintoista oli tutustua luonnon v\u00e4reill\u00e4 v\u00e4rj\u00e4ttyihin n\u00e4ytteisiin. Luonnon kasveilla ja sienill\u00e4 v\u00e4rj\u00e4\u00e4minen on minulle tuttua, mutta uuttakin asiaa tuli erilaisten v\u00e4rin\u00e4ytteiden muodossa. Joitakin n\u00e4ytteit\u00e4 j\u00e4imme kaipaamaan. Itse olisin halunnut n\u00e4hd\u00e4 enemm\u00e4n erilaisten sienten ja esim. hevonhierakan eri s\u00e4vyj\u00e4. V\u00e4ritattaren ja malabarinpinaatin edustus olisi ollut my\u00f6s &hellip; Jatka lukemista &quot;Vihre\u00e4\u00e4 v\u00e4ri\u00e4&quot;\" \/>\n<meta property=\"og:url\" content=\"https:\/\/blogit.gradia.fi\/hannisjarvinen-tdpt2104\/2021\/11\/26\/vihreaa-varia\/\" \/>\n<meta property=\"og:site_name\" content=\"Oppimisp\u00e4iv\u00e4kirja\" \/>\n<meta property=\"article:published_time\" content=\"2021-11-26T14:41:19+00:00\" \/>\n<meta property=\"article:modified_time\" content=\"2023-04-06T14:55:34+00:00\" \/>\n<meta property=\"og:image\" content=\"https:\/\/blogit.gradia.fi\/hannisjarvinen-tdpt2104\/wp-content\/uploads\/sites\/235\/2021\/11\/20211126_121203-scaled-e1637934246366-654x1024.jpg\" \/>\n<meta name=\"author\" content=\"Hannis J\u00e4rvinen\" \/>\n<meta name=\"twitter:card\" content=\"summary_large_image\" \/>\n<meta name=\"twitter:label1\" content=\"Kirjoittanut\" \/>\n\t<meta name=\"twitter:data1\" content=\"Hannis J\u00e4rvinen\" \/>\n\t<meta name=\"twitter:label2\" content=\"Arvioitu lukuaika\" \/>\n\t<meta name=\"twitter:data2\" content=\"2 minuuttia\" \/>\n<script type=\"application\/ld+json\" class=\"yoast-schema-graph\">{\"@context\":\"https:\\\/\\\/schema.org\",\"@graph\":[{\"@type\":\"Article\",\"@id\":\"https:\\\/\\\/blogit.gradia.fi\\\/hannisjarvinen-tdpt2104\\\/2021\\\/11\\\/26\\\/vihreaa-varia\\\/#article\",\"isPartOf\":{\"@id\":\"https:\\\/\\\/blogit.gradia.fi\\\/hannisjarvinen-tdpt2104\\\/2021\\\/11\\\/26\\\/vihreaa-varia\\\/\"},\"author\":{\"name\":\"Hannis J\u00e4rvinen\",\"@id\":\"https:\\\/\\\/blogit.gradia.fi\\\/hannisjarvinen-tdpt2104\\\/#\\\/schema\\\/person\\\/e011261e8d441be7cf033a749535de0c\"},\"headline\":\"Vihre\u00e4\u00e4 v\u00e4ri\u00e4\",\"datePublished\":\"2021-11-26T14:41:19+00:00\",\"dateModified\":\"2023-04-06T14:55:34+00:00\",\"mainEntityOfPage\":{\"@id\":\"https:\\\/\\\/blogit.gradia.fi\\\/hannisjarvinen-tdpt2104\\\/2021\\\/11\\\/26\\\/vihreaa-varia\\\/\"},\"wordCount\":140,\"commentCount\":0,\"image\":{\"@id\":\"https:\\\/\\\/blogit.gradia.fi\\\/hannisjarvinen-tdpt2104\\\/2021\\\/11\\\/26\\\/vihreaa-varia\\\/#primaryimage\"},\"thumbnailUrl\":\"https:\\\/\\\/blogit.gradia.fi\\\/hannisjarvinen-tdpt2104\\\/wp-content\\\/uploads\\\/sites\\\/235\\\/2021\\\/11\\\/20211126_121203-scaled-e1637934246366-654x1024.jpg\",\"inLanguage\":\"fi\",\"potentialAction\":[{\"@type\":\"CommentAction\",\"name\":\"Comment\",\"target\":[\"https:\\\/\\\/blogit.gradia.fi\\\/hannisjarvinen-tdpt2104\\\/2021\\\/11\\\/26\\\/vihreaa-varia\\\/#respond\"]}]},{\"@type\":\"WebPage\",\"@id\":\"https:\\\/\\\/blogit.gradia.fi\\\/hannisjarvinen-tdpt2104\\\/2021\\\/11\\\/26\\\/vihreaa-varia\\\/\",\"url\":\"https:\\\/\\\/blogit.gradia.fi\\\/hannisjarvinen-tdpt2104\\\/2021\\\/11\\\/26\\\/vihreaa-varia\\\/\",\"name\":\"Vihre\u00e4\u00e4 v\u00e4ri\u00e4 - Oppimisp\u00e4iv\u00e4kirja\",\"isPartOf\":{\"@id\":\"https:\\\/\\\/blogit.gradia.fi\\\/hannisjarvinen-tdpt2104\\\/#website\"},\"primaryImageOfPage\":{\"@id\":\"https:\\\/\\\/blogit.gradia.fi\\\/hannisjarvinen-tdpt2104\\\/2021\\\/11\\\/26\\\/vihreaa-varia\\\/#primaryimage\"},\"image\":{\"@id\":\"https:\\\/\\\/blogit.gradia.fi\\\/hannisjarvinen-tdpt2104\\\/2021\\\/11\\\/26\\\/vihreaa-varia\\\/#primaryimage\"},\"thumbnailUrl\":\"https:\\\/\\\/blogit.gradia.fi\\\/hannisjarvinen-tdpt2104\\\/wp-content\\\/uploads\\\/sites\\\/235\\\/2021\\\/11\\\/20211126_121203-scaled-e1637934246366-654x1024.jpg\",\"datePublished\":\"2021-11-26T14:41:19+00:00\",\"dateModified\":\"2023-04-06T14:55:34+00:00\",\"author\":{\"@id\":\"https:\\\/\\\/blogit.gradia.fi\\\/hannisjarvinen-tdpt2104\\\/#\\\/schema\\\/person\\\/e011261e8d441be7cf033a749535de0c\"},\"breadcrumb\":{\"@id\":\"https:\\\/\\\/blogit.gradia.fi\\\/hannisjarvinen-tdpt2104\\\/2021\\\/11\\\/26\\\/vihreaa-varia\\\/#breadcrumb\"},\"inLanguage\":\"fi\",\"potentialAction\":[{\"@type\":\"ReadAction\",\"target\":[\"https:\\\/\\\/blogit.gradia.fi\\\/hannisjarvinen-tdpt2104\\\/2021\\\/11\\\/26\\\/vihreaa-varia\\\/\"]}]},{\"@type\":\"ImageObject\",\"inLanguage\":\"fi\",\"@id\":\"https:\\\/\\\/blogit.gradia.fi\\\/hannisjarvinen-tdpt2104\\\/2021\\\/11\\\/26\\\/vihreaa-varia\\\/#primaryimage\",\"url\":\"https:\\\/\\\/blogit.gradia.fi\\\/hannisjarvinen-tdpt2104\\\/wp-content\\\/uploads\\\/sites\\\/235\\\/2021\\\/11\\\/20211126_121203-scaled-e1637934246366.jpg\",\"contentUrl\":\"https:\\\/\\\/blogit.gradia.fi\\\/hannisjarvinen-tdpt2104\\\/wp-content\\\/uploads\\\/sites\\\/235\\\/2021\\\/11\\\/20211126_121203-scaled-e1637934246366.jpg\",\"width\":1491,\"height\":2336},{\"@type\":\"BreadcrumbList\",\"@id\":\"https:\\\/\\\/blogit.gradia.fi\\\/hannisjarvinen-tdpt2104\\\/2021\\\/11\\\/26\\\/vihreaa-varia\\\/#breadcrumb\",\"itemListElement\":[{\"@type\":\"ListItem\",\"position\":1,\"name\":\"Etusivu\",\"item\":\"https:\\\/\\\/blogit.gradia.fi\\\/hannisjarvinen-tdpt2104\\\/\"},{\"@type\":\"ListItem\",\"position\":2,\"name\":\"Vihre\u00e4\u00e4 v\u00e4ri\u00e4\"}]},{\"@type\":\"WebSite\",\"@id\":\"https:\\\/\\\/blogit.gradia.fi\\\/hannisjarvinen-tdpt2104\\\/#website\",\"url\":\"https:\\\/\\\/blogit.gradia.fi\\\/hannisjarvinen-tdpt2104\\\/\",\"name\":\"Oppimisp\u00e4iv\u00e4kirja\",\"description\":\"Hannis J\u00e4rvinen\",\"potentialAction\":[{\"@type\":\"SearchAction\",\"target\":{\"@type\":\"EntryPoint\",\"urlTemplate\":\"https:\\\/\\\/blogit.gradia.fi\\\/hannisjarvinen-tdpt2104\\\/?s={search_term_string}\"},\"query-input\":{\"@type\":\"PropertyValueSpecification\",\"valueRequired\":true,\"valueName\":\"search_term_string\"}}],\"inLanguage\":\"fi\"},{\"@type\":\"Person\",\"@id\":\"https:\\\/\\\/blogit.gradia.fi\\\/hannisjarvinen-tdpt2104\\\/#\\\/schema\\\/person\\\/e011261e8d441be7cf033a749535de0c\",\"name\":\"Hannis J\u00e4rvinen\",\"image\":{\"@type\":\"ImageObject\",\"inLanguage\":\"fi\",\"@id\":\"https:\\\/\\\/secure.gravatar.com\\\/avatar\\\/34ac6c536edfe2e363a0d57b1d24074e7abdca5a40940d30224c716c81d9b9ba?s=96&d=mm&r=g\",\"url\":\"https:\\\/\\\/secure.gravatar.com\\\/avatar\\\/34ac6c536edfe2e363a0d57b1d24074e7abdca5a40940d30224c716c81d9b9ba?s=96&d=mm&r=g\",\"contentUrl\":\"https:\\\/\\\/secure.gravatar.com\\\/avatar\\\/34ac6c536edfe2e363a0d57b1d24074e7abdca5a40940d30224c716c81d9b9ba?s=96&d=mm&r=g\",\"caption\":\"Hannis J\u00e4rvinen\"},\"url\":\"https:\\\/\\\/blogit.gradia.fi\\\/hannisjarvinen-tdpt2104\\\/author\\\/gr266238\\\/\"}]}<\/script>\n<!-- \/ Yoast SEO plugin. -->","yoast_head_json":{"title":"Vihre\u00e4\u00e4 v\u00e4ri\u00e4 - Oppimisp\u00e4iv\u00e4kirja","robots":{"index":"index","follow":"follow","max-snippet":"max-snippet:-1","max-image-preview":"max-image-preview:large","max-video-preview":"max-video-preview:-1"},"canonical":"https:\/\/blogit.gradia.fi\/hannisjarvinen-tdpt2104\/2021\/11\/26\/vihreaa-varia\/","og_locale":"fi_FI","og_type":"article","og_title":"Vihre\u00e4\u00e4 v\u00e4ri\u00e4 - Oppimisp\u00e4iv\u00e4kirja","og_description":"T\u00e4n\u00e4\u00e4n k\u00e4vimme viel\u00e4 py\u00f6r\u00e4ht\u00e4m\u00e4ss\u00e4 Suomen k\u00e4sity\u00f6n museon Vihre\u00e4\u00e4 v\u00e4ri\u00e4 -n\u00e4yttelyss\u00e4. Mielenkiintoista oli tutustua luonnon v\u00e4reill\u00e4 v\u00e4rj\u00e4ttyihin n\u00e4ytteisiin. Luonnon kasveilla ja sienill\u00e4 v\u00e4rj\u00e4\u00e4minen on minulle tuttua, mutta uuttakin asiaa tuli erilaisten v\u00e4rin\u00e4ytteiden muodossa. Joitakin n\u00e4ytteit\u00e4 j\u00e4imme kaipaamaan. Itse olisin halunnut n\u00e4hd\u00e4 enemm\u00e4n erilaisten sienten ja esim. hevonhierakan eri s\u00e4vyj\u00e4. V\u00e4ritattaren ja malabarinpinaatin edustus olisi ollut my\u00f6s &hellip; Jatka lukemista \"Vihre\u00e4\u00e4 v\u00e4ri\u00e4\"","og_url":"https:\/\/blogit.gradia.fi\/hannisjarvinen-tdpt2104\/2021\/11\/26\/vihreaa-varia\/","og_site_name":"Oppimisp\u00e4iv\u00e4kirja","article_published_time":"2021-11-26T14:41:19+00:00","article_modified_time":"2023-04-06T14:55:34+00:00","og_image":[{"url":"https:\/\/blogit.gradia.fi\/hannisjarvinen-tdpt2104\/wp-content\/uploads\/sites\/235\/2021\/11\/20211126_121203-scaled-e1637934246366-654x1024.jpg","type":"","width":"","height":""}],"author":"Hannis J\u00e4rvinen","twitter_card":"summary_large_image","twitter_misc":{"Kirjoittanut":"Hannis J\u00e4rvinen","Arvioitu lukuaika":"2 minuuttia"},"schema":{"@context":"https:\/\/schema.org","@graph":[{"@type":"Article","@id":"https:\/\/blogit.gradia.fi\/hannisjarvinen-tdpt2104\/2021\/11\/26\/vihreaa-varia\/#article","isPartOf":{"@id":"https:\/\/blogit.gradia.fi\/hannisjarvinen-tdpt2104\/2021\/11\/26\/vihreaa-varia\/"},"author":{"name":"Hannis J\u00e4rvinen","@id":"https:\/\/blogit.gradia.fi\/hannisjarvinen-tdpt2104\/#\/schema\/person\/e011261e8d441be7cf033a749535de0c"},"headline":"Vihre\u00e4\u00e4 v\u00e4ri\u00e4","datePublished":"2021-11-26T14:41:19+00:00","dateModified":"2023-04-06T14:55:34+00:00","mainEntityOfPage":{"@id":"https:\/\/blogit.gradia.fi\/hannisjarvinen-tdpt2104\/2021\/11\/26\/vihreaa-varia\/"},"wordCount":140,"commentCount":0,"image":{"@id":"https:\/\/blogit.gradia.fi\/hannisjarvinen-tdpt2104\/2021\/11\/26\/vihreaa-varia\/#primaryimage"},"thumbnailUrl":"https:\/\/blogit.gradia.fi\/hannisjarvinen-tdpt2104\/wp-content\/uploads\/sites\/235\/2021\/11\/20211126_121203-scaled-e1637934246366-654x1024.jpg","inLanguage":"fi","potentialAction":[{"@type":"CommentAction","name":"Comment","target":["https:\/\/blogit.gradia.fi\/hannisjarvinen-tdpt2104\/2021\/11\/26\/vihreaa-varia\/#respond"]}]},{"@type":"WebPage","@id":"https:\/\/blogit.gradia.fi\/hannisjarvinen-tdpt2104\/2021\/11\/26\/vihreaa-varia\/","url":"https:\/\/blogit.gradia.fi\/hannisjarvinen-tdpt2104\/2021\/11\/26\/vihreaa-varia\/","name":"Vihre\u00e4\u00e4 v\u00e4ri\u00e4 - Oppimisp\u00e4iv\u00e4kirja","isPartOf":{"@id":"https:\/\/blogit.gradia.fi\/hannisjarvinen-tdpt2104\/#website"},"primaryImageOfPage":{"@id":"https:\/\/blogit.gradia.fi\/hannisjarvinen-tdpt2104\/2021\/11\/26\/vihreaa-varia\/#primaryimage"},"image":{"@id":"https:\/\/blogit.gradia.fi\/hannisjarvinen-tdpt2104\/2021\/11\/26\/vihreaa-varia\/#primaryimage"},"thumbnailUrl":"https:\/\/blogit.gradia.fi\/hannisjarvinen-tdpt2104\/wp-content\/uploads\/sites\/235\/2021\/11\/20211126_121203-scaled-e1637934246366-654x1024.jpg","datePublished":"2021-11-26T14:41:19+00:00","dateModified":"2023-04-06T14:55:34+00:00","author":{"@id":"https:\/\/blogit.gradia.fi\/hannisjarvinen-tdpt2104\/#\/schema\/person\/e011261e8d441be7cf033a749535de0c"},"breadcrumb":{"@id":"https:\/\/blogit.gradia.fi\/hannisjarvinen-tdpt2104\/2021\/11\/26\/vihreaa-varia\/#breadcrumb"},"inLanguage":"fi","potentialAction":[{"@type":"ReadAction","target":["https:\/\/blogit.gradia.fi\/hannisjarvinen-tdpt2104\/2021\/11\/26\/vihreaa-varia\/"]}]},{"@type":"ImageObject","inLanguage":"fi","@id":"https:\/\/blogit.gradia.fi\/hannisjarvinen-tdpt2104\/2021\/11\/26\/vihreaa-varia\/#primaryimage","url":"https:\/\/blogit.gradia.fi\/hannisjarvinen-tdpt2104\/wp-content\/uploads\/sites\/235\/2021\/11\/20211126_121203-scaled-e1637934246366.jpg","contentUrl":"https:\/\/blogit.gradia.fi\/hannisjarvinen-tdpt2104\/wp-content\/uploads\/sites\/235\/2021\/11\/20211126_121203-scaled-e1637934246366.jpg","width":1491,"height":2336},{"@type":"BreadcrumbList","@id":"https:\/\/blogit.gradia.fi\/hannisjarvinen-tdpt2104\/2021\/11\/26\/vihreaa-varia\/#breadcrumb","itemListElement":[{"@type":"ListItem","position":1,"name":"Etusivu","item":"https:\/\/blogit.gradia.fi\/hannisjarvinen-tdpt2104\/"},{"@type":"ListItem","position":2,"name":"Vihre\u00e4\u00e4 v\u00e4ri\u00e4"}]},{"@type":"WebSite","@id":"https:\/\/blogit.gradia.fi\/hannisjarvinen-tdpt2104\/#website","url":"https:\/\/blogit.gradia.fi\/hannisjarvinen-tdpt2104\/","name":"Oppimisp\u00e4iv\u00e4kirja","description":"Hannis J\u00e4rvinen","potentialAction":[{"@type":"SearchAction","target":{"@type":"EntryPoint","urlTemplate":"https:\/\/blogit.gradia.fi\/hannisjarvinen-tdpt2104\/?s={search_term_string}"},"query-input":{"@type":"PropertyValueSpecification","valueRequired":true,"valueName":"search_term_string"}}],"inLanguage":"fi"},{"@type":"Person","@id":"https:\/\/blogit.gradia.fi\/hannisjarvinen-tdpt2104\/#\/schema\/person\/e011261e8d441be7cf033a749535de0c","name":"Hannis J\u00e4rvinen","image":{"@type":"ImageObject","inLanguage":"fi","@id":"https:\/\/secure.gravatar.com\/avatar\/34ac6c536edfe2e363a0d57b1d24074e7abdca5a40940d30224c716c81d9b9ba?s=96&d=mm&r=g","url":"https:\/\/secure.gravatar.com\/avatar\/34ac6c536edfe2e363a0d57b1d24074e7abdca5a40940d30224c716c81d9b9ba?s=96&d=mm&r=g","contentUrl":"https:\/\/secure.gravatar.com\/avatar\/34ac6c536edfe2e363a0d57b1d24074e7abdca5a40940d30224c716c81d9b9ba?s=96&d=mm&r=g","caption":"Hannis J\u00e4rvinen"},"url":"https:\/\/blogit.gradia.fi\/hannisjarvinen-tdpt2104\/author\/gr266238\/"}]}},"uagb_featured_image_src":{"full":false,"thumbnail":false,"medium":false,"medium_large":false,"large":false,"1536x1536":false,"2048x2048":false,"twentyseventeen-featured-image":false,"twentyseventeen-thumbnail-avatar":false},"uagb_author_info":{"display_name":"Hannis J\u00e4rvinen","author_link":"https:\/\/blogit.gradia.fi\/hannisjarvinen-tdpt2104\/author\/gr266238\/"},"uagb_comment_info":0,"uagb_excerpt":"T\u00e4n\u00e4\u00e4n k\u00e4vimme viel\u00e4 py\u00f6r\u00e4ht\u00e4m\u00e4ss\u00e4 Suomen k\u00e4sity\u00f6n museon Vihre\u00e4\u00e4 v\u00e4ri\u00e4 -n\u00e4yttelyss\u00e4. Mielenkiintoista oli tutustua luonnon v\u00e4reill\u00e4 v\u00e4rj\u00e4ttyihin n\u00e4ytteisiin. Luonnon kasveilla ja sienill\u00e4 v\u00e4rj\u00e4\u00e4minen on minulle tuttua, mutta uuttakin asiaa tuli erilaisten v\u00e4rin\u00e4ytteiden muodossa. Joitakin n\u00e4ytteit\u00e4 j\u00e4imme kaipaamaan. Itse olisin halunnut n\u00e4hd\u00e4 enemm\u00e4n erilaisten sienten ja esim. hevonhierakan eri s\u00e4vyj\u00e4. V\u00e4ritattaren ja malabarinpinaatin edustus olisi ollut my\u00f6s&hellip;","_links":{"self":[{"href":"https:\/\/blogit.gradia.fi\/hannisjarvinen-tdpt2104\/wp-json\/wp\/v2\/posts\/257","targetHints":{"allow":["GET"]}}],"collection":[{"href":"https:\/\/blogit.gradia.fi\/hannisjarvinen-tdpt2104\/wp-json\/wp\/v2\/posts"}],"about":[{"href":"https:\/\/blogit.gradia.fi\/hannisjarvinen-tdpt2104\/wp-json\/wp\/v2\/types\/post"}],"author":[{"embeddable":true,"href":"https:\/\/blogit.gradia.fi\/hannisjarvinen-tdpt2104\/wp-json\/wp\/v2\/users\/771"}],"replies":[{"embeddable":true,"href":"https:\/\/blogit.gradia.fi\/hannisjarvinen-tdpt2104\/wp-json\/wp\/v2\/comments?post=257"}],"version-history":[{"count":3,"href":"https:\/\/blogit.gradia.fi\/hannisjarvinen-tdpt2104\/wp-json\/wp\/v2\/posts\/257\/revisions"}],"predecessor-version":[{"id":920,"href":"https:\/\/blogit.gradia.fi\/hannisjarvinen-tdpt2104\/wp-json\/wp\/v2\/posts\/257\/revisions\/920"}],"wp:attachment":[{"href":"https:\/\/blogit.gradia.fi\/hannisjarvinen-tdpt2104\/wp-json\/wp\/v2\/media?parent=257"}],"wp:term":[{"taxonomy":"category","embeddable":true,"href":"https:\/\/blogit.gradia.fi\/hannisjarvinen-tdpt2104\/wp-json\/wp\/v2\/categories?post=257"},{"taxonomy":"post_tag","embeddable":true,"href":"https:\/\/blogit.gradia.fi\/hannisjarvinen-tdpt2104\/wp-json\/wp\/v2\/tags?post=257"}],"curies":[{"name":"wp","href":"https:\/\/api.w.org\/{rel}","templated":true}]}}