{"id":141,"date":"2021-10-02T14:02:42","date_gmt":"2021-10-02T11:02:42","guid":{"rendered":"https:\/\/blogit.gradia.fi\/hannisjarvinen-tdpt2104\/?p=141"},"modified":"2021-10-02T14:02:44","modified_gmt":"2021-10-02T11:02:44","slug":"kudonta-alkaa","status":"publish","type":"post","link":"https:\/\/blogit.gradia.fi\/hannisjarvinen-tdpt2104\/2021\/10\/02\/kudonta-alkaa\/","title":{"rendered":"Kudonta alkaa"},"content":{"rendered":"\n<p>Viikolla 39. aloitimme kudonnan aineopinnot. Ensin k\u00e4vimme l\u00e4pi kangaspuihin liittyv\u00e4\u00e4 sanastoa ja sen j\u00e4lkeen alkoi villaloimen luominen kaulahuivia varten. Sanasto olikin aika tuttua ennest\u00e4\u00e4n, mutta loimea en ole koskaan luonut luomapuilla.<\/p>\n\n\n\n<figure class=\"wp-block-gallery columns-2 is-cropped wp-block-gallery-1 is-layout-flex wp-block-gallery-is-layout-flex\"><ul class=\"blocks-gallery-grid\"><li class=\"blocks-gallery-item\"><figure><img loading=\"lazy\" decoding=\"async\" width=\"264\" height=\"300\" src=\"https:\/\/blogit.gradia.fi\/hannisjarvinen-tdpt2104\/wp-content\/uploads\/sites\/235\/2021\/10\/20210928_132002-scaled-e1633107875730-264x300.jpg\" alt=\"\" data-id=\"142\" data-full-url=\"https:\/\/blogit.gradia.fi\/hannisjarvinen-tdpt2104\/wp-content\/uploads\/sites\/235\/2021\/10\/20210928_132002-scaled-e1633107875730.jpg\" data-link=\"https:\/\/blogit.gradia.fi\/hannisjarvinen-tdpt2104\/?attachment_id=142\" class=\"wp-image-142\" srcset=\"https:\/\/blogit.gradia.fi\/hannisjarvinen-tdpt2104\/wp-content\/uploads\/sites\/235\/2021\/10\/20210928_132002-scaled-e1633107875730-264x300.jpg 264w, https:\/\/blogit.gradia.fi\/hannisjarvinen-tdpt2104\/wp-content\/uploads\/sites\/235\/2021\/10\/20210928_132002-scaled-e1633107875730-901x1024.jpg 901w, https:\/\/blogit.gradia.fi\/hannisjarvinen-tdpt2104\/wp-content\/uploads\/sites\/235\/2021\/10\/20210928_132002-scaled-e1633107875730-768x873.jpg 768w, https:\/\/blogit.gradia.fi\/hannisjarvinen-tdpt2104\/wp-content\/uploads\/sites\/235\/2021\/10\/20210928_132002-scaled-e1633107875730-1352x1536.jpg 1352w, https:\/\/blogit.gradia.fi\/hannisjarvinen-tdpt2104\/wp-content\/uploads\/sites\/235\/2021\/10\/20210928_132002-scaled-e1633107875730-1802x2048.jpg 1802w, https:\/\/blogit.gradia.fi\/hannisjarvinen-tdpt2104\/wp-content\/uploads\/sites\/235\/2021\/10\/20210928_132002-scaled-e1633107875730.jpg 1920w\" sizes=\"auto, (max-width: 264px) 100vw, 264px\" \/><figcaption class=\"blocks-gallery-item__caption\">T\u00e4ss\u00e4 ollaan p\u00e4\u00e4sem\u00e4ss\u00e4 kankaan rakentamisen parhaaseen vaiheeseen, niisimiseen.<\/figcaption><\/figure><\/li><li class=\"blocks-gallery-item\"><figure><img loading=\"lazy\" decoding=\"async\" width=\"225\" height=\"300\" src=\"https:\/\/blogit.gradia.fi\/hannisjarvinen-tdpt2104\/wp-content\/uploads\/sites\/235\/2021\/10\/20210929_105245-scaled-e1633107923226-225x300.jpg\" alt=\"\" data-id=\"143\" data-full-url=\"https:\/\/blogit.gradia.fi\/hannisjarvinen-tdpt2104\/wp-content\/uploads\/sites\/235\/2021\/10\/20210929_105245-scaled-e1633107923226.jpg\" data-link=\"https:\/\/blogit.gradia.fi\/hannisjarvinen-tdpt2104\/?attachment_id=143\" class=\"wp-image-143\" srcset=\"https:\/\/blogit.gradia.fi\/hannisjarvinen-tdpt2104\/wp-content\/uploads\/sites\/235\/2021\/10\/20210929_105245-scaled-e1633107923226-225x300.jpg 225w, https:\/\/blogit.gradia.fi\/hannisjarvinen-tdpt2104\/wp-content\/uploads\/sites\/235\/2021\/10\/20210929_105245-scaled-e1633107923226-768x1024.jpg 768w, https:\/\/blogit.gradia.fi\/hannisjarvinen-tdpt2104\/wp-content\/uploads\/sites\/235\/2021\/10\/20210929_105245-scaled-e1633107923226-1152x1536.jpg 1152w, https:\/\/blogit.gradia.fi\/hannisjarvinen-tdpt2104\/wp-content\/uploads\/sites\/235\/2021\/10\/20210929_105245-scaled-e1633107923226-1536x2048.jpg 1536w, https:\/\/blogit.gradia.fi\/hannisjarvinen-tdpt2104\/wp-content\/uploads\/sites\/235\/2021\/10\/20210929_105245-scaled-e1633107923226.jpg 1920w\" sizes=\"auto, (max-width: 225px) 100vw, 225px\" \/><figcaption class=\"blocks-gallery-item__caption\">Alku aina vaikeaa. Huomatkaa, ett\u00e4 kangas ei kierr\u00e4 polvipuun yli.<\/figcaption><\/figure><\/li><\/ul><\/figure>\n\n\n\n<p>Alun kommellusten j\u00e4lkeen sain kuin sainkin muutaman kerroksen kanavasidoksista kaulahuivia aluilleen. Harmi, ett\u00e4 ty\u00f6 piti j\u00e4tt\u00e4\u00e4 kesken menojen takia. Torstain ja perjantain olin sitten kipe\u00e4n\u00e4, niin en p\u00e4\u00e4ssyt kouluun. No ensi viikolla jatketaan sitten.<\/p>\n","protected":false},"excerpt":{"rendered":"<p>Viikolla 39. aloitimme kudonnan aineopinnot. Ensin k\u00e4vimme l\u00e4pi kangaspuihin liittyv\u00e4\u00e4 sanastoa ja sen j\u00e4lkeen alkoi villaloimen luominen kaulahuivia varten. Sanasto olikin aika tuttua ennest\u00e4\u00e4n, mutta loimea en ole koskaan luonut luomapuilla. Alun kommellusten j\u00e4lkeen sain kuin sainkin muutaman kerroksen kanavasidoksista kaulahuivia aluilleen. Harmi, ett\u00e4 ty\u00f6 piti j\u00e4tt\u00e4\u00e4 kesken menojen takia. Torstain ja perjantain olin sitten &hellip; <\/p>\n<p class=\"link-more\"><a href=\"https:\/\/blogit.gradia.fi\/hannisjarvinen-tdpt2104\/2021\/10\/02\/kudonta-alkaa\/\" class=\"more-link\">Jatka lukemista<span class=\"screen-reader-text\"> &#8221;Kudonta alkaa&#8221;<\/span><\/a><\/p>\n","protected":false},"author":771,"featured_media":0,"comment_status":"open","ping_status":"open","sticky":false,"template":"","format":"standard","meta":{"_uag_custom_page_level_css":"","footnotes":""},"categories":[5],"tags":[],"class_list":["post-141","post","type-post","status-publish","format-standard","hentry","category-kudonta"],"yoast_head":"<!-- This site is optimized with the Yoast SEO plugin v27.5 - https:\/\/yoast.com\/product\/yoast-seo-wordpress\/ -->\n<title>Kudonta alkaa - Oppimisp\u00e4iv\u00e4kirja<\/title>\n<meta name=\"robots\" content=\"index, follow, max-snippet:-1, max-image-preview:large, max-video-preview:-1\" \/>\n<link rel=\"canonical\" href=\"https:\/\/blogit.gradia.fi\/hannisjarvinen-tdpt2104\/2021\/10\/02\/kudonta-alkaa\/\" \/>\n<meta property=\"og:locale\" content=\"fi_FI\" \/>\n<meta property=\"og:type\" content=\"article\" \/>\n<meta property=\"og:title\" content=\"Kudonta alkaa - Oppimisp\u00e4iv\u00e4kirja\" \/>\n<meta property=\"og:description\" content=\"Viikolla 39. aloitimme kudonnan aineopinnot. Ensin k\u00e4vimme l\u00e4pi kangaspuihin liittyv\u00e4\u00e4 sanastoa ja sen j\u00e4lkeen alkoi villaloimen luominen kaulahuivia varten. Sanasto olikin aika tuttua ennest\u00e4\u00e4n, mutta loimea en ole koskaan luonut luomapuilla. Alun kommellusten j\u00e4lkeen sain kuin sainkin muutaman kerroksen kanavasidoksista kaulahuivia aluilleen. Harmi, ett\u00e4 ty\u00f6 piti j\u00e4tt\u00e4\u00e4 kesken menojen takia. Torstain ja perjantain olin sitten &hellip; Jatka lukemista &quot;Kudonta alkaa&quot;\" \/>\n<meta property=\"og:url\" content=\"https:\/\/blogit.gradia.fi\/hannisjarvinen-tdpt2104\/2021\/10\/02\/kudonta-alkaa\/\" \/>\n<meta property=\"og:site_name\" content=\"Oppimisp\u00e4iv\u00e4kirja\" \/>\n<meta property=\"article:published_time\" content=\"2021-10-02T11:02:42+00:00\" \/>\n<meta property=\"article:modified_time\" content=\"2021-10-02T11:02:44+00:00\" \/>\n<meta property=\"og:image\" content=\"https:\/\/blogit.gradia.fi\/hannisjarvinen-tdpt2104\/wp-content\/uploads\/sites\/235\/2021\/10\/20210928_132002-scaled-e1633107875730-264x300.jpg\" \/>\n<meta name=\"author\" content=\"Hannis J\u00e4rvinen\" \/>\n<meta name=\"twitter:card\" content=\"summary_large_image\" \/>\n<meta name=\"twitter:label1\" content=\"Kirjoittanut\" \/>\n\t<meta name=\"twitter:data1\" content=\"Hannis J\u00e4rvinen\" \/>\n\t<meta name=\"twitter:label2\" content=\"Arvioitu lukuaika\" \/>\n\t<meta name=\"twitter:data2\" content=\"1 minuutti\" \/>\n<script type=\"application\/ld+json\" class=\"yoast-schema-graph\">{\"@context\":\"https:\\\/\\\/schema.org\",\"@graph\":[{\"@type\":\"Article\",\"@id\":\"https:\\\/\\\/blogit.gradia.fi\\\/hannisjarvinen-tdpt2104\\\/2021\\\/10\\\/02\\\/kudonta-alkaa\\\/#article\",\"isPartOf\":{\"@id\":\"https:\\\/\\\/blogit.gradia.fi\\\/hannisjarvinen-tdpt2104\\\/2021\\\/10\\\/02\\\/kudonta-alkaa\\\/\"},\"author\":{\"name\":\"Hannis J\u00e4rvinen\",\"@id\":\"https:\\\/\\\/blogit.gradia.fi\\\/hannisjarvinen-tdpt2104\\\/#\\\/schema\\\/person\\\/e011261e8d441be7cf033a749535de0c\"},\"headline\":\"Kudonta alkaa\",\"datePublished\":\"2021-10-02T11:02:42+00:00\",\"dateModified\":\"2021-10-02T11:02:44+00:00\",\"mainEntityOfPage\":{\"@id\":\"https:\\\/\\\/blogit.gradia.fi\\\/hannisjarvinen-tdpt2104\\\/2021\\\/10\\\/02\\\/kudonta-alkaa\\\/\"},\"wordCount\":95,\"commentCount\":0,\"image\":{\"@id\":\"https:\\\/\\\/blogit.gradia.fi\\\/hannisjarvinen-tdpt2104\\\/2021\\\/10\\\/02\\\/kudonta-alkaa\\\/#primaryimage\"},\"thumbnailUrl\":\"https:\\\/\\\/blogit.gradia.fi\\\/hannisjarvinen-tdpt2104\\\/wp-content\\\/uploads\\\/sites\\\/235\\\/2021\\\/10\\\/20210928_132002-scaled-e1633107875730-264x300.jpg\",\"articleSection\":[\"Kudonta\"],\"inLanguage\":\"fi\",\"potentialAction\":[{\"@type\":\"CommentAction\",\"name\":\"Comment\",\"target\":[\"https:\\\/\\\/blogit.gradia.fi\\\/hannisjarvinen-tdpt2104\\\/2021\\\/10\\\/02\\\/kudonta-alkaa\\\/#respond\"]}]},{\"@type\":\"WebPage\",\"@id\":\"https:\\\/\\\/blogit.gradia.fi\\\/hannisjarvinen-tdpt2104\\\/2021\\\/10\\\/02\\\/kudonta-alkaa\\\/\",\"url\":\"https:\\\/\\\/blogit.gradia.fi\\\/hannisjarvinen-tdpt2104\\\/2021\\\/10\\\/02\\\/kudonta-alkaa\\\/\",\"name\":\"Kudonta alkaa - Oppimisp\u00e4iv\u00e4kirja\",\"isPartOf\":{\"@id\":\"https:\\\/\\\/blogit.gradia.fi\\\/hannisjarvinen-tdpt2104\\\/#website\"},\"primaryImageOfPage\":{\"@id\":\"https:\\\/\\\/blogit.gradia.fi\\\/hannisjarvinen-tdpt2104\\\/2021\\\/10\\\/02\\\/kudonta-alkaa\\\/#primaryimage\"},\"image\":{\"@id\":\"https:\\\/\\\/blogit.gradia.fi\\\/hannisjarvinen-tdpt2104\\\/2021\\\/10\\\/02\\\/kudonta-alkaa\\\/#primaryimage\"},\"thumbnailUrl\":\"https:\\\/\\\/blogit.gradia.fi\\\/hannisjarvinen-tdpt2104\\\/wp-content\\\/uploads\\\/sites\\\/235\\\/2021\\\/10\\\/20210928_132002-scaled-e1633107875730-264x300.jpg\",\"datePublished\":\"2021-10-02T11:02:42+00:00\",\"dateModified\":\"2021-10-02T11:02:44+00:00\",\"author\":{\"@id\":\"https:\\\/\\\/blogit.gradia.fi\\\/hannisjarvinen-tdpt2104\\\/#\\\/schema\\\/person\\\/e011261e8d441be7cf033a749535de0c\"},\"breadcrumb\":{\"@id\":\"https:\\\/\\\/blogit.gradia.fi\\\/hannisjarvinen-tdpt2104\\\/2021\\\/10\\\/02\\\/kudonta-alkaa\\\/#breadcrumb\"},\"inLanguage\":\"fi\",\"potentialAction\":[{\"@type\":\"ReadAction\",\"target\":[\"https:\\\/\\\/blogit.gradia.fi\\\/hannisjarvinen-tdpt2104\\\/2021\\\/10\\\/02\\\/kudonta-alkaa\\\/\"]}]},{\"@type\":\"ImageObject\",\"inLanguage\":\"fi\",\"@id\":\"https:\\\/\\\/blogit.gradia.fi\\\/hannisjarvinen-tdpt2104\\\/2021\\\/10\\\/02\\\/kudonta-alkaa\\\/#primaryimage\",\"url\":\"https:\\\/\\\/blogit.gradia.fi\\\/hannisjarvinen-tdpt2104\\\/wp-content\\\/uploads\\\/sites\\\/235\\\/2021\\\/10\\\/20210928_132002-scaled-e1633107875730.jpg\",\"contentUrl\":\"https:\\\/\\\/blogit.gradia.fi\\\/hannisjarvinen-tdpt2104\\\/wp-content\\\/uploads\\\/sites\\\/235\\\/2021\\\/10\\\/20210928_132002-scaled-e1633107875730.jpg\",\"width\":1920,\"height\":2182,\"caption\":\"T\u00e4ss\u00e4 ollaan p\u00e4\u00e4sem\u00e4ss\u00e4 kankaan rakentamisen vaiheeseen, niisimiseen.\"},{\"@type\":\"BreadcrumbList\",\"@id\":\"https:\\\/\\\/blogit.gradia.fi\\\/hannisjarvinen-tdpt2104\\\/2021\\\/10\\\/02\\\/kudonta-alkaa\\\/#breadcrumb\",\"itemListElement\":[{\"@type\":\"ListItem\",\"position\":1,\"name\":\"Etusivu\",\"item\":\"https:\\\/\\\/blogit.gradia.fi\\\/hannisjarvinen-tdpt2104\\\/\"},{\"@type\":\"ListItem\",\"position\":2,\"name\":\"Kudonta alkaa\"}]},{\"@type\":\"WebSite\",\"@id\":\"https:\\\/\\\/blogit.gradia.fi\\\/hannisjarvinen-tdpt2104\\\/#website\",\"url\":\"https:\\\/\\\/blogit.gradia.fi\\\/hannisjarvinen-tdpt2104\\\/\",\"name\":\"Oppimisp\u00e4iv\u00e4kirja\",\"description\":\"Hannis J\u00e4rvinen\",\"potentialAction\":[{\"@type\":\"SearchAction\",\"target\":{\"@type\":\"EntryPoint\",\"urlTemplate\":\"https:\\\/\\\/blogit.gradia.fi\\\/hannisjarvinen-tdpt2104\\\/?s={search_term_string}\"},\"query-input\":{\"@type\":\"PropertyValueSpecification\",\"valueRequired\":true,\"valueName\":\"search_term_string\"}}],\"inLanguage\":\"fi\"},{\"@type\":\"Person\",\"@id\":\"https:\\\/\\\/blogit.gradia.fi\\\/hannisjarvinen-tdpt2104\\\/#\\\/schema\\\/person\\\/e011261e8d441be7cf033a749535de0c\",\"name\":\"Hannis J\u00e4rvinen\",\"image\":{\"@type\":\"ImageObject\",\"inLanguage\":\"fi\",\"@id\":\"https:\\\/\\\/secure.gravatar.com\\\/avatar\\\/34ac6c536edfe2e363a0d57b1d24074e7abdca5a40940d30224c716c81d9b9ba?s=96&d=mm&r=g\",\"url\":\"https:\\\/\\\/secure.gravatar.com\\\/avatar\\\/34ac6c536edfe2e363a0d57b1d24074e7abdca5a40940d30224c716c81d9b9ba?s=96&d=mm&r=g\",\"contentUrl\":\"https:\\\/\\\/secure.gravatar.com\\\/avatar\\\/34ac6c536edfe2e363a0d57b1d24074e7abdca5a40940d30224c716c81d9b9ba?s=96&d=mm&r=g\",\"caption\":\"Hannis J\u00e4rvinen\"},\"url\":\"https:\\\/\\\/blogit.gradia.fi\\\/hannisjarvinen-tdpt2104\\\/author\\\/gr266238\\\/\"}]}<\/script>\n<!-- \/ Yoast SEO plugin. -->","yoast_head_json":{"title":"Kudonta alkaa - Oppimisp\u00e4iv\u00e4kirja","robots":{"index":"index","follow":"follow","max-snippet":"max-snippet:-1","max-image-preview":"max-image-preview:large","max-video-preview":"max-video-preview:-1"},"canonical":"https:\/\/blogit.gradia.fi\/hannisjarvinen-tdpt2104\/2021\/10\/02\/kudonta-alkaa\/","og_locale":"fi_FI","og_type":"article","og_title":"Kudonta alkaa - Oppimisp\u00e4iv\u00e4kirja","og_description":"Viikolla 39. aloitimme kudonnan aineopinnot. Ensin k\u00e4vimme l\u00e4pi kangaspuihin liittyv\u00e4\u00e4 sanastoa ja sen j\u00e4lkeen alkoi villaloimen luominen kaulahuivia varten. Sanasto olikin aika tuttua ennest\u00e4\u00e4n, mutta loimea en ole koskaan luonut luomapuilla. Alun kommellusten j\u00e4lkeen sain kuin sainkin muutaman kerroksen kanavasidoksista kaulahuivia aluilleen. Harmi, ett\u00e4 ty\u00f6 piti j\u00e4tt\u00e4\u00e4 kesken menojen takia. Torstain ja perjantain olin sitten &hellip; Jatka lukemista \"Kudonta alkaa\"","og_url":"https:\/\/blogit.gradia.fi\/hannisjarvinen-tdpt2104\/2021\/10\/02\/kudonta-alkaa\/","og_site_name":"Oppimisp\u00e4iv\u00e4kirja","article_published_time":"2021-10-02T11:02:42+00:00","article_modified_time":"2021-10-02T11:02:44+00:00","og_image":[{"url":"https:\/\/blogit.gradia.fi\/hannisjarvinen-tdpt2104\/wp-content\/uploads\/sites\/235\/2021\/10\/20210928_132002-scaled-e1633107875730-264x300.jpg","type":"","width":"","height":""}],"author":"Hannis J\u00e4rvinen","twitter_card":"summary_large_image","twitter_misc":{"Kirjoittanut":"Hannis J\u00e4rvinen","Arvioitu lukuaika":"1 minuutti"},"schema":{"@context":"https:\/\/schema.org","@graph":[{"@type":"Article","@id":"https:\/\/blogit.gradia.fi\/hannisjarvinen-tdpt2104\/2021\/10\/02\/kudonta-alkaa\/#article","isPartOf":{"@id":"https:\/\/blogit.gradia.fi\/hannisjarvinen-tdpt2104\/2021\/10\/02\/kudonta-alkaa\/"},"author":{"name":"Hannis J\u00e4rvinen","@id":"https:\/\/blogit.gradia.fi\/hannisjarvinen-tdpt2104\/#\/schema\/person\/e011261e8d441be7cf033a749535de0c"},"headline":"Kudonta alkaa","datePublished":"2021-10-02T11:02:42+00:00","dateModified":"2021-10-02T11:02:44+00:00","mainEntityOfPage":{"@id":"https:\/\/blogit.gradia.fi\/hannisjarvinen-tdpt2104\/2021\/10\/02\/kudonta-alkaa\/"},"wordCount":95,"commentCount":0,"image":{"@id":"https:\/\/blogit.gradia.fi\/hannisjarvinen-tdpt2104\/2021\/10\/02\/kudonta-alkaa\/#primaryimage"},"thumbnailUrl":"https:\/\/blogit.gradia.fi\/hannisjarvinen-tdpt2104\/wp-content\/uploads\/sites\/235\/2021\/10\/20210928_132002-scaled-e1633107875730-264x300.jpg","articleSection":["Kudonta"],"inLanguage":"fi","potentialAction":[{"@type":"CommentAction","name":"Comment","target":["https:\/\/blogit.gradia.fi\/hannisjarvinen-tdpt2104\/2021\/10\/02\/kudonta-alkaa\/#respond"]}]},{"@type":"WebPage","@id":"https:\/\/blogit.gradia.fi\/hannisjarvinen-tdpt2104\/2021\/10\/02\/kudonta-alkaa\/","url":"https:\/\/blogit.gradia.fi\/hannisjarvinen-tdpt2104\/2021\/10\/02\/kudonta-alkaa\/","name":"Kudonta alkaa - Oppimisp\u00e4iv\u00e4kirja","isPartOf":{"@id":"https:\/\/blogit.gradia.fi\/hannisjarvinen-tdpt2104\/#website"},"primaryImageOfPage":{"@id":"https:\/\/blogit.gradia.fi\/hannisjarvinen-tdpt2104\/2021\/10\/02\/kudonta-alkaa\/#primaryimage"},"image":{"@id":"https:\/\/blogit.gradia.fi\/hannisjarvinen-tdpt2104\/2021\/10\/02\/kudonta-alkaa\/#primaryimage"},"thumbnailUrl":"https:\/\/blogit.gradia.fi\/hannisjarvinen-tdpt2104\/wp-content\/uploads\/sites\/235\/2021\/10\/20210928_132002-scaled-e1633107875730-264x300.jpg","datePublished":"2021-10-02T11:02:42+00:00","dateModified":"2021-10-02T11:02:44+00:00","author":{"@id":"https:\/\/blogit.gradia.fi\/hannisjarvinen-tdpt2104\/#\/schema\/person\/e011261e8d441be7cf033a749535de0c"},"breadcrumb":{"@id":"https:\/\/blogit.gradia.fi\/hannisjarvinen-tdpt2104\/2021\/10\/02\/kudonta-alkaa\/#breadcrumb"},"inLanguage":"fi","potentialAction":[{"@type":"ReadAction","target":["https:\/\/blogit.gradia.fi\/hannisjarvinen-tdpt2104\/2021\/10\/02\/kudonta-alkaa\/"]}]},{"@type":"ImageObject","inLanguage":"fi","@id":"https:\/\/blogit.gradia.fi\/hannisjarvinen-tdpt2104\/2021\/10\/02\/kudonta-alkaa\/#primaryimage","url":"https:\/\/blogit.gradia.fi\/hannisjarvinen-tdpt2104\/wp-content\/uploads\/sites\/235\/2021\/10\/20210928_132002-scaled-e1633107875730.jpg","contentUrl":"https:\/\/blogit.gradia.fi\/hannisjarvinen-tdpt2104\/wp-content\/uploads\/sites\/235\/2021\/10\/20210928_132002-scaled-e1633107875730.jpg","width":1920,"height":2182,"caption":"T\u00e4ss\u00e4 ollaan p\u00e4\u00e4sem\u00e4ss\u00e4 kankaan rakentamisen vaiheeseen, niisimiseen."},{"@type":"BreadcrumbList","@id":"https:\/\/blogit.gradia.fi\/hannisjarvinen-tdpt2104\/2021\/10\/02\/kudonta-alkaa\/#breadcrumb","itemListElement":[{"@type":"ListItem","position":1,"name":"Etusivu","item":"https:\/\/blogit.gradia.fi\/hannisjarvinen-tdpt2104\/"},{"@type":"ListItem","position":2,"name":"Kudonta alkaa"}]},{"@type":"WebSite","@id":"https:\/\/blogit.gradia.fi\/hannisjarvinen-tdpt2104\/#website","url":"https:\/\/blogit.gradia.fi\/hannisjarvinen-tdpt2104\/","name":"Oppimisp\u00e4iv\u00e4kirja","description":"Hannis J\u00e4rvinen","potentialAction":[{"@type":"SearchAction","target":{"@type":"EntryPoint","urlTemplate":"https:\/\/blogit.gradia.fi\/hannisjarvinen-tdpt2104\/?s={search_term_string}"},"query-input":{"@type":"PropertyValueSpecification","valueRequired":true,"valueName":"search_term_string"}}],"inLanguage":"fi"},{"@type":"Person","@id":"https:\/\/blogit.gradia.fi\/hannisjarvinen-tdpt2104\/#\/schema\/person\/e011261e8d441be7cf033a749535de0c","name":"Hannis J\u00e4rvinen","image":{"@type":"ImageObject","inLanguage":"fi","@id":"https:\/\/secure.gravatar.com\/avatar\/34ac6c536edfe2e363a0d57b1d24074e7abdca5a40940d30224c716c81d9b9ba?s=96&d=mm&r=g","url":"https:\/\/secure.gravatar.com\/avatar\/34ac6c536edfe2e363a0d57b1d24074e7abdca5a40940d30224c716c81d9b9ba?s=96&d=mm&r=g","contentUrl":"https:\/\/secure.gravatar.com\/avatar\/34ac6c536edfe2e363a0d57b1d24074e7abdca5a40940d30224c716c81d9b9ba?s=96&d=mm&r=g","caption":"Hannis J\u00e4rvinen"},"url":"https:\/\/blogit.gradia.fi\/hannisjarvinen-tdpt2104\/author\/gr266238\/"}]}},"uagb_featured_image_src":{"full":false,"thumbnail":false,"medium":false,"medium_large":false,"large":false,"1536x1536":false,"2048x2048":false,"twentyseventeen-featured-image":false,"twentyseventeen-thumbnail-avatar":false},"uagb_author_info":{"display_name":"Hannis J\u00e4rvinen","author_link":"https:\/\/blogit.gradia.fi\/hannisjarvinen-tdpt2104\/author\/gr266238\/"},"uagb_comment_info":0,"uagb_excerpt":"Viikolla 39. aloitimme kudonnan aineopinnot. Ensin k\u00e4vimme l\u00e4pi kangaspuihin liittyv\u00e4\u00e4 sanastoa ja sen j\u00e4lkeen alkoi villaloimen luominen kaulahuivia varten. Sanasto olikin aika tuttua ennest\u00e4\u00e4n, mutta loimea en ole koskaan luonut luomapuilla. Alun kommellusten j\u00e4lkeen sain kuin sainkin muutaman kerroksen kanavasidoksista kaulahuivia aluilleen. Harmi, ett\u00e4 ty\u00f6 piti j\u00e4tt\u00e4\u00e4 kesken menojen takia. Torstain ja perjantain olin sitten&hellip;","_links":{"self":[{"href":"https:\/\/blogit.gradia.fi\/hannisjarvinen-tdpt2104\/wp-json\/wp\/v2\/posts\/141","targetHints":{"allow":["GET"]}}],"collection":[{"href":"https:\/\/blogit.gradia.fi\/hannisjarvinen-tdpt2104\/wp-json\/wp\/v2\/posts"}],"about":[{"href":"https:\/\/blogit.gradia.fi\/hannisjarvinen-tdpt2104\/wp-json\/wp\/v2\/types\/post"}],"author":[{"embeddable":true,"href":"https:\/\/blogit.gradia.fi\/hannisjarvinen-tdpt2104\/wp-json\/wp\/v2\/users\/771"}],"replies":[{"embeddable":true,"href":"https:\/\/blogit.gradia.fi\/hannisjarvinen-tdpt2104\/wp-json\/wp\/v2\/comments?post=141"}],"version-history":[{"count":2,"href":"https:\/\/blogit.gradia.fi\/hannisjarvinen-tdpt2104\/wp-json\/wp\/v2\/posts\/141\/revisions"}],"predecessor-version":[{"id":151,"href":"https:\/\/blogit.gradia.fi\/hannisjarvinen-tdpt2104\/wp-json\/wp\/v2\/posts\/141\/revisions\/151"}],"wp:attachment":[{"href":"https:\/\/blogit.gradia.fi\/hannisjarvinen-tdpt2104\/wp-json\/wp\/v2\/media?parent=141"}],"wp:term":[{"taxonomy":"category","embeddable":true,"href":"https:\/\/blogit.gradia.fi\/hannisjarvinen-tdpt2104\/wp-json\/wp\/v2\/categories?post=141"},{"taxonomy":"post_tag","embeddable":true,"href":"https:\/\/blogit.gradia.fi\/hannisjarvinen-tdpt2104\/wp-json\/wp\/v2\/tags?post=141"}],"curies":[{"name":"wp","href":"https:\/\/api.w.org\/{rel}","templated":true}]}}