{"id":119,"date":"2021-09-27T17:58:40","date_gmt":"2021-09-27T14:58:40","guid":{"rendered":"https:\/\/blogit.gradia.fi\/hannisjarvinen-tdpt2104\/?p=119"},"modified":"2021-09-27T17:58:41","modified_gmt":"2021-09-27T14:58:41","slug":"lisaa-karhukaisia","status":"publish","type":"post","link":"https:\/\/blogit.gradia.fi\/hannisjarvinen-tdpt2104\/2021\/09\/27\/lisaa-karhukaisia\/","title":{"rendered":"Lis\u00e4\u00e4 Karhukaisia"},"content":{"rendered":"\n<p>Varsinaiseksi painokankaaksi valitsin puolipellavan(50%pellavaa\/50%puuvillaa), ett\u00e4 saisin jonkinlaisen pohjav\u00e4rin painokuviolle. Luonnollisen s\u00e4vyinen pellava sopii mielest\u00e4ni paremmin arkik\u00e4ytt\u00f6\u00f6n, kuin tasaisen valkoinen kangas. <\/p>\n\n\n\n<p>Painov\u00e4riksi valitsin okrankeltaisen, joka aika hyvin toimiikin olohuoneen vihre\u00e4n sohvan kanssa. Keltainen j\u00e4i hiukan vaaleaksi ja printin kuvio ei erotu niin hyvin tumman pellavan p\u00e4\u00e4lt\u00e4. Ehk\u00e4 osittainen peittov\u00e4ri olisi voinut olla hyv\u00e4 ratkaisu t\u00e4h\u00e4n. Kuviot asettelin taas 10\u00b0 kulmaan ja ne n\u00e4ytt\u00e4v\u00e4t marssivalta karhuarmeijalta.<\/p>\n\n\n\n<figure class=\"wp-block-image size-large\"><img loading=\"lazy\" decoding=\"async\" width=\"768\" height=\"1024\" src=\"https:\/\/blogit.gradia.fi\/hannisjarvinen-tdpt2104\/wp-content\/uploads\/sites\/235\/2021\/09\/20210924_114426-scaled-e1632753793597-768x1024.jpg\" alt=\"\" class=\"wp-image-83\" srcset=\"https:\/\/blogit.gradia.fi\/hannisjarvinen-tdpt2104\/wp-content\/uploads\/sites\/235\/2021\/09\/20210924_114426-scaled-e1632753793597-768x1024.jpg 768w, https:\/\/blogit.gradia.fi\/hannisjarvinen-tdpt2104\/wp-content\/uploads\/sites\/235\/2021\/09\/20210924_114426-scaled-e1632753793597-225x300.jpg 225w, https:\/\/blogit.gradia.fi\/hannisjarvinen-tdpt2104\/wp-content\/uploads\/sites\/235\/2021\/09\/20210924_114426-scaled-e1632753793597-1152x1536.jpg 1152w, https:\/\/blogit.gradia.fi\/hannisjarvinen-tdpt2104\/wp-content\/uploads\/sites\/235\/2021\/09\/20210924_114426-scaled-e1632753793597-1536x2048.jpg 1536w, https:\/\/blogit.gradia.fi\/hannisjarvinen-tdpt2104\/wp-content\/uploads\/sites\/235\/2021\/09\/20210924_114426-scaled-e1632753793597.jpg 1920w\" sizes=\"auto, (max-width: 767px) 89vw, (max-width: 1000px) 54vw, (max-width: 1071px) 543px, 580px\" \/><figcaption>Karhukaiset matkalla it\u00e4\u00e4n<\/figcaption><\/figure>\n\n\n\n<figure class=\"wp-block-image size-large\"><img loading=\"lazy\" decoding=\"async\" width=\"1024\" height=\"768\" src=\"https:\/\/blogit.gradia.fi\/hannisjarvinen-tdpt2104\/wp-content\/uploads\/sites\/235\/2021\/09\/20210924_114327-scaled-e1632752983237-1024x768.jpg\" alt=\"\" class=\"wp-image-116\" srcset=\"https:\/\/blogit.gradia.fi\/hannisjarvinen-tdpt2104\/wp-content\/uploads\/sites\/235\/2021\/09\/20210924_114327-scaled-e1632752983237-1024x768.jpg 1024w, https:\/\/blogit.gradia.fi\/hannisjarvinen-tdpt2104\/wp-content\/uploads\/sites\/235\/2021\/09\/20210924_114327-scaled-e1632752983237-300x225.jpg 300w, https:\/\/blogit.gradia.fi\/hannisjarvinen-tdpt2104\/wp-content\/uploads\/sites\/235\/2021\/09\/20210924_114327-scaled-e1632752983237-768x576.jpg 768w, https:\/\/blogit.gradia.fi\/hannisjarvinen-tdpt2104\/wp-content\/uploads\/sites\/235\/2021\/09\/20210924_114327-scaled-e1632752983237-1536x1152.jpg 1536w, https:\/\/blogit.gradia.fi\/hannisjarvinen-tdpt2104\/wp-content\/uploads\/sites\/235\/2021\/09\/20210924_114327-scaled-e1632752983237-2048x1536.jpg 2048w\" sizes=\"auto, (max-width: 767px) 89vw, (max-width: 1000px) 54vw, (max-width: 1071px) 543px, 580px\" \/><\/figure>\n\n\n\n<p>Toisen v\u00e4rin sekoitin eritt\u00e4in tummasta vihre\u00e4st\u00e4, jota sain opiskelutoverilta. Mursin v\u00e4ri\u00e4 hiukan keltaisella ja ruskealla. Painoin tummanvihre\u00e4ll\u00e4 yhten\u00e4ist\u00e4 pintaa puolipellavalle. Mielest\u00e4ni kohdisus onnistui mukavasti ja kontrastia on kankaassa riitt\u00e4v\u00e4sti. Luultavasti kuvio tulisi viel\u00e4 paremmin esille sile\u00e4mm\u00e4ll\u00e4 kankaalla.<\/p>\n","protected":false},"excerpt":{"rendered":"<p>Varsinaiseksi painokankaaksi valitsin puolipellavan(50%pellavaa\/50%puuvillaa), ett\u00e4 saisin jonkinlaisen pohjav\u00e4rin painokuviolle. Luonnollisen s\u00e4vyinen pellava sopii mielest\u00e4ni paremmin arkik\u00e4ytt\u00f6\u00f6n, kuin tasaisen valkoinen kangas. Painov\u00e4riksi valitsin okrankeltaisen, joka aika hyvin toimiikin olohuoneen vihre\u00e4n sohvan kanssa. Keltainen j\u00e4i hiukan vaaleaksi ja printin kuvio ei erotu niin hyvin tumman pellavan p\u00e4\u00e4lt\u00e4. Ehk\u00e4 osittainen peittov\u00e4ri olisi voinut olla hyv\u00e4 ratkaisu t\u00e4h\u00e4n. Kuviot &hellip; <\/p>\n<p class=\"link-more\"><a href=\"https:\/\/blogit.gradia.fi\/hannisjarvinen-tdpt2104\/2021\/09\/27\/lisaa-karhukaisia\/\" class=\"more-link\">Jatka lukemista<span class=\"screen-reader-text\"> &#8221;Lis\u00e4\u00e4 Karhukaisia&#8221;<\/span><\/a><\/p>\n","protected":false},"author":771,"featured_media":0,"comment_status":"open","ping_status":"open","sticky":false,"template":"","format":"standard","meta":{"_uag_custom_page_level_css":"","footnotes":""},"categories":[4],"tags":[],"class_list":["post-119","post","type-post","status-publish","format-standard","hentry","category-kankaanpainanta"],"yoast_head":"<!-- This site is optimized with the Yoast SEO plugin v27.5 - https:\/\/yoast.com\/product\/yoast-seo-wordpress\/ -->\n<title>Lis\u00e4\u00e4 Karhukaisia - Oppimisp\u00e4iv\u00e4kirja<\/title>\n<meta name=\"robots\" content=\"index, follow, max-snippet:-1, max-image-preview:large, max-video-preview:-1\" \/>\n<link rel=\"canonical\" href=\"https:\/\/blogit.gradia.fi\/hannisjarvinen-tdpt2104\/2021\/09\/27\/lisaa-karhukaisia\/\" \/>\n<meta property=\"og:locale\" content=\"fi_FI\" \/>\n<meta property=\"og:type\" content=\"article\" \/>\n<meta property=\"og:title\" content=\"Lis\u00e4\u00e4 Karhukaisia - Oppimisp\u00e4iv\u00e4kirja\" \/>\n<meta property=\"og:description\" content=\"Varsinaiseksi painokankaaksi valitsin puolipellavan(50%pellavaa\/50%puuvillaa), ett\u00e4 saisin jonkinlaisen pohjav\u00e4rin painokuviolle. Luonnollisen s\u00e4vyinen pellava sopii mielest\u00e4ni paremmin arkik\u00e4ytt\u00f6\u00f6n, kuin tasaisen valkoinen kangas. Painov\u00e4riksi valitsin okrankeltaisen, joka aika hyvin toimiikin olohuoneen vihre\u00e4n sohvan kanssa. Keltainen j\u00e4i hiukan vaaleaksi ja printin kuvio ei erotu niin hyvin tumman pellavan p\u00e4\u00e4lt\u00e4. Ehk\u00e4 osittainen peittov\u00e4ri olisi voinut olla hyv\u00e4 ratkaisu t\u00e4h\u00e4n. Kuviot &hellip; Jatka lukemista &quot;Lis\u00e4\u00e4 Karhukaisia&quot;\" \/>\n<meta property=\"og:url\" content=\"https:\/\/blogit.gradia.fi\/hannisjarvinen-tdpt2104\/2021\/09\/27\/lisaa-karhukaisia\/\" \/>\n<meta property=\"og:site_name\" content=\"Oppimisp\u00e4iv\u00e4kirja\" \/>\n<meta property=\"article:published_time\" content=\"2021-09-27T14:58:40+00:00\" \/>\n<meta property=\"article:modified_time\" content=\"2021-09-27T14:58:41+00:00\" \/>\n<meta property=\"og:image\" content=\"https:\/\/blogit.gradia.fi\/hannisjarvinen-tdpt2104\/wp-content\/uploads\/sites\/235\/2021\/09\/20210924_114426-scaled-e1632753793597-768x1024.jpg\" \/>\n<meta name=\"author\" content=\"Hannis J\u00e4rvinen\" \/>\n<meta name=\"twitter:card\" content=\"summary_large_image\" \/>\n<meta name=\"twitter:label1\" content=\"Kirjoittanut\" \/>\n\t<meta name=\"twitter:data1\" content=\"Hannis J\u00e4rvinen\" \/>\n\t<meta name=\"twitter:label2\" content=\"Arvioitu lukuaika\" \/>\n\t<meta name=\"twitter:data2\" content=\"1 minuutti\" \/>\n<script type=\"application\/ld+json\" class=\"yoast-schema-graph\">{\"@context\":\"https:\\\/\\\/schema.org\",\"@graph\":[{\"@type\":\"Article\",\"@id\":\"https:\\\/\\\/blogit.gradia.fi\\\/hannisjarvinen-tdpt2104\\\/2021\\\/09\\\/27\\\/lisaa-karhukaisia\\\/#article\",\"isPartOf\":{\"@id\":\"https:\\\/\\\/blogit.gradia.fi\\\/hannisjarvinen-tdpt2104\\\/2021\\\/09\\\/27\\\/lisaa-karhukaisia\\\/\"},\"author\":{\"name\":\"Hannis J\u00e4rvinen\",\"@id\":\"https:\\\/\\\/blogit.gradia.fi\\\/hannisjarvinen-tdpt2104\\\/#\\\/schema\\\/person\\\/e011261e8d441be7cf033a749535de0c\"},\"headline\":\"Lis\u00e4\u00e4 Karhukaisia\",\"datePublished\":\"2021-09-27T14:58:40+00:00\",\"dateModified\":\"2021-09-27T14:58:41+00:00\",\"mainEntityOfPage\":{\"@id\":\"https:\\\/\\\/blogit.gradia.fi\\\/hannisjarvinen-tdpt2104\\\/2021\\\/09\\\/27\\\/lisaa-karhukaisia\\\/\"},\"wordCount\":134,\"commentCount\":0,\"image\":{\"@id\":\"https:\\\/\\\/blogit.gradia.fi\\\/hannisjarvinen-tdpt2104\\\/2021\\\/09\\\/27\\\/lisaa-karhukaisia\\\/#primaryimage\"},\"thumbnailUrl\":\"https:\\\/\\\/blogit.gradia.fi\\\/hannisjarvinen-tdpt2104\\\/wp-content\\\/uploads\\\/sites\\\/235\\\/2021\\\/09\\\/20210924_114426-scaled-e1632753793597-768x1024.jpg\",\"articleSection\":[\"Kankaanpainanta\"],\"inLanguage\":\"fi\",\"potentialAction\":[{\"@type\":\"CommentAction\",\"name\":\"Comment\",\"target\":[\"https:\\\/\\\/blogit.gradia.fi\\\/hannisjarvinen-tdpt2104\\\/2021\\\/09\\\/27\\\/lisaa-karhukaisia\\\/#respond\"]}]},{\"@type\":\"WebPage\",\"@id\":\"https:\\\/\\\/blogit.gradia.fi\\\/hannisjarvinen-tdpt2104\\\/2021\\\/09\\\/27\\\/lisaa-karhukaisia\\\/\",\"url\":\"https:\\\/\\\/blogit.gradia.fi\\\/hannisjarvinen-tdpt2104\\\/2021\\\/09\\\/27\\\/lisaa-karhukaisia\\\/\",\"name\":\"Lis\u00e4\u00e4 Karhukaisia - Oppimisp\u00e4iv\u00e4kirja\",\"isPartOf\":{\"@id\":\"https:\\\/\\\/blogit.gradia.fi\\\/hannisjarvinen-tdpt2104\\\/#website\"},\"primaryImageOfPage\":{\"@id\":\"https:\\\/\\\/blogit.gradia.fi\\\/hannisjarvinen-tdpt2104\\\/2021\\\/09\\\/27\\\/lisaa-karhukaisia\\\/#primaryimage\"},\"image\":{\"@id\":\"https:\\\/\\\/blogit.gradia.fi\\\/hannisjarvinen-tdpt2104\\\/2021\\\/09\\\/27\\\/lisaa-karhukaisia\\\/#primaryimage\"},\"thumbnailUrl\":\"https:\\\/\\\/blogit.gradia.fi\\\/hannisjarvinen-tdpt2104\\\/wp-content\\\/uploads\\\/sites\\\/235\\\/2021\\\/09\\\/20210924_114426-scaled-e1632753793597-768x1024.jpg\",\"datePublished\":\"2021-09-27T14:58:40+00:00\",\"dateModified\":\"2021-09-27T14:58:41+00:00\",\"author\":{\"@id\":\"https:\\\/\\\/blogit.gradia.fi\\\/hannisjarvinen-tdpt2104\\\/#\\\/schema\\\/person\\\/e011261e8d441be7cf033a749535de0c\"},\"breadcrumb\":{\"@id\":\"https:\\\/\\\/blogit.gradia.fi\\\/hannisjarvinen-tdpt2104\\\/2021\\\/09\\\/27\\\/lisaa-karhukaisia\\\/#breadcrumb\"},\"inLanguage\":\"fi\",\"potentialAction\":[{\"@type\":\"ReadAction\",\"target\":[\"https:\\\/\\\/blogit.gradia.fi\\\/hannisjarvinen-tdpt2104\\\/2021\\\/09\\\/27\\\/lisaa-karhukaisia\\\/\"]}]},{\"@type\":\"ImageObject\",\"inLanguage\":\"fi\",\"@id\":\"https:\\\/\\\/blogit.gradia.fi\\\/hannisjarvinen-tdpt2104\\\/2021\\\/09\\\/27\\\/lisaa-karhukaisia\\\/#primaryimage\",\"url\":\"https:\\\/\\\/blogit.gradia.fi\\\/hannisjarvinen-tdpt2104\\\/wp-content\\\/uploads\\\/sites\\\/235\\\/2021\\\/09\\\/20210924_114426-scaled-e1632753793597.jpg\",\"contentUrl\":\"https:\\\/\\\/blogit.gradia.fi\\\/hannisjarvinen-tdpt2104\\\/wp-content\\\/uploads\\\/sites\\\/235\\\/2021\\\/09\\\/20210924_114426-scaled-e1632753793597.jpg\",\"width\":1920,\"height\":2560},{\"@type\":\"BreadcrumbList\",\"@id\":\"https:\\\/\\\/blogit.gradia.fi\\\/hannisjarvinen-tdpt2104\\\/2021\\\/09\\\/27\\\/lisaa-karhukaisia\\\/#breadcrumb\",\"itemListElement\":[{\"@type\":\"ListItem\",\"position\":1,\"name\":\"Etusivu\",\"item\":\"https:\\\/\\\/blogit.gradia.fi\\\/hannisjarvinen-tdpt2104\\\/\"},{\"@type\":\"ListItem\",\"position\":2,\"name\":\"Lis\u00e4\u00e4 Karhukaisia\"}]},{\"@type\":\"WebSite\",\"@id\":\"https:\\\/\\\/blogit.gradia.fi\\\/hannisjarvinen-tdpt2104\\\/#website\",\"url\":\"https:\\\/\\\/blogit.gradia.fi\\\/hannisjarvinen-tdpt2104\\\/\",\"name\":\"Oppimisp\u00e4iv\u00e4kirja\",\"description\":\"Hannis J\u00e4rvinen\",\"potentialAction\":[{\"@type\":\"SearchAction\",\"target\":{\"@type\":\"EntryPoint\",\"urlTemplate\":\"https:\\\/\\\/blogit.gradia.fi\\\/hannisjarvinen-tdpt2104\\\/?s={search_term_string}\"},\"query-input\":{\"@type\":\"PropertyValueSpecification\",\"valueRequired\":true,\"valueName\":\"search_term_string\"}}],\"inLanguage\":\"fi\"},{\"@type\":\"Person\",\"@id\":\"https:\\\/\\\/blogit.gradia.fi\\\/hannisjarvinen-tdpt2104\\\/#\\\/schema\\\/person\\\/e011261e8d441be7cf033a749535de0c\",\"name\":\"Hannis J\u00e4rvinen\",\"image\":{\"@type\":\"ImageObject\",\"inLanguage\":\"fi\",\"@id\":\"https:\\\/\\\/secure.gravatar.com\\\/avatar\\\/34ac6c536edfe2e363a0d57b1d24074e7abdca5a40940d30224c716c81d9b9ba?s=96&d=mm&r=g\",\"url\":\"https:\\\/\\\/secure.gravatar.com\\\/avatar\\\/34ac6c536edfe2e363a0d57b1d24074e7abdca5a40940d30224c716c81d9b9ba?s=96&d=mm&r=g\",\"contentUrl\":\"https:\\\/\\\/secure.gravatar.com\\\/avatar\\\/34ac6c536edfe2e363a0d57b1d24074e7abdca5a40940d30224c716c81d9b9ba?s=96&d=mm&r=g\",\"caption\":\"Hannis J\u00e4rvinen\"},\"url\":\"https:\\\/\\\/blogit.gradia.fi\\\/hannisjarvinen-tdpt2104\\\/author\\\/gr266238\\\/\"}]}<\/script>\n<!-- \/ Yoast SEO plugin. -->","yoast_head_json":{"title":"Lis\u00e4\u00e4 Karhukaisia - Oppimisp\u00e4iv\u00e4kirja","robots":{"index":"index","follow":"follow","max-snippet":"max-snippet:-1","max-image-preview":"max-image-preview:large","max-video-preview":"max-video-preview:-1"},"canonical":"https:\/\/blogit.gradia.fi\/hannisjarvinen-tdpt2104\/2021\/09\/27\/lisaa-karhukaisia\/","og_locale":"fi_FI","og_type":"article","og_title":"Lis\u00e4\u00e4 Karhukaisia - Oppimisp\u00e4iv\u00e4kirja","og_description":"Varsinaiseksi painokankaaksi valitsin puolipellavan(50%pellavaa\/50%puuvillaa), ett\u00e4 saisin jonkinlaisen pohjav\u00e4rin painokuviolle. Luonnollisen s\u00e4vyinen pellava sopii mielest\u00e4ni paremmin arkik\u00e4ytt\u00f6\u00f6n, kuin tasaisen valkoinen kangas. Painov\u00e4riksi valitsin okrankeltaisen, joka aika hyvin toimiikin olohuoneen vihre\u00e4n sohvan kanssa. Keltainen j\u00e4i hiukan vaaleaksi ja printin kuvio ei erotu niin hyvin tumman pellavan p\u00e4\u00e4lt\u00e4. Ehk\u00e4 osittainen peittov\u00e4ri olisi voinut olla hyv\u00e4 ratkaisu t\u00e4h\u00e4n. Kuviot &hellip; Jatka lukemista \"Lis\u00e4\u00e4 Karhukaisia\"","og_url":"https:\/\/blogit.gradia.fi\/hannisjarvinen-tdpt2104\/2021\/09\/27\/lisaa-karhukaisia\/","og_site_name":"Oppimisp\u00e4iv\u00e4kirja","article_published_time":"2021-09-27T14:58:40+00:00","article_modified_time":"2021-09-27T14:58:41+00:00","og_image":[{"url":"https:\/\/blogit.gradia.fi\/hannisjarvinen-tdpt2104\/wp-content\/uploads\/sites\/235\/2021\/09\/20210924_114426-scaled-e1632753793597-768x1024.jpg","type":"","width":"","height":""}],"author":"Hannis J\u00e4rvinen","twitter_card":"summary_large_image","twitter_misc":{"Kirjoittanut":"Hannis J\u00e4rvinen","Arvioitu lukuaika":"1 minuutti"},"schema":{"@context":"https:\/\/schema.org","@graph":[{"@type":"Article","@id":"https:\/\/blogit.gradia.fi\/hannisjarvinen-tdpt2104\/2021\/09\/27\/lisaa-karhukaisia\/#article","isPartOf":{"@id":"https:\/\/blogit.gradia.fi\/hannisjarvinen-tdpt2104\/2021\/09\/27\/lisaa-karhukaisia\/"},"author":{"name":"Hannis J\u00e4rvinen","@id":"https:\/\/blogit.gradia.fi\/hannisjarvinen-tdpt2104\/#\/schema\/person\/e011261e8d441be7cf033a749535de0c"},"headline":"Lis\u00e4\u00e4 Karhukaisia","datePublished":"2021-09-27T14:58:40+00:00","dateModified":"2021-09-27T14:58:41+00:00","mainEntityOfPage":{"@id":"https:\/\/blogit.gradia.fi\/hannisjarvinen-tdpt2104\/2021\/09\/27\/lisaa-karhukaisia\/"},"wordCount":134,"commentCount":0,"image":{"@id":"https:\/\/blogit.gradia.fi\/hannisjarvinen-tdpt2104\/2021\/09\/27\/lisaa-karhukaisia\/#primaryimage"},"thumbnailUrl":"https:\/\/blogit.gradia.fi\/hannisjarvinen-tdpt2104\/wp-content\/uploads\/sites\/235\/2021\/09\/20210924_114426-scaled-e1632753793597-768x1024.jpg","articleSection":["Kankaanpainanta"],"inLanguage":"fi","potentialAction":[{"@type":"CommentAction","name":"Comment","target":["https:\/\/blogit.gradia.fi\/hannisjarvinen-tdpt2104\/2021\/09\/27\/lisaa-karhukaisia\/#respond"]}]},{"@type":"WebPage","@id":"https:\/\/blogit.gradia.fi\/hannisjarvinen-tdpt2104\/2021\/09\/27\/lisaa-karhukaisia\/","url":"https:\/\/blogit.gradia.fi\/hannisjarvinen-tdpt2104\/2021\/09\/27\/lisaa-karhukaisia\/","name":"Lis\u00e4\u00e4 Karhukaisia - Oppimisp\u00e4iv\u00e4kirja","isPartOf":{"@id":"https:\/\/blogit.gradia.fi\/hannisjarvinen-tdpt2104\/#website"},"primaryImageOfPage":{"@id":"https:\/\/blogit.gradia.fi\/hannisjarvinen-tdpt2104\/2021\/09\/27\/lisaa-karhukaisia\/#primaryimage"},"image":{"@id":"https:\/\/blogit.gradia.fi\/hannisjarvinen-tdpt2104\/2021\/09\/27\/lisaa-karhukaisia\/#primaryimage"},"thumbnailUrl":"https:\/\/blogit.gradia.fi\/hannisjarvinen-tdpt2104\/wp-content\/uploads\/sites\/235\/2021\/09\/20210924_114426-scaled-e1632753793597-768x1024.jpg","datePublished":"2021-09-27T14:58:40+00:00","dateModified":"2021-09-27T14:58:41+00:00","author":{"@id":"https:\/\/blogit.gradia.fi\/hannisjarvinen-tdpt2104\/#\/schema\/person\/e011261e8d441be7cf033a749535de0c"},"breadcrumb":{"@id":"https:\/\/blogit.gradia.fi\/hannisjarvinen-tdpt2104\/2021\/09\/27\/lisaa-karhukaisia\/#breadcrumb"},"inLanguage":"fi","potentialAction":[{"@type":"ReadAction","target":["https:\/\/blogit.gradia.fi\/hannisjarvinen-tdpt2104\/2021\/09\/27\/lisaa-karhukaisia\/"]}]},{"@type":"ImageObject","inLanguage":"fi","@id":"https:\/\/blogit.gradia.fi\/hannisjarvinen-tdpt2104\/2021\/09\/27\/lisaa-karhukaisia\/#primaryimage","url":"https:\/\/blogit.gradia.fi\/hannisjarvinen-tdpt2104\/wp-content\/uploads\/sites\/235\/2021\/09\/20210924_114426-scaled-e1632753793597.jpg","contentUrl":"https:\/\/blogit.gradia.fi\/hannisjarvinen-tdpt2104\/wp-content\/uploads\/sites\/235\/2021\/09\/20210924_114426-scaled-e1632753793597.jpg","width":1920,"height":2560},{"@type":"BreadcrumbList","@id":"https:\/\/blogit.gradia.fi\/hannisjarvinen-tdpt2104\/2021\/09\/27\/lisaa-karhukaisia\/#breadcrumb","itemListElement":[{"@type":"ListItem","position":1,"name":"Etusivu","item":"https:\/\/blogit.gradia.fi\/hannisjarvinen-tdpt2104\/"},{"@type":"ListItem","position":2,"name":"Lis\u00e4\u00e4 Karhukaisia"}]},{"@type":"WebSite","@id":"https:\/\/blogit.gradia.fi\/hannisjarvinen-tdpt2104\/#website","url":"https:\/\/blogit.gradia.fi\/hannisjarvinen-tdpt2104\/","name":"Oppimisp\u00e4iv\u00e4kirja","description":"Hannis J\u00e4rvinen","potentialAction":[{"@type":"SearchAction","target":{"@type":"EntryPoint","urlTemplate":"https:\/\/blogit.gradia.fi\/hannisjarvinen-tdpt2104\/?s={search_term_string}"},"query-input":{"@type":"PropertyValueSpecification","valueRequired":true,"valueName":"search_term_string"}}],"inLanguage":"fi"},{"@type":"Person","@id":"https:\/\/blogit.gradia.fi\/hannisjarvinen-tdpt2104\/#\/schema\/person\/e011261e8d441be7cf033a749535de0c","name":"Hannis J\u00e4rvinen","image":{"@type":"ImageObject","inLanguage":"fi","@id":"https:\/\/secure.gravatar.com\/avatar\/34ac6c536edfe2e363a0d57b1d24074e7abdca5a40940d30224c716c81d9b9ba?s=96&d=mm&r=g","url":"https:\/\/secure.gravatar.com\/avatar\/34ac6c536edfe2e363a0d57b1d24074e7abdca5a40940d30224c716c81d9b9ba?s=96&d=mm&r=g","contentUrl":"https:\/\/secure.gravatar.com\/avatar\/34ac6c536edfe2e363a0d57b1d24074e7abdca5a40940d30224c716c81d9b9ba?s=96&d=mm&r=g","caption":"Hannis J\u00e4rvinen"},"url":"https:\/\/blogit.gradia.fi\/hannisjarvinen-tdpt2104\/author\/gr266238\/"}]}},"uagb_featured_image_src":{"full":false,"thumbnail":false,"medium":false,"medium_large":false,"large":false,"1536x1536":false,"2048x2048":false,"twentyseventeen-featured-image":false,"twentyseventeen-thumbnail-avatar":false},"uagb_author_info":{"display_name":"Hannis J\u00e4rvinen","author_link":"https:\/\/blogit.gradia.fi\/hannisjarvinen-tdpt2104\/author\/gr266238\/"},"uagb_comment_info":0,"uagb_excerpt":"Varsinaiseksi painokankaaksi valitsin puolipellavan(50%pellavaa\/50%puuvillaa), ett\u00e4 saisin jonkinlaisen pohjav\u00e4rin painokuviolle. Luonnollisen s\u00e4vyinen pellava sopii mielest\u00e4ni paremmin arkik\u00e4ytt\u00f6\u00f6n, kuin tasaisen valkoinen kangas. Painov\u00e4riksi valitsin okrankeltaisen, joka aika hyvin toimiikin olohuoneen vihre\u00e4n sohvan kanssa. Keltainen j\u00e4i hiukan vaaleaksi ja printin kuvio ei erotu niin hyvin tumman pellavan p\u00e4\u00e4lt\u00e4. Ehk\u00e4 osittainen peittov\u00e4ri olisi voinut olla hyv\u00e4 ratkaisu t\u00e4h\u00e4n. Kuviot&hellip;","_links":{"self":[{"href":"https:\/\/blogit.gradia.fi\/hannisjarvinen-tdpt2104\/wp-json\/wp\/v2\/posts\/119","targetHints":{"allow":["GET"]}}],"collection":[{"href":"https:\/\/blogit.gradia.fi\/hannisjarvinen-tdpt2104\/wp-json\/wp\/v2\/posts"}],"about":[{"href":"https:\/\/blogit.gradia.fi\/hannisjarvinen-tdpt2104\/wp-json\/wp\/v2\/types\/post"}],"author":[{"embeddable":true,"href":"https:\/\/blogit.gradia.fi\/hannisjarvinen-tdpt2104\/wp-json\/wp\/v2\/users\/771"}],"replies":[{"embeddable":true,"href":"https:\/\/blogit.gradia.fi\/hannisjarvinen-tdpt2104\/wp-json\/wp\/v2\/comments?post=119"}],"version-history":[{"count":2,"href":"https:\/\/blogit.gradia.fi\/hannisjarvinen-tdpt2104\/wp-json\/wp\/v2\/posts\/119\/revisions"}],"predecessor-version":[{"id":123,"href":"https:\/\/blogit.gradia.fi\/hannisjarvinen-tdpt2104\/wp-json\/wp\/v2\/posts\/119\/revisions\/123"}],"wp:attachment":[{"href":"https:\/\/blogit.gradia.fi\/hannisjarvinen-tdpt2104\/wp-json\/wp\/v2\/media?parent=119"}],"wp:term":[{"taxonomy":"category","embeddable":true,"href":"https:\/\/blogit.gradia.fi\/hannisjarvinen-tdpt2104\/wp-json\/wp\/v2\/categories?post=119"},{"taxonomy":"post_tag","embeddable":true,"href":"https:\/\/blogit.gradia.fi\/hannisjarvinen-tdpt2104\/wp-json\/wp\/v2\/tags?post=119"}],"curies":[{"name":"wp","href":"https:\/\/api.w.org\/{rel}","templated":true}]}}