{"id":376,"date":"2019-05-14T10:13:45","date_gmt":"2019-05-14T07:13:45","guid":{"rendered":"https:\/\/blogit.gradia.fi\/gradia\/?p=376"},"modified":"2019-05-14T10:13:47","modified_gmt":"2019-05-14T07:13:47","slug":"erilaiset-opiskelijat-erilaiset-toimintakulttuurit","status":"publish","type":"post","link":"https:\/\/blogit.gradia.fi\/gradia\/erilaiset-opiskelijat-erilaiset-toimintakulttuurit\/","title":{"rendered":"Erilaiset opiskelijat, erilaiset toimintakulttuurit"},"content":{"rendered":"\n<p>Kulunut lukuvuosi on ollut Gradiassa kiivaiden muutosten aikaa. Jokainen henkil\u00f6kuntaan kuuluva on saanut k\u00e4ytt\u00e4\u00e4 luovuuttaan uusien tilanteiden \u00e4\u00e4rell\u00e4. Opettajan n\u00e4k\u00f6kulmasta on toimittu v\u00e4lill\u00e4 \u00e4\u00e4rirajoilla: miten vastata kaikkiin niihin tavoitteisiin, joita uusi lains\u00e4\u00e4d\u00e4nt\u00f6 on tuonut mukanaan. Suurimmalle osalle opettajista on tullut uusia ty\u00f6tovereita, uudenlaisia opiskelijoita sek\u00e4 erilaisia ty\u00f6ymp\u00e4rist\u00f6j\u00e4: koko toimintakulttuuri on muuttunut. Se on ollut toisaalta aktivoivaa ja virkist\u00e4v\u00e4\u00e4, toisaalta uuvuttavaa.<\/p>\n\n\n\n<p>Opetuksen\nj\u00e4rjest\u00e4misen osalta suurin ero verrattuna aikaisempaan ammatilliseen\nkoulutukseen on aikuisten ja nuorten koulutuksen yhdistyminen. Siin\u00e4 miss\u00e4\nopetettava ryhm\u00e4 viel\u00e4 viime lukuvuonna koostui selke\u00e4sti joko nuorista tai aikuisista omine\nopetussuunnitelmineen ja toimintatapoineen, on t\u00e4m\u00e4nhetkinen opiskelijoiden,\nopiskelutapojen ja opetussuunnitelmien kirjo valtava ja\nsekalainen. Muutosvaiheessa sek\u00e4\nopiskelijat ett\u00e4 opettajat kantavat viel\u00e4 vanhan lains\u00e4\u00e4d\u00e4nn\u00f6nmukanaan\ntuomia k\u00e4yt\u00e4nteit\u00e4, \u201dvanhaa nuorisopuolta\u201d ja \u201dentist\u00e4 aikkaria.\u201d<\/p>\n\n\n\n<p>Itsell\u00e4ni on\nollut yhteiskunnallisten opintojen opettajana samoissa ryhmiss\u00e4\nperuskoulupohjaisia nuoria, ylioppilaspohjaisia nuoria, korkeakoulututkinnon\nsuorittaneita aikuisia, 30 vuotta ty\u00f6el\u00e4m\u00e4ss\u00e4 olleita aikuisia,\noppisopimusopiskelijoita ja monimuoto-opiskelijoita. Taitavaa, monipuolista ja\nmotivoitunutta joukkoa. Mutta\nopetustilanteissa on samalla l\u00e4sn\u00e4 my\u00f6s oppimisen\nja k\u00e4ytt\u00e4ytymisen pulmat, mielenterveys- ja p\u00e4ihdeongelmat, puutteellinen\nsuomen kielen taito sek\u00e4 riitt\u00e4m\u00e4tt\u00f6m\u00e4t tieto- ja viestint\u00e4teknisi\u00e4 taidot.\nJokaiselle opettajalle tuttu tilanne.<\/p>\n\n\n\n<p>Reformilains\u00e4\u00e4d\u00e4nt\u00f6\u00f6n\nperustuva henkil\u00f6kohtaistaminen on pyrkimyksen\u00e4 hieno ja vastaa kysymykseen,\nkuinka jokainen opiskelija saa juuri h\u00e4nen tarvitsemaansa opetusta ja ohjausta\nedell\u00e4 kuvaamassani tilanteessa: osa opiskelijoista osallistuu\nkontaktiopetukseen kaikilla lukuj\u00e4rjestykseen merkityill\u00e4 tunneilla, osa k\u00e4y\njoko ansiot\u00f6iss\u00e4 tai on oppimassa ty\u00f6paikalla ja tekee sovitun osan opinnoista\nverkossa. Jotkut opiskelijat suorittavat koko kurssin verkko-opintoina. Onpa\nmukana niit\u00e4kin, jotka havahtuvat opinnon suorittamiseen vasta kurssin\nloppuvaiheessa, koska eiv\u00e4t ole ymm\u00e4rt\u00e4neet, ett\u00e4 juuri kyseiset opinnot\nkuuluvat my\u00f6s heille.<\/p>\n\n\n\n<p>Opettajana\nteen siis samanaikaisesti kaikkia mahdollisia pedagogisia ratkaisuja, koska\nolipa opiskelun tapa mik\u00e4 tahansa, opiskelijat eiv\u00e4t osaa, eik\u00e4 heid\u00e4n\ntarvitse, toimia ilman opetusta ja ohjausta. K\u00e4yt\u00e4nn\u00f6ss\u00e4 t\u00e4m\u00e4 on tarkoittanut\nopetuksen suunnittelua, l\u00e4hiopetusta ja arviointia p\u00e4ivisin sek\u00e4 opetusta ja\nohjausta viestint\u00e4teknisin keinoin iltaisin ja viikonloppuisin. Etenkin\naikuiset opiskelijat osaavat vaatia palvelua sit\u00e4 tarvitessaan.<\/p>\n\n\n\n<p>T\u00e4ll\u00e4 hetkell\u00e4 olemme muutoksen siin\u00e4 vaiheessa, jossa toteutamme kukin tahoillamme entisi\u00e4 toimintakulttuurejamme, mik\u00e4 aiheuttaa kaksinkertaisen ty\u00f6m\u00e4\u00e4r\u00e4n opettajille ja monenlaista sekavuutta opiskelijoiden arkeen. Vanhat opettamisen v\u00e4lineet eiv\u00e4t toimi, emmek\u00e4 ole ehtineet luoda uusia. Aikuiset ja nuoret ovat el\u00e4m\u00e4ns\u00e4 eri vaiheissa, ja se heijastuu tietenkin opetuksen tarpeisiin. Kokemukseni mukaan aikuisten opetuksen p\u00e4\u00e4paino on ammatillisessa kompetenssissa ja geneeristen taitojen p\u00e4ivitt\u00e4misess\u00e4. Nuoret tarvitsevat edellisten lis\u00e4ksi kasvattamista ja oikeutta erehtymiseen sek\u00e4 opinnoissa ett\u00e4 muussa el\u00e4m\u00e4ss\u00e4. N\u00e4iden tavoitteiden yhdist\u00e4minen uudeksi toimintakulttuuriksi vaatii meilt\u00e4 opettajilta uudenlaista laaja-alaisuutta, joka ei synny hetkess\u00e4. <\/p>\n\n\n\n<p>Yksi asia\nn\u00e4iden haasteiden keskell\u00e4 ei ole kuitenkaan muuttunut: meid\u00e4n opettajien\nteht\u00e4v\u00e4 on opettaa kaikkia opiskelijoitamme ammattitaitoisiksi ja sivistyneiksi\nyhteiskunnan j\u00e4seniksi. Opetuksen laatu pit\u00e4\u00e4 olla edelleen p\u00e4\u00e4m\u00e4\u00e4r\u00e4n\u00e4 niin\ntulevan lukuvuoden opettajien vuosity\u00f6ajan suunnittelussa, HOKS-ohjauksen\nvastuissa ja ty\u00f6njaossa kuin esimiesty\u00f6ss\u00e4 organisaation kaikilla tasoilla.\nSamalla meid\u00e4n tulee harkita tarkkaan, millaisen asiakaslupauksen annamme\njatkossa opiskelijoille. Vaikka opiskelijoiden tarpeet ovat tunnetusti\nmoninaiset, opettajan ty\u00f6 ei voi m\u00e4\u00e4ritty\u00e4 yksitt\u00e4isen opiskelijan aikataulujen\nmukaan. Gradian supermarket ei voi olla aina auki.<\/p>\n\n\n\n<p>Katriina Vikstr\u00f6m, yhteiskunnallisten aineiden opettaja, Gradia Jyv\u00e4skyl\u00e4 sek\u00e4 Jyv\u00e4skyl\u00e4n koulutuskuntayhtym\u00e4 Gradian johtoryhm\u00e4n henkil\u00f6st\u00f6j\u00e4sen<\/p>\n","protected":false},"excerpt":{"rendered":"<p>Kulunut lukuvuosi on ollut Gradiassa kiivaiden muutosten aikaa. Jokainen henkil\u00f6kuntaan kuuluva on saanut k\u00e4ytt\u00e4\u00e4 luovuuttaan uusien tilanteiden \u00e4\u00e4rell\u00e4. Opettajan n\u00e4k\u00f6kulmasta on toimittu v\u00e4lill\u00e4 \u00e4\u00e4rirajoilla: miten vastata kaikkiin niihin tavoitteisiin, joita uusi lains\u00e4\u00e4d\u00e4nt\u00f6 on tuonut mukanaan. Suurimmalle osalle opettajista on tullut uusia ty\u00f6tovereita, uudenlaisia opiskelijoita sek\u00e4 erilaisia ty\u00f6ymp\u00e4rist\u00f6j\u00e4: koko toimintakulttuuri on muuttunut. Se on ollut toisaalta &hellip; <a href=\"https:\/\/blogit.gradia.fi\/gradia\/erilaiset-opiskelijat-erilaiset-toimintakulttuurit\/\" class=\"more-link\">Jatka lukemista <span class=\"screen-reader-text\">Erilaiset opiskelijat, erilaiset toimintakulttuurit<\/span> <span class=\"meta-nav\">&rarr;<\/span><\/a><\/p>\n","protected":false},"author":113,"featured_media":377,"comment_status":"open","ping_status":"open","sticky":false,"template":"","format":"standard","meta":{"_uag_custom_page_level_css":"","footnotes":""},"categories":[18,19,2,55,56],"tags":[50,59,54,61],"class_list":["post-376","post","type-post","status-publish","format-standard","has-post-thumbnail","hentry","category-ammatillinen-koulutus","category-gradia-jyvaskyla","category-koulutus","category-opettaja","category-opettajuus","tag-ammatillinenkoulutus","tag-opettaja-opettajuus","tag-opettajuus","tag-reformi"],"yoast_head":"<!-- This site is optimized with the Yoast SEO plugin v27.4 - https:\/\/yoast.com\/product\/yoast-seo-wordpress\/ -->\n<title>Erilaiset opiskelijat, erilaiset toimintakulttuurit - blogit.gradia.fi\/gradia<\/title>\n<meta name=\"robots\" content=\"index, follow, max-snippet:-1, max-image-preview:large, max-video-preview:-1\" \/>\n<link rel=\"canonical\" href=\"https:\/\/blogit.gradia.fi\/gradia\/erilaiset-opiskelijat-erilaiset-toimintakulttuurit\/\" \/>\n<meta property=\"og:locale\" content=\"fi_FI\" \/>\n<meta property=\"og:type\" content=\"article\" \/>\n<meta property=\"og:title\" content=\"Erilaiset opiskelijat, erilaiset toimintakulttuurit - blogit.gradia.fi\/gradia\" \/>\n<meta property=\"og:description\" content=\"Kulunut lukuvuosi on ollut Gradiassa kiivaiden muutosten aikaa. Jokainen henkil\u00f6kuntaan kuuluva on saanut k\u00e4ytt\u00e4\u00e4 luovuuttaan uusien tilanteiden \u00e4\u00e4rell\u00e4. Opettajan n\u00e4k\u00f6kulmasta on toimittu v\u00e4lill\u00e4 \u00e4\u00e4rirajoilla: miten vastata kaikkiin niihin tavoitteisiin, joita uusi lains\u00e4\u00e4d\u00e4nt\u00f6 on tuonut mukanaan. Suurimmalle osalle opettajista on tullut uusia ty\u00f6tovereita, uudenlaisia opiskelijoita sek\u00e4 erilaisia ty\u00f6ymp\u00e4rist\u00f6j\u00e4: koko toimintakulttuuri on muuttunut. Se on ollut toisaalta &hellip; Jatka lukemista Erilaiset opiskelijat, erilaiset toimintakulttuurit &rarr;\" \/>\n<meta property=\"og:url\" content=\"https:\/\/blogit.gradia.fi\/gradia\/erilaiset-opiskelijat-erilaiset-toimintakulttuurit\/\" \/>\n<meta property=\"og:site_name\" content=\"blogit.gradia.fi\/gradia\" \/>\n<meta property=\"article:publisher\" content=\"https:\/\/www.facebook.com\/gradiafi\" \/>\n<meta property=\"article:published_time\" content=\"2019-05-14T07:13:45+00:00\" \/>\n<meta property=\"article:modified_time\" content=\"2019-05-14T07:13:47+00:00\" \/>\n<meta property=\"og:image\" content=\"https:\/\/blogit.gradia.fi\/gradia\/wp-content\/uploads\/sites\/5\/2019\/05\/katriina_vikstr\u00f6m_opettaja.jpg\" \/>\n\t<meta property=\"og:image:width\" content=\"250\" \/>\n\t<meta property=\"og:image:height\" content=\"348\" \/>\n\t<meta property=\"og:image:type\" content=\"image\/jpeg\" \/>\n<meta name=\"author\" content=\"Katriina Vikstr\u00f6m\" \/>\n<meta name=\"twitter:card\" content=\"summary_large_image\" \/>\n<meta name=\"twitter:label1\" content=\"Kirjoittanut\" \/>\n\t<meta name=\"twitter:data1\" content=\"Katriina Vikstr\u00f6m\" \/>\n\t<meta name=\"twitter:label2\" content=\"Arvioitu lukuaika\" \/>\n\t<meta name=\"twitter:data2\" content=\"3 minuuttia\" \/>\n<script type=\"application\/ld+json\" class=\"yoast-schema-graph\">{\"@context\":\"https:\\\/\\\/schema.org\",\"@graph\":[{\"@type\":\"Article\",\"@id\":\"https:\\\/\\\/blogit.gradia.fi\\\/gradia\\\/erilaiset-opiskelijat-erilaiset-toimintakulttuurit\\\/#article\",\"isPartOf\":{\"@id\":\"https:\\\/\\\/blogit.gradia.fi\\\/gradia\\\/erilaiset-opiskelijat-erilaiset-toimintakulttuurit\\\/\"},\"author\":{\"name\":\"Katriina Vikstr\u00f6m\",\"@id\":\"https:\\\/\\\/blogit.gradia.fi\\\/gradia\\\/#\\\/schema\\\/person\\\/4806712f6adac32339df6217573051b6\"},\"headline\":\"Erilaiset opiskelijat, erilaiset toimintakulttuurit\",\"datePublished\":\"2019-05-14T07:13:45+00:00\",\"dateModified\":\"2019-05-14T07:13:47+00:00\",\"mainEntityOfPage\":{\"@id\":\"https:\\\/\\\/blogit.gradia.fi\\\/gradia\\\/erilaiset-opiskelijat-erilaiset-toimintakulttuurit\\\/\"},\"wordCount\":566,\"commentCount\":0,\"publisher\":{\"@id\":\"https:\\\/\\\/blogit.gradia.fi\\\/gradia\\\/#organization\"},\"image\":{\"@id\":\"https:\\\/\\\/blogit.gradia.fi\\\/gradia\\\/erilaiset-opiskelijat-erilaiset-toimintakulttuurit\\\/#primaryimage\"},\"thumbnailUrl\":\"https:\\\/\\\/blogit.gradia.fi\\\/gradia\\\/wp-content\\\/uploads\\\/sites\\\/5\\\/2019\\\/05\\\/katriina_vikstr\u00f6m_opettaja.jpg\",\"keywords\":[\"ammatillinenkoulutus\",\"opettaja\",\"opettajuus\",\"reformi\"],\"articleSection\":[\"Ammatillinen koulutus\",\"Gradia Jyv\u00e4skyl\u00e4\",\"Koulutus\",\"Opettaja\",\"Opettajuus\"],\"inLanguage\":\"fi\",\"potentialAction\":[{\"@type\":\"CommentAction\",\"name\":\"Comment\",\"target\":[\"https:\\\/\\\/blogit.gradia.fi\\\/gradia\\\/erilaiset-opiskelijat-erilaiset-toimintakulttuurit\\\/#respond\"]}]},{\"@type\":\"WebPage\",\"@id\":\"https:\\\/\\\/blogit.gradia.fi\\\/gradia\\\/erilaiset-opiskelijat-erilaiset-toimintakulttuurit\\\/\",\"url\":\"https:\\\/\\\/blogit.gradia.fi\\\/gradia\\\/erilaiset-opiskelijat-erilaiset-toimintakulttuurit\\\/\",\"name\":\"Erilaiset opiskelijat, erilaiset toimintakulttuurit - blogit.gradia.fi\\\/gradia\",\"isPartOf\":{\"@id\":\"https:\\\/\\\/blogit.gradia.fi\\\/gradia\\\/#website\"},\"primaryImageOfPage\":{\"@id\":\"https:\\\/\\\/blogit.gradia.fi\\\/gradia\\\/erilaiset-opiskelijat-erilaiset-toimintakulttuurit\\\/#primaryimage\"},\"image\":{\"@id\":\"https:\\\/\\\/blogit.gradia.fi\\\/gradia\\\/erilaiset-opiskelijat-erilaiset-toimintakulttuurit\\\/#primaryimage\"},\"thumbnailUrl\":\"https:\\\/\\\/blogit.gradia.fi\\\/gradia\\\/wp-content\\\/uploads\\\/sites\\\/5\\\/2019\\\/05\\\/katriina_vikstr\u00f6m_opettaja.jpg\",\"datePublished\":\"2019-05-14T07:13:45+00:00\",\"dateModified\":\"2019-05-14T07:13:47+00:00\",\"inLanguage\":\"fi\",\"potentialAction\":[{\"@type\":\"ReadAction\",\"target\":[\"https:\\\/\\\/blogit.gradia.fi\\\/gradia\\\/erilaiset-opiskelijat-erilaiset-toimintakulttuurit\\\/\"]}]},{\"@type\":\"ImageObject\",\"inLanguage\":\"fi\",\"@id\":\"https:\\\/\\\/blogit.gradia.fi\\\/gradia\\\/erilaiset-opiskelijat-erilaiset-toimintakulttuurit\\\/#primaryimage\",\"url\":\"https:\\\/\\\/blogit.gradia.fi\\\/gradia\\\/wp-content\\\/uploads\\\/sites\\\/5\\\/2019\\\/05\\\/katriina_vikstr\u00f6m_opettaja.jpg\",\"contentUrl\":\"https:\\\/\\\/blogit.gradia.fi\\\/gradia\\\/wp-content\\\/uploads\\\/sites\\\/5\\\/2019\\\/05\\\/katriina_vikstr\u00f6m_opettaja.jpg\",\"width\":250,\"height\":348},{\"@type\":\"WebSite\",\"@id\":\"https:\\\/\\\/blogit.gradia.fi\\\/gradia\\\/#website\",\"url\":\"https:\\\/\\\/blogit.gradia.fi\\\/gradia\\\/\",\"name\":\"blogit.gradia.fi\\\/gradia\",\"description\":\"Gradia johdon blogi\",\"publisher\":{\"@id\":\"https:\\\/\\\/blogit.gradia.fi\\\/gradia\\\/#organization\"},\"potentialAction\":[{\"@type\":\"SearchAction\",\"target\":{\"@type\":\"EntryPoint\",\"urlTemplate\":\"https:\\\/\\\/blogit.gradia.fi\\\/gradia\\\/?s={search_term_string}\"},\"query-input\":{\"@type\":\"PropertyValueSpecification\",\"valueRequired\":true,\"valueName\":\"search_term_string\"}}],\"inLanguage\":\"fi\"},{\"@type\":\"Organization\",\"@id\":\"https:\\\/\\\/blogit.gradia.fi\\\/gradia\\\/#organization\",\"name\":\"Jyv\u00e4skyl\u00e4n koulutuskuntayhtym\u00e4 Gradia\",\"url\":\"https:\\\/\\\/blogit.gradia.fi\\\/gradia\\\/\",\"logo\":{\"@type\":\"ImageObject\",\"inLanguage\":\"fi\",\"@id\":\"https:\\\/\\\/blogit.gradia.fi\\\/gradia\\\/#\\\/schema\\\/logo\\\/image\\\/\",\"url\":\"https:\\\/\\\/blogit.gradia.fi\\\/gradia\\\/wp-content\\\/uploads\\\/sites\\\/5\\\/2018\\\/03\\\/1139-gradia-blogikuva-1600x230px-minttu.jpg\",\"contentUrl\":\"https:\\\/\\\/blogit.gradia.fi\\\/gradia\\\/wp-content\\\/uploads\\\/sites\\\/5\\\/2018\\\/03\\\/1139-gradia-blogikuva-1600x230px-minttu.jpg\",\"width\":1600,\"height\":230,\"caption\":\"Jyv\u00e4skyl\u00e4n koulutuskuntayhtym\u00e4 Gradia\"},\"image\":{\"@id\":\"https:\\\/\\\/blogit.gradia.fi\\\/gradia\\\/#\\\/schema\\\/logo\\\/image\\\/\"},\"sameAs\":[\"https:\\\/\\\/www.facebook.com\\\/gradiafi\"]},{\"@type\":\"Person\",\"@id\":\"https:\\\/\\\/blogit.gradia.fi\\\/gradia\\\/#\\\/schema\\\/person\\\/4806712f6adac32339df6217573051b6\",\"name\":\"Katriina Vikstr\u00f6m\",\"image\":{\"@type\":\"ImageObject\",\"inLanguage\":\"fi\",\"@id\":\"https:\\\/\\\/secure.gravatar.com\\\/avatar\\\/b0cb3e53f615e073f750da0269f6bdd9b57e4cd0ab7a17e302ab88107f7c4150?s=96&d=mm&r=g\",\"url\":\"https:\\\/\\\/secure.gravatar.com\\\/avatar\\\/b0cb3e53f615e073f750da0269f6bdd9b57e4cd0ab7a17e302ab88107f7c4150?s=96&d=mm&r=g\",\"contentUrl\":\"https:\\\/\\\/secure.gravatar.com\\\/avatar\\\/b0cb3e53f615e073f750da0269f6bdd9b57e4cd0ab7a17e302ab88107f7c4150?s=96&d=mm&r=g\",\"caption\":\"Katriina Vikstr\u00f6m\"},\"url\":\"https:\\\/\\\/blogit.gradia.fi\\\/gradia\\\/author\\\/vikstkat\\\/\"}]}<\/script>\n<!-- \/ Yoast SEO plugin. -->","yoast_head_json":{"title":"Erilaiset opiskelijat, erilaiset toimintakulttuurit - blogit.gradia.fi\/gradia","robots":{"index":"index","follow":"follow","max-snippet":"max-snippet:-1","max-image-preview":"max-image-preview:large","max-video-preview":"max-video-preview:-1"},"canonical":"https:\/\/blogit.gradia.fi\/gradia\/erilaiset-opiskelijat-erilaiset-toimintakulttuurit\/","og_locale":"fi_FI","og_type":"article","og_title":"Erilaiset opiskelijat, erilaiset toimintakulttuurit - blogit.gradia.fi\/gradia","og_description":"Kulunut lukuvuosi on ollut Gradiassa kiivaiden muutosten aikaa. Jokainen henkil\u00f6kuntaan kuuluva on saanut k\u00e4ytt\u00e4\u00e4 luovuuttaan uusien tilanteiden \u00e4\u00e4rell\u00e4. Opettajan n\u00e4k\u00f6kulmasta on toimittu v\u00e4lill\u00e4 \u00e4\u00e4rirajoilla: miten vastata kaikkiin niihin tavoitteisiin, joita uusi lains\u00e4\u00e4d\u00e4nt\u00f6 on tuonut mukanaan. Suurimmalle osalle opettajista on tullut uusia ty\u00f6tovereita, uudenlaisia opiskelijoita sek\u00e4 erilaisia ty\u00f6ymp\u00e4rist\u00f6j\u00e4: koko toimintakulttuuri on muuttunut. Se on ollut toisaalta &hellip; Jatka lukemista Erilaiset opiskelijat, erilaiset toimintakulttuurit &rarr;","og_url":"https:\/\/blogit.gradia.fi\/gradia\/erilaiset-opiskelijat-erilaiset-toimintakulttuurit\/","og_site_name":"blogit.gradia.fi\/gradia","article_publisher":"https:\/\/www.facebook.com\/gradiafi","article_published_time":"2019-05-14T07:13:45+00:00","article_modified_time":"2019-05-14T07:13:47+00:00","og_image":[{"width":250,"height":348,"url":"https:\/\/blogit.gradia.fi\/gradia\/wp-content\/uploads\/sites\/5\/2019\/05\/katriina_vikstr\u00f6m_opettaja.jpg","type":"image\/jpeg"}],"author":"Katriina Vikstr\u00f6m","twitter_card":"summary_large_image","twitter_misc":{"Kirjoittanut":"Katriina Vikstr\u00f6m","Arvioitu lukuaika":"3 minuuttia"},"schema":{"@context":"https:\/\/schema.org","@graph":[{"@type":"Article","@id":"https:\/\/blogit.gradia.fi\/gradia\/erilaiset-opiskelijat-erilaiset-toimintakulttuurit\/#article","isPartOf":{"@id":"https:\/\/blogit.gradia.fi\/gradia\/erilaiset-opiskelijat-erilaiset-toimintakulttuurit\/"},"author":{"name":"Katriina Vikstr\u00f6m","@id":"https:\/\/blogit.gradia.fi\/gradia\/#\/schema\/person\/4806712f6adac32339df6217573051b6"},"headline":"Erilaiset opiskelijat, erilaiset toimintakulttuurit","datePublished":"2019-05-14T07:13:45+00:00","dateModified":"2019-05-14T07:13:47+00:00","mainEntityOfPage":{"@id":"https:\/\/blogit.gradia.fi\/gradia\/erilaiset-opiskelijat-erilaiset-toimintakulttuurit\/"},"wordCount":566,"commentCount":0,"publisher":{"@id":"https:\/\/blogit.gradia.fi\/gradia\/#organization"},"image":{"@id":"https:\/\/blogit.gradia.fi\/gradia\/erilaiset-opiskelijat-erilaiset-toimintakulttuurit\/#primaryimage"},"thumbnailUrl":"https:\/\/blogit.gradia.fi\/gradia\/wp-content\/uploads\/sites\/5\/2019\/05\/katriina_vikstr\u00f6m_opettaja.jpg","keywords":["ammatillinenkoulutus","opettaja","opettajuus","reformi"],"articleSection":["Ammatillinen koulutus","Gradia Jyv\u00e4skyl\u00e4","Koulutus","Opettaja","Opettajuus"],"inLanguage":"fi","potentialAction":[{"@type":"CommentAction","name":"Comment","target":["https:\/\/blogit.gradia.fi\/gradia\/erilaiset-opiskelijat-erilaiset-toimintakulttuurit\/#respond"]}]},{"@type":"WebPage","@id":"https:\/\/blogit.gradia.fi\/gradia\/erilaiset-opiskelijat-erilaiset-toimintakulttuurit\/","url":"https:\/\/blogit.gradia.fi\/gradia\/erilaiset-opiskelijat-erilaiset-toimintakulttuurit\/","name":"Erilaiset opiskelijat, erilaiset toimintakulttuurit - blogit.gradia.fi\/gradia","isPartOf":{"@id":"https:\/\/blogit.gradia.fi\/gradia\/#website"},"primaryImageOfPage":{"@id":"https:\/\/blogit.gradia.fi\/gradia\/erilaiset-opiskelijat-erilaiset-toimintakulttuurit\/#primaryimage"},"image":{"@id":"https:\/\/blogit.gradia.fi\/gradia\/erilaiset-opiskelijat-erilaiset-toimintakulttuurit\/#primaryimage"},"thumbnailUrl":"https:\/\/blogit.gradia.fi\/gradia\/wp-content\/uploads\/sites\/5\/2019\/05\/katriina_vikstr\u00f6m_opettaja.jpg","datePublished":"2019-05-14T07:13:45+00:00","dateModified":"2019-05-14T07:13:47+00:00","inLanguage":"fi","potentialAction":[{"@type":"ReadAction","target":["https:\/\/blogit.gradia.fi\/gradia\/erilaiset-opiskelijat-erilaiset-toimintakulttuurit\/"]}]},{"@type":"ImageObject","inLanguage":"fi","@id":"https:\/\/blogit.gradia.fi\/gradia\/erilaiset-opiskelijat-erilaiset-toimintakulttuurit\/#primaryimage","url":"https:\/\/blogit.gradia.fi\/gradia\/wp-content\/uploads\/sites\/5\/2019\/05\/katriina_vikstr\u00f6m_opettaja.jpg","contentUrl":"https:\/\/blogit.gradia.fi\/gradia\/wp-content\/uploads\/sites\/5\/2019\/05\/katriina_vikstr\u00f6m_opettaja.jpg","width":250,"height":348},{"@type":"WebSite","@id":"https:\/\/blogit.gradia.fi\/gradia\/#website","url":"https:\/\/blogit.gradia.fi\/gradia\/","name":"blogit.gradia.fi\/gradia","description":"Gradia johdon blogi","publisher":{"@id":"https:\/\/blogit.gradia.fi\/gradia\/#organization"},"potentialAction":[{"@type":"SearchAction","target":{"@type":"EntryPoint","urlTemplate":"https:\/\/blogit.gradia.fi\/gradia\/?s={search_term_string}"},"query-input":{"@type":"PropertyValueSpecification","valueRequired":true,"valueName":"search_term_string"}}],"inLanguage":"fi"},{"@type":"Organization","@id":"https:\/\/blogit.gradia.fi\/gradia\/#organization","name":"Jyv\u00e4skyl\u00e4n koulutuskuntayhtym\u00e4 Gradia","url":"https:\/\/blogit.gradia.fi\/gradia\/","logo":{"@type":"ImageObject","inLanguage":"fi","@id":"https:\/\/blogit.gradia.fi\/gradia\/#\/schema\/logo\/image\/","url":"https:\/\/blogit.gradia.fi\/gradia\/wp-content\/uploads\/sites\/5\/2018\/03\/1139-gradia-blogikuva-1600x230px-minttu.jpg","contentUrl":"https:\/\/blogit.gradia.fi\/gradia\/wp-content\/uploads\/sites\/5\/2018\/03\/1139-gradia-blogikuva-1600x230px-minttu.jpg","width":1600,"height":230,"caption":"Jyv\u00e4skyl\u00e4n koulutuskuntayhtym\u00e4 Gradia"},"image":{"@id":"https:\/\/blogit.gradia.fi\/gradia\/#\/schema\/logo\/image\/"},"sameAs":["https:\/\/www.facebook.com\/gradiafi"]},{"@type":"Person","@id":"https:\/\/blogit.gradia.fi\/gradia\/#\/schema\/person\/4806712f6adac32339df6217573051b6","name":"Katriina Vikstr\u00f6m","image":{"@type":"ImageObject","inLanguage":"fi","@id":"https:\/\/secure.gravatar.com\/avatar\/b0cb3e53f615e073f750da0269f6bdd9b57e4cd0ab7a17e302ab88107f7c4150?s=96&d=mm&r=g","url":"https:\/\/secure.gravatar.com\/avatar\/b0cb3e53f615e073f750da0269f6bdd9b57e4cd0ab7a17e302ab88107f7c4150?s=96&d=mm&r=g","contentUrl":"https:\/\/secure.gravatar.com\/avatar\/b0cb3e53f615e073f750da0269f6bdd9b57e4cd0ab7a17e302ab88107f7c4150?s=96&d=mm&r=g","caption":"Katriina Vikstr\u00f6m"},"url":"https:\/\/blogit.gradia.fi\/gradia\/author\/vikstkat\/"}]}},"uagb_featured_image_src":{"full":["https:\/\/blogit.gradia.fi\/gradia\/wp-content\/uploads\/sites\/5\/2019\/05\/katriina_vikstr\u00f6m_opettaja.jpg",250,348,false],"thumbnail":["https:\/\/blogit.gradia.fi\/gradia\/wp-content\/uploads\/sites\/5\/2019\/05\/katriina_vikstr\u00f6m_opettaja.jpg",108,150,false],"medium":["https:\/\/blogit.gradia.fi\/gradia\/wp-content\/uploads\/sites\/5\/2019\/05\/katriina_vikstr\u00f6m_opettaja.jpg",216,300,false],"medium_large":["https:\/\/blogit.gradia.fi\/gradia\/wp-content\/uploads\/sites\/5\/2019\/05\/katriina_vikstr\u00f6m_opettaja.jpg",250,348,false],"large":["https:\/\/blogit.gradia.fi\/gradia\/wp-content\/uploads\/sites\/5\/2019\/05\/katriina_vikstr\u00f6m_opettaja.jpg",250,348,false],"1536x1536":["https:\/\/blogit.gradia.fi\/gradia\/wp-content\/uploads\/sites\/5\/2019\/05\/katriina_vikstr\u00f6m_opettaja.jpg",250,348,false],"2048x2048":["https:\/\/blogit.gradia.fi\/gradia\/wp-content\/uploads\/sites\/5\/2019\/05\/katriina_vikstr\u00f6m_opettaja.jpg",250,348,false],"post-thumbnail":["https:\/\/blogit.gradia.fi\/gradia\/wp-content\/uploads\/sites\/5\/2019\/05\/katriina_vikstr\u00f6m_opettaja.jpg",194,270,false]},"uagb_author_info":{"display_name":"Katriina Vikstr\u00f6m","author_link":"https:\/\/blogit.gradia.fi\/gradia\/author\/vikstkat\/"},"uagb_comment_info":4,"uagb_excerpt":"Kulunut lukuvuosi on ollut Gradiassa kiivaiden muutosten aikaa. Jokainen henkil\u00f6kuntaan kuuluva on saanut k\u00e4ytt\u00e4\u00e4 luovuuttaan uusien tilanteiden \u00e4\u00e4rell\u00e4. Opettajan n\u00e4k\u00f6kulmasta on toimittu v\u00e4lill\u00e4 \u00e4\u00e4rirajoilla: miten vastata kaikkiin niihin tavoitteisiin, joita uusi lains\u00e4\u00e4d\u00e4nt\u00f6 on tuonut mukanaan. Suurimmalle osalle opettajista on tullut uusia ty\u00f6tovereita, uudenlaisia opiskelijoita sek\u00e4 erilaisia ty\u00f6ymp\u00e4rist\u00f6j\u00e4: koko toimintakulttuuri on muuttunut. Se on ollut toisaalta&hellip;","_links":{"self":[{"href":"https:\/\/blogit.gradia.fi\/gradia\/wp-json\/wp\/v2\/posts\/376","targetHints":{"allow":["GET"]}}],"collection":[{"href":"https:\/\/blogit.gradia.fi\/gradia\/wp-json\/wp\/v2\/posts"}],"about":[{"href":"https:\/\/blogit.gradia.fi\/gradia\/wp-json\/wp\/v2\/types\/post"}],"author":[{"embeddable":true,"href":"https:\/\/blogit.gradia.fi\/gradia\/wp-json\/wp\/v2\/users\/113"}],"replies":[{"embeddable":true,"href":"https:\/\/blogit.gradia.fi\/gradia\/wp-json\/wp\/v2\/comments?post=376"}],"version-history":[{"count":1,"href":"https:\/\/blogit.gradia.fi\/gradia\/wp-json\/wp\/v2\/posts\/376\/revisions"}],"predecessor-version":[{"id":378,"href":"https:\/\/blogit.gradia.fi\/gradia\/wp-json\/wp\/v2\/posts\/376\/revisions\/378"}],"wp:featuredmedia":[{"embeddable":true,"href":"https:\/\/blogit.gradia.fi\/gradia\/wp-json\/wp\/v2\/media\/377"}],"wp:attachment":[{"href":"https:\/\/blogit.gradia.fi\/gradia\/wp-json\/wp\/v2\/media?parent=376"}],"wp:term":[{"taxonomy":"category","embeddable":true,"href":"https:\/\/blogit.gradia.fi\/gradia\/wp-json\/wp\/v2\/categories?post=376"},{"taxonomy":"post_tag","embeddable":true,"href":"https:\/\/blogit.gradia.fi\/gradia\/wp-json\/wp\/v2\/tags?post=376"}],"curies":[{"name":"wp","href":"https:\/\/api.w.org\/{rel}","templated":true}]}}