{"id":358,"date":"2019-03-14T13:36:10","date_gmt":"2019-03-14T11:36:10","guid":{"rendered":"https:\/\/blogit.gradia.fi\/gradia\/?p=358"},"modified":"2019-03-14T13:37:46","modified_gmt":"2019-03-14T11:37:46","slug":"hankkeet-vauhdittavat-kehittamista-aidosti","status":"publish","type":"post","link":"https:\/\/blogit.gradia.fi\/gradia\/hankkeet-vauhdittavat-kehittamista-aidosti\/","title":{"rendered":"Hankkeet vauhdittavat kehitt\u00e4mist\u00e4 \u2013 aidosti!"},"content":{"rendered":"\n<p>Mist\u00e4 n\u00e4it\u00e4 hankkeita oikein tulee? Saadaanko niill\u00e4\noikeasti tuloksia aikaiseksi?<\/p>\n\n\n\n<p>Viime vuosien koulutusmyllerryksiss\u00e4 on her\u00e4nnyt ihan\naiheellinen huoli, millaisin keinoin ja mill\u00e4 rahoituksella pystymme\nvarmistamaan toiminnan kehitt\u00e4misen ja henkil\u00f6st\u00f6n osaamisen.<\/p>\n\n\n\n<p>Kehitt\u00e4mishankkeet ovat aidosti hyv\u00e4 v\u00e4line osaamisen ja\ntoiminnan kehitt\u00e4misess\u00e4. Niiden tavoitteena on varmistaa ja parantaa\nkoulutustoiminnan laatua, ennakoida tulevaa, kehitt\u00e4\u00e4 lis\u00e4tulojen\nmahdollisuuksia, sujuvoittaa toimintaa ja yksinkertaistaa prosesseja \u2013 siis\nhelpottaa meid\u00e4n arkeamme!<\/p>\n\n\n\n<p>Kirjoitukseni alun kysymyksiin on selke\u00e4t vastaukset: Gradian\nhankkeet nousevat todellisista kehitt\u00e4mistarpeista ja niill\u00e4 saadaan paljon\naikaiseksi.<\/p>\n\n\n\n<p><strong>Hanketoiminnassa on\nj\u00e4rke\u00e4<\/strong><\/p>\n\n\n\n<p>Hankeideat tulevat Gradian oppilaitoksista, koulutusaloilta,\nopettajilta ja esimiehilt\u00e4. Jokainen gradialainen voi kertoa ideasta intran\nkautta ja osallistua parin kuukauden v\u00e4lein toteutettaviin ideaty\u00f6pajoihin.\nKehitt\u00e4mispalveluiden asiantuntijat auttavat ideoiden eteenp\u00e4in jalostamisessa\nja hankkeistamisessa. Ideat \u2013 my\u00f6s ulkopuolisilta kumppaneilta tulleet\nyhteisty\u00f6pyynn\u00f6t \u2013 arvioidaan alojen kanssa yhdess\u00e4. N\u00e4in varmistamme, ett\u00e4\nolemme mukana vain hankkeissa, jotka ovat strategiamme ja toimintamme sek\u00e4\nmaakuntamme Keski-Suomen kannalta merkityksellisi\u00e4. Haemme aktiivisesti\nulkoista rahoitusta sellaisiin kokonaisuuksiin, joita joudumme joka tapauksessa\nkehitt\u00e4m\u00e4\u00e4n.<\/p>\n\n\n\n<p>Gradian visiona on olla edell\u00e4k\u00e4vij\u00e4 toisen asteen\nkoulutuksessa. K\u00e4rjess\u00e4 pysyminen edellytt\u00e4\u00e4 jatkuvaa kehitt\u00e4mist\u00e4 ja\nkehittymist\u00e4.<\/p>\n\n\n\n<p>Hankkeiden avulla my\u00f6s yll\u00e4pid\u00e4mme t\u00e4rkeit\u00e4 kumppanuuksia ja\nparannamme henkil\u00f6st\u00f6mme osaamista. Innovatiivisimmat opettajat haluavat\nkehitt\u00e4\u00e4 koko yhteis\u00f6ns\u00e4 toimintaa! Hankkeet tuovat my\u00f6s jaksamista, vaihtelua\nja ty\u00f6nkiertomahdollisuuksia koko henkil\u00f6st\u00f6lle.<\/p>\n\n\n\n<p><strong>6,5 miljoonan\nhankesalkku<\/strong><\/p>\n\n\n\n<p>Vuoden 2018 lopussa Gradian hankesalkun kokonaisarvo oli 6,5\nmiljoonaa euroa. Vaihtelua on pienist\u00e4 alle 10 000 euron hankkeista aina l\u00e4hes\nmiljoonan euron kokoisiin hankkeisiin. Vuoden\n2018 aikana k\u00e4ynniss\u00e4 oli yhteens\u00e4 55 ulkopuolisella rahoituksella rahoitettavaa\nhanketta, joista suurin osa on pedagogiikan ja opintopolkujen kehitt\u00e4mist\u00e4 (33\n% rahoituksesta).<\/p>\n\n\n\n<p>Muita painopisteit\u00e4 ovat ohjauksen, osallisuuden ja\nhyvinvoinnin kehitt\u00e4minen (26 %), ty\u00f6el\u00e4m\u00e4yhteisty\u00f6n ja yritt\u00e4jyyden\nkehitt\u00e4minen (20 %) sek\u00e4 kansainv\u00e4lisyyden ja monikulttuurisuuden kehitt\u00e4minen\n(17 %). Pieni osa hankkeista kohdentuu lis\u00e4ksi j\u00e4rjestelmien ja opintohallintohallinnon\nkehitt\u00e4miseen (4 % hankerahoituksesta). <\/p>\n\n\n\n<p>Pyrimme yh\u00e4 suurempiin hankekokonaisuuksiin, jotta emme\ntuhlaisi arvokasta aikaa hyvin pienten tai lyhyiden hankkeiden hallinnointiin &#8211;\nkeskitet\u00e4\u00e4n siis ty\u00f6panos kehitt\u00e4miseen, ei papereiden py\u00f6ritt\u00e4miseen.<\/p>\n\n\n\n<p><strong>Ty\u00f6t\u00e4 isolle joukolle\ngradialaisia<\/strong><\/p>\n\n\n\n<p>Kukapa meist\u00e4 ei olisi vaikkapa viimeksi kuluneen vuoden\naikana osallistunut johonkin koulutukseen, ty\u00f6pajaan, tapahtumaan tai johonkin\nmuuhun jonkin hankkeen toteuttamaan toimintaan. Hankety\u00f6 koskettaa ainakin v\u00e4lillisesti\nsiis meit\u00e4 kaikkia.<\/p>\n\n\n\n<p>Hankkeilla on my\u00f6s liikutettu vuoden 2018 aikana noin 450\nopiskelijaa ja noin 250 henkil\u00f6st\u00f6n edustajaa maailmalle ja takaisin.\nKansainv\u00e4lisyys on t\u00e4rke\u00e4\u00e4.<\/p>\n\n\n\n<p>Tietenkin selkeimmin hankety\u00f6 n\u00e4kyy niiden toimenkuvassa,\njoille on varattu isompi tai pienempi hankeresurssi osaksi omaa ty\u00f6t\u00e4.\nHankkeiden kuluista suurin osa (69 %) onkin henkil\u00f6st\u00f6kuluja. <\/p>\n\n\n\n<p>Gradian periaate on, ett\u00e4 hankev\u00e4ki on omaa vakinaista henkil\u00f6st\u00f6\u00e4mme,\np\u00e4\u00e4s\u00e4\u00e4nt\u00f6isesti opettajia. N\u00e4in varmistetaan kehitettyjen toimintatapojen\nvakiintuminen pysyv\u00e4ksi k\u00e4yt\u00e4nn\u00f6ksi. Vuoden 2018 aikana hiukan vajaa 200\ngradialaista sai osan tai koko palkan ulkoisesti rahoitetuista hankkeista.\nLis\u00e4ksi omalla rahoituksella toteutetuissa hankkeissa ty\u00f6skenteli useita\nkymmeni\u00e4 henkil\u00f6it\u00e4. T\u00e4m\u00e4 ty\u00f6panos on korvaamattoman arvokas toimintamme\nkehitt\u00e4misess\u00e4.<\/p>\n\n\n\n<p><strong>Kehitt\u00e4mistarpeet\neiv\u00e4t v\u00e4hene<\/strong><\/p>\n\n\n\n<p>Koulutuksen j\u00e4rjest\u00e4misen haasteet ja kehitt\u00e4misen tarpeet\neiv\u00e4t v\u00e4hene vastaisuudessakaan.&nbsp;\nMuutamia n\u00e4k\u00f6kulmia mainitakseni: uuden lukiolain toimeenpano ja\nopetussuunnitelmauudistus ovat vasta alussa, ohjaus ja opetus uudistuvat,\ndigitalisaation tahti kiihtyy ja ty\u00f6el\u00e4m\u00e4ss\u00e4 tapahtuu jatkuvasti muutoksia. Ja\nj\u00e4rjest\u00e4mmeh\u00e4n ensi vuonna ammattitaidon SM-kilpailun Taitaja 2020:n kaikkine\noheisohjelmineenkin.<\/p>\n\n\n\n<p>Siisp\u00e4 satsaamme hankkeisiin jatkossakin, jotta t\u00e4m\u00e4 kaikki\nmahdollistuu. Oman ja ty\u00f6yhteis\u00f6n toiminnan kehitt\u00e4minen koskettaa meit\u00e4\nkaikkia. Vastataan kehitt\u00e4mishaasteisiin ja rakennetaan yhdess\u00e4 entist\u00e4kin\nlaadukkaampaa Gradiaa!<\/p>\n","protected":false},"excerpt":{"rendered":"<p>Mist\u00e4 n\u00e4it\u00e4 hankkeita oikein tulee? Saadaanko niill\u00e4 oikeasti tuloksia aikaiseksi? Viime vuosien koulutusmyllerryksiss\u00e4 on her\u00e4nnyt ihan aiheellinen huoli, millaisin keinoin ja mill\u00e4 rahoituksella pystymme varmistamaan toiminnan kehitt\u00e4misen ja henkil\u00f6st\u00f6n osaamisen. Kehitt\u00e4mishankkeet ovat aidosti hyv\u00e4 v\u00e4line osaamisen ja toiminnan kehitt\u00e4misess\u00e4. Niiden tavoitteena on varmistaa ja parantaa koulutustoiminnan laatua, ennakoida tulevaa, kehitt\u00e4\u00e4 lis\u00e4tulojen mahdollisuuksia, sujuvoittaa toimintaa ja &hellip; <a href=\"https:\/\/blogit.gradia.fi\/gradia\/hankkeet-vauhdittavat-kehittamista-aidosti\/\" class=\"more-link\">Jatka lukemista <span class=\"screen-reader-text\">Hankkeet vauhdittavat kehitt\u00e4mist\u00e4 \u2013 aidosti!<\/span> <span class=\"meta-nav\">&rarr;<\/span><\/a><\/p>\n","protected":false},"author":137,"featured_media":356,"comment_status":"open","ping_status":"open","sticky":false,"template":"","format":"standard","meta":{"_uag_custom_page_level_css":"","footnotes":""},"categories":[11,64,2,3],"tags":[65,4,5],"class_list":["post-358","post","type-post","status-publish","format-standard","has-post-thumbnail","hentry","category-gradia","category-kehittaminen","category-koulutus","category-osaaminen","tag-kehittaminen","tag-koulutus","tag-osaaminen"],"yoast_head":"<!-- This site is optimized with the Yoast SEO plugin v27.4 - https:\/\/yoast.com\/product\/yoast-seo-wordpress\/ -->\n<title>Hankkeet vauhdittavat kehitt\u00e4mist\u00e4 \u2013 aidosti! - blogit.gradia.fi\/gradia<\/title>\n<meta name=\"robots\" content=\"index, follow, max-snippet:-1, max-image-preview:large, max-video-preview:-1\" \/>\n<link rel=\"canonical\" href=\"https:\/\/blogit.gradia.fi\/gradia\/hankkeet-vauhdittavat-kehittamista-aidosti\/\" \/>\n<meta property=\"og:locale\" content=\"fi_FI\" \/>\n<meta property=\"og:type\" content=\"article\" \/>\n<meta property=\"og:title\" content=\"Hankkeet vauhdittavat kehitt\u00e4mist\u00e4 \u2013 aidosti! - blogit.gradia.fi\/gradia\" \/>\n<meta property=\"og:description\" content=\"Mist\u00e4 n\u00e4it\u00e4 hankkeita oikein tulee? Saadaanko niill\u00e4 oikeasti tuloksia aikaiseksi? Viime vuosien koulutusmyllerryksiss\u00e4 on her\u00e4nnyt ihan aiheellinen huoli, millaisin keinoin ja mill\u00e4 rahoituksella pystymme varmistamaan toiminnan kehitt\u00e4misen ja henkil\u00f6st\u00f6n osaamisen. Kehitt\u00e4mishankkeet ovat aidosti hyv\u00e4 v\u00e4line osaamisen ja toiminnan kehitt\u00e4misess\u00e4. Niiden tavoitteena on varmistaa ja parantaa koulutustoiminnan laatua, ennakoida tulevaa, kehitt\u00e4\u00e4 lis\u00e4tulojen mahdollisuuksia, sujuvoittaa toimintaa ja &hellip; Jatka lukemista Hankkeet vauhdittavat kehitt\u00e4mist\u00e4 \u2013 aidosti! &rarr;\" \/>\n<meta property=\"og:url\" content=\"https:\/\/blogit.gradia.fi\/gradia\/hankkeet-vauhdittavat-kehittamista-aidosti\/\" \/>\n<meta property=\"og:site_name\" content=\"blogit.gradia.fi\/gradia\" \/>\n<meta property=\"article:publisher\" content=\"https:\/\/www.facebook.com\/gradiafi\" \/>\n<meta property=\"article:published_time\" content=\"2019-03-14T11:36:10+00:00\" \/>\n<meta property=\"article:modified_time\" content=\"2019-03-14T11:37:46+00:00\" \/>\n<meta property=\"og:image\" content=\"https:\/\/blogit.gradia.fi\/gradia\/wp-content\/uploads\/sites\/5\/2019\/03\/saarikko_taina_kehitt\u00e4misp\u00e4\u00e4llikk\u00f61.jpg\" \/>\n\t<meta property=\"og:image:width\" content=\"210\" \/>\n\t<meta property=\"og:image:height\" content=\"315\" \/>\n\t<meta property=\"og:image:type\" content=\"image\/jpeg\" \/>\n<meta name=\"author\" content=\"Taina Saarikko\" \/>\n<meta name=\"twitter:card\" content=\"summary_large_image\" \/>\n<meta name=\"twitter:label1\" content=\"Kirjoittanut\" \/>\n\t<meta name=\"twitter:data1\" content=\"Taina Saarikko\" \/>\n\t<meta name=\"twitter:label2\" content=\"Arvioitu lukuaika\" \/>\n\t<meta name=\"twitter:data2\" content=\"3 minuuttia\" \/>\n<script type=\"application\/ld+json\" class=\"yoast-schema-graph\">{\"@context\":\"https:\\\/\\\/schema.org\",\"@graph\":[{\"@type\":\"Article\",\"@id\":\"https:\\\/\\\/blogit.gradia.fi\\\/gradia\\\/hankkeet-vauhdittavat-kehittamista-aidosti\\\/#article\",\"isPartOf\":{\"@id\":\"https:\\\/\\\/blogit.gradia.fi\\\/gradia\\\/hankkeet-vauhdittavat-kehittamista-aidosti\\\/\"},\"author\":{\"name\":\"Taina Saarikko\",\"@id\":\"https:\\\/\\\/blogit.gradia.fi\\\/gradia\\\/#\\\/schema\\\/person\\\/3e6da17ea306dc39084b8a730cf29476\"},\"headline\":\"Hankkeet vauhdittavat kehitt\u00e4mist\u00e4 \u2013 aidosti!\",\"datePublished\":\"2019-03-14T11:36:10+00:00\",\"dateModified\":\"2019-03-14T11:37:46+00:00\",\"mainEntityOfPage\":{\"@id\":\"https:\\\/\\\/blogit.gradia.fi\\\/gradia\\\/hankkeet-vauhdittavat-kehittamista-aidosti\\\/\"},\"wordCount\":582,\"commentCount\":0,\"publisher\":{\"@id\":\"https:\\\/\\\/blogit.gradia.fi\\\/gradia\\\/#organization\"},\"image\":{\"@id\":\"https:\\\/\\\/blogit.gradia.fi\\\/gradia\\\/hankkeet-vauhdittavat-kehittamista-aidosti\\\/#primaryimage\"},\"thumbnailUrl\":\"https:\\\/\\\/blogit.gradia.fi\\\/gradia\\\/wp-content\\\/uploads\\\/sites\\\/5\\\/2019\\\/03\\\/saarikko_taina_kehitt\u00e4misp\u00e4\u00e4llikk\u00f61.jpg\",\"keywords\":[\"kehitt\u00e4minen\",\"koulutus\",\"osaaminen\"],\"articleSection\":[\"Gradia\",\"Kehitt\u00e4minen\",\"Koulutus\",\"Osaaminen\"],\"inLanguage\":\"fi\",\"potentialAction\":[{\"@type\":\"CommentAction\",\"name\":\"Comment\",\"target\":[\"https:\\\/\\\/blogit.gradia.fi\\\/gradia\\\/hankkeet-vauhdittavat-kehittamista-aidosti\\\/#respond\"]}]},{\"@type\":\"WebPage\",\"@id\":\"https:\\\/\\\/blogit.gradia.fi\\\/gradia\\\/hankkeet-vauhdittavat-kehittamista-aidosti\\\/\",\"url\":\"https:\\\/\\\/blogit.gradia.fi\\\/gradia\\\/hankkeet-vauhdittavat-kehittamista-aidosti\\\/\",\"name\":\"Hankkeet vauhdittavat kehitt\u00e4mist\u00e4 \u2013 aidosti! - blogit.gradia.fi\\\/gradia\",\"isPartOf\":{\"@id\":\"https:\\\/\\\/blogit.gradia.fi\\\/gradia\\\/#website\"},\"primaryImageOfPage\":{\"@id\":\"https:\\\/\\\/blogit.gradia.fi\\\/gradia\\\/hankkeet-vauhdittavat-kehittamista-aidosti\\\/#primaryimage\"},\"image\":{\"@id\":\"https:\\\/\\\/blogit.gradia.fi\\\/gradia\\\/hankkeet-vauhdittavat-kehittamista-aidosti\\\/#primaryimage\"},\"thumbnailUrl\":\"https:\\\/\\\/blogit.gradia.fi\\\/gradia\\\/wp-content\\\/uploads\\\/sites\\\/5\\\/2019\\\/03\\\/saarikko_taina_kehitt\u00e4misp\u00e4\u00e4llikk\u00f61.jpg\",\"datePublished\":\"2019-03-14T11:36:10+00:00\",\"dateModified\":\"2019-03-14T11:37:46+00:00\",\"inLanguage\":\"fi\",\"potentialAction\":[{\"@type\":\"ReadAction\",\"target\":[\"https:\\\/\\\/blogit.gradia.fi\\\/gradia\\\/hankkeet-vauhdittavat-kehittamista-aidosti\\\/\"]}]},{\"@type\":\"ImageObject\",\"inLanguage\":\"fi\",\"@id\":\"https:\\\/\\\/blogit.gradia.fi\\\/gradia\\\/hankkeet-vauhdittavat-kehittamista-aidosti\\\/#primaryimage\",\"url\":\"https:\\\/\\\/blogit.gradia.fi\\\/gradia\\\/wp-content\\\/uploads\\\/sites\\\/5\\\/2019\\\/03\\\/saarikko_taina_kehitt\u00e4misp\u00e4\u00e4llikk\u00f61.jpg\",\"contentUrl\":\"https:\\\/\\\/blogit.gradia.fi\\\/gradia\\\/wp-content\\\/uploads\\\/sites\\\/5\\\/2019\\\/03\\\/saarikko_taina_kehitt\u00e4misp\u00e4\u00e4llikk\u00f61.jpg\",\"width\":210,\"height\":315},{\"@type\":\"WebSite\",\"@id\":\"https:\\\/\\\/blogit.gradia.fi\\\/gradia\\\/#website\",\"url\":\"https:\\\/\\\/blogit.gradia.fi\\\/gradia\\\/\",\"name\":\"blogit.gradia.fi\\\/gradia\",\"description\":\"Gradia johdon blogi\",\"publisher\":{\"@id\":\"https:\\\/\\\/blogit.gradia.fi\\\/gradia\\\/#organization\"},\"potentialAction\":[{\"@type\":\"SearchAction\",\"target\":{\"@type\":\"EntryPoint\",\"urlTemplate\":\"https:\\\/\\\/blogit.gradia.fi\\\/gradia\\\/?s={search_term_string}\"},\"query-input\":{\"@type\":\"PropertyValueSpecification\",\"valueRequired\":true,\"valueName\":\"search_term_string\"}}],\"inLanguage\":\"fi\"},{\"@type\":\"Organization\",\"@id\":\"https:\\\/\\\/blogit.gradia.fi\\\/gradia\\\/#organization\",\"name\":\"Jyv\u00e4skyl\u00e4n koulutuskuntayhtym\u00e4 Gradia\",\"url\":\"https:\\\/\\\/blogit.gradia.fi\\\/gradia\\\/\",\"logo\":{\"@type\":\"ImageObject\",\"inLanguage\":\"fi\",\"@id\":\"https:\\\/\\\/blogit.gradia.fi\\\/gradia\\\/#\\\/schema\\\/logo\\\/image\\\/\",\"url\":\"https:\\\/\\\/blogit.gradia.fi\\\/gradia\\\/wp-content\\\/uploads\\\/sites\\\/5\\\/2018\\\/03\\\/1139-gradia-blogikuva-1600x230px-minttu.jpg\",\"contentUrl\":\"https:\\\/\\\/blogit.gradia.fi\\\/gradia\\\/wp-content\\\/uploads\\\/sites\\\/5\\\/2018\\\/03\\\/1139-gradia-blogikuva-1600x230px-minttu.jpg\",\"width\":1600,\"height\":230,\"caption\":\"Jyv\u00e4skyl\u00e4n koulutuskuntayhtym\u00e4 Gradia\"},\"image\":{\"@id\":\"https:\\\/\\\/blogit.gradia.fi\\\/gradia\\\/#\\\/schema\\\/logo\\\/image\\\/\"},\"sameAs\":[\"https:\\\/\\\/www.facebook.com\\\/gradiafi\"]},{\"@type\":\"Person\",\"@id\":\"https:\\\/\\\/blogit.gradia.fi\\\/gradia\\\/#\\\/schema\\\/person\\\/3e6da17ea306dc39084b8a730cf29476\",\"name\":\"Taina Saarikko\",\"image\":{\"@type\":\"ImageObject\",\"inLanguage\":\"fi\",\"@id\":\"https:\\\/\\\/secure.gravatar.com\\\/avatar\\\/a337b5b2886afc29ccd95774d5e81c83a091c6ee95be28bcbc7eb0f7cd898493?s=96&d=mm&r=g\",\"url\":\"https:\\\/\\\/secure.gravatar.com\\\/avatar\\\/a337b5b2886afc29ccd95774d5e81c83a091c6ee95be28bcbc7eb0f7cd898493?s=96&d=mm&r=g\",\"contentUrl\":\"https:\\\/\\\/secure.gravatar.com\\\/avatar\\\/a337b5b2886afc29ccd95774d5e81c83a091c6ee95be28bcbc7eb0f7cd898493?s=96&d=mm&r=g\",\"caption\":\"Taina Saarikko\"},\"url\":\"https:\\\/\\\/blogit.gradia.fi\\\/gradia\\\/author\\\/taisaari\\\/\"}]}<\/script>\n<!-- \/ Yoast SEO plugin. -->","yoast_head_json":{"title":"Hankkeet vauhdittavat kehitt\u00e4mist\u00e4 \u2013 aidosti! - blogit.gradia.fi\/gradia","robots":{"index":"index","follow":"follow","max-snippet":"max-snippet:-1","max-image-preview":"max-image-preview:large","max-video-preview":"max-video-preview:-1"},"canonical":"https:\/\/blogit.gradia.fi\/gradia\/hankkeet-vauhdittavat-kehittamista-aidosti\/","og_locale":"fi_FI","og_type":"article","og_title":"Hankkeet vauhdittavat kehitt\u00e4mist\u00e4 \u2013 aidosti! - blogit.gradia.fi\/gradia","og_description":"Mist\u00e4 n\u00e4it\u00e4 hankkeita oikein tulee? Saadaanko niill\u00e4 oikeasti tuloksia aikaiseksi? Viime vuosien koulutusmyllerryksiss\u00e4 on her\u00e4nnyt ihan aiheellinen huoli, millaisin keinoin ja mill\u00e4 rahoituksella pystymme varmistamaan toiminnan kehitt\u00e4misen ja henkil\u00f6st\u00f6n osaamisen. Kehitt\u00e4mishankkeet ovat aidosti hyv\u00e4 v\u00e4line osaamisen ja toiminnan kehitt\u00e4misess\u00e4. Niiden tavoitteena on varmistaa ja parantaa koulutustoiminnan laatua, ennakoida tulevaa, kehitt\u00e4\u00e4 lis\u00e4tulojen mahdollisuuksia, sujuvoittaa toimintaa ja &hellip; Jatka lukemista Hankkeet vauhdittavat kehitt\u00e4mist\u00e4 \u2013 aidosti! &rarr;","og_url":"https:\/\/blogit.gradia.fi\/gradia\/hankkeet-vauhdittavat-kehittamista-aidosti\/","og_site_name":"blogit.gradia.fi\/gradia","article_publisher":"https:\/\/www.facebook.com\/gradiafi","article_published_time":"2019-03-14T11:36:10+00:00","article_modified_time":"2019-03-14T11:37:46+00:00","og_image":[{"width":210,"height":315,"url":"https:\/\/blogit.gradia.fi\/gradia\/wp-content\/uploads\/sites\/5\/2019\/03\/saarikko_taina_kehitt\u00e4misp\u00e4\u00e4llikk\u00f61.jpg","type":"image\/jpeg"}],"author":"Taina Saarikko","twitter_card":"summary_large_image","twitter_misc":{"Kirjoittanut":"Taina Saarikko","Arvioitu lukuaika":"3 minuuttia"},"schema":{"@context":"https:\/\/schema.org","@graph":[{"@type":"Article","@id":"https:\/\/blogit.gradia.fi\/gradia\/hankkeet-vauhdittavat-kehittamista-aidosti\/#article","isPartOf":{"@id":"https:\/\/blogit.gradia.fi\/gradia\/hankkeet-vauhdittavat-kehittamista-aidosti\/"},"author":{"name":"Taina Saarikko","@id":"https:\/\/blogit.gradia.fi\/gradia\/#\/schema\/person\/3e6da17ea306dc39084b8a730cf29476"},"headline":"Hankkeet vauhdittavat kehitt\u00e4mist\u00e4 \u2013 aidosti!","datePublished":"2019-03-14T11:36:10+00:00","dateModified":"2019-03-14T11:37:46+00:00","mainEntityOfPage":{"@id":"https:\/\/blogit.gradia.fi\/gradia\/hankkeet-vauhdittavat-kehittamista-aidosti\/"},"wordCount":582,"commentCount":0,"publisher":{"@id":"https:\/\/blogit.gradia.fi\/gradia\/#organization"},"image":{"@id":"https:\/\/blogit.gradia.fi\/gradia\/hankkeet-vauhdittavat-kehittamista-aidosti\/#primaryimage"},"thumbnailUrl":"https:\/\/blogit.gradia.fi\/gradia\/wp-content\/uploads\/sites\/5\/2019\/03\/saarikko_taina_kehitt\u00e4misp\u00e4\u00e4llikk\u00f61.jpg","keywords":["kehitt\u00e4minen","koulutus","osaaminen"],"articleSection":["Gradia","Kehitt\u00e4minen","Koulutus","Osaaminen"],"inLanguage":"fi","potentialAction":[{"@type":"CommentAction","name":"Comment","target":["https:\/\/blogit.gradia.fi\/gradia\/hankkeet-vauhdittavat-kehittamista-aidosti\/#respond"]}]},{"@type":"WebPage","@id":"https:\/\/blogit.gradia.fi\/gradia\/hankkeet-vauhdittavat-kehittamista-aidosti\/","url":"https:\/\/blogit.gradia.fi\/gradia\/hankkeet-vauhdittavat-kehittamista-aidosti\/","name":"Hankkeet vauhdittavat kehitt\u00e4mist\u00e4 \u2013 aidosti! - blogit.gradia.fi\/gradia","isPartOf":{"@id":"https:\/\/blogit.gradia.fi\/gradia\/#website"},"primaryImageOfPage":{"@id":"https:\/\/blogit.gradia.fi\/gradia\/hankkeet-vauhdittavat-kehittamista-aidosti\/#primaryimage"},"image":{"@id":"https:\/\/blogit.gradia.fi\/gradia\/hankkeet-vauhdittavat-kehittamista-aidosti\/#primaryimage"},"thumbnailUrl":"https:\/\/blogit.gradia.fi\/gradia\/wp-content\/uploads\/sites\/5\/2019\/03\/saarikko_taina_kehitt\u00e4misp\u00e4\u00e4llikk\u00f61.jpg","datePublished":"2019-03-14T11:36:10+00:00","dateModified":"2019-03-14T11:37:46+00:00","inLanguage":"fi","potentialAction":[{"@type":"ReadAction","target":["https:\/\/blogit.gradia.fi\/gradia\/hankkeet-vauhdittavat-kehittamista-aidosti\/"]}]},{"@type":"ImageObject","inLanguage":"fi","@id":"https:\/\/blogit.gradia.fi\/gradia\/hankkeet-vauhdittavat-kehittamista-aidosti\/#primaryimage","url":"https:\/\/blogit.gradia.fi\/gradia\/wp-content\/uploads\/sites\/5\/2019\/03\/saarikko_taina_kehitt\u00e4misp\u00e4\u00e4llikk\u00f61.jpg","contentUrl":"https:\/\/blogit.gradia.fi\/gradia\/wp-content\/uploads\/sites\/5\/2019\/03\/saarikko_taina_kehitt\u00e4misp\u00e4\u00e4llikk\u00f61.jpg","width":210,"height":315},{"@type":"WebSite","@id":"https:\/\/blogit.gradia.fi\/gradia\/#website","url":"https:\/\/blogit.gradia.fi\/gradia\/","name":"blogit.gradia.fi\/gradia","description":"Gradia johdon blogi","publisher":{"@id":"https:\/\/blogit.gradia.fi\/gradia\/#organization"},"potentialAction":[{"@type":"SearchAction","target":{"@type":"EntryPoint","urlTemplate":"https:\/\/blogit.gradia.fi\/gradia\/?s={search_term_string}"},"query-input":{"@type":"PropertyValueSpecification","valueRequired":true,"valueName":"search_term_string"}}],"inLanguage":"fi"},{"@type":"Organization","@id":"https:\/\/blogit.gradia.fi\/gradia\/#organization","name":"Jyv\u00e4skyl\u00e4n koulutuskuntayhtym\u00e4 Gradia","url":"https:\/\/blogit.gradia.fi\/gradia\/","logo":{"@type":"ImageObject","inLanguage":"fi","@id":"https:\/\/blogit.gradia.fi\/gradia\/#\/schema\/logo\/image\/","url":"https:\/\/blogit.gradia.fi\/gradia\/wp-content\/uploads\/sites\/5\/2018\/03\/1139-gradia-blogikuva-1600x230px-minttu.jpg","contentUrl":"https:\/\/blogit.gradia.fi\/gradia\/wp-content\/uploads\/sites\/5\/2018\/03\/1139-gradia-blogikuva-1600x230px-minttu.jpg","width":1600,"height":230,"caption":"Jyv\u00e4skyl\u00e4n koulutuskuntayhtym\u00e4 Gradia"},"image":{"@id":"https:\/\/blogit.gradia.fi\/gradia\/#\/schema\/logo\/image\/"},"sameAs":["https:\/\/www.facebook.com\/gradiafi"]},{"@type":"Person","@id":"https:\/\/blogit.gradia.fi\/gradia\/#\/schema\/person\/3e6da17ea306dc39084b8a730cf29476","name":"Taina Saarikko","image":{"@type":"ImageObject","inLanguage":"fi","@id":"https:\/\/secure.gravatar.com\/avatar\/a337b5b2886afc29ccd95774d5e81c83a091c6ee95be28bcbc7eb0f7cd898493?s=96&d=mm&r=g","url":"https:\/\/secure.gravatar.com\/avatar\/a337b5b2886afc29ccd95774d5e81c83a091c6ee95be28bcbc7eb0f7cd898493?s=96&d=mm&r=g","contentUrl":"https:\/\/secure.gravatar.com\/avatar\/a337b5b2886afc29ccd95774d5e81c83a091c6ee95be28bcbc7eb0f7cd898493?s=96&d=mm&r=g","caption":"Taina Saarikko"},"url":"https:\/\/blogit.gradia.fi\/gradia\/author\/taisaari\/"}]}},"uagb_featured_image_src":{"full":["https:\/\/blogit.gradia.fi\/gradia\/wp-content\/uploads\/sites\/5\/2019\/03\/saarikko_taina_kehitt\u00e4misp\u00e4\u00e4llikk\u00f61.jpg",210,315,false],"thumbnail":["https:\/\/blogit.gradia.fi\/gradia\/wp-content\/uploads\/sites\/5\/2019\/03\/saarikko_taina_kehitt\u00e4misp\u00e4\u00e4llikk\u00f61.jpg",100,150,false],"medium":["https:\/\/blogit.gradia.fi\/gradia\/wp-content\/uploads\/sites\/5\/2019\/03\/saarikko_taina_kehitt\u00e4misp\u00e4\u00e4llikk\u00f61.jpg",200,300,false],"medium_large":["https:\/\/blogit.gradia.fi\/gradia\/wp-content\/uploads\/sites\/5\/2019\/03\/saarikko_taina_kehitt\u00e4misp\u00e4\u00e4llikk\u00f61.jpg",210,315,false],"large":["https:\/\/blogit.gradia.fi\/gradia\/wp-content\/uploads\/sites\/5\/2019\/03\/saarikko_taina_kehitt\u00e4misp\u00e4\u00e4llikk\u00f61.jpg",210,315,false],"1536x1536":["https:\/\/blogit.gradia.fi\/gradia\/wp-content\/uploads\/sites\/5\/2019\/03\/saarikko_taina_kehitt\u00e4misp\u00e4\u00e4llikk\u00f61.jpg",210,315,false],"2048x2048":["https:\/\/blogit.gradia.fi\/gradia\/wp-content\/uploads\/sites\/5\/2019\/03\/saarikko_taina_kehitt\u00e4misp\u00e4\u00e4llikk\u00f61.jpg",210,315,false],"post-thumbnail":["https:\/\/blogit.gradia.fi\/gradia\/wp-content\/uploads\/sites\/5\/2019\/03\/saarikko_taina_kehitt\u00e4misp\u00e4\u00e4llikk\u00f61.jpg",180,270,false]},"uagb_author_info":{"display_name":"Taina Saarikko","author_link":"https:\/\/blogit.gradia.fi\/gradia\/author\/taisaari\/"},"uagb_comment_info":0,"uagb_excerpt":"Mist\u00e4 n\u00e4it\u00e4 hankkeita oikein tulee? Saadaanko niill\u00e4 oikeasti tuloksia aikaiseksi? Viime vuosien koulutusmyllerryksiss\u00e4 on her\u00e4nnyt ihan aiheellinen huoli, millaisin keinoin ja mill\u00e4 rahoituksella pystymme varmistamaan toiminnan kehitt\u00e4misen ja henkil\u00f6st\u00f6n osaamisen. Kehitt\u00e4mishankkeet ovat aidosti hyv\u00e4 v\u00e4line osaamisen ja toiminnan kehitt\u00e4misess\u00e4. Niiden tavoitteena on varmistaa ja parantaa koulutustoiminnan laatua, ennakoida tulevaa, kehitt\u00e4\u00e4 lis\u00e4tulojen mahdollisuuksia, sujuvoittaa toimintaa ja&hellip;","_links":{"self":[{"href":"https:\/\/blogit.gradia.fi\/gradia\/wp-json\/wp\/v2\/posts\/358","targetHints":{"allow":["GET"]}}],"collection":[{"href":"https:\/\/blogit.gradia.fi\/gradia\/wp-json\/wp\/v2\/posts"}],"about":[{"href":"https:\/\/blogit.gradia.fi\/gradia\/wp-json\/wp\/v2\/types\/post"}],"author":[{"embeddable":true,"href":"https:\/\/blogit.gradia.fi\/gradia\/wp-json\/wp\/v2\/users\/137"}],"replies":[{"embeddable":true,"href":"https:\/\/blogit.gradia.fi\/gradia\/wp-json\/wp\/v2\/comments?post=358"}],"version-history":[{"count":1,"href":"https:\/\/blogit.gradia.fi\/gradia\/wp-json\/wp\/v2\/posts\/358\/revisions"}],"predecessor-version":[{"id":359,"href":"https:\/\/blogit.gradia.fi\/gradia\/wp-json\/wp\/v2\/posts\/358\/revisions\/359"}],"wp:featuredmedia":[{"embeddable":true,"href":"https:\/\/blogit.gradia.fi\/gradia\/wp-json\/wp\/v2\/media\/356"}],"wp:attachment":[{"href":"https:\/\/blogit.gradia.fi\/gradia\/wp-json\/wp\/v2\/media?parent=358"}],"wp:term":[{"taxonomy":"category","embeddable":true,"href":"https:\/\/blogit.gradia.fi\/gradia\/wp-json\/wp\/v2\/categories?post=358"},{"taxonomy":"post_tag","embeddable":true,"href":"https:\/\/blogit.gradia.fi\/gradia\/wp-json\/wp\/v2\/tags?post=358"}],"curies":[{"name":"wp","href":"https:\/\/api.w.org\/{rel}","templated":true}]}}