{"id":151,"date":"2018-11-01T08:55:44","date_gmt":"2018-11-01T06:55:44","guid":{"rendered":"https:\/\/blogit.gradia.fi\/gradia\/?p=151"},"modified":"2019-01-17T10:34:29","modified_gmt":"2019-01-17T08:34:29","slug":"tasta-pitaisi-tehda-blogikirjoitus","status":"publish","type":"post","link":"https:\/\/blogit.gradia.fi\/gradia\/tasta-pitaisi-tehda-blogikirjoitus\/","title":{"rendered":"T\u00e4st\u00e4 pit\u00e4isi tehd\u00e4 blogikirjoitus!"},"content":{"rendered":"<p>Tied\u00e4ttek\u00f6 tunteen, kun eteen tulee juttu, joka kolahtaa. Osuu ja uppoaa. T\u00e4llainen oli elokuussa silmiin osunut<a href=\"http:\/\/pointtiperille.com\/tiedottajan-lempilauseet-vol-2-viestintabingo\/\"> Anne-Mari Kiviniemen blogiteksti&nbsp; Tiedottajan lempilauseet VOL 2: Viestint\u00e4bingo<\/a>. Viestinn\u00e4n ja markkinoinnin teht\u00e4viss\u00e4 n\u00e4ihin ikisuosikkeihin t\u00f6rm\u00e4\u00e4 jatkuvasti, mutta totuus on tarua ihmeellisemp\u00e4\u00e4. Ihan teid\u00e4n muidenkin iloksi haluan jakaa muutaman jutun kirjoituksesta selitysten kera siit\u00e4, miten n\u00e4m\u00e4 n\u00e4ytt\u00e4ytyv\u00e4t meill\u00e4 Gradiassa. Voitte sitten keksi\u00e4 itse lis\u00e4\u00e4 tai tehd\u00e4 ihan oman sanabingon.<\/p>\n<p><strong><em>\u201dT\u00e4t\u00e4 pit\u00e4\u00e4 nyt rummuttaa kaikissa kanavissa\u201d<\/em><\/strong><\/p>\n<p>S\u00e4hk\u00f6inen markkinointi ja sosiaalinen media jyr\u00e4\u00e4v\u00e4t markkinoinnissa. Mist\u00e4 kanavista viesti tavoittaa asiakkaat parhaiten, kun heit\u00e4 on laidasta laitaan? Youtube, Instagram, Facebook, Twitter, Linkedin, Snapchat vai kenties Pinterest \u2013 mik\u00e4 on t\u00e4ll\u00e4 hetkell\u00e4 in tai out? Vaatii aikamoista taituruutta ja asiantuntijuutta pysy\u00e4 digitaalisten kanavien vauhdissa mukana. Lis\u00e4ksi pit\u00e4\u00e4 pohtia, kenet haluat tavoittaa, mik\u00e4 on ydinviestisi ja mit\u00e4 olet tarjoamassa. Ei ole asiakkaita, jos emme osaa myyd\u00e4 ja markkinoida oikein.<\/p>\n<p><strong><em>\u201dMiss\u00e4 t\u00e4st\u00e4 on muka puhuttu?\u201d<\/em><\/strong><\/p>\n<p>Huomasin ihmettelev\u00e4ni jotain puuttuvaa tietoa muutama p\u00e4iv\u00e4 sitten. Ja sitten nolona tajusin, ett\u00e4 en ollut ehtinyt lukea intran uutisia pitk\u00e4\u00e4n aikaan. Meriselitys oli t\u00e4ll\u00e4 kertaa syyslomasta johtunut kiire. Uuden vuoden lupaus (eik\u00f6 niit\u00e4 voi tehd\u00e4 jo nyt, kun joulutavaratkin ovat tulleet kauppoihin?): k\u00e4yn intrassa joka ty\u00f6p\u00e4iv\u00e4 ja luen muutakin kuin vain p\u00e4iv\u00e4n ruokalistan.<\/p>\n<p><strong><em>\u201dEi me olla budjetoitu viestint\u00e4\u00e4n\u201d<\/em><\/strong><\/p>\n<p>Tehdess\u00e4ni vuosi sitten t\u00e4m\u00e4n vuoden budjettia olisin ollut hyv\u00e4n kristallipallon tarpeessa. Oli tulossa organisaatiouudistus, ammatillisen koulutuksen reformi, muutokset koulutustarjonnan rakenteessa, uusi nimi ja ilme sek\u00e4 uudet verkkosivut ja mit\u00e4 viel\u00e4 muuta. Mink\u00e4\u00e4n oppikirjan mukaanhan kaikkia uudistuksia ei saisi ajoittaa yhteen, joten t\u00e4ytyy vain ihmetell\u00e4, mit\u00e4 kaikkea olemme t\u00e4n\u00e4 vuonna saaneet aikaiseksi! Haastekertoimista huolimatta kaikesta on selvitty ja toiminta on normalisoitunut. T\u00e4m\u00e4n vuoden talousarvion tekeminen on muuten tuntunut paljon helpommalta!<\/p>\n<p><img loading=\"lazy\" decoding=\"async\" class=\"aligncenter wp-image-159 size-large\" src=\"https:\/\/blogit.gradia.fi\/gradia\/wp-content\/uploads\/sites\/5\/2018\/11\/sanapilvi-1024x768.jpg\" alt=\"\" width=\"604\" height=\"453\" srcset=\"https:\/\/blogit.gradia.fi\/gradia\/wp-content\/uploads\/sites\/5\/2018\/11\/sanapilvi.jpg 1024w, https:\/\/blogit.gradia.fi\/gradia\/wp-content\/uploads\/sites\/5\/2018\/11\/sanapilvi-300x225.jpg 300w, https:\/\/blogit.gradia.fi\/gradia\/wp-content\/uploads\/sites\/5\/2018\/11\/sanapilvi-768x576.jpg 768w\" sizes=\"auto, (max-width: 604px) 100vw, 604px\" \/><\/p>\n<p><strong><em>\u201dVeljenpoikani osaa tehd\u00e4 nettisivuja\/logon\/videon\u201d<\/em><\/strong><\/p>\n<p>Ihan kuin nimi- ja ilmeuudistuksessa ei olisi ollut riitt\u00e4v\u00e4sti sulateltavaa t\u00e4lle vuodelle, niin laitettiin tosiaan gradia.fi verkkosivutkin uusiksi. Hyv\u00e4t yhteisty\u00f6kumppanit, kuten verkkosivu-uudistuksessa konsultoinut North Patrol, verkkopalvelun toteuttanut Exove ja visuaalisen ilmeen luonut Bond ovat olleet korvaamaton apu omien ammattilaisten lis\u00e4ksi. Ei n\u00e4it\u00e4 juttuja ihan veljenpoikien kanssa olisi saatu aikaiseksi\u2026<\/p>\n<p><strong><em>\u201dKohderyhm\u00e4? T\u00e4m\u00e4 on tarkoitettu kaikille\u201d<\/em><\/strong><\/p>\n<p>T\u00e4m\u00e4 on niin totta. North Patrol k\u00e4ytt\u00e4\u00e4 omassa web-ostajan oppaassaan Jyv\u00e4skyl\u00e4n koulutuskuntayhtym\u00e4 Gradiaa case-esimerkkin\u00e4 ja kuvaa meit\u00e4 osuvasti koulutuksen hypermarketiksi. Meilt\u00e4 l\u00f6ytyy opiskelijoita vauvasta vaariin. Mieti siin\u00e4 sitten kohderyhmi\u00e4, kun jo kuvapankin kuviakin pit\u00e4isi l\u00f6yty\u00e4 joka l\u00e4ht\u00f6\u00f6n ja tarkoitukseen. Onneksi olemme ehtineet t\u00e4n\u00e4 vuonna saada aivan mahtavia kuvia meid\u00e4n opiskelijoista aidoissa tilanteissa, ymp\u00e4rist\u00f6iss\u00e4 ja aitoina itsen\u00e4\u00e4n.<\/p>\n<p><strong><em>\u201dVoitko markkinoida t\u00e4t\u00e4 tapahtumaa? Se on ylihuomenna\u201d<\/em><\/strong><\/p>\n<p>Sen lis\u00e4ksi, ett\u00e4 huomioit niin digitaalisen kuin printtimarkkinoinnin, on muistettava varmistaa, ett\u00e4 itse tapahtuman suhteen on homma hanskassa. T\u00e4t\u00e4 varten olemmekin tehneet oman selviytymispakkauksen tapahtumanj\u00e4rjest\u00e4miseen. Hyv\u00e4 check-list auttaa, kun pit\u00e4\u00e4 muistaa st\u00e4ndin, hashtagien ja somep\u00e4ivitysten lis\u00e4ksi kaikki ne muut tapahtumanj\u00e4rjest\u00e4j\u00e4n ty\u00f6kalupakkiin kuuluvat tavarat. Ihmisi\u00e4 (ja heid\u00e4n aikataulujaan!) unohtamatta. Lista on ollut t\u00e4n\u00e4 vuonna tarpeen niin rekrymessuilla, SuomiAreenalla, Kalevan kisoissa, Neste Rallissa kuin FinnMETKOssakin. Sit\u00e4 hiotaan viel\u00e4 tulevilla Studia-messuilla sek\u00e4 kuntakierroksella, ja todelliseen tulikasteeseen se joutuu Taitaja2020-kisoissa Jyv\u00e4skyl\u00e4ss\u00e4.<\/p>\n<p><img loading=\"lazy\" decoding=\"async\" class=\"aligncenter wp-image-164 size-full\" src=\"https:\/\/blogit.gradia.fi\/gradia\/wp-content\/uploads\/sites\/5\/2018\/11\/gradia-blogi-kuva2.jpg\" alt=\"\" width=\"604\" height=\"399\" srcset=\"https:\/\/blogit.gradia.fi\/gradia\/wp-content\/uploads\/sites\/5\/2018\/11\/gradia-blogi-kuva2.jpg 604w, https:\/\/blogit.gradia.fi\/gradia\/wp-content\/uploads\/sites\/5\/2018\/11\/gradia-blogi-kuva2-300x198.jpg 300w\" sizes=\"auto, (max-width: 604px) 100vw, 604px\" \/><\/p>\n<p><strong><em>\u201dPit\u00e4isi saada roll-up ja esite. Messut on ensi viikolla\u201d<\/em><\/strong><\/p>\n<p>Niin klassista. Mutta t\u00e4m\u00e4p\u00e4s ei olekaan meill\u00e4 mik\u00e4\u00e4n vitsi. Parhaimmillaan olemme saaneet roll-upit ja esitteet jopa samana p\u00e4iv\u00e4n\u00e4, kun taitava graafinen suunnittelijamme ja oman painopuolen kaverit pist\u00e4v\u00e4t t\u00f6pin\u00e4ksi! On ilo saada ty\u00f6skennell\u00e4 alan ammattilaisten kanssa.<\/p>\n<p><strong><em>\u201dMeid\u00e4n perusv\u00e4ri on niin tyls\u00e4\u201d<\/em><\/strong><\/p>\n<p>Meid\u00e4n v\u00e4rikartta on ihan mahtava! Itse olen ehtinyt vaihtaa suosikkiv\u00e4ri\u00e4ni jo useampaan otteeseen. Onneksi on 13 eri v\u00e4ri\u00e4, mist\u00e4 valita. T\u00e4ll\u00e4 hetkell\u00e4 taidan olla keltaisen v\u00e4rin lumoissa, viel\u00e4 viime kes\u00e4n auringonpaistetta muistellen. Mik\u00e4 sinun suosikkiv\u00e4risi on? V\u00e4rikartan nimet ovat minusta ihan paras juttu: karkkip\u00e4iv\u00e4, villi ja vapaa, kes\u00e4fiilis, jalat maassa, rehtorin lempiv\u00e4rit (mit\u00e4h\u00e4n ne muuten oikeasti mahtavat olla?). Keksi itse lis\u00e4\u00e4!<\/p>\n<p><strong><em>\u201dEikun me halutaan oma logo\u201d<\/em><\/strong><\/p>\n<p>T\u00e4m\u00e4 vuosi on eletty uuden ja ihmeellisen Gradia-br\u00e4ndin kanssa. Ei tullut pelkk\u00e4\u00e4 logoa, joka aina ensin tulee mieleen, kun pit\u00e4isi uusia yritysilme. Perusteellisen pohdinnan ja eri sidosryhmien osallistamisen j\u00e4lkeen saatiin kasaan t\u00e4ysverinen br\u00e4ndiohjeisto, jonka avulla ilmett\u00e4 ja uudistettua br\u00e4ndi\u00e4 luotsataan eteenp\u00e4in. Miten voikaan br\u00e4ndi olla tilanteesta riippuen rohkea, v\u00e4rik\u00e4s, hillitty, n\u00e4ytt\u00e4v\u00e4, omaleimainen, arvokas, erottuva. Huomaan usein itsekin ihmettelev\u00e4ni, miten moneen se taipuu. Tuskin maltan odottaa, mit\u00e4 kaikkea br\u00e4ndist\u00e4 saadaan ajan kanssa irti. Parasta on, kun olemme p\u00e4\u00e4sseet yhdess\u00e4 opiskelijoiden kanssa sit\u00e4 luomaan ja tekem\u00e4\u00e4n. Hyv\u00e4n\u00e4 esimerkkin\u00e4 t\u00e4st\u00e4 on opiskelijaty\u00f6n\u00e4 teipatut Gradia-bussit ja -rekat.<\/p>\n<p><img loading=\"lazy\" decoding=\"async\" class=\"aligncenter wp-image-162 size-full\" src=\"https:\/\/blogit.gradia.fi\/gradia\/wp-content\/uploads\/sites\/5\/2018\/11\/gradia-blogi-kuva1.jpg\" alt=\"\" width=\"604\" height=\"409\" srcset=\"https:\/\/blogit.gradia.fi\/gradia\/wp-content\/uploads\/sites\/5\/2018\/11\/gradia-blogi-kuva1.jpg 604w, https:\/\/blogit.gradia.fi\/gradia\/wp-content\/uploads\/sites\/5\/2018\/11\/gradia-blogi-kuva1-300x203.jpg 300w\" sizes=\"auto, (max-width: 604px) 100vw, 604px\" \/><\/p>\n<p>Uusi ilme on saanut hyv\u00e4n vastaanoton eri sidosryhmilt\u00e4mme ja my\u00f6s oma henkil\u00f6kunta k\u00e4ytt\u00e4\u00e4 ylpe\u00e4n\u00e4 Gradia t-paitaa. \u201dT-paita-testin\u201d perusteella Gradia-br\u00e4ndi on siis saanut otettu hyvin vastaan. Jokainen ihminen on omanlaisensa ja my\u00f6s meill\u00e4 kaikilla gradialaisilla on oma br\u00e4ndimme \u2013 Gradia br\u00e4ndi tulee siis muodostumaan sellaiseksi kuin me sen yhdess\u00e4 teemme. Se on sit\u00e4, miten sin\u00e4 sen n\u00e4et, sill\u00e4 mielikuva muodostuu ihmisten mieliss\u00e4. Haastankin sinut miettim\u00e4\u00e4n, mit\u00e4 Gradia sinulle viestii &#8211; mit\u00e4 sinulle tarkoittaa asiakaslupausemme <em>Astetta enemm\u00e4n<\/em>?<\/p>\n<p>Tiesitk\u00f6 muuten, ett\u00e4 sana Gradia viittaa askeliin eteenp\u00e4in (lat. gradior) sek\u00e4 laadun ja kehityksen asteeseen (engl. grade). Nimi viestii oppimisen ja ty\u00f6el\u00e4m\u00e4n uudistamisesta sek\u00e4 toiminnan jatkuvasta kehitt\u00e4misest\u00e4. Aika osuvasti Suomen suurimmalle koulutuksen kuntayhtym\u00e4lle ja kolmanneksi suurimmalle toisen asteen kouluttajalle.<\/p>\n<p>Ai niin, t\u00e4ss\u00e4 viel\u00e4 meid\u00e4n tiimin lis\u00e4ykset tiedottajan lempilauseet \u2013listalle:<\/p>\n<ul>\n<li><em>Koska muillakin on, niin me halutaan tehd\u00e4 t\u00e4st\u00e4 banneri nettiin<\/em><\/li>\n<li><em>Eih\u00e4n sen tekemiseen mene kuin 5 minuuttia<\/em><\/li>\n<li><em>Laita joku kiva kuva siihen<\/em><\/li>\n<li><em>Pist\u00e4 t\u00e4st\u00e4 buusti lehteen<\/em><\/li>\n<li><em>Meid\u00e4n intrasta ei l\u00f6ydy mit\u00e4\u00e4n<\/em><\/li>\n<li><em>T\u00e4h\u00e4n tarvitaan br\u00e4nd\u00e4yst\u00e4<\/em><\/li>\n<li><em>Kyll\u00e4 te viestinn\u00e4n ammattilaiset pystytte t\u00e4m\u00e4n kirkastamaan<\/em><\/li>\n<\/ul>\n<p>Maria Linnavirta<br \/>\nyhteysp\u00e4\u00e4llikk\u00f6, Jyv\u00e4skyl\u00e4n koulutuskuntayhtym\u00e4 Gradia<\/p>\n","protected":false},"excerpt":{"rendered":"<p>Tied\u00e4ttek\u00f6 tunteen, kun eteen tulee juttu, joka kolahtaa. Osuu ja uppoaa. T\u00e4llainen oli elokuussa silmiin osunut Anne-Mari Kiviniemen blogiteksti&nbsp; Tiedottajan lempilauseet VOL 2: Viestint\u00e4bingo. Viestinn\u00e4n ja markkinoinnin teht\u00e4viss\u00e4 n\u00e4ihin ikisuosikkeihin t\u00f6rm\u00e4\u00e4 jatkuvasti, mutta totuus on tarua ihmeellisemp\u00e4\u00e4. Ihan teid\u00e4n muidenkin iloksi haluan jakaa muutaman jutun kirjoituksesta selitysten kera siit\u00e4, miten n\u00e4m\u00e4 n\u00e4ytt\u00e4ytyv\u00e4t meill\u00e4 Gradiassa. Voitte &hellip; <a href=\"https:\/\/blogit.gradia.fi\/gradia\/tasta-pitaisi-tehda-blogikirjoitus\/\" class=\"more-link\">Jatka lukemista <span class=\"screen-reader-text\">T\u00e4st\u00e4 pit\u00e4isi tehd\u00e4 blogikirjoitus!<\/span> <span class=\"meta-nav\">&rarr;<\/span><\/a><\/p>\n","protected":false},"author":126,"featured_media":155,"comment_status":"open","ping_status":"open","sticky":false,"template":"","format":"standard","meta":{"_uag_custom_page_level_css":"","footnotes":""},"categories":[11,2,3,1],"tags":[23,22],"class_list":["post-151","post","type-post","status-publish","format-standard","has-post-thumbnail","hentry","category-gradia","category-koulutus","category-osaaminen","category-yleinen","tag-markkinointi","tag-viestinta"],"yoast_head":"<!-- This site is optimized with the Yoast SEO plugin v27.4 - https:\/\/yoast.com\/product\/yoast-seo-wordpress\/ -->\n<title>T\u00e4st\u00e4 pit\u00e4isi tehd\u00e4 blogikirjoitus! - blogit.gradia.fi\/gradia<\/title>\n<meta name=\"robots\" content=\"index, follow, max-snippet:-1, max-image-preview:large, max-video-preview:-1\" \/>\n<link rel=\"canonical\" href=\"https:\/\/blogit.gradia.fi\/gradia\/tasta-pitaisi-tehda-blogikirjoitus\/\" \/>\n<meta property=\"og:locale\" content=\"fi_FI\" \/>\n<meta property=\"og:type\" content=\"article\" \/>\n<meta property=\"og:title\" content=\"T\u00e4st\u00e4 pit\u00e4isi tehd\u00e4 blogikirjoitus! - blogit.gradia.fi\/gradia\" \/>\n<meta property=\"og:description\" content=\"Tied\u00e4ttek\u00f6 tunteen, kun eteen tulee juttu, joka kolahtaa. Osuu ja uppoaa. T\u00e4llainen oli elokuussa silmiin osunut Anne-Mari Kiviniemen blogiteksti&nbsp; Tiedottajan lempilauseet VOL 2: Viestint\u00e4bingo. Viestinn\u00e4n ja markkinoinnin teht\u00e4viss\u00e4 n\u00e4ihin ikisuosikkeihin t\u00f6rm\u00e4\u00e4 jatkuvasti, mutta totuus on tarua ihmeellisemp\u00e4\u00e4. Ihan teid\u00e4n muidenkin iloksi haluan jakaa muutaman jutun kirjoituksesta selitysten kera siit\u00e4, miten n\u00e4m\u00e4 n\u00e4ytt\u00e4ytyv\u00e4t meill\u00e4 Gradiassa. Voitte &hellip; Jatka lukemista T\u00e4st\u00e4 pit\u00e4isi tehd\u00e4 blogikirjoitus! &rarr;\" \/>\n<meta property=\"og:url\" content=\"https:\/\/blogit.gradia.fi\/gradia\/tasta-pitaisi-tehda-blogikirjoitus\/\" \/>\n<meta property=\"og:site_name\" content=\"blogit.gradia.fi\/gradia\" \/>\n<meta property=\"article:publisher\" content=\"https:\/\/www.facebook.com\/gradiafi\" \/>\n<meta property=\"article:published_time\" content=\"2018-11-01T06:55:44+00:00\" \/>\n<meta property=\"article:modified_time\" content=\"2019-01-17T08:34:29+00:00\" \/>\n<meta property=\"og:image\" content=\"https:\/\/blogit.gradia.fi\/gradia\/wp-content\/uploads\/sites\/5\/2018\/11\/linnavirta_maria_koulutusp\u00e4\u00e4llikk\u00f61.jpg\" \/>\n\t<meta property=\"og:image:width\" content=\"210\" \/>\n\t<meta property=\"og:image:height\" content=\"315\" \/>\n\t<meta property=\"og:image:type\" content=\"image\/jpeg\" \/>\n<meta name=\"author\" content=\"Maria Linnavirta\" \/>\n<meta name=\"twitter:card\" content=\"summary_large_image\" \/>\n<meta name=\"twitter:label1\" content=\"Kirjoittanut\" \/>\n\t<meta name=\"twitter:data1\" content=\"Maria Linnavirta\" \/>\n\t<meta name=\"twitter:label2\" content=\"Arvioitu lukuaika\" \/>\n\t<meta name=\"twitter:data2\" content=\"5 minuuttia\" \/>\n<script type=\"application\/ld+json\" class=\"yoast-schema-graph\">{\"@context\":\"https:\\\/\\\/schema.org\",\"@graph\":[{\"@type\":\"Article\",\"@id\":\"https:\\\/\\\/blogit.gradia.fi\\\/gradia\\\/tasta-pitaisi-tehda-blogikirjoitus\\\/#article\",\"isPartOf\":{\"@id\":\"https:\\\/\\\/blogit.gradia.fi\\\/gradia\\\/tasta-pitaisi-tehda-blogikirjoitus\\\/\"},\"author\":{\"name\":\"Maria Linnavirta\",\"@id\":\"https:\\\/\\\/blogit.gradia.fi\\\/gradia\\\/#\\\/schema\\\/person\\\/9299d5672d50e96762ee896eb548c3c3\"},\"headline\":\"T\u00e4st\u00e4 pit\u00e4isi tehd\u00e4 blogikirjoitus!\",\"datePublished\":\"2018-11-01T06:55:44+00:00\",\"dateModified\":\"2019-01-17T08:34:29+00:00\",\"mainEntityOfPage\":{\"@id\":\"https:\\\/\\\/blogit.gradia.fi\\\/gradia\\\/tasta-pitaisi-tehda-blogikirjoitus\\\/\"},\"wordCount\":1017,\"commentCount\":1,\"publisher\":{\"@id\":\"https:\\\/\\\/blogit.gradia.fi\\\/gradia\\\/#organization\"},\"image\":{\"@id\":\"https:\\\/\\\/blogit.gradia.fi\\\/gradia\\\/tasta-pitaisi-tehda-blogikirjoitus\\\/#primaryimage\"},\"thumbnailUrl\":\"https:\\\/\\\/blogit.gradia.fi\\\/gradia\\\/wp-content\\\/uploads\\\/sites\\\/5\\\/2018\\\/11\\\/linnavirta_maria_koulutusp\u00e4\u00e4llikk\u00f61.jpg\",\"keywords\":[\"markkinointi\",\"viestint\u00e4\"],\"articleSection\":[\"Gradia\",\"Koulutus\",\"Osaaminen\"],\"inLanguage\":\"fi\",\"potentialAction\":[{\"@type\":\"CommentAction\",\"name\":\"Comment\",\"target\":[\"https:\\\/\\\/blogit.gradia.fi\\\/gradia\\\/tasta-pitaisi-tehda-blogikirjoitus\\\/#respond\"]}]},{\"@type\":\"WebPage\",\"@id\":\"https:\\\/\\\/blogit.gradia.fi\\\/gradia\\\/tasta-pitaisi-tehda-blogikirjoitus\\\/\",\"url\":\"https:\\\/\\\/blogit.gradia.fi\\\/gradia\\\/tasta-pitaisi-tehda-blogikirjoitus\\\/\",\"name\":\"T\u00e4st\u00e4 pit\u00e4isi tehd\u00e4 blogikirjoitus! - blogit.gradia.fi\\\/gradia\",\"isPartOf\":{\"@id\":\"https:\\\/\\\/blogit.gradia.fi\\\/gradia\\\/#website\"},\"primaryImageOfPage\":{\"@id\":\"https:\\\/\\\/blogit.gradia.fi\\\/gradia\\\/tasta-pitaisi-tehda-blogikirjoitus\\\/#primaryimage\"},\"image\":{\"@id\":\"https:\\\/\\\/blogit.gradia.fi\\\/gradia\\\/tasta-pitaisi-tehda-blogikirjoitus\\\/#primaryimage\"},\"thumbnailUrl\":\"https:\\\/\\\/blogit.gradia.fi\\\/gradia\\\/wp-content\\\/uploads\\\/sites\\\/5\\\/2018\\\/11\\\/linnavirta_maria_koulutusp\u00e4\u00e4llikk\u00f61.jpg\",\"datePublished\":\"2018-11-01T06:55:44+00:00\",\"dateModified\":\"2019-01-17T08:34:29+00:00\",\"inLanguage\":\"fi\",\"potentialAction\":[{\"@type\":\"ReadAction\",\"target\":[\"https:\\\/\\\/blogit.gradia.fi\\\/gradia\\\/tasta-pitaisi-tehda-blogikirjoitus\\\/\"]}]},{\"@type\":\"ImageObject\",\"inLanguage\":\"fi\",\"@id\":\"https:\\\/\\\/blogit.gradia.fi\\\/gradia\\\/tasta-pitaisi-tehda-blogikirjoitus\\\/#primaryimage\",\"url\":\"https:\\\/\\\/blogit.gradia.fi\\\/gradia\\\/wp-content\\\/uploads\\\/sites\\\/5\\\/2018\\\/11\\\/linnavirta_maria_koulutusp\u00e4\u00e4llikk\u00f61.jpg\",\"contentUrl\":\"https:\\\/\\\/blogit.gradia.fi\\\/gradia\\\/wp-content\\\/uploads\\\/sites\\\/5\\\/2018\\\/11\\\/linnavirta_maria_koulutusp\u00e4\u00e4llikk\u00f61.jpg\",\"width\":210,\"height\":315},{\"@type\":\"WebSite\",\"@id\":\"https:\\\/\\\/blogit.gradia.fi\\\/gradia\\\/#website\",\"url\":\"https:\\\/\\\/blogit.gradia.fi\\\/gradia\\\/\",\"name\":\"blogit.gradia.fi\\\/gradia\",\"description\":\"Gradia johdon blogi\",\"publisher\":{\"@id\":\"https:\\\/\\\/blogit.gradia.fi\\\/gradia\\\/#organization\"},\"potentialAction\":[{\"@type\":\"SearchAction\",\"target\":{\"@type\":\"EntryPoint\",\"urlTemplate\":\"https:\\\/\\\/blogit.gradia.fi\\\/gradia\\\/?s={search_term_string}\"},\"query-input\":{\"@type\":\"PropertyValueSpecification\",\"valueRequired\":true,\"valueName\":\"search_term_string\"}}],\"inLanguage\":\"fi\"},{\"@type\":\"Organization\",\"@id\":\"https:\\\/\\\/blogit.gradia.fi\\\/gradia\\\/#organization\",\"name\":\"Jyv\u00e4skyl\u00e4n koulutuskuntayhtym\u00e4 Gradia\",\"url\":\"https:\\\/\\\/blogit.gradia.fi\\\/gradia\\\/\",\"logo\":{\"@type\":\"ImageObject\",\"inLanguage\":\"fi\",\"@id\":\"https:\\\/\\\/blogit.gradia.fi\\\/gradia\\\/#\\\/schema\\\/logo\\\/image\\\/\",\"url\":\"https:\\\/\\\/blogit.gradia.fi\\\/gradia\\\/wp-content\\\/uploads\\\/sites\\\/5\\\/2018\\\/03\\\/1139-gradia-blogikuva-1600x230px-minttu.jpg\",\"contentUrl\":\"https:\\\/\\\/blogit.gradia.fi\\\/gradia\\\/wp-content\\\/uploads\\\/sites\\\/5\\\/2018\\\/03\\\/1139-gradia-blogikuva-1600x230px-minttu.jpg\",\"width\":1600,\"height\":230,\"caption\":\"Jyv\u00e4skyl\u00e4n koulutuskuntayhtym\u00e4 Gradia\"},\"image\":{\"@id\":\"https:\\\/\\\/blogit.gradia.fi\\\/gradia\\\/#\\\/schema\\\/logo\\\/image\\\/\"},\"sameAs\":[\"https:\\\/\\\/www.facebook.com\\\/gradiafi\"]},{\"@type\":\"Person\",\"@id\":\"https:\\\/\\\/blogit.gradia.fi\\\/gradia\\\/#\\\/schema\\\/person\\\/9299d5672d50e96762ee896eb548c3c3\",\"name\":\"Maria Linnavirta\",\"image\":{\"@type\":\"ImageObject\",\"inLanguage\":\"fi\",\"@id\":\"https:\\\/\\\/secure.gravatar.com\\\/avatar\\\/2cd5e9737e2a8457b1ff84960c4a1795b42a65bd3bfa4cfaf0a50f7f8a819f2f?s=96&d=mm&r=g\",\"url\":\"https:\\\/\\\/secure.gravatar.com\\\/avatar\\\/2cd5e9737e2a8457b1ff84960c4a1795b42a65bd3bfa4cfaf0a50f7f8a819f2f?s=96&d=mm&r=g\",\"contentUrl\":\"https:\\\/\\\/secure.gravatar.com\\\/avatar\\\/2cd5e9737e2a8457b1ff84960c4a1795b42a65bd3bfa4cfaf0a50f7f8a819f2f?s=96&d=mm&r=g\",\"caption\":\"Maria Linnavirta\"},\"url\":\"https:\\\/\\\/blogit.gradia.fi\\\/gradia\\\/author\\\/linnamar\\\/\"}]}<\/script>\n<!-- \/ Yoast SEO plugin. -->","yoast_head_json":{"title":"T\u00e4st\u00e4 pit\u00e4isi tehd\u00e4 blogikirjoitus! - blogit.gradia.fi\/gradia","robots":{"index":"index","follow":"follow","max-snippet":"max-snippet:-1","max-image-preview":"max-image-preview:large","max-video-preview":"max-video-preview:-1"},"canonical":"https:\/\/blogit.gradia.fi\/gradia\/tasta-pitaisi-tehda-blogikirjoitus\/","og_locale":"fi_FI","og_type":"article","og_title":"T\u00e4st\u00e4 pit\u00e4isi tehd\u00e4 blogikirjoitus! - blogit.gradia.fi\/gradia","og_description":"Tied\u00e4ttek\u00f6 tunteen, kun eteen tulee juttu, joka kolahtaa. Osuu ja uppoaa. T\u00e4llainen oli elokuussa silmiin osunut Anne-Mari Kiviniemen blogiteksti&nbsp; Tiedottajan lempilauseet VOL 2: Viestint\u00e4bingo. Viestinn\u00e4n ja markkinoinnin teht\u00e4viss\u00e4 n\u00e4ihin ikisuosikkeihin t\u00f6rm\u00e4\u00e4 jatkuvasti, mutta totuus on tarua ihmeellisemp\u00e4\u00e4. Ihan teid\u00e4n muidenkin iloksi haluan jakaa muutaman jutun kirjoituksesta selitysten kera siit\u00e4, miten n\u00e4m\u00e4 n\u00e4ytt\u00e4ytyv\u00e4t meill\u00e4 Gradiassa. Voitte &hellip; Jatka lukemista T\u00e4st\u00e4 pit\u00e4isi tehd\u00e4 blogikirjoitus! &rarr;","og_url":"https:\/\/blogit.gradia.fi\/gradia\/tasta-pitaisi-tehda-blogikirjoitus\/","og_site_name":"blogit.gradia.fi\/gradia","article_publisher":"https:\/\/www.facebook.com\/gradiafi","article_published_time":"2018-11-01T06:55:44+00:00","article_modified_time":"2019-01-17T08:34:29+00:00","og_image":[{"width":210,"height":315,"url":"https:\/\/blogit.gradia.fi\/gradia\/wp-content\/uploads\/sites\/5\/2018\/11\/linnavirta_maria_koulutusp\u00e4\u00e4llikk\u00f61.jpg","type":"image\/jpeg"}],"author":"Maria Linnavirta","twitter_card":"summary_large_image","twitter_misc":{"Kirjoittanut":"Maria Linnavirta","Arvioitu lukuaika":"5 minuuttia"},"schema":{"@context":"https:\/\/schema.org","@graph":[{"@type":"Article","@id":"https:\/\/blogit.gradia.fi\/gradia\/tasta-pitaisi-tehda-blogikirjoitus\/#article","isPartOf":{"@id":"https:\/\/blogit.gradia.fi\/gradia\/tasta-pitaisi-tehda-blogikirjoitus\/"},"author":{"name":"Maria Linnavirta","@id":"https:\/\/blogit.gradia.fi\/gradia\/#\/schema\/person\/9299d5672d50e96762ee896eb548c3c3"},"headline":"T\u00e4st\u00e4 pit\u00e4isi tehd\u00e4 blogikirjoitus!","datePublished":"2018-11-01T06:55:44+00:00","dateModified":"2019-01-17T08:34:29+00:00","mainEntityOfPage":{"@id":"https:\/\/blogit.gradia.fi\/gradia\/tasta-pitaisi-tehda-blogikirjoitus\/"},"wordCount":1017,"commentCount":1,"publisher":{"@id":"https:\/\/blogit.gradia.fi\/gradia\/#organization"},"image":{"@id":"https:\/\/blogit.gradia.fi\/gradia\/tasta-pitaisi-tehda-blogikirjoitus\/#primaryimage"},"thumbnailUrl":"https:\/\/blogit.gradia.fi\/gradia\/wp-content\/uploads\/sites\/5\/2018\/11\/linnavirta_maria_koulutusp\u00e4\u00e4llikk\u00f61.jpg","keywords":["markkinointi","viestint\u00e4"],"articleSection":["Gradia","Koulutus","Osaaminen"],"inLanguage":"fi","potentialAction":[{"@type":"CommentAction","name":"Comment","target":["https:\/\/blogit.gradia.fi\/gradia\/tasta-pitaisi-tehda-blogikirjoitus\/#respond"]}]},{"@type":"WebPage","@id":"https:\/\/blogit.gradia.fi\/gradia\/tasta-pitaisi-tehda-blogikirjoitus\/","url":"https:\/\/blogit.gradia.fi\/gradia\/tasta-pitaisi-tehda-blogikirjoitus\/","name":"T\u00e4st\u00e4 pit\u00e4isi tehd\u00e4 blogikirjoitus! - blogit.gradia.fi\/gradia","isPartOf":{"@id":"https:\/\/blogit.gradia.fi\/gradia\/#website"},"primaryImageOfPage":{"@id":"https:\/\/blogit.gradia.fi\/gradia\/tasta-pitaisi-tehda-blogikirjoitus\/#primaryimage"},"image":{"@id":"https:\/\/blogit.gradia.fi\/gradia\/tasta-pitaisi-tehda-blogikirjoitus\/#primaryimage"},"thumbnailUrl":"https:\/\/blogit.gradia.fi\/gradia\/wp-content\/uploads\/sites\/5\/2018\/11\/linnavirta_maria_koulutusp\u00e4\u00e4llikk\u00f61.jpg","datePublished":"2018-11-01T06:55:44+00:00","dateModified":"2019-01-17T08:34:29+00:00","inLanguage":"fi","potentialAction":[{"@type":"ReadAction","target":["https:\/\/blogit.gradia.fi\/gradia\/tasta-pitaisi-tehda-blogikirjoitus\/"]}]},{"@type":"ImageObject","inLanguage":"fi","@id":"https:\/\/blogit.gradia.fi\/gradia\/tasta-pitaisi-tehda-blogikirjoitus\/#primaryimage","url":"https:\/\/blogit.gradia.fi\/gradia\/wp-content\/uploads\/sites\/5\/2018\/11\/linnavirta_maria_koulutusp\u00e4\u00e4llikk\u00f61.jpg","contentUrl":"https:\/\/blogit.gradia.fi\/gradia\/wp-content\/uploads\/sites\/5\/2018\/11\/linnavirta_maria_koulutusp\u00e4\u00e4llikk\u00f61.jpg","width":210,"height":315},{"@type":"WebSite","@id":"https:\/\/blogit.gradia.fi\/gradia\/#website","url":"https:\/\/blogit.gradia.fi\/gradia\/","name":"blogit.gradia.fi\/gradia","description":"Gradia johdon blogi","publisher":{"@id":"https:\/\/blogit.gradia.fi\/gradia\/#organization"},"potentialAction":[{"@type":"SearchAction","target":{"@type":"EntryPoint","urlTemplate":"https:\/\/blogit.gradia.fi\/gradia\/?s={search_term_string}"},"query-input":{"@type":"PropertyValueSpecification","valueRequired":true,"valueName":"search_term_string"}}],"inLanguage":"fi"},{"@type":"Organization","@id":"https:\/\/blogit.gradia.fi\/gradia\/#organization","name":"Jyv\u00e4skyl\u00e4n koulutuskuntayhtym\u00e4 Gradia","url":"https:\/\/blogit.gradia.fi\/gradia\/","logo":{"@type":"ImageObject","inLanguage":"fi","@id":"https:\/\/blogit.gradia.fi\/gradia\/#\/schema\/logo\/image\/","url":"https:\/\/blogit.gradia.fi\/gradia\/wp-content\/uploads\/sites\/5\/2018\/03\/1139-gradia-blogikuva-1600x230px-minttu.jpg","contentUrl":"https:\/\/blogit.gradia.fi\/gradia\/wp-content\/uploads\/sites\/5\/2018\/03\/1139-gradia-blogikuva-1600x230px-minttu.jpg","width":1600,"height":230,"caption":"Jyv\u00e4skyl\u00e4n koulutuskuntayhtym\u00e4 Gradia"},"image":{"@id":"https:\/\/blogit.gradia.fi\/gradia\/#\/schema\/logo\/image\/"},"sameAs":["https:\/\/www.facebook.com\/gradiafi"]},{"@type":"Person","@id":"https:\/\/blogit.gradia.fi\/gradia\/#\/schema\/person\/9299d5672d50e96762ee896eb548c3c3","name":"Maria Linnavirta","image":{"@type":"ImageObject","inLanguage":"fi","@id":"https:\/\/secure.gravatar.com\/avatar\/2cd5e9737e2a8457b1ff84960c4a1795b42a65bd3bfa4cfaf0a50f7f8a819f2f?s=96&d=mm&r=g","url":"https:\/\/secure.gravatar.com\/avatar\/2cd5e9737e2a8457b1ff84960c4a1795b42a65bd3bfa4cfaf0a50f7f8a819f2f?s=96&d=mm&r=g","contentUrl":"https:\/\/secure.gravatar.com\/avatar\/2cd5e9737e2a8457b1ff84960c4a1795b42a65bd3bfa4cfaf0a50f7f8a819f2f?s=96&d=mm&r=g","caption":"Maria Linnavirta"},"url":"https:\/\/blogit.gradia.fi\/gradia\/author\/linnamar\/"}]}},"uagb_featured_image_src":{"full":["https:\/\/blogit.gradia.fi\/gradia\/wp-content\/uploads\/sites\/5\/2018\/11\/linnavirta_maria_koulutusp\u00e4\u00e4llikk\u00f61.jpg",210,315,false],"thumbnail":["https:\/\/blogit.gradia.fi\/gradia\/wp-content\/uploads\/sites\/5\/2018\/11\/linnavirta_maria_koulutusp\u00e4\u00e4llikk\u00f61-150x150.jpg",150,150,true],"medium":["https:\/\/blogit.gradia.fi\/gradia\/wp-content\/uploads\/sites\/5\/2018\/11\/linnavirta_maria_koulutusp\u00e4\u00e4llikk\u00f61-200x300.jpg",200,300,true],"medium_large":["https:\/\/blogit.gradia.fi\/gradia\/wp-content\/uploads\/sites\/5\/2018\/11\/linnavirta_maria_koulutusp\u00e4\u00e4llikk\u00f61.jpg",210,315,false],"large":["https:\/\/blogit.gradia.fi\/gradia\/wp-content\/uploads\/sites\/5\/2018\/11\/linnavirta_maria_koulutusp\u00e4\u00e4llikk\u00f61.jpg",210,315,false],"1536x1536":["https:\/\/blogit.gradia.fi\/gradia\/wp-content\/uploads\/sites\/5\/2018\/11\/linnavirta_maria_koulutusp\u00e4\u00e4llikk\u00f61.jpg",210,315,false],"2048x2048":["https:\/\/blogit.gradia.fi\/gradia\/wp-content\/uploads\/sites\/5\/2018\/11\/linnavirta_maria_koulutusp\u00e4\u00e4llikk\u00f61.jpg",210,315,false],"post-thumbnail":["https:\/\/blogit.gradia.fi\/gradia\/wp-content\/uploads\/sites\/5\/2018\/11\/linnavirta_maria_koulutusp\u00e4\u00e4llikk\u00f61-210x270.jpg",210,270,true]},"uagb_author_info":{"display_name":"Maria Linnavirta","author_link":"https:\/\/blogit.gradia.fi\/gradia\/author\/linnamar\/"},"uagb_comment_info":1,"uagb_excerpt":"Tied\u00e4ttek\u00f6 tunteen, kun eteen tulee juttu, joka kolahtaa. Osuu ja uppoaa. T\u00e4llainen oli elokuussa silmiin osunut Anne-Mari Kiviniemen blogiteksti&nbsp; Tiedottajan lempilauseet VOL 2: Viestint\u00e4bingo. Viestinn\u00e4n ja markkinoinnin teht\u00e4viss\u00e4 n\u00e4ihin ikisuosikkeihin t\u00f6rm\u00e4\u00e4 jatkuvasti, mutta totuus on tarua ihmeellisemp\u00e4\u00e4. Ihan teid\u00e4n muidenkin iloksi haluan jakaa muutaman jutun kirjoituksesta selitysten kera siit\u00e4, miten n\u00e4m\u00e4 n\u00e4ytt\u00e4ytyv\u00e4t meill\u00e4 Gradiassa. Voitte&hellip;","_links":{"self":[{"href":"https:\/\/blogit.gradia.fi\/gradia\/wp-json\/wp\/v2\/posts\/151","targetHints":{"allow":["GET"]}}],"collection":[{"href":"https:\/\/blogit.gradia.fi\/gradia\/wp-json\/wp\/v2\/posts"}],"about":[{"href":"https:\/\/blogit.gradia.fi\/gradia\/wp-json\/wp\/v2\/types\/post"}],"author":[{"embeddable":true,"href":"https:\/\/blogit.gradia.fi\/gradia\/wp-json\/wp\/v2\/users\/126"}],"replies":[{"embeddable":true,"href":"https:\/\/blogit.gradia.fi\/gradia\/wp-json\/wp\/v2\/comments?post=151"}],"version-history":[{"count":12,"href":"https:\/\/blogit.gradia.fi\/gradia\/wp-json\/wp\/v2\/posts\/151\/revisions"}],"predecessor-version":[{"id":273,"href":"https:\/\/blogit.gradia.fi\/gradia\/wp-json\/wp\/v2\/posts\/151\/revisions\/273"}],"wp:featuredmedia":[{"embeddable":true,"href":"https:\/\/blogit.gradia.fi\/gradia\/wp-json\/wp\/v2\/media\/155"}],"wp:attachment":[{"href":"https:\/\/blogit.gradia.fi\/gradia\/wp-json\/wp\/v2\/media?parent=151"}],"wp:term":[{"taxonomy":"category","embeddable":true,"href":"https:\/\/blogit.gradia.fi\/gradia\/wp-json\/wp\/v2\/categories?post=151"},{"taxonomy":"post_tag","embeddable":true,"href":"https:\/\/blogit.gradia.fi\/gradia\/wp-json\/wp\/v2\/tags?post=151"}],"curies":[{"name":"wp","href":"https:\/\/api.w.org\/{rel}","templated":true}]}}