{"id":1271,"date":"2016-02-02T12:08:43","date_gmt":"2016-02-02T10:08:43","guid":{"rendered":"https:\/\/blogit.gradia.fi\/eope\/?p=1271"},"modified":"2016-02-02T12:17:08","modified_gmt":"2016-02-02T10:17:08","slug":"tulevaisuus-haastaa-oppimisen-ja-verkko-opettajan-viitaniemessa-17-3-2016-ilmoittaudu-mukaan","status":"publish","type":"post","link":"https:\/\/blogit.gradia.fi\/eope\/2016\/02\/02\/tulevaisuus-haastaa-oppimisen-ja-verkko-opettajan-viitaniemessa-17-3-2016-ilmoittaudu-mukaan\/","title":{"rendered":"Tulevaisuus haastaa oppimisen &#8211; ilmoittaudu mukaan"},"content":{"rendered":"<h3 class=\"_45m_ _2vxa\" data-block=\"true\" data-offset-key=\"7a81f-0-0\"><span data-offset-key=\"8s6r8-0-0\"><span data-text=\"true\"><span data-offset-key=\"7a81f-0-0\"><img loading=\"lazy\" decoding=\"async\" class=\"size-full wp-image-1272 aligncenter\" src=\"https:\/\/blogit.gradia.fi\/eope\/wp-content\/uploads\/sites\/60\/2016\/02\/tho-cover-photo1kapea_733749764.jpg\" alt=\"tho-cover-photo1kapea_733749764\" width=\"828\" height=\"195\" srcset=\"https:\/\/blogit.gradia.fi\/eope\/wp-content\/uploads\/sites\/60\/2016\/02\/tho-cover-photo1kapea_733749764.jpg 828w, https:\/\/blogit.gradia.fi\/eope\/wp-content\/uploads\/sites\/60\/2016\/02\/tho-cover-photo1kapea_733749764-300x71.jpg 300w, https:\/\/blogit.gradia.fi\/eope\/wp-content\/uploads\/sites\/60\/2016\/02\/tho-cover-photo1kapea_733749764-768x181.jpg 768w\" sizes=\"auto, (max-width: 828px) 100vw, 828px\" \/><\/span><\/span><\/span><\/h3>\n<h3 class=\"_45m_ _2vxa\" data-block=\"true\" data-offset-key=\"7a81f-0-0\"><\/h3>\n<h3 class=\"_45m_ _2vxa\" style=\"text-align: left;\" data-block=\"true\" data-offset-key=\"7a81f-0-0\"><span data-offset-key=\"8s6r8-0-0\"><span data-text=\"true\"><span data-offset-key=\"7a81f-0-0\">Opet, esimiehet ja muut opetuksen kehitt\u00e4misest\u00e4 kiinnostuneet heihoi! <\/span><\/span><\/span><\/h3>\n<div class=\"_45m_ _2vxa\" style=\"text-align: left;\" data-block=\"true\" data-offset-key=\"8s6r8-0-0\"><\/div>\n<div class=\"_45m_ _2vxa\" style=\"text-align: left;\" data-block=\"true\" data-offset-key=\"8s6r8-0-0\"><span data-offset-key=\"8s6r8-0-0\"><span data-text=\"true\">Tulkaa hakemaan n\u00e4k\u00f6kulmia ja k\u00e4yt\u00e4nn\u00f6n ty\u00f6v\u00e4lineit\u00e4 digitaitojen kehitt\u00e4miseen, kun Tulevaisuus haastaa oppimisen ja opettajan 17.3. Viitaniemess\u00e4. <a href=\"https:\/\/tulevaisuushaastaaoppimisen.wordpress.com\/\" target=\"_blank\">Ohjelma<\/a> on monipuolinen ja tilaisuus osallistujille maksuton. <\/span><\/span><\/div>\n<div class=\"_45m_ _2vxa\" style=\"text-align: left;\" data-block=\"true\" data-offset-key=\"8s6r8-0-0\"><\/div>\n<p>&nbsp;<\/p>\n<div class=\"_45m_ _2vxa\" style=\"text-align: left;\" data-block=\"true\" data-offset-key=\"8s6r8-0-0\"><span data-offset-key=\"8s6r8-0-0\"><span data-text=\"true\"><a href=\"https:\/\/www.webropolsurveys.com\/Answer\/SurveyParticipation.aspx?SDID=Fin1062902&amp;SID=1345a554-f4d9-4eea-88e9-833d1050e8b0&amp;dy=172835727\" target=\"_blank\">Ilmoittaudu<\/a> ja ota kollega my\u00f6s mukaan!<\/span><\/span><\/div>\n<div class=\"_45m_ _2vxa\" style=\"text-align: left;\" data-block=\"true\" data-offset-key=\"8s6r8-0-0\"><\/div>\n<div class=\"_45m_ _2vxa\" data-block=\"true\" data-offset-key=\"8s6r8-0-0\"><\/div>\n<div class=\"_45m_ _2vxa\" data-block=\"true\" data-offset-key=\"8s6r8-0-0\"><\/div>\n<div class=\"_45m_ _2vxa\" data-block=\"true\" data-offset-key=\"8s6r8-0-0\"><\/div>\n<p><\/p>\n","protected":false},"excerpt":{"rendered":"<p>Opet, esimiehet ja muut opetuksen kehitt\u00e4misest\u00e4 kiinnostuneet heihoi! Tulkaa hakemaan n\u00e4k\u00f6kulmia ja k\u00e4yt\u00e4nn\u00f6n ty\u00f6v\u00e4lineit\u00e4 digitaitojen kehitt\u00e4miseen, kun Tulevaisuus haastaa oppimisen ja opettajan 17.3. Viitaniemess\u00e4. Ohjelma on monipuolinen ja tilaisuus osallistujille maksuton. &nbsp; Ilmoittaudu ja ota kollega my\u00f6s mukaan!<\/p>\n","protected":false},"author":161,"featured_media":0,"comment_status":"open","ping_status":"open","sticky":false,"template":"","format":"standard","meta":{"_uag_custom_page_level_css":"","footnotes":""},"categories":[93,92,1],"tags":[99,100,95,94],"class_list":["post-1271","post","type-post","status-publish","format-standard","hentry","category-semminaari","category-tho","category-yleinen","tag-digiloikka","tag-koodaus","tag-seminaari","tag-tho"],"yoast_head":"<!-- This site is optimized with the Yoast SEO plugin v27.5 - https:\/\/yoast.com\/product\/yoast-seo-wordpress\/ -->\n<title>Tulevaisuus haastaa oppimisen - ilmoittaudu mukaan - eOpe<\/title>\n<meta name=\"robots\" content=\"index, follow, max-snippet:-1, max-image-preview:large, max-video-preview:-1\" \/>\n<link rel=\"canonical\" href=\"https:\/\/blogit.gradia.fi\/eope\/2016\/02\/02\/tulevaisuus-haastaa-oppimisen-ja-verkko-opettajan-viitaniemessa-17-3-2016-ilmoittaudu-mukaan\/\" \/>\n<meta property=\"og:locale\" content=\"fi_FI\" \/>\n<meta property=\"og:type\" content=\"article\" \/>\n<meta property=\"og:title\" content=\"Tulevaisuus haastaa oppimisen - ilmoittaudu mukaan - eOpe\" \/>\n<meta property=\"og:description\" content=\"Opet, esimiehet ja muut opetuksen kehitt\u00e4misest\u00e4 kiinnostuneet heihoi! Tulkaa hakemaan n\u00e4k\u00f6kulmia ja k\u00e4yt\u00e4nn\u00f6n ty\u00f6v\u00e4lineit\u00e4 digitaitojen kehitt\u00e4miseen, kun Tulevaisuus haastaa oppimisen ja opettajan 17.3. Viitaniemess\u00e4. Ohjelma on monipuolinen ja tilaisuus osallistujille maksuton. &nbsp; Ilmoittaudu ja ota kollega my\u00f6s mukaan!\" \/>\n<meta property=\"og:url\" content=\"https:\/\/blogit.gradia.fi\/eope\/2016\/02\/02\/tulevaisuus-haastaa-oppimisen-ja-verkko-opettajan-viitaniemessa-17-3-2016-ilmoittaudu-mukaan\/\" \/>\n<meta property=\"og:site_name\" content=\"eOpe\" \/>\n<meta property=\"article:published_time\" content=\"2016-02-02T10:08:43+00:00\" \/>\n<meta property=\"article:modified_time\" content=\"2016-02-02T10:17:08+00:00\" \/>\n<meta property=\"og:image\" content=\"https:\/\/blogit.gradia.fi\/eope\/wp-content\/uploads\/sites\/60\/2016\/02\/tho-cover-photo1kapea_733749764.jpg\" \/>\n<meta name=\"author\" content=\"Hanna Frilander\" \/>\n<meta name=\"twitter:card\" content=\"summary_large_image\" \/>\n<meta name=\"twitter:label1\" content=\"Kirjoittanut\" \/>\n\t<meta name=\"twitter:data1\" content=\"Hanna Frilander\" \/>\n<script type=\"application\/ld+json\" class=\"yoast-schema-graph\">{\"@context\":\"https:\\\/\\\/schema.org\",\"@graph\":[{\"@type\":\"Article\",\"@id\":\"https:\\\/\\\/blogit.gradia.fi\\\/eope\\\/2016\\\/02\\\/02\\\/tulevaisuus-haastaa-oppimisen-ja-verkko-opettajan-viitaniemessa-17-3-2016-ilmoittaudu-mukaan\\\/#article\",\"isPartOf\":{\"@id\":\"https:\\\/\\\/blogit.gradia.fi\\\/eope\\\/2016\\\/02\\\/02\\\/tulevaisuus-haastaa-oppimisen-ja-verkko-opettajan-viitaniemessa-17-3-2016-ilmoittaudu-mukaan\\\/\"},\"author\":{\"name\":\"Hanna Frilander\",\"@id\":\"https:\\\/\\\/blogit.gradia.fi\\\/eope\\\/#\\\/schema\\\/person\\\/dc29d090d6c7ce0ae6dc14792568b9fe\"},\"headline\":\"Tulevaisuus haastaa oppimisen &#8211; ilmoittaudu mukaan\",\"datePublished\":\"2016-02-02T10:08:43+00:00\",\"dateModified\":\"2016-02-02T10:17:08+00:00\",\"mainEntityOfPage\":{\"@id\":\"https:\\\/\\\/blogit.gradia.fi\\\/eope\\\/2016\\\/02\\\/02\\\/tulevaisuus-haastaa-oppimisen-ja-verkko-opettajan-viitaniemessa-17-3-2016-ilmoittaudu-mukaan\\\/\"},\"wordCount\":53,\"commentCount\":0,\"image\":{\"@id\":\"https:\\\/\\\/blogit.gradia.fi\\\/eope\\\/2016\\\/02\\\/02\\\/tulevaisuus-haastaa-oppimisen-ja-verkko-opettajan-viitaniemessa-17-3-2016-ilmoittaudu-mukaan\\\/#primaryimage\"},\"thumbnailUrl\":\"https:\\\/\\\/blogit.gradia.fi\\\/eope\\\/wp-content\\\/uploads\\\/sites\\\/60\\\/2016\\\/02\\\/tho-cover-photo1kapea_733749764.jpg\",\"keywords\":[\"digiloikka\",\"koodaus\",\"seminaari\",\"THO\"],\"articleSection\":[\"Seminaari\",\"THO\"],\"inLanguage\":\"fi\",\"potentialAction\":[{\"@type\":\"CommentAction\",\"name\":\"Comment\",\"target\":[\"https:\\\/\\\/blogit.gradia.fi\\\/eope\\\/2016\\\/02\\\/02\\\/tulevaisuus-haastaa-oppimisen-ja-verkko-opettajan-viitaniemessa-17-3-2016-ilmoittaudu-mukaan\\\/#respond\"]}]},{\"@type\":\"WebPage\",\"@id\":\"https:\\\/\\\/blogit.gradia.fi\\\/eope\\\/2016\\\/02\\\/02\\\/tulevaisuus-haastaa-oppimisen-ja-verkko-opettajan-viitaniemessa-17-3-2016-ilmoittaudu-mukaan\\\/\",\"url\":\"https:\\\/\\\/blogit.gradia.fi\\\/eope\\\/2016\\\/02\\\/02\\\/tulevaisuus-haastaa-oppimisen-ja-verkko-opettajan-viitaniemessa-17-3-2016-ilmoittaudu-mukaan\\\/\",\"name\":\"Tulevaisuus haastaa oppimisen - ilmoittaudu mukaan - eOpe\",\"isPartOf\":{\"@id\":\"https:\\\/\\\/blogit.gradia.fi\\\/eope\\\/#website\"},\"primaryImageOfPage\":{\"@id\":\"https:\\\/\\\/blogit.gradia.fi\\\/eope\\\/2016\\\/02\\\/02\\\/tulevaisuus-haastaa-oppimisen-ja-verkko-opettajan-viitaniemessa-17-3-2016-ilmoittaudu-mukaan\\\/#primaryimage\"},\"image\":{\"@id\":\"https:\\\/\\\/blogit.gradia.fi\\\/eope\\\/2016\\\/02\\\/02\\\/tulevaisuus-haastaa-oppimisen-ja-verkko-opettajan-viitaniemessa-17-3-2016-ilmoittaudu-mukaan\\\/#primaryimage\"},\"thumbnailUrl\":\"https:\\\/\\\/blogit.gradia.fi\\\/eope\\\/wp-content\\\/uploads\\\/sites\\\/60\\\/2016\\\/02\\\/tho-cover-photo1kapea_733749764.jpg\",\"datePublished\":\"2016-02-02T10:08:43+00:00\",\"dateModified\":\"2016-02-02T10:17:08+00:00\",\"author\":{\"@id\":\"https:\\\/\\\/blogit.gradia.fi\\\/eope\\\/#\\\/schema\\\/person\\\/dc29d090d6c7ce0ae6dc14792568b9fe\"},\"inLanguage\":\"fi\",\"potentialAction\":[{\"@type\":\"ReadAction\",\"target\":[\"https:\\\/\\\/blogit.gradia.fi\\\/eope\\\/2016\\\/02\\\/02\\\/tulevaisuus-haastaa-oppimisen-ja-verkko-opettajan-viitaniemessa-17-3-2016-ilmoittaudu-mukaan\\\/\"]}]},{\"@type\":\"ImageObject\",\"inLanguage\":\"fi\",\"@id\":\"https:\\\/\\\/blogit.gradia.fi\\\/eope\\\/2016\\\/02\\\/02\\\/tulevaisuus-haastaa-oppimisen-ja-verkko-opettajan-viitaniemessa-17-3-2016-ilmoittaudu-mukaan\\\/#primaryimage\",\"url\":\"https:\\\/\\\/blogit.gradia.fi\\\/eope\\\/wp-content\\\/uploads\\\/sites\\\/60\\\/2016\\\/02\\\/tho-cover-photo1kapea_733749764.jpg\",\"contentUrl\":\"https:\\\/\\\/blogit.gradia.fi\\\/eope\\\/wp-content\\\/uploads\\\/sites\\\/60\\\/2016\\\/02\\\/tho-cover-photo1kapea_733749764.jpg\",\"width\":828,\"height\":195},{\"@type\":\"WebSite\",\"@id\":\"https:\\\/\\\/blogit.gradia.fi\\\/eope\\\/#website\",\"url\":\"https:\\\/\\\/blogit.gradia.fi\\\/eope\\\/\",\"name\":\"eOpe\",\"description\":\"PIeni\u00e4 ja suuria tarinoita tieto- ja viestint\u00e4tekniikan k\u00e4yt\u00f6st\u00e4 opetuksessa Jyv\u00e4skyl\u00e4n koulutuskuntayhtym\u00e4ss\u00e4\",\"potentialAction\":[{\"@type\":\"SearchAction\",\"target\":{\"@type\":\"EntryPoint\",\"urlTemplate\":\"https:\\\/\\\/blogit.gradia.fi\\\/eope\\\/?s={search_term_string}\"},\"query-input\":{\"@type\":\"PropertyValueSpecification\",\"valueRequired\":true,\"valueName\":\"search_term_string\"}}],\"inLanguage\":\"fi\"},{\"@type\":\"Person\",\"@id\":\"https:\\\/\\\/blogit.gradia.fi\\\/eope\\\/#\\\/schema\\\/person\\\/dc29d090d6c7ce0ae6dc14792568b9fe\",\"name\":\"Hanna Frilander\",\"image\":{\"@type\":\"ImageObject\",\"inLanguage\":\"fi\",\"@id\":\"https:\\\/\\\/secure.gravatar.com\\\/avatar\\\/c529bc03d9c1b3586a541c9e44b82c099e1a1c4d27b9465882eae9f68a5ca5f8?s=96&d=mm&r=g\",\"url\":\"https:\\\/\\\/secure.gravatar.com\\\/avatar\\\/c529bc03d9c1b3586a541c9e44b82c099e1a1c4d27b9465882eae9f68a5ca5f8?s=96&d=mm&r=g\",\"contentUrl\":\"https:\\\/\\\/secure.gravatar.com\\\/avatar\\\/c529bc03d9c1b3586a541c9e44b82c099e1a1c4d27b9465882eae9f68a5ca5f8?s=96&d=mm&r=g\",\"caption\":\"Hanna Frilander\"},\"url\":\"https:\\\/\\\/blogit.gradia.fi\\\/eope\\\/author\\\/frilahan\\\/\"}]}<\/script>\n<!-- \/ Yoast SEO plugin. -->","yoast_head_json":{"title":"Tulevaisuus haastaa oppimisen - ilmoittaudu mukaan - eOpe","robots":{"index":"index","follow":"follow","max-snippet":"max-snippet:-1","max-image-preview":"max-image-preview:large","max-video-preview":"max-video-preview:-1"},"canonical":"https:\/\/blogit.gradia.fi\/eope\/2016\/02\/02\/tulevaisuus-haastaa-oppimisen-ja-verkko-opettajan-viitaniemessa-17-3-2016-ilmoittaudu-mukaan\/","og_locale":"fi_FI","og_type":"article","og_title":"Tulevaisuus haastaa oppimisen - ilmoittaudu mukaan - eOpe","og_description":"Opet, esimiehet ja muut opetuksen kehitt\u00e4misest\u00e4 kiinnostuneet heihoi! Tulkaa hakemaan n\u00e4k\u00f6kulmia ja k\u00e4yt\u00e4nn\u00f6n ty\u00f6v\u00e4lineit\u00e4 digitaitojen kehitt\u00e4miseen, kun Tulevaisuus haastaa oppimisen ja opettajan 17.3. Viitaniemess\u00e4. Ohjelma on monipuolinen ja tilaisuus osallistujille maksuton. &nbsp; Ilmoittaudu ja ota kollega my\u00f6s mukaan!","og_url":"https:\/\/blogit.gradia.fi\/eope\/2016\/02\/02\/tulevaisuus-haastaa-oppimisen-ja-verkko-opettajan-viitaniemessa-17-3-2016-ilmoittaudu-mukaan\/","og_site_name":"eOpe","article_published_time":"2016-02-02T10:08:43+00:00","article_modified_time":"2016-02-02T10:17:08+00:00","og_image":[{"url":"https:\/\/blogit.gradia.fi\/eope\/wp-content\/uploads\/sites\/60\/2016\/02\/tho-cover-photo1kapea_733749764.jpg","type":"","width":"","height":""}],"author":"Hanna Frilander","twitter_card":"summary_large_image","twitter_misc":{"Kirjoittanut":"Hanna Frilander"},"schema":{"@context":"https:\/\/schema.org","@graph":[{"@type":"Article","@id":"https:\/\/blogit.gradia.fi\/eope\/2016\/02\/02\/tulevaisuus-haastaa-oppimisen-ja-verkko-opettajan-viitaniemessa-17-3-2016-ilmoittaudu-mukaan\/#article","isPartOf":{"@id":"https:\/\/blogit.gradia.fi\/eope\/2016\/02\/02\/tulevaisuus-haastaa-oppimisen-ja-verkko-opettajan-viitaniemessa-17-3-2016-ilmoittaudu-mukaan\/"},"author":{"name":"Hanna Frilander","@id":"https:\/\/blogit.gradia.fi\/eope\/#\/schema\/person\/dc29d090d6c7ce0ae6dc14792568b9fe"},"headline":"Tulevaisuus haastaa oppimisen &#8211; ilmoittaudu mukaan","datePublished":"2016-02-02T10:08:43+00:00","dateModified":"2016-02-02T10:17:08+00:00","mainEntityOfPage":{"@id":"https:\/\/blogit.gradia.fi\/eope\/2016\/02\/02\/tulevaisuus-haastaa-oppimisen-ja-verkko-opettajan-viitaniemessa-17-3-2016-ilmoittaudu-mukaan\/"},"wordCount":53,"commentCount":0,"image":{"@id":"https:\/\/blogit.gradia.fi\/eope\/2016\/02\/02\/tulevaisuus-haastaa-oppimisen-ja-verkko-opettajan-viitaniemessa-17-3-2016-ilmoittaudu-mukaan\/#primaryimage"},"thumbnailUrl":"https:\/\/blogit.gradia.fi\/eope\/wp-content\/uploads\/sites\/60\/2016\/02\/tho-cover-photo1kapea_733749764.jpg","keywords":["digiloikka","koodaus","seminaari","THO"],"articleSection":["Seminaari","THO"],"inLanguage":"fi","potentialAction":[{"@type":"CommentAction","name":"Comment","target":["https:\/\/blogit.gradia.fi\/eope\/2016\/02\/02\/tulevaisuus-haastaa-oppimisen-ja-verkko-opettajan-viitaniemessa-17-3-2016-ilmoittaudu-mukaan\/#respond"]}]},{"@type":"WebPage","@id":"https:\/\/blogit.gradia.fi\/eope\/2016\/02\/02\/tulevaisuus-haastaa-oppimisen-ja-verkko-opettajan-viitaniemessa-17-3-2016-ilmoittaudu-mukaan\/","url":"https:\/\/blogit.gradia.fi\/eope\/2016\/02\/02\/tulevaisuus-haastaa-oppimisen-ja-verkko-opettajan-viitaniemessa-17-3-2016-ilmoittaudu-mukaan\/","name":"Tulevaisuus haastaa oppimisen - ilmoittaudu mukaan - eOpe","isPartOf":{"@id":"https:\/\/blogit.gradia.fi\/eope\/#website"},"primaryImageOfPage":{"@id":"https:\/\/blogit.gradia.fi\/eope\/2016\/02\/02\/tulevaisuus-haastaa-oppimisen-ja-verkko-opettajan-viitaniemessa-17-3-2016-ilmoittaudu-mukaan\/#primaryimage"},"image":{"@id":"https:\/\/blogit.gradia.fi\/eope\/2016\/02\/02\/tulevaisuus-haastaa-oppimisen-ja-verkko-opettajan-viitaniemessa-17-3-2016-ilmoittaudu-mukaan\/#primaryimage"},"thumbnailUrl":"https:\/\/blogit.gradia.fi\/eope\/wp-content\/uploads\/sites\/60\/2016\/02\/tho-cover-photo1kapea_733749764.jpg","datePublished":"2016-02-02T10:08:43+00:00","dateModified":"2016-02-02T10:17:08+00:00","author":{"@id":"https:\/\/blogit.gradia.fi\/eope\/#\/schema\/person\/dc29d090d6c7ce0ae6dc14792568b9fe"},"inLanguage":"fi","potentialAction":[{"@type":"ReadAction","target":["https:\/\/blogit.gradia.fi\/eope\/2016\/02\/02\/tulevaisuus-haastaa-oppimisen-ja-verkko-opettajan-viitaniemessa-17-3-2016-ilmoittaudu-mukaan\/"]}]},{"@type":"ImageObject","inLanguage":"fi","@id":"https:\/\/blogit.gradia.fi\/eope\/2016\/02\/02\/tulevaisuus-haastaa-oppimisen-ja-verkko-opettajan-viitaniemessa-17-3-2016-ilmoittaudu-mukaan\/#primaryimage","url":"https:\/\/blogit.gradia.fi\/eope\/wp-content\/uploads\/sites\/60\/2016\/02\/tho-cover-photo1kapea_733749764.jpg","contentUrl":"https:\/\/blogit.gradia.fi\/eope\/wp-content\/uploads\/sites\/60\/2016\/02\/tho-cover-photo1kapea_733749764.jpg","width":828,"height":195},{"@type":"WebSite","@id":"https:\/\/blogit.gradia.fi\/eope\/#website","url":"https:\/\/blogit.gradia.fi\/eope\/","name":"eOpe","description":"PIeni\u00e4 ja suuria tarinoita tieto- ja viestint\u00e4tekniikan k\u00e4yt\u00f6st\u00e4 opetuksessa Jyv\u00e4skyl\u00e4n koulutuskuntayhtym\u00e4ss\u00e4","potentialAction":[{"@type":"SearchAction","target":{"@type":"EntryPoint","urlTemplate":"https:\/\/blogit.gradia.fi\/eope\/?s={search_term_string}"},"query-input":{"@type":"PropertyValueSpecification","valueRequired":true,"valueName":"search_term_string"}}],"inLanguage":"fi"},{"@type":"Person","@id":"https:\/\/blogit.gradia.fi\/eope\/#\/schema\/person\/dc29d090d6c7ce0ae6dc14792568b9fe","name":"Hanna Frilander","image":{"@type":"ImageObject","inLanguage":"fi","@id":"https:\/\/secure.gravatar.com\/avatar\/c529bc03d9c1b3586a541c9e44b82c099e1a1c4d27b9465882eae9f68a5ca5f8?s=96&d=mm&r=g","url":"https:\/\/secure.gravatar.com\/avatar\/c529bc03d9c1b3586a541c9e44b82c099e1a1c4d27b9465882eae9f68a5ca5f8?s=96&d=mm&r=g","contentUrl":"https:\/\/secure.gravatar.com\/avatar\/c529bc03d9c1b3586a541c9e44b82c099e1a1c4d27b9465882eae9f68a5ca5f8?s=96&d=mm&r=g","caption":"Hanna Frilander"},"url":"https:\/\/blogit.gradia.fi\/eope\/author\/frilahan\/"}]}},"uagb_featured_image_src":{"full":false,"thumbnail":false,"medium":false,"medium_large":false,"large":false,"1536x1536":false,"2048x2048":false,"post-thumbnail":false},"uagb_author_info":{"display_name":"Hanna Frilander","author_link":"https:\/\/blogit.gradia.fi\/eope\/author\/frilahan\/"},"uagb_comment_info":0,"uagb_excerpt":"Opet, esimiehet ja muut opetuksen kehitt\u00e4misest\u00e4 kiinnostuneet heihoi! Tulkaa hakemaan n\u00e4k\u00f6kulmia ja k\u00e4yt\u00e4nn\u00f6n ty\u00f6v\u00e4lineit\u00e4 digitaitojen kehitt\u00e4miseen, kun Tulevaisuus haastaa oppimisen ja opettajan 17.3. Viitaniemess\u00e4. Ohjelma on monipuolinen ja tilaisuus osallistujille maksuton. &nbsp; Ilmoittaudu ja ota kollega my\u00f6s mukaan!","_links":{"self":[{"href":"https:\/\/blogit.gradia.fi\/eope\/wp-json\/wp\/v2\/posts\/1271","targetHints":{"allow":["GET"]}}],"collection":[{"href":"https:\/\/blogit.gradia.fi\/eope\/wp-json\/wp\/v2\/posts"}],"about":[{"href":"https:\/\/blogit.gradia.fi\/eope\/wp-json\/wp\/v2\/types\/post"}],"author":[{"embeddable":true,"href":"https:\/\/blogit.gradia.fi\/eope\/wp-json\/wp\/v2\/users\/161"}],"replies":[{"embeddable":true,"href":"https:\/\/blogit.gradia.fi\/eope\/wp-json\/wp\/v2\/comments?post=1271"}],"version-history":[{"count":0,"href":"https:\/\/blogit.gradia.fi\/eope\/wp-json\/wp\/v2\/posts\/1271\/revisions"}],"wp:attachment":[{"href":"https:\/\/blogit.gradia.fi\/eope\/wp-json\/wp\/v2\/media?parent=1271"}],"wp:term":[{"taxonomy":"category","embeddable":true,"href":"https:\/\/blogit.gradia.fi\/eope\/wp-json\/wp\/v2\/categories?post=1271"},{"taxonomy":"post_tag","embeddable":true,"href":"https:\/\/blogit.gradia.fi\/eope\/wp-json\/wp\/v2\/tags?post=1271"}],"curies":[{"name":"wp","href":"https:\/\/api.w.org\/{rel}","templated":true}]}}