{"id":99,"date":"2013-09-23T18:42:08","date_gmt":"2013-09-23T15:42:08","guid":{"rendered":"https:\/\/blogit.gradia.fi\/anniinatuomijarvi\/?p=99"},"modified":"2014-12-07T18:20:47","modified_gmt":"2014-12-07T16:20:47","slug":"kttn-tehtava-1-2-ja-3","status":"publish","type":"post","link":"https:\/\/blogit.gradia.fi\/anniinatuomijarvi\/kttn-tehtava-1-2-ja-3\/","title":{"rendered":"KTT:n teht\u00e4v\u00e4 1, 2 ja 3"},"content":{"rendered":"<p>Teht\u00e4v\u00e4 1:<br \/>\n* Elosen leipomon tehtaanmyym\u00e4l\u00e4ss\u00e4 kaikilla ty\u00f6ntekij\u00f6ill\u00e4 oli samat ty\u00f6teht\u00e4v\u00e4t. Ty\u00f6teht\u00e4v\u00e4t p\u00e4iv\u00e4n aikaan tosin riippuivat hiukan siit\u00e4 tulitko aamu- vai iltavuoroon, mutta n\u00e4in yleisesti kaikille ty\u00f6ntekij\u00f6ille kuului tuotteiden paikalleen laitto, yleisest\u00e4 siisteydest\u00e4 huolehtiminen, kassalla olo ja loppuneiden tuotteiden tilaaminen.<\/p>\n<p>* Elosen tehtaalla on yli 500 ty\u00f6ntekij\u00e4\u00e4 joista suurin osa on itse tehtaan puolella. Siell\u00e4 vastuualueet menev\u00e4t osastojen mukaan, joita on 6; pizza-, konditoria-, kahvileip\u00e4-, ruokaleip\u00e4- ja tekninen osasto sek\u00e4 pakkaamo\/l\u00e4hett\u00e4m\u00f6. Jokaisessa osastossa on oma johtajansa, jotka vastaavat h\u00e4vikist\u00e4 ja muusta sellaisesta.<\/p>\n<p>Ty\u00f6njohto eli toimitusjohtaja ja henkil\u00f6st\u00f6p\u00e4\u00e4llikk\u00f6 vastaavat omasta osastostaan joihin kuuluvat tuotantop\u00e4\u00e4llikk\u00f6, laatup\u00e4\u00e4llikk\u00f6, tuotep\u00e4\u00e4llikk\u00f6, kehitysp\u00e4\u00e4llikk\u00f6 yms.<\/p>\n<p>(Organisaatiokaavio piirretty k\u00e4sin paperille henkil\u00f6st\u00f6p\u00e4\u00e4llik\u00f6n avustuksella.)<\/p>\n<p>Teht\u00e4v\u00e4 2:<\/p>\n<p>* 9.00-10.00 &#8211;&gt; Ty\u00f6vuoro alkaa aamuvuorolaisella ja h\u00e4nell\u00e4 on tunti aikaa laittaa saapuneet tuoreet leiv\u00e4t, pullat, kakut ja muut leivokset paikoilleen. Samoin kassa avataan ja jos siin\u00e4 ilmenee ongelmia, on aikaa etsi\u00e4 ratkaisu tai\/ja joku joka osaa auttaa asiassa. Samalla my\u00f6s katsotaan ett\u00e4 eilisen p\u00e4iv\u00e4n myynti on nollautunut.<\/p>\n<p>* 10.00-13.00 &#8211;&gt; Myym\u00e4l\u00e4n ovet avautuvat kello kymmenen. Siin\u00e4 samalla kun palvelee asiakkaita laitetaan loput tavarat paikalleen, samoin tavarat jotka tulevat p\u00e4iv\u00e4n aikana leipomosta. T\u00e4ss\u00e4 ajassa my\u00f6s tarkistetaan ja putsataan kahvikone ja vaihdetaan roskapussit. Jos irtotavaraa (esimerkiksi pullia tai pasteijoita) tulee kauhea m\u00e4\u00e4r\u00e4, pussitetaan niit\u00e4 jo valmiiksi iltaa varten.<\/p>\n<p>* 13.00-14.00 &#8211;&gt; Iltavuorolainen tulee t\u00f6ihin ja t\u00e4ss\u00e4 v\u00e4liss\u00e4 on tunti yhteist\u00e4 aikaa. Siin\u00e4 ajassa toinen vie roskat ja tyhj\u00e4t laatikot tehtaan tiloihin, puhdistaa kahvikoneen ja t\u00e4ytt\u00e4\u00e4 sen ellei sit\u00e4 olla ehditty tekem\u00e4\u00e4n aamuvuorossa, samoin irtotavaran pussitus, vessojen pesu ja mattojen imurointi tuulikaapista. Kerrotaan aamun kuulumiset ja jos on jotain ongelmia niin ne selvitet\u00e4\u00e4n.<\/p>\n<p>* 14.00-17.00 &#8211;&gt; Aamuvuorolainen l\u00e4htee pois kello kaksi ja iltavuorolainen j\u00e4\u00e4 yksin t\u00f6ihin. T\u00e4ss\u00e4 ajassa samalla kun palvellaan asiakkaita niin pussitetaan loput irtotavarat ja siirret\u00e4\u00e4n tuoreet leiv\u00e4t myym\u00e4l\u00e4n keskiosasta myym\u00e4l\u00e4n per\u00e4lle. Hiukan ennen sulkemisaikaa pest\u00e4\u00e4n lattia ja tasot sek\u00e4 nostetaan ns. kahvilaosuuden penkit ja p\u00f6yd\u00e4t yl\u00f6s. Jos on niin paljon asiakkaita, ettei n\u00e4it\u00e4 teht\u00e4vi\u00e4 kerke\u00e4 tekem\u00e4\u00e4n myym\u00e4l\u00e4n auki ollessa niin ne tehd\u00e4\u00e4n myym\u00e4l\u00e4n sulkemisen j\u00e4lkeen. Suositeltavaa on toki, ett\u00e4 teht\u00e4v\u00e4t saisi tehty\u00e4 kun myym\u00e4l\u00e4 on auki &#8211; silloin p\u00e4\u00e4see aikaisemmin kotia.<\/p>\n<p>* 17.00-17.30 &#8211;&gt; Myym\u00e4l\u00e4n ovet suljetaan. Jos p\u00e4iv\u00e4n teht\u00e4v\u00e4t on tehty myym\u00e4l\u00e4n auki ollessa, ei t\u00e4ss\u00e4 vaiheessa tarvitse tehd\u00e4 kuin kassan lasku ja sen kirjaaminen yl\u00f6s. Samalla kirjataan my\u00f6s asiakasm\u00e4\u00e4r\u00e4 (kaikki n\u00e4kyy p\u00e4iv\u00e4raportissa) h\u00e4vikki ja el\u00e4imille menneet leiv\u00e4t. Kassa nollataan seuraavaa p\u00e4iv\u00e4\u00e4 varten ja l\u00e4hdet\u00e4\u00e4n kotia.<\/p>\n<p>Teht\u00e4v\u00e4 3:<\/p>\n<p>* Hyv\u00e4ksytt\u00e4v\u00e4 h\u00e4vikki<\/p>\n<p>o Hyv\u00e4ksytt\u00e4v\u00e4 h\u00e4vikki johtuu tuotteiden myyntikunnostuksesta tai tuotteiden valmistuksesta. Hyv\u00e4ksytt\u00e4v\u00e4\u00e4 h\u00e4vikki\u00e4 on yleens\u00e4 vain nopeasti pilaantuvissa tuoretuotteissa, esimerkiksi leiviss\u00e4 ja vihanneksissa.<\/p>\n<p>* Hallinnollinen h\u00e4vikki<\/p>\n<p>o Hallinnollinen h\u00e4vikki johtuu asiakirjojen huolimattomasta tarkastuksesta ja reklamaatioiden laiminly\u00f6nnist\u00e4.<\/p>\n<p>* Fyysinen h\u00e4vikki<\/p>\n<p>o Fyysinen h\u00e4vikki aiheutuu kun tuote tai tuotepakkaus rikkoutuu tai tulee muuten myyntikelvottomaksi. My\u00f6s kaikki tuotteet, joiden myyntip\u00e4iv\u00e4ys umpeutuu, kuuluvat fyysiseen h\u00e4vikkiin.<\/p>\n<p>* Rikollinen h\u00e4vikki<\/p>\n<p>o Rikolliseen h\u00e4vikkiin kuuluvat asiakkaiden ja henkil\u00f6kunnan tekem\u00e4t myym\u00e4l\u00e4-varkaudet.<\/p>\n<p>(L\u00e4hde: Marja Hiiri &#8211; H\u00e4vikin vaikutus kannattavuuteen)<\/p>\n<p>* Elosella h\u00e4vikit ovat jaoteltu osastoittaan; tuote-, raaka-aine-, pakkaus- ja ty\u00f6aikah\u00e4vikki. Suurin h\u00e4vikin laji on tuoteh\u00e4vikki ja k\u00e4yt\u00e4nn\u00f6ss\u00e4 se tarkoittaa ylileivontaa ja rikkoutuneita tuotteita. H\u00e4vikki pyrit\u00e4\u00e4n huomioimaan mahdollisimman tarkkaan katelaskennassa ja sit\u00e4 seurataan p\u00e4ivitt\u00e4in ja jos tulee poikkeamia, niihin puututaan. Myym\u00e4l\u00e4ss\u00e4 h\u00e4vikki\u00e4 pyrit\u00e4\u00e4n pienent\u00e4m\u00e4\u00e4n myym\u00e4ll\u00e4 pienill\u00e4 hinnoilla eilist\u00e4 tai toissap\u00e4iv\u00e4ist\u00e4 tavaraa mm. seurakunnille ja muille yhteis\u00f6ille sek\u00e4 maanviljelij\u00f6ille el\u00e4inten leiv\u00e4ksi.<\/p>\n","protected":false},"excerpt":{"rendered":"<p>Teht\u00e4v\u00e4 1: * Elosen leipomon tehtaanmyym\u00e4l\u00e4ss\u00e4 kaikilla ty\u00f6ntekij\u00f6ill\u00e4 oli samat ty\u00f6teht\u00e4v\u00e4t. Ty\u00f6teht\u00e4v\u00e4t p\u00e4iv\u00e4n aikaan tosin riippuivat hiukan siit\u00e4 tulitko aamu- vai iltavuoroon, mutta n\u00e4in yleisesti kaikille ty\u00f6ntekij\u00f6ille kuului tuotteiden paikalleen laitto, yleisest\u00e4 siisteydest\u00e4 huolehtiminen, kassalla olo ja loppuneiden tuotteiden tilaaminen. * Elosen tehtaalla on yli 500 ty\u00f6ntekij\u00e4\u00e4 joista suurin osa on itse tehtaan puolella. Siell\u00e4 &hellip; <a href=\"https:\/\/blogit.gradia.fi\/anniinatuomijarvi\/kttn-tehtava-1-2-ja-3\/\" class=\"more-link\">Jatka lukemista <span class=\"screen-reader-text\">KTT:n teht\u00e4v\u00e4 1, 2 ja 3<\/span> <span class=\"meta-nav\">&rarr;<\/span><\/a><\/p>\n","protected":false},"author":588,"featured_media":0,"comment_status":"open","ping_status":"open","sticky":false,"template":"","format":"standard","meta":{"_uag_custom_page_level_css":"","footnotes":""},"categories":[3],"tags":[],"class_list":["post-99","post","type-post","status-publish","format-standard","hentry","category-top"],"yoast_head":"<!-- This site is optimized with the Yoast SEO plugin v27.4 - https:\/\/yoast.com\/product\/yoast-seo-wordpress\/ -->\n<title>KTT:n teht\u00e4v\u00e4 1, 2 ja 3 - Ty\u00f6el\u00e4m\u00e4n sek\u00e4 koulun yhdist\u00e4minen opiskelijan silmin.<\/title>\n<meta name=\"robots\" content=\"index, follow, max-snippet:-1, max-image-preview:large, max-video-preview:-1\" \/>\n<link rel=\"canonical\" href=\"https:\/\/blogit.gradia.fi\/anniinatuomijarvi\/kttn-tehtava-1-2-ja-3\/\" \/>\n<meta property=\"og:locale\" content=\"fi_FI\" \/>\n<meta property=\"og:type\" content=\"article\" \/>\n<meta property=\"og:title\" content=\"KTT:n teht\u00e4v\u00e4 1, 2 ja 3 - Ty\u00f6el\u00e4m\u00e4n sek\u00e4 koulun yhdist\u00e4minen opiskelijan silmin.\" \/>\n<meta property=\"og:description\" content=\"Teht\u00e4v\u00e4 1: * Elosen leipomon tehtaanmyym\u00e4l\u00e4ss\u00e4 kaikilla ty\u00f6ntekij\u00f6ill\u00e4 oli samat ty\u00f6teht\u00e4v\u00e4t. Ty\u00f6teht\u00e4v\u00e4t p\u00e4iv\u00e4n aikaan tosin riippuivat hiukan siit\u00e4 tulitko aamu- vai iltavuoroon, mutta n\u00e4in yleisesti kaikille ty\u00f6ntekij\u00f6ille kuului tuotteiden paikalleen laitto, yleisest\u00e4 siisteydest\u00e4 huolehtiminen, kassalla olo ja loppuneiden tuotteiden tilaaminen. * Elosen tehtaalla on yli 500 ty\u00f6ntekij\u00e4\u00e4 joista suurin osa on itse tehtaan puolella. Siell\u00e4 &hellip; Jatka lukemista KTT:n teht\u00e4v\u00e4 1, 2 ja 3 &rarr;\" \/>\n<meta property=\"og:url\" content=\"https:\/\/blogit.gradia.fi\/anniinatuomijarvi\/kttn-tehtava-1-2-ja-3\/\" \/>\n<meta property=\"og:site_name\" content=\"Ty\u00f6el\u00e4m\u00e4n sek\u00e4 koulun yhdist\u00e4minen opiskelijan silmin.\" \/>\n<meta property=\"article:published_time\" content=\"2013-09-23T15:42:08+00:00\" \/>\n<meta property=\"article:modified_time\" content=\"2014-12-07T16:20:47+00:00\" \/>\n<meta name=\"author\" content=\"Anniina\" \/>\n<meta name=\"twitter:card\" content=\"summary_large_image\" \/>\n<meta name=\"twitter:label1\" content=\"Kirjoittanut\" \/>\n\t<meta name=\"twitter:data1\" content=\"Anniina\" \/>\n\t<meta name=\"twitter:label2\" content=\"Arvioitu lukuaika\" \/>\n\t<meta name=\"twitter:data2\" content=\"3 minuuttia\" \/>\n<script type=\"application\/ld+json\" class=\"yoast-schema-graph\">{\"@context\":\"https:\\\/\\\/schema.org\",\"@graph\":[{\"@type\":\"Article\",\"@id\":\"https:\\\/\\\/blogit.gradia.fi\\\/anniinatuomijarvi\\\/kttn-tehtava-1-2-ja-3\\\/#article\",\"isPartOf\":{\"@id\":\"https:\\\/\\\/blogit.gradia.fi\\\/anniinatuomijarvi\\\/kttn-tehtava-1-2-ja-3\\\/\"},\"author\":{\"name\":\"Anniina\",\"@id\":\"https:\\\/\\\/blogit.gradia.fi\\\/anniinatuomijarvi\\\/#\\\/schema\\\/person\\\/a126012e8cf245661fe7e619b8b68806\"},\"headline\":\"KTT:n teht\u00e4v\u00e4 1, 2 ja 3\",\"datePublished\":\"2013-09-23T15:42:08+00:00\",\"dateModified\":\"2014-12-07T16:20:47+00:00\",\"mainEntityOfPage\":{\"@id\":\"https:\\\/\\\/blogit.gradia.fi\\\/anniinatuomijarvi\\\/kttn-tehtava-1-2-ja-3\\\/\"},\"wordCount\":678,\"commentCount\":0,\"articleSection\":[\"TOP\"],\"inLanguage\":\"fi\",\"potentialAction\":[{\"@type\":\"CommentAction\",\"name\":\"Comment\",\"target\":[\"https:\\\/\\\/blogit.gradia.fi\\\/anniinatuomijarvi\\\/kttn-tehtava-1-2-ja-3\\\/#respond\"]}]},{\"@type\":\"WebPage\",\"@id\":\"https:\\\/\\\/blogit.gradia.fi\\\/anniinatuomijarvi\\\/kttn-tehtava-1-2-ja-3\\\/\",\"url\":\"https:\\\/\\\/blogit.gradia.fi\\\/anniinatuomijarvi\\\/kttn-tehtava-1-2-ja-3\\\/\",\"name\":\"KTT:n teht\u00e4v\u00e4 1, 2 ja 3 - Ty\u00f6el\u00e4m\u00e4n sek\u00e4 koulun yhdist\u00e4minen opiskelijan silmin.\",\"isPartOf\":{\"@id\":\"https:\\\/\\\/blogit.gradia.fi\\\/anniinatuomijarvi\\\/#website\"},\"datePublished\":\"2013-09-23T15:42:08+00:00\",\"dateModified\":\"2014-12-07T16:20:47+00:00\",\"author\":{\"@id\":\"https:\\\/\\\/blogit.gradia.fi\\\/anniinatuomijarvi\\\/#\\\/schema\\\/person\\\/a126012e8cf245661fe7e619b8b68806\"},\"inLanguage\":\"fi\",\"potentialAction\":[{\"@type\":\"ReadAction\",\"target\":[\"https:\\\/\\\/blogit.gradia.fi\\\/anniinatuomijarvi\\\/kttn-tehtava-1-2-ja-3\\\/\"]}]},{\"@type\":\"WebSite\",\"@id\":\"https:\\\/\\\/blogit.gradia.fi\\\/anniinatuomijarvi\\\/#website\",\"url\":\"https:\\\/\\\/blogit.gradia.fi\\\/anniinatuomijarvi\\\/\",\"name\":\"Ty\u00f6el\u00e4m\u00e4n sek\u00e4 koulun yhdist\u00e4minen opiskelijan silmin.\",\"description\":\"\",\"potentialAction\":[{\"@type\":\"SearchAction\",\"target\":{\"@type\":\"EntryPoint\",\"urlTemplate\":\"https:\\\/\\\/blogit.gradia.fi\\\/anniinatuomijarvi\\\/?s={search_term_string}\"},\"query-input\":{\"@type\":\"PropertyValueSpecification\",\"valueRequired\":true,\"valueName\":\"search_term_string\"}}],\"inLanguage\":\"fi\"},{\"@type\":\"Person\",\"@id\":\"https:\\\/\\\/blogit.gradia.fi\\\/anniinatuomijarvi\\\/#\\\/schema\\\/person\\\/a126012e8cf245661fe7e619b8b68806\",\"name\":\"Anniina\",\"image\":{\"@type\":\"ImageObject\",\"inLanguage\":\"fi\",\"@id\":\"https:\\\/\\\/secure.gravatar.com\\\/avatar\\\/faa68d1f1aa3d5a567e8faedb990f70be54a921fe1e421b90146ac2ec28bd4c2?s=96&d=mm&r=g\",\"url\":\"https:\\\/\\\/secure.gravatar.com\\\/avatar\\\/faa68d1f1aa3d5a567e8faedb990f70be54a921fe1e421b90146ac2ec28bd4c2?s=96&d=mm&r=g\",\"contentUrl\":\"https:\\\/\\\/secure.gravatar.com\\\/avatar\\\/faa68d1f1aa3d5a567e8faedb990f70be54a921fe1e421b90146ac2ec28bd4c2?s=96&d=mm&r=g\",\"caption\":\"Anniina\"},\"description\":\"Moikka ! Olen J\u00e4ms\u00e4l\u00e4inen 18 vuotias tytt\u00f6 ja opiskelen Jyv\u00e4skyl\u00e4n ammattiopistossa merkonomiksi ty\u00f6harjoittelupainotteisella linjalla, joka koostuu viikossa kolmesta p\u00e4iv\u00e4st\u00e4 ty\u00f6t\u00e4 ja kahdesta p\u00e4iv\u00e4st\u00e4 koulua.\",\"sameAs\":[\"https:\\\/\\\/blogit.gradia.fi\\\/anniinatuomijarvi\"],\"url\":\"https:\\\/\\\/blogit.gradia.fi\\\/anniinatuomijarvi\\\/author\\\/ao106993\\\/\"}]}<\/script>\n<!-- \/ Yoast SEO plugin. -->","yoast_head_json":{"title":"KTT:n teht\u00e4v\u00e4 1, 2 ja 3 - Ty\u00f6el\u00e4m\u00e4n sek\u00e4 koulun yhdist\u00e4minen opiskelijan silmin.","robots":{"index":"index","follow":"follow","max-snippet":"max-snippet:-1","max-image-preview":"max-image-preview:large","max-video-preview":"max-video-preview:-1"},"canonical":"https:\/\/blogit.gradia.fi\/anniinatuomijarvi\/kttn-tehtava-1-2-ja-3\/","og_locale":"fi_FI","og_type":"article","og_title":"KTT:n teht\u00e4v\u00e4 1, 2 ja 3 - Ty\u00f6el\u00e4m\u00e4n sek\u00e4 koulun yhdist\u00e4minen opiskelijan silmin.","og_description":"Teht\u00e4v\u00e4 1: * Elosen leipomon tehtaanmyym\u00e4l\u00e4ss\u00e4 kaikilla ty\u00f6ntekij\u00f6ill\u00e4 oli samat ty\u00f6teht\u00e4v\u00e4t. Ty\u00f6teht\u00e4v\u00e4t p\u00e4iv\u00e4n aikaan tosin riippuivat hiukan siit\u00e4 tulitko aamu- vai iltavuoroon, mutta n\u00e4in yleisesti kaikille ty\u00f6ntekij\u00f6ille kuului tuotteiden paikalleen laitto, yleisest\u00e4 siisteydest\u00e4 huolehtiminen, kassalla olo ja loppuneiden tuotteiden tilaaminen. * Elosen tehtaalla on yli 500 ty\u00f6ntekij\u00e4\u00e4 joista suurin osa on itse tehtaan puolella. Siell\u00e4 &hellip; Jatka lukemista KTT:n teht\u00e4v\u00e4 1, 2 ja 3 &rarr;","og_url":"https:\/\/blogit.gradia.fi\/anniinatuomijarvi\/kttn-tehtava-1-2-ja-3\/","og_site_name":"Ty\u00f6el\u00e4m\u00e4n sek\u00e4 koulun yhdist\u00e4minen opiskelijan silmin.","article_published_time":"2013-09-23T15:42:08+00:00","article_modified_time":"2014-12-07T16:20:47+00:00","author":"Anniina","twitter_card":"summary_large_image","twitter_misc":{"Kirjoittanut":"Anniina","Arvioitu lukuaika":"3 minuuttia"},"schema":{"@context":"https:\/\/schema.org","@graph":[{"@type":"Article","@id":"https:\/\/blogit.gradia.fi\/anniinatuomijarvi\/kttn-tehtava-1-2-ja-3\/#article","isPartOf":{"@id":"https:\/\/blogit.gradia.fi\/anniinatuomijarvi\/kttn-tehtava-1-2-ja-3\/"},"author":{"name":"Anniina","@id":"https:\/\/blogit.gradia.fi\/anniinatuomijarvi\/#\/schema\/person\/a126012e8cf245661fe7e619b8b68806"},"headline":"KTT:n teht\u00e4v\u00e4 1, 2 ja 3","datePublished":"2013-09-23T15:42:08+00:00","dateModified":"2014-12-07T16:20:47+00:00","mainEntityOfPage":{"@id":"https:\/\/blogit.gradia.fi\/anniinatuomijarvi\/kttn-tehtava-1-2-ja-3\/"},"wordCount":678,"commentCount":0,"articleSection":["TOP"],"inLanguage":"fi","potentialAction":[{"@type":"CommentAction","name":"Comment","target":["https:\/\/blogit.gradia.fi\/anniinatuomijarvi\/kttn-tehtava-1-2-ja-3\/#respond"]}]},{"@type":"WebPage","@id":"https:\/\/blogit.gradia.fi\/anniinatuomijarvi\/kttn-tehtava-1-2-ja-3\/","url":"https:\/\/blogit.gradia.fi\/anniinatuomijarvi\/kttn-tehtava-1-2-ja-3\/","name":"KTT:n teht\u00e4v\u00e4 1, 2 ja 3 - Ty\u00f6el\u00e4m\u00e4n sek\u00e4 koulun yhdist\u00e4minen opiskelijan silmin.","isPartOf":{"@id":"https:\/\/blogit.gradia.fi\/anniinatuomijarvi\/#website"},"datePublished":"2013-09-23T15:42:08+00:00","dateModified":"2014-12-07T16:20:47+00:00","author":{"@id":"https:\/\/blogit.gradia.fi\/anniinatuomijarvi\/#\/schema\/person\/a126012e8cf245661fe7e619b8b68806"},"inLanguage":"fi","potentialAction":[{"@type":"ReadAction","target":["https:\/\/blogit.gradia.fi\/anniinatuomijarvi\/kttn-tehtava-1-2-ja-3\/"]}]},{"@type":"WebSite","@id":"https:\/\/blogit.gradia.fi\/anniinatuomijarvi\/#website","url":"https:\/\/blogit.gradia.fi\/anniinatuomijarvi\/","name":"Ty\u00f6el\u00e4m\u00e4n sek\u00e4 koulun yhdist\u00e4minen opiskelijan silmin.","description":"","potentialAction":[{"@type":"SearchAction","target":{"@type":"EntryPoint","urlTemplate":"https:\/\/blogit.gradia.fi\/anniinatuomijarvi\/?s={search_term_string}"},"query-input":{"@type":"PropertyValueSpecification","valueRequired":true,"valueName":"search_term_string"}}],"inLanguage":"fi"},{"@type":"Person","@id":"https:\/\/blogit.gradia.fi\/anniinatuomijarvi\/#\/schema\/person\/a126012e8cf245661fe7e619b8b68806","name":"Anniina","image":{"@type":"ImageObject","inLanguage":"fi","@id":"https:\/\/secure.gravatar.com\/avatar\/faa68d1f1aa3d5a567e8faedb990f70be54a921fe1e421b90146ac2ec28bd4c2?s=96&d=mm&r=g","url":"https:\/\/secure.gravatar.com\/avatar\/faa68d1f1aa3d5a567e8faedb990f70be54a921fe1e421b90146ac2ec28bd4c2?s=96&d=mm&r=g","contentUrl":"https:\/\/secure.gravatar.com\/avatar\/faa68d1f1aa3d5a567e8faedb990f70be54a921fe1e421b90146ac2ec28bd4c2?s=96&d=mm&r=g","caption":"Anniina"},"description":"Moikka ! Olen J\u00e4ms\u00e4l\u00e4inen 18 vuotias tytt\u00f6 ja opiskelen Jyv\u00e4skyl\u00e4n ammattiopistossa merkonomiksi ty\u00f6harjoittelupainotteisella linjalla, joka koostuu viikossa kolmesta p\u00e4iv\u00e4st\u00e4 ty\u00f6t\u00e4 ja kahdesta p\u00e4iv\u00e4st\u00e4 koulua.","sameAs":["https:\/\/blogit.gradia.fi\/anniinatuomijarvi"],"url":"https:\/\/blogit.gradia.fi\/anniinatuomijarvi\/author\/ao106993\/"}]}},"uagb_featured_image_src":{"full":false,"thumbnail":false,"medium":false,"medium_large":false,"large":false,"1536x1536":false,"2048x2048":false,"post-thumbnail":false,"twentyfourteen-full-width":false},"uagb_author_info":{"display_name":"Anniina","author_link":"https:\/\/blogit.gradia.fi\/anniinatuomijarvi\/author\/ao106993\/"},"uagb_comment_info":11,"uagb_excerpt":"Teht\u00e4v\u00e4 1: * Elosen leipomon tehtaanmyym\u00e4l\u00e4ss\u00e4 kaikilla ty\u00f6ntekij\u00f6ill\u00e4 oli samat ty\u00f6teht\u00e4v\u00e4t. Ty\u00f6teht\u00e4v\u00e4t p\u00e4iv\u00e4n aikaan tosin riippuivat hiukan siit\u00e4 tulitko aamu- vai iltavuoroon, mutta n\u00e4in yleisesti kaikille ty\u00f6ntekij\u00f6ille kuului tuotteiden paikalleen laitto, yleisest\u00e4 siisteydest\u00e4 huolehtiminen, kassalla olo ja loppuneiden tuotteiden tilaaminen. * Elosen tehtaalla on yli 500 ty\u00f6ntekij\u00e4\u00e4 joista suurin osa on itse tehtaan puolella. Siell\u00e4&hellip;","_links":{"self":[{"href":"https:\/\/blogit.gradia.fi\/anniinatuomijarvi\/wp-json\/wp\/v2\/posts\/99","targetHints":{"allow":["GET"]}}],"collection":[{"href":"https:\/\/blogit.gradia.fi\/anniinatuomijarvi\/wp-json\/wp\/v2\/posts"}],"about":[{"href":"https:\/\/blogit.gradia.fi\/anniinatuomijarvi\/wp-json\/wp\/v2\/types\/post"}],"author":[{"embeddable":true,"href":"https:\/\/blogit.gradia.fi\/anniinatuomijarvi\/wp-json\/wp\/v2\/users\/588"}],"replies":[{"embeddable":true,"href":"https:\/\/blogit.gradia.fi\/anniinatuomijarvi\/wp-json\/wp\/v2\/comments?post=99"}],"version-history":[{"count":0,"href":"https:\/\/blogit.gradia.fi\/anniinatuomijarvi\/wp-json\/wp\/v2\/posts\/99\/revisions"}],"wp:attachment":[{"href":"https:\/\/blogit.gradia.fi\/anniinatuomijarvi\/wp-json\/wp\/v2\/media?parent=99"}],"wp:term":[{"taxonomy":"category","embeddable":true,"href":"https:\/\/blogit.gradia.fi\/anniinatuomijarvi\/wp-json\/wp\/v2\/categories?post=99"},{"taxonomy":"post_tag","embeddable":true,"href":"https:\/\/blogit.gradia.fi\/anniinatuomijarvi\/wp-json\/wp\/v2\/tags?post=99"}],"curies":[{"name":"wp","href":"https:\/\/api.w.org\/{rel}","templated":true}]}}