{"id":97,"date":"2013-09-17T19:32:54","date_gmt":"2013-09-17T16:32:54","guid":{"rendered":"https:\/\/blogit.gradia.fi\/anniinatuomijarvi\/?p=97"},"modified":"2014-12-07T18:21:00","modified_gmt":"2014-12-07T16:21:00","slug":"8-kttn-top-tehtava","status":"publish","type":"post","link":"https:\/\/blogit.gradia.fi\/anniinatuomijarvi\/8-kttn-top-tehtava\/","title":{"rendered":"8. KTT:n TOP-teht\u00e4v\u00e4"},"content":{"rendered":"<p>Sijainti<\/p>\n<p>&#8211;\u00a0\u00a0\u00a0\u00a0\u00a0\u00a0\u00a0 \u00a0min\u00e4 vuonna ty\u00f6paikkanne on \u201dilmaantunut\u201d nykyiselle paikalle<\/p>\n<ul>\n<li>Nykyiselle paikalle Kimperi on muuttanut 2012 vuoden alussa.<\/li>\n<\/ul>\n<p>&#8211;\u00a0\u00a0\u00a0\u00a0\u00a0\u00a0\u00a0 onko rakennus ty\u00f6paikan oma\/rakennettu<\/p>\n<ul>\n<li>Rakennus ei ole ty\u00f6paikan oma\/rakennettu, se on vuokrattu yksityiselt\u00e4 vuokranantajalta.<\/li>\n<\/ul>\n<p>&#8211;\u00a0\u00a0\u00a0\u00a0\u00a0\u00a0\u00a0 miss\u00e4 yritys on aiemmin sijainnut (jos samalla muuttanut saman paikkakunnan sis\u00e4ll\u00e4)<\/p>\n<ul>\n<li>Yritys on aikaisemmin sijainnut Jyv\u00e4skyl\u00e4n yl\u00e4kaupungissa, Kauppakadulla.<\/li>\n<\/ul>\n<p>&#8211;\u00a0\u00a0\u00a0\u00a0\u00a0\u00a0\u00a0 mit\u00e4 tekij\u00f6it\u00e4 yrityksen edustajan mielest\u00e4 on vaikuttanut ty\u00f6paikkanne nykyiseen sijaintiin (ostovoima, ohikulkuliikenne, kilpailijat, kaavoitus, asuminen, ty\u00f6paikat jne)<\/p>\n<ul>\n<li>Nykyisess\u00e4 paikassa on enemm\u00e4n ohikulkijoita, kuin vanhassa.<\/li>\n<li>L\u00e4hell\u00e4 oleva kirkkopuisto, museot ja muut n\u00e4ht\u00e4vyydet tuovat my\u00f6s turisteja.<\/li>\n<li>Sijainti, koska nykyinen paikka on l\u00e4hemp\u00e4n\u00e4 keskustaa.<\/li>\n<li>Alempi vuokra.<\/li>\n<li>Hyv\u00e4t kulkuyhteydet \/ parkkipaikat.<\/li>\n<li>Ei periaatteessa kilpailijoita, ainut paikallinen yritys ja niin omaa luokkaansa oleva erikoistavarakauppa ettei muut lastenvaatekaupat pysty samaan.<\/li>\n<li>Hyv\u00e4 liiketila.<\/li>\n<\/ul>\n","protected":false},"excerpt":{"rendered":"<p>Sijainti &#8211;\u00a0\u00a0\u00a0\u00a0\u00a0\u00a0\u00a0 \u00a0min\u00e4 vuonna ty\u00f6paikkanne on \u201dilmaantunut\u201d nykyiselle paikalle Nykyiselle paikalle Kimperi on muuttanut 2012 vuoden alussa. &#8211;\u00a0\u00a0\u00a0\u00a0\u00a0\u00a0\u00a0 onko rakennus ty\u00f6paikan oma\/rakennettu Rakennus ei ole ty\u00f6paikan oma\/rakennettu, se on vuokrattu yksityiselt\u00e4 vuokranantajalta. &#8211;\u00a0\u00a0\u00a0\u00a0\u00a0\u00a0\u00a0 miss\u00e4 yritys on aiemmin sijainnut (jos samalla muuttanut saman paikkakunnan sis\u00e4ll\u00e4) Yritys on aikaisemmin sijainnut Jyv\u00e4skyl\u00e4n yl\u00e4kaupungissa, Kauppakadulla. &#8211;\u00a0\u00a0\u00a0\u00a0\u00a0\u00a0\u00a0 mit\u00e4 tekij\u00f6it\u00e4 yrityksen &hellip; <a href=\"https:\/\/blogit.gradia.fi\/anniinatuomijarvi\/8-kttn-top-tehtava\/\" class=\"more-link\">Jatka lukemista <span class=\"screen-reader-text\">8. KTT:n TOP-teht\u00e4v\u00e4<\/span> <span class=\"meta-nav\">&rarr;<\/span><\/a><\/p>\n","protected":false},"author":588,"featured_media":0,"comment_status":"open","ping_status":"open","sticky":false,"template":"","format":"standard","meta":{"_uag_custom_page_level_css":"","footnotes":""},"categories":[3],"tags":[],"class_list":["post-97","post","type-post","status-publish","format-standard","hentry","category-top"],"yoast_head":"<!-- This site is optimized with the Yoast SEO plugin v27.4 - https:\/\/yoast.com\/product\/yoast-seo-wordpress\/ -->\n<title>8. KTT:n TOP-teht\u00e4v\u00e4 - Ty\u00f6el\u00e4m\u00e4n sek\u00e4 koulun yhdist\u00e4minen opiskelijan silmin.<\/title>\n<meta name=\"robots\" content=\"index, follow, max-snippet:-1, max-image-preview:large, max-video-preview:-1\" \/>\n<link rel=\"canonical\" href=\"https:\/\/blogit.gradia.fi\/anniinatuomijarvi\/8-kttn-top-tehtava\/\" \/>\n<meta property=\"og:locale\" content=\"fi_FI\" \/>\n<meta property=\"og:type\" content=\"article\" \/>\n<meta property=\"og:title\" content=\"8. KTT:n TOP-teht\u00e4v\u00e4 - Ty\u00f6el\u00e4m\u00e4n sek\u00e4 koulun yhdist\u00e4minen opiskelijan silmin.\" \/>\n<meta property=\"og:description\" content=\"Sijainti &#8211;\u00a0\u00a0\u00a0\u00a0\u00a0\u00a0\u00a0 \u00a0min\u00e4 vuonna ty\u00f6paikkanne on \u201dilmaantunut\u201d nykyiselle paikalle Nykyiselle paikalle Kimperi on muuttanut 2012 vuoden alussa. &#8211;\u00a0\u00a0\u00a0\u00a0\u00a0\u00a0\u00a0 onko rakennus ty\u00f6paikan oma\/rakennettu Rakennus ei ole ty\u00f6paikan oma\/rakennettu, se on vuokrattu yksityiselt\u00e4 vuokranantajalta. &#8211;\u00a0\u00a0\u00a0\u00a0\u00a0\u00a0\u00a0 miss\u00e4 yritys on aiemmin sijainnut (jos samalla muuttanut saman paikkakunnan sis\u00e4ll\u00e4) Yritys on aikaisemmin sijainnut Jyv\u00e4skyl\u00e4n yl\u00e4kaupungissa, Kauppakadulla. &#8211;\u00a0\u00a0\u00a0\u00a0\u00a0\u00a0\u00a0 mit\u00e4 tekij\u00f6it\u00e4 yrityksen &hellip; Jatka lukemista 8. KTT:n TOP-teht\u00e4v\u00e4 &rarr;\" \/>\n<meta property=\"og:url\" content=\"https:\/\/blogit.gradia.fi\/anniinatuomijarvi\/8-kttn-top-tehtava\/\" \/>\n<meta property=\"og:site_name\" content=\"Ty\u00f6el\u00e4m\u00e4n sek\u00e4 koulun yhdist\u00e4minen opiskelijan silmin.\" \/>\n<meta property=\"article:published_time\" content=\"2013-09-17T16:32:54+00:00\" \/>\n<meta property=\"article:modified_time\" content=\"2014-12-07T16:21:00+00:00\" \/>\n<meta name=\"author\" content=\"Anniina\" \/>\n<meta name=\"twitter:card\" content=\"summary_large_image\" \/>\n<meta name=\"twitter:label1\" content=\"Kirjoittanut\" \/>\n\t<meta name=\"twitter:data1\" content=\"Anniina\" \/>\n\t<meta name=\"twitter:label2\" content=\"Arvioitu lukuaika\" \/>\n\t<meta name=\"twitter:data2\" content=\"1 minuutti\" \/>\n<script type=\"application\/ld+json\" class=\"yoast-schema-graph\">{\"@context\":\"https:\\\/\\\/schema.org\",\"@graph\":[{\"@type\":\"Article\",\"@id\":\"https:\\\/\\\/blogit.gradia.fi\\\/anniinatuomijarvi\\\/8-kttn-top-tehtava\\\/#article\",\"isPartOf\":{\"@id\":\"https:\\\/\\\/blogit.gradia.fi\\\/anniinatuomijarvi\\\/8-kttn-top-tehtava\\\/\"},\"author\":{\"name\":\"Anniina\",\"@id\":\"https:\\\/\\\/blogit.gradia.fi\\\/anniinatuomijarvi\\\/#\\\/schema\\\/person\\\/a126012e8cf245661fe7e619b8b68806\"},\"headline\":\"8. KTT:n TOP-teht\u00e4v\u00e4\",\"datePublished\":\"2013-09-17T16:32:54+00:00\",\"dateModified\":\"2014-12-07T16:21:00+00:00\",\"mainEntityOfPage\":{\"@id\":\"https:\\\/\\\/blogit.gradia.fi\\\/anniinatuomijarvi\\\/8-kttn-top-tehtava\\\/\"},\"wordCount\":140,\"commentCount\":0,\"articleSection\":[\"TOP\"],\"inLanguage\":\"fi\",\"potentialAction\":[{\"@type\":\"CommentAction\",\"name\":\"Comment\",\"target\":[\"https:\\\/\\\/blogit.gradia.fi\\\/anniinatuomijarvi\\\/8-kttn-top-tehtava\\\/#respond\"]}]},{\"@type\":\"WebPage\",\"@id\":\"https:\\\/\\\/blogit.gradia.fi\\\/anniinatuomijarvi\\\/8-kttn-top-tehtava\\\/\",\"url\":\"https:\\\/\\\/blogit.gradia.fi\\\/anniinatuomijarvi\\\/8-kttn-top-tehtava\\\/\",\"name\":\"8. KTT:n TOP-teht\u00e4v\u00e4 - Ty\u00f6el\u00e4m\u00e4n sek\u00e4 koulun yhdist\u00e4minen opiskelijan silmin.\",\"isPartOf\":{\"@id\":\"https:\\\/\\\/blogit.gradia.fi\\\/anniinatuomijarvi\\\/#website\"},\"datePublished\":\"2013-09-17T16:32:54+00:00\",\"dateModified\":\"2014-12-07T16:21:00+00:00\",\"author\":{\"@id\":\"https:\\\/\\\/blogit.gradia.fi\\\/anniinatuomijarvi\\\/#\\\/schema\\\/person\\\/a126012e8cf245661fe7e619b8b68806\"},\"inLanguage\":\"fi\",\"potentialAction\":[{\"@type\":\"ReadAction\",\"target\":[\"https:\\\/\\\/blogit.gradia.fi\\\/anniinatuomijarvi\\\/8-kttn-top-tehtava\\\/\"]}]},{\"@type\":\"WebSite\",\"@id\":\"https:\\\/\\\/blogit.gradia.fi\\\/anniinatuomijarvi\\\/#website\",\"url\":\"https:\\\/\\\/blogit.gradia.fi\\\/anniinatuomijarvi\\\/\",\"name\":\"Ty\u00f6el\u00e4m\u00e4n sek\u00e4 koulun yhdist\u00e4minen opiskelijan silmin.\",\"description\":\"\",\"potentialAction\":[{\"@type\":\"SearchAction\",\"target\":{\"@type\":\"EntryPoint\",\"urlTemplate\":\"https:\\\/\\\/blogit.gradia.fi\\\/anniinatuomijarvi\\\/?s={search_term_string}\"},\"query-input\":{\"@type\":\"PropertyValueSpecification\",\"valueRequired\":true,\"valueName\":\"search_term_string\"}}],\"inLanguage\":\"fi\"},{\"@type\":\"Person\",\"@id\":\"https:\\\/\\\/blogit.gradia.fi\\\/anniinatuomijarvi\\\/#\\\/schema\\\/person\\\/a126012e8cf245661fe7e619b8b68806\",\"name\":\"Anniina\",\"image\":{\"@type\":\"ImageObject\",\"inLanguage\":\"fi\",\"@id\":\"https:\\\/\\\/secure.gravatar.com\\\/avatar\\\/faa68d1f1aa3d5a567e8faedb990f70be54a921fe1e421b90146ac2ec28bd4c2?s=96&d=mm&r=g\",\"url\":\"https:\\\/\\\/secure.gravatar.com\\\/avatar\\\/faa68d1f1aa3d5a567e8faedb990f70be54a921fe1e421b90146ac2ec28bd4c2?s=96&d=mm&r=g\",\"contentUrl\":\"https:\\\/\\\/secure.gravatar.com\\\/avatar\\\/faa68d1f1aa3d5a567e8faedb990f70be54a921fe1e421b90146ac2ec28bd4c2?s=96&d=mm&r=g\",\"caption\":\"Anniina\"},\"description\":\"Moikka ! Olen J\u00e4ms\u00e4l\u00e4inen 18 vuotias tytt\u00f6 ja opiskelen Jyv\u00e4skyl\u00e4n ammattiopistossa merkonomiksi ty\u00f6harjoittelupainotteisella linjalla, joka koostuu viikossa kolmesta p\u00e4iv\u00e4st\u00e4 ty\u00f6t\u00e4 ja kahdesta p\u00e4iv\u00e4st\u00e4 koulua.\",\"sameAs\":[\"https:\\\/\\\/blogit.gradia.fi\\\/anniinatuomijarvi\"],\"url\":\"https:\\\/\\\/blogit.gradia.fi\\\/anniinatuomijarvi\\\/author\\\/ao106993\\\/\"}]}<\/script>\n<!-- \/ Yoast SEO plugin. -->","yoast_head_json":{"title":"8. KTT:n TOP-teht\u00e4v\u00e4 - Ty\u00f6el\u00e4m\u00e4n sek\u00e4 koulun yhdist\u00e4minen opiskelijan silmin.","robots":{"index":"index","follow":"follow","max-snippet":"max-snippet:-1","max-image-preview":"max-image-preview:large","max-video-preview":"max-video-preview:-1"},"canonical":"https:\/\/blogit.gradia.fi\/anniinatuomijarvi\/8-kttn-top-tehtava\/","og_locale":"fi_FI","og_type":"article","og_title":"8. KTT:n TOP-teht\u00e4v\u00e4 - Ty\u00f6el\u00e4m\u00e4n sek\u00e4 koulun yhdist\u00e4minen opiskelijan silmin.","og_description":"Sijainti &#8211;\u00a0\u00a0\u00a0\u00a0\u00a0\u00a0\u00a0 \u00a0min\u00e4 vuonna ty\u00f6paikkanne on \u201dilmaantunut\u201d nykyiselle paikalle Nykyiselle paikalle Kimperi on muuttanut 2012 vuoden alussa. &#8211;\u00a0\u00a0\u00a0\u00a0\u00a0\u00a0\u00a0 onko rakennus ty\u00f6paikan oma\/rakennettu Rakennus ei ole ty\u00f6paikan oma\/rakennettu, se on vuokrattu yksityiselt\u00e4 vuokranantajalta. &#8211;\u00a0\u00a0\u00a0\u00a0\u00a0\u00a0\u00a0 miss\u00e4 yritys on aiemmin sijainnut (jos samalla muuttanut saman paikkakunnan sis\u00e4ll\u00e4) Yritys on aikaisemmin sijainnut Jyv\u00e4skyl\u00e4n yl\u00e4kaupungissa, Kauppakadulla. &#8211;\u00a0\u00a0\u00a0\u00a0\u00a0\u00a0\u00a0 mit\u00e4 tekij\u00f6it\u00e4 yrityksen &hellip; Jatka lukemista 8. KTT:n TOP-teht\u00e4v\u00e4 &rarr;","og_url":"https:\/\/blogit.gradia.fi\/anniinatuomijarvi\/8-kttn-top-tehtava\/","og_site_name":"Ty\u00f6el\u00e4m\u00e4n sek\u00e4 koulun yhdist\u00e4minen opiskelijan silmin.","article_published_time":"2013-09-17T16:32:54+00:00","article_modified_time":"2014-12-07T16:21:00+00:00","author":"Anniina","twitter_card":"summary_large_image","twitter_misc":{"Kirjoittanut":"Anniina","Arvioitu lukuaika":"1 minuutti"},"schema":{"@context":"https:\/\/schema.org","@graph":[{"@type":"Article","@id":"https:\/\/blogit.gradia.fi\/anniinatuomijarvi\/8-kttn-top-tehtava\/#article","isPartOf":{"@id":"https:\/\/blogit.gradia.fi\/anniinatuomijarvi\/8-kttn-top-tehtava\/"},"author":{"name":"Anniina","@id":"https:\/\/blogit.gradia.fi\/anniinatuomijarvi\/#\/schema\/person\/a126012e8cf245661fe7e619b8b68806"},"headline":"8. KTT:n TOP-teht\u00e4v\u00e4","datePublished":"2013-09-17T16:32:54+00:00","dateModified":"2014-12-07T16:21:00+00:00","mainEntityOfPage":{"@id":"https:\/\/blogit.gradia.fi\/anniinatuomijarvi\/8-kttn-top-tehtava\/"},"wordCount":140,"commentCount":0,"articleSection":["TOP"],"inLanguage":"fi","potentialAction":[{"@type":"CommentAction","name":"Comment","target":["https:\/\/blogit.gradia.fi\/anniinatuomijarvi\/8-kttn-top-tehtava\/#respond"]}]},{"@type":"WebPage","@id":"https:\/\/blogit.gradia.fi\/anniinatuomijarvi\/8-kttn-top-tehtava\/","url":"https:\/\/blogit.gradia.fi\/anniinatuomijarvi\/8-kttn-top-tehtava\/","name":"8. KTT:n TOP-teht\u00e4v\u00e4 - Ty\u00f6el\u00e4m\u00e4n sek\u00e4 koulun yhdist\u00e4minen opiskelijan silmin.","isPartOf":{"@id":"https:\/\/blogit.gradia.fi\/anniinatuomijarvi\/#website"},"datePublished":"2013-09-17T16:32:54+00:00","dateModified":"2014-12-07T16:21:00+00:00","author":{"@id":"https:\/\/blogit.gradia.fi\/anniinatuomijarvi\/#\/schema\/person\/a126012e8cf245661fe7e619b8b68806"},"inLanguage":"fi","potentialAction":[{"@type":"ReadAction","target":["https:\/\/blogit.gradia.fi\/anniinatuomijarvi\/8-kttn-top-tehtava\/"]}]},{"@type":"WebSite","@id":"https:\/\/blogit.gradia.fi\/anniinatuomijarvi\/#website","url":"https:\/\/blogit.gradia.fi\/anniinatuomijarvi\/","name":"Ty\u00f6el\u00e4m\u00e4n sek\u00e4 koulun yhdist\u00e4minen opiskelijan silmin.","description":"","potentialAction":[{"@type":"SearchAction","target":{"@type":"EntryPoint","urlTemplate":"https:\/\/blogit.gradia.fi\/anniinatuomijarvi\/?s={search_term_string}"},"query-input":{"@type":"PropertyValueSpecification","valueRequired":true,"valueName":"search_term_string"}}],"inLanguage":"fi"},{"@type":"Person","@id":"https:\/\/blogit.gradia.fi\/anniinatuomijarvi\/#\/schema\/person\/a126012e8cf245661fe7e619b8b68806","name":"Anniina","image":{"@type":"ImageObject","inLanguage":"fi","@id":"https:\/\/secure.gravatar.com\/avatar\/faa68d1f1aa3d5a567e8faedb990f70be54a921fe1e421b90146ac2ec28bd4c2?s=96&d=mm&r=g","url":"https:\/\/secure.gravatar.com\/avatar\/faa68d1f1aa3d5a567e8faedb990f70be54a921fe1e421b90146ac2ec28bd4c2?s=96&d=mm&r=g","contentUrl":"https:\/\/secure.gravatar.com\/avatar\/faa68d1f1aa3d5a567e8faedb990f70be54a921fe1e421b90146ac2ec28bd4c2?s=96&d=mm&r=g","caption":"Anniina"},"description":"Moikka ! Olen J\u00e4ms\u00e4l\u00e4inen 18 vuotias tytt\u00f6 ja opiskelen Jyv\u00e4skyl\u00e4n ammattiopistossa merkonomiksi ty\u00f6harjoittelupainotteisella linjalla, joka koostuu viikossa kolmesta p\u00e4iv\u00e4st\u00e4 ty\u00f6t\u00e4 ja kahdesta p\u00e4iv\u00e4st\u00e4 koulua.","sameAs":["https:\/\/blogit.gradia.fi\/anniinatuomijarvi"],"url":"https:\/\/blogit.gradia.fi\/anniinatuomijarvi\/author\/ao106993\/"}]}},"uagb_featured_image_src":{"full":false,"thumbnail":false,"medium":false,"medium_large":false,"large":false,"1536x1536":false,"2048x2048":false,"post-thumbnail":false,"twentyfourteen-full-width":false},"uagb_author_info":{"display_name":"Anniina","author_link":"https:\/\/blogit.gradia.fi\/anniinatuomijarvi\/author\/ao106993\/"},"uagb_comment_info":5,"uagb_excerpt":"Sijainti &#8211;\u00a0\u00a0\u00a0\u00a0\u00a0\u00a0\u00a0 \u00a0min\u00e4 vuonna ty\u00f6paikkanne on \u201dilmaantunut\u201d nykyiselle paikalle Nykyiselle paikalle Kimperi on muuttanut 2012 vuoden alussa. &#8211;\u00a0\u00a0\u00a0\u00a0\u00a0\u00a0\u00a0 onko rakennus ty\u00f6paikan oma\/rakennettu Rakennus ei ole ty\u00f6paikan oma\/rakennettu, se on vuokrattu yksityiselt\u00e4 vuokranantajalta. &#8211;\u00a0\u00a0\u00a0\u00a0\u00a0\u00a0\u00a0 miss\u00e4 yritys on aiemmin sijainnut (jos samalla muuttanut saman paikkakunnan sis\u00e4ll\u00e4) Yritys on aikaisemmin sijainnut Jyv\u00e4skyl\u00e4n yl\u00e4kaupungissa, Kauppakadulla. &#8211;\u00a0\u00a0\u00a0\u00a0\u00a0\u00a0\u00a0 mit\u00e4 tekij\u00f6it\u00e4 yrityksen&hellip;","_links":{"self":[{"href":"https:\/\/blogit.gradia.fi\/anniinatuomijarvi\/wp-json\/wp\/v2\/posts\/97","targetHints":{"allow":["GET"]}}],"collection":[{"href":"https:\/\/blogit.gradia.fi\/anniinatuomijarvi\/wp-json\/wp\/v2\/posts"}],"about":[{"href":"https:\/\/blogit.gradia.fi\/anniinatuomijarvi\/wp-json\/wp\/v2\/types\/post"}],"author":[{"embeddable":true,"href":"https:\/\/blogit.gradia.fi\/anniinatuomijarvi\/wp-json\/wp\/v2\/users\/588"}],"replies":[{"embeddable":true,"href":"https:\/\/blogit.gradia.fi\/anniinatuomijarvi\/wp-json\/wp\/v2\/comments?post=97"}],"version-history":[{"count":0,"href":"https:\/\/blogit.gradia.fi\/anniinatuomijarvi\/wp-json\/wp\/v2\/posts\/97\/revisions"}],"wp:attachment":[{"href":"https:\/\/blogit.gradia.fi\/anniinatuomijarvi\/wp-json\/wp\/v2\/media?parent=97"}],"wp:term":[{"taxonomy":"category","embeddable":true,"href":"https:\/\/blogit.gradia.fi\/anniinatuomijarvi\/wp-json\/wp\/v2\/categories?post=97"},{"taxonomy":"post_tag","embeddable":true,"href":"https:\/\/blogit.gradia.fi\/anniinatuomijarvi\/wp-json\/wp\/v2\/tags?post=97"}],"curies":[{"name":"wp","href":"https:\/\/api.w.org\/{rel}","templated":true}]}}