{"id":93,"date":"2013-09-11T23:26:03","date_gmt":"2013-09-11T20:26:03","guid":{"rendered":"https:\/\/blogit.gradia.fi\/anniinatuomijarvi\/?p=93"},"modified":"2014-12-07T18:21:26","modified_gmt":"2014-12-07T16:21:26","slug":"kttn-tehtavat-6-7","status":"publish","type":"post","link":"https:\/\/blogit.gradia.fi\/anniinatuomijarvi\/kttn-tehtavat-6-7\/","title":{"rendered":"KTT:n teht\u00e4v\u00e4t 6 &amp; 7"},"content":{"rendered":"<p><strong>KTT:n teht\u00e4v\u00e4 6:<\/strong><\/p>\n<p id=\"docs-internal-guid-145d8be5-e846-29a8-e1d3-78a0d839f6c8\" dir=\"ltr\"><strong>S\u00e4hk\u00f6iset palvelut<\/strong><\/p>\n<div>\n<p dir=\"ltr\">\u2022<strong>Tutki, mink\u00e4laisia s\u00e4hk\u00f6isi\u00e4 palveluita yritykset tarjoavat asiakkailleen. Listaa l\u00f6yt\u00e4m\u00e4si palvelut ja tallenna itsellesi (esim. GD \/ SD).<\/strong><\/p>\n<p dir=\"ltr\">&#8211; Mm. seuraavat yritykset tarjoavat s\u00e4hk\u00f6isi\u00e4 palveluita asiakkailleen ja n\u00e4ist\u00e4 my\u00f6s jokaisesta yksi esimerkki s\u00e4hk\u00f6isest\u00e4 palvelusta:<\/p>\n<p dir=\"ltr\">&#8211; Itella<br \/>\nLaskujen l\u00e4hett\u00e4mist\u00e4 s\u00e4hk\u00f6isesti.<\/p>\n<p dir=\"ltr\">&#8211; TraFi<br \/>\nRekisteritunnuksella ajoneuvotietoja joko omasta tai toisen autosta.<\/p>\n<p dir=\"ltr\">&#8211; Verohallinto<br \/>\nVeroilmoitus netiss\u00e4.<\/p>\n<p dir=\"ltr\">&#8211; Oikeuslaitos<br \/>\nVelkomusasiat k\u00e4r\u00e4j\u00e4oikeuteen ja velan perint\u00e4\u00e4 ulosotossa.<\/p>\n<p dir=\"ltr\">&#8211; Kela<br \/>\nHakea Kelan etuuksia ja ilmoittaa mahdollisista muutoksista.<\/p>\n<p dir=\"ltr\">\u2022<strong>Selvit\u00e4 ja listaa, mit\u00e4 erilaisia s\u00e4hk\u00f6isi\u00e4 palveluita TOP \u2013paikkasi tarjoaa asiakkailleen ja yhteisty\u00f6kumppaneilleen.<\/strong><\/p>\n<p dir=\"ltr\">&#8211; Kimperi tarjoaa asiakkailleen s\u00e4hk\u00f6isi\u00e4 palveluita mm. verkkokaupan avulla, asiakaspalvelua (my\u00f6s) s\u00e4hk\u00f6postitse ja sosiaalisessa mediassa mm. facebookissa.<\/p>\n<p dir=\"ltr\"><strong>KTT:n teht\u00e4v\u00e4 7<\/strong><\/p>\n<p dir=\"ltr\"><strong>\u2022Onko omassa TOP \u2013paikassa verkkokauppaa? Kerro sen toimintaperiaatteista esim. tilaamisesta, maksamisesta, rekister\u00f6itymisest\u00e4 jne.<\/strong><br \/>\n&#8211; Omassa TOP-paikassani Kimperill\u00e4 on verkkokauppa. Tilaaminen sielt\u00e4 on todella yksinkertaista; menet verkkokauppaan, valitset haluamasi tuotteet ostoskoriin, valitset maksutavan ja toimitustavan. Maksaminen onnistuu verkkopankkitunnuksilla suoraan tai ennakkolaskulla josta perit\u00e4\u00e4n ennakkolaskutuslis\u00e4 (lasku tulee s\u00e4hk\u00f6postiin ja siin\u00e4 on viikko aikaa maksaa lasku.) Toimitus tapahtuu 1-3 arkip\u00e4iv\u00e4n sis\u00e4ll\u00e4 siit\u00e4 kun on maksanut. Verkkokaupassa on my\u00f6s kiinte\u00e4t toimituskulut, eik\u00e4 muita erillisi\u00e4 maksuja esimerkiksi m\u00e4\u00e4r\u00e4n mukaan. Verkkokauppaan voi halutessaan rekister\u00f6ity\u00e4 mutta se ei ole mik\u00e4\u00e4n v\u00e4ltt\u00e4m\u00e4tt\u00f6myys. Jos verkkokauppaan rekister\u00f6ityy, j\u00e4\u00e4v\u00e4t tiedot omalle asiakastilille automaattisesti mutta jos tekee vain kertaostoksia ilman rekist\u00f6r\u00f6itymist\u00e4 niin joutuu joka kerta laittamaan omat yhteystiedot uudelleen. Tuotteet voi tilata kotia, jolloin laskuun lis\u00e4t\u00e4\u00e4n toimituskulut tai suoraan Kimperin putiikille jolloin se on ilmainen koska verkkokauppa toimii takahuoneessa. \ud83d\ude00<\/p>\n<p dir=\"ltr\"><strong>\u2022Perehdy yhteen ruokakauppaan, joka toimii my\u00f6s verkkokauppana<\/strong>.<br \/>\n&#8211; Perehdyin K-marketin K-ruokakauppaan.<\/p>\n<p dir=\"ltr\">\u2022<strong>Ideoi, miten ruokakauppa voisi toimia verkkokauppana. Pohdi ja kirjaa yl\u00f6s t\u00e4t\u00e4 eri kohderyhmien n\u00e4k\u00f6kulmasta kun k\u00e4ytt\u00e4j\u00e4n olisivat:<\/strong><\/p>\n<p dir=\"ltr\">\u2013<strong>Vanhukset<\/strong><br \/>\n&#8211; Kuljetukset suoraan ovelle laskun kanssa. Vanhuksien ei tarvitsisi l\u00e4hte\u00e4 kotoaan (varsinkin jos matka on pitk\u00e4) k\u00e4ym\u00e4\u00e4n kaupassa. T\u00e4ss\u00e4 voisi olla vaikka joku kilometrim\u00e4\u00e4r\u00e4 tai yksityiskohtaisesti katsottuna vanhuksen kunto joka oikeuttaa kotiinkuljetuksen.<\/p>\n<p dir=\"ltr\"><strong>\u2013Nuoret<\/strong><br \/>\n&#8211; Kaukana kaupasta asuvat nuoret voisivat tilata tuotteet kotiovelle helposti. Muuta syyt\u00e4 en keksi mikseiv\u00e4t nuoret voisi menn\u00e4 k\u00e4ym\u00e4\u00e4n kaupassa omin avuin.<\/p>\n<p>\u2013<strong>Lapsiperheet<\/strong><br \/>\n&#8211; Voisivat tilata isompia m\u00e4\u00e4ri\u00e4 suoraan eik\u00e4 tarvitsisi kantaa kamalia kauppakasseja ja kulkea huutavien ja kitisevien lasten kanssa ymp\u00e4ri isoa kauppaa.<\/p>\n<\/div>\n","protected":false},"excerpt":{"rendered":"<p>KTT:n teht\u00e4v\u00e4 6: S\u00e4hk\u00f6iset palvelut \u2022Tutki, mink\u00e4laisia s\u00e4hk\u00f6isi\u00e4 palveluita yritykset tarjoavat asiakkailleen. Listaa l\u00f6yt\u00e4m\u00e4si palvelut ja tallenna itsellesi (esim. GD \/ SD). &#8211; Mm. seuraavat yritykset tarjoavat s\u00e4hk\u00f6isi\u00e4 palveluita asiakkailleen ja n\u00e4ist\u00e4 my\u00f6s jokaisesta yksi esimerkki s\u00e4hk\u00f6isest\u00e4 palvelusta: &#8211; Itella Laskujen l\u00e4hett\u00e4mist\u00e4 s\u00e4hk\u00f6isesti. &#8211; TraFi Rekisteritunnuksella ajoneuvotietoja joko omasta tai toisen autosta. &#8211; Verohallinto Veroilmoitus &hellip; <a href=\"https:\/\/blogit.gradia.fi\/anniinatuomijarvi\/kttn-tehtavat-6-7\/\" class=\"more-link\">Jatka lukemista <span class=\"screen-reader-text\">KTT:n teht\u00e4v\u00e4t 6 &amp; 7<\/span> <span class=\"meta-nav\">&rarr;<\/span><\/a><\/p>\n","protected":false},"author":588,"featured_media":0,"comment_status":"open","ping_status":"open","sticky":false,"template":"","format":"standard","meta":{"_uag_custom_page_level_css":"","footnotes":""},"categories":[3],"tags":[],"class_list":["post-93","post","type-post","status-publish","format-standard","hentry","category-top"],"yoast_head":"<!-- This site is optimized with the Yoast SEO plugin v27.4 - https:\/\/yoast.com\/product\/yoast-seo-wordpress\/ -->\n<title>KTT:n teht\u00e4v\u00e4t 6 &amp; 7  - Ty\u00f6el\u00e4m\u00e4n sek\u00e4 koulun yhdist\u00e4minen opiskelijan silmin.<\/title>\n<meta name=\"robots\" content=\"index, follow, max-snippet:-1, max-image-preview:large, max-video-preview:-1\" \/>\n<link rel=\"canonical\" href=\"https:\/\/blogit.gradia.fi\/anniinatuomijarvi\/kttn-tehtavat-6-7\/\" \/>\n<meta property=\"og:locale\" content=\"fi_FI\" \/>\n<meta property=\"og:type\" content=\"article\" \/>\n<meta property=\"og:title\" content=\"KTT:n teht\u00e4v\u00e4t 6 &amp; 7  - Ty\u00f6el\u00e4m\u00e4n sek\u00e4 koulun yhdist\u00e4minen opiskelijan silmin.\" \/>\n<meta property=\"og:description\" content=\"KTT:n teht\u00e4v\u00e4 6: S\u00e4hk\u00f6iset palvelut \u2022Tutki, mink\u00e4laisia s\u00e4hk\u00f6isi\u00e4 palveluita yritykset tarjoavat asiakkailleen. Listaa l\u00f6yt\u00e4m\u00e4si palvelut ja tallenna itsellesi (esim. GD \/ SD). &#8211; Mm. seuraavat yritykset tarjoavat s\u00e4hk\u00f6isi\u00e4 palveluita asiakkailleen ja n\u00e4ist\u00e4 my\u00f6s jokaisesta yksi esimerkki s\u00e4hk\u00f6isest\u00e4 palvelusta: &#8211; Itella Laskujen l\u00e4hett\u00e4mist\u00e4 s\u00e4hk\u00f6isesti. &#8211; TraFi Rekisteritunnuksella ajoneuvotietoja joko omasta tai toisen autosta. &#8211; Verohallinto Veroilmoitus &hellip; Jatka lukemista KTT:n teht\u00e4v\u00e4t 6 &amp; 7 &rarr;\" \/>\n<meta property=\"og:url\" content=\"https:\/\/blogit.gradia.fi\/anniinatuomijarvi\/kttn-tehtavat-6-7\/\" \/>\n<meta property=\"og:site_name\" content=\"Ty\u00f6el\u00e4m\u00e4n sek\u00e4 koulun yhdist\u00e4minen opiskelijan silmin.\" \/>\n<meta property=\"article:published_time\" content=\"2013-09-11T20:26:03+00:00\" \/>\n<meta property=\"article:modified_time\" content=\"2014-12-07T16:21:26+00:00\" \/>\n<meta name=\"author\" content=\"Anniina\" \/>\n<meta name=\"twitter:card\" content=\"summary_large_image\" \/>\n<meta name=\"twitter:label1\" content=\"Kirjoittanut\" \/>\n\t<meta name=\"twitter:data1\" content=\"Anniina\" \/>\n\t<meta name=\"twitter:label2\" content=\"Arvioitu lukuaika\" \/>\n\t<meta name=\"twitter:data2\" content=\"2 minuuttia\" \/>\n<script type=\"application\/ld+json\" class=\"yoast-schema-graph\">{\"@context\":\"https:\\\/\\\/schema.org\",\"@graph\":[{\"@type\":\"Article\",\"@id\":\"https:\\\/\\\/blogit.gradia.fi\\\/anniinatuomijarvi\\\/kttn-tehtavat-6-7\\\/#article\",\"isPartOf\":{\"@id\":\"https:\\\/\\\/blogit.gradia.fi\\\/anniinatuomijarvi\\\/kttn-tehtavat-6-7\\\/\"},\"author\":{\"name\":\"Anniina\",\"@id\":\"https:\\\/\\\/blogit.gradia.fi\\\/anniinatuomijarvi\\\/#\\\/schema\\\/person\\\/a126012e8cf245661fe7e619b8b68806\"},\"headline\":\"KTT:n teht\u00e4v\u00e4t 6 &amp; 7\",\"datePublished\":\"2013-09-11T20:26:03+00:00\",\"dateModified\":\"2014-12-07T16:21:26+00:00\",\"mainEntityOfPage\":{\"@id\":\"https:\\\/\\\/blogit.gradia.fi\\\/anniinatuomijarvi\\\/kttn-tehtavat-6-7\\\/\"},\"wordCount\":418,\"commentCount\":2,\"articleSection\":[\"TOP\"],\"inLanguage\":\"fi\",\"potentialAction\":[{\"@type\":\"CommentAction\",\"name\":\"Comment\",\"target\":[\"https:\\\/\\\/blogit.gradia.fi\\\/anniinatuomijarvi\\\/kttn-tehtavat-6-7\\\/#respond\"]}]},{\"@type\":\"WebPage\",\"@id\":\"https:\\\/\\\/blogit.gradia.fi\\\/anniinatuomijarvi\\\/kttn-tehtavat-6-7\\\/\",\"url\":\"https:\\\/\\\/blogit.gradia.fi\\\/anniinatuomijarvi\\\/kttn-tehtavat-6-7\\\/\",\"name\":\"KTT:n teht\u00e4v\u00e4t 6 &amp; 7 - Ty\u00f6el\u00e4m\u00e4n sek\u00e4 koulun yhdist\u00e4minen opiskelijan silmin.\",\"isPartOf\":{\"@id\":\"https:\\\/\\\/blogit.gradia.fi\\\/anniinatuomijarvi\\\/#website\"},\"datePublished\":\"2013-09-11T20:26:03+00:00\",\"dateModified\":\"2014-12-07T16:21:26+00:00\",\"author\":{\"@id\":\"https:\\\/\\\/blogit.gradia.fi\\\/anniinatuomijarvi\\\/#\\\/schema\\\/person\\\/a126012e8cf245661fe7e619b8b68806\"},\"inLanguage\":\"fi\",\"potentialAction\":[{\"@type\":\"ReadAction\",\"target\":[\"https:\\\/\\\/blogit.gradia.fi\\\/anniinatuomijarvi\\\/kttn-tehtavat-6-7\\\/\"]}]},{\"@type\":\"WebSite\",\"@id\":\"https:\\\/\\\/blogit.gradia.fi\\\/anniinatuomijarvi\\\/#website\",\"url\":\"https:\\\/\\\/blogit.gradia.fi\\\/anniinatuomijarvi\\\/\",\"name\":\"Ty\u00f6el\u00e4m\u00e4n sek\u00e4 koulun yhdist\u00e4minen opiskelijan silmin.\",\"description\":\"\",\"potentialAction\":[{\"@type\":\"SearchAction\",\"target\":{\"@type\":\"EntryPoint\",\"urlTemplate\":\"https:\\\/\\\/blogit.gradia.fi\\\/anniinatuomijarvi\\\/?s={search_term_string}\"},\"query-input\":{\"@type\":\"PropertyValueSpecification\",\"valueRequired\":true,\"valueName\":\"search_term_string\"}}],\"inLanguage\":\"fi\"},{\"@type\":\"Person\",\"@id\":\"https:\\\/\\\/blogit.gradia.fi\\\/anniinatuomijarvi\\\/#\\\/schema\\\/person\\\/a126012e8cf245661fe7e619b8b68806\",\"name\":\"Anniina\",\"image\":{\"@type\":\"ImageObject\",\"inLanguage\":\"fi\",\"@id\":\"https:\\\/\\\/secure.gravatar.com\\\/avatar\\\/faa68d1f1aa3d5a567e8faedb990f70be54a921fe1e421b90146ac2ec28bd4c2?s=96&d=mm&r=g\",\"url\":\"https:\\\/\\\/secure.gravatar.com\\\/avatar\\\/faa68d1f1aa3d5a567e8faedb990f70be54a921fe1e421b90146ac2ec28bd4c2?s=96&d=mm&r=g\",\"contentUrl\":\"https:\\\/\\\/secure.gravatar.com\\\/avatar\\\/faa68d1f1aa3d5a567e8faedb990f70be54a921fe1e421b90146ac2ec28bd4c2?s=96&d=mm&r=g\",\"caption\":\"Anniina\"},\"description\":\"Moikka ! Olen J\u00e4ms\u00e4l\u00e4inen 18 vuotias tytt\u00f6 ja opiskelen Jyv\u00e4skyl\u00e4n ammattiopistossa merkonomiksi ty\u00f6harjoittelupainotteisella linjalla, joka koostuu viikossa kolmesta p\u00e4iv\u00e4st\u00e4 ty\u00f6t\u00e4 ja kahdesta p\u00e4iv\u00e4st\u00e4 koulua.\",\"sameAs\":[\"https:\\\/\\\/blogit.gradia.fi\\\/anniinatuomijarvi\"],\"url\":\"https:\\\/\\\/blogit.gradia.fi\\\/anniinatuomijarvi\\\/author\\\/ao106993\\\/\"}]}<\/script>\n<!-- \/ Yoast SEO plugin. -->","yoast_head_json":{"title":"KTT:n teht\u00e4v\u00e4t 6 &amp; 7  - Ty\u00f6el\u00e4m\u00e4n sek\u00e4 koulun yhdist\u00e4minen opiskelijan silmin.","robots":{"index":"index","follow":"follow","max-snippet":"max-snippet:-1","max-image-preview":"max-image-preview:large","max-video-preview":"max-video-preview:-1"},"canonical":"https:\/\/blogit.gradia.fi\/anniinatuomijarvi\/kttn-tehtavat-6-7\/","og_locale":"fi_FI","og_type":"article","og_title":"KTT:n teht\u00e4v\u00e4t 6 &amp; 7  - Ty\u00f6el\u00e4m\u00e4n sek\u00e4 koulun yhdist\u00e4minen opiskelijan silmin.","og_description":"KTT:n teht\u00e4v\u00e4 6: S\u00e4hk\u00f6iset palvelut \u2022Tutki, mink\u00e4laisia s\u00e4hk\u00f6isi\u00e4 palveluita yritykset tarjoavat asiakkailleen. Listaa l\u00f6yt\u00e4m\u00e4si palvelut ja tallenna itsellesi (esim. GD \/ SD). &#8211; Mm. seuraavat yritykset tarjoavat s\u00e4hk\u00f6isi\u00e4 palveluita asiakkailleen ja n\u00e4ist\u00e4 my\u00f6s jokaisesta yksi esimerkki s\u00e4hk\u00f6isest\u00e4 palvelusta: &#8211; Itella Laskujen l\u00e4hett\u00e4mist\u00e4 s\u00e4hk\u00f6isesti. &#8211; TraFi Rekisteritunnuksella ajoneuvotietoja joko omasta tai toisen autosta. &#8211; Verohallinto Veroilmoitus &hellip; Jatka lukemista KTT:n teht\u00e4v\u00e4t 6 &amp; 7 &rarr;","og_url":"https:\/\/blogit.gradia.fi\/anniinatuomijarvi\/kttn-tehtavat-6-7\/","og_site_name":"Ty\u00f6el\u00e4m\u00e4n sek\u00e4 koulun yhdist\u00e4minen opiskelijan silmin.","article_published_time":"2013-09-11T20:26:03+00:00","article_modified_time":"2014-12-07T16:21:26+00:00","author":"Anniina","twitter_card":"summary_large_image","twitter_misc":{"Kirjoittanut":"Anniina","Arvioitu lukuaika":"2 minuuttia"},"schema":{"@context":"https:\/\/schema.org","@graph":[{"@type":"Article","@id":"https:\/\/blogit.gradia.fi\/anniinatuomijarvi\/kttn-tehtavat-6-7\/#article","isPartOf":{"@id":"https:\/\/blogit.gradia.fi\/anniinatuomijarvi\/kttn-tehtavat-6-7\/"},"author":{"name":"Anniina","@id":"https:\/\/blogit.gradia.fi\/anniinatuomijarvi\/#\/schema\/person\/a126012e8cf245661fe7e619b8b68806"},"headline":"KTT:n teht\u00e4v\u00e4t 6 &amp; 7","datePublished":"2013-09-11T20:26:03+00:00","dateModified":"2014-12-07T16:21:26+00:00","mainEntityOfPage":{"@id":"https:\/\/blogit.gradia.fi\/anniinatuomijarvi\/kttn-tehtavat-6-7\/"},"wordCount":418,"commentCount":2,"articleSection":["TOP"],"inLanguage":"fi","potentialAction":[{"@type":"CommentAction","name":"Comment","target":["https:\/\/blogit.gradia.fi\/anniinatuomijarvi\/kttn-tehtavat-6-7\/#respond"]}]},{"@type":"WebPage","@id":"https:\/\/blogit.gradia.fi\/anniinatuomijarvi\/kttn-tehtavat-6-7\/","url":"https:\/\/blogit.gradia.fi\/anniinatuomijarvi\/kttn-tehtavat-6-7\/","name":"KTT:n teht\u00e4v\u00e4t 6 &amp; 7 - Ty\u00f6el\u00e4m\u00e4n sek\u00e4 koulun yhdist\u00e4minen opiskelijan silmin.","isPartOf":{"@id":"https:\/\/blogit.gradia.fi\/anniinatuomijarvi\/#website"},"datePublished":"2013-09-11T20:26:03+00:00","dateModified":"2014-12-07T16:21:26+00:00","author":{"@id":"https:\/\/blogit.gradia.fi\/anniinatuomijarvi\/#\/schema\/person\/a126012e8cf245661fe7e619b8b68806"},"inLanguage":"fi","potentialAction":[{"@type":"ReadAction","target":["https:\/\/blogit.gradia.fi\/anniinatuomijarvi\/kttn-tehtavat-6-7\/"]}]},{"@type":"WebSite","@id":"https:\/\/blogit.gradia.fi\/anniinatuomijarvi\/#website","url":"https:\/\/blogit.gradia.fi\/anniinatuomijarvi\/","name":"Ty\u00f6el\u00e4m\u00e4n sek\u00e4 koulun yhdist\u00e4minen opiskelijan silmin.","description":"","potentialAction":[{"@type":"SearchAction","target":{"@type":"EntryPoint","urlTemplate":"https:\/\/blogit.gradia.fi\/anniinatuomijarvi\/?s={search_term_string}"},"query-input":{"@type":"PropertyValueSpecification","valueRequired":true,"valueName":"search_term_string"}}],"inLanguage":"fi"},{"@type":"Person","@id":"https:\/\/blogit.gradia.fi\/anniinatuomijarvi\/#\/schema\/person\/a126012e8cf245661fe7e619b8b68806","name":"Anniina","image":{"@type":"ImageObject","inLanguage":"fi","@id":"https:\/\/secure.gravatar.com\/avatar\/faa68d1f1aa3d5a567e8faedb990f70be54a921fe1e421b90146ac2ec28bd4c2?s=96&d=mm&r=g","url":"https:\/\/secure.gravatar.com\/avatar\/faa68d1f1aa3d5a567e8faedb990f70be54a921fe1e421b90146ac2ec28bd4c2?s=96&d=mm&r=g","contentUrl":"https:\/\/secure.gravatar.com\/avatar\/faa68d1f1aa3d5a567e8faedb990f70be54a921fe1e421b90146ac2ec28bd4c2?s=96&d=mm&r=g","caption":"Anniina"},"description":"Moikka ! Olen J\u00e4ms\u00e4l\u00e4inen 18 vuotias tytt\u00f6 ja opiskelen Jyv\u00e4skyl\u00e4n ammattiopistossa merkonomiksi ty\u00f6harjoittelupainotteisella linjalla, joka koostuu viikossa kolmesta p\u00e4iv\u00e4st\u00e4 ty\u00f6t\u00e4 ja kahdesta p\u00e4iv\u00e4st\u00e4 koulua.","sameAs":["https:\/\/blogit.gradia.fi\/anniinatuomijarvi"],"url":"https:\/\/blogit.gradia.fi\/anniinatuomijarvi\/author\/ao106993\/"}]}},"uagb_featured_image_src":{"full":false,"thumbnail":false,"medium":false,"medium_large":false,"large":false,"1536x1536":false,"2048x2048":false,"post-thumbnail":false,"twentyfourteen-full-width":false},"uagb_author_info":{"display_name":"Anniina","author_link":"https:\/\/blogit.gradia.fi\/anniinatuomijarvi\/author\/ao106993\/"},"uagb_comment_info":3,"uagb_excerpt":"KTT:n teht\u00e4v\u00e4 6: S\u00e4hk\u00f6iset palvelut \u2022Tutki, mink\u00e4laisia s\u00e4hk\u00f6isi\u00e4 palveluita yritykset tarjoavat asiakkailleen. Listaa l\u00f6yt\u00e4m\u00e4si palvelut ja tallenna itsellesi (esim. GD \/ SD). &#8211; Mm. seuraavat yritykset tarjoavat s\u00e4hk\u00f6isi\u00e4 palveluita asiakkailleen ja n\u00e4ist\u00e4 my\u00f6s jokaisesta yksi esimerkki s\u00e4hk\u00f6isest\u00e4 palvelusta: &#8211; Itella Laskujen l\u00e4hett\u00e4mist\u00e4 s\u00e4hk\u00f6isesti. &#8211; TraFi Rekisteritunnuksella ajoneuvotietoja joko omasta tai toisen autosta. &#8211; Verohallinto Veroilmoitus&hellip;","_links":{"self":[{"href":"https:\/\/blogit.gradia.fi\/anniinatuomijarvi\/wp-json\/wp\/v2\/posts\/93","targetHints":{"allow":["GET"]}}],"collection":[{"href":"https:\/\/blogit.gradia.fi\/anniinatuomijarvi\/wp-json\/wp\/v2\/posts"}],"about":[{"href":"https:\/\/blogit.gradia.fi\/anniinatuomijarvi\/wp-json\/wp\/v2\/types\/post"}],"author":[{"embeddable":true,"href":"https:\/\/blogit.gradia.fi\/anniinatuomijarvi\/wp-json\/wp\/v2\/users\/588"}],"replies":[{"embeddable":true,"href":"https:\/\/blogit.gradia.fi\/anniinatuomijarvi\/wp-json\/wp\/v2\/comments?post=93"}],"version-history":[{"count":0,"href":"https:\/\/blogit.gradia.fi\/anniinatuomijarvi\/wp-json\/wp\/v2\/posts\/93\/revisions"}],"wp:attachment":[{"href":"https:\/\/blogit.gradia.fi\/anniinatuomijarvi\/wp-json\/wp\/v2\/media?parent=93"}],"wp:term":[{"taxonomy":"category","embeddable":true,"href":"https:\/\/blogit.gradia.fi\/anniinatuomijarvi\/wp-json\/wp\/v2\/categories?post=93"},{"taxonomy":"post_tag","embeddable":true,"href":"https:\/\/blogit.gradia.fi\/anniinatuomijarvi\/wp-json\/wp\/v2\/tags?post=93"}],"curies":[{"name":"wp","href":"https:\/\/api.w.org\/{rel}","templated":true}]}}