{"id":65,"date":"2013-09-04T21:51:23","date_gmt":"2013-09-04T18:51:23","guid":{"rendered":"https:\/\/blogit.gradia.fi\/anniinatuomijarvi\/?p=65"},"modified":"2014-11-23T22:00:52","modified_gmt":"2014-11-23T20:00:52","slug":"ihka-ensimmainen-virallinen-nayteikkuna","status":"publish","type":"post","link":"https:\/\/blogit.gradia.fi\/anniinatuomijarvi\/ihka-ensimmainen-virallinen-nayteikkuna\/","title":{"rendered":"Ensimm\u00e4inen virallinen n\u00e4yteikkuna"},"content":{"rendered":"<p>Jo toisena ty\u00f6p\u00e4iv\u00e4n\u00e4 uudessa yrityksess\u00e4 sain vapaat k\u00e4det tehd\u00e4 yrityksen toinen n\u00e4yteikkuna.<\/p>\n<p>Ensin siis purin ikkuna tyhj\u00e4ksi vanhoista tavaroista<\/p>\n<p><a href=\"https:\/\/blogit.gradia.fi\/anniinatuomijarvi\/wp-content\/uploads\/sites\/94\/2013\/09\/WP_000002.jpg\"><img loading=\"lazy\" decoding=\"async\" class=\"alignnone size-full wp-image-66\" alt=\"WP_000002\" src=\"https:\/\/blogit.gradia.fi\/anniinatuomijarvi\/wp-content\/uploads\/sites\/94\/2013\/09\/WP_000002.jpg\" width=\"3264\" height=\"2448\" \/><\/a><\/p>\n<p>Sitten sain aivan vapaat k\u00e4det laittaa ikkunan takaisin kuntoon. Ajattelin ett\u00e4 t\u00e4h\u00e4n aikaan vuodesta lasten ulkovaatteet ovat kova sana ja siksi teinkin syksyn v\u00e4reist\u00e4 ja v\u00e4likausi vaatteista ikkunan. My\u00f6s uutuuksia, kuten lompakot ja laukut, laitoin esille.<\/p>\n<p><a href=\"https:\/\/blogit.gradia.fi\/anniinatuomijarvi\/wp-content\/uploads\/sites\/94\/2013\/09\/WP_000012.jpg\"><img loading=\"lazy\" decoding=\"async\" class=\"alignnone size-full wp-image-70\" alt=\"WP_000012\" src=\"https:\/\/blogit.gradia.fi\/anniinatuomijarvi\/wp-content\/uploads\/sites\/94\/2013\/09\/WP_000012.jpg\" width=\"2448\" height=\"3264\" \/><\/a> <a href=\"https:\/\/blogit.gradia.fi\/anniinatuomijarvi\/wp-content\/uploads\/sites\/94\/2013\/09\/WP_000013.jpg\"><img loading=\"lazy\" decoding=\"async\" class=\"alignnone size-full wp-image-71\" alt=\"WP_000013\" src=\"https:\/\/blogit.gradia.fi\/anniinatuomijarvi\/wp-content\/uploads\/sites\/94\/2013\/09\/WP_000013.jpg\" width=\"2448\" height=\"3264\" \/><\/a><\/p>\n<dl class=\"wp-caption alignnone\" id=\"attachment_72\" style=\"width: 3274px\">\n<dt class=\"wp-caption-dt\"><\/dt>\n<\/dl>\n","protected":false},"excerpt":{"rendered":"<p>Jo toisena ty\u00f6p\u00e4iv\u00e4n\u00e4 uudessa yrityksess\u00e4 sain vapaat k\u00e4det tehd\u00e4 yrityksen toinen n\u00e4yteikkuna. Ensin siis purin ikkuna tyhj\u00e4ksi vanhoista tavaroista Sitten sain aivan vapaat k\u00e4det laittaa ikkunan takaisin kuntoon. Ajattelin ett\u00e4 t\u00e4h\u00e4n aikaan vuodesta lasten ulkovaatteet ovat kova sana ja siksi teinkin syksyn v\u00e4reist\u00e4 ja v\u00e4likausi vaatteista ikkunan. My\u00f6s uutuuksia, kuten lompakot ja laukut, laitoin esille.<\/p>\n","protected":false},"author":588,"featured_media":0,"comment_status":"open","ping_status":"open","sticky":false,"template":"","format":"standard","meta":{"_uag_custom_page_level_css":"","footnotes":""},"categories":[1],"tags":[],"class_list":["post-65","post","type-post","status-publish","format-standard","hentry","category-yleinen"],"yoast_head":"<!-- This site is optimized with the Yoast SEO plugin v27.4 - https:\/\/yoast.com\/product\/yoast-seo-wordpress\/ -->\n<title>Ensimm\u00e4inen virallinen n\u00e4yteikkuna - Ty\u00f6el\u00e4m\u00e4n sek\u00e4 koulun yhdist\u00e4minen opiskelijan silmin.<\/title>\n<meta name=\"robots\" content=\"index, follow, max-snippet:-1, max-image-preview:large, max-video-preview:-1\" \/>\n<link rel=\"canonical\" href=\"https:\/\/blogit.gradia.fi\/anniinatuomijarvi\/ihka-ensimmainen-virallinen-nayteikkuna\/\" \/>\n<meta property=\"og:locale\" content=\"fi_FI\" \/>\n<meta property=\"og:type\" content=\"article\" \/>\n<meta property=\"og:title\" content=\"Ensimm\u00e4inen virallinen n\u00e4yteikkuna - Ty\u00f6el\u00e4m\u00e4n sek\u00e4 koulun yhdist\u00e4minen opiskelijan silmin.\" \/>\n<meta property=\"og:description\" content=\"Jo toisena ty\u00f6p\u00e4iv\u00e4n\u00e4 uudessa yrityksess\u00e4 sain vapaat k\u00e4det tehd\u00e4 yrityksen toinen n\u00e4yteikkuna. Ensin siis purin ikkuna tyhj\u00e4ksi vanhoista tavaroista Sitten sain aivan vapaat k\u00e4det laittaa ikkunan takaisin kuntoon. Ajattelin ett\u00e4 t\u00e4h\u00e4n aikaan vuodesta lasten ulkovaatteet ovat kova sana ja siksi teinkin syksyn v\u00e4reist\u00e4 ja v\u00e4likausi vaatteista ikkunan. My\u00f6s uutuuksia, kuten lompakot ja laukut, laitoin esille.\" \/>\n<meta property=\"og:url\" content=\"https:\/\/blogit.gradia.fi\/anniinatuomijarvi\/ihka-ensimmainen-virallinen-nayteikkuna\/\" \/>\n<meta property=\"og:site_name\" content=\"Ty\u00f6el\u00e4m\u00e4n sek\u00e4 koulun yhdist\u00e4minen opiskelijan silmin.\" \/>\n<meta property=\"article:published_time\" content=\"2013-09-04T18:51:23+00:00\" \/>\n<meta property=\"article:modified_time\" content=\"2014-11-23T20:00:52+00:00\" \/>\n<meta property=\"og:image\" content=\"https:\/\/blogit.gradia.fi\/anniinatuomijarvi\/wp-content\/uploads\/sites\/94\/2013\/09\/WP_000002.jpg\" \/>\n<meta name=\"author\" content=\"Anniina\" \/>\n<meta name=\"twitter:card\" content=\"summary_large_image\" \/>\n<meta name=\"twitter:label1\" content=\"Kirjoittanut\" \/>\n\t<meta name=\"twitter:data1\" content=\"Anniina\" \/>\n<script type=\"application\/ld+json\" class=\"yoast-schema-graph\">{\"@context\":\"https:\\\/\\\/schema.org\",\"@graph\":[{\"@type\":\"Article\",\"@id\":\"https:\\\/\\\/blogit.gradia.fi\\\/anniinatuomijarvi\\\/ihka-ensimmainen-virallinen-nayteikkuna\\\/#article\",\"isPartOf\":{\"@id\":\"https:\\\/\\\/blogit.gradia.fi\\\/anniinatuomijarvi\\\/ihka-ensimmainen-virallinen-nayteikkuna\\\/\"},\"author\":{\"name\":\"Anniina\",\"@id\":\"https:\\\/\\\/blogit.gradia.fi\\\/anniinatuomijarvi\\\/#\\\/schema\\\/person\\\/a126012e8cf245661fe7e619b8b68806\"},\"headline\":\"Ensimm\u00e4inen virallinen n\u00e4yteikkuna\",\"datePublished\":\"2013-09-04T18:51:23+00:00\",\"dateModified\":\"2014-11-23T20:00:52+00:00\",\"mainEntityOfPage\":{\"@id\":\"https:\\\/\\\/blogit.gradia.fi\\\/anniinatuomijarvi\\\/ihka-ensimmainen-virallinen-nayteikkuna\\\/\"},\"wordCount\":72,\"commentCount\":2,\"image\":{\"@id\":\"https:\\\/\\\/blogit.gradia.fi\\\/anniinatuomijarvi\\\/ihka-ensimmainen-virallinen-nayteikkuna\\\/#primaryimage\"},\"thumbnailUrl\":\"https:\\\/\\\/blogit.gradia.fi\\\/anniinatuomijarvi\\\/wp-content\\\/uploads\\\/sites\\\/94\\\/2013\\\/09\\\/WP_000002.jpg\",\"inLanguage\":\"fi\",\"potentialAction\":[{\"@type\":\"CommentAction\",\"name\":\"Comment\",\"target\":[\"https:\\\/\\\/blogit.gradia.fi\\\/anniinatuomijarvi\\\/ihka-ensimmainen-virallinen-nayteikkuna\\\/#respond\"]}]},{\"@type\":\"WebPage\",\"@id\":\"https:\\\/\\\/blogit.gradia.fi\\\/anniinatuomijarvi\\\/ihka-ensimmainen-virallinen-nayteikkuna\\\/\",\"url\":\"https:\\\/\\\/blogit.gradia.fi\\\/anniinatuomijarvi\\\/ihka-ensimmainen-virallinen-nayteikkuna\\\/\",\"name\":\"Ensimm\u00e4inen virallinen n\u00e4yteikkuna - Ty\u00f6el\u00e4m\u00e4n sek\u00e4 koulun yhdist\u00e4minen opiskelijan silmin.\",\"isPartOf\":{\"@id\":\"https:\\\/\\\/blogit.gradia.fi\\\/anniinatuomijarvi\\\/#website\"},\"primaryImageOfPage\":{\"@id\":\"https:\\\/\\\/blogit.gradia.fi\\\/anniinatuomijarvi\\\/ihka-ensimmainen-virallinen-nayteikkuna\\\/#primaryimage\"},\"image\":{\"@id\":\"https:\\\/\\\/blogit.gradia.fi\\\/anniinatuomijarvi\\\/ihka-ensimmainen-virallinen-nayteikkuna\\\/#primaryimage\"},\"thumbnailUrl\":\"https:\\\/\\\/blogit.gradia.fi\\\/anniinatuomijarvi\\\/wp-content\\\/uploads\\\/sites\\\/94\\\/2013\\\/09\\\/WP_000002.jpg\",\"datePublished\":\"2013-09-04T18:51:23+00:00\",\"dateModified\":\"2014-11-23T20:00:52+00:00\",\"author\":{\"@id\":\"https:\\\/\\\/blogit.gradia.fi\\\/anniinatuomijarvi\\\/#\\\/schema\\\/person\\\/a126012e8cf245661fe7e619b8b68806\"},\"inLanguage\":\"fi\",\"potentialAction\":[{\"@type\":\"ReadAction\",\"target\":[\"https:\\\/\\\/blogit.gradia.fi\\\/anniinatuomijarvi\\\/ihka-ensimmainen-virallinen-nayteikkuna\\\/\"]}]},{\"@type\":\"ImageObject\",\"inLanguage\":\"fi\",\"@id\":\"https:\\\/\\\/blogit.gradia.fi\\\/anniinatuomijarvi\\\/ihka-ensimmainen-virallinen-nayteikkuna\\\/#primaryimage\",\"url\":\"https:\\\/\\\/blogit.gradia.fi\\\/anniinatuomijarvi\\\/wp-content\\\/uploads\\\/sites\\\/94\\\/2013\\\/09\\\/WP_000002.jpg\",\"contentUrl\":\"https:\\\/\\\/blogit.gradia.fi\\\/anniinatuomijarvi\\\/wp-content\\\/uploads\\\/sites\\\/94\\\/2013\\\/09\\\/WP_000002.jpg\",\"width\":3264,\"height\":2448},{\"@type\":\"WebSite\",\"@id\":\"https:\\\/\\\/blogit.gradia.fi\\\/anniinatuomijarvi\\\/#website\",\"url\":\"https:\\\/\\\/blogit.gradia.fi\\\/anniinatuomijarvi\\\/\",\"name\":\"Ty\u00f6el\u00e4m\u00e4n sek\u00e4 koulun yhdist\u00e4minen opiskelijan silmin.\",\"description\":\"\",\"potentialAction\":[{\"@type\":\"SearchAction\",\"target\":{\"@type\":\"EntryPoint\",\"urlTemplate\":\"https:\\\/\\\/blogit.gradia.fi\\\/anniinatuomijarvi\\\/?s={search_term_string}\"},\"query-input\":{\"@type\":\"PropertyValueSpecification\",\"valueRequired\":true,\"valueName\":\"search_term_string\"}}],\"inLanguage\":\"fi\"},{\"@type\":\"Person\",\"@id\":\"https:\\\/\\\/blogit.gradia.fi\\\/anniinatuomijarvi\\\/#\\\/schema\\\/person\\\/a126012e8cf245661fe7e619b8b68806\",\"name\":\"Anniina\",\"image\":{\"@type\":\"ImageObject\",\"inLanguage\":\"fi\",\"@id\":\"https:\\\/\\\/secure.gravatar.com\\\/avatar\\\/faa68d1f1aa3d5a567e8faedb990f70be54a921fe1e421b90146ac2ec28bd4c2?s=96&d=mm&r=g\",\"url\":\"https:\\\/\\\/secure.gravatar.com\\\/avatar\\\/faa68d1f1aa3d5a567e8faedb990f70be54a921fe1e421b90146ac2ec28bd4c2?s=96&d=mm&r=g\",\"contentUrl\":\"https:\\\/\\\/secure.gravatar.com\\\/avatar\\\/faa68d1f1aa3d5a567e8faedb990f70be54a921fe1e421b90146ac2ec28bd4c2?s=96&d=mm&r=g\",\"caption\":\"Anniina\"},\"description\":\"Moikka ! Olen J\u00e4ms\u00e4l\u00e4inen 18 vuotias tytt\u00f6 ja opiskelen Jyv\u00e4skyl\u00e4n ammattiopistossa merkonomiksi ty\u00f6harjoittelupainotteisella linjalla, joka koostuu viikossa kolmesta p\u00e4iv\u00e4st\u00e4 ty\u00f6t\u00e4 ja kahdesta p\u00e4iv\u00e4st\u00e4 koulua.\",\"sameAs\":[\"https:\\\/\\\/blogit.gradia.fi\\\/anniinatuomijarvi\"],\"url\":\"https:\\\/\\\/blogit.gradia.fi\\\/anniinatuomijarvi\\\/author\\\/ao106993\\\/\"}]}<\/script>\n<!-- \/ Yoast SEO plugin. -->","yoast_head_json":{"title":"Ensimm\u00e4inen virallinen n\u00e4yteikkuna - Ty\u00f6el\u00e4m\u00e4n sek\u00e4 koulun yhdist\u00e4minen opiskelijan silmin.","robots":{"index":"index","follow":"follow","max-snippet":"max-snippet:-1","max-image-preview":"max-image-preview:large","max-video-preview":"max-video-preview:-1"},"canonical":"https:\/\/blogit.gradia.fi\/anniinatuomijarvi\/ihka-ensimmainen-virallinen-nayteikkuna\/","og_locale":"fi_FI","og_type":"article","og_title":"Ensimm\u00e4inen virallinen n\u00e4yteikkuna - Ty\u00f6el\u00e4m\u00e4n sek\u00e4 koulun yhdist\u00e4minen opiskelijan silmin.","og_description":"Jo toisena ty\u00f6p\u00e4iv\u00e4n\u00e4 uudessa yrityksess\u00e4 sain vapaat k\u00e4det tehd\u00e4 yrityksen toinen n\u00e4yteikkuna. Ensin siis purin ikkuna tyhj\u00e4ksi vanhoista tavaroista Sitten sain aivan vapaat k\u00e4det laittaa ikkunan takaisin kuntoon. Ajattelin ett\u00e4 t\u00e4h\u00e4n aikaan vuodesta lasten ulkovaatteet ovat kova sana ja siksi teinkin syksyn v\u00e4reist\u00e4 ja v\u00e4likausi vaatteista ikkunan. My\u00f6s uutuuksia, kuten lompakot ja laukut, laitoin esille.","og_url":"https:\/\/blogit.gradia.fi\/anniinatuomijarvi\/ihka-ensimmainen-virallinen-nayteikkuna\/","og_site_name":"Ty\u00f6el\u00e4m\u00e4n sek\u00e4 koulun yhdist\u00e4minen opiskelijan silmin.","article_published_time":"2013-09-04T18:51:23+00:00","article_modified_time":"2014-11-23T20:00:52+00:00","og_image":[{"url":"https:\/\/blogit.gradia.fi\/anniinatuomijarvi\/wp-content\/uploads\/sites\/94\/2013\/09\/WP_000002.jpg","type":"","width":"","height":""}],"author":"Anniina","twitter_card":"summary_large_image","twitter_misc":{"Kirjoittanut":"Anniina"},"schema":{"@context":"https:\/\/schema.org","@graph":[{"@type":"Article","@id":"https:\/\/blogit.gradia.fi\/anniinatuomijarvi\/ihka-ensimmainen-virallinen-nayteikkuna\/#article","isPartOf":{"@id":"https:\/\/blogit.gradia.fi\/anniinatuomijarvi\/ihka-ensimmainen-virallinen-nayteikkuna\/"},"author":{"name":"Anniina","@id":"https:\/\/blogit.gradia.fi\/anniinatuomijarvi\/#\/schema\/person\/a126012e8cf245661fe7e619b8b68806"},"headline":"Ensimm\u00e4inen virallinen n\u00e4yteikkuna","datePublished":"2013-09-04T18:51:23+00:00","dateModified":"2014-11-23T20:00:52+00:00","mainEntityOfPage":{"@id":"https:\/\/blogit.gradia.fi\/anniinatuomijarvi\/ihka-ensimmainen-virallinen-nayteikkuna\/"},"wordCount":72,"commentCount":2,"image":{"@id":"https:\/\/blogit.gradia.fi\/anniinatuomijarvi\/ihka-ensimmainen-virallinen-nayteikkuna\/#primaryimage"},"thumbnailUrl":"https:\/\/blogit.gradia.fi\/anniinatuomijarvi\/wp-content\/uploads\/sites\/94\/2013\/09\/WP_000002.jpg","inLanguage":"fi","potentialAction":[{"@type":"CommentAction","name":"Comment","target":["https:\/\/blogit.gradia.fi\/anniinatuomijarvi\/ihka-ensimmainen-virallinen-nayteikkuna\/#respond"]}]},{"@type":"WebPage","@id":"https:\/\/blogit.gradia.fi\/anniinatuomijarvi\/ihka-ensimmainen-virallinen-nayteikkuna\/","url":"https:\/\/blogit.gradia.fi\/anniinatuomijarvi\/ihka-ensimmainen-virallinen-nayteikkuna\/","name":"Ensimm\u00e4inen virallinen n\u00e4yteikkuna - Ty\u00f6el\u00e4m\u00e4n sek\u00e4 koulun yhdist\u00e4minen opiskelijan silmin.","isPartOf":{"@id":"https:\/\/blogit.gradia.fi\/anniinatuomijarvi\/#website"},"primaryImageOfPage":{"@id":"https:\/\/blogit.gradia.fi\/anniinatuomijarvi\/ihka-ensimmainen-virallinen-nayteikkuna\/#primaryimage"},"image":{"@id":"https:\/\/blogit.gradia.fi\/anniinatuomijarvi\/ihka-ensimmainen-virallinen-nayteikkuna\/#primaryimage"},"thumbnailUrl":"https:\/\/blogit.gradia.fi\/anniinatuomijarvi\/wp-content\/uploads\/sites\/94\/2013\/09\/WP_000002.jpg","datePublished":"2013-09-04T18:51:23+00:00","dateModified":"2014-11-23T20:00:52+00:00","author":{"@id":"https:\/\/blogit.gradia.fi\/anniinatuomijarvi\/#\/schema\/person\/a126012e8cf245661fe7e619b8b68806"},"inLanguage":"fi","potentialAction":[{"@type":"ReadAction","target":["https:\/\/blogit.gradia.fi\/anniinatuomijarvi\/ihka-ensimmainen-virallinen-nayteikkuna\/"]}]},{"@type":"ImageObject","inLanguage":"fi","@id":"https:\/\/blogit.gradia.fi\/anniinatuomijarvi\/ihka-ensimmainen-virallinen-nayteikkuna\/#primaryimage","url":"https:\/\/blogit.gradia.fi\/anniinatuomijarvi\/wp-content\/uploads\/sites\/94\/2013\/09\/WP_000002.jpg","contentUrl":"https:\/\/blogit.gradia.fi\/anniinatuomijarvi\/wp-content\/uploads\/sites\/94\/2013\/09\/WP_000002.jpg","width":3264,"height":2448},{"@type":"WebSite","@id":"https:\/\/blogit.gradia.fi\/anniinatuomijarvi\/#website","url":"https:\/\/blogit.gradia.fi\/anniinatuomijarvi\/","name":"Ty\u00f6el\u00e4m\u00e4n sek\u00e4 koulun yhdist\u00e4minen opiskelijan silmin.","description":"","potentialAction":[{"@type":"SearchAction","target":{"@type":"EntryPoint","urlTemplate":"https:\/\/blogit.gradia.fi\/anniinatuomijarvi\/?s={search_term_string}"},"query-input":{"@type":"PropertyValueSpecification","valueRequired":true,"valueName":"search_term_string"}}],"inLanguage":"fi"},{"@type":"Person","@id":"https:\/\/blogit.gradia.fi\/anniinatuomijarvi\/#\/schema\/person\/a126012e8cf245661fe7e619b8b68806","name":"Anniina","image":{"@type":"ImageObject","inLanguage":"fi","@id":"https:\/\/secure.gravatar.com\/avatar\/faa68d1f1aa3d5a567e8faedb990f70be54a921fe1e421b90146ac2ec28bd4c2?s=96&d=mm&r=g","url":"https:\/\/secure.gravatar.com\/avatar\/faa68d1f1aa3d5a567e8faedb990f70be54a921fe1e421b90146ac2ec28bd4c2?s=96&d=mm&r=g","contentUrl":"https:\/\/secure.gravatar.com\/avatar\/faa68d1f1aa3d5a567e8faedb990f70be54a921fe1e421b90146ac2ec28bd4c2?s=96&d=mm&r=g","caption":"Anniina"},"description":"Moikka ! Olen J\u00e4ms\u00e4l\u00e4inen 18 vuotias tytt\u00f6 ja opiskelen Jyv\u00e4skyl\u00e4n ammattiopistossa merkonomiksi ty\u00f6harjoittelupainotteisella linjalla, joka koostuu viikossa kolmesta p\u00e4iv\u00e4st\u00e4 ty\u00f6t\u00e4 ja kahdesta p\u00e4iv\u00e4st\u00e4 koulua.","sameAs":["https:\/\/blogit.gradia.fi\/anniinatuomijarvi"],"url":"https:\/\/blogit.gradia.fi\/anniinatuomijarvi\/author\/ao106993\/"}]}},"uagb_featured_image_src":{"full":false,"thumbnail":false,"medium":false,"medium_large":false,"large":false,"1536x1536":false,"2048x2048":false,"post-thumbnail":false,"twentyfourteen-full-width":false},"uagb_author_info":{"display_name":"Anniina","author_link":"https:\/\/blogit.gradia.fi\/anniinatuomijarvi\/author\/ao106993\/"},"uagb_comment_info":4,"uagb_excerpt":"Jo toisena ty\u00f6p\u00e4iv\u00e4n\u00e4 uudessa yrityksess\u00e4 sain vapaat k\u00e4det tehd\u00e4 yrityksen toinen n\u00e4yteikkuna. Ensin siis purin ikkuna tyhj\u00e4ksi vanhoista tavaroista Sitten sain aivan vapaat k\u00e4det laittaa ikkunan takaisin kuntoon. Ajattelin ett\u00e4 t\u00e4h\u00e4n aikaan vuodesta lasten ulkovaatteet ovat kova sana ja siksi teinkin syksyn v\u00e4reist\u00e4 ja v\u00e4likausi vaatteista ikkunan. My\u00f6s uutuuksia, kuten lompakot ja laukut, laitoin esille.","_links":{"self":[{"href":"https:\/\/blogit.gradia.fi\/anniinatuomijarvi\/wp-json\/wp\/v2\/posts\/65","targetHints":{"allow":["GET"]}}],"collection":[{"href":"https:\/\/blogit.gradia.fi\/anniinatuomijarvi\/wp-json\/wp\/v2\/posts"}],"about":[{"href":"https:\/\/blogit.gradia.fi\/anniinatuomijarvi\/wp-json\/wp\/v2\/types\/post"}],"author":[{"embeddable":true,"href":"https:\/\/blogit.gradia.fi\/anniinatuomijarvi\/wp-json\/wp\/v2\/users\/588"}],"replies":[{"embeddable":true,"href":"https:\/\/blogit.gradia.fi\/anniinatuomijarvi\/wp-json\/wp\/v2\/comments?post=65"}],"version-history":[{"count":0,"href":"https:\/\/blogit.gradia.fi\/anniinatuomijarvi\/wp-json\/wp\/v2\/posts\/65\/revisions"}],"wp:attachment":[{"href":"https:\/\/blogit.gradia.fi\/anniinatuomijarvi\/wp-json\/wp\/v2\/media?parent=65"}],"wp:term":[{"taxonomy":"category","embeddable":true,"href":"https:\/\/blogit.gradia.fi\/anniinatuomijarvi\/wp-json\/wp\/v2\/categories?post=65"},{"taxonomy":"post_tag","embeddable":true,"href":"https:\/\/blogit.gradia.fi\/anniinatuomijarvi\/wp-json\/wp\/v2\/tags?post=65"}],"curies":[{"name":"wp","href":"https:\/\/api.w.org\/{rel}","templated":true}]}}