{"id":50,"date":"2013-09-04T21:26:36","date_gmt":"2013-09-04T18:26:36","guid":{"rendered":"https:\/\/blogit.gradia.fi\/anniinatuomijarvi\/?p=50"},"modified":"2014-11-23T21:59:11","modified_gmt":"2014-11-23T19:59:11","slug":"ylisopojen-lasten-heijastinliivien-lanseeraus","status":"publish","type":"post","link":"https:\/\/blogit.gradia.fi\/anniinatuomijarvi\/ylisopojen-lasten-heijastinliivien-lanseeraus\/","title":{"rendered":"Heijastinliivien lanseeraus."},"content":{"rendered":"<p>T\u00e4n\u00e4\u00e4n t\u00f6iss\u00e4 oli huippu p\u00e4iv\u00e4 ! Ohjelmassa oli siis Kreetta Ahosen ensimm\u00e4isen tuotteen, Vinkeen lasten heijastinliivien,\u00a0 lanseeraus ja siihen liittyv\u00e4t j\u00e4rjestelyt. Aluksi meille tuotiin j\u00e4rkytt\u00e4v\u00e4n kokoinen laatikollinen heijastinliivej\u00e4, ne piti purkaa tietenkin ja putsata viel\u00e4 varulta teippiharjalla. Sen j\u00e4lkeen niihin lis\u00e4ttiin tuoteselosteet ja tarkastettiin ett\u00e4 kaikki tuotteet olivat saapuneet paikalle. T\u00e4ss\u00e4 v\u00e4liss\u00e4 tyhjennettiin my\u00f6s yksi vaaterekki.<\/p>\n<p><a href=\"https:\/\/blogit.gradia.fi\/anniinatuomijarvi\/wp-content\/uploads\/sites\/94\/2013\/09\/WP_000023.jpg\"><img loading=\"lazy\" decoding=\"async\" class=\"alignnone size-full wp-image-56\" alt=\"WP_000023\" src=\"https:\/\/blogit.gradia.fi\/anniinatuomijarvi\/wp-content\/uploads\/sites\/94\/2013\/09\/WP_000023.jpg\" width=\"2448\" height=\"3264\" \/><\/a><\/p>\n<p>Kun rekki oli saatu tyhj\u00e4ksi, koitettiin mietti\u00e4 ett\u00e4 miten liivit siihen sitten oikein sijoitettaisiin fiksusti ja houkuttelevasti (kuva yl\u00e4puolella) asiakkaiden kannalta. Laitettiin my\u00f6s n\u00e4yteikkunaan muutama kappale ohikulkijoiden ihasteltavaksi. Kolmen aikaan tuli lehdist\u00f6 ja nelj\u00e4n aikaan kutsuvieraat ja kanta-asiakkaat. Ei voi sanoa kuin ett\u00e4 kiireinen p\u00e4iv\u00e4 !<\/p>\n<p><a href=\"https:\/\/blogit.gradia.fi\/anniinatuomijarvi\/wp-content\/uploads\/sites\/94\/2013\/09\/WP_000025.jpg\"><img loading=\"lazy\" decoding=\"async\" class=\"alignnone size-full wp-image-51\" alt=\"WP_000025\" src=\"https:\/\/blogit.gradia.fi\/anniinatuomijarvi\/wp-content\/uploads\/sites\/94\/2013\/09\/WP_000025.jpg\" width=\"3264\" height=\"2448\" \/><\/a><\/p>\n<p>P\u00e4\u00e4sin my\u00f6s yhdess\u00e4 vaiheessa nopeasti kyselem\u00e4\u00e4n muutaman kysymyksen Kreetalta. Kreetta kertoi, ett\u00e4 halusi l\u00e4hte\u00e4 yritt\u00e4j\u00e4ksi koska oli kiinnostunut uusista haasteista ja h\u00e4n teki aikaisemmin vuoroty\u00f6t\u00e4, joka ei ollut sopiva omien lasten ja heid\u00e4n menojen kannalta. H\u00e4nell\u00e4 ei ollut oikeastaan mink\u00e4\u00e4nlaista myyj\u00e4n koulutusta takana, vain milj\u00f6\u00f6suunnittelu -koulutus ammattikorkeakoulusta, mutta on toiminut myyj\u00e4n\u00e4 yli 10 vuotta. H\u00e4n k\u00e4vi my\u00f6s yritt\u00e4j\u00e4kurssin aikuisopistossa joka oli kuulema eritt\u00e4in silmi\u00e4 avaava. Kreetta sanoi my\u00f6s ett\u00e4 yritt\u00e4j\u00e4ksi voi ryhty\u00e4 kuka tahansa, mutta siihen ei kannata ryhty\u00e4 hepposin perustein<\/p>\n<p>Kreetan Vinkee yritys on perustettu n. vuosi sitten ja nimi oli pitk\u00e4n pallottelun tulos. Idea heijastinliiveist\u00e4 tuli omalta pikku pojalta ja siit\u00e4 ett\u00e4 \u00e4itin\u00e4 haluaa poikansa kulkevan mahdollisimman turvallisesti. Liivit ovat Kreetan ensimm\u00e4inen tuote, mutta h\u00e4nell\u00e4 on suuret suunnitelmat ja kovat odotukset tulevaisuuden varalta. H\u00e4n haluaa jakaa suomalaista ty\u00f6t\u00e4 maailmalle ja tuottaa lapsille lis\u00e4\u00e4 iloa, turvallisuutta ja v\u00e4rikkyytt\u00e4.<\/p>\n<p>&nbsp;<\/p>\n<p>T\u00e4ss\u00e4 esimerkki heijastinliivist\u00e4:<br \/>\n<a href=\"https:\/\/blogit.gradia.fi\/anniinatuomijarvi\/wp-content\/uploads\/sites\/94\/2013\/09\/WP_000020.jpg\"><img loading=\"lazy\" decoding=\"async\" class=\"alignnone size-full wp-image-53\" alt=\"WP_000020\" src=\"https:\/\/blogit.gradia.fi\/anniinatuomijarvi\/wp-content\/uploads\/sites\/94\/2013\/09\/WP_000020.jpg\" width=\"3264\" height=\"2448\" \/><\/a><\/p>\n<dl class=\"wp-caption alignnone\" id=\"attachment_54\" style=\"width: 3274px\">\n<dt class=\"wp-caption-dt\"><\/dt>\n<dd class=\"wp-caption-dd\"><\/dd>\n<\/dl>\n<dl class=\"wp-caption alignnone\" id=\"attachment_55\" style=\"width: 2458px\">\n<dt class=\"wp-caption-dt\"><\/dt>\n<dd class=\"wp-caption-dd\"><\/dd>\n<\/dl>\n<p>Lis\u00e4\u00e4 Kreetan jutuista voi lukea osoitteesta www.vinkee.fi tai facebookista: www.facebook.com\/vinkee.fi?fref=ts \u00a0 \ud83d\ude42<\/p>\n<figure id=\"attachment_52\" aria-describedby=\"caption-attachment-52\" style=\"width: 480px\" class=\"wp-caption alignnone\"><a href=\"https:\/\/blogit.gradia.fi\/anniinatuomijarvi\/wp-content\/uploads\/sites\/94\/2013\/09\/564998_10153219708490230_1416152793_n.jpg\"><img loading=\"lazy\" decoding=\"async\" class=\"size-full wp-image-52\" alt=\"Kreetta Ahonen ja h\u00e4nen ensimm\u00e4iset tuotteensa !\" src=\"https:\/\/blogit.gradia.fi\/anniinatuomijarvi\/wp-content\/uploads\/sites\/94\/2013\/09\/564998_10153219708490230_1416152793_n.jpg\" width=\"480\" height=\"480\" \/><\/a><figcaption id=\"caption-attachment-52\" class=\"wp-caption-text\">Kreetta Ahonen ja h\u00e4nen ensimm\u00e4iset tuotteensa !<\/figcaption><\/figure>\n<p>&nbsp;<\/p>\n","protected":false},"excerpt":{"rendered":"<p>T\u00e4n\u00e4\u00e4n t\u00f6iss\u00e4 oli huippu p\u00e4iv\u00e4 ! Ohjelmassa oli siis Kreetta Ahosen ensimm\u00e4isen tuotteen, Vinkeen lasten heijastinliivien,\u00a0 lanseeraus ja siihen liittyv\u00e4t j\u00e4rjestelyt. Aluksi meille tuotiin j\u00e4rkytt\u00e4v\u00e4n kokoinen laatikollinen heijastinliivej\u00e4, ne piti purkaa tietenkin ja putsata viel\u00e4 varulta teippiharjalla. Sen j\u00e4lkeen niihin lis\u00e4ttiin tuoteselosteet ja tarkastettiin ett\u00e4 kaikki tuotteet olivat saapuneet paikalle. T\u00e4ss\u00e4 v\u00e4liss\u00e4 tyhjennettiin my\u00f6s yksi &hellip; <a href=\"https:\/\/blogit.gradia.fi\/anniinatuomijarvi\/ylisopojen-lasten-heijastinliivien-lanseeraus\/\" class=\"more-link\">Jatka lukemista <span class=\"screen-reader-text\">Heijastinliivien lanseeraus.<\/span> <span class=\"meta-nav\">&rarr;<\/span><\/a><\/p>\n","protected":false},"author":588,"featured_media":0,"comment_status":"open","ping_status":"open","sticky":false,"template":"","format":"standard","meta":{"_uag_custom_page_level_css":"","footnotes":""},"categories":[1],"tags":[],"class_list":["post-50","post","type-post","status-publish","format-standard","hentry","category-yleinen"],"yoast_head":"<!-- This site is optimized with the Yoast SEO plugin v27.4 - https:\/\/yoast.com\/product\/yoast-seo-wordpress\/ -->\n<title>Heijastinliivien lanseeraus. - Ty\u00f6el\u00e4m\u00e4n sek\u00e4 koulun yhdist\u00e4minen opiskelijan silmin.<\/title>\n<meta name=\"robots\" content=\"index, follow, max-snippet:-1, max-image-preview:large, max-video-preview:-1\" \/>\n<link rel=\"canonical\" href=\"https:\/\/blogit.gradia.fi\/anniinatuomijarvi\/ylisopojen-lasten-heijastinliivien-lanseeraus\/\" \/>\n<meta property=\"og:locale\" content=\"fi_FI\" \/>\n<meta property=\"og:type\" content=\"article\" \/>\n<meta property=\"og:title\" content=\"Heijastinliivien lanseeraus. - Ty\u00f6el\u00e4m\u00e4n sek\u00e4 koulun yhdist\u00e4minen opiskelijan silmin.\" \/>\n<meta property=\"og:description\" content=\"T\u00e4n\u00e4\u00e4n t\u00f6iss\u00e4 oli huippu p\u00e4iv\u00e4 ! Ohjelmassa oli siis Kreetta Ahosen ensimm\u00e4isen tuotteen, Vinkeen lasten heijastinliivien,\u00a0 lanseeraus ja siihen liittyv\u00e4t j\u00e4rjestelyt. Aluksi meille tuotiin j\u00e4rkytt\u00e4v\u00e4n kokoinen laatikollinen heijastinliivej\u00e4, ne piti purkaa tietenkin ja putsata viel\u00e4 varulta teippiharjalla. Sen j\u00e4lkeen niihin lis\u00e4ttiin tuoteselosteet ja tarkastettiin ett\u00e4 kaikki tuotteet olivat saapuneet paikalle. T\u00e4ss\u00e4 v\u00e4liss\u00e4 tyhjennettiin my\u00f6s yksi &hellip; Jatka lukemista Heijastinliivien lanseeraus. &rarr;\" \/>\n<meta property=\"og:url\" content=\"https:\/\/blogit.gradia.fi\/anniinatuomijarvi\/ylisopojen-lasten-heijastinliivien-lanseeraus\/\" \/>\n<meta property=\"og:site_name\" content=\"Ty\u00f6el\u00e4m\u00e4n sek\u00e4 koulun yhdist\u00e4minen opiskelijan silmin.\" \/>\n<meta property=\"article:published_time\" content=\"2013-09-04T18:26:36+00:00\" \/>\n<meta property=\"article:modified_time\" content=\"2014-11-23T19:59:11+00:00\" \/>\n<meta property=\"og:image\" content=\"https:\/\/blogit.gradia.fi\/anniinatuomijarvi\/wp-content\/uploads\/sites\/94\/2013\/09\/WP_000023.jpg\" \/>\n<meta name=\"author\" content=\"Anniina\" \/>\n<meta name=\"twitter:card\" content=\"summary_large_image\" \/>\n<meta name=\"twitter:label1\" content=\"Kirjoittanut\" \/>\n\t<meta name=\"twitter:data1\" content=\"Anniina\" \/>\n\t<meta name=\"twitter:label2\" content=\"Arvioitu lukuaika\" \/>\n\t<meta name=\"twitter:data2\" content=\"2 minuuttia\" \/>\n<script type=\"application\/ld+json\" class=\"yoast-schema-graph\">{\"@context\":\"https:\\\/\\\/schema.org\",\"@graph\":[{\"@type\":\"Article\",\"@id\":\"https:\\\/\\\/blogit.gradia.fi\\\/anniinatuomijarvi\\\/ylisopojen-lasten-heijastinliivien-lanseeraus\\\/#article\",\"isPartOf\":{\"@id\":\"https:\\\/\\\/blogit.gradia.fi\\\/anniinatuomijarvi\\\/ylisopojen-lasten-heijastinliivien-lanseeraus\\\/\"},\"author\":{\"name\":\"Anniina\",\"@id\":\"https:\\\/\\\/blogit.gradia.fi\\\/anniinatuomijarvi\\\/#\\\/schema\\\/person\\\/a126012e8cf245661fe7e619b8b68806\"},\"headline\":\"Heijastinliivien lanseeraus.\",\"datePublished\":\"2013-09-04T18:26:36+00:00\",\"dateModified\":\"2014-11-23T19:59:11+00:00\",\"mainEntityOfPage\":{\"@id\":\"https:\\\/\\\/blogit.gradia.fi\\\/anniinatuomijarvi\\\/ylisopojen-lasten-heijastinliivien-lanseeraus\\\/\"},\"wordCount\":329,\"commentCount\":1,\"image\":{\"@id\":\"https:\\\/\\\/blogit.gradia.fi\\\/anniinatuomijarvi\\\/ylisopojen-lasten-heijastinliivien-lanseeraus\\\/#primaryimage\"},\"thumbnailUrl\":\"https:\\\/\\\/blogit.gradia.fi\\\/anniinatuomijarvi\\\/wp-content\\\/uploads\\\/sites\\\/94\\\/2013\\\/09\\\/WP_000023.jpg\",\"inLanguage\":\"fi\",\"potentialAction\":[{\"@type\":\"CommentAction\",\"name\":\"Comment\",\"target\":[\"https:\\\/\\\/blogit.gradia.fi\\\/anniinatuomijarvi\\\/ylisopojen-lasten-heijastinliivien-lanseeraus\\\/#respond\"]}]},{\"@type\":\"WebPage\",\"@id\":\"https:\\\/\\\/blogit.gradia.fi\\\/anniinatuomijarvi\\\/ylisopojen-lasten-heijastinliivien-lanseeraus\\\/\",\"url\":\"https:\\\/\\\/blogit.gradia.fi\\\/anniinatuomijarvi\\\/ylisopojen-lasten-heijastinliivien-lanseeraus\\\/\",\"name\":\"Heijastinliivien lanseeraus. - Ty\u00f6el\u00e4m\u00e4n sek\u00e4 koulun yhdist\u00e4minen opiskelijan silmin.\",\"isPartOf\":{\"@id\":\"https:\\\/\\\/blogit.gradia.fi\\\/anniinatuomijarvi\\\/#website\"},\"primaryImageOfPage\":{\"@id\":\"https:\\\/\\\/blogit.gradia.fi\\\/anniinatuomijarvi\\\/ylisopojen-lasten-heijastinliivien-lanseeraus\\\/#primaryimage\"},\"image\":{\"@id\":\"https:\\\/\\\/blogit.gradia.fi\\\/anniinatuomijarvi\\\/ylisopojen-lasten-heijastinliivien-lanseeraus\\\/#primaryimage\"},\"thumbnailUrl\":\"https:\\\/\\\/blogit.gradia.fi\\\/anniinatuomijarvi\\\/wp-content\\\/uploads\\\/sites\\\/94\\\/2013\\\/09\\\/WP_000023.jpg\",\"datePublished\":\"2013-09-04T18:26:36+00:00\",\"dateModified\":\"2014-11-23T19:59:11+00:00\",\"author\":{\"@id\":\"https:\\\/\\\/blogit.gradia.fi\\\/anniinatuomijarvi\\\/#\\\/schema\\\/person\\\/a126012e8cf245661fe7e619b8b68806\"},\"inLanguage\":\"fi\",\"potentialAction\":[{\"@type\":\"ReadAction\",\"target\":[\"https:\\\/\\\/blogit.gradia.fi\\\/anniinatuomijarvi\\\/ylisopojen-lasten-heijastinliivien-lanseeraus\\\/\"]}]},{\"@type\":\"ImageObject\",\"inLanguage\":\"fi\",\"@id\":\"https:\\\/\\\/blogit.gradia.fi\\\/anniinatuomijarvi\\\/ylisopojen-lasten-heijastinliivien-lanseeraus\\\/#primaryimage\",\"url\":\"https:\\\/\\\/blogit.gradia.fi\\\/anniinatuomijarvi\\\/wp-content\\\/uploads\\\/sites\\\/94\\\/2013\\\/09\\\/WP_000023.jpg\",\"contentUrl\":\"https:\\\/\\\/blogit.gradia.fi\\\/anniinatuomijarvi\\\/wp-content\\\/uploads\\\/sites\\\/94\\\/2013\\\/09\\\/WP_000023.jpg\",\"width\":2448,\"height\":3264},{\"@type\":\"WebSite\",\"@id\":\"https:\\\/\\\/blogit.gradia.fi\\\/anniinatuomijarvi\\\/#website\",\"url\":\"https:\\\/\\\/blogit.gradia.fi\\\/anniinatuomijarvi\\\/\",\"name\":\"Ty\u00f6el\u00e4m\u00e4n sek\u00e4 koulun yhdist\u00e4minen opiskelijan silmin.\",\"description\":\"\",\"potentialAction\":[{\"@type\":\"SearchAction\",\"target\":{\"@type\":\"EntryPoint\",\"urlTemplate\":\"https:\\\/\\\/blogit.gradia.fi\\\/anniinatuomijarvi\\\/?s={search_term_string}\"},\"query-input\":{\"@type\":\"PropertyValueSpecification\",\"valueRequired\":true,\"valueName\":\"search_term_string\"}}],\"inLanguage\":\"fi\"},{\"@type\":\"Person\",\"@id\":\"https:\\\/\\\/blogit.gradia.fi\\\/anniinatuomijarvi\\\/#\\\/schema\\\/person\\\/a126012e8cf245661fe7e619b8b68806\",\"name\":\"Anniina\",\"image\":{\"@type\":\"ImageObject\",\"inLanguage\":\"fi\",\"@id\":\"https:\\\/\\\/secure.gravatar.com\\\/avatar\\\/faa68d1f1aa3d5a567e8faedb990f70be54a921fe1e421b90146ac2ec28bd4c2?s=96&d=mm&r=g\",\"url\":\"https:\\\/\\\/secure.gravatar.com\\\/avatar\\\/faa68d1f1aa3d5a567e8faedb990f70be54a921fe1e421b90146ac2ec28bd4c2?s=96&d=mm&r=g\",\"contentUrl\":\"https:\\\/\\\/secure.gravatar.com\\\/avatar\\\/faa68d1f1aa3d5a567e8faedb990f70be54a921fe1e421b90146ac2ec28bd4c2?s=96&d=mm&r=g\",\"caption\":\"Anniina\"},\"description\":\"Moikka ! Olen J\u00e4ms\u00e4l\u00e4inen 18 vuotias tytt\u00f6 ja opiskelen Jyv\u00e4skyl\u00e4n ammattiopistossa merkonomiksi ty\u00f6harjoittelupainotteisella linjalla, joka koostuu viikossa kolmesta p\u00e4iv\u00e4st\u00e4 ty\u00f6t\u00e4 ja kahdesta p\u00e4iv\u00e4st\u00e4 koulua.\",\"sameAs\":[\"https:\\\/\\\/blogit.gradia.fi\\\/anniinatuomijarvi\"],\"url\":\"https:\\\/\\\/blogit.gradia.fi\\\/anniinatuomijarvi\\\/author\\\/ao106993\\\/\"}]}<\/script>\n<!-- \/ Yoast SEO plugin. -->","yoast_head_json":{"title":"Heijastinliivien lanseeraus. - Ty\u00f6el\u00e4m\u00e4n sek\u00e4 koulun yhdist\u00e4minen opiskelijan silmin.","robots":{"index":"index","follow":"follow","max-snippet":"max-snippet:-1","max-image-preview":"max-image-preview:large","max-video-preview":"max-video-preview:-1"},"canonical":"https:\/\/blogit.gradia.fi\/anniinatuomijarvi\/ylisopojen-lasten-heijastinliivien-lanseeraus\/","og_locale":"fi_FI","og_type":"article","og_title":"Heijastinliivien lanseeraus. - Ty\u00f6el\u00e4m\u00e4n sek\u00e4 koulun yhdist\u00e4minen opiskelijan silmin.","og_description":"T\u00e4n\u00e4\u00e4n t\u00f6iss\u00e4 oli huippu p\u00e4iv\u00e4 ! Ohjelmassa oli siis Kreetta Ahosen ensimm\u00e4isen tuotteen, Vinkeen lasten heijastinliivien,\u00a0 lanseeraus ja siihen liittyv\u00e4t j\u00e4rjestelyt. Aluksi meille tuotiin j\u00e4rkytt\u00e4v\u00e4n kokoinen laatikollinen heijastinliivej\u00e4, ne piti purkaa tietenkin ja putsata viel\u00e4 varulta teippiharjalla. Sen j\u00e4lkeen niihin lis\u00e4ttiin tuoteselosteet ja tarkastettiin ett\u00e4 kaikki tuotteet olivat saapuneet paikalle. T\u00e4ss\u00e4 v\u00e4liss\u00e4 tyhjennettiin my\u00f6s yksi &hellip; Jatka lukemista Heijastinliivien lanseeraus. &rarr;","og_url":"https:\/\/blogit.gradia.fi\/anniinatuomijarvi\/ylisopojen-lasten-heijastinliivien-lanseeraus\/","og_site_name":"Ty\u00f6el\u00e4m\u00e4n sek\u00e4 koulun yhdist\u00e4minen opiskelijan silmin.","article_published_time":"2013-09-04T18:26:36+00:00","article_modified_time":"2014-11-23T19:59:11+00:00","og_image":[{"url":"https:\/\/blogit.gradia.fi\/anniinatuomijarvi\/wp-content\/uploads\/sites\/94\/2013\/09\/WP_000023.jpg","type":"","width":"","height":""}],"author":"Anniina","twitter_card":"summary_large_image","twitter_misc":{"Kirjoittanut":"Anniina","Arvioitu lukuaika":"2 minuuttia"},"schema":{"@context":"https:\/\/schema.org","@graph":[{"@type":"Article","@id":"https:\/\/blogit.gradia.fi\/anniinatuomijarvi\/ylisopojen-lasten-heijastinliivien-lanseeraus\/#article","isPartOf":{"@id":"https:\/\/blogit.gradia.fi\/anniinatuomijarvi\/ylisopojen-lasten-heijastinliivien-lanseeraus\/"},"author":{"name":"Anniina","@id":"https:\/\/blogit.gradia.fi\/anniinatuomijarvi\/#\/schema\/person\/a126012e8cf245661fe7e619b8b68806"},"headline":"Heijastinliivien lanseeraus.","datePublished":"2013-09-04T18:26:36+00:00","dateModified":"2014-11-23T19:59:11+00:00","mainEntityOfPage":{"@id":"https:\/\/blogit.gradia.fi\/anniinatuomijarvi\/ylisopojen-lasten-heijastinliivien-lanseeraus\/"},"wordCount":329,"commentCount":1,"image":{"@id":"https:\/\/blogit.gradia.fi\/anniinatuomijarvi\/ylisopojen-lasten-heijastinliivien-lanseeraus\/#primaryimage"},"thumbnailUrl":"https:\/\/blogit.gradia.fi\/anniinatuomijarvi\/wp-content\/uploads\/sites\/94\/2013\/09\/WP_000023.jpg","inLanguage":"fi","potentialAction":[{"@type":"CommentAction","name":"Comment","target":["https:\/\/blogit.gradia.fi\/anniinatuomijarvi\/ylisopojen-lasten-heijastinliivien-lanseeraus\/#respond"]}]},{"@type":"WebPage","@id":"https:\/\/blogit.gradia.fi\/anniinatuomijarvi\/ylisopojen-lasten-heijastinliivien-lanseeraus\/","url":"https:\/\/blogit.gradia.fi\/anniinatuomijarvi\/ylisopojen-lasten-heijastinliivien-lanseeraus\/","name":"Heijastinliivien lanseeraus. - Ty\u00f6el\u00e4m\u00e4n sek\u00e4 koulun yhdist\u00e4minen opiskelijan silmin.","isPartOf":{"@id":"https:\/\/blogit.gradia.fi\/anniinatuomijarvi\/#website"},"primaryImageOfPage":{"@id":"https:\/\/blogit.gradia.fi\/anniinatuomijarvi\/ylisopojen-lasten-heijastinliivien-lanseeraus\/#primaryimage"},"image":{"@id":"https:\/\/blogit.gradia.fi\/anniinatuomijarvi\/ylisopojen-lasten-heijastinliivien-lanseeraus\/#primaryimage"},"thumbnailUrl":"https:\/\/blogit.gradia.fi\/anniinatuomijarvi\/wp-content\/uploads\/sites\/94\/2013\/09\/WP_000023.jpg","datePublished":"2013-09-04T18:26:36+00:00","dateModified":"2014-11-23T19:59:11+00:00","author":{"@id":"https:\/\/blogit.gradia.fi\/anniinatuomijarvi\/#\/schema\/person\/a126012e8cf245661fe7e619b8b68806"},"inLanguage":"fi","potentialAction":[{"@type":"ReadAction","target":["https:\/\/blogit.gradia.fi\/anniinatuomijarvi\/ylisopojen-lasten-heijastinliivien-lanseeraus\/"]}]},{"@type":"ImageObject","inLanguage":"fi","@id":"https:\/\/blogit.gradia.fi\/anniinatuomijarvi\/ylisopojen-lasten-heijastinliivien-lanseeraus\/#primaryimage","url":"https:\/\/blogit.gradia.fi\/anniinatuomijarvi\/wp-content\/uploads\/sites\/94\/2013\/09\/WP_000023.jpg","contentUrl":"https:\/\/blogit.gradia.fi\/anniinatuomijarvi\/wp-content\/uploads\/sites\/94\/2013\/09\/WP_000023.jpg","width":2448,"height":3264},{"@type":"WebSite","@id":"https:\/\/blogit.gradia.fi\/anniinatuomijarvi\/#website","url":"https:\/\/blogit.gradia.fi\/anniinatuomijarvi\/","name":"Ty\u00f6el\u00e4m\u00e4n sek\u00e4 koulun yhdist\u00e4minen opiskelijan silmin.","description":"","potentialAction":[{"@type":"SearchAction","target":{"@type":"EntryPoint","urlTemplate":"https:\/\/blogit.gradia.fi\/anniinatuomijarvi\/?s={search_term_string}"},"query-input":{"@type":"PropertyValueSpecification","valueRequired":true,"valueName":"search_term_string"}}],"inLanguage":"fi"},{"@type":"Person","@id":"https:\/\/blogit.gradia.fi\/anniinatuomijarvi\/#\/schema\/person\/a126012e8cf245661fe7e619b8b68806","name":"Anniina","image":{"@type":"ImageObject","inLanguage":"fi","@id":"https:\/\/secure.gravatar.com\/avatar\/faa68d1f1aa3d5a567e8faedb990f70be54a921fe1e421b90146ac2ec28bd4c2?s=96&d=mm&r=g","url":"https:\/\/secure.gravatar.com\/avatar\/faa68d1f1aa3d5a567e8faedb990f70be54a921fe1e421b90146ac2ec28bd4c2?s=96&d=mm&r=g","contentUrl":"https:\/\/secure.gravatar.com\/avatar\/faa68d1f1aa3d5a567e8faedb990f70be54a921fe1e421b90146ac2ec28bd4c2?s=96&d=mm&r=g","caption":"Anniina"},"description":"Moikka ! Olen J\u00e4ms\u00e4l\u00e4inen 18 vuotias tytt\u00f6 ja opiskelen Jyv\u00e4skyl\u00e4n ammattiopistossa merkonomiksi ty\u00f6harjoittelupainotteisella linjalla, joka koostuu viikossa kolmesta p\u00e4iv\u00e4st\u00e4 ty\u00f6t\u00e4 ja kahdesta p\u00e4iv\u00e4st\u00e4 koulua.","sameAs":["https:\/\/blogit.gradia.fi\/anniinatuomijarvi"],"url":"https:\/\/blogit.gradia.fi\/anniinatuomijarvi\/author\/ao106993\/"}]}},"uagb_featured_image_src":{"full":false,"thumbnail":false,"medium":false,"medium_large":false,"large":false,"1536x1536":false,"2048x2048":false,"post-thumbnail":false,"twentyfourteen-full-width":false},"uagb_author_info":{"display_name":"Anniina","author_link":"https:\/\/blogit.gradia.fi\/anniinatuomijarvi\/author\/ao106993\/"},"uagb_comment_info":1,"uagb_excerpt":"T\u00e4n\u00e4\u00e4n t\u00f6iss\u00e4 oli huippu p\u00e4iv\u00e4 ! Ohjelmassa oli siis Kreetta Ahosen ensimm\u00e4isen tuotteen, Vinkeen lasten heijastinliivien,\u00a0 lanseeraus ja siihen liittyv\u00e4t j\u00e4rjestelyt. Aluksi meille tuotiin j\u00e4rkytt\u00e4v\u00e4n kokoinen laatikollinen heijastinliivej\u00e4, ne piti purkaa tietenkin ja putsata viel\u00e4 varulta teippiharjalla. Sen j\u00e4lkeen niihin lis\u00e4ttiin tuoteselosteet ja tarkastettiin ett\u00e4 kaikki tuotteet olivat saapuneet paikalle. T\u00e4ss\u00e4 v\u00e4liss\u00e4 tyhjennettiin my\u00f6s yksi&hellip;","_links":{"self":[{"href":"https:\/\/blogit.gradia.fi\/anniinatuomijarvi\/wp-json\/wp\/v2\/posts\/50","targetHints":{"allow":["GET"]}}],"collection":[{"href":"https:\/\/blogit.gradia.fi\/anniinatuomijarvi\/wp-json\/wp\/v2\/posts"}],"about":[{"href":"https:\/\/blogit.gradia.fi\/anniinatuomijarvi\/wp-json\/wp\/v2\/types\/post"}],"author":[{"embeddable":true,"href":"https:\/\/blogit.gradia.fi\/anniinatuomijarvi\/wp-json\/wp\/v2\/users\/588"}],"replies":[{"embeddable":true,"href":"https:\/\/blogit.gradia.fi\/anniinatuomijarvi\/wp-json\/wp\/v2\/comments?post=50"}],"version-history":[{"count":0,"href":"https:\/\/blogit.gradia.fi\/anniinatuomijarvi\/wp-json\/wp\/v2\/posts\/50\/revisions"}],"wp:attachment":[{"href":"https:\/\/blogit.gradia.fi\/anniinatuomijarvi\/wp-json\/wp\/v2\/media?parent=50"}],"wp:term":[{"taxonomy":"category","embeddable":true,"href":"https:\/\/blogit.gradia.fi\/anniinatuomijarvi\/wp-json\/wp\/v2\/categories?post=50"},{"taxonomy":"post_tag","embeddable":true,"href":"https:\/\/blogit.gradia.fi\/anniinatuomijarvi\/wp-json\/wp\/v2\/tags?post=50"}],"curies":[{"name":"wp","href":"https:\/\/api.w.org\/{rel}","templated":true}]}}