{"id":457,"date":"2014-11-04T17:35:08","date_gmt":"2014-11-04T15:35:08","guid":{"rendered":"https:\/\/blogit.gradia.fi\/anniinatuomijarvi\/?p=457"},"modified":"2014-11-04T17:35:08","modified_gmt":"2014-11-04T15:35:08","slug":"kesan-projekti-irina-siikavire","status":"publish","type":"post","link":"https:\/\/blogit.gradia.fi\/anniinatuomijarvi\/kesan-projekti-irina-siikavire\/","title":{"rendered":"Kes\u00e4n projekti Irina Siikavire"},"content":{"rendered":"<p>Heips !<\/p>\n<p>Kes\u00e4ll\u00e4 siis tein projektin Irina Siikavireelle (http:\/\/www.irinasiikavire.fi\/) jossa suunnittelin h\u00e4nelle mainoksen, k\u00e4yntikortin sek\u00e4 esitteen. Pidimme muutaman palaverin asiasta, mutta suurin osa viestittelyst\u00e4 sujui s\u00e4hk\u00f6postin v\u00e4lityksell\u00e4. Suunnittelin siis itse alusta loppuun kaiken ja kuvat\/ideat jotka siihen otin l\u00f6ysin Common Creativen sivuilta, eli ne ovat t\u00e4ysin lailliset markkinointiin. Moneen kertaan suunnitelmat muuttuivat, mutta olen itse henkil\u00f6kohtaisesti tyytyv\u00e4inen lopputuloksiin ! Projekti oli mukava toteuttaa kun p\u00e4\u00e4sin k\u00e4ytt\u00e4m\u00e4\u00e4n siin\u00e4 omia taitojani sek\u00e4 luovuuttani. \ud83d\ude42<\/p>\n<p>&nbsp;<\/p>\n<p>&nbsp;<\/p>\n<p>&nbsp;<\/p>\n<p><a href=\"https:\/\/blogit.gradia.fi\/anniinatuomijarvi\/wp-content\/uploads\/sites\/94\/2014\/11\/esite2.png\"><img loading=\"lazy\" decoding=\"async\" class=\"alignnone size-medium wp-image-459\" alt=\"esite2\" src=\"https:\/\/blogit.gradia.fi\/anniinatuomijarvi\/wp-content\/uploads\/sites\/94\/2014\/11\/esite2-300x207.png\" width=\"300\" height=\"207\" srcset=\"https:\/\/blogit.gradia.fi\/anniinatuomijarvi\/wp-content\/uploads\/sites\/94\/2014\/11\/esite2-300x207.png 300w, https:\/\/blogit.gradia.fi\/anniinatuomijarvi\/wp-content\/uploads\/sites\/94\/2014\/11\/esite2-254x175.png 254w, https:\/\/blogit.gradia.fi\/anniinatuomijarvi\/wp-content\/uploads\/sites\/94\/2014\/11\/esite2-201x139.png 201w, https:\/\/blogit.gradia.fi\/anniinatuomijarvi\/wp-content\/uploads\/sites\/94\/2014\/11\/esite2-336x232.png 336w, https:\/\/blogit.gradia.fi\/anniinatuomijarvi\/wp-content\/uploads\/sites\/94\/2014\/11\/esite2-504x348.png 504w, https:\/\/blogit.gradia.fi\/anniinatuomijarvi\/wp-content\/uploads\/sites\/94\/2014\/11\/esite2.png 827w\" sizes=\"auto, (max-width: 300px) 100vw, 300px\" \/><\/a> <a href=\"https:\/\/blogit.gradia.fi\/anniinatuomijarvi\/wp-content\/uploads\/sites\/94\/2014\/11\/esite-1.png\"><img loading=\"lazy\" decoding=\"async\" class=\"alignnone size-medium wp-image-458\" alt=\"esite 1\" src=\"https:\/\/blogit.gradia.fi\/anniinatuomijarvi\/wp-content\/uploads\/sites\/94\/2014\/11\/esite-1-300x205.png\" width=\"300\" height=\"205\" srcset=\"https:\/\/blogit.gradia.fi\/anniinatuomijarvi\/wp-content\/uploads\/sites\/94\/2014\/11\/esite-1-300x205.png 300w, https:\/\/blogit.gradia.fi\/anniinatuomijarvi\/wp-content\/uploads\/sites\/94\/2014\/11\/esite-1-254x174.png 254w, https:\/\/blogit.gradia.fi\/anniinatuomijarvi\/wp-content\/uploads\/sites\/94\/2014\/11\/esite-1-201x137.png 201w, https:\/\/blogit.gradia.fi\/anniinatuomijarvi\/wp-content\/uploads\/sites\/94\/2014\/11\/esite-1-336x230.png 336w, https:\/\/blogit.gradia.fi\/anniinatuomijarvi\/wp-content\/uploads\/sites\/94\/2014\/11\/esite-1-504x345.png 504w, https:\/\/blogit.gradia.fi\/anniinatuomijarvi\/wp-content\/uploads\/sites\/94\/2014\/11\/esite-1.png 839w\" sizes=\"auto, (max-width: 300px) 100vw, 300px\" \/><\/p>\n<p><\/a><\/p>\n<p>Yl\u00e4puolella siis esite, jota yritt\u00e4j\u00e4 voi jakaa itse esim. messuilla. Esite siis kaksipuolinen ja taitettava, kuva 1 sis\u00e4lt\u00f6, kuva 2 taka- ja etupuoli. (En ymm\u00e4rr\u00e4 miksi t\u00e4m\u00e4 ohjelma laittoi ne n\u00e4in p\u00e4in vaikka yritin toisin..)<\/p>\n<p>&nbsp;<\/p>\n<p><a href=\"https:\/\/blogit.gradia.fi\/anniinatuomijarvi\/wp-content\/uploads\/sites\/94\/2014\/11\/k\u00e4yntikortti1.png\"><img loading=\"lazy\" decoding=\"async\" class=\"alignnone size-medium wp-image-460\" alt=\"k\u00e4yntikortti1\" src=\"https:\/\/blogit.gradia.fi\/anniinatuomijarvi\/wp-content\/uploads\/sites\/94\/2014\/11\/k\u00e4yntikortti1-300x96.png\" width=\"300\" height=\"96\" srcset=\"https:\/\/blogit.gradia.fi\/anniinatuomijarvi\/wp-content\/uploads\/sites\/94\/2014\/11\/k\u00e4yntikortti1-300x96.png 300w, https:\/\/blogit.gradia.fi\/anniinatuomijarvi\/wp-content\/uploads\/sites\/94\/2014\/11\/k\u00e4yntikortti1-254x81.png 254w, https:\/\/blogit.gradia.fi\/anniinatuomijarvi\/wp-content\/uploads\/sites\/94\/2014\/11\/k\u00e4yntikortti1-201x64.png 201w, https:\/\/blogit.gradia.fi\/anniinatuomijarvi\/wp-content\/uploads\/sites\/94\/2014\/11\/k\u00e4yntikortti1-336x107.png 336w, https:\/\/blogit.gradia.fi\/anniinatuomijarvi\/wp-content\/uploads\/sites\/94\/2014\/11\/k\u00e4yntikortti1-504x161.png 504w, https:\/\/blogit.gradia.fi\/anniinatuomijarvi\/wp-content\/uploads\/sites\/94\/2014\/11\/k\u00e4yntikortti1.png 810w\" sizes=\"auto, (max-width: 300px) 100vw, 300px\" \/><\/a><\/p>\n<p>Yl\u00e4puolella k\u00e4yntikortti, kuva 1 etupuoli, kuva 2 takapuoli.<\/p>\n<p>&nbsp;<\/p>\n<p><a href=\"https:\/\/blogit.gradia.fi\/anniinatuomijarvi\/wp-content\/uploads\/sites\/94\/2014\/11\/mainos1.png\"><img loading=\"lazy\" decoding=\"async\" class=\"alignnone size-medium wp-image-461\" alt=\"mainos1\" src=\"https:\/\/blogit.gradia.fi\/anniinatuomijarvi\/wp-content\/uploads\/sites\/94\/2014\/11\/mainos1-213x300.png\" width=\"213\" height=\"300\" srcset=\"https:\/\/blogit.gradia.fi\/anniinatuomijarvi\/wp-content\/uploads\/sites\/94\/2014\/11\/mainos1-213x300.png 213w, https:\/\/blogit.gradia.fi\/anniinatuomijarvi\/wp-content\/uploads\/sites\/94\/2014\/11\/mainos1-254x356.png 254w, https:\/\/blogit.gradia.fi\/anniinatuomijarvi\/wp-content\/uploads\/sites\/94\/2014\/11\/mainos1-201x282.png 201w, https:\/\/blogit.gradia.fi\/anniinatuomijarvi\/wp-content\/uploads\/sites\/94\/2014\/11\/mainos1-336x471.png 336w, https:\/\/blogit.gradia.fi\/anniinatuomijarvi\/wp-content\/uploads\/sites\/94\/2014\/11\/mainos1.png 398w\" sizes=\"auto, (max-width: 213px) 100vw, 213px\" \/><\/a><\/p>\n<p>Yl\u00e4puolella mainos, jonka voi laittaa esim. kauppojen ilmoitustauluille.<\/p>\n<p>Olen saanut luvan yritt\u00e4j\u00e4lt\u00e4 julkaista n\u00e4m\u00e4 kuvat t\u00e4\u00e4ll\u00e4 osoituksena ty\u00f6st\u00e4ni ja osaamisestani. \ud83d\ude42<\/p>\n<p>&#8211; Anniina<\/p>\n","protected":false},"excerpt":{"rendered":"<p>Heips ! Kes\u00e4ll\u00e4 siis tein projektin Irina Siikavireelle (http:\/\/www.irinasiikavire.fi\/) jossa suunnittelin h\u00e4nelle mainoksen, k\u00e4yntikortin sek\u00e4 esitteen. Pidimme muutaman palaverin asiasta, mutta suurin osa viestittelyst\u00e4 sujui s\u00e4hk\u00f6postin v\u00e4lityksell\u00e4. Suunnittelin siis itse alusta loppuun kaiken ja kuvat\/ideat jotka siihen otin l\u00f6ysin Common Creativen sivuilta, eli ne ovat t\u00e4ysin lailliset markkinointiin. Moneen kertaan suunnitelmat muuttuivat, mutta olen itse &hellip; <a href=\"https:\/\/blogit.gradia.fi\/anniinatuomijarvi\/kesan-projekti-irina-siikavire\/\" class=\"more-link\">Jatka lukemista <span class=\"screen-reader-text\">Kes\u00e4n projekti Irina Siikavire<\/span> <span class=\"meta-nav\">&rarr;<\/span><\/a><\/p>\n","protected":false},"author":588,"featured_media":0,"comment_status":"open","ping_status":"open","sticky":false,"template":"","format":"standard","meta":{"_uag_custom_page_level_css":"","footnotes":""},"categories":[1],"tags":[],"class_list":["post-457","post","type-post","status-publish","format-standard","hentry","category-yleinen"],"yoast_head":"<!-- This site is optimized with the Yoast SEO plugin v27.4 - https:\/\/yoast.com\/product\/yoast-seo-wordpress\/ -->\n<title>Kes\u00e4n projekti Irina Siikavire - Ty\u00f6el\u00e4m\u00e4n sek\u00e4 koulun yhdist\u00e4minen opiskelijan silmin.<\/title>\n<meta name=\"robots\" content=\"index, follow, max-snippet:-1, max-image-preview:large, max-video-preview:-1\" \/>\n<link rel=\"canonical\" href=\"https:\/\/blogit.gradia.fi\/anniinatuomijarvi\/kesan-projekti-irina-siikavire\/\" \/>\n<meta property=\"og:locale\" content=\"fi_FI\" \/>\n<meta property=\"og:type\" content=\"article\" \/>\n<meta property=\"og:title\" content=\"Kes\u00e4n projekti Irina Siikavire - Ty\u00f6el\u00e4m\u00e4n sek\u00e4 koulun yhdist\u00e4minen opiskelijan silmin.\" \/>\n<meta property=\"og:description\" content=\"Heips ! Kes\u00e4ll\u00e4 siis tein projektin Irina Siikavireelle (http:\/\/www.irinasiikavire.fi\/) jossa suunnittelin h\u00e4nelle mainoksen, k\u00e4yntikortin sek\u00e4 esitteen. Pidimme muutaman palaverin asiasta, mutta suurin osa viestittelyst\u00e4 sujui s\u00e4hk\u00f6postin v\u00e4lityksell\u00e4. Suunnittelin siis itse alusta loppuun kaiken ja kuvat\/ideat jotka siihen otin l\u00f6ysin Common Creativen sivuilta, eli ne ovat t\u00e4ysin lailliset markkinointiin. Moneen kertaan suunnitelmat muuttuivat, mutta olen itse &hellip; Jatka lukemista Kes\u00e4n projekti Irina Siikavire &rarr;\" \/>\n<meta property=\"og:url\" content=\"https:\/\/blogit.gradia.fi\/anniinatuomijarvi\/kesan-projekti-irina-siikavire\/\" \/>\n<meta property=\"og:site_name\" content=\"Ty\u00f6el\u00e4m\u00e4n sek\u00e4 koulun yhdist\u00e4minen opiskelijan silmin.\" \/>\n<meta property=\"article:published_time\" content=\"2014-11-04T15:35:08+00:00\" \/>\n<meta property=\"og:image\" content=\"https:\/\/blogit.gradia.fi\/anniinatuomijarvi\/wp-content\/uploads\/sites\/94\/2014\/11\/esite2-300x207.png\" \/>\n<meta name=\"author\" content=\"Anniina\" \/>\n<meta name=\"twitter:card\" content=\"summary_large_image\" \/>\n<meta name=\"twitter:label1\" content=\"Kirjoittanut\" \/>\n\t<meta name=\"twitter:data1\" content=\"Anniina\" \/>\n\t<meta name=\"twitter:label2\" content=\"Arvioitu lukuaika\" \/>\n\t<meta name=\"twitter:data2\" content=\"1 minuutti\" \/>\n<script type=\"application\/ld+json\" class=\"yoast-schema-graph\">{\"@context\":\"https:\\\/\\\/schema.org\",\"@graph\":[{\"@type\":\"Article\",\"@id\":\"https:\\\/\\\/blogit.gradia.fi\\\/anniinatuomijarvi\\\/kesan-projekti-irina-siikavire\\\/#article\",\"isPartOf\":{\"@id\":\"https:\\\/\\\/blogit.gradia.fi\\\/anniinatuomijarvi\\\/kesan-projekti-irina-siikavire\\\/\"},\"author\":{\"name\":\"Anniina\",\"@id\":\"https:\\\/\\\/blogit.gradia.fi\\\/anniinatuomijarvi\\\/#\\\/schema\\\/person\\\/a126012e8cf245661fe7e619b8b68806\"},\"headline\":\"Kes\u00e4n projekti Irina Siikavire\",\"datePublished\":\"2014-11-04T15:35:08+00:00\",\"mainEntityOfPage\":{\"@id\":\"https:\\\/\\\/blogit.gradia.fi\\\/anniinatuomijarvi\\\/kesan-projekti-irina-siikavire\\\/\"},\"wordCount\":174,\"commentCount\":2,\"image\":{\"@id\":\"https:\\\/\\\/blogit.gradia.fi\\\/anniinatuomijarvi\\\/kesan-projekti-irina-siikavire\\\/#primaryimage\"},\"thumbnailUrl\":\"https:\\\/\\\/blogit.gradia.fi\\\/anniinatuomijarvi\\\/wp-content\\\/uploads\\\/sites\\\/94\\\/2014\\\/11\\\/esite2-300x207.png\",\"inLanguage\":\"fi\",\"potentialAction\":[{\"@type\":\"CommentAction\",\"name\":\"Comment\",\"target\":[\"https:\\\/\\\/blogit.gradia.fi\\\/anniinatuomijarvi\\\/kesan-projekti-irina-siikavire\\\/#respond\"]}]},{\"@type\":\"WebPage\",\"@id\":\"https:\\\/\\\/blogit.gradia.fi\\\/anniinatuomijarvi\\\/kesan-projekti-irina-siikavire\\\/\",\"url\":\"https:\\\/\\\/blogit.gradia.fi\\\/anniinatuomijarvi\\\/kesan-projekti-irina-siikavire\\\/\",\"name\":\"Kes\u00e4n projekti Irina Siikavire - Ty\u00f6el\u00e4m\u00e4n sek\u00e4 koulun yhdist\u00e4minen opiskelijan silmin.\",\"isPartOf\":{\"@id\":\"https:\\\/\\\/blogit.gradia.fi\\\/anniinatuomijarvi\\\/#website\"},\"primaryImageOfPage\":{\"@id\":\"https:\\\/\\\/blogit.gradia.fi\\\/anniinatuomijarvi\\\/kesan-projekti-irina-siikavire\\\/#primaryimage\"},\"image\":{\"@id\":\"https:\\\/\\\/blogit.gradia.fi\\\/anniinatuomijarvi\\\/kesan-projekti-irina-siikavire\\\/#primaryimage\"},\"thumbnailUrl\":\"https:\\\/\\\/blogit.gradia.fi\\\/anniinatuomijarvi\\\/wp-content\\\/uploads\\\/sites\\\/94\\\/2014\\\/11\\\/esite2-300x207.png\",\"datePublished\":\"2014-11-04T15:35:08+00:00\",\"author\":{\"@id\":\"https:\\\/\\\/blogit.gradia.fi\\\/anniinatuomijarvi\\\/#\\\/schema\\\/person\\\/a126012e8cf245661fe7e619b8b68806\"},\"inLanguage\":\"fi\",\"potentialAction\":[{\"@type\":\"ReadAction\",\"target\":[\"https:\\\/\\\/blogit.gradia.fi\\\/anniinatuomijarvi\\\/kesan-projekti-irina-siikavire\\\/\"]}]},{\"@type\":\"ImageObject\",\"inLanguage\":\"fi\",\"@id\":\"https:\\\/\\\/blogit.gradia.fi\\\/anniinatuomijarvi\\\/kesan-projekti-irina-siikavire\\\/#primaryimage\",\"url\":\"https:\\\/\\\/blogit.gradia.fi\\\/anniinatuomijarvi\\\/wp-content\\\/uploads\\\/sites\\\/94\\\/2014\\\/11\\\/esite2.png\",\"contentUrl\":\"https:\\\/\\\/blogit.gradia.fi\\\/anniinatuomijarvi\\\/wp-content\\\/uploads\\\/sites\\\/94\\\/2014\\\/11\\\/esite2.png\",\"width\":827,\"height\":572},{\"@type\":\"WebSite\",\"@id\":\"https:\\\/\\\/blogit.gradia.fi\\\/anniinatuomijarvi\\\/#website\",\"url\":\"https:\\\/\\\/blogit.gradia.fi\\\/anniinatuomijarvi\\\/\",\"name\":\"Ty\u00f6el\u00e4m\u00e4n sek\u00e4 koulun yhdist\u00e4minen opiskelijan silmin.\",\"description\":\"\",\"potentialAction\":[{\"@type\":\"SearchAction\",\"target\":{\"@type\":\"EntryPoint\",\"urlTemplate\":\"https:\\\/\\\/blogit.gradia.fi\\\/anniinatuomijarvi\\\/?s={search_term_string}\"},\"query-input\":{\"@type\":\"PropertyValueSpecification\",\"valueRequired\":true,\"valueName\":\"search_term_string\"}}],\"inLanguage\":\"fi\"},{\"@type\":\"Person\",\"@id\":\"https:\\\/\\\/blogit.gradia.fi\\\/anniinatuomijarvi\\\/#\\\/schema\\\/person\\\/a126012e8cf245661fe7e619b8b68806\",\"name\":\"Anniina\",\"image\":{\"@type\":\"ImageObject\",\"inLanguage\":\"fi\",\"@id\":\"https:\\\/\\\/secure.gravatar.com\\\/avatar\\\/faa68d1f1aa3d5a567e8faedb990f70be54a921fe1e421b90146ac2ec28bd4c2?s=96&d=mm&r=g\",\"url\":\"https:\\\/\\\/secure.gravatar.com\\\/avatar\\\/faa68d1f1aa3d5a567e8faedb990f70be54a921fe1e421b90146ac2ec28bd4c2?s=96&d=mm&r=g\",\"contentUrl\":\"https:\\\/\\\/secure.gravatar.com\\\/avatar\\\/faa68d1f1aa3d5a567e8faedb990f70be54a921fe1e421b90146ac2ec28bd4c2?s=96&d=mm&r=g\",\"caption\":\"Anniina\"},\"description\":\"Moikka ! Olen J\u00e4ms\u00e4l\u00e4inen 18 vuotias tytt\u00f6 ja opiskelen Jyv\u00e4skyl\u00e4n ammattiopistossa merkonomiksi ty\u00f6harjoittelupainotteisella linjalla, joka koostuu viikossa kolmesta p\u00e4iv\u00e4st\u00e4 ty\u00f6t\u00e4 ja kahdesta p\u00e4iv\u00e4st\u00e4 koulua.\",\"sameAs\":[\"https:\\\/\\\/blogit.gradia.fi\\\/anniinatuomijarvi\"],\"url\":\"https:\\\/\\\/blogit.gradia.fi\\\/anniinatuomijarvi\\\/author\\\/ao106993\\\/\"}]}<\/script>\n<!-- \/ Yoast SEO plugin. -->","yoast_head_json":{"title":"Kes\u00e4n projekti Irina Siikavire - Ty\u00f6el\u00e4m\u00e4n sek\u00e4 koulun yhdist\u00e4minen opiskelijan silmin.","robots":{"index":"index","follow":"follow","max-snippet":"max-snippet:-1","max-image-preview":"max-image-preview:large","max-video-preview":"max-video-preview:-1"},"canonical":"https:\/\/blogit.gradia.fi\/anniinatuomijarvi\/kesan-projekti-irina-siikavire\/","og_locale":"fi_FI","og_type":"article","og_title":"Kes\u00e4n projekti Irina Siikavire - Ty\u00f6el\u00e4m\u00e4n sek\u00e4 koulun yhdist\u00e4minen opiskelijan silmin.","og_description":"Heips ! Kes\u00e4ll\u00e4 siis tein projektin Irina Siikavireelle (http:\/\/www.irinasiikavire.fi\/) jossa suunnittelin h\u00e4nelle mainoksen, k\u00e4yntikortin sek\u00e4 esitteen. Pidimme muutaman palaverin asiasta, mutta suurin osa viestittelyst\u00e4 sujui s\u00e4hk\u00f6postin v\u00e4lityksell\u00e4. Suunnittelin siis itse alusta loppuun kaiken ja kuvat\/ideat jotka siihen otin l\u00f6ysin Common Creativen sivuilta, eli ne ovat t\u00e4ysin lailliset markkinointiin. Moneen kertaan suunnitelmat muuttuivat, mutta olen itse &hellip; Jatka lukemista Kes\u00e4n projekti Irina Siikavire &rarr;","og_url":"https:\/\/blogit.gradia.fi\/anniinatuomijarvi\/kesan-projekti-irina-siikavire\/","og_site_name":"Ty\u00f6el\u00e4m\u00e4n sek\u00e4 koulun yhdist\u00e4minen opiskelijan silmin.","article_published_time":"2014-11-04T15:35:08+00:00","og_image":[{"url":"https:\/\/blogit.gradia.fi\/anniinatuomijarvi\/wp-content\/uploads\/sites\/94\/2014\/11\/esite2-300x207.png","type":"","width":"","height":""}],"author":"Anniina","twitter_card":"summary_large_image","twitter_misc":{"Kirjoittanut":"Anniina","Arvioitu lukuaika":"1 minuutti"},"schema":{"@context":"https:\/\/schema.org","@graph":[{"@type":"Article","@id":"https:\/\/blogit.gradia.fi\/anniinatuomijarvi\/kesan-projekti-irina-siikavire\/#article","isPartOf":{"@id":"https:\/\/blogit.gradia.fi\/anniinatuomijarvi\/kesan-projekti-irina-siikavire\/"},"author":{"name":"Anniina","@id":"https:\/\/blogit.gradia.fi\/anniinatuomijarvi\/#\/schema\/person\/a126012e8cf245661fe7e619b8b68806"},"headline":"Kes\u00e4n projekti Irina Siikavire","datePublished":"2014-11-04T15:35:08+00:00","mainEntityOfPage":{"@id":"https:\/\/blogit.gradia.fi\/anniinatuomijarvi\/kesan-projekti-irina-siikavire\/"},"wordCount":174,"commentCount":2,"image":{"@id":"https:\/\/blogit.gradia.fi\/anniinatuomijarvi\/kesan-projekti-irina-siikavire\/#primaryimage"},"thumbnailUrl":"https:\/\/blogit.gradia.fi\/anniinatuomijarvi\/wp-content\/uploads\/sites\/94\/2014\/11\/esite2-300x207.png","inLanguage":"fi","potentialAction":[{"@type":"CommentAction","name":"Comment","target":["https:\/\/blogit.gradia.fi\/anniinatuomijarvi\/kesan-projekti-irina-siikavire\/#respond"]}]},{"@type":"WebPage","@id":"https:\/\/blogit.gradia.fi\/anniinatuomijarvi\/kesan-projekti-irina-siikavire\/","url":"https:\/\/blogit.gradia.fi\/anniinatuomijarvi\/kesan-projekti-irina-siikavire\/","name":"Kes\u00e4n projekti Irina Siikavire - Ty\u00f6el\u00e4m\u00e4n sek\u00e4 koulun yhdist\u00e4minen opiskelijan silmin.","isPartOf":{"@id":"https:\/\/blogit.gradia.fi\/anniinatuomijarvi\/#website"},"primaryImageOfPage":{"@id":"https:\/\/blogit.gradia.fi\/anniinatuomijarvi\/kesan-projekti-irina-siikavire\/#primaryimage"},"image":{"@id":"https:\/\/blogit.gradia.fi\/anniinatuomijarvi\/kesan-projekti-irina-siikavire\/#primaryimage"},"thumbnailUrl":"https:\/\/blogit.gradia.fi\/anniinatuomijarvi\/wp-content\/uploads\/sites\/94\/2014\/11\/esite2-300x207.png","datePublished":"2014-11-04T15:35:08+00:00","author":{"@id":"https:\/\/blogit.gradia.fi\/anniinatuomijarvi\/#\/schema\/person\/a126012e8cf245661fe7e619b8b68806"},"inLanguage":"fi","potentialAction":[{"@type":"ReadAction","target":["https:\/\/blogit.gradia.fi\/anniinatuomijarvi\/kesan-projekti-irina-siikavire\/"]}]},{"@type":"ImageObject","inLanguage":"fi","@id":"https:\/\/blogit.gradia.fi\/anniinatuomijarvi\/kesan-projekti-irina-siikavire\/#primaryimage","url":"https:\/\/blogit.gradia.fi\/anniinatuomijarvi\/wp-content\/uploads\/sites\/94\/2014\/11\/esite2.png","contentUrl":"https:\/\/blogit.gradia.fi\/anniinatuomijarvi\/wp-content\/uploads\/sites\/94\/2014\/11\/esite2.png","width":827,"height":572},{"@type":"WebSite","@id":"https:\/\/blogit.gradia.fi\/anniinatuomijarvi\/#website","url":"https:\/\/blogit.gradia.fi\/anniinatuomijarvi\/","name":"Ty\u00f6el\u00e4m\u00e4n sek\u00e4 koulun yhdist\u00e4minen opiskelijan silmin.","description":"","potentialAction":[{"@type":"SearchAction","target":{"@type":"EntryPoint","urlTemplate":"https:\/\/blogit.gradia.fi\/anniinatuomijarvi\/?s={search_term_string}"},"query-input":{"@type":"PropertyValueSpecification","valueRequired":true,"valueName":"search_term_string"}}],"inLanguage":"fi"},{"@type":"Person","@id":"https:\/\/blogit.gradia.fi\/anniinatuomijarvi\/#\/schema\/person\/a126012e8cf245661fe7e619b8b68806","name":"Anniina","image":{"@type":"ImageObject","inLanguage":"fi","@id":"https:\/\/secure.gravatar.com\/avatar\/faa68d1f1aa3d5a567e8faedb990f70be54a921fe1e421b90146ac2ec28bd4c2?s=96&d=mm&r=g","url":"https:\/\/secure.gravatar.com\/avatar\/faa68d1f1aa3d5a567e8faedb990f70be54a921fe1e421b90146ac2ec28bd4c2?s=96&d=mm&r=g","contentUrl":"https:\/\/secure.gravatar.com\/avatar\/faa68d1f1aa3d5a567e8faedb990f70be54a921fe1e421b90146ac2ec28bd4c2?s=96&d=mm&r=g","caption":"Anniina"},"description":"Moikka ! Olen J\u00e4ms\u00e4l\u00e4inen 18 vuotias tytt\u00f6 ja opiskelen Jyv\u00e4skyl\u00e4n ammattiopistossa merkonomiksi ty\u00f6harjoittelupainotteisella linjalla, joka koostuu viikossa kolmesta p\u00e4iv\u00e4st\u00e4 ty\u00f6t\u00e4 ja kahdesta p\u00e4iv\u00e4st\u00e4 koulua.","sameAs":["https:\/\/blogit.gradia.fi\/anniinatuomijarvi"],"url":"https:\/\/blogit.gradia.fi\/anniinatuomijarvi\/author\/ao106993\/"}]}},"uagb_featured_image_src":{"full":false,"thumbnail":false,"medium":false,"medium_large":false,"large":false,"1536x1536":false,"2048x2048":false,"post-thumbnail":false,"twentyfourteen-full-width":false},"uagb_author_info":{"display_name":"Anniina","author_link":"https:\/\/blogit.gradia.fi\/anniinatuomijarvi\/author\/ao106993\/"},"uagb_comment_info":4,"uagb_excerpt":"Heips ! Kes\u00e4ll\u00e4 siis tein projektin Irina Siikavireelle (http:\/\/www.irinasiikavire.fi\/) jossa suunnittelin h\u00e4nelle mainoksen, k\u00e4yntikortin sek\u00e4 esitteen. Pidimme muutaman palaverin asiasta, mutta suurin osa viestittelyst\u00e4 sujui s\u00e4hk\u00f6postin v\u00e4lityksell\u00e4. Suunnittelin siis itse alusta loppuun kaiken ja kuvat\/ideat jotka siihen otin l\u00f6ysin Common Creativen sivuilta, eli ne ovat t\u00e4ysin lailliset markkinointiin. Moneen kertaan suunnitelmat muuttuivat, mutta olen itse&hellip;","_links":{"self":[{"href":"https:\/\/blogit.gradia.fi\/anniinatuomijarvi\/wp-json\/wp\/v2\/posts\/457","targetHints":{"allow":["GET"]}}],"collection":[{"href":"https:\/\/blogit.gradia.fi\/anniinatuomijarvi\/wp-json\/wp\/v2\/posts"}],"about":[{"href":"https:\/\/blogit.gradia.fi\/anniinatuomijarvi\/wp-json\/wp\/v2\/types\/post"}],"author":[{"embeddable":true,"href":"https:\/\/blogit.gradia.fi\/anniinatuomijarvi\/wp-json\/wp\/v2\/users\/588"}],"replies":[{"embeddable":true,"href":"https:\/\/blogit.gradia.fi\/anniinatuomijarvi\/wp-json\/wp\/v2\/comments?post=457"}],"version-history":[{"count":0,"href":"https:\/\/blogit.gradia.fi\/anniinatuomijarvi\/wp-json\/wp\/v2\/posts\/457\/revisions"}],"wp:attachment":[{"href":"https:\/\/blogit.gradia.fi\/anniinatuomijarvi\/wp-json\/wp\/v2\/media?parent=457"}],"wp:term":[{"taxonomy":"category","embeddable":true,"href":"https:\/\/blogit.gradia.fi\/anniinatuomijarvi\/wp-json\/wp\/v2\/categories?post=457"},{"taxonomy":"post_tag","embeddable":true,"href":"https:\/\/blogit.gradia.fi\/anniinatuomijarvi\/wp-json\/wp\/v2\/tags?post=457"}],"curies":[{"name":"wp","href":"https:\/\/api.w.org\/{rel}","templated":true}]}}