{"id":453,"date":"2014-11-03T19:48:43","date_gmt":"2014-11-03T17:48:43","guid":{"rendered":"https:\/\/blogit.gradia.fi\/anniinatuomijarvi\/?p=453"},"modified":"2014-12-07T18:05:08","modified_gmt":"2014-12-07T16:05:08","slug":"opintomatka-ikeaan","status":"publish","type":"post","link":"https:\/\/blogit.gradia.fi\/anniinatuomijarvi\/opintomatka-ikeaan\/","title":{"rendered":"Opintomatka Ikeaan."},"content":{"rendered":"<p>Moikka !<\/p>\n<p>K\u00e4vimme luokkalaistemme kanssa opintomatkalla Kuopion Matkus-kauppakeskuksessa ja siin\u00e4 samalla Ikeassa. L\u00e4hdimme koululta noin kello 8.30 ja parin tunnin matkustamisen j\u00e4lkeen l\u00f6ysimme itsemme Kuopiosta. Ikean tiloissa saimme kuulla Kuopion Ikean markkinointip\u00e4\u00e4llik\u00f6lt\u00e4 mm. Ikean keskeisi\u00e4 toimintaperiaatteita, markkinointia ja asiakastyytyv\u00e4isyytt\u00e4. H\u00e4n kertoi meille muutenkin yleisell\u00e4 tasolla Ikean toiminnasta. P\u00e4\u00e4llimm\u00e4isen\u00e4 j\u00e4i mieleen ett\u00e4 Ikean tarkoitus on luoda parempi arki tavallisille ihmisille sek\u00e4 tarjota laaja valikoima jokaiseen makuun ja tarpeeseen. Markkinointi ikeassa on hyvin monipuolista ja kauppakeskus Matkus ja Ikea tekev\u00e4t hyvin paljon yhteisty\u00f6t\u00e4 my\u00f6s markkinoinnissa mm. tapahtumat samaan aikaan. Ikean Markkinoinnilla pyrit\u00e4\u00e4n markkinoimaan laajasti erilaisia tuotteita oikeina vuodenaikoina teeman mukaisesti, esim. joulu.<br \/>\nIkealla on t\u00e4rke\u00e4\u00e4 pit\u00e4\u00e4 asiakkaat mahdollisimman tyytyv\u00e4isin\u00e4, jonka vuoksi Ikea tarjoaa mm. kuljetus- ja suunnittelupalveluita. My\u00f6s tavaratalot on tehty siten, ett\u00e4 jokainen asiakas olisi tyytyv\u00e4inen; esimerkiksi Ikealla on tarjota aina py\u00f6r\u00e4tuoleja niit\u00e4 tarvitseville sek\u00e4 kulkuv\u00e4yl\u00e4t tavaratalossa ovat tehty leveiksi mm. juuri py\u00f6r\u00e4tuoliasiakkaita ajatellen. Asiakastyytyv\u00e4isyys otetaan huomioon asiakastutkimusten avulla.<\/p>\n<p>Tarkoituksena meill\u00e4 oli reissun aikana siis kuunnella ja oppia isojen yritysten markkinoinnista ja siksip\u00e4 meille annettiin teht\u00e4v\u00e4ksi etsi\u00e4 tavaratalosta hienoja mainoksia ja ylip\u00e4\u00e4t\u00e4\u00e4n jotain, mik\u00e4 liittyy markkinointiviestint\u00e4\u00e4n. Jotenkin siin\u00e4 sitten vain k\u00e4vi niin, ett\u00e4 sen kaiken ihailun ja shoppailun keskell\u00e4 kuvien ottaminen unohtui, mutta mieleeni j\u00e4i suuret, n\u00e4kyv\u00e4t ja vaikuttavat esillepanot ja mainokset. Alhaalla esimerkkikuva jonka nappasin rullaportaissa yhdest\u00e4 isosta sein\u00e4st\u00e4.<\/p>\n<p><a href=\"https:\/\/blogit.gradia.fi\/anniinatuomijarvi\/wp-content\/uploads\/sites\/94\/2014\/11\/ikea2.jpg\"><img loading=\"lazy\" decoding=\"async\" class=\"alignnone size-medium wp-image-454\" src=\"https:\/\/blogit.gradia.fi\/anniinatuomijarvi\/wp-content\/uploads\/sites\/94\/2014\/11\/ikea2-225x300.jpg\" alt=\"ikea2\" width=\"225\" height=\"300\" srcset=\"https:\/\/blogit.gradia.fi\/anniinatuomijarvi\/wp-content\/uploads\/sites\/94\/2014\/11\/ikea2-225x300.jpg 225w, https:\/\/blogit.gradia.fi\/anniinatuomijarvi\/wp-content\/uploads\/sites\/94\/2014\/11\/ikea2-254x338.jpg 254w, https:\/\/blogit.gradia.fi\/anniinatuomijarvi\/wp-content\/uploads\/sites\/94\/2014\/11\/ikea2-201x268.jpg 201w, https:\/\/blogit.gradia.fi\/anniinatuomijarvi\/wp-content\/uploads\/sites\/94\/2014\/11\/ikea2-336x448.jpg 336w, https:\/\/blogit.gradia.fi\/anniinatuomijarvi\/wp-content\/uploads\/sites\/94\/2014\/11\/ikea2-504x672.jpg 504w, https:\/\/blogit.gradia.fi\/anniinatuomijarvi\/wp-content\/uploads\/sites\/94\/2014\/11\/ikea2.jpg 720w\" sizes=\"auto, (max-width: 225px) 100vw, 225px\" \/><\/a><\/p>\n<p>&nbsp;<\/p>\n<p>&#8211; Anniina<\/p>\n","protected":false},"excerpt":{"rendered":"<p>Moikka ! K\u00e4vimme luokkalaistemme kanssa opintomatkalla Kuopion Matkus-kauppakeskuksessa ja siin\u00e4 samalla Ikeassa. L\u00e4hdimme koululta noin kello 8.30 ja parin tunnin matkustamisen j\u00e4lkeen l\u00f6ysimme itsemme Kuopiosta. Ikean tiloissa saimme kuulla Kuopion Ikean markkinointip\u00e4\u00e4llik\u00f6lt\u00e4 mm. Ikean keskeisi\u00e4 toimintaperiaatteita, markkinointia ja asiakastyytyv\u00e4isyytt\u00e4. H\u00e4n kertoi meille muutenkin yleisell\u00e4 tasolla Ikean toiminnasta. P\u00e4\u00e4llimm\u00e4isen\u00e4 j\u00e4i mieleen ett\u00e4 Ikean tarkoitus on luoda &hellip; <a href=\"https:\/\/blogit.gradia.fi\/anniinatuomijarvi\/opintomatka-ikeaan\/\" class=\"more-link\">Jatka lukemista <span class=\"screen-reader-text\">Opintomatka Ikeaan.<\/span> <span class=\"meta-nav\">&rarr;<\/span><\/a><\/p>\n","protected":false},"author":588,"featured_media":0,"comment_status":"open","ping_status":"open","sticky":false,"template":"","format":"standard","meta":{"_uag_custom_page_level_css":"","footnotes":""},"categories":[1],"tags":[],"class_list":["post-453","post","type-post","status-publish","format-standard","hentry","category-yleinen"],"yoast_head":"<!-- This site is optimized with the Yoast SEO plugin v27.4 - https:\/\/yoast.com\/product\/yoast-seo-wordpress\/ -->\n<title>Opintomatka Ikeaan. - Ty\u00f6el\u00e4m\u00e4n sek\u00e4 koulun yhdist\u00e4minen opiskelijan silmin.<\/title>\n<meta name=\"robots\" content=\"index, follow, max-snippet:-1, max-image-preview:large, max-video-preview:-1\" \/>\n<link rel=\"canonical\" href=\"https:\/\/blogit.gradia.fi\/anniinatuomijarvi\/opintomatka-ikeaan\/\" \/>\n<meta property=\"og:locale\" content=\"fi_FI\" \/>\n<meta property=\"og:type\" content=\"article\" \/>\n<meta property=\"og:title\" content=\"Opintomatka Ikeaan. - Ty\u00f6el\u00e4m\u00e4n sek\u00e4 koulun yhdist\u00e4minen opiskelijan silmin.\" \/>\n<meta property=\"og:description\" content=\"Moikka ! K\u00e4vimme luokkalaistemme kanssa opintomatkalla Kuopion Matkus-kauppakeskuksessa ja siin\u00e4 samalla Ikeassa. L\u00e4hdimme koululta noin kello 8.30 ja parin tunnin matkustamisen j\u00e4lkeen l\u00f6ysimme itsemme Kuopiosta. Ikean tiloissa saimme kuulla Kuopion Ikean markkinointip\u00e4\u00e4llik\u00f6lt\u00e4 mm. Ikean keskeisi\u00e4 toimintaperiaatteita, markkinointia ja asiakastyytyv\u00e4isyytt\u00e4. H\u00e4n kertoi meille muutenkin yleisell\u00e4 tasolla Ikean toiminnasta. P\u00e4\u00e4llimm\u00e4isen\u00e4 j\u00e4i mieleen ett\u00e4 Ikean tarkoitus on luoda &hellip; Jatka lukemista Opintomatka Ikeaan. &rarr;\" \/>\n<meta property=\"og:url\" content=\"https:\/\/blogit.gradia.fi\/anniinatuomijarvi\/opintomatka-ikeaan\/\" \/>\n<meta property=\"og:site_name\" content=\"Ty\u00f6el\u00e4m\u00e4n sek\u00e4 koulun yhdist\u00e4minen opiskelijan silmin.\" \/>\n<meta property=\"article:published_time\" content=\"2014-11-03T17:48:43+00:00\" \/>\n<meta property=\"article:modified_time\" content=\"2014-12-07T16:05:08+00:00\" \/>\n<meta property=\"og:image\" content=\"https:\/\/blogit.gradia.fi\/anniinatuomijarvi\/wp-content\/uploads\/sites\/94\/2014\/11\/ikea2-225x300.jpg\" \/>\n<meta name=\"author\" content=\"Anniina\" \/>\n<meta name=\"twitter:card\" content=\"summary_large_image\" \/>\n<meta name=\"twitter:label1\" content=\"Kirjoittanut\" \/>\n\t<meta name=\"twitter:data1\" content=\"Anniina\" \/>\n\t<meta name=\"twitter:label2\" content=\"Arvioitu lukuaika\" \/>\n\t<meta name=\"twitter:data2\" content=\"1 minuutti\" \/>\n<script type=\"application\/ld+json\" class=\"yoast-schema-graph\">{\"@context\":\"https:\\\/\\\/schema.org\",\"@graph\":[{\"@type\":\"Article\",\"@id\":\"https:\\\/\\\/blogit.gradia.fi\\\/anniinatuomijarvi\\\/opintomatka-ikeaan\\\/#article\",\"isPartOf\":{\"@id\":\"https:\\\/\\\/blogit.gradia.fi\\\/anniinatuomijarvi\\\/opintomatka-ikeaan\\\/\"},\"author\":{\"name\":\"Anniina\",\"@id\":\"https:\\\/\\\/blogit.gradia.fi\\\/anniinatuomijarvi\\\/#\\\/schema\\\/person\\\/a126012e8cf245661fe7e619b8b68806\"},\"headline\":\"Opintomatka Ikeaan.\",\"datePublished\":\"2014-11-03T17:48:43+00:00\",\"dateModified\":\"2014-12-07T16:05:08+00:00\",\"mainEntityOfPage\":{\"@id\":\"https:\\\/\\\/blogit.gradia.fi\\\/anniinatuomijarvi\\\/opintomatka-ikeaan\\\/\"},\"wordCount\":248,\"commentCount\":0,\"image\":{\"@id\":\"https:\\\/\\\/blogit.gradia.fi\\\/anniinatuomijarvi\\\/opintomatka-ikeaan\\\/#primaryimage\"},\"thumbnailUrl\":\"https:\\\/\\\/blogit.gradia.fi\\\/anniinatuomijarvi\\\/wp-content\\\/uploads\\\/sites\\\/94\\\/2014\\\/11\\\/ikea2-225x300.jpg\",\"inLanguage\":\"fi\",\"potentialAction\":[{\"@type\":\"CommentAction\",\"name\":\"Comment\",\"target\":[\"https:\\\/\\\/blogit.gradia.fi\\\/anniinatuomijarvi\\\/opintomatka-ikeaan\\\/#respond\"]}]},{\"@type\":\"WebPage\",\"@id\":\"https:\\\/\\\/blogit.gradia.fi\\\/anniinatuomijarvi\\\/opintomatka-ikeaan\\\/\",\"url\":\"https:\\\/\\\/blogit.gradia.fi\\\/anniinatuomijarvi\\\/opintomatka-ikeaan\\\/\",\"name\":\"Opintomatka Ikeaan. - Ty\u00f6el\u00e4m\u00e4n sek\u00e4 koulun yhdist\u00e4minen opiskelijan silmin.\",\"isPartOf\":{\"@id\":\"https:\\\/\\\/blogit.gradia.fi\\\/anniinatuomijarvi\\\/#website\"},\"primaryImageOfPage\":{\"@id\":\"https:\\\/\\\/blogit.gradia.fi\\\/anniinatuomijarvi\\\/opintomatka-ikeaan\\\/#primaryimage\"},\"image\":{\"@id\":\"https:\\\/\\\/blogit.gradia.fi\\\/anniinatuomijarvi\\\/opintomatka-ikeaan\\\/#primaryimage\"},\"thumbnailUrl\":\"https:\\\/\\\/blogit.gradia.fi\\\/anniinatuomijarvi\\\/wp-content\\\/uploads\\\/sites\\\/94\\\/2014\\\/11\\\/ikea2-225x300.jpg\",\"datePublished\":\"2014-11-03T17:48:43+00:00\",\"dateModified\":\"2014-12-07T16:05:08+00:00\",\"author\":{\"@id\":\"https:\\\/\\\/blogit.gradia.fi\\\/anniinatuomijarvi\\\/#\\\/schema\\\/person\\\/a126012e8cf245661fe7e619b8b68806\"},\"inLanguage\":\"fi\",\"potentialAction\":[{\"@type\":\"ReadAction\",\"target\":[\"https:\\\/\\\/blogit.gradia.fi\\\/anniinatuomijarvi\\\/opintomatka-ikeaan\\\/\"]}]},{\"@type\":\"ImageObject\",\"inLanguage\":\"fi\",\"@id\":\"https:\\\/\\\/blogit.gradia.fi\\\/anniinatuomijarvi\\\/opintomatka-ikeaan\\\/#primaryimage\",\"url\":\"https:\\\/\\\/blogit.gradia.fi\\\/anniinatuomijarvi\\\/wp-content\\\/uploads\\\/sites\\\/94\\\/2014\\\/11\\\/ikea2.jpg\",\"contentUrl\":\"https:\\\/\\\/blogit.gradia.fi\\\/anniinatuomijarvi\\\/wp-content\\\/uploads\\\/sites\\\/94\\\/2014\\\/11\\\/ikea2.jpg\",\"width\":720,\"height\":960},{\"@type\":\"WebSite\",\"@id\":\"https:\\\/\\\/blogit.gradia.fi\\\/anniinatuomijarvi\\\/#website\",\"url\":\"https:\\\/\\\/blogit.gradia.fi\\\/anniinatuomijarvi\\\/\",\"name\":\"Ty\u00f6el\u00e4m\u00e4n sek\u00e4 koulun yhdist\u00e4minen opiskelijan silmin.\",\"description\":\"\",\"potentialAction\":[{\"@type\":\"SearchAction\",\"target\":{\"@type\":\"EntryPoint\",\"urlTemplate\":\"https:\\\/\\\/blogit.gradia.fi\\\/anniinatuomijarvi\\\/?s={search_term_string}\"},\"query-input\":{\"@type\":\"PropertyValueSpecification\",\"valueRequired\":true,\"valueName\":\"search_term_string\"}}],\"inLanguage\":\"fi\"},{\"@type\":\"Person\",\"@id\":\"https:\\\/\\\/blogit.gradia.fi\\\/anniinatuomijarvi\\\/#\\\/schema\\\/person\\\/a126012e8cf245661fe7e619b8b68806\",\"name\":\"Anniina\",\"image\":{\"@type\":\"ImageObject\",\"inLanguage\":\"fi\",\"@id\":\"https:\\\/\\\/secure.gravatar.com\\\/avatar\\\/faa68d1f1aa3d5a567e8faedb990f70be54a921fe1e421b90146ac2ec28bd4c2?s=96&d=mm&r=g\",\"url\":\"https:\\\/\\\/secure.gravatar.com\\\/avatar\\\/faa68d1f1aa3d5a567e8faedb990f70be54a921fe1e421b90146ac2ec28bd4c2?s=96&d=mm&r=g\",\"contentUrl\":\"https:\\\/\\\/secure.gravatar.com\\\/avatar\\\/faa68d1f1aa3d5a567e8faedb990f70be54a921fe1e421b90146ac2ec28bd4c2?s=96&d=mm&r=g\",\"caption\":\"Anniina\"},\"description\":\"Moikka ! Olen J\u00e4ms\u00e4l\u00e4inen 18 vuotias tytt\u00f6 ja opiskelen Jyv\u00e4skyl\u00e4n ammattiopistossa merkonomiksi ty\u00f6harjoittelupainotteisella linjalla, joka koostuu viikossa kolmesta p\u00e4iv\u00e4st\u00e4 ty\u00f6t\u00e4 ja kahdesta p\u00e4iv\u00e4st\u00e4 koulua.\",\"sameAs\":[\"https:\\\/\\\/blogit.gradia.fi\\\/anniinatuomijarvi\"],\"url\":\"https:\\\/\\\/blogit.gradia.fi\\\/anniinatuomijarvi\\\/author\\\/ao106993\\\/\"}]}<\/script>\n<!-- \/ Yoast SEO plugin. -->","yoast_head_json":{"title":"Opintomatka Ikeaan. - Ty\u00f6el\u00e4m\u00e4n sek\u00e4 koulun yhdist\u00e4minen opiskelijan silmin.","robots":{"index":"index","follow":"follow","max-snippet":"max-snippet:-1","max-image-preview":"max-image-preview:large","max-video-preview":"max-video-preview:-1"},"canonical":"https:\/\/blogit.gradia.fi\/anniinatuomijarvi\/opintomatka-ikeaan\/","og_locale":"fi_FI","og_type":"article","og_title":"Opintomatka Ikeaan. - Ty\u00f6el\u00e4m\u00e4n sek\u00e4 koulun yhdist\u00e4minen opiskelijan silmin.","og_description":"Moikka ! K\u00e4vimme luokkalaistemme kanssa opintomatkalla Kuopion Matkus-kauppakeskuksessa ja siin\u00e4 samalla Ikeassa. L\u00e4hdimme koululta noin kello 8.30 ja parin tunnin matkustamisen j\u00e4lkeen l\u00f6ysimme itsemme Kuopiosta. Ikean tiloissa saimme kuulla Kuopion Ikean markkinointip\u00e4\u00e4llik\u00f6lt\u00e4 mm. Ikean keskeisi\u00e4 toimintaperiaatteita, markkinointia ja asiakastyytyv\u00e4isyytt\u00e4. H\u00e4n kertoi meille muutenkin yleisell\u00e4 tasolla Ikean toiminnasta. P\u00e4\u00e4llimm\u00e4isen\u00e4 j\u00e4i mieleen ett\u00e4 Ikean tarkoitus on luoda &hellip; Jatka lukemista Opintomatka Ikeaan. &rarr;","og_url":"https:\/\/blogit.gradia.fi\/anniinatuomijarvi\/opintomatka-ikeaan\/","og_site_name":"Ty\u00f6el\u00e4m\u00e4n sek\u00e4 koulun yhdist\u00e4minen opiskelijan silmin.","article_published_time":"2014-11-03T17:48:43+00:00","article_modified_time":"2014-12-07T16:05:08+00:00","og_image":[{"url":"https:\/\/blogit.gradia.fi\/anniinatuomijarvi\/wp-content\/uploads\/sites\/94\/2014\/11\/ikea2-225x300.jpg","type":"","width":"","height":""}],"author":"Anniina","twitter_card":"summary_large_image","twitter_misc":{"Kirjoittanut":"Anniina","Arvioitu lukuaika":"1 minuutti"},"schema":{"@context":"https:\/\/schema.org","@graph":[{"@type":"Article","@id":"https:\/\/blogit.gradia.fi\/anniinatuomijarvi\/opintomatka-ikeaan\/#article","isPartOf":{"@id":"https:\/\/blogit.gradia.fi\/anniinatuomijarvi\/opintomatka-ikeaan\/"},"author":{"name":"Anniina","@id":"https:\/\/blogit.gradia.fi\/anniinatuomijarvi\/#\/schema\/person\/a126012e8cf245661fe7e619b8b68806"},"headline":"Opintomatka Ikeaan.","datePublished":"2014-11-03T17:48:43+00:00","dateModified":"2014-12-07T16:05:08+00:00","mainEntityOfPage":{"@id":"https:\/\/blogit.gradia.fi\/anniinatuomijarvi\/opintomatka-ikeaan\/"},"wordCount":248,"commentCount":0,"image":{"@id":"https:\/\/blogit.gradia.fi\/anniinatuomijarvi\/opintomatka-ikeaan\/#primaryimage"},"thumbnailUrl":"https:\/\/blogit.gradia.fi\/anniinatuomijarvi\/wp-content\/uploads\/sites\/94\/2014\/11\/ikea2-225x300.jpg","inLanguage":"fi","potentialAction":[{"@type":"CommentAction","name":"Comment","target":["https:\/\/blogit.gradia.fi\/anniinatuomijarvi\/opintomatka-ikeaan\/#respond"]}]},{"@type":"WebPage","@id":"https:\/\/blogit.gradia.fi\/anniinatuomijarvi\/opintomatka-ikeaan\/","url":"https:\/\/blogit.gradia.fi\/anniinatuomijarvi\/opintomatka-ikeaan\/","name":"Opintomatka Ikeaan. - Ty\u00f6el\u00e4m\u00e4n sek\u00e4 koulun yhdist\u00e4minen opiskelijan silmin.","isPartOf":{"@id":"https:\/\/blogit.gradia.fi\/anniinatuomijarvi\/#website"},"primaryImageOfPage":{"@id":"https:\/\/blogit.gradia.fi\/anniinatuomijarvi\/opintomatka-ikeaan\/#primaryimage"},"image":{"@id":"https:\/\/blogit.gradia.fi\/anniinatuomijarvi\/opintomatka-ikeaan\/#primaryimage"},"thumbnailUrl":"https:\/\/blogit.gradia.fi\/anniinatuomijarvi\/wp-content\/uploads\/sites\/94\/2014\/11\/ikea2-225x300.jpg","datePublished":"2014-11-03T17:48:43+00:00","dateModified":"2014-12-07T16:05:08+00:00","author":{"@id":"https:\/\/blogit.gradia.fi\/anniinatuomijarvi\/#\/schema\/person\/a126012e8cf245661fe7e619b8b68806"},"inLanguage":"fi","potentialAction":[{"@type":"ReadAction","target":["https:\/\/blogit.gradia.fi\/anniinatuomijarvi\/opintomatka-ikeaan\/"]}]},{"@type":"ImageObject","inLanguage":"fi","@id":"https:\/\/blogit.gradia.fi\/anniinatuomijarvi\/opintomatka-ikeaan\/#primaryimage","url":"https:\/\/blogit.gradia.fi\/anniinatuomijarvi\/wp-content\/uploads\/sites\/94\/2014\/11\/ikea2.jpg","contentUrl":"https:\/\/blogit.gradia.fi\/anniinatuomijarvi\/wp-content\/uploads\/sites\/94\/2014\/11\/ikea2.jpg","width":720,"height":960},{"@type":"WebSite","@id":"https:\/\/blogit.gradia.fi\/anniinatuomijarvi\/#website","url":"https:\/\/blogit.gradia.fi\/anniinatuomijarvi\/","name":"Ty\u00f6el\u00e4m\u00e4n sek\u00e4 koulun yhdist\u00e4minen opiskelijan silmin.","description":"","potentialAction":[{"@type":"SearchAction","target":{"@type":"EntryPoint","urlTemplate":"https:\/\/blogit.gradia.fi\/anniinatuomijarvi\/?s={search_term_string}"},"query-input":{"@type":"PropertyValueSpecification","valueRequired":true,"valueName":"search_term_string"}}],"inLanguage":"fi"},{"@type":"Person","@id":"https:\/\/blogit.gradia.fi\/anniinatuomijarvi\/#\/schema\/person\/a126012e8cf245661fe7e619b8b68806","name":"Anniina","image":{"@type":"ImageObject","inLanguage":"fi","@id":"https:\/\/secure.gravatar.com\/avatar\/faa68d1f1aa3d5a567e8faedb990f70be54a921fe1e421b90146ac2ec28bd4c2?s=96&d=mm&r=g","url":"https:\/\/secure.gravatar.com\/avatar\/faa68d1f1aa3d5a567e8faedb990f70be54a921fe1e421b90146ac2ec28bd4c2?s=96&d=mm&r=g","contentUrl":"https:\/\/secure.gravatar.com\/avatar\/faa68d1f1aa3d5a567e8faedb990f70be54a921fe1e421b90146ac2ec28bd4c2?s=96&d=mm&r=g","caption":"Anniina"},"description":"Moikka ! Olen J\u00e4ms\u00e4l\u00e4inen 18 vuotias tytt\u00f6 ja opiskelen Jyv\u00e4skyl\u00e4n ammattiopistossa merkonomiksi ty\u00f6harjoittelupainotteisella linjalla, joka koostuu viikossa kolmesta p\u00e4iv\u00e4st\u00e4 ty\u00f6t\u00e4 ja kahdesta p\u00e4iv\u00e4st\u00e4 koulua.","sameAs":["https:\/\/blogit.gradia.fi\/anniinatuomijarvi"],"url":"https:\/\/blogit.gradia.fi\/anniinatuomijarvi\/author\/ao106993\/"}]}},"uagb_featured_image_src":{"full":false,"thumbnail":false,"medium":false,"medium_large":false,"large":false,"1536x1536":false,"2048x2048":false,"post-thumbnail":false,"twentyfourteen-full-width":false},"uagb_author_info":{"display_name":"Anniina","author_link":"https:\/\/blogit.gradia.fi\/anniinatuomijarvi\/author\/ao106993\/"},"uagb_comment_info":3,"uagb_excerpt":"Moikka ! K\u00e4vimme luokkalaistemme kanssa opintomatkalla Kuopion Matkus-kauppakeskuksessa ja siin\u00e4 samalla Ikeassa. L\u00e4hdimme koululta noin kello 8.30 ja parin tunnin matkustamisen j\u00e4lkeen l\u00f6ysimme itsemme Kuopiosta. Ikean tiloissa saimme kuulla Kuopion Ikean markkinointip\u00e4\u00e4llik\u00f6lt\u00e4 mm. Ikean keskeisi\u00e4 toimintaperiaatteita, markkinointia ja asiakastyytyv\u00e4isyytt\u00e4. H\u00e4n kertoi meille muutenkin yleisell\u00e4 tasolla Ikean toiminnasta. P\u00e4\u00e4llimm\u00e4isen\u00e4 j\u00e4i mieleen ett\u00e4 Ikean tarkoitus on luoda&hellip;","_links":{"self":[{"href":"https:\/\/blogit.gradia.fi\/anniinatuomijarvi\/wp-json\/wp\/v2\/posts\/453","targetHints":{"allow":["GET"]}}],"collection":[{"href":"https:\/\/blogit.gradia.fi\/anniinatuomijarvi\/wp-json\/wp\/v2\/posts"}],"about":[{"href":"https:\/\/blogit.gradia.fi\/anniinatuomijarvi\/wp-json\/wp\/v2\/types\/post"}],"author":[{"embeddable":true,"href":"https:\/\/blogit.gradia.fi\/anniinatuomijarvi\/wp-json\/wp\/v2\/users\/588"}],"replies":[{"embeddable":true,"href":"https:\/\/blogit.gradia.fi\/anniinatuomijarvi\/wp-json\/wp\/v2\/comments?post=453"}],"version-history":[{"count":0,"href":"https:\/\/blogit.gradia.fi\/anniinatuomijarvi\/wp-json\/wp\/v2\/posts\/453\/revisions"}],"wp:attachment":[{"href":"https:\/\/blogit.gradia.fi\/anniinatuomijarvi\/wp-json\/wp\/v2\/media?parent=453"}],"wp:term":[{"taxonomy":"category","embeddable":true,"href":"https:\/\/blogit.gradia.fi\/anniinatuomijarvi\/wp-json\/wp\/v2\/categories?post=453"},{"taxonomy":"post_tag","embeddable":true,"href":"https:\/\/blogit.gradia.fi\/anniinatuomijarvi\/wp-json\/wp\/v2\/tags?post=453"}],"curies":[{"name":"wp","href":"https:\/\/api.w.org\/{rel}","templated":true}]}}