{"id":444,"date":"2014-11-03T15:47:38","date_gmt":"2014-11-03T13:47:38","guid":{"rendered":"https:\/\/blogit.gradia.fi\/anniinatuomijarvi\/?p=444"},"modified":"2014-12-07T18:07:07","modified_gmt":"2014-12-07T16:07:07","slug":"tasekirjan-seka-tilinpaatoskansion-tekoa-harjoitusyritykselle","status":"publish","type":"post","link":"https:\/\/blogit.gradia.fi\/anniinatuomijarvi\/tasekirjan-seka-tilinpaatoskansion-tekoa-harjoitusyritykselle\/","title":{"rendered":"Tasekirjan sek\u00e4 tilinp\u00e4\u00e4t\u00f6skansion tekoa harjoitusyritykselle"},"content":{"rendered":"<p>Moikka!<\/p>\n<p>T\u00e4n\u00e4\u00e4n tein t\u00f6iss\u00e4 valvotusti harjoitusyritykselle (jonka \u201dloin\u201d TOP:in alussa) tasekirjan ja tilinp\u00e4\u00e4t\u00f6skansion. Haastavuutta ty\u00f6h\u00f6n tehtiin sill\u00e4, ett\u00e4 \u201dyritys\u201d oli mennyt kuluvan vuoden aikana konkurssiin. Kuvissa olevat summat ovat keksittyj\u00e4, eiv\u00e4t siis kenenk\u00e4\u00e4n yrityksen oikeita lukuja. Ty\u00f6t tehtiin tietokoneella p\u00e4\u00e4osin Excel-ohjelmalla.\u00a0 Tasekirja on siis virallinen asiakirja josta l\u00f6ytyy tietoja yrityksen taloudellisista tiedoista (varat ja velat). Se tehd\u00e4\u00e4n koko tilikaudelta ja se pit\u00e4\u00e4 sitoa siten ettei kukaan p\u00e4\u00e4se en\u00e4\u00e4 sitomisen j\u00e4lkeen muuttamaan sivuja.<\/p>\n<p>&nbsp;<\/p>\n<figure id=\"attachment_449\" aria-describedby=\"caption-attachment-449\" style=\"width: 225px\" class=\"wp-caption alignnone\"><a href=\"https:\/\/blogit.gradia.fi\/anniinatuomijarvi\/wp-content\/uploads\/sites\/94\/2014\/11\/tase3.jpg\"><img loading=\"lazy\" decoding=\"async\" class=\"size-medium wp-image-449\" src=\"https:\/\/blogit.gradia.fi\/anniinatuomijarvi\/wp-content\/uploads\/sites\/94\/2014\/11\/tase3-225x300.jpg\" alt=\"tase3\" width=\"225\" height=\"300\" srcset=\"https:\/\/blogit.gradia.fi\/anniinatuomijarvi\/wp-content\/uploads\/sites\/94\/2014\/11\/tase3-225x300.jpg 225w, https:\/\/blogit.gradia.fi\/anniinatuomijarvi\/wp-content\/uploads\/sites\/94\/2014\/11\/tase3-888x1184.jpg 888w, https:\/\/blogit.gradia.fi\/anniinatuomijarvi\/wp-content\/uploads\/sites\/94\/2014\/11\/tase3-254x338.jpg 254w, https:\/\/blogit.gradia.fi\/anniinatuomijarvi\/wp-content\/uploads\/sites\/94\/2014\/11\/tase3-201x268.jpg 201w, https:\/\/blogit.gradia.fi\/anniinatuomijarvi\/wp-content\/uploads\/sites\/94\/2014\/11\/tase3-336x448.jpg 336w, https:\/\/blogit.gradia.fi\/anniinatuomijarvi\/wp-content\/uploads\/sites\/94\/2014\/11\/tase3-504x672.jpg 504w\" sizes=\"auto, (max-width: 225px) 100vw, 225px\" \/><\/a><figcaption id=\"caption-attachment-449\" class=\"wp-caption-text\">T\u00e4ss\u00e4 kuva tekem\u00e4st\u00e4ni taseesta sek\u00e4 tuloslaskelmasta.<\/figcaption><\/figure>\n<p>&nbsp;<\/p>\n<p>Tilinp\u00e4\u00e4t\u00f6skansioon merkataan taasen yrityksen tiedot ja tilikausiaika, sis\u00e4llysluettelo, arvostusperiaatteet ja menetelm\u00e4t jotka sis\u00e4lt\u00e4\u00e4 esim. poistot, rahoitustuotot\/kulut, oman p\u00e4\u00e4oman muutokset yms. merkitt\u00e4v\u00e4t asiat tilikaudelta. Kansioon tehd\u00e4\u00e4n my\u00f6s tase-erittely, johon kuuluu omaisuus ja velkapuoli erikseen. Kirjanpit\u00e4j\u00e4 sek\u00e4 yritt\u00e4j\u00e4 hyv\u00e4ksyv\u00e4t ja allekirjoittavat koko kansion, jolloin sen j\u00e4lkeen siihen ei saa tehd\u00e4 en\u00e4\u00e4 mit\u00e4\u00e4n muutoksia.<\/p>\n<figure id=\"attachment_448\" aria-describedby=\"caption-attachment-448\" style=\"width: 225px\" class=\"wp-caption alignnone\"><a href=\"https:\/\/blogit.gradia.fi\/anniinatuomijarvi\/wp-content\/uploads\/sites\/94\/2014\/11\/tase2.jpg\"><img loading=\"lazy\" decoding=\"async\" class=\"size-medium wp-image-448\" src=\"https:\/\/blogit.gradia.fi\/anniinatuomijarvi\/wp-content\/uploads\/sites\/94\/2014\/11\/tase2-225x300.jpg\" alt=\"tase2\" width=\"225\" height=\"300\" srcset=\"https:\/\/blogit.gradia.fi\/anniinatuomijarvi\/wp-content\/uploads\/sites\/94\/2014\/11\/tase2-225x300.jpg 225w, https:\/\/blogit.gradia.fi\/anniinatuomijarvi\/wp-content\/uploads\/sites\/94\/2014\/11\/tase2-888x1184.jpg 888w, https:\/\/blogit.gradia.fi\/anniinatuomijarvi\/wp-content\/uploads\/sites\/94\/2014\/11\/tase2-254x338.jpg 254w, https:\/\/blogit.gradia.fi\/anniinatuomijarvi\/wp-content\/uploads\/sites\/94\/2014\/11\/tase2-201x268.jpg 201w, https:\/\/blogit.gradia.fi\/anniinatuomijarvi\/wp-content\/uploads\/sites\/94\/2014\/11\/tase2-336x448.jpg 336w, https:\/\/blogit.gradia.fi\/anniinatuomijarvi\/wp-content\/uploads\/sites\/94\/2014\/11\/tase2-504x672.jpg 504w\" sizes=\"auto, (max-width: 225px) 100vw, 225px\" \/><\/a><figcaption id=\"caption-attachment-448\" class=\"wp-caption-text\">Tilinp\u00e4\u00e4t\u00f6skansio<\/figcaption><\/figure>\n<p>&nbsp;<\/p>\n<blockquote><p><em>Kirjanpitolain mukaan jokaisen kirjanpitovelvollisen on laadittava tilinp\u00e4\u00e4t\u00f6s, mutta rahoituslaskelma ja toimintakertomus vaaditaan vain suurilta yrityksilt\u00e4 ja p\u00f6rssiyhti\u00f6ilt\u00e4.<\/em><br \/>\n&#8211; Wikipedia<\/p><\/blockquote>\n<p>Oli mukava oppia taas uutta asiaa ja varsinkin kun p\u00e4\u00e4sin sit\u00e4 my\u00f6s itse toteuttamaan.<\/p>\n<p>&#8211; Anniina<\/p>\n","protected":false},"excerpt":{"rendered":"<p>Moikka! T\u00e4n\u00e4\u00e4n tein t\u00f6iss\u00e4 valvotusti harjoitusyritykselle (jonka \u201dloin\u201d TOP:in alussa) tasekirjan ja tilinp\u00e4\u00e4t\u00f6skansion. Haastavuutta ty\u00f6h\u00f6n tehtiin sill\u00e4, ett\u00e4 \u201dyritys\u201d oli mennyt kuluvan vuoden aikana konkurssiin. Kuvissa olevat summat ovat keksittyj\u00e4, eiv\u00e4t siis kenenk\u00e4\u00e4n yrityksen oikeita lukuja. Ty\u00f6t tehtiin tietokoneella p\u00e4\u00e4osin Excel-ohjelmalla.\u00a0 Tasekirja on siis virallinen asiakirja josta l\u00f6ytyy tietoja yrityksen taloudellisista tiedoista (varat ja velat). &hellip; <a href=\"https:\/\/blogit.gradia.fi\/anniinatuomijarvi\/tasekirjan-seka-tilinpaatoskansion-tekoa-harjoitusyritykselle\/\" class=\"more-link\">Jatka lukemista <span class=\"screen-reader-text\">Tasekirjan sek\u00e4 tilinp\u00e4\u00e4t\u00f6skansion tekoa harjoitusyritykselle<\/span> <span class=\"meta-nav\">&rarr;<\/span><\/a><\/p>\n","protected":false},"author":588,"featured_media":0,"comment_status":"open","ping_status":"open","sticky":false,"template":"","format":"standard","meta":{"_uag_custom_page_level_css":"","footnotes":""},"categories":[1],"tags":[],"class_list":["post-444","post","type-post","status-publish","format-standard","hentry","category-yleinen"],"yoast_head":"<!-- This site is optimized with the Yoast SEO plugin v27.4 - https:\/\/yoast.com\/product\/yoast-seo-wordpress\/ -->\n<title>Tasekirjan sek\u00e4 tilinp\u00e4\u00e4t\u00f6skansion tekoa harjoitusyritykselle - Ty\u00f6el\u00e4m\u00e4n sek\u00e4 koulun yhdist\u00e4minen opiskelijan silmin.<\/title>\n<meta name=\"robots\" content=\"index, follow, max-snippet:-1, max-image-preview:large, max-video-preview:-1\" \/>\n<link rel=\"canonical\" href=\"https:\/\/blogit.gradia.fi\/anniinatuomijarvi\/tasekirjan-seka-tilinpaatoskansion-tekoa-harjoitusyritykselle\/\" \/>\n<meta property=\"og:locale\" content=\"fi_FI\" \/>\n<meta property=\"og:type\" content=\"article\" \/>\n<meta property=\"og:title\" content=\"Tasekirjan sek\u00e4 tilinp\u00e4\u00e4t\u00f6skansion tekoa harjoitusyritykselle - Ty\u00f6el\u00e4m\u00e4n sek\u00e4 koulun yhdist\u00e4minen opiskelijan silmin.\" \/>\n<meta property=\"og:description\" content=\"Moikka! T\u00e4n\u00e4\u00e4n tein t\u00f6iss\u00e4 valvotusti harjoitusyritykselle (jonka \u201dloin\u201d TOP:in alussa) tasekirjan ja tilinp\u00e4\u00e4t\u00f6skansion. Haastavuutta ty\u00f6h\u00f6n tehtiin sill\u00e4, ett\u00e4 \u201dyritys\u201d oli mennyt kuluvan vuoden aikana konkurssiin. Kuvissa olevat summat ovat keksittyj\u00e4, eiv\u00e4t siis kenenk\u00e4\u00e4n yrityksen oikeita lukuja. Ty\u00f6t tehtiin tietokoneella p\u00e4\u00e4osin Excel-ohjelmalla.\u00a0 Tasekirja on siis virallinen asiakirja josta l\u00f6ytyy tietoja yrityksen taloudellisista tiedoista (varat ja velat). &hellip; Jatka lukemista Tasekirjan sek\u00e4 tilinp\u00e4\u00e4t\u00f6skansion tekoa harjoitusyritykselle &rarr;\" \/>\n<meta property=\"og:url\" content=\"https:\/\/blogit.gradia.fi\/anniinatuomijarvi\/tasekirjan-seka-tilinpaatoskansion-tekoa-harjoitusyritykselle\/\" \/>\n<meta property=\"og:site_name\" content=\"Ty\u00f6el\u00e4m\u00e4n sek\u00e4 koulun yhdist\u00e4minen opiskelijan silmin.\" \/>\n<meta property=\"article:published_time\" content=\"2014-11-03T13:47:38+00:00\" \/>\n<meta property=\"article:modified_time\" content=\"2014-12-07T16:07:07+00:00\" \/>\n<meta property=\"og:image\" content=\"https:\/\/blogit.gradia.fi\/anniinatuomijarvi\/wp-content\/uploads\/sites\/94\/2014\/11\/tase3-225x300.jpg\" \/>\n<meta name=\"author\" content=\"Anniina\" \/>\n<meta name=\"twitter:card\" content=\"summary_large_image\" \/>\n<meta name=\"twitter:label1\" content=\"Kirjoittanut\" \/>\n\t<meta name=\"twitter:data1\" content=\"Anniina\" \/>\n\t<meta name=\"twitter:label2\" content=\"Arvioitu lukuaika\" \/>\n\t<meta name=\"twitter:data2\" content=\"1 minuutti\" \/>\n<script type=\"application\/ld+json\" class=\"yoast-schema-graph\">{\"@context\":\"https:\\\/\\\/schema.org\",\"@graph\":[{\"@type\":\"Article\",\"@id\":\"https:\\\/\\\/blogit.gradia.fi\\\/anniinatuomijarvi\\\/tasekirjan-seka-tilinpaatoskansion-tekoa-harjoitusyritykselle\\\/#article\",\"isPartOf\":{\"@id\":\"https:\\\/\\\/blogit.gradia.fi\\\/anniinatuomijarvi\\\/tasekirjan-seka-tilinpaatoskansion-tekoa-harjoitusyritykselle\\\/\"},\"author\":{\"name\":\"Anniina\",\"@id\":\"https:\\\/\\\/blogit.gradia.fi\\\/anniinatuomijarvi\\\/#\\\/schema\\\/person\\\/a126012e8cf245661fe7e619b8b68806\"},\"headline\":\"Tasekirjan sek\u00e4 tilinp\u00e4\u00e4t\u00f6skansion tekoa harjoitusyritykselle\",\"datePublished\":\"2014-11-03T13:47:38+00:00\",\"dateModified\":\"2014-12-07T16:07:07+00:00\",\"mainEntityOfPage\":{\"@id\":\"https:\\\/\\\/blogit.gradia.fi\\\/anniinatuomijarvi\\\/tasekirjan-seka-tilinpaatoskansion-tekoa-harjoitusyritykselle\\\/\"},\"wordCount\":233,\"commentCount\":0,\"image\":{\"@id\":\"https:\\\/\\\/blogit.gradia.fi\\\/anniinatuomijarvi\\\/tasekirjan-seka-tilinpaatoskansion-tekoa-harjoitusyritykselle\\\/#primaryimage\"},\"thumbnailUrl\":\"https:\\\/\\\/blogit.gradia.fi\\\/anniinatuomijarvi\\\/wp-content\\\/uploads\\\/sites\\\/94\\\/2014\\\/11\\\/tase3-225x300.jpg\",\"inLanguage\":\"fi\",\"potentialAction\":[{\"@type\":\"CommentAction\",\"name\":\"Comment\",\"target\":[\"https:\\\/\\\/blogit.gradia.fi\\\/anniinatuomijarvi\\\/tasekirjan-seka-tilinpaatoskansion-tekoa-harjoitusyritykselle\\\/#respond\"]}]},{\"@type\":\"WebPage\",\"@id\":\"https:\\\/\\\/blogit.gradia.fi\\\/anniinatuomijarvi\\\/tasekirjan-seka-tilinpaatoskansion-tekoa-harjoitusyritykselle\\\/\",\"url\":\"https:\\\/\\\/blogit.gradia.fi\\\/anniinatuomijarvi\\\/tasekirjan-seka-tilinpaatoskansion-tekoa-harjoitusyritykselle\\\/\",\"name\":\"Tasekirjan sek\u00e4 tilinp\u00e4\u00e4t\u00f6skansion tekoa harjoitusyritykselle - Ty\u00f6el\u00e4m\u00e4n sek\u00e4 koulun yhdist\u00e4minen opiskelijan silmin.\",\"isPartOf\":{\"@id\":\"https:\\\/\\\/blogit.gradia.fi\\\/anniinatuomijarvi\\\/#website\"},\"primaryImageOfPage\":{\"@id\":\"https:\\\/\\\/blogit.gradia.fi\\\/anniinatuomijarvi\\\/tasekirjan-seka-tilinpaatoskansion-tekoa-harjoitusyritykselle\\\/#primaryimage\"},\"image\":{\"@id\":\"https:\\\/\\\/blogit.gradia.fi\\\/anniinatuomijarvi\\\/tasekirjan-seka-tilinpaatoskansion-tekoa-harjoitusyritykselle\\\/#primaryimage\"},\"thumbnailUrl\":\"https:\\\/\\\/blogit.gradia.fi\\\/anniinatuomijarvi\\\/wp-content\\\/uploads\\\/sites\\\/94\\\/2014\\\/11\\\/tase3-225x300.jpg\",\"datePublished\":\"2014-11-03T13:47:38+00:00\",\"dateModified\":\"2014-12-07T16:07:07+00:00\",\"author\":{\"@id\":\"https:\\\/\\\/blogit.gradia.fi\\\/anniinatuomijarvi\\\/#\\\/schema\\\/person\\\/a126012e8cf245661fe7e619b8b68806\"},\"inLanguage\":\"fi\",\"potentialAction\":[{\"@type\":\"ReadAction\",\"target\":[\"https:\\\/\\\/blogit.gradia.fi\\\/anniinatuomijarvi\\\/tasekirjan-seka-tilinpaatoskansion-tekoa-harjoitusyritykselle\\\/\"]}]},{\"@type\":\"ImageObject\",\"inLanguage\":\"fi\",\"@id\":\"https:\\\/\\\/blogit.gradia.fi\\\/anniinatuomijarvi\\\/tasekirjan-seka-tilinpaatoskansion-tekoa-harjoitusyritykselle\\\/#primaryimage\",\"url\":\"https:\\\/\\\/blogit.gradia.fi\\\/anniinatuomijarvi\\\/wp-content\\\/uploads\\\/sites\\\/94\\\/2014\\\/11\\\/tase3.jpg\",\"contentUrl\":\"https:\\\/\\\/blogit.gradia.fi\\\/anniinatuomijarvi\\\/wp-content\\\/uploads\\\/sites\\\/94\\\/2014\\\/11\\\/tase3.jpg\",\"width\":2448,\"height\":3264},{\"@type\":\"WebSite\",\"@id\":\"https:\\\/\\\/blogit.gradia.fi\\\/anniinatuomijarvi\\\/#website\",\"url\":\"https:\\\/\\\/blogit.gradia.fi\\\/anniinatuomijarvi\\\/\",\"name\":\"Ty\u00f6el\u00e4m\u00e4n sek\u00e4 koulun yhdist\u00e4minen opiskelijan silmin.\",\"description\":\"\",\"potentialAction\":[{\"@type\":\"SearchAction\",\"target\":{\"@type\":\"EntryPoint\",\"urlTemplate\":\"https:\\\/\\\/blogit.gradia.fi\\\/anniinatuomijarvi\\\/?s={search_term_string}\"},\"query-input\":{\"@type\":\"PropertyValueSpecification\",\"valueRequired\":true,\"valueName\":\"search_term_string\"}}],\"inLanguage\":\"fi\"},{\"@type\":\"Person\",\"@id\":\"https:\\\/\\\/blogit.gradia.fi\\\/anniinatuomijarvi\\\/#\\\/schema\\\/person\\\/a126012e8cf245661fe7e619b8b68806\",\"name\":\"Anniina\",\"image\":{\"@type\":\"ImageObject\",\"inLanguage\":\"fi\",\"@id\":\"https:\\\/\\\/secure.gravatar.com\\\/avatar\\\/faa68d1f1aa3d5a567e8faedb990f70be54a921fe1e421b90146ac2ec28bd4c2?s=96&d=mm&r=g\",\"url\":\"https:\\\/\\\/secure.gravatar.com\\\/avatar\\\/faa68d1f1aa3d5a567e8faedb990f70be54a921fe1e421b90146ac2ec28bd4c2?s=96&d=mm&r=g\",\"contentUrl\":\"https:\\\/\\\/secure.gravatar.com\\\/avatar\\\/faa68d1f1aa3d5a567e8faedb990f70be54a921fe1e421b90146ac2ec28bd4c2?s=96&d=mm&r=g\",\"caption\":\"Anniina\"},\"description\":\"Moikka ! Olen J\u00e4ms\u00e4l\u00e4inen 18 vuotias tytt\u00f6 ja opiskelen Jyv\u00e4skyl\u00e4n ammattiopistossa merkonomiksi ty\u00f6harjoittelupainotteisella linjalla, joka koostuu viikossa kolmesta p\u00e4iv\u00e4st\u00e4 ty\u00f6t\u00e4 ja kahdesta p\u00e4iv\u00e4st\u00e4 koulua.\",\"sameAs\":[\"https:\\\/\\\/blogit.gradia.fi\\\/anniinatuomijarvi\"],\"url\":\"https:\\\/\\\/blogit.gradia.fi\\\/anniinatuomijarvi\\\/author\\\/ao106993\\\/\"}]}<\/script>\n<!-- \/ Yoast SEO plugin. -->","yoast_head_json":{"title":"Tasekirjan sek\u00e4 tilinp\u00e4\u00e4t\u00f6skansion tekoa harjoitusyritykselle - Ty\u00f6el\u00e4m\u00e4n sek\u00e4 koulun yhdist\u00e4minen opiskelijan silmin.","robots":{"index":"index","follow":"follow","max-snippet":"max-snippet:-1","max-image-preview":"max-image-preview:large","max-video-preview":"max-video-preview:-1"},"canonical":"https:\/\/blogit.gradia.fi\/anniinatuomijarvi\/tasekirjan-seka-tilinpaatoskansion-tekoa-harjoitusyritykselle\/","og_locale":"fi_FI","og_type":"article","og_title":"Tasekirjan sek\u00e4 tilinp\u00e4\u00e4t\u00f6skansion tekoa harjoitusyritykselle - Ty\u00f6el\u00e4m\u00e4n sek\u00e4 koulun yhdist\u00e4minen opiskelijan silmin.","og_description":"Moikka! T\u00e4n\u00e4\u00e4n tein t\u00f6iss\u00e4 valvotusti harjoitusyritykselle (jonka \u201dloin\u201d TOP:in alussa) tasekirjan ja tilinp\u00e4\u00e4t\u00f6skansion. Haastavuutta ty\u00f6h\u00f6n tehtiin sill\u00e4, ett\u00e4 \u201dyritys\u201d oli mennyt kuluvan vuoden aikana konkurssiin. Kuvissa olevat summat ovat keksittyj\u00e4, eiv\u00e4t siis kenenk\u00e4\u00e4n yrityksen oikeita lukuja. Ty\u00f6t tehtiin tietokoneella p\u00e4\u00e4osin Excel-ohjelmalla.\u00a0 Tasekirja on siis virallinen asiakirja josta l\u00f6ytyy tietoja yrityksen taloudellisista tiedoista (varat ja velat). &hellip; Jatka lukemista Tasekirjan sek\u00e4 tilinp\u00e4\u00e4t\u00f6skansion tekoa harjoitusyritykselle &rarr;","og_url":"https:\/\/blogit.gradia.fi\/anniinatuomijarvi\/tasekirjan-seka-tilinpaatoskansion-tekoa-harjoitusyritykselle\/","og_site_name":"Ty\u00f6el\u00e4m\u00e4n sek\u00e4 koulun yhdist\u00e4minen opiskelijan silmin.","article_published_time":"2014-11-03T13:47:38+00:00","article_modified_time":"2014-12-07T16:07:07+00:00","og_image":[{"url":"https:\/\/blogit.gradia.fi\/anniinatuomijarvi\/wp-content\/uploads\/sites\/94\/2014\/11\/tase3-225x300.jpg","type":"","width":"","height":""}],"author":"Anniina","twitter_card":"summary_large_image","twitter_misc":{"Kirjoittanut":"Anniina","Arvioitu lukuaika":"1 minuutti"},"schema":{"@context":"https:\/\/schema.org","@graph":[{"@type":"Article","@id":"https:\/\/blogit.gradia.fi\/anniinatuomijarvi\/tasekirjan-seka-tilinpaatoskansion-tekoa-harjoitusyritykselle\/#article","isPartOf":{"@id":"https:\/\/blogit.gradia.fi\/anniinatuomijarvi\/tasekirjan-seka-tilinpaatoskansion-tekoa-harjoitusyritykselle\/"},"author":{"name":"Anniina","@id":"https:\/\/blogit.gradia.fi\/anniinatuomijarvi\/#\/schema\/person\/a126012e8cf245661fe7e619b8b68806"},"headline":"Tasekirjan sek\u00e4 tilinp\u00e4\u00e4t\u00f6skansion tekoa harjoitusyritykselle","datePublished":"2014-11-03T13:47:38+00:00","dateModified":"2014-12-07T16:07:07+00:00","mainEntityOfPage":{"@id":"https:\/\/blogit.gradia.fi\/anniinatuomijarvi\/tasekirjan-seka-tilinpaatoskansion-tekoa-harjoitusyritykselle\/"},"wordCount":233,"commentCount":0,"image":{"@id":"https:\/\/blogit.gradia.fi\/anniinatuomijarvi\/tasekirjan-seka-tilinpaatoskansion-tekoa-harjoitusyritykselle\/#primaryimage"},"thumbnailUrl":"https:\/\/blogit.gradia.fi\/anniinatuomijarvi\/wp-content\/uploads\/sites\/94\/2014\/11\/tase3-225x300.jpg","inLanguage":"fi","potentialAction":[{"@type":"CommentAction","name":"Comment","target":["https:\/\/blogit.gradia.fi\/anniinatuomijarvi\/tasekirjan-seka-tilinpaatoskansion-tekoa-harjoitusyritykselle\/#respond"]}]},{"@type":"WebPage","@id":"https:\/\/blogit.gradia.fi\/anniinatuomijarvi\/tasekirjan-seka-tilinpaatoskansion-tekoa-harjoitusyritykselle\/","url":"https:\/\/blogit.gradia.fi\/anniinatuomijarvi\/tasekirjan-seka-tilinpaatoskansion-tekoa-harjoitusyritykselle\/","name":"Tasekirjan sek\u00e4 tilinp\u00e4\u00e4t\u00f6skansion tekoa harjoitusyritykselle - Ty\u00f6el\u00e4m\u00e4n sek\u00e4 koulun yhdist\u00e4minen opiskelijan silmin.","isPartOf":{"@id":"https:\/\/blogit.gradia.fi\/anniinatuomijarvi\/#website"},"primaryImageOfPage":{"@id":"https:\/\/blogit.gradia.fi\/anniinatuomijarvi\/tasekirjan-seka-tilinpaatoskansion-tekoa-harjoitusyritykselle\/#primaryimage"},"image":{"@id":"https:\/\/blogit.gradia.fi\/anniinatuomijarvi\/tasekirjan-seka-tilinpaatoskansion-tekoa-harjoitusyritykselle\/#primaryimage"},"thumbnailUrl":"https:\/\/blogit.gradia.fi\/anniinatuomijarvi\/wp-content\/uploads\/sites\/94\/2014\/11\/tase3-225x300.jpg","datePublished":"2014-11-03T13:47:38+00:00","dateModified":"2014-12-07T16:07:07+00:00","author":{"@id":"https:\/\/blogit.gradia.fi\/anniinatuomijarvi\/#\/schema\/person\/a126012e8cf245661fe7e619b8b68806"},"inLanguage":"fi","potentialAction":[{"@type":"ReadAction","target":["https:\/\/blogit.gradia.fi\/anniinatuomijarvi\/tasekirjan-seka-tilinpaatoskansion-tekoa-harjoitusyritykselle\/"]}]},{"@type":"ImageObject","inLanguage":"fi","@id":"https:\/\/blogit.gradia.fi\/anniinatuomijarvi\/tasekirjan-seka-tilinpaatoskansion-tekoa-harjoitusyritykselle\/#primaryimage","url":"https:\/\/blogit.gradia.fi\/anniinatuomijarvi\/wp-content\/uploads\/sites\/94\/2014\/11\/tase3.jpg","contentUrl":"https:\/\/blogit.gradia.fi\/anniinatuomijarvi\/wp-content\/uploads\/sites\/94\/2014\/11\/tase3.jpg","width":2448,"height":3264},{"@type":"WebSite","@id":"https:\/\/blogit.gradia.fi\/anniinatuomijarvi\/#website","url":"https:\/\/blogit.gradia.fi\/anniinatuomijarvi\/","name":"Ty\u00f6el\u00e4m\u00e4n sek\u00e4 koulun yhdist\u00e4minen opiskelijan silmin.","description":"","potentialAction":[{"@type":"SearchAction","target":{"@type":"EntryPoint","urlTemplate":"https:\/\/blogit.gradia.fi\/anniinatuomijarvi\/?s={search_term_string}"},"query-input":{"@type":"PropertyValueSpecification","valueRequired":true,"valueName":"search_term_string"}}],"inLanguage":"fi"},{"@type":"Person","@id":"https:\/\/blogit.gradia.fi\/anniinatuomijarvi\/#\/schema\/person\/a126012e8cf245661fe7e619b8b68806","name":"Anniina","image":{"@type":"ImageObject","inLanguage":"fi","@id":"https:\/\/secure.gravatar.com\/avatar\/faa68d1f1aa3d5a567e8faedb990f70be54a921fe1e421b90146ac2ec28bd4c2?s=96&d=mm&r=g","url":"https:\/\/secure.gravatar.com\/avatar\/faa68d1f1aa3d5a567e8faedb990f70be54a921fe1e421b90146ac2ec28bd4c2?s=96&d=mm&r=g","contentUrl":"https:\/\/secure.gravatar.com\/avatar\/faa68d1f1aa3d5a567e8faedb990f70be54a921fe1e421b90146ac2ec28bd4c2?s=96&d=mm&r=g","caption":"Anniina"},"description":"Moikka ! Olen J\u00e4ms\u00e4l\u00e4inen 18 vuotias tytt\u00f6 ja opiskelen Jyv\u00e4skyl\u00e4n ammattiopistossa merkonomiksi ty\u00f6harjoittelupainotteisella linjalla, joka koostuu viikossa kolmesta p\u00e4iv\u00e4st\u00e4 ty\u00f6t\u00e4 ja kahdesta p\u00e4iv\u00e4st\u00e4 koulua.","sameAs":["https:\/\/blogit.gradia.fi\/anniinatuomijarvi"],"url":"https:\/\/blogit.gradia.fi\/anniinatuomijarvi\/author\/ao106993\/"}]}},"uagb_featured_image_src":{"full":false,"thumbnail":false,"medium":false,"medium_large":false,"large":false,"1536x1536":false,"2048x2048":false,"post-thumbnail":false,"twentyfourteen-full-width":false},"uagb_author_info":{"display_name":"Anniina","author_link":"https:\/\/blogit.gradia.fi\/anniinatuomijarvi\/author\/ao106993\/"},"uagb_comment_info":1,"uagb_excerpt":"Moikka! T\u00e4n\u00e4\u00e4n tein t\u00f6iss\u00e4 valvotusti harjoitusyritykselle (jonka \u201dloin\u201d TOP:in alussa) tasekirjan ja tilinp\u00e4\u00e4t\u00f6skansion. Haastavuutta ty\u00f6h\u00f6n tehtiin sill\u00e4, ett\u00e4 \u201dyritys\u201d oli mennyt kuluvan vuoden aikana konkurssiin. Kuvissa olevat summat ovat keksittyj\u00e4, eiv\u00e4t siis kenenk\u00e4\u00e4n yrityksen oikeita lukuja. Ty\u00f6t tehtiin tietokoneella p\u00e4\u00e4osin Excel-ohjelmalla.\u00a0 Tasekirja on siis virallinen asiakirja josta l\u00f6ytyy tietoja yrityksen taloudellisista tiedoista (varat ja velat).&hellip;","_links":{"self":[{"href":"https:\/\/blogit.gradia.fi\/anniinatuomijarvi\/wp-json\/wp\/v2\/posts\/444","targetHints":{"allow":["GET"]}}],"collection":[{"href":"https:\/\/blogit.gradia.fi\/anniinatuomijarvi\/wp-json\/wp\/v2\/posts"}],"about":[{"href":"https:\/\/blogit.gradia.fi\/anniinatuomijarvi\/wp-json\/wp\/v2\/types\/post"}],"author":[{"embeddable":true,"href":"https:\/\/blogit.gradia.fi\/anniinatuomijarvi\/wp-json\/wp\/v2\/users\/588"}],"replies":[{"embeddable":true,"href":"https:\/\/blogit.gradia.fi\/anniinatuomijarvi\/wp-json\/wp\/v2\/comments?post=444"}],"version-history":[{"count":0,"href":"https:\/\/blogit.gradia.fi\/anniinatuomijarvi\/wp-json\/wp\/v2\/posts\/444\/revisions"}],"wp:attachment":[{"href":"https:\/\/blogit.gradia.fi\/anniinatuomijarvi\/wp-json\/wp\/v2\/media?parent=444"}],"wp:term":[{"taxonomy":"category","embeddable":true,"href":"https:\/\/blogit.gradia.fi\/anniinatuomijarvi\/wp-json\/wp\/v2\/categories?post=444"},{"taxonomy":"post_tag","embeddable":true,"href":"https:\/\/blogit.gradia.fi\/anniinatuomijarvi\/wp-json\/wp\/v2\/tags?post=444"}],"curies":[{"name":"wp","href":"https:\/\/api.w.org\/{rel}","templated":true}]}}