{"id":431,"date":"2014-10-24T07:42:55","date_gmt":"2014-10-24T04:42:55","guid":{"rendered":"https:\/\/blogit.gradia.fi\/anniinatuomijarvi\/?p=431"},"modified":"2014-12-07T18:09:53","modified_gmt":"2014-12-07T16:09:53","slug":"tyokuulumisia","status":"publish","type":"post","link":"https:\/\/blogit.gradia.fi\/anniinatuomijarvi\/tyokuulumisia\/","title":{"rendered":"Ty\u00f6kuulumisia  24.10.2014"},"content":{"rendered":"<p>Heippa !<\/p>\n<p>Viime aikoina t\u00f6iss\u00e4 olen saanut tehd\u00e4 kaikenlaista uutta ja kivaa ! Olen mm. osallistunut kokouksiin ja erilaisiin muihin neuvotteluihin sek\u00e4 laatinut yhdelle yritykselle ensivuodelle budjetin ja t\u00e4m\u00e4n vuoden tuloslaskelman silt\u00e4 osin mit\u00e4 vuotta on nyt kulunut, eli lokakuuhun asti.<\/p>\n<p>Budjetissa ja tuloslaskelmassa k\u00e4vimme neuvottelun yrityksen johdon kanssa jossa mietimme ett\u00e4 mit\u00e4 kuluja voisi v\u00e4hent\u00e4\u00e4 ja mist\u00e4 taas saataisiin lis\u00e4\u00e4 tuottoja. Ehdotin erilaisia tapahtumia, paikallislehtimainosta sek\u00e4 muita pienempi\u00e4 markkinointi muotoja, esim. kauppojen sein\u00e4t sek\u00e4 siihen liittyv\u00e4\u00e4n alaan koskevia paikkoja,\u00a0 jossa yritys voisi mainostaa itse\u00e4\u00e4n.<\/p>\n<p>Neuvottelu tapahtui ty\u00f6paikallani ja ty\u00f6nantajani osallistui my\u00f6s tapahtumaan, mutta antoi p\u00e4\u00e4asiassa minun hoitaa puhumisen.<br \/>\nT\u00e4m\u00e4 oli mukavaa vaihtelua sen ns. &#8217;tavallisen&#8217; ty\u00f6n keskelle mit\u00e4 teen (tositteiden j\u00e4rjestely\u00e4, tilien tarkastamista, arkistointia yms.) ja mukavammaksi sen teki yhteisty\u00f6 haluiset sek\u00e4 yst\u00e4v\u00e4lliset ihmiset.<\/p>\n<p>&#8211; Anniina<\/p>\n","protected":false},"excerpt":{"rendered":"<p>Heippa ! Viime aikoina t\u00f6iss\u00e4 olen saanut tehd\u00e4 kaikenlaista uutta ja kivaa ! Olen mm. osallistunut kokouksiin ja erilaisiin muihin neuvotteluihin sek\u00e4 laatinut yhdelle yritykselle ensivuodelle budjetin ja t\u00e4m\u00e4n vuoden tuloslaskelman silt\u00e4 osin mit\u00e4 vuotta on nyt kulunut, eli lokakuuhun asti. Budjetissa ja tuloslaskelmassa k\u00e4vimme neuvottelun yrityksen johdon kanssa jossa mietimme ett\u00e4 mit\u00e4 kuluja voisi &hellip; <a href=\"https:\/\/blogit.gradia.fi\/anniinatuomijarvi\/tyokuulumisia\/\" class=\"more-link\">Jatka lukemista <span class=\"screen-reader-text\">Ty\u00f6kuulumisia  24.10.2014<\/span> <span class=\"meta-nav\">&rarr;<\/span><\/a><\/p>\n","protected":false},"author":588,"featured_media":0,"comment_status":"open","ping_status":"open","sticky":false,"template":"","format":"standard","meta":{"_uag_custom_page_level_css":"","footnotes":""},"categories":[6,1],"tags":[],"class_list":["post-431","post","type-post","status-publish","format-standard","hentry","category-mavi","category-yleinen"],"yoast_head":"<!-- This site is optimized with the Yoast SEO plugin v27.4 - https:\/\/yoast.com\/product\/yoast-seo-wordpress\/ -->\n<title>Ty\u00f6kuulumisia 24.10.2014 - Ty\u00f6el\u00e4m\u00e4n sek\u00e4 koulun yhdist\u00e4minen opiskelijan silmin.<\/title>\n<meta name=\"robots\" content=\"index, follow, max-snippet:-1, max-image-preview:large, max-video-preview:-1\" \/>\n<link rel=\"canonical\" href=\"https:\/\/blogit.gradia.fi\/anniinatuomijarvi\/tyokuulumisia\/\" \/>\n<meta property=\"og:locale\" content=\"fi_FI\" \/>\n<meta property=\"og:type\" content=\"article\" \/>\n<meta property=\"og:title\" content=\"Ty\u00f6kuulumisia 24.10.2014 - Ty\u00f6el\u00e4m\u00e4n sek\u00e4 koulun yhdist\u00e4minen opiskelijan silmin.\" \/>\n<meta property=\"og:description\" content=\"Heippa ! Viime aikoina t\u00f6iss\u00e4 olen saanut tehd\u00e4 kaikenlaista uutta ja kivaa ! Olen mm. osallistunut kokouksiin ja erilaisiin muihin neuvotteluihin sek\u00e4 laatinut yhdelle yritykselle ensivuodelle budjetin ja t\u00e4m\u00e4n vuoden tuloslaskelman silt\u00e4 osin mit\u00e4 vuotta on nyt kulunut, eli lokakuuhun asti. Budjetissa ja tuloslaskelmassa k\u00e4vimme neuvottelun yrityksen johdon kanssa jossa mietimme ett\u00e4 mit\u00e4 kuluja voisi &hellip; Jatka lukemista Ty\u00f6kuulumisia 24.10.2014 &rarr;\" \/>\n<meta property=\"og:url\" content=\"https:\/\/blogit.gradia.fi\/anniinatuomijarvi\/tyokuulumisia\/\" \/>\n<meta property=\"og:site_name\" content=\"Ty\u00f6el\u00e4m\u00e4n sek\u00e4 koulun yhdist\u00e4minen opiskelijan silmin.\" \/>\n<meta property=\"article:published_time\" content=\"2014-10-24T04:42:55+00:00\" \/>\n<meta property=\"article:modified_time\" content=\"2014-12-07T16:09:53+00:00\" \/>\n<meta name=\"author\" content=\"Anniina\" \/>\n<meta name=\"twitter:card\" content=\"summary_large_image\" \/>\n<meta name=\"twitter:label1\" content=\"Kirjoittanut\" \/>\n\t<meta name=\"twitter:data1\" content=\"Anniina\" \/>\n\t<meta name=\"twitter:label2\" content=\"Arvioitu lukuaika\" \/>\n\t<meta name=\"twitter:data2\" content=\"1 minuutti\" \/>\n<script type=\"application\/ld+json\" class=\"yoast-schema-graph\">{\"@context\":\"https:\\\/\\\/schema.org\",\"@graph\":[{\"@type\":\"Article\",\"@id\":\"https:\\\/\\\/blogit.gradia.fi\\\/anniinatuomijarvi\\\/tyokuulumisia\\\/#article\",\"isPartOf\":{\"@id\":\"https:\\\/\\\/blogit.gradia.fi\\\/anniinatuomijarvi\\\/tyokuulumisia\\\/\"},\"author\":{\"name\":\"Anniina\",\"@id\":\"https:\\\/\\\/blogit.gradia.fi\\\/anniinatuomijarvi\\\/#\\\/schema\\\/person\\\/a126012e8cf245661fe7e619b8b68806\"},\"headline\":\"Ty\u00f6kuulumisia 24.10.2014\",\"datePublished\":\"2014-10-24T04:42:55+00:00\",\"dateModified\":\"2014-12-07T16:09:53+00:00\",\"mainEntityOfPage\":{\"@id\":\"https:\\\/\\\/blogit.gradia.fi\\\/anniinatuomijarvi\\\/tyokuulumisia\\\/\"},\"wordCount\":144,\"commentCount\":0,\"articleSection\":[\"MAVI\"],\"inLanguage\":\"fi\",\"potentialAction\":[{\"@type\":\"CommentAction\",\"name\":\"Comment\",\"target\":[\"https:\\\/\\\/blogit.gradia.fi\\\/anniinatuomijarvi\\\/tyokuulumisia\\\/#respond\"]}]},{\"@type\":\"WebPage\",\"@id\":\"https:\\\/\\\/blogit.gradia.fi\\\/anniinatuomijarvi\\\/tyokuulumisia\\\/\",\"url\":\"https:\\\/\\\/blogit.gradia.fi\\\/anniinatuomijarvi\\\/tyokuulumisia\\\/\",\"name\":\"Ty\u00f6kuulumisia 24.10.2014 - Ty\u00f6el\u00e4m\u00e4n sek\u00e4 koulun yhdist\u00e4minen opiskelijan silmin.\",\"isPartOf\":{\"@id\":\"https:\\\/\\\/blogit.gradia.fi\\\/anniinatuomijarvi\\\/#website\"},\"datePublished\":\"2014-10-24T04:42:55+00:00\",\"dateModified\":\"2014-12-07T16:09:53+00:00\",\"author\":{\"@id\":\"https:\\\/\\\/blogit.gradia.fi\\\/anniinatuomijarvi\\\/#\\\/schema\\\/person\\\/a126012e8cf245661fe7e619b8b68806\"},\"inLanguage\":\"fi\",\"potentialAction\":[{\"@type\":\"ReadAction\",\"target\":[\"https:\\\/\\\/blogit.gradia.fi\\\/anniinatuomijarvi\\\/tyokuulumisia\\\/\"]}]},{\"@type\":\"WebSite\",\"@id\":\"https:\\\/\\\/blogit.gradia.fi\\\/anniinatuomijarvi\\\/#website\",\"url\":\"https:\\\/\\\/blogit.gradia.fi\\\/anniinatuomijarvi\\\/\",\"name\":\"Ty\u00f6el\u00e4m\u00e4n sek\u00e4 koulun yhdist\u00e4minen opiskelijan silmin.\",\"description\":\"\",\"potentialAction\":[{\"@type\":\"SearchAction\",\"target\":{\"@type\":\"EntryPoint\",\"urlTemplate\":\"https:\\\/\\\/blogit.gradia.fi\\\/anniinatuomijarvi\\\/?s={search_term_string}\"},\"query-input\":{\"@type\":\"PropertyValueSpecification\",\"valueRequired\":true,\"valueName\":\"search_term_string\"}}],\"inLanguage\":\"fi\"},{\"@type\":\"Person\",\"@id\":\"https:\\\/\\\/blogit.gradia.fi\\\/anniinatuomijarvi\\\/#\\\/schema\\\/person\\\/a126012e8cf245661fe7e619b8b68806\",\"name\":\"Anniina\",\"image\":{\"@type\":\"ImageObject\",\"inLanguage\":\"fi\",\"@id\":\"https:\\\/\\\/secure.gravatar.com\\\/avatar\\\/faa68d1f1aa3d5a567e8faedb990f70be54a921fe1e421b90146ac2ec28bd4c2?s=96&d=mm&r=g\",\"url\":\"https:\\\/\\\/secure.gravatar.com\\\/avatar\\\/faa68d1f1aa3d5a567e8faedb990f70be54a921fe1e421b90146ac2ec28bd4c2?s=96&d=mm&r=g\",\"contentUrl\":\"https:\\\/\\\/secure.gravatar.com\\\/avatar\\\/faa68d1f1aa3d5a567e8faedb990f70be54a921fe1e421b90146ac2ec28bd4c2?s=96&d=mm&r=g\",\"caption\":\"Anniina\"},\"description\":\"Moikka ! Olen J\u00e4ms\u00e4l\u00e4inen 18 vuotias tytt\u00f6 ja opiskelen Jyv\u00e4skyl\u00e4n ammattiopistossa merkonomiksi ty\u00f6harjoittelupainotteisella linjalla, joka koostuu viikossa kolmesta p\u00e4iv\u00e4st\u00e4 ty\u00f6t\u00e4 ja kahdesta p\u00e4iv\u00e4st\u00e4 koulua.\",\"sameAs\":[\"https:\\\/\\\/blogit.gradia.fi\\\/anniinatuomijarvi\"],\"url\":\"https:\\\/\\\/blogit.gradia.fi\\\/anniinatuomijarvi\\\/author\\\/ao106993\\\/\"}]}<\/script>\n<!-- \/ Yoast SEO plugin. -->","yoast_head_json":{"title":"Ty\u00f6kuulumisia 24.10.2014 - Ty\u00f6el\u00e4m\u00e4n sek\u00e4 koulun yhdist\u00e4minen opiskelijan silmin.","robots":{"index":"index","follow":"follow","max-snippet":"max-snippet:-1","max-image-preview":"max-image-preview:large","max-video-preview":"max-video-preview:-1"},"canonical":"https:\/\/blogit.gradia.fi\/anniinatuomijarvi\/tyokuulumisia\/","og_locale":"fi_FI","og_type":"article","og_title":"Ty\u00f6kuulumisia 24.10.2014 - Ty\u00f6el\u00e4m\u00e4n sek\u00e4 koulun yhdist\u00e4minen opiskelijan silmin.","og_description":"Heippa ! Viime aikoina t\u00f6iss\u00e4 olen saanut tehd\u00e4 kaikenlaista uutta ja kivaa ! Olen mm. osallistunut kokouksiin ja erilaisiin muihin neuvotteluihin sek\u00e4 laatinut yhdelle yritykselle ensivuodelle budjetin ja t\u00e4m\u00e4n vuoden tuloslaskelman silt\u00e4 osin mit\u00e4 vuotta on nyt kulunut, eli lokakuuhun asti. Budjetissa ja tuloslaskelmassa k\u00e4vimme neuvottelun yrityksen johdon kanssa jossa mietimme ett\u00e4 mit\u00e4 kuluja voisi &hellip; Jatka lukemista Ty\u00f6kuulumisia 24.10.2014 &rarr;","og_url":"https:\/\/blogit.gradia.fi\/anniinatuomijarvi\/tyokuulumisia\/","og_site_name":"Ty\u00f6el\u00e4m\u00e4n sek\u00e4 koulun yhdist\u00e4minen opiskelijan silmin.","article_published_time":"2014-10-24T04:42:55+00:00","article_modified_time":"2014-12-07T16:09:53+00:00","author":"Anniina","twitter_card":"summary_large_image","twitter_misc":{"Kirjoittanut":"Anniina","Arvioitu lukuaika":"1 minuutti"},"schema":{"@context":"https:\/\/schema.org","@graph":[{"@type":"Article","@id":"https:\/\/blogit.gradia.fi\/anniinatuomijarvi\/tyokuulumisia\/#article","isPartOf":{"@id":"https:\/\/blogit.gradia.fi\/anniinatuomijarvi\/tyokuulumisia\/"},"author":{"name":"Anniina","@id":"https:\/\/blogit.gradia.fi\/anniinatuomijarvi\/#\/schema\/person\/a126012e8cf245661fe7e619b8b68806"},"headline":"Ty\u00f6kuulumisia 24.10.2014","datePublished":"2014-10-24T04:42:55+00:00","dateModified":"2014-12-07T16:09:53+00:00","mainEntityOfPage":{"@id":"https:\/\/blogit.gradia.fi\/anniinatuomijarvi\/tyokuulumisia\/"},"wordCount":144,"commentCount":0,"articleSection":["MAVI"],"inLanguage":"fi","potentialAction":[{"@type":"CommentAction","name":"Comment","target":["https:\/\/blogit.gradia.fi\/anniinatuomijarvi\/tyokuulumisia\/#respond"]}]},{"@type":"WebPage","@id":"https:\/\/blogit.gradia.fi\/anniinatuomijarvi\/tyokuulumisia\/","url":"https:\/\/blogit.gradia.fi\/anniinatuomijarvi\/tyokuulumisia\/","name":"Ty\u00f6kuulumisia 24.10.2014 - Ty\u00f6el\u00e4m\u00e4n sek\u00e4 koulun yhdist\u00e4minen opiskelijan silmin.","isPartOf":{"@id":"https:\/\/blogit.gradia.fi\/anniinatuomijarvi\/#website"},"datePublished":"2014-10-24T04:42:55+00:00","dateModified":"2014-12-07T16:09:53+00:00","author":{"@id":"https:\/\/blogit.gradia.fi\/anniinatuomijarvi\/#\/schema\/person\/a126012e8cf245661fe7e619b8b68806"},"inLanguage":"fi","potentialAction":[{"@type":"ReadAction","target":["https:\/\/blogit.gradia.fi\/anniinatuomijarvi\/tyokuulumisia\/"]}]},{"@type":"WebSite","@id":"https:\/\/blogit.gradia.fi\/anniinatuomijarvi\/#website","url":"https:\/\/blogit.gradia.fi\/anniinatuomijarvi\/","name":"Ty\u00f6el\u00e4m\u00e4n sek\u00e4 koulun yhdist\u00e4minen opiskelijan silmin.","description":"","potentialAction":[{"@type":"SearchAction","target":{"@type":"EntryPoint","urlTemplate":"https:\/\/blogit.gradia.fi\/anniinatuomijarvi\/?s={search_term_string}"},"query-input":{"@type":"PropertyValueSpecification","valueRequired":true,"valueName":"search_term_string"}}],"inLanguage":"fi"},{"@type":"Person","@id":"https:\/\/blogit.gradia.fi\/anniinatuomijarvi\/#\/schema\/person\/a126012e8cf245661fe7e619b8b68806","name":"Anniina","image":{"@type":"ImageObject","inLanguage":"fi","@id":"https:\/\/secure.gravatar.com\/avatar\/faa68d1f1aa3d5a567e8faedb990f70be54a921fe1e421b90146ac2ec28bd4c2?s=96&d=mm&r=g","url":"https:\/\/secure.gravatar.com\/avatar\/faa68d1f1aa3d5a567e8faedb990f70be54a921fe1e421b90146ac2ec28bd4c2?s=96&d=mm&r=g","contentUrl":"https:\/\/secure.gravatar.com\/avatar\/faa68d1f1aa3d5a567e8faedb990f70be54a921fe1e421b90146ac2ec28bd4c2?s=96&d=mm&r=g","caption":"Anniina"},"description":"Moikka ! Olen J\u00e4ms\u00e4l\u00e4inen 18 vuotias tytt\u00f6 ja opiskelen Jyv\u00e4skyl\u00e4n ammattiopistossa merkonomiksi ty\u00f6harjoittelupainotteisella linjalla, joka koostuu viikossa kolmesta p\u00e4iv\u00e4st\u00e4 ty\u00f6t\u00e4 ja kahdesta p\u00e4iv\u00e4st\u00e4 koulua.","sameAs":["https:\/\/blogit.gradia.fi\/anniinatuomijarvi"],"url":"https:\/\/blogit.gradia.fi\/anniinatuomijarvi\/author\/ao106993\/"}]}},"uagb_featured_image_src":{"full":false,"thumbnail":false,"medium":false,"medium_large":false,"large":false,"1536x1536":false,"2048x2048":false,"post-thumbnail":false,"twentyfourteen-full-width":false},"uagb_author_info":{"display_name":"Anniina","author_link":"https:\/\/blogit.gradia.fi\/anniinatuomijarvi\/author\/ao106993\/"},"uagb_comment_info":0,"uagb_excerpt":"Heippa ! Viime aikoina t\u00f6iss\u00e4 olen saanut tehd\u00e4 kaikenlaista uutta ja kivaa ! Olen mm. osallistunut kokouksiin ja erilaisiin muihin neuvotteluihin sek\u00e4 laatinut yhdelle yritykselle ensivuodelle budjetin ja t\u00e4m\u00e4n vuoden tuloslaskelman silt\u00e4 osin mit\u00e4 vuotta on nyt kulunut, eli lokakuuhun asti. Budjetissa ja tuloslaskelmassa k\u00e4vimme neuvottelun yrityksen johdon kanssa jossa mietimme ett\u00e4 mit\u00e4 kuluja voisi&hellip;","_links":{"self":[{"href":"https:\/\/blogit.gradia.fi\/anniinatuomijarvi\/wp-json\/wp\/v2\/posts\/431","targetHints":{"allow":["GET"]}}],"collection":[{"href":"https:\/\/blogit.gradia.fi\/anniinatuomijarvi\/wp-json\/wp\/v2\/posts"}],"about":[{"href":"https:\/\/blogit.gradia.fi\/anniinatuomijarvi\/wp-json\/wp\/v2\/types\/post"}],"author":[{"embeddable":true,"href":"https:\/\/blogit.gradia.fi\/anniinatuomijarvi\/wp-json\/wp\/v2\/users\/588"}],"replies":[{"embeddable":true,"href":"https:\/\/blogit.gradia.fi\/anniinatuomijarvi\/wp-json\/wp\/v2\/comments?post=431"}],"version-history":[{"count":0,"href":"https:\/\/blogit.gradia.fi\/anniinatuomijarvi\/wp-json\/wp\/v2\/posts\/431\/revisions"}],"wp:attachment":[{"href":"https:\/\/blogit.gradia.fi\/anniinatuomijarvi\/wp-json\/wp\/v2\/media?parent=431"}],"wp:term":[{"taxonomy":"category","embeddable":true,"href":"https:\/\/blogit.gradia.fi\/anniinatuomijarvi\/wp-json\/wp\/v2\/categories?post=431"},{"taxonomy":"post_tag","embeddable":true,"href":"https:\/\/blogit.gradia.fi\/anniinatuomijarvi\/wp-json\/wp\/v2\/tags?post=431"}],"curies":[{"name":"wp","href":"https:\/\/api.w.org\/{rel}","templated":true}]}}