{"id":428,"date":"2014-10-24T07:32:38","date_gmt":"2014-10-24T04:32:38","guid":{"rendered":"https:\/\/blogit.gradia.fi\/anniinatuomijarvi\/?p=428"},"modified":"2014-10-24T07:32:38","modified_gmt":"2014-10-24T04:32:38","slug":"yritysesittely-koululla-23-10-2014","status":"publish","type":"post","link":"https:\/\/blogit.gradia.fi\/anniinatuomijarvi\/yritysesittely-koululla-23-10-2014\/","title":{"rendered":"Yritysesittely koululla 23.10.2014"},"content":{"rendered":"<p>Moikka !<\/p>\n<p>Niin kuin otsikossa jo lukeekin, niin meill\u00e4 k\u00e4vi t\u00e4n\u00e4\u00e4n koululla Jari Rissanen kertomassa yrityksest\u00e4\u00e4n jossa h\u00e4n ty\u00f6skentelee eli Radio Kompassista. Se on Jyv\u00e4skyl\u00e4n oma paikallisradio ja perustettu n. 5 kk sitten, linkki yrityksen kotisivuille l\u00f6ytyy t\u00e4st\u00e4: http:\/\/www.radiokompassi.fi\/ ja sen l\u00f6yt\u00e4\u00e4 my\u00f6s facebookista: https:\/\/www.facebook.com\/radiokompassi.<br \/>\nJari kertoi omista ty\u00f6kokemuksistaan sek\u00e4 aika yleisesti radio- ja muista mediamainonnista, niin hyvist\u00e4 kuin huonoista puolistakin. Mielest\u00e4ni vierailu oli avartava ja mielenkiintoinen, sek\u00e4 se sopi hyvin nyt k\u00e4yt\u00e4v\u00e4\u00e4n markkinointiviestinn\u00e4n kurssiin. Saimme my\u00f6s vinkkej\u00e4 ja hyvi\u00e4 ideoita toteutettavaan projektiimme, jossa joudumme tekem\u00e4\u00e4n televisio- sek\u00e4 radiomainoksen, vanhojen radiomainosten avulla. Tykk\u00e4sin ! \ud83d\ude42<\/p>\n","protected":false},"excerpt":{"rendered":"<p>Moikka ! Niin kuin otsikossa jo lukeekin, niin meill\u00e4 k\u00e4vi t\u00e4n\u00e4\u00e4n koululla Jari Rissanen kertomassa yrityksest\u00e4\u00e4n jossa h\u00e4n ty\u00f6skentelee eli Radio Kompassista. Se on Jyv\u00e4skyl\u00e4n oma paikallisradio ja perustettu n. 5 kk sitten, linkki yrityksen kotisivuille l\u00f6ytyy t\u00e4st\u00e4: http:\/\/www.radiokompassi.fi\/ ja sen l\u00f6yt\u00e4\u00e4 my\u00f6s facebookista: https:\/\/www.facebook.com\/radiokompassi. Jari kertoi omista ty\u00f6kokemuksistaan sek\u00e4 aika yleisesti radio- ja muista &hellip; <a href=\"https:\/\/blogit.gradia.fi\/anniinatuomijarvi\/yritysesittely-koululla-23-10-2014\/\" class=\"more-link\">Jatka lukemista <span class=\"screen-reader-text\">Yritysesittely koululla 23.10.2014<\/span> <span class=\"meta-nav\">&rarr;<\/span><\/a><\/p>\n","protected":false},"author":588,"featured_media":0,"comment_status":"open","ping_status":"open","sticky":false,"template":"","format":"standard","meta":{"_uag_custom_page_level_css":"","footnotes":""},"categories":[1],"tags":[],"class_list":["post-428","post","type-post","status-publish","format-standard","hentry","category-yleinen"],"yoast_head":"<!-- This site is optimized with the Yoast SEO plugin v27.4 - https:\/\/yoast.com\/product\/yoast-seo-wordpress\/ -->\n<title>Yritysesittely koululla 23.10.2014 - Ty\u00f6el\u00e4m\u00e4n sek\u00e4 koulun yhdist\u00e4minen opiskelijan silmin.<\/title>\n<meta name=\"robots\" content=\"index, follow, max-snippet:-1, max-image-preview:large, max-video-preview:-1\" \/>\n<link rel=\"canonical\" href=\"https:\/\/blogit.gradia.fi\/anniinatuomijarvi\/yritysesittely-koululla-23-10-2014\/\" \/>\n<meta property=\"og:locale\" content=\"fi_FI\" \/>\n<meta property=\"og:type\" content=\"article\" \/>\n<meta property=\"og:title\" content=\"Yritysesittely koululla 23.10.2014 - Ty\u00f6el\u00e4m\u00e4n sek\u00e4 koulun yhdist\u00e4minen opiskelijan silmin.\" \/>\n<meta property=\"og:description\" content=\"Moikka ! Niin kuin otsikossa jo lukeekin, niin meill\u00e4 k\u00e4vi t\u00e4n\u00e4\u00e4n koululla Jari Rissanen kertomassa yrityksest\u00e4\u00e4n jossa h\u00e4n ty\u00f6skentelee eli Radio Kompassista. Se on Jyv\u00e4skyl\u00e4n oma paikallisradio ja perustettu n. 5 kk sitten, linkki yrityksen kotisivuille l\u00f6ytyy t\u00e4st\u00e4: http:\/\/www.radiokompassi.fi\/ ja sen l\u00f6yt\u00e4\u00e4 my\u00f6s facebookista: https:\/\/www.facebook.com\/radiokompassi. Jari kertoi omista ty\u00f6kokemuksistaan sek\u00e4 aika yleisesti radio- ja muista &hellip; Jatka lukemista Yritysesittely koululla 23.10.2014 &rarr;\" \/>\n<meta property=\"og:url\" content=\"https:\/\/blogit.gradia.fi\/anniinatuomijarvi\/yritysesittely-koululla-23-10-2014\/\" \/>\n<meta property=\"og:site_name\" content=\"Ty\u00f6el\u00e4m\u00e4n sek\u00e4 koulun yhdist\u00e4minen opiskelijan silmin.\" \/>\n<meta property=\"article:published_time\" content=\"2014-10-24T04:32:38+00:00\" \/>\n<meta name=\"author\" content=\"Anniina\" \/>\n<meta name=\"twitter:card\" content=\"summary_large_image\" \/>\n<meta name=\"twitter:label1\" content=\"Kirjoittanut\" \/>\n\t<meta name=\"twitter:data1\" content=\"Anniina\" \/>\n\t<meta name=\"twitter:label2\" content=\"Arvioitu lukuaika\" \/>\n\t<meta name=\"twitter:data2\" content=\"1 minuutti\" \/>\n<script type=\"application\/ld+json\" class=\"yoast-schema-graph\">{\"@context\":\"https:\\\/\\\/schema.org\",\"@graph\":[{\"@type\":\"Article\",\"@id\":\"https:\\\/\\\/blogit.gradia.fi\\\/anniinatuomijarvi\\\/yritysesittely-koululla-23-10-2014\\\/#article\",\"isPartOf\":{\"@id\":\"https:\\\/\\\/blogit.gradia.fi\\\/anniinatuomijarvi\\\/yritysesittely-koululla-23-10-2014\\\/\"},\"author\":{\"name\":\"Anniina\",\"@id\":\"https:\\\/\\\/blogit.gradia.fi\\\/anniinatuomijarvi\\\/#\\\/schema\\\/person\\\/a126012e8cf245661fe7e619b8b68806\"},\"headline\":\"Yritysesittely koululla 23.10.2014\",\"datePublished\":\"2014-10-24T04:32:38+00:00\",\"mainEntityOfPage\":{\"@id\":\"https:\\\/\\\/blogit.gradia.fi\\\/anniinatuomijarvi\\\/yritysesittely-koululla-23-10-2014\\\/\"},\"wordCount\":121,\"commentCount\":0,\"inLanguage\":\"fi\",\"potentialAction\":[{\"@type\":\"CommentAction\",\"name\":\"Comment\",\"target\":[\"https:\\\/\\\/blogit.gradia.fi\\\/anniinatuomijarvi\\\/yritysesittely-koululla-23-10-2014\\\/#respond\"]}]},{\"@type\":\"WebPage\",\"@id\":\"https:\\\/\\\/blogit.gradia.fi\\\/anniinatuomijarvi\\\/yritysesittely-koululla-23-10-2014\\\/\",\"url\":\"https:\\\/\\\/blogit.gradia.fi\\\/anniinatuomijarvi\\\/yritysesittely-koululla-23-10-2014\\\/\",\"name\":\"Yritysesittely koululla 23.10.2014 - Ty\u00f6el\u00e4m\u00e4n sek\u00e4 koulun yhdist\u00e4minen opiskelijan silmin.\",\"isPartOf\":{\"@id\":\"https:\\\/\\\/blogit.gradia.fi\\\/anniinatuomijarvi\\\/#website\"},\"datePublished\":\"2014-10-24T04:32:38+00:00\",\"author\":{\"@id\":\"https:\\\/\\\/blogit.gradia.fi\\\/anniinatuomijarvi\\\/#\\\/schema\\\/person\\\/a126012e8cf245661fe7e619b8b68806\"},\"inLanguage\":\"fi\",\"potentialAction\":[{\"@type\":\"ReadAction\",\"target\":[\"https:\\\/\\\/blogit.gradia.fi\\\/anniinatuomijarvi\\\/yritysesittely-koululla-23-10-2014\\\/\"]}]},{\"@type\":\"WebSite\",\"@id\":\"https:\\\/\\\/blogit.gradia.fi\\\/anniinatuomijarvi\\\/#website\",\"url\":\"https:\\\/\\\/blogit.gradia.fi\\\/anniinatuomijarvi\\\/\",\"name\":\"Ty\u00f6el\u00e4m\u00e4n sek\u00e4 koulun yhdist\u00e4minen opiskelijan silmin.\",\"description\":\"\",\"potentialAction\":[{\"@type\":\"SearchAction\",\"target\":{\"@type\":\"EntryPoint\",\"urlTemplate\":\"https:\\\/\\\/blogit.gradia.fi\\\/anniinatuomijarvi\\\/?s={search_term_string}\"},\"query-input\":{\"@type\":\"PropertyValueSpecification\",\"valueRequired\":true,\"valueName\":\"search_term_string\"}}],\"inLanguage\":\"fi\"},{\"@type\":\"Person\",\"@id\":\"https:\\\/\\\/blogit.gradia.fi\\\/anniinatuomijarvi\\\/#\\\/schema\\\/person\\\/a126012e8cf245661fe7e619b8b68806\",\"name\":\"Anniina\",\"image\":{\"@type\":\"ImageObject\",\"inLanguage\":\"fi\",\"@id\":\"https:\\\/\\\/secure.gravatar.com\\\/avatar\\\/faa68d1f1aa3d5a567e8faedb990f70be54a921fe1e421b90146ac2ec28bd4c2?s=96&d=mm&r=g\",\"url\":\"https:\\\/\\\/secure.gravatar.com\\\/avatar\\\/faa68d1f1aa3d5a567e8faedb990f70be54a921fe1e421b90146ac2ec28bd4c2?s=96&d=mm&r=g\",\"contentUrl\":\"https:\\\/\\\/secure.gravatar.com\\\/avatar\\\/faa68d1f1aa3d5a567e8faedb990f70be54a921fe1e421b90146ac2ec28bd4c2?s=96&d=mm&r=g\",\"caption\":\"Anniina\"},\"description\":\"Moikka ! Olen J\u00e4ms\u00e4l\u00e4inen 18 vuotias tytt\u00f6 ja opiskelen Jyv\u00e4skyl\u00e4n ammattiopistossa merkonomiksi ty\u00f6harjoittelupainotteisella linjalla, joka koostuu viikossa kolmesta p\u00e4iv\u00e4st\u00e4 ty\u00f6t\u00e4 ja kahdesta p\u00e4iv\u00e4st\u00e4 koulua.\",\"sameAs\":[\"https:\\\/\\\/blogit.gradia.fi\\\/anniinatuomijarvi\"],\"url\":\"https:\\\/\\\/blogit.gradia.fi\\\/anniinatuomijarvi\\\/author\\\/ao106993\\\/\"}]}<\/script>\n<!-- \/ Yoast SEO plugin. -->","yoast_head_json":{"title":"Yritysesittely koululla 23.10.2014 - Ty\u00f6el\u00e4m\u00e4n sek\u00e4 koulun yhdist\u00e4minen opiskelijan silmin.","robots":{"index":"index","follow":"follow","max-snippet":"max-snippet:-1","max-image-preview":"max-image-preview:large","max-video-preview":"max-video-preview:-1"},"canonical":"https:\/\/blogit.gradia.fi\/anniinatuomijarvi\/yritysesittely-koululla-23-10-2014\/","og_locale":"fi_FI","og_type":"article","og_title":"Yritysesittely koululla 23.10.2014 - Ty\u00f6el\u00e4m\u00e4n sek\u00e4 koulun yhdist\u00e4minen opiskelijan silmin.","og_description":"Moikka ! Niin kuin otsikossa jo lukeekin, niin meill\u00e4 k\u00e4vi t\u00e4n\u00e4\u00e4n koululla Jari Rissanen kertomassa yrityksest\u00e4\u00e4n jossa h\u00e4n ty\u00f6skentelee eli Radio Kompassista. Se on Jyv\u00e4skyl\u00e4n oma paikallisradio ja perustettu n. 5 kk sitten, linkki yrityksen kotisivuille l\u00f6ytyy t\u00e4st\u00e4: http:\/\/www.radiokompassi.fi\/ ja sen l\u00f6yt\u00e4\u00e4 my\u00f6s facebookista: https:\/\/www.facebook.com\/radiokompassi. Jari kertoi omista ty\u00f6kokemuksistaan sek\u00e4 aika yleisesti radio- ja muista &hellip; Jatka lukemista Yritysesittely koululla 23.10.2014 &rarr;","og_url":"https:\/\/blogit.gradia.fi\/anniinatuomijarvi\/yritysesittely-koululla-23-10-2014\/","og_site_name":"Ty\u00f6el\u00e4m\u00e4n sek\u00e4 koulun yhdist\u00e4minen opiskelijan silmin.","article_published_time":"2014-10-24T04:32:38+00:00","author":"Anniina","twitter_card":"summary_large_image","twitter_misc":{"Kirjoittanut":"Anniina","Arvioitu lukuaika":"1 minuutti"},"schema":{"@context":"https:\/\/schema.org","@graph":[{"@type":"Article","@id":"https:\/\/blogit.gradia.fi\/anniinatuomijarvi\/yritysesittely-koululla-23-10-2014\/#article","isPartOf":{"@id":"https:\/\/blogit.gradia.fi\/anniinatuomijarvi\/yritysesittely-koululla-23-10-2014\/"},"author":{"name":"Anniina","@id":"https:\/\/blogit.gradia.fi\/anniinatuomijarvi\/#\/schema\/person\/a126012e8cf245661fe7e619b8b68806"},"headline":"Yritysesittely koululla 23.10.2014","datePublished":"2014-10-24T04:32:38+00:00","mainEntityOfPage":{"@id":"https:\/\/blogit.gradia.fi\/anniinatuomijarvi\/yritysesittely-koululla-23-10-2014\/"},"wordCount":121,"commentCount":0,"inLanguage":"fi","potentialAction":[{"@type":"CommentAction","name":"Comment","target":["https:\/\/blogit.gradia.fi\/anniinatuomijarvi\/yritysesittely-koululla-23-10-2014\/#respond"]}]},{"@type":"WebPage","@id":"https:\/\/blogit.gradia.fi\/anniinatuomijarvi\/yritysesittely-koululla-23-10-2014\/","url":"https:\/\/blogit.gradia.fi\/anniinatuomijarvi\/yritysesittely-koululla-23-10-2014\/","name":"Yritysesittely koululla 23.10.2014 - Ty\u00f6el\u00e4m\u00e4n sek\u00e4 koulun yhdist\u00e4minen opiskelijan silmin.","isPartOf":{"@id":"https:\/\/blogit.gradia.fi\/anniinatuomijarvi\/#website"},"datePublished":"2014-10-24T04:32:38+00:00","author":{"@id":"https:\/\/blogit.gradia.fi\/anniinatuomijarvi\/#\/schema\/person\/a126012e8cf245661fe7e619b8b68806"},"inLanguage":"fi","potentialAction":[{"@type":"ReadAction","target":["https:\/\/blogit.gradia.fi\/anniinatuomijarvi\/yritysesittely-koululla-23-10-2014\/"]}]},{"@type":"WebSite","@id":"https:\/\/blogit.gradia.fi\/anniinatuomijarvi\/#website","url":"https:\/\/blogit.gradia.fi\/anniinatuomijarvi\/","name":"Ty\u00f6el\u00e4m\u00e4n sek\u00e4 koulun yhdist\u00e4minen opiskelijan silmin.","description":"","potentialAction":[{"@type":"SearchAction","target":{"@type":"EntryPoint","urlTemplate":"https:\/\/blogit.gradia.fi\/anniinatuomijarvi\/?s={search_term_string}"},"query-input":{"@type":"PropertyValueSpecification","valueRequired":true,"valueName":"search_term_string"}}],"inLanguage":"fi"},{"@type":"Person","@id":"https:\/\/blogit.gradia.fi\/anniinatuomijarvi\/#\/schema\/person\/a126012e8cf245661fe7e619b8b68806","name":"Anniina","image":{"@type":"ImageObject","inLanguage":"fi","@id":"https:\/\/secure.gravatar.com\/avatar\/faa68d1f1aa3d5a567e8faedb990f70be54a921fe1e421b90146ac2ec28bd4c2?s=96&d=mm&r=g","url":"https:\/\/secure.gravatar.com\/avatar\/faa68d1f1aa3d5a567e8faedb990f70be54a921fe1e421b90146ac2ec28bd4c2?s=96&d=mm&r=g","contentUrl":"https:\/\/secure.gravatar.com\/avatar\/faa68d1f1aa3d5a567e8faedb990f70be54a921fe1e421b90146ac2ec28bd4c2?s=96&d=mm&r=g","caption":"Anniina"},"description":"Moikka ! Olen J\u00e4ms\u00e4l\u00e4inen 18 vuotias tytt\u00f6 ja opiskelen Jyv\u00e4skyl\u00e4n ammattiopistossa merkonomiksi ty\u00f6harjoittelupainotteisella linjalla, joka koostuu viikossa kolmesta p\u00e4iv\u00e4st\u00e4 ty\u00f6t\u00e4 ja kahdesta p\u00e4iv\u00e4st\u00e4 koulua.","sameAs":["https:\/\/blogit.gradia.fi\/anniinatuomijarvi"],"url":"https:\/\/blogit.gradia.fi\/anniinatuomijarvi\/author\/ao106993\/"}]}},"uagb_featured_image_src":{"full":false,"thumbnail":false,"medium":false,"medium_large":false,"large":false,"1536x1536":false,"2048x2048":false,"post-thumbnail":false,"twentyfourteen-full-width":false},"uagb_author_info":{"display_name":"Anniina","author_link":"https:\/\/blogit.gradia.fi\/anniinatuomijarvi\/author\/ao106993\/"},"uagb_comment_info":0,"uagb_excerpt":"Moikka ! Niin kuin otsikossa jo lukeekin, niin meill\u00e4 k\u00e4vi t\u00e4n\u00e4\u00e4n koululla Jari Rissanen kertomassa yrityksest\u00e4\u00e4n jossa h\u00e4n ty\u00f6skentelee eli Radio Kompassista. Se on Jyv\u00e4skyl\u00e4n oma paikallisradio ja perustettu n. 5 kk sitten, linkki yrityksen kotisivuille l\u00f6ytyy t\u00e4st\u00e4: http:\/\/www.radiokompassi.fi\/ ja sen l\u00f6yt\u00e4\u00e4 my\u00f6s facebookista: https:\/\/www.facebook.com\/radiokompassi. Jari kertoi omista ty\u00f6kokemuksistaan sek\u00e4 aika yleisesti radio- ja muista&hellip;","_links":{"self":[{"href":"https:\/\/blogit.gradia.fi\/anniinatuomijarvi\/wp-json\/wp\/v2\/posts\/428","targetHints":{"allow":["GET"]}}],"collection":[{"href":"https:\/\/blogit.gradia.fi\/anniinatuomijarvi\/wp-json\/wp\/v2\/posts"}],"about":[{"href":"https:\/\/blogit.gradia.fi\/anniinatuomijarvi\/wp-json\/wp\/v2\/types\/post"}],"author":[{"embeddable":true,"href":"https:\/\/blogit.gradia.fi\/anniinatuomijarvi\/wp-json\/wp\/v2\/users\/588"}],"replies":[{"embeddable":true,"href":"https:\/\/blogit.gradia.fi\/anniinatuomijarvi\/wp-json\/wp\/v2\/comments?post=428"}],"version-history":[{"count":0,"href":"https:\/\/blogit.gradia.fi\/anniinatuomijarvi\/wp-json\/wp\/v2\/posts\/428\/revisions"}],"wp:attachment":[{"href":"https:\/\/blogit.gradia.fi\/anniinatuomijarvi\/wp-json\/wp\/v2\/media?parent=428"}],"wp:term":[{"taxonomy":"category","embeddable":true,"href":"https:\/\/blogit.gradia.fi\/anniinatuomijarvi\/wp-json\/wp\/v2\/categories?post=428"},{"taxonomy":"post_tag","embeddable":true,"href":"https:\/\/blogit.gradia.fi\/anniinatuomijarvi\/wp-json\/wp\/v2\/tags?post=428"}],"curies":[{"name":"wp","href":"https:\/\/api.w.org\/{rel}","templated":true}]}}