{"id":402,"date":"2014-09-05T10:04:11","date_gmt":"2014-09-05T07:04:11","guid":{"rendered":"https:\/\/blogit.gradia.fi\/anniinatuomijarvi\/?p=402"},"modified":"2014-09-05T10:13:33","modified_gmt":"2014-09-05T07:13:33","slug":"mavin-tuntitehtava-14-8-mainoksen-analysointi","status":"publish","type":"post","link":"https:\/\/blogit.gradia.fi\/anniinatuomijarvi\/mavin-tuntitehtava-14-8-mainoksen-analysointi\/","title":{"rendered":"MAVI:n tuntiteht\u00e4v\u00e4 14.8. &#8211; mainoksen analysointi"},"content":{"rendered":"<p>Heippa !<\/p>\n<p>MAVI:n (markkinointiviestinn\u00e4n) kurssi on meill\u00e4 siis jo alkanut mutta p\u00e4\u00e4sen t\u00e4st\u00e4 nyt vasta (syyst\u00e4 tai toisesta) poustaamaan t\u00e4nne blogiin. 14.8. saimme tuntiteht\u00e4v\u00e4ksi etsi\u00e4 pieniss\u00e4 ryhmiss\u00e4 lehdest\u00e4 mainoksen ja analysoida sen, joka t\u00e4ytt\u00e4isi tunnilla opetellut AIDASS ja\/tai DAGMAR kaavat. K\u00e4vimme my\u00f6s tunnilla l\u00e4pi markkinointiviestinn\u00e4n tavoitteita ja sit\u00e4 miten sill\u00e4 voidaan vaikuttaa. Teht\u00e4v\u00e4n\u00e4 oli siis etsi\u00e4 lehdist\u00e4 mieleinen mainos ja l\u00f6ysimme t\u00e4llaisen (nojaa, oliko se sitten mieleinen, mutta ainakin helppo analysoida :D). L\u00f6ydettiin lehdest\u00e4 seuraava mainos:<\/p>\n<p><a href=\"https:\/\/blogit.gradia.fi\/anniinatuomijarvi\/wp-content\/uploads\/sites\/94\/2014\/09\/KOULUTOLU-225x300.jpg\"><img loading=\"lazy\" decoding=\"async\" class=\"alignnone size-full wp-image-403\" alt=\"KOULUTOLU-225x300\" src=\"https:\/\/blogit.gradia.fi\/anniinatuomijarvi\/wp-content\/uploads\/sites\/94\/2014\/09\/KOULUTOLU-225x300.jpg\" width=\"225\" height=\"300\" srcset=\"https:\/\/blogit.gradia.fi\/anniinatuomijarvi\/wp-content\/uploads\/sites\/94\/2014\/09\/KOULUTOLU-225x300.jpg 225w, https:\/\/blogit.gradia.fi\/anniinatuomijarvi\/wp-content\/uploads\/sites\/94\/2014\/09\/KOULUTOLU-225x300-201x268.jpg 201w\" sizes=\"auto, (max-width: 225px) 100vw, 225px\" \/><\/a><br \/>\n<strong>Analysointi:<\/strong><\/p>\n<p><strong>Attention<\/strong> eli mik\u00e4 mainoksessa her\u00e4tt\u00e4\u00e4 huomion= v\u00e4rit ja yleisilme, asettelut yms.<\/p>\n<p><strong>Interest<\/strong> eli miten mainos her\u00e4tt\u00e4\u00e4 katsojan mielenkiinnon= Todenn\u00e4k\u00f6isesti mielenkiinnon her\u00e4tt\u00e4\u00e4 kylki\u00e4isen\u00e4 oleva tarjous, v\u00e4rit ja tekstien yms. sijoittelu.<\/p>\n<p><strong>Desire<\/strong> eli miten her\u00e4tt\u00e4\u00e4 mainoksen avulla katsojalla ostohalua= Tarjous \u201dosta 5 vapaavalintaista TOLU-tuotetta, saat grillaussetin\u201d.<\/p>\n<p><strong>Action<\/strong> eli saada katsoja ostamaan tuotteen= Kaupanp\u00e4\u00e4lliset &#8211; ilmaiset tuotteet kiinnostavat aina ihmisi\u00e4 !<\/p>\n<p>Teht\u00e4v\u00e4 oli yll\u00e4tt\u00e4v\u00e4n vaikea, mutta mukavaa vaihtelua ! \ud83d\ude42<\/p>\n<p>&#8211; Anniina<\/p>\n","protected":false},"excerpt":{"rendered":"<p>Heippa ! MAVI:n (markkinointiviestinn\u00e4n) kurssi on meill\u00e4 siis jo alkanut mutta p\u00e4\u00e4sen t\u00e4st\u00e4 nyt vasta (syyst\u00e4 tai toisesta) poustaamaan t\u00e4nne blogiin. 14.8. saimme tuntiteht\u00e4v\u00e4ksi etsi\u00e4 pieniss\u00e4 ryhmiss\u00e4 lehdest\u00e4 mainoksen ja analysoida sen, joka t\u00e4ytt\u00e4isi tunnilla opetellut AIDASS ja\/tai DAGMAR kaavat. K\u00e4vimme my\u00f6s tunnilla l\u00e4pi markkinointiviestinn\u00e4n tavoitteita ja sit\u00e4 miten sill\u00e4 voidaan vaikuttaa. Teht\u00e4v\u00e4n\u00e4 oli siis &hellip; <a href=\"https:\/\/blogit.gradia.fi\/anniinatuomijarvi\/mavin-tuntitehtava-14-8-mainoksen-analysointi\/\" class=\"more-link\">Jatka lukemista <span class=\"screen-reader-text\">MAVI:n tuntiteht\u00e4v\u00e4 14.8. &#8211; mainoksen analysointi<\/span> <span class=\"meta-nav\">&rarr;<\/span><\/a><\/p>\n","protected":false},"author":588,"featured_media":0,"comment_status":"open","ping_status":"open","sticky":false,"template":"","format":"standard","meta":{"_uag_custom_page_level_css":"","footnotes":""},"categories":[1],"tags":[],"class_list":["post-402","post","type-post","status-publish","format-standard","hentry","category-yleinen"],"yoast_head":"<!-- This site is optimized with the Yoast SEO plugin v27.4 - https:\/\/yoast.com\/product\/yoast-seo-wordpress\/ -->\n<title>MAVI:n tuntiteht\u00e4v\u00e4 14.8. - mainoksen analysointi - Ty\u00f6el\u00e4m\u00e4n sek\u00e4 koulun yhdist\u00e4minen opiskelijan silmin.<\/title>\n<meta name=\"robots\" content=\"index, follow, max-snippet:-1, max-image-preview:large, max-video-preview:-1\" \/>\n<link rel=\"canonical\" href=\"https:\/\/blogit.gradia.fi\/anniinatuomijarvi\/mavin-tuntitehtava-14-8-mainoksen-analysointi\/\" \/>\n<meta property=\"og:locale\" content=\"fi_FI\" \/>\n<meta property=\"og:type\" content=\"article\" \/>\n<meta property=\"og:title\" content=\"MAVI:n tuntiteht\u00e4v\u00e4 14.8. - mainoksen analysointi - Ty\u00f6el\u00e4m\u00e4n sek\u00e4 koulun yhdist\u00e4minen opiskelijan silmin.\" \/>\n<meta property=\"og:description\" content=\"Heippa ! MAVI:n (markkinointiviestinn\u00e4n) kurssi on meill\u00e4 siis jo alkanut mutta p\u00e4\u00e4sen t\u00e4st\u00e4 nyt vasta (syyst\u00e4 tai toisesta) poustaamaan t\u00e4nne blogiin. 14.8. saimme tuntiteht\u00e4v\u00e4ksi etsi\u00e4 pieniss\u00e4 ryhmiss\u00e4 lehdest\u00e4 mainoksen ja analysoida sen, joka t\u00e4ytt\u00e4isi tunnilla opetellut AIDASS ja\/tai DAGMAR kaavat. K\u00e4vimme my\u00f6s tunnilla l\u00e4pi markkinointiviestinn\u00e4n tavoitteita ja sit\u00e4 miten sill\u00e4 voidaan vaikuttaa. Teht\u00e4v\u00e4n\u00e4 oli siis &hellip; Jatka lukemista MAVI:n tuntiteht\u00e4v\u00e4 14.8. &#8211; mainoksen analysointi &rarr;\" \/>\n<meta property=\"og:url\" content=\"https:\/\/blogit.gradia.fi\/anniinatuomijarvi\/mavin-tuntitehtava-14-8-mainoksen-analysointi\/\" \/>\n<meta property=\"og:site_name\" content=\"Ty\u00f6el\u00e4m\u00e4n sek\u00e4 koulun yhdist\u00e4minen opiskelijan silmin.\" \/>\n<meta property=\"article:published_time\" content=\"2014-09-05T07:04:11+00:00\" \/>\n<meta property=\"article:modified_time\" content=\"2014-09-05T07:13:33+00:00\" \/>\n<meta property=\"og:image\" content=\"https:\/\/blogit.gradia.fi\/anniinatuomijarvi\/wp-content\/uploads\/sites\/94\/2014\/09\/KOULUTOLU-225x300.jpg\" \/>\n<meta name=\"author\" content=\"Anniina\" \/>\n<meta name=\"twitter:card\" content=\"summary_large_image\" \/>\n<meta name=\"twitter:label1\" content=\"Kirjoittanut\" \/>\n\t<meta name=\"twitter:data1\" content=\"Anniina\" \/>\n\t<meta name=\"twitter:label2\" content=\"Arvioitu lukuaika\" \/>\n\t<meta name=\"twitter:data2\" content=\"1 minuutti\" \/>\n<script type=\"application\/ld+json\" class=\"yoast-schema-graph\">{\"@context\":\"https:\\\/\\\/schema.org\",\"@graph\":[{\"@type\":\"Article\",\"@id\":\"https:\\\/\\\/blogit.gradia.fi\\\/anniinatuomijarvi\\\/mavin-tuntitehtava-14-8-mainoksen-analysointi\\\/#article\",\"isPartOf\":{\"@id\":\"https:\\\/\\\/blogit.gradia.fi\\\/anniinatuomijarvi\\\/mavin-tuntitehtava-14-8-mainoksen-analysointi\\\/\"},\"author\":{\"name\":\"Anniina\",\"@id\":\"https:\\\/\\\/blogit.gradia.fi\\\/anniinatuomijarvi\\\/#\\\/schema\\\/person\\\/a126012e8cf245661fe7e619b8b68806\"},\"headline\":\"MAVI:n tuntiteht\u00e4v\u00e4 14.8. &#8211; mainoksen analysointi\",\"datePublished\":\"2014-09-05T07:04:11+00:00\",\"dateModified\":\"2014-09-05T07:13:33+00:00\",\"mainEntityOfPage\":{\"@id\":\"https:\\\/\\\/blogit.gradia.fi\\\/anniinatuomijarvi\\\/mavin-tuntitehtava-14-8-mainoksen-analysointi\\\/\"},\"wordCount\":180,\"commentCount\":0,\"image\":{\"@id\":\"https:\\\/\\\/blogit.gradia.fi\\\/anniinatuomijarvi\\\/mavin-tuntitehtava-14-8-mainoksen-analysointi\\\/#primaryimage\"},\"thumbnailUrl\":\"https:\\\/\\\/blogit.gradia.fi\\\/anniinatuomijarvi\\\/wp-content\\\/uploads\\\/sites\\\/94\\\/2014\\\/09\\\/KOULUTOLU-225x300.jpg\",\"inLanguage\":\"fi\",\"potentialAction\":[{\"@type\":\"CommentAction\",\"name\":\"Comment\",\"target\":[\"https:\\\/\\\/blogit.gradia.fi\\\/anniinatuomijarvi\\\/mavin-tuntitehtava-14-8-mainoksen-analysointi\\\/#respond\"]}]},{\"@type\":\"WebPage\",\"@id\":\"https:\\\/\\\/blogit.gradia.fi\\\/anniinatuomijarvi\\\/mavin-tuntitehtava-14-8-mainoksen-analysointi\\\/\",\"url\":\"https:\\\/\\\/blogit.gradia.fi\\\/anniinatuomijarvi\\\/mavin-tuntitehtava-14-8-mainoksen-analysointi\\\/\",\"name\":\"MAVI:n tuntiteht\u00e4v\u00e4 14.8. - mainoksen analysointi - Ty\u00f6el\u00e4m\u00e4n sek\u00e4 koulun yhdist\u00e4minen opiskelijan silmin.\",\"isPartOf\":{\"@id\":\"https:\\\/\\\/blogit.gradia.fi\\\/anniinatuomijarvi\\\/#website\"},\"primaryImageOfPage\":{\"@id\":\"https:\\\/\\\/blogit.gradia.fi\\\/anniinatuomijarvi\\\/mavin-tuntitehtava-14-8-mainoksen-analysointi\\\/#primaryimage\"},\"image\":{\"@id\":\"https:\\\/\\\/blogit.gradia.fi\\\/anniinatuomijarvi\\\/mavin-tuntitehtava-14-8-mainoksen-analysointi\\\/#primaryimage\"},\"thumbnailUrl\":\"https:\\\/\\\/blogit.gradia.fi\\\/anniinatuomijarvi\\\/wp-content\\\/uploads\\\/sites\\\/94\\\/2014\\\/09\\\/KOULUTOLU-225x300.jpg\",\"datePublished\":\"2014-09-05T07:04:11+00:00\",\"dateModified\":\"2014-09-05T07:13:33+00:00\",\"author\":{\"@id\":\"https:\\\/\\\/blogit.gradia.fi\\\/anniinatuomijarvi\\\/#\\\/schema\\\/person\\\/a126012e8cf245661fe7e619b8b68806\"},\"inLanguage\":\"fi\",\"potentialAction\":[{\"@type\":\"ReadAction\",\"target\":[\"https:\\\/\\\/blogit.gradia.fi\\\/anniinatuomijarvi\\\/mavin-tuntitehtava-14-8-mainoksen-analysointi\\\/\"]}]},{\"@type\":\"ImageObject\",\"inLanguage\":\"fi\",\"@id\":\"https:\\\/\\\/blogit.gradia.fi\\\/anniinatuomijarvi\\\/mavin-tuntitehtava-14-8-mainoksen-analysointi\\\/#primaryimage\",\"url\":\"https:\\\/\\\/blogit.gradia.fi\\\/anniinatuomijarvi\\\/wp-content\\\/uploads\\\/sites\\\/94\\\/2014\\\/09\\\/KOULUTOLU-225x300.jpg\",\"contentUrl\":\"https:\\\/\\\/blogit.gradia.fi\\\/anniinatuomijarvi\\\/wp-content\\\/uploads\\\/sites\\\/94\\\/2014\\\/09\\\/KOULUTOLU-225x300.jpg\"},{\"@type\":\"WebSite\",\"@id\":\"https:\\\/\\\/blogit.gradia.fi\\\/anniinatuomijarvi\\\/#website\",\"url\":\"https:\\\/\\\/blogit.gradia.fi\\\/anniinatuomijarvi\\\/\",\"name\":\"Ty\u00f6el\u00e4m\u00e4n sek\u00e4 koulun yhdist\u00e4minen opiskelijan silmin.\",\"description\":\"\",\"potentialAction\":[{\"@type\":\"SearchAction\",\"target\":{\"@type\":\"EntryPoint\",\"urlTemplate\":\"https:\\\/\\\/blogit.gradia.fi\\\/anniinatuomijarvi\\\/?s={search_term_string}\"},\"query-input\":{\"@type\":\"PropertyValueSpecification\",\"valueRequired\":true,\"valueName\":\"search_term_string\"}}],\"inLanguage\":\"fi\"},{\"@type\":\"Person\",\"@id\":\"https:\\\/\\\/blogit.gradia.fi\\\/anniinatuomijarvi\\\/#\\\/schema\\\/person\\\/a126012e8cf245661fe7e619b8b68806\",\"name\":\"Anniina\",\"image\":{\"@type\":\"ImageObject\",\"inLanguage\":\"fi\",\"@id\":\"https:\\\/\\\/secure.gravatar.com\\\/avatar\\\/faa68d1f1aa3d5a567e8faedb990f70be54a921fe1e421b90146ac2ec28bd4c2?s=96&d=mm&r=g\",\"url\":\"https:\\\/\\\/secure.gravatar.com\\\/avatar\\\/faa68d1f1aa3d5a567e8faedb990f70be54a921fe1e421b90146ac2ec28bd4c2?s=96&d=mm&r=g\",\"contentUrl\":\"https:\\\/\\\/secure.gravatar.com\\\/avatar\\\/faa68d1f1aa3d5a567e8faedb990f70be54a921fe1e421b90146ac2ec28bd4c2?s=96&d=mm&r=g\",\"caption\":\"Anniina\"},\"description\":\"Moikka ! Olen J\u00e4ms\u00e4l\u00e4inen 18 vuotias tytt\u00f6 ja opiskelen Jyv\u00e4skyl\u00e4n ammattiopistossa merkonomiksi ty\u00f6harjoittelupainotteisella linjalla, joka koostuu viikossa kolmesta p\u00e4iv\u00e4st\u00e4 ty\u00f6t\u00e4 ja kahdesta p\u00e4iv\u00e4st\u00e4 koulua.\",\"sameAs\":[\"https:\\\/\\\/blogit.gradia.fi\\\/anniinatuomijarvi\"],\"url\":\"https:\\\/\\\/blogit.gradia.fi\\\/anniinatuomijarvi\\\/author\\\/ao106993\\\/\"}]}<\/script>\n<!-- \/ Yoast SEO plugin. -->","yoast_head_json":{"title":"MAVI:n tuntiteht\u00e4v\u00e4 14.8. - mainoksen analysointi - Ty\u00f6el\u00e4m\u00e4n sek\u00e4 koulun yhdist\u00e4minen opiskelijan silmin.","robots":{"index":"index","follow":"follow","max-snippet":"max-snippet:-1","max-image-preview":"max-image-preview:large","max-video-preview":"max-video-preview:-1"},"canonical":"https:\/\/blogit.gradia.fi\/anniinatuomijarvi\/mavin-tuntitehtava-14-8-mainoksen-analysointi\/","og_locale":"fi_FI","og_type":"article","og_title":"MAVI:n tuntiteht\u00e4v\u00e4 14.8. - mainoksen analysointi - Ty\u00f6el\u00e4m\u00e4n sek\u00e4 koulun yhdist\u00e4minen opiskelijan silmin.","og_description":"Heippa ! MAVI:n (markkinointiviestinn\u00e4n) kurssi on meill\u00e4 siis jo alkanut mutta p\u00e4\u00e4sen t\u00e4st\u00e4 nyt vasta (syyst\u00e4 tai toisesta) poustaamaan t\u00e4nne blogiin. 14.8. saimme tuntiteht\u00e4v\u00e4ksi etsi\u00e4 pieniss\u00e4 ryhmiss\u00e4 lehdest\u00e4 mainoksen ja analysoida sen, joka t\u00e4ytt\u00e4isi tunnilla opetellut AIDASS ja\/tai DAGMAR kaavat. K\u00e4vimme my\u00f6s tunnilla l\u00e4pi markkinointiviestinn\u00e4n tavoitteita ja sit\u00e4 miten sill\u00e4 voidaan vaikuttaa. Teht\u00e4v\u00e4n\u00e4 oli siis &hellip; Jatka lukemista MAVI:n tuntiteht\u00e4v\u00e4 14.8. &#8211; mainoksen analysointi &rarr;","og_url":"https:\/\/blogit.gradia.fi\/anniinatuomijarvi\/mavin-tuntitehtava-14-8-mainoksen-analysointi\/","og_site_name":"Ty\u00f6el\u00e4m\u00e4n sek\u00e4 koulun yhdist\u00e4minen opiskelijan silmin.","article_published_time":"2014-09-05T07:04:11+00:00","article_modified_time":"2014-09-05T07:13:33+00:00","og_image":[{"url":"https:\/\/blogit.gradia.fi\/anniinatuomijarvi\/wp-content\/uploads\/sites\/94\/2014\/09\/KOULUTOLU-225x300.jpg","type":"","width":"","height":""}],"author":"Anniina","twitter_card":"summary_large_image","twitter_misc":{"Kirjoittanut":"Anniina","Arvioitu lukuaika":"1 minuutti"},"schema":{"@context":"https:\/\/schema.org","@graph":[{"@type":"Article","@id":"https:\/\/blogit.gradia.fi\/anniinatuomijarvi\/mavin-tuntitehtava-14-8-mainoksen-analysointi\/#article","isPartOf":{"@id":"https:\/\/blogit.gradia.fi\/anniinatuomijarvi\/mavin-tuntitehtava-14-8-mainoksen-analysointi\/"},"author":{"name":"Anniina","@id":"https:\/\/blogit.gradia.fi\/anniinatuomijarvi\/#\/schema\/person\/a126012e8cf245661fe7e619b8b68806"},"headline":"MAVI:n tuntiteht\u00e4v\u00e4 14.8. &#8211; mainoksen analysointi","datePublished":"2014-09-05T07:04:11+00:00","dateModified":"2014-09-05T07:13:33+00:00","mainEntityOfPage":{"@id":"https:\/\/blogit.gradia.fi\/anniinatuomijarvi\/mavin-tuntitehtava-14-8-mainoksen-analysointi\/"},"wordCount":180,"commentCount":0,"image":{"@id":"https:\/\/blogit.gradia.fi\/anniinatuomijarvi\/mavin-tuntitehtava-14-8-mainoksen-analysointi\/#primaryimage"},"thumbnailUrl":"https:\/\/blogit.gradia.fi\/anniinatuomijarvi\/wp-content\/uploads\/sites\/94\/2014\/09\/KOULUTOLU-225x300.jpg","inLanguage":"fi","potentialAction":[{"@type":"CommentAction","name":"Comment","target":["https:\/\/blogit.gradia.fi\/anniinatuomijarvi\/mavin-tuntitehtava-14-8-mainoksen-analysointi\/#respond"]}]},{"@type":"WebPage","@id":"https:\/\/blogit.gradia.fi\/anniinatuomijarvi\/mavin-tuntitehtava-14-8-mainoksen-analysointi\/","url":"https:\/\/blogit.gradia.fi\/anniinatuomijarvi\/mavin-tuntitehtava-14-8-mainoksen-analysointi\/","name":"MAVI:n tuntiteht\u00e4v\u00e4 14.8. - mainoksen analysointi - Ty\u00f6el\u00e4m\u00e4n sek\u00e4 koulun yhdist\u00e4minen opiskelijan silmin.","isPartOf":{"@id":"https:\/\/blogit.gradia.fi\/anniinatuomijarvi\/#website"},"primaryImageOfPage":{"@id":"https:\/\/blogit.gradia.fi\/anniinatuomijarvi\/mavin-tuntitehtava-14-8-mainoksen-analysointi\/#primaryimage"},"image":{"@id":"https:\/\/blogit.gradia.fi\/anniinatuomijarvi\/mavin-tuntitehtava-14-8-mainoksen-analysointi\/#primaryimage"},"thumbnailUrl":"https:\/\/blogit.gradia.fi\/anniinatuomijarvi\/wp-content\/uploads\/sites\/94\/2014\/09\/KOULUTOLU-225x300.jpg","datePublished":"2014-09-05T07:04:11+00:00","dateModified":"2014-09-05T07:13:33+00:00","author":{"@id":"https:\/\/blogit.gradia.fi\/anniinatuomijarvi\/#\/schema\/person\/a126012e8cf245661fe7e619b8b68806"},"inLanguage":"fi","potentialAction":[{"@type":"ReadAction","target":["https:\/\/blogit.gradia.fi\/anniinatuomijarvi\/mavin-tuntitehtava-14-8-mainoksen-analysointi\/"]}]},{"@type":"ImageObject","inLanguage":"fi","@id":"https:\/\/blogit.gradia.fi\/anniinatuomijarvi\/mavin-tuntitehtava-14-8-mainoksen-analysointi\/#primaryimage","url":"https:\/\/blogit.gradia.fi\/anniinatuomijarvi\/wp-content\/uploads\/sites\/94\/2014\/09\/KOULUTOLU-225x300.jpg","contentUrl":"https:\/\/blogit.gradia.fi\/anniinatuomijarvi\/wp-content\/uploads\/sites\/94\/2014\/09\/KOULUTOLU-225x300.jpg"},{"@type":"WebSite","@id":"https:\/\/blogit.gradia.fi\/anniinatuomijarvi\/#website","url":"https:\/\/blogit.gradia.fi\/anniinatuomijarvi\/","name":"Ty\u00f6el\u00e4m\u00e4n sek\u00e4 koulun yhdist\u00e4minen opiskelijan silmin.","description":"","potentialAction":[{"@type":"SearchAction","target":{"@type":"EntryPoint","urlTemplate":"https:\/\/blogit.gradia.fi\/anniinatuomijarvi\/?s={search_term_string}"},"query-input":{"@type":"PropertyValueSpecification","valueRequired":true,"valueName":"search_term_string"}}],"inLanguage":"fi"},{"@type":"Person","@id":"https:\/\/blogit.gradia.fi\/anniinatuomijarvi\/#\/schema\/person\/a126012e8cf245661fe7e619b8b68806","name":"Anniina","image":{"@type":"ImageObject","inLanguage":"fi","@id":"https:\/\/secure.gravatar.com\/avatar\/faa68d1f1aa3d5a567e8faedb990f70be54a921fe1e421b90146ac2ec28bd4c2?s=96&d=mm&r=g","url":"https:\/\/secure.gravatar.com\/avatar\/faa68d1f1aa3d5a567e8faedb990f70be54a921fe1e421b90146ac2ec28bd4c2?s=96&d=mm&r=g","contentUrl":"https:\/\/secure.gravatar.com\/avatar\/faa68d1f1aa3d5a567e8faedb990f70be54a921fe1e421b90146ac2ec28bd4c2?s=96&d=mm&r=g","caption":"Anniina"},"description":"Moikka ! Olen J\u00e4ms\u00e4l\u00e4inen 18 vuotias tytt\u00f6 ja opiskelen Jyv\u00e4skyl\u00e4n ammattiopistossa merkonomiksi ty\u00f6harjoittelupainotteisella linjalla, joka koostuu viikossa kolmesta p\u00e4iv\u00e4st\u00e4 ty\u00f6t\u00e4 ja kahdesta p\u00e4iv\u00e4st\u00e4 koulua.","sameAs":["https:\/\/blogit.gradia.fi\/anniinatuomijarvi"],"url":"https:\/\/blogit.gradia.fi\/anniinatuomijarvi\/author\/ao106993\/"}]}},"uagb_featured_image_src":{"full":false,"thumbnail":false,"medium":false,"medium_large":false,"large":false,"1536x1536":false,"2048x2048":false,"post-thumbnail":false,"twentyfourteen-full-width":false},"uagb_author_info":{"display_name":"Anniina","author_link":"https:\/\/blogit.gradia.fi\/anniinatuomijarvi\/author\/ao106993\/"},"uagb_comment_info":12,"uagb_excerpt":"Heippa ! MAVI:n (markkinointiviestinn\u00e4n) kurssi on meill\u00e4 siis jo alkanut mutta p\u00e4\u00e4sen t\u00e4st\u00e4 nyt vasta (syyst\u00e4 tai toisesta) poustaamaan t\u00e4nne blogiin. 14.8. saimme tuntiteht\u00e4v\u00e4ksi etsi\u00e4 pieniss\u00e4 ryhmiss\u00e4 lehdest\u00e4 mainoksen ja analysoida sen, joka t\u00e4ytt\u00e4isi tunnilla opetellut AIDASS ja\/tai DAGMAR kaavat. K\u00e4vimme my\u00f6s tunnilla l\u00e4pi markkinointiviestinn\u00e4n tavoitteita ja sit\u00e4 miten sill\u00e4 voidaan vaikuttaa. Teht\u00e4v\u00e4n\u00e4 oli siis&hellip;","_links":{"self":[{"href":"https:\/\/blogit.gradia.fi\/anniinatuomijarvi\/wp-json\/wp\/v2\/posts\/402","targetHints":{"allow":["GET"]}}],"collection":[{"href":"https:\/\/blogit.gradia.fi\/anniinatuomijarvi\/wp-json\/wp\/v2\/posts"}],"about":[{"href":"https:\/\/blogit.gradia.fi\/anniinatuomijarvi\/wp-json\/wp\/v2\/types\/post"}],"author":[{"embeddable":true,"href":"https:\/\/blogit.gradia.fi\/anniinatuomijarvi\/wp-json\/wp\/v2\/users\/588"}],"replies":[{"embeddable":true,"href":"https:\/\/blogit.gradia.fi\/anniinatuomijarvi\/wp-json\/wp\/v2\/comments?post=402"}],"version-history":[{"count":0,"href":"https:\/\/blogit.gradia.fi\/anniinatuomijarvi\/wp-json\/wp\/v2\/posts\/402\/revisions"}],"wp:attachment":[{"href":"https:\/\/blogit.gradia.fi\/anniinatuomijarvi\/wp-json\/wp\/v2\/media?parent=402"}],"wp:term":[{"taxonomy":"category","embeddable":true,"href":"https:\/\/blogit.gradia.fi\/anniinatuomijarvi\/wp-json\/wp\/v2\/categories?post=402"},{"taxonomy":"post_tag","embeddable":true,"href":"https:\/\/blogit.gradia.fi\/anniinatuomijarvi\/wp-json\/wp\/v2\/tags?post=402"}],"curies":[{"name":"wp","href":"https:\/\/api.w.org\/{rel}","templated":true}]}}