{"id":376,"date":"2014-05-27T22:00:03","date_gmt":"2014-05-27T19:00:03","guid":{"rendered":"https:\/\/blogit.gradia.fi\/anniinatuomijarvi\/?p=376"},"modified":"2014-05-27T22:00:03","modified_gmt":"2014-05-27T19:00:03","slug":"ikuinen-varsinkin-kesan-ongelma-valistavetaja-ottaa-enemman-kuin-antaa","status":"publish","type":"post","link":"https:\/\/blogit.gradia.fi\/anniinatuomijarvi\/ikuinen-varsinkin-kesan-ongelma-valistavetaja-ottaa-enemman-kuin-antaa\/","title":{"rendered":"Ikuinen (varsinkin kes\u00e4n) ongelma &#8211; v\u00e4list\u00e4vet\u00e4j\u00e4 ottaa enemm\u00e4n kuin antaa !"},"content":{"rendered":"<p>Heipsan !<\/p>\n<p>Nyt ajattelin tulla puhumaan teille<em> oikeasti <\/em>t\u00e4rke\u00e4st\u00e4 asiasta, meinaan harmaasta taloudesta.<\/p>\n<p><strong>Opiskelijat saisivat yli sata euroa enemm\u00e4n opintotukea, jos osa verorahoista ei katoaisi pimeisiin t\u00f6ihin.<\/strong><\/p>\n<p>T\u00e4t\u00e4 aihetta on tosi paljon k\u00e4sitelty ja puhuttu, mutta mielest\u00e4ni t\u00e4st\u00e4 ei voi puhua liikaa ! Aihe koskee enemm\u00e4nkin nuoria mutta miksei my\u00f6s vanhempia. Varsinkin ensimm\u00e4iseen kes\u00e4ty\u00f6h\u00f6n\/vakituiseen ty\u00f6h\u00f6n menij\u00e4t ovat aika hataralla tiedolla loppujen lopuksi &#8211; niin min\u00e4kin olin ja ihan oikeasti suoraan sanottuna olisin toivonut ett\u00e4 joku olisi n\u00e4it\u00e4 asioita mulle jankuttanut enemm\u00e4n ja takonut p\u00e4\u00e4h\u00e4n paremmin. Ennen ajattelin n\u00e4ist\u00e4 asioista todella v\u00e4linpit\u00e4m\u00e4tt\u00f6m\u00e4sti, mutta nyky\u00e4\u00e4n huolehdin itse kaikki kuntoon (kantap\u00e4\u00e4n kautta opittua tietoa meinaan, tulin aika pahasti huijatuksi nuorempana..) Olen my\u00f6s huomannut ty\u00f6ss\u00e4ni pari kyseist\u00e4 tapausta jossa harmaata taloutta on yritetty &#8221;viljell\u00e4&#8221;, mutta siihen on puututtu &#8211; ja hyv\u00e4 ett\u00e4 on puututtu koska jos emme olisi puuttuneet ja tieto olisi mennyt verottajalle ja se ett\u00e4 tiesimme asiasta mutta emme kertoneet mit\u00e4\u00e4n niin olisimme olleet ns. rikoskumppaneita siin\u00e4 vaiheessa. Kirjanpit\u00e4j\u00e4 on tilivelvollinen kertomaan verottajalle n\u00e4ist\u00e4 asioista &#8211; ei kiusatakseen mutta ihan jo oman nahkansa pelastamiseksi. Pahimmassa tapauksessa petoksesta seuraa liiketoimintakielto.<\/p>\n<p>Jos ihan totta puhutaan niin en ymm\u00e4rr\u00e4 miksi kukaan edes tekisi p\u00e4iv\u00e4\u00e4k\u00e4\u00e4n ty\u00f6t\u00e4 joka ei kerryt\u00e4 el\u00e4kett\u00e4, lomarahoja\/lomap\u00e4ivi\u00e4, ei sis\u00e4ll\u00e4 vakuutuksia eik\u00e4 kartuta ty\u00f6kokemusta (koska pime\u00e4st\u00e4 ty\u00f6st\u00e4h\u00e4n ei saa ty\u00f6todistusta) ja se kaikkein isoin ja merkitt\u00e4vin osa miksi en pime\u00e4\u00e4 ty\u00f6t\u00e4 suostu tekem\u00e4\u00e4n on puutteellinen ty\u00f6terveydenhuolto. Kun ty\u00f6turvallisuutta ei ole, seurauksena voi olla vakava tapaturma tai kuolema. Pime\u00e4sti palkan maksava pomo ei ota vakuutusta ja ty\u00f6ntekij\u00e4 saattaa j\u00e4\u00e4d\u00e4 t\u00e4ysin vaille korvauksia. Ikin\u00e4 ei tied\u00e4 mit\u00e4 voi sattua, joten <em>kannattaako<\/em> ?<\/p>\n<p><a href=\"https:\/\/blogit.gradia.fi\/anniinatuomijarvi\/wp-content\/uploads\/sites\/94\/2014\/05\/800_HarmaaTalous.jpg\"><img loading=\"lazy\" decoding=\"async\" class=\"alignnone  wp-image-382\" alt=\"800_HarmaaTalous\" src=\"https:\/\/blogit.gradia.fi\/anniinatuomijarvi\/wp-content\/uploads\/sites\/94\/2014\/05\/800_HarmaaTalous-300x223.jpg\" width=\"505\" height=\"374\" srcset=\"https:\/\/blogit.gradia.fi\/anniinatuomijarvi\/wp-content\/uploads\/sites\/94\/2014\/05\/800_HarmaaTalous-300x223.jpg 300w, https:\/\/blogit.gradia.fi\/anniinatuomijarvi\/wp-content\/uploads\/sites\/94\/2014\/05\/800_HarmaaTalous-254x189.jpg 254w, https:\/\/blogit.gradia.fi\/anniinatuomijarvi\/wp-content\/uploads\/sites\/94\/2014\/05\/800_HarmaaTalous-201x149.jpg 201w, https:\/\/blogit.gradia.fi\/anniinatuomijarvi\/wp-content\/uploads\/sites\/94\/2014\/05\/800_HarmaaTalous-336x250.jpg 336w\" sizes=\"auto, (max-width: 505px) 100vw, 505px\" \/><\/a><\/p>\n<p>N\u00e4\u00e4 seuraavat asiat on niit\u00e4\u00a0 jotka vaan <strong>pit\u00e4\u00e4 muistaa<\/strong> kun menee palkallisiin t\u00f6ihin. Saattavat kuullostaa ihan simppelilt\u00e4 joidenkin mielest\u00e4 mutta joillekkin saattaa tulla ihan uutenakin asiana tai sit ne ei vaan tuu mieleen.<\/p>\n<p><strong>ELI:<\/strong><\/p>\n<ul>\n<li>Tee t\u00f6it\u00e4 vain ja ainoastaan verokortilla ja varmista ett\u00e4 saat palkkasi pankkitilille !<\/li>\n<li>Vaadi aina palkkalaskelma jossa n\u00e4kyv\u00e4t mm. ty\u00f6tunnit sek\u00e4 maksettu palkka &#8211; muista tarkistaa t\u00e4m\u00e4 aina ett\u00e4 kaikki menev\u00e4t oikein !<\/li>\n<li>Vaadi kirjallinen ty\u00f6sopimus, sill\u00e4 se on luotettavin todistus siit\u00e4, mit\u00e4 on sovittu. <strong>T\u00e4\u00e4 on minun mielest\u00e4 kaikista t\u00e4rkein juttu !<\/strong><\/li>\n<li>Pyyd\u00e4 ty\u00f6suhteen loppuessa ty\u00f6nantajaltasi ty\u00f6todistus. Se on yksinkertaisesti todistus tehdyst\u00e4 ty\u00f6st\u00e4 ja se auttaa mm. kun haet seuraaviin ty\u00f6paikkoihin todistuksena kerrytetyst\u00e4 ty\u00f6kokemuksesta.<\/li>\n<\/ul>\n<p><strong>Toinen t\u00e4rke\u00e4 juttu on se, mit\u00e4 siin\u00e4 ty\u00f6sopimuksessa lukee. Tarkista aina ett\u00e4 siell\u00e4 lukee mm. n\u00e4m\u00e4 asiat:<\/strong><\/p>\n<ul>\n<li>Ty\u00f6nantajan ja sek\u00e4 ty\u00f6ntekij\u00e4n perustiedot, eli ty\u00f6nantajan nimi, liikepaikka sek\u00e4 ty\u00f6ntekij\u00e4n nimi, henkil\u00f6tunnus ja osoite.<\/li>\n<li>Ty\u00f6suhteen pituus, onko kyseess\u00e4 lyhyt- vai pitk\u00e4aikainen ty\u00f6suhde, milloin alkaa ja milloin loppuu. My\u00f6s mahdollinen koeaika pit\u00e4\u00e4 merkit\u00e4.<\/li>\n<li>Ty\u00f6teht\u00e4v\u00e4t.<\/li>\n<li>Ty\u00f6st\u00e4 maksettava palkka, mill\u00e4 perusteella se maksetaan (tunti vai kuukausi), milloin palkka maksetaan ja muut luontaisedut. Muista my\u00f6s tarkistaa tilinumerosi, joka ilmoitetaan ty\u00f6sopimuksessa, oikeaksi !<\/li>\n<li>Irtisanomisajan m\u00e4\u00e4r\u00e4ytyminen sek\u00e4 muut sopimusehdot.<\/li>\n<\/ul>\n<p>&nbsp;<\/p>\n<p><a href=\"https:\/\/blogit.gradia.fi\/anniinatuomijarvi\/wp-content\/uploads\/sites\/94\/2014\/05\/ilmiot.png\"><img loading=\"lazy\" decoding=\"async\" class=\"alignnone  wp-image-383\" alt=\"ilmiot\" src=\"https:\/\/blogit.gradia.fi\/anniinatuomijarvi\/wp-content\/uploads\/sites\/94\/2014\/05\/ilmiot-300x132.png\" width=\"653\" height=\"285\" srcset=\"https:\/\/blogit.gradia.fi\/anniinatuomijarvi\/wp-content\/uploads\/sites\/94\/2014\/05\/ilmiot-300x132.png 300w, https:\/\/blogit.gradia.fi\/anniinatuomijarvi\/wp-content\/uploads\/sites\/94\/2014\/05\/ilmiot-254x112.png 254w, https:\/\/blogit.gradia.fi\/anniinatuomijarvi\/wp-content\/uploads\/sites\/94\/2014\/05\/ilmiot-201x88.png 201w, https:\/\/blogit.gradia.fi\/anniinatuomijarvi\/wp-content\/uploads\/sites\/94\/2014\/05\/ilmiot-336x148.png 336w\" sizes=\"auto, (max-width: 653px) 100vw, 653px\" \/><\/a><\/p>\n<p>Laillisesti mm. n\u00e4it\u00e4 ohjeita noudattamalla pit\u00e4isi t\u00f6iden sujua kuin tanssi. Netist\u00e4 l\u00f6yt\u00e4\u00e4 tooooosi paljon lis\u00e4\u00e4 tietoa kun vain jaksaa etsi\u00e4 ja lukea, mm. <em>http:\/\/www.mustatulevaisuus.fi<\/em>\u00a0 sivuilla kerrotaan yksinkertaistettuna n\u00e4it\u00e4 asioita ja p\u00e4\u00e4set pelaamaan harmaan talouden peli\u00e4kin ! \ud83d\ude00<\/p>\n<p>T\u00e4m\u00e4n kaiken paasauksen j\u00e4lkeen haluan toivottaa kaikille riemuisaa ja ei harmaata kes\u00e4\u00e4, itsekkin siirryn kes\u00e4lomalle t\u00e4st\u00e4 pikkuhiljaa ! \ud83d\ude42<\/p>\n<p>Terv. Anniina<\/p>\n<p>(kuvat otettu taloussanomien sek\u00e4 mustatulevaisuus.fi sivuilta)<\/p>\n","protected":false},"excerpt":{"rendered":"<p>Heipsan ! Nyt ajattelin tulla puhumaan teille oikeasti t\u00e4rke\u00e4st\u00e4 asiasta, meinaan harmaasta taloudesta. Opiskelijat saisivat yli sata euroa enemm\u00e4n opintotukea, jos osa verorahoista ei katoaisi pimeisiin t\u00f6ihin. T\u00e4t\u00e4 aihetta on tosi paljon k\u00e4sitelty ja puhuttu, mutta mielest\u00e4ni t\u00e4st\u00e4 ei voi puhua liikaa ! Aihe koskee enemm\u00e4nkin nuoria mutta miksei my\u00f6s vanhempia. Varsinkin ensimm\u00e4iseen kes\u00e4ty\u00f6h\u00f6n\/vakituiseen ty\u00f6h\u00f6n &hellip; <a href=\"https:\/\/blogit.gradia.fi\/anniinatuomijarvi\/ikuinen-varsinkin-kesan-ongelma-valistavetaja-ottaa-enemman-kuin-antaa\/\" class=\"more-link\">Jatka lukemista <span class=\"screen-reader-text\">Ikuinen (varsinkin kes\u00e4n) ongelma &#8211; v\u00e4list\u00e4vet\u00e4j\u00e4 ottaa enemm\u00e4n kuin antaa !<\/span> <span class=\"meta-nav\">&rarr;<\/span><\/a><\/p>\n","protected":false},"author":588,"featured_media":0,"comment_status":"open","ping_status":"open","sticky":false,"template":"","format":"standard","meta":{"_uag_custom_page_level_css":"","footnotes":""},"categories":[1],"tags":[],"class_list":["post-376","post","type-post","status-publish","format-standard","hentry","category-yleinen"],"yoast_head":"<!-- This site is optimized with the Yoast SEO plugin v27.4 - https:\/\/yoast.com\/product\/yoast-seo-wordpress\/ -->\n<title>Ikuinen (varsinkin kes\u00e4n) ongelma - v\u00e4list\u00e4vet\u00e4j\u00e4 ottaa enemm\u00e4n kuin antaa ! - Ty\u00f6el\u00e4m\u00e4n sek\u00e4 koulun yhdist\u00e4minen opiskelijan silmin.<\/title>\n<meta name=\"robots\" content=\"index, follow, max-snippet:-1, max-image-preview:large, max-video-preview:-1\" \/>\n<link rel=\"canonical\" href=\"https:\/\/blogit.gradia.fi\/anniinatuomijarvi\/ikuinen-varsinkin-kesan-ongelma-valistavetaja-ottaa-enemman-kuin-antaa\/\" \/>\n<meta property=\"og:locale\" content=\"fi_FI\" \/>\n<meta property=\"og:type\" content=\"article\" \/>\n<meta property=\"og:title\" content=\"Ikuinen (varsinkin kes\u00e4n) ongelma - v\u00e4list\u00e4vet\u00e4j\u00e4 ottaa enemm\u00e4n kuin antaa ! - Ty\u00f6el\u00e4m\u00e4n sek\u00e4 koulun yhdist\u00e4minen opiskelijan silmin.\" \/>\n<meta property=\"og:description\" content=\"Heipsan ! Nyt ajattelin tulla puhumaan teille oikeasti t\u00e4rke\u00e4st\u00e4 asiasta, meinaan harmaasta taloudesta. Opiskelijat saisivat yli sata euroa enemm\u00e4n opintotukea, jos osa verorahoista ei katoaisi pimeisiin t\u00f6ihin. T\u00e4t\u00e4 aihetta on tosi paljon k\u00e4sitelty ja puhuttu, mutta mielest\u00e4ni t\u00e4st\u00e4 ei voi puhua liikaa ! Aihe koskee enemm\u00e4nkin nuoria mutta miksei my\u00f6s vanhempia. Varsinkin ensimm\u00e4iseen kes\u00e4ty\u00f6h\u00f6n\/vakituiseen ty\u00f6h\u00f6n &hellip; Jatka lukemista Ikuinen (varsinkin kes\u00e4n) ongelma &#8211; v\u00e4list\u00e4vet\u00e4j\u00e4 ottaa enemm\u00e4n kuin antaa ! &rarr;\" \/>\n<meta property=\"og:url\" content=\"https:\/\/blogit.gradia.fi\/anniinatuomijarvi\/ikuinen-varsinkin-kesan-ongelma-valistavetaja-ottaa-enemman-kuin-antaa\/\" \/>\n<meta property=\"og:site_name\" content=\"Ty\u00f6el\u00e4m\u00e4n sek\u00e4 koulun yhdist\u00e4minen opiskelijan silmin.\" \/>\n<meta property=\"article:published_time\" content=\"2014-05-27T19:00:03+00:00\" \/>\n<meta property=\"og:image\" content=\"https:\/\/blogit.gradia.fi\/anniinatuomijarvi\/wp-content\/uploads\/sites\/94\/2014\/05\/800_HarmaaTalous-300x223.jpg\" \/>\n<meta name=\"author\" content=\"Anniina\" \/>\n<meta name=\"twitter:card\" content=\"summary_large_image\" \/>\n<meta name=\"twitter:label1\" content=\"Kirjoittanut\" \/>\n\t<meta name=\"twitter:data1\" content=\"Anniina\" \/>\n\t<meta name=\"twitter:label2\" content=\"Arvioitu lukuaika\" \/>\n\t<meta name=\"twitter:data2\" content=\"3 minuuttia\" \/>\n<script type=\"application\/ld+json\" class=\"yoast-schema-graph\">{\"@context\":\"https:\\\/\\\/schema.org\",\"@graph\":[{\"@type\":\"Article\",\"@id\":\"https:\\\/\\\/blogit.gradia.fi\\\/anniinatuomijarvi\\\/ikuinen-varsinkin-kesan-ongelma-valistavetaja-ottaa-enemman-kuin-antaa\\\/#article\",\"isPartOf\":{\"@id\":\"https:\\\/\\\/blogit.gradia.fi\\\/anniinatuomijarvi\\\/ikuinen-varsinkin-kesan-ongelma-valistavetaja-ottaa-enemman-kuin-antaa\\\/\"},\"author\":{\"name\":\"Anniina\",\"@id\":\"https:\\\/\\\/blogit.gradia.fi\\\/anniinatuomijarvi\\\/#\\\/schema\\\/person\\\/a126012e8cf245661fe7e619b8b68806\"},\"headline\":\"Ikuinen (varsinkin kes\u00e4n) ongelma &#8211; v\u00e4list\u00e4vet\u00e4j\u00e4 ottaa enemm\u00e4n kuin antaa !\",\"datePublished\":\"2014-05-27T19:00:03+00:00\",\"mainEntityOfPage\":{\"@id\":\"https:\\\/\\\/blogit.gradia.fi\\\/anniinatuomijarvi\\\/ikuinen-varsinkin-kesan-ongelma-valistavetaja-ottaa-enemman-kuin-antaa\\\/\"},\"wordCount\":631,\"commentCount\":1,\"image\":{\"@id\":\"https:\\\/\\\/blogit.gradia.fi\\\/anniinatuomijarvi\\\/ikuinen-varsinkin-kesan-ongelma-valistavetaja-ottaa-enemman-kuin-antaa\\\/#primaryimage\"},\"thumbnailUrl\":\"https:\\\/\\\/blogit.gradia.fi\\\/anniinatuomijarvi\\\/wp-content\\\/uploads\\\/sites\\\/94\\\/2014\\\/05\\\/800_HarmaaTalous-300x223.jpg\",\"inLanguage\":\"fi\",\"potentialAction\":[{\"@type\":\"CommentAction\",\"name\":\"Comment\",\"target\":[\"https:\\\/\\\/blogit.gradia.fi\\\/anniinatuomijarvi\\\/ikuinen-varsinkin-kesan-ongelma-valistavetaja-ottaa-enemman-kuin-antaa\\\/#respond\"]}]},{\"@type\":\"WebPage\",\"@id\":\"https:\\\/\\\/blogit.gradia.fi\\\/anniinatuomijarvi\\\/ikuinen-varsinkin-kesan-ongelma-valistavetaja-ottaa-enemman-kuin-antaa\\\/\",\"url\":\"https:\\\/\\\/blogit.gradia.fi\\\/anniinatuomijarvi\\\/ikuinen-varsinkin-kesan-ongelma-valistavetaja-ottaa-enemman-kuin-antaa\\\/\",\"name\":\"Ikuinen (varsinkin kes\u00e4n) ongelma - v\u00e4list\u00e4vet\u00e4j\u00e4 ottaa enemm\u00e4n kuin antaa ! - Ty\u00f6el\u00e4m\u00e4n sek\u00e4 koulun yhdist\u00e4minen opiskelijan silmin.\",\"isPartOf\":{\"@id\":\"https:\\\/\\\/blogit.gradia.fi\\\/anniinatuomijarvi\\\/#website\"},\"primaryImageOfPage\":{\"@id\":\"https:\\\/\\\/blogit.gradia.fi\\\/anniinatuomijarvi\\\/ikuinen-varsinkin-kesan-ongelma-valistavetaja-ottaa-enemman-kuin-antaa\\\/#primaryimage\"},\"image\":{\"@id\":\"https:\\\/\\\/blogit.gradia.fi\\\/anniinatuomijarvi\\\/ikuinen-varsinkin-kesan-ongelma-valistavetaja-ottaa-enemman-kuin-antaa\\\/#primaryimage\"},\"thumbnailUrl\":\"https:\\\/\\\/blogit.gradia.fi\\\/anniinatuomijarvi\\\/wp-content\\\/uploads\\\/sites\\\/94\\\/2014\\\/05\\\/800_HarmaaTalous-300x223.jpg\",\"datePublished\":\"2014-05-27T19:00:03+00:00\",\"author\":{\"@id\":\"https:\\\/\\\/blogit.gradia.fi\\\/anniinatuomijarvi\\\/#\\\/schema\\\/person\\\/a126012e8cf245661fe7e619b8b68806\"},\"inLanguage\":\"fi\",\"potentialAction\":[{\"@type\":\"ReadAction\",\"target\":[\"https:\\\/\\\/blogit.gradia.fi\\\/anniinatuomijarvi\\\/ikuinen-varsinkin-kesan-ongelma-valistavetaja-ottaa-enemman-kuin-antaa\\\/\"]}]},{\"@type\":\"ImageObject\",\"inLanguage\":\"fi\",\"@id\":\"https:\\\/\\\/blogit.gradia.fi\\\/anniinatuomijarvi\\\/ikuinen-varsinkin-kesan-ongelma-valistavetaja-ottaa-enemman-kuin-antaa\\\/#primaryimage\",\"url\":\"https:\\\/\\\/blogit.gradia.fi\\\/anniinatuomijarvi\\\/wp-content\\\/uploads\\\/sites\\\/94\\\/2014\\\/05\\\/800_HarmaaTalous.jpg\",\"contentUrl\":\"https:\\\/\\\/blogit.gradia.fi\\\/anniinatuomijarvi\\\/wp-content\\\/uploads\\\/sites\\\/94\\\/2014\\\/05\\\/800_HarmaaTalous.jpg\",\"width\":800,\"height\":597},{\"@type\":\"WebSite\",\"@id\":\"https:\\\/\\\/blogit.gradia.fi\\\/anniinatuomijarvi\\\/#website\",\"url\":\"https:\\\/\\\/blogit.gradia.fi\\\/anniinatuomijarvi\\\/\",\"name\":\"Ty\u00f6el\u00e4m\u00e4n sek\u00e4 koulun yhdist\u00e4minen opiskelijan silmin.\",\"description\":\"\",\"potentialAction\":[{\"@type\":\"SearchAction\",\"target\":{\"@type\":\"EntryPoint\",\"urlTemplate\":\"https:\\\/\\\/blogit.gradia.fi\\\/anniinatuomijarvi\\\/?s={search_term_string}\"},\"query-input\":{\"@type\":\"PropertyValueSpecification\",\"valueRequired\":true,\"valueName\":\"search_term_string\"}}],\"inLanguage\":\"fi\"},{\"@type\":\"Person\",\"@id\":\"https:\\\/\\\/blogit.gradia.fi\\\/anniinatuomijarvi\\\/#\\\/schema\\\/person\\\/a126012e8cf245661fe7e619b8b68806\",\"name\":\"Anniina\",\"image\":{\"@type\":\"ImageObject\",\"inLanguage\":\"fi\",\"@id\":\"https:\\\/\\\/secure.gravatar.com\\\/avatar\\\/faa68d1f1aa3d5a567e8faedb990f70be54a921fe1e421b90146ac2ec28bd4c2?s=96&d=mm&r=g\",\"url\":\"https:\\\/\\\/secure.gravatar.com\\\/avatar\\\/faa68d1f1aa3d5a567e8faedb990f70be54a921fe1e421b90146ac2ec28bd4c2?s=96&d=mm&r=g\",\"contentUrl\":\"https:\\\/\\\/secure.gravatar.com\\\/avatar\\\/faa68d1f1aa3d5a567e8faedb990f70be54a921fe1e421b90146ac2ec28bd4c2?s=96&d=mm&r=g\",\"caption\":\"Anniina\"},\"description\":\"Moikka ! Olen J\u00e4ms\u00e4l\u00e4inen 18 vuotias tytt\u00f6 ja opiskelen Jyv\u00e4skyl\u00e4n ammattiopistossa merkonomiksi ty\u00f6harjoittelupainotteisella linjalla, joka koostuu viikossa kolmesta p\u00e4iv\u00e4st\u00e4 ty\u00f6t\u00e4 ja kahdesta p\u00e4iv\u00e4st\u00e4 koulua.\",\"sameAs\":[\"https:\\\/\\\/blogit.gradia.fi\\\/anniinatuomijarvi\"],\"url\":\"https:\\\/\\\/blogit.gradia.fi\\\/anniinatuomijarvi\\\/author\\\/ao106993\\\/\"}]}<\/script>\n<!-- \/ Yoast SEO plugin. -->","yoast_head_json":{"title":"Ikuinen (varsinkin kes\u00e4n) ongelma - v\u00e4list\u00e4vet\u00e4j\u00e4 ottaa enemm\u00e4n kuin antaa ! - Ty\u00f6el\u00e4m\u00e4n sek\u00e4 koulun yhdist\u00e4minen opiskelijan silmin.","robots":{"index":"index","follow":"follow","max-snippet":"max-snippet:-1","max-image-preview":"max-image-preview:large","max-video-preview":"max-video-preview:-1"},"canonical":"https:\/\/blogit.gradia.fi\/anniinatuomijarvi\/ikuinen-varsinkin-kesan-ongelma-valistavetaja-ottaa-enemman-kuin-antaa\/","og_locale":"fi_FI","og_type":"article","og_title":"Ikuinen (varsinkin kes\u00e4n) ongelma - v\u00e4list\u00e4vet\u00e4j\u00e4 ottaa enemm\u00e4n kuin antaa ! - Ty\u00f6el\u00e4m\u00e4n sek\u00e4 koulun yhdist\u00e4minen opiskelijan silmin.","og_description":"Heipsan ! Nyt ajattelin tulla puhumaan teille oikeasti t\u00e4rke\u00e4st\u00e4 asiasta, meinaan harmaasta taloudesta. Opiskelijat saisivat yli sata euroa enemm\u00e4n opintotukea, jos osa verorahoista ei katoaisi pimeisiin t\u00f6ihin. T\u00e4t\u00e4 aihetta on tosi paljon k\u00e4sitelty ja puhuttu, mutta mielest\u00e4ni t\u00e4st\u00e4 ei voi puhua liikaa ! Aihe koskee enemm\u00e4nkin nuoria mutta miksei my\u00f6s vanhempia. Varsinkin ensimm\u00e4iseen kes\u00e4ty\u00f6h\u00f6n\/vakituiseen ty\u00f6h\u00f6n &hellip; Jatka lukemista Ikuinen (varsinkin kes\u00e4n) ongelma &#8211; v\u00e4list\u00e4vet\u00e4j\u00e4 ottaa enemm\u00e4n kuin antaa ! &rarr;","og_url":"https:\/\/blogit.gradia.fi\/anniinatuomijarvi\/ikuinen-varsinkin-kesan-ongelma-valistavetaja-ottaa-enemman-kuin-antaa\/","og_site_name":"Ty\u00f6el\u00e4m\u00e4n sek\u00e4 koulun yhdist\u00e4minen opiskelijan silmin.","article_published_time":"2014-05-27T19:00:03+00:00","og_image":[{"url":"https:\/\/blogit.gradia.fi\/anniinatuomijarvi\/wp-content\/uploads\/sites\/94\/2014\/05\/800_HarmaaTalous-300x223.jpg","type":"","width":"","height":""}],"author":"Anniina","twitter_card":"summary_large_image","twitter_misc":{"Kirjoittanut":"Anniina","Arvioitu lukuaika":"3 minuuttia"},"schema":{"@context":"https:\/\/schema.org","@graph":[{"@type":"Article","@id":"https:\/\/blogit.gradia.fi\/anniinatuomijarvi\/ikuinen-varsinkin-kesan-ongelma-valistavetaja-ottaa-enemman-kuin-antaa\/#article","isPartOf":{"@id":"https:\/\/blogit.gradia.fi\/anniinatuomijarvi\/ikuinen-varsinkin-kesan-ongelma-valistavetaja-ottaa-enemman-kuin-antaa\/"},"author":{"name":"Anniina","@id":"https:\/\/blogit.gradia.fi\/anniinatuomijarvi\/#\/schema\/person\/a126012e8cf245661fe7e619b8b68806"},"headline":"Ikuinen (varsinkin kes\u00e4n) ongelma &#8211; v\u00e4list\u00e4vet\u00e4j\u00e4 ottaa enemm\u00e4n kuin antaa !","datePublished":"2014-05-27T19:00:03+00:00","mainEntityOfPage":{"@id":"https:\/\/blogit.gradia.fi\/anniinatuomijarvi\/ikuinen-varsinkin-kesan-ongelma-valistavetaja-ottaa-enemman-kuin-antaa\/"},"wordCount":631,"commentCount":1,"image":{"@id":"https:\/\/blogit.gradia.fi\/anniinatuomijarvi\/ikuinen-varsinkin-kesan-ongelma-valistavetaja-ottaa-enemman-kuin-antaa\/#primaryimage"},"thumbnailUrl":"https:\/\/blogit.gradia.fi\/anniinatuomijarvi\/wp-content\/uploads\/sites\/94\/2014\/05\/800_HarmaaTalous-300x223.jpg","inLanguage":"fi","potentialAction":[{"@type":"CommentAction","name":"Comment","target":["https:\/\/blogit.gradia.fi\/anniinatuomijarvi\/ikuinen-varsinkin-kesan-ongelma-valistavetaja-ottaa-enemman-kuin-antaa\/#respond"]}]},{"@type":"WebPage","@id":"https:\/\/blogit.gradia.fi\/anniinatuomijarvi\/ikuinen-varsinkin-kesan-ongelma-valistavetaja-ottaa-enemman-kuin-antaa\/","url":"https:\/\/blogit.gradia.fi\/anniinatuomijarvi\/ikuinen-varsinkin-kesan-ongelma-valistavetaja-ottaa-enemman-kuin-antaa\/","name":"Ikuinen (varsinkin kes\u00e4n) ongelma - v\u00e4list\u00e4vet\u00e4j\u00e4 ottaa enemm\u00e4n kuin antaa ! - Ty\u00f6el\u00e4m\u00e4n sek\u00e4 koulun yhdist\u00e4minen opiskelijan silmin.","isPartOf":{"@id":"https:\/\/blogit.gradia.fi\/anniinatuomijarvi\/#website"},"primaryImageOfPage":{"@id":"https:\/\/blogit.gradia.fi\/anniinatuomijarvi\/ikuinen-varsinkin-kesan-ongelma-valistavetaja-ottaa-enemman-kuin-antaa\/#primaryimage"},"image":{"@id":"https:\/\/blogit.gradia.fi\/anniinatuomijarvi\/ikuinen-varsinkin-kesan-ongelma-valistavetaja-ottaa-enemman-kuin-antaa\/#primaryimage"},"thumbnailUrl":"https:\/\/blogit.gradia.fi\/anniinatuomijarvi\/wp-content\/uploads\/sites\/94\/2014\/05\/800_HarmaaTalous-300x223.jpg","datePublished":"2014-05-27T19:00:03+00:00","author":{"@id":"https:\/\/blogit.gradia.fi\/anniinatuomijarvi\/#\/schema\/person\/a126012e8cf245661fe7e619b8b68806"},"inLanguage":"fi","potentialAction":[{"@type":"ReadAction","target":["https:\/\/blogit.gradia.fi\/anniinatuomijarvi\/ikuinen-varsinkin-kesan-ongelma-valistavetaja-ottaa-enemman-kuin-antaa\/"]}]},{"@type":"ImageObject","inLanguage":"fi","@id":"https:\/\/blogit.gradia.fi\/anniinatuomijarvi\/ikuinen-varsinkin-kesan-ongelma-valistavetaja-ottaa-enemman-kuin-antaa\/#primaryimage","url":"https:\/\/blogit.gradia.fi\/anniinatuomijarvi\/wp-content\/uploads\/sites\/94\/2014\/05\/800_HarmaaTalous.jpg","contentUrl":"https:\/\/blogit.gradia.fi\/anniinatuomijarvi\/wp-content\/uploads\/sites\/94\/2014\/05\/800_HarmaaTalous.jpg","width":800,"height":597},{"@type":"WebSite","@id":"https:\/\/blogit.gradia.fi\/anniinatuomijarvi\/#website","url":"https:\/\/blogit.gradia.fi\/anniinatuomijarvi\/","name":"Ty\u00f6el\u00e4m\u00e4n sek\u00e4 koulun yhdist\u00e4minen opiskelijan silmin.","description":"","potentialAction":[{"@type":"SearchAction","target":{"@type":"EntryPoint","urlTemplate":"https:\/\/blogit.gradia.fi\/anniinatuomijarvi\/?s={search_term_string}"},"query-input":{"@type":"PropertyValueSpecification","valueRequired":true,"valueName":"search_term_string"}}],"inLanguage":"fi"},{"@type":"Person","@id":"https:\/\/blogit.gradia.fi\/anniinatuomijarvi\/#\/schema\/person\/a126012e8cf245661fe7e619b8b68806","name":"Anniina","image":{"@type":"ImageObject","inLanguage":"fi","@id":"https:\/\/secure.gravatar.com\/avatar\/faa68d1f1aa3d5a567e8faedb990f70be54a921fe1e421b90146ac2ec28bd4c2?s=96&d=mm&r=g","url":"https:\/\/secure.gravatar.com\/avatar\/faa68d1f1aa3d5a567e8faedb990f70be54a921fe1e421b90146ac2ec28bd4c2?s=96&d=mm&r=g","contentUrl":"https:\/\/secure.gravatar.com\/avatar\/faa68d1f1aa3d5a567e8faedb990f70be54a921fe1e421b90146ac2ec28bd4c2?s=96&d=mm&r=g","caption":"Anniina"},"description":"Moikka ! Olen J\u00e4ms\u00e4l\u00e4inen 18 vuotias tytt\u00f6 ja opiskelen Jyv\u00e4skyl\u00e4n ammattiopistossa merkonomiksi ty\u00f6harjoittelupainotteisella linjalla, joka koostuu viikossa kolmesta p\u00e4iv\u00e4st\u00e4 ty\u00f6t\u00e4 ja kahdesta p\u00e4iv\u00e4st\u00e4 koulua.","sameAs":["https:\/\/blogit.gradia.fi\/anniinatuomijarvi"],"url":"https:\/\/blogit.gradia.fi\/anniinatuomijarvi\/author\/ao106993\/"}]}},"uagb_featured_image_src":{"full":false,"thumbnail":false,"medium":false,"medium_large":false,"large":false,"1536x1536":false,"2048x2048":false,"post-thumbnail":false,"twentyfourteen-full-width":false},"uagb_author_info":{"display_name":"Anniina","author_link":"https:\/\/blogit.gradia.fi\/anniinatuomijarvi\/author\/ao106993\/"},"uagb_comment_info":2,"uagb_excerpt":"Heipsan ! Nyt ajattelin tulla puhumaan teille oikeasti t\u00e4rke\u00e4st\u00e4 asiasta, meinaan harmaasta taloudesta. Opiskelijat saisivat yli sata euroa enemm\u00e4n opintotukea, jos osa verorahoista ei katoaisi pimeisiin t\u00f6ihin. T\u00e4t\u00e4 aihetta on tosi paljon k\u00e4sitelty ja puhuttu, mutta mielest\u00e4ni t\u00e4st\u00e4 ei voi puhua liikaa ! Aihe koskee enemm\u00e4nkin nuoria mutta miksei my\u00f6s vanhempia. Varsinkin ensimm\u00e4iseen kes\u00e4ty\u00f6h\u00f6n\/vakituiseen ty\u00f6h\u00f6n&hellip;","_links":{"self":[{"href":"https:\/\/blogit.gradia.fi\/anniinatuomijarvi\/wp-json\/wp\/v2\/posts\/376","targetHints":{"allow":["GET"]}}],"collection":[{"href":"https:\/\/blogit.gradia.fi\/anniinatuomijarvi\/wp-json\/wp\/v2\/posts"}],"about":[{"href":"https:\/\/blogit.gradia.fi\/anniinatuomijarvi\/wp-json\/wp\/v2\/types\/post"}],"author":[{"embeddable":true,"href":"https:\/\/blogit.gradia.fi\/anniinatuomijarvi\/wp-json\/wp\/v2\/users\/588"}],"replies":[{"embeddable":true,"href":"https:\/\/blogit.gradia.fi\/anniinatuomijarvi\/wp-json\/wp\/v2\/comments?post=376"}],"version-history":[{"count":0,"href":"https:\/\/blogit.gradia.fi\/anniinatuomijarvi\/wp-json\/wp\/v2\/posts\/376\/revisions"}],"wp:attachment":[{"href":"https:\/\/blogit.gradia.fi\/anniinatuomijarvi\/wp-json\/wp\/v2\/media?parent=376"}],"wp:term":[{"taxonomy":"category","embeddable":true,"href":"https:\/\/blogit.gradia.fi\/anniinatuomijarvi\/wp-json\/wp\/v2\/categories?post=376"},{"taxonomy":"post_tag","embeddable":true,"href":"https:\/\/blogit.gradia.fi\/anniinatuomijarvi\/wp-json\/wp\/v2\/tags?post=376"}],"curies":[{"name":"wp","href":"https:\/\/api.w.org\/{rel}","templated":true}]}}