{"id":357,"date":"2014-04-23T12:47:09","date_gmt":"2014-04-23T09:47:09","guid":{"rendered":"https:\/\/blogit.gradia.fi\/anniinatuomijarvi\/?p=357"},"modified":"2014-12-07T18:14:23","modified_gmt":"2014-12-07T16:14:23","slug":"kevaan-hulinaa-ja-huisketta-seka-kuulumisia","status":"publish","type":"post","link":"https:\/\/blogit.gradia.fi\/anniinatuomijarvi\/kevaan-hulinaa-ja-huisketta-seka-kuulumisia\/","title":{"rendered":"Ty\u00f6kuulumisia tilitoimistosta 23.4.2014"},"content":{"rendered":"<p>Moikka !<\/p>\n<p>Tilitoimistossa yksik\u00e4\u00e4n p\u00e4iv\u00e4 ei ole samanlainen, mutta ty\u00f6teht\u00e4v\u00e4t ovat p\u00e4iv\u00e4st\u00e4 ja kuukaudesta toiseen samanlaisia.<\/p>\n<p>Nyt on v\u00e4h\u00e4n normaalista poikkeavaa, kun on tilinp\u00e4\u00e4t\u00f6s- ja veroilmoitus\/kaupparekisteri aika. T\u00e4h\u00e4n jaksoon kuuluvat tilintarkastajien k\u00e4ynnit toimistolla ja toimistov\u00e4en k\u00e4ynnit asiakkaiden luona. Lis\u00e4ty\u00f6t\u00e4 aiheuttaa my\u00f6skin veroilmoitusten laatimiset liitteineen. T\u00e4m\u00e4 jakso on aina kiireellisin tilitoimistossa !<\/p>\n<p>Minullekin alkaa pikku hiljaa hahmottumaan se, miten tiukasti aikatauluihin t\u00e4m\u00e4 ty\u00f6 on sidottu. Verottaja ja kaupparekisteri ei tunne yht\u00e4\u00e4n &#8221;armoa&#8221; eli kaikki pit\u00e4\u00e4 olla tehtyn\u00e4 m\u00e4\u00e4riteltyn\u00e4 aikana ja just eik\u00e4 melkein !<\/p>\n<p>&#8211; Anniina<\/p>\n","protected":false},"excerpt":{"rendered":"<p>Moikka ! Tilitoimistossa yksik\u00e4\u00e4n p\u00e4iv\u00e4 ei ole samanlainen, mutta ty\u00f6teht\u00e4v\u00e4t ovat p\u00e4iv\u00e4st\u00e4 ja kuukaudesta toiseen samanlaisia. Nyt on v\u00e4h\u00e4n normaalista poikkeavaa, kun on tilinp\u00e4\u00e4t\u00f6s- ja veroilmoitus\/kaupparekisteri aika. T\u00e4h\u00e4n jaksoon kuuluvat tilintarkastajien k\u00e4ynnit toimistolla ja toimistov\u00e4en k\u00e4ynnit asiakkaiden luona. Lis\u00e4ty\u00f6t\u00e4 aiheuttaa my\u00f6skin veroilmoitusten laatimiset liitteineen. T\u00e4m\u00e4 jakso on aina kiireellisin tilitoimistossa ! Minullekin alkaa pikku hiljaa &hellip; <a href=\"https:\/\/blogit.gradia.fi\/anniinatuomijarvi\/kevaan-hulinaa-ja-huisketta-seka-kuulumisia\/\" class=\"more-link\">Jatka lukemista <span class=\"screen-reader-text\">Ty\u00f6kuulumisia tilitoimistosta 23.4.2014<\/span> <span class=\"meta-nav\">&rarr;<\/span><\/a><\/p>\n","protected":false},"author":588,"featured_media":0,"comment_status":"open","ping_status":"open","sticky":false,"template":"","format":"standard","meta":{"_uag_custom_page_level_css":"","footnotes":""},"categories":[1],"tags":[],"class_list":["post-357","post","type-post","status-publish","format-standard","hentry","category-yleinen"],"yoast_head":"<!-- This site is optimized with the Yoast SEO plugin v27.4 - https:\/\/yoast.com\/product\/yoast-seo-wordpress\/ -->\n<title>Ty\u00f6kuulumisia tilitoimistosta 23.4.2014 - Ty\u00f6el\u00e4m\u00e4n sek\u00e4 koulun yhdist\u00e4minen opiskelijan silmin.<\/title>\n<meta name=\"robots\" content=\"index, follow, max-snippet:-1, max-image-preview:large, max-video-preview:-1\" \/>\n<link rel=\"canonical\" href=\"https:\/\/blogit.gradia.fi\/anniinatuomijarvi\/kevaan-hulinaa-ja-huisketta-seka-kuulumisia\/\" \/>\n<meta property=\"og:locale\" content=\"fi_FI\" \/>\n<meta property=\"og:type\" content=\"article\" \/>\n<meta property=\"og:title\" content=\"Ty\u00f6kuulumisia tilitoimistosta 23.4.2014 - Ty\u00f6el\u00e4m\u00e4n sek\u00e4 koulun yhdist\u00e4minen opiskelijan silmin.\" \/>\n<meta property=\"og:description\" content=\"Moikka ! Tilitoimistossa yksik\u00e4\u00e4n p\u00e4iv\u00e4 ei ole samanlainen, mutta ty\u00f6teht\u00e4v\u00e4t ovat p\u00e4iv\u00e4st\u00e4 ja kuukaudesta toiseen samanlaisia. Nyt on v\u00e4h\u00e4n normaalista poikkeavaa, kun on tilinp\u00e4\u00e4t\u00f6s- ja veroilmoitus\/kaupparekisteri aika. T\u00e4h\u00e4n jaksoon kuuluvat tilintarkastajien k\u00e4ynnit toimistolla ja toimistov\u00e4en k\u00e4ynnit asiakkaiden luona. Lis\u00e4ty\u00f6t\u00e4 aiheuttaa my\u00f6skin veroilmoitusten laatimiset liitteineen. T\u00e4m\u00e4 jakso on aina kiireellisin tilitoimistossa ! Minullekin alkaa pikku hiljaa &hellip; Jatka lukemista Ty\u00f6kuulumisia tilitoimistosta 23.4.2014 &rarr;\" \/>\n<meta property=\"og:url\" content=\"https:\/\/blogit.gradia.fi\/anniinatuomijarvi\/kevaan-hulinaa-ja-huisketta-seka-kuulumisia\/\" \/>\n<meta property=\"og:site_name\" content=\"Ty\u00f6el\u00e4m\u00e4n sek\u00e4 koulun yhdist\u00e4minen opiskelijan silmin.\" \/>\n<meta property=\"article:published_time\" content=\"2014-04-23T09:47:09+00:00\" \/>\n<meta property=\"article:modified_time\" content=\"2014-12-07T16:14:23+00:00\" \/>\n<meta name=\"author\" content=\"Anniina\" \/>\n<meta name=\"twitter:card\" content=\"summary_large_image\" \/>\n<meta name=\"twitter:label1\" content=\"Kirjoittanut\" \/>\n\t<meta name=\"twitter:data1\" content=\"Anniina\" \/>\n\t<meta name=\"twitter:label2\" content=\"Arvioitu lukuaika\" \/>\n\t<meta name=\"twitter:data2\" content=\"1 minuutti\" \/>\n<script type=\"application\/ld+json\" class=\"yoast-schema-graph\">{\"@context\":\"https:\\\/\\\/schema.org\",\"@graph\":[{\"@type\":\"Article\",\"@id\":\"https:\\\/\\\/blogit.gradia.fi\\\/anniinatuomijarvi\\\/kevaan-hulinaa-ja-huisketta-seka-kuulumisia\\\/#article\",\"isPartOf\":{\"@id\":\"https:\\\/\\\/blogit.gradia.fi\\\/anniinatuomijarvi\\\/kevaan-hulinaa-ja-huisketta-seka-kuulumisia\\\/\"},\"author\":{\"name\":\"Anniina\",\"@id\":\"https:\\\/\\\/blogit.gradia.fi\\\/anniinatuomijarvi\\\/#\\\/schema\\\/person\\\/a126012e8cf245661fe7e619b8b68806\"},\"headline\":\"Ty\u00f6kuulumisia tilitoimistosta 23.4.2014\",\"datePublished\":\"2014-04-23T09:47:09+00:00\",\"dateModified\":\"2014-12-07T16:14:23+00:00\",\"mainEntityOfPage\":{\"@id\":\"https:\\\/\\\/blogit.gradia.fi\\\/anniinatuomijarvi\\\/kevaan-hulinaa-ja-huisketta-seka-kuulumisia\\\/\"},\"wordCount\":109,\"commentCount\":0,\"inLanguage\":\"fi\",\"potentialAction\":[{\"@type\":\"CommentAction\",\"name\":\"Comment\",\"target\":[\"https:\\\/\\\/blogit.gradia.fi\\\/anniinatuomijarvi\\\/kevaan-hulinaa-ja-huisketta-seka-kuulumisia\\\/#respond\"]}]},{\"@type\":\"WebPage\",\"@id\":\"https:\\\/\\\/blogit.gradia.fi\\\/anniinatuomijarvi\\\/kevaan-hulinaa-ja-huisketta-seka-kuulumisia\\\/\",\"url\":\"https:\\\/\\\/blogit.gradia.fi\\\/anniinatuomijarvi\\\/kevaan-hulinaa-ja-huisketta-seka-kuulumisia\\\/\",\"name\":\"Ty\u00f6kuulumisia tilitoimistosta 23.4.2014 - Ty\u00f6el\u00e4m\u00e4n sek\u00e4 koulun yhdist\u00e4minen opiskelijan silmin.\",\"isPartOf\":{\"@id\":\"https:\\\/\\\/blogit.gradia.fi\\\/anniinatuomijarvi\\\/#website\"},\"datePublished\":\"2014-04-23T09:47:09+00:00\",\"dateModified\":\"2014-12-07T16:14:23+00:00\",\"author\":{\"@id\":\"https:\\\/\\\/blogit.gradia.fi\\\/anniinatuomijarvi\\\/#\\\/schema\\\/person\\\/a126012e8cf245661fe7e619b8b68806\"},\"inLanguage\":\"fi\",\"potentialAction\":[{\"@type\":\"ReadAction\",\"target\":[\"https:\\\/\\\/blogit.gradia.fi\\\/anniinatuomijarvi\\\/kevaan-hulinaa-ja-huisketta-seka-kuulumisia\\\/\"]}]},{\"@type\":\"WebSite\",\"@id\":\"https:\\\/\\\/blogit.gradia.fi\\\/anniinatuomijarvi\\\/#website\",\"url\":\"https:\\\/\\\/blogit.gradia.fi\\\/anniinatuomijarvi\\\/\",\"name\":\"Ty\u00f6el\u00e4m\u00e4n sek\u00e4 koulun yhdist\u00e4minen opiskelijan silmin.\",\"description\":\"\",\"potentialAction\":[{\"@type\":\"SearchAction\",\"target\":{\"@type\":\"EntryPoint\",\"urlTemplate\":\"https:\\\/\\\/blogit.gradia.fi\\\/anniinatuomijarvi\\\/?s={search_term_string}\"},\"query-input\":{\"@type\":\"PropertyValueSpecification\",\"valueRequired\":true,\"valueName\":\"search_term_string\"}}],\"inLanguage\":\"fi\"},{\"@type\":\"Person\",\"@id\":\"https:\\\/\\\/blogit.gradia.fi\\\/anniinatuomijarvi\\\/#\\\/schema\\\/person\\\/a126012e8cf245661fe7e619b8b68806\",\"name\":\"Anniina\",\"image\":{\"@type\":\"ImageObject\",\"inLanguage\":\"fi\",\"@id\":\"https:\\\/\\\/secure.gravatar.com\\\/avatar\\\/faa68d1f1aa3d5a567e8faedb990f70be54a921fe1e421b90146ac2ec28bd4c2?s=96&d=mm&r=g\",\"url\":\"https:\\\/\\\/secure.gravatar.com\\\/avatar\\\/faa68d1f1aa3d5a567e8faedb990f70be54a921fe1e421b90146ac2ec28bd4c2?s=96&d=mm&r=g\",\"contentUrl\":\"https:\\\/\\\/secure.gravatar.com\\\/avatar\\\/faa68d1f1aa3d5a567e8faedb990f70be54a921fe1e421b90146ac2ec28bd4c2?s=96&d=mm&r=g\",\"caption\":\"Anniina\"},\"description\":\"Moikka ! Olen J\u00e4ms\u00e4l\u00e4inen 18 vuotias tytt\u00f6 ja opiskelen Jyv\u00e4skyl\u00e4n ammattiopistossa merkonomiksi ty\u00f6harjoittelupainotteisella linjalla, joka koostuu viikossa kolmesta p\u00e4iv\u00e4st\u00e4 ty\u00f6t\u00e4 ja kahdesta p\u00e4iv\u00e4st\u00e4 koulua.\",\"sameAs\":[\"https:\\\/\\\/blogit.gradia.fi\\\/anniinatuomijarvi\"],\"url\":\"https:\\\/\\\/blogit.gradia.fi\\\/anniinatuomijarvi\\\/author\\\/ao106993\\\/\"}]}<\/script>\n<!-- \/ Yoast SEO plugin. -->","yoast_head_json":{"title":"Ty\u00f6kuulumisia tilitoimistosta 23.4.2014 - Ty\u00f6el\u00e4m\u00e4n sek\u00e4 koulun yhdist\u00e4minen opiskelijan silmin.","robots":{"index":"index","follow":"follow","max-snippet":"max-snippet:-1","max-image-preview":"max-image-preview:large","max-video-preview":"max-video-preview:-1"},"canonical":"https:\/\/blogit.gradia.fi\/anniinatuomijarvi\/kevaan-hulinaa-ja-huisketta-seka-kuulumisia\/","og_locale":"fi_FI","og_type":"article","og_title":"Ty\u00f6kuulumisia tilitoimistosta 23.4.2014 - Ty\u00f6el\u00e4m\u00e4n sek\u00e4 koulun yhdist\u00e4minen opiskelijan silmin.","og_description":"Moikka ! Tilitoimistossa yksik\u00e4\u00e4n p\u00e4iv\u00e4 ei ole samanlainen, mutta ty\u00f6teht\u00e4v\u00e4t ovat p\u00e4iv\u00e4st\u00e4 ja kuukaudesta toiseen samanlaisia. Nyt on v\u00e4h\u00e4n normaalista poikkeavaa, kun on tilinp\u00e4\u00e4t\u00f6s- ja veroilmoitus\/kaupparekisteri aika. T\u00e4h\u00e4n jaksoon kuuluvat tilintarkastajien k\u00e4ynnit toimistolla ja toimistov\u00e4en k\u00e4ynnit asiakkaiden luona. Lis\u00e4ty\u00f6t\u00e4 aiheuttaa my\u00f6skin veroilmoitusten laatimiset liitteineen. T\u00e4m\u00e4 jakso on aina kiireellisin tilitoimistossa ! Minullekin alkaa pikku hiljaa &hellip; Jatka lukemista Ty\u00f6kuulumisia tilitoimistosta 23.4.2014 &rarr;","og_url":"https:\/\/blogit.gradia.fi\/anniinatuomijarvi\/kevaan-hulinaa-ja-huisketta-seka-kuulumisia\/","og_site_name":"Ty\u00f6el\u00e4m\u00e4n sek\u00e4 koulun yhdist\u00e4minen opiskelijan silmin.","article_published_time":"2014-04-23T09:47:09+00:00","article_modified_time":"2014-12-07T16:14:23+00:00","author":"Anniina","twitter_card":"summary_large_image","twitter_misc":{"Kirjoittanut":"Anniina","Arvioitu lukuaika":"1 minuutti"},"schema":{"@context":"https:\/\/schema.org","@graph":[{"@type":"Article","@id":"https:\/\/blogit.gradia.fi\/anniinatuomijarvi\/kevaan-hulinaa-ja-huisketta-seka-kuulumisia\/#article","isPartOf":{"@id":"https:\/\/blogit.gradia.fi\/anniinatuomijarvi\/kevaan-hulinaa-ja-huisketta-seka-kuulumisia\/"},"author":{"name":"Anniina","@id":"https:\/\/blogit.gradia.fi\/anniinatuomijarvi\/#\/schema\/person\/a126012e8cf245661fe7e619b8b68806"},"headline":"Ty\u00f6kuulumisia tilitoimistosta 23.4.2014","datePublished":"2014-04-23T09:47:09+00:00","dateModified":"2014-12-07T16:14:23+00:00","mainEntityOfPage":{"@id":"https:\/\/blogit.gradia.fi\/anniinatuomijarvi\/kevaan-hulinaa-ja-huisketta-seka-kuulumisia\/"},"wordCount":109,"commentCount":0,"inLanguage":"fi","potentialAction":[{"@type":"CommentAction","name":"Comment","target":["https:\/\/blogit.gradia.fi\/anniinatuomijarvi\/kevaan-hulinaa-ja-huisketta-seka-kuulumisia\/#respond"]}]},{"@type":"WebPage","@id":"https:\/\/blogit.gradia.fi\/anniinatuomijarvi\/kevaan-hulinaa-ja-huisketta-seka-kuulumisia\/","url":"https:\/\/blogit.gradia.fi\/anniinatuomijarvi\/kevaan-hulinaa-ja-huisketta-seka-kuulumisia\/","name":"Ty\u00f6kuulumisia tilitoimistosta 23.4.2014 - Ty\u00f6el\u00e4m\u00e4n sek\u00e4 koulun yhdist\u00e4minen opiskelijan silmin.","isPartOf":{"@id":"https:\/\/blogit.gradia.fi\/anniinatuomijarvi\/#website"},"datePublished":"2014-04-23T09:47:09+00:00","dateModified":"2014-12-07T16:14:23+00:00","author":{"@id":"https:\/\/blogit.gradia.fi\/anniinatuomijarvi\/#\/schema\/person\/a126012e8cf245661fe7e619b8b68806"},"inLanguage":"fi","potentialAction":[{"@type":"ReadAction","target":["https:\/\/blogit.gradia.fi\/anniinatuomijarvi\/kevaan-hulinaa-ja-huisketta-seka-kuulumisia\/"]}]},{"@type":"WebSite","@id":"https:\/\/blogit.gradia.fi\/anniinatuomijarvi\/#website","url":"https:\/\/blogit.gradia.fi\/anniinatuomijarvi\/","name":"Ty\u00f6el\u00e4m\u00e4n sek\u00e4 koulun yhdist\u00e4minen opiskelijan silmin.","description":"","potentialAction":[{"@type":"SearchAction","target":{"@type":"EntryPoint","urlTemplate":"https:\/\/blogit.gradia.fi\/anniinatuomijarvi\/?s={search_term_string}"},"query-input":{"@type":"PropertyValueSpecification","valueRequired":true,"valueName":"search_term_string"}}],"inLanguage":"fi"},{"@type":"Person","@id":"https:\/\/blogit.gradia.fi\/anniinatuomijarvi\/#\/schema\/person\/a126012e8cf245661fe7e619b8b68806","name":"Anniina","image":{"@type":"ImageObject","inLanguage":"fi","@id":"https:\/\/secure.gravatar.com\/avatar\/faa68d1f1aa3d5a567e8faedb990f70be54a921fe1e421b90146ac2ec28bd4c2?s=96&d=mm&r=g","url":"https:\/\/secure.gravatar.com\/avatar\/faa68d1f1aa3d5a567e8faedb990f70be54a921fe1e421b90146ac2ec28bd4c2?s=96&d=mm&r=g","contentUrl":"https:\/\/secure.gravatar.com\/avatar\/faa68d1f1aa3d5a567e8faedb990f70be54a921fe1e421b90146ac2ec28bd4c2?s=96&d=mm&r=g","caption":"Anniina"},"description":"Moikka ! Olen J\u00e4ms\u00e4l\u00e4inen 18 vuotias tytt\u00f6 ja opiskelen Jyv\u00e4skyl\u00e4n ammattiopistossa merkonomiksi ty\u00f6harjoittelupainotteisella linjalla, joka koostuu viikossa kolmesta p\u00e4iv\u00e4st\u00e4 ty\u00f6t\u00e4 ja kahdesta p\u00e4iv\u00e4st\u00e4 koulua.","sameAs":["https:\/\/blogit.gradia.fi\/anniinatuomijarvi"],"url":"https:\/\/blogit.gradia.fi\/anniinatuomijarvi\/author\/ao106993\/"}]}},"uagb_featured_image_src":{"full":false,"thumbnail":false,"medium":false,"medium_large":false,"large":false,"1536x1536":false,"2048x2048":false,"post-thumbnail":false,"twentyfourteen-full-width":false},"uagb_author_info":{"display_name":"Anniina","author_link":"https:\/\/blogit.gradia.fi\/anniinatuomijarvi\/author\/ao106993\/"},"uagb_comment_info":0,"uagb_excerpt":"Moikka ! Tilitoimistossa yksik\u00e4\u00e4n p\u00e4iv\u00e4 ei ole samanlainen, mutta ty\u00f6teht\u00e4v\u00e4t ovat p\u00e4iv\u00e4st\u00e4 ja kuukaudesta toiseen samanlaisia. Nyt on v\u00e4h\u00e4n normaalista poikkeavaa, kun on tilinp\u00e4\u00e4t\u00f6s- ja veroilmoitus\/kaupparekisteri aika. T\u00e4h\u00e4n jaksoon kuuluvat tilintarkastajien k\u00e4ynnit toimistolla ja toimistov\u00e4en k\u00e4ynnit asiakkaiden luona. Lis\u00e4ty\u00f6t\u00e4 aiheuttaa my\u00f6skin veroilmoitusten laatimiset liitteineen. T\u00e4m\u00e4 jakso on aina kiireellisin tilitoimistossa ! Minullekin alkaa pikku hiljaa&hellip;","_links":{"self":[{"href":"https:\/\/blogit.gradia.fi\/anniinatuomijarvi\/wp-json\/wp\/v2\/posts\/357","targetHints":{"allow":["GET"]}}],"collection":[{"href":"https:\/\/blogit.gradia.fi\/anniinatuomijarvi\/wp-json\/wp\/v2\/posts"}],"about":[{"href":"https:\/\/blogit.gradia.fi\/anniinatuomijarvi\/wp-json\/wp\/v2\/types\/post"}],"author":[{"embeddable":true,"href":"https:\/\/blogit.gradia.fi\/anniinatuomijarvi\/wp-json\/wp\/v2\/users\/588"}],"replies":[{"embeddable":true,"href":"https:\/\/blogit.gradia.fi\/anniinatuomijarvi\/wp-json\/wp\/v2\/comments?post=357"}],"version-history":[{"count":0,"href":"https:\/\/blogit.gradia.fi\/anniinatuomijarvi\/wp-json\/wp\/v2\/posts\/357\/revisions"}],"wp:attachment":[{"href":"https:\/\/blogit.gradia.fi\/anniinatuomijarvi\/wp-json\/wp\/v2\/media?parent=357"}],"wp:term":[{"taxonomy":"category","embeddable":true,"href":"https:\/\/blogit.gradia.fi\/anniinatuomijarvi\/wp-json\/wp\/v2\/categories?post=357"},{"taxonomy":"post_tag","embeddable":true,"href":"https:\/\/blogit.gradia.fi\/anniinatuomijarvi\/wp-json\/wp\/v2\/tags?post=357"}],"curies":[{"name":"wp","href":"https:\/\/api.w.org\/{rel}","templated":true}]}}