{"id":321,"date":"2014-03-19T15:40:15","date_gmt":"2014-03-19T13:40:15","guid":{"rendered":"https:\/\/blogit.gradia.fi\/anniinatuomijarvi\/?p=321"},"modified":"2014-03-19T15:40:15","modified_gmt":"2014-03-19T13:40:15","slug":"uusi-tyossaoppimispaikka-tilitoimisto-kotikaupungissa","status":"publish","type":"post","link":"https:\/\/blogit.gradia.fi\/anniinatuomijarvi\/uusi-tyossaoppimispaikka-tilitoimisto-kotikaupungissa\/","title":{"rendered":"Uusi ty\u00f6ss\u00e4oppimispaikka; Tilitoimisto kotikaupungissa"},"content":{"rendered":"<p>Hellou !<br \/>\nNyt on j\u00e4\u00e4nyt ihan kokonaan t\u00e4m\u00e4 blogin p\u00e4ivitt\u00e4minen, mutta nyt mulla on oikeasti hyv\u00e4 syy: olen aloittanut ty\u00f6ss\u00e4oppimisen t\u00e4ysin uudessa paikassa! Tai siis ty\u00f6paikka itsess\u00e4\u00e4n on minulle tuttu, mutta ty\u00f6teht\u00e4v\u00e4t ovat t\u00e4ysin uusia ja haasteellisia &#8211; olen siis t\u00f6iss\u00e4 tilitoimistossa nyt t\u00e4m\u00e4n kev\u00e4\u00e4n.<\/p>\n<p>Harjoittelun alkujakso on mennyt toimiston ty\u00f6tapoihin ja toimintaan sek\u00e4 asiakkaisiin tutustuessa mutta sitten kun tajusin millaista t\u00e4m\u00e4 ty\u00f6 on k\u00e4yt\u00e4nn\u00f6ss\u00e4, p\u00e4\u00e4sin jo pikku puuhien pariin. Aloitin hommat maaliskuun alussa ja olen t\u00e4h\u00e4n p\u00e4iv\u00e4\u00e4n menneess\u00e4 jo p\u00e4\u00e4ssyt j\u00e4rjestelem\u00e4\u00e4n tositteita, arkistoimaan, tuhoamaan vanhoja aineistoja, ollut mukana asiakask\u00e4ynneill\u00e4, erilaisissa neuvotteluissa ja tietenkin pit\u00e4\u00e4 muistaa kahvin keitto, siivous, tiskaus ja muut perushommat ! \ud83d\ude00\u00a0 Yhden neuvottelun tuloksena olen hoitanut itselleni my\u00f6s kes\u00e4ty\u00f6paikan sek\u00e4 toisen neuvottelun tuloksena olen saanut t\u00e4llaisen pikku projektin jossa suunnittelen ja teen yhdelle yritykselle mainoksia, esitteit\u00e4 ja k\u00e4yntikortteja. Sain my\u00f6s luvan t\u00e4st\u00e4 projektista ottaa kuvia ja kertoa teillekkin siit\u00e4 t\u00e4\u00e4ll\u00e4 blogissa, mutta siit\u00e4 my\u00f6hemmin lis\u00e4\u00e4.<\/p>\n<p>Olen huomannut jo t\u00e4m\u00e4n kuluneen kolmen viikon aikana miten haastavaa t\u00e4m\u00e4 ty\u00f6 oikeasti on. Ty\u00f6 on aikatauluihin sidottu hyvin vahvasti eik\u00e4 aikaa j\u00e4\u00e4 lorvimiseen kyll\u00e4 yht\u00e4\u00e4n! Ty\u00f6 on vastuullista, tarkkaa sek\u00e4 lakien s\u00e4\u00e4telem\u00e4\u00e4 ja t\u00e4ss\u00e4 ty\u00f6ss\u00e4 jos jossain on niit\u00e4 haastavia asiakkaita ! Edellisiss\u00e4 ty\u00f6paikoissa haastavia asiakkaita ovat ehk\u00e4 olleet esimerkiksi ne jotka valittavat hinnasta tai ovat joidenkin aineiden vaikutusten alaisina, mutta tilitoimistoty\u00f6ss\u00e4 tulee vastaan j\u00e4\u00e4r\u00e4p\u00e4isyys ja kaikkitiet\u00e4vyys joidenkin asiakkaiden kohdalla. Yrit\u00e4pp\u00e4 siihen sitten l\u00f6yt\u00e4\u00e4 jotain puolustuskeinoa, kun edellisiss\u00e4 oli kuitenkin mahdollisuus kutsua poliisi\/vartia paikalle. No, onneksi on my\u00f6s olemassa niit\u00e4 ihmisi\u00e4 jotka osaavat arvostaa ammattitaitoa ja sit\u00e4 ett\u00e4 joku hoitaa asiat heid\u00e4n puolestaan !<\/p>\n<p>Mutta se t\u00f6ist\u00e4. Koulussa on t\u00e4ll\u00e4 hetkell\u00e4 menossa kustannuslaskennan ja budjetoinnin kurssit ja minulla k\u00e4vi hyv\u00e4 tuuri my\u00f6s sen kanssa ett\u00e4 sain t\u00f6it\u00e4 t\u00e4\u00e4lt\u00e4 tilitoimistosta, koska teen ja n\u00e4\u00e4n n\u00e4it\u00e4 asioita melkein p\u00e4ivitt\u00e4in ty\u00f6ss\u00e4ni. Kertaus on opintojen \u00e4iti, vai miten se oli ! \ud83d\ude09 Lasketaan yrityksen tuloksia, kriittisi\u00e4 pisteit\u00e4, varmuusmarginaaleja ymsyms. Mutta eip\u00e4 siin\u00e4k\u00e4\u00e4n muuta, ensi kerralla sitten toivottavasti taas jotain uutta kerrottavaa. \ud83d\ude00<\/p>\n<p>Hyv\u00e4\u00e4 kev\u00e4\u00e4n (tai talven?) jatkoa kaikille teille ! \ud83d\ude42<\/p>\n<p>&#8211; Anniina<\/p>\n","protected":false},"excerpt":{"rendered":"<p>Hellou ! Nyt on j\u00e4\u00e4nyt ihan kokonaan t\u00e4m\u00e4 blogin p\u00e4ivitt\u00e4minen, mutta nyt mulla on oikeasti hyv\u00e4 syy: olen aloittanut ty\u00f6ss\u00e4oppimisen t\u00e4ysin uudessa paikassa! Tai siis ty\u00f6paikka itsess\u00e4\u00e4n on minulle tuttu, mutta ty\u00f6teht\u00e4v\u00e4t ovat t\u00e4ysin uusia ja haasteellisia &#8211; olen siis t\u00f6iss\u00e4 tilitoimistossa nyt t\u00e4m\u00e4n kev\u00e4\u00e4n. Harjoittelun alkujakso on mennyt toimiston ty\u00f6tapoihin ja toimintaan sek\u00e4 asiakkaisiin &hellip; <a href=\"https:\/\/blogit.gradia.fi\/anniinatuomijarvi\/uusi-tyossaoppimispaikka-tilitoimisto-kotikaupungissa\/\" class=\"more-link\">Jatka lukemista <span class=\"screen-reader-text\">Uusi ty\u00f6ss\u00e4oppimispaikka; Tilitoimisto kotikaupungissa<\/span> <span class=\"meta-nav\">&rarr;<\/span><\/a><\/p>\n","protected":false},"author":588,"featured_media":0,"comment_status":"open","ping_status":"open","sticky":false,"template":"","format":"standard","meta":{"_uag_custom_page_level_css":"","footnotes":""},"categories":[1],"tags":[],"class_list":["post-321","post","type-post","status-publish","format-standard","hentry","category-yleinen"],"yoast_head":"<!-- This site is optimized with the Yoast SEO plugin v27.4 - https:\/\/yoast.com\/product\/yoast-seo-wordpress\/ -->\n<title>Uusi ty\u00f6ss\u00e4oppimispaikka; Tilitoimisto kotikaupungissa - Ty\u00f6el\u00e4m\u00e4n sek\u00e4 koulun yhdist\u00e4minen opiskelijan silmin.<\/title>\n<meta name=\"robots\" content=\"index, follow, max-snippet:-1, max-image-preview:large, max-video-preview:-1\" \/>\n<link rel=\"canonical\" href=\"https:\/\/blogit.gradia.fi\/anniinatuomijarvi\/uusi-tyossaoppimispaikka-tilitoimisto-kotikaupungissa\/\" \/>\n<meta property=\"og:locale\" content=\"fi_FI\" \/>\n<meta property=\"og:type\" content=\"article\" \/>\n<meta property=\"og:title\" content=\"Uusi ty\u00f6ss\u00e4oppimispaikka; Tilitoimisto kotikaupungissa - Ty\u00f6el\u00e4m\u00e4n sek\u00e4 koulun yhdist\u00e4minen opiskelijan silmin.\" \/>\n<meta property=\"og:description\" content=\"Hellou ! Nyt on j\u00e4\u00e4nyt ihan kokonaan t\u00e4m\u00e4 blogin p\u00e4ivitt\u00e4minen, mutta nyt mulla on oikeasti hyv\u00e4 syy: olen aloittanut ty\u00f6ss\u00e4oppimisen t\u00e4ysin uudessa paikassa! Tai siis ty\u00f6paikka itsess\u00e4\u00e4n on minulle tuttu, mutta ty\u00f6teht\u00e4v\u00e4t ovat t\u00e4ysin uusia ja haasteellisia &#8211; olen siis t\u00f6iss\u00e4 tilitoimistossa nyt t\u00e4m\u00e4n kev\u00e4\u00e4n. Harjoittelun alkujakso on mennyt toimiston ty\u00f6tapoihin ja toimintaan sek\u00e4 asiakkaisiin &hellip; Jatka lukemista Uusi ty\u00f6ss\u00e4oppimispaikka; Tilitoimisto kotikaupungissa &rarr;\" \/>\n<meta property=\"og:url\" content=\"https:\/\/blogit.gradia.fi\/anniinatuomijarvi\/uusi-tyossaoppimispaikka-tilitoimisto-kotikaupungissa\/\" \/>\n<meta property=\"og:site_name\" content=\"Ty\u00f6el\u00e4m\u00e4n sek\u00e4 koulun yhdist\u00e4minen opiskelijan silmin.\" \/>\n<meta property=\"article:published_time\" content=\"2014-03-19T13:40:15+00:00\" \/>\n<meta name=\"author\" content=\"Anniina\" \/>\n<meta name=\"twitter:card\" content=\"summary_large_image\" \/>\n<meta name=\"twitter:label1\" content=\"Kirjoittanut\" \/>\n\t<meta name=\"twitter:data1\" content=\"Anniina\" \/>\n\t<meta name=\"twitter:label2\" content=\"Arvioitu lukuaika\" \/>\n\t<meta name=\"twitter:data2\" content=\"2 minuuttia\" \/>\n<script type=\"application\/ld+json\" class=\"yoast-schema-graph\">{\"@context\":\"https:\\\/\\\/schema.org\",\"@graph\":[{\"@type\":\"Article\",\"@id\":\"https:\\\/\\\/blogit.gradia.fi\\\/anniinatuomijarvi\\\/uusi-tyossaoppimispaikka-tilitoimisto-kotikaupungissa\\\/#article\",\"isPartOf\":{\"@id\":\"https:\\\/\\\/blogit.gradia.fi\\\/anniinatuomijarvi\\\/uusi-tyossaoppimispaikka-tilitoimisto-kotikaupungissa\\\/\"},\"author\":{\"name\":\"Anniina\",\"@id\":\"https:\\\/\\\/blogit.gradia.fi\\\/anniinatuomijarvi\\\/#\\\/schema\\\/person\\\/a126012e8cf245661fe7e619b8b68806\"},\"headline\":\"Uusi ty\u00f6ss\u00e4oppimispaikka; Tilitoimisto kotikaupungissa\",\"datePublished\":\"2014-03-19T13:40:15+00:00\",\"mainEntityOfPage\":{\"@id\":\"https:\\\/\\\/blogit.gradia.fi\\\/anniinatuomijarvi\\\/uusi-tyossaoppimispaikka-tilitoimisto-kotikaupungissa\\\/\"},\"wordCount\":400,\"commentCount\":0,\"inLanguage\":\"fi\",\"potentialAction\":[{\"@type\":\"CommentAction\",\"name\":\"Comment\",\"target\":[\"https:\\\/\\\/blogit.gradia.fi\\\/anniinatuomijarvi\\\/uusi-tyossaoppimispaikka-tilitoimisto-kotikaupungissa\\\/#respond\"]}]},{\"@type\":\"WebPage\",\"@id\":\"https:\\\/\\\/blogit.gradia.fi\\\/anniinatuomijarvi\\\/uusi-tyossaoppimispaikka-tilitoimisto-kotikaupungissa\\\/\",\"url\":\"https:\\\/\\\/blogit.gradia.fi\\\/anniinatuomijarvi\\\/uusi-tyossaoppimispaikka-tilitoimisto-kotikaupungissa\\\/\",\"name\":\"Uusi ty\u00f6ss\u00e4oppimispaikka; Tilitoimisto kotikaupungissa - Ty\u00f6el\u00e4m\u00e4n sek\u00e4 koulun yhdist\u00e4minen opiskelijan silmin.\",\"isPartOf\":{\"@id\":\"https:\\\/\\\/blogit.gradia.fi\\\/anniinatuomijarvi\\\/#website\"},\"datePublished\":\"2014-03-19T13:40:15+00:00\",\"author\":{\"@id\":\"https:\\\/\\\/blogit.gradia.fi\\\/anniinatuomijarvi\\\/#\\\/schema\\\/person\\\/a126012e8cf245661fe7e619b8b68806\"},\"inLanguage\":\"fi\",\"potentialAction\":[{\"@type\":\"ReadAction\",\"target\":[\"https:\\\/\\\/blogit.gradia.fi\\\/anniinatuomijarvi\\\/uusi-tyossaoppimispaikka-tilitoimisto-kotikaupungissa\\\/\"]}]},{\"@type\":\"WebSite\",\"@id\":\"https:\\\/\\\/blogit.gradia.fi\\\/anniinatuomijarvi\\\/#website\",\"url\":\"https:\\\/\\\/blogit.gradia.fi\\\/anniinatuomijarvi\\\/\",\"name\":\"Ty\u00f6el\u00e4m\u00e4n sek\u00e4 koulun yhdist\u00e4minen opiskelijan silmin.\",\"description\":\"\",\"potentialAction\":[{\"@type\":\"SearchAction\",\"target\":{\"@type\":\"EntryPoint\",\"urlTemplate\":\"https:\\\/\\\/blogit.gradia.fi\\\/anniinatuomijarvi\\\/?s={search_term_string}\"},\"query-input\":{\"@type\":\"PropertyValueSpecification\",\"valueRequired\":true,\"valueName\":\"search_term_string\"}}],\"inLanguage\":\"fi\"},{\"@type\":\"Person\",\"@id\":\"https:\\\/\\\/blogit.gradia.fi\\\/anniinatuomijarvi\\\/#\\\/schema\\\/person\\\/a126012e8cf245661fe7e619b8b68806\",\"name\":\"Anniina\",\"image\":{\"@type\":\"ImageObject\",\"inLanguage\":\"fi\",\"@id\":\"https:\\\/\\\/secure.gravatar.com\\\/avatar\\\/faa68d1f1aa3d5a567e8faedb990f70be54a921fe1e421b90146ac2ec28bd4c2?s=96&d=mm&r=g\",\"url\":\"https:\\\/\\\/secure.gravatar.com\\\/avatar\\\/faa68d1f1aa3d5a567e8faedb990f70be54a921fe1e421b90146ac2ec28bd4c2?s=96&d=mm&r=g\",\"contentUrl\":\"https:\\\/\\\/secure.gravatar.com\\\/avatar\\\/faa68d1f1aa3d5a567e8faedb990f70be54a921fe1e421b90146ac2ec28bd4c2?s=96&d=mm&r=g\",\"caption\":\"Anniina\"},\"description\":\"Moikka ! Olen J\u00e4ms\u00e4l\u00e4inen 18 vuotias tytt\u00f6 ja opiskelen Jyv\u00e4skyl\u00e4n ammattiopistossa merkonomiksi ty\u00f6harjoittelupainotteisella linjalla, joka koostuu viikossa kolmesta p\u00e4iv\u00e4st\u00e4 ty\u00f6t\u00e4 ja kahdesta p\u00e4iv\u00e4st\u00e4 koulua.\",\"sameAs\":[\"https:\\\/\\\/blogit.gradia.fi\\\/anniinatuomijarvi\"],\"url\":\"https:\\\/\\\/blogit.gradia.fi\\\/anniinatuomijarvi\\\/author\\\/ao106993\\\/\"}]}<\/script>\n<!-- \/ Yoast SEO plugin. -->","yoast_head_json":{"title":"Uusi ty\u00f6ss\u00e4oppimispaikka; Tilitoimisto kotikaupungissa - Ty\u00f6el\u00e4m\u00e4n sek\u00e4 koulun yhdist\u00e4minen opiskelijan silmin.","robots":{"index":"index","follow":"follow","max-snippet":"max-snippet:-1","max-image-preview":"max-image-preview:large","max-video-preview":"max-video-preview:-1"},"canonical":"https:\/\/blogit.gradia.fi\/anniinatuomijarvi\/uusi-tyossaoppimispaikka-tilitoimisto-kotikaupungissa\/","og_locale":"fi_FI","og_type":"article","og_title":"Uusi ty\u00f6ss\u00e4oppimispaikka; Tilitoimisto kotikaupungissa - Ty\u00f6el\u00e4m\u00e4n sek\u00e4 koulun yhdist\u00e4minen opiskelijan silmin.","og_description":"Hellou ! Nyt on j\u00e4\u00e4nyt ihan kokonaan t\u00e4m\u00e4 blogin p\u00e4ivitt\u00e4minen, mutta nyt mulla on oikeasti hyv\u00e4 syy: olen aloittanut ty\u00f6ss\u00e4oppimisen t\u00e4ysin uudessa paikassa! Tai siis ty\u00f6paikka itsess\u00e4\u00e4n on minulle tuttu, mutta ty\u00f6teht\u00e4v\u00e4t ovat t\u00e4ysin uusia ja haasteellisia &#8211; olen siis t\u00f6iss\u00e4 tilitoimistossa nyt t\u00e4m\u00e4n kev\u00e4\u00e4n. Harjoittelun alkujakso on mennyt toimiston ty\u00f6tapoihin ja toimintaan sek\u00e4 asiakkaisiin &hellip; Jatka lukemista Uusi ty\u00f6ss\u00e4oppimispaikka; Tilitoimisto kotikaupungissa &rarr;","og_url":"https:\/\/blogit.gradia.fi\/anniinatuomijarvi\/uusi-tyossaoppimispaikka-tilitoimisto-kotikaupungissa\/","og_site_name":"Ty\u00f6el\u00e4m\u00e4n sek\u00e4 koulun yhdist\u00e4minen opiskelijan silmin.","article_published_time":"2014-03-19T13:40:15+00:00","author":"Anniina","twitter_card":"summary_large_image","twitter_misc":{"Kirjoittanut":"Anniina","Arvioitu lukuaika":"2 minuuttia"},"schema":{"@context":"https:\/\/schema.org","@graph":[{"@type":"Article","@id":"https:\/\/blogit.gradia.fi\/anniinatuomijarvi\/uusi-tyossaoppimispaikka-tilitoimisto-kotikaupungissa\/#article","isPartOf":{"@id":"https:\/\/blogit.gradia.fi\/anniinatuomijarvi\/uusi-tyossaoppimispaikka-tilitoimisto-kotikaupungissa\/"},"author":{"name":"Anniina","@id":"https:\/\/blogit.gradia.fi\/anniinatuomijarvi\/#\/schema\/person\/a126012e8cf245661fe7e619b8b68806"},"headline":"Uusi ty\u00f6ss\u00e4oppimispaikka; Tilitoimisto kotikaupungissa","datePublished":"2014-03-19T13:40:15+00:00","mainEntityOfPage":{"@id":"https:\/\/blogit.gradia.fi\/anniinatuomijarvi\/uusi-tyossaoppimispaikka-tilitoimisto-kotikaupungissa\/"},"wordCount":400,"commentCount":0,"inLanguage":"fi","potentialAction":[{"@type":"CommentAction","name":"Comment","target":["https:\/\/blogit.gradia.fi\/anniinatuomijarvi\/uusi-tyossaoppimispaikka-tilitoimisto-kotikaupungissa\/#respond"]}]},{"@type":"WebPage","@id":"https:\/\/blogit.gradia.fi\/anniinatuomijarvi\/uusi-tyossaoppimispaikka-tilitoimisto-kotikaupungissa\/","url":"https:\/\/blogit.gradia.fi\/anniinatuomijarvi\/uusi-tyossaoppimispaikka-tilitoimisto-kotikaupungissa\/","name":"Uusi ty\u00f6ss\u00e4oppimispaikka; Tilitoimisto kotikaupungissa - Ty\u00f6el\u00e4m\u00e4n sek\u00e4 koulun yhdist\u00e4minen opiskelijan silmin.","isPartOf":{"@id":"https:\/\/blogit.gradia.fi\/anniinatuomijarvi\/#website"},"datePublished":"2014-03-19T13:40:15+00:00","author":{"@id":"https:\/\/blogit.gradia.fi\/anniinatuomijarvi\/#\/schema\/person\/a126012e8cf245661fe7e619b8b68806"},"inLanguage":"fi","potentialAction":[{"@type":"ReadAction","target":["https:\/\/blogit.gradia.fi\/anniinatuomijarvi\/uusi-tyossaoppimispaikka-tilitoimisto-kotikaupungissa\/"]}]},{"@type":"WebSite","@id":"https:\/\/blogit.gradia.fi\/anniinatuomijarvi\/#website","url":"https:\/\/blogit.gradia.fi\/anniinatuomijarvi\/","name":"Ty\u00f6el\u00e4m\u00e4n sek\u00e4 koulun yhdist\u00e4minen opiskelijan silmin.","description":"","potentialAction":[{"@type":"SearchAction","target":{"@type":"EntryPoint","urlTemplate":"https:\/\/blogit.gradia.fi\/anniinatuomijarvi\/?s={search_term_string}"},"query-input":{"@type":"PropertyValueSpecification","valueRequired":true,"valueName":"search_term_string"}}],"inLanguage":"fi"},{"@type":"Person","@id":"https:\/\/blogit.gradia.fi\/anniinatuomijarvi\/#\/schema\/person\/a126012e8cf245661fe7e619b8b68806","name":"Anniina","image":{"@type":"ImageObject","inLanguage":"fi","@id":"https:\/\/secure.gravatar.com\/avatar\/faa68d1f1aa3d5a567e8faedb990f70be54a921fe1e421b90146ac2ec28bd4c2?s=96&d=mm&r=g","url":"https:\/\/secure.gravatar.com\/avatar\/faa68d1f1aa3d5a567e8faedb990f70be54a921fe1e421b90146ac2ec28bd4c2?s=96&d=mm&r=g","contentUrl":"https:\/\/secure.gravatar.com\/avatar\/faa68d1f1aa3d5a567e8faedb990f70be54a921fe1e421b90146ac2ec28bd4c2?s=96&d=mm&r=g","caption":"Anniina"},"description":"Moikka ! Olen J\u00e4ms\u00e4l\u00e4inen 18 vuotias tytt\u00f6 ja opiskelen Jyv\u00e4skyl\u00e4n ammattiopistossa merkonomiksi ty\u00f6harjoittelupainotteisella linjalla, joka koostuu viikossa kolmesta p\u00e4iv\u00e4st\u00e4 ty\u00f6t\u00e4 ja kahdesta p\u00e4iv\u00e4st\u00e4 koulua.","sameAs":["https:\/\/blogit.gradia.fi\/anniinatuomijarvi"],"url":"https:\/\/blogit.gradia.fi\/anniinatuomijarvi\/author\/ao106993\/"}]}},"uagb_featured_image_src":{"full":false,"thumbnail":false,"medium":false,"medium_large":false,"large":false,"1536x1536":false,"2048x2048":false,"post-thumbnail":false,"twentyfourteen-full-width":false},"uagb_author_info":{"display_name":"Anniina","author_link":"https:\/\/blogit.gradia.fi\/anniinatuomijarvi\/author\/ao106993\/"},"uagb_comment_info":0,"uagb_excerpt":"Hellou ! Nyt on j\u00e4\u00e4nyt ihan kokonaan t\u00e4m\u00e4 blogin p\u00e4ivitt\u00e4minen, mutta nyt mulla on oikeasti hyv\u00e4 syy: olen aloittanut ty\u00f6ss\u00e4oppimisen t\u00e4ysin uudessa paikassa! Tai siis ty\u00f6paikka itsess\u00e4\u00e4n on minulle tuttu, mutta ty\u00f6teht\u00e4v\u00e4t ovat t\u00e4ysin uusia ja haasteellisia &#8211; olen siis t\u00f6iss\u00e4 tilitoimistossa nyt t\u00e4m\u00e4n kev\u00e4\u00e4n. Harjoittelun alkujakso on mennyt toimiston ty\u00f6tapoihin ja toimintaan sek\u00e4 asiakkaisiin&hellip;","_links":{"self":[{"href":"https:\/\/blogit.gradia.fi\/anniinatuomijarvi\/wp-json\/wp\/v2\/posts\/321","targetHints":{"allow":["GET"]}}],"collection":[{"href":"https:\/\/blogit.gradia.fi\/anniinatuomijarvi\/wp-json\/wp\/v2\/posts"}],"about":[{"href":"https:\/\/blogit.gradia.fi\/anniinatuomijarvi\/wp-json\/wp\/v2\/types\/post"}],"author":[{"embeddable":true,"href":"https:\/\/blogit.gradia.fi\/anniinatuomijarvi\/wp-json\/wp\/v2\/users\/588"}],"replies":[{"embeddable":true,"href":"https:\/\/blogit.gradia.fi\/anniinatuomijarvi\/wp-json\/wp\/v2\/comments?post=321"}],"version-history":[{"count":0,"href":"https:\/\/blogit.gradia.fi\/anniinatuomijarvi\/wp-json\/wp\/v2\/posts\/321\/revisions"}],"wp:attachment":[{"href":"https:\/\/blogit.gradia.fi\/anniinatuomijarvi\/wp-json\/wp\/v2\/media?parent=321"}],"wp:term":[{"taxonomy":"category","embeddable":true,"href":"https:\/\/blogit.gradia.fi\/anniinatuomijarvi\/wp-json\/wp\/v2\/categories?post=321"},{"taxonomy":"post_tag","embeddable":true,"href":"https:\/\/blogit.gradia.fi\/anniinatuomijarvi\/wp-json\/wp\/v2\/tags?post=321"}],"curies":[{"name":"wp","href":"https:\/\/api.w.org\/{rel}","templated":true}]}}