{"id":270,"date":"2013-12-10T21:42:44","date_gmt":"2013-12-10T19:42:44","guid":{"rendered":"https:\/\/blogit.gradia.fi\/anniinatuomijarvi\/?p=270"},"modified":"2014-11-23T22:17:29","modified_gmt":"2014-11-23T20:17:29","slug":"kiiretta-huisketta-vilinaa-vilsketta","status":"publish","type":"post","link":"https:\/\/blogit.gradia.fi\/anniinatuomijarvi\/kiiretta-huisketta-vilinaa-vilsketta\/","title":{"rendered":"Tavarakuorman purku alusta loppuun"},"content":{"rendered":"<p>Kuorman purku alusta loppuun.<\/p>\n<p>1. Kuorma saapuu putiikille, merkeist\u00e4 riippuen useammassa\/v\u00e4hemm\u00e4ss\u00e4\/pienemm\u00e4ss\u00e4\/isommassa\/jos jonkinlaisessa laatikossa.<\/p>\n<figure id=\"attachment_273\" aria-describedby=\"caption-attachment-273\" style=\"width: 301px\" class=\"wp-caption alignnone\"><a href=\"https:\/\/blogit.gradia.fi\/anniinatuomijarvi\/wp-content\/uploads\/sites\/94\/2013\/12\/nimet\u00f6n11.png\"><img loading=\"lazy\" decoding=\"async\" class=\"size-full wp-image-273\" alt=\"1.\" src=\"https:\/\/blogit.gradia.fi\/anniinatuomijarvi\/wp-content\/uploads\/sites\/94\/2013\/12\/nimet\u00f6n11.png\" width=\"301\" height=\"437\" \/><\/a><figcaption id=\"caption-attachment-273\" class=\"wp-caption-text\">1.<\/figcaption><\/figure>\n<p>2. L\u00e4hetyslistan tarkastus. T\u00e4st\u00e4 pystyy tarkistamaan ett\u00e4 oikeat koot, v\u00e4rit ja kappalem\u00e4\u00e4r\u00e4t t\u00e4sm\u00e4\u00e4.<\/p>\n<figure id=\"attachment_274\" aria-describedby=\"caption-attachment-274\" style=\"width: 314px\" class=\"wp-caption alignnone\"><a href=\"https:\/\/blogit.gradia.fi\/anniinatuomijarvi\/wp-content\/uploads\/sites\/94\/2013\/12\/nimet\u00f6n21.png\"><img loading=\"lazy\" decoding=\"async\" class=\"size-full wp-image-274\" alt=\"2.\" src=\"https:\/\/blogit.gradia.fi\/anniinatuomijarvi\/wp-content\/uploads\/sites\/94\/2013\/12\/nimet\u00f6n21.png\" width=\"314\" height=\"406\" \/><\/a><figcaption id=\"caption-attachment-274\" class=\"wp-caption-text\">2.<\/figcaption><\/figure>\n<p>3. N\u00e4m\u00e4 oikeastaan k\u00e4y samaan, laatikoiden avaus ja l\u00e4hetyslistasta tarkastaminen. Kun oikea tuote l\u00f6ytyy listasta, v\u00e4ri\/koko\/kpl m\u00e4\u00e4r\u00e4 t\u00e4sm\u00e4\u00e4 niin se vedet\u00e4\u00e4n kyn\u00e4ll\u00e4 yli. N\u00e4in on helppoa katsoa lopussa ett\u00e4 onko kaikki tuotteet tulleet.<\/p>\n<figure id=\"attachment_275\" aria-describedby=\"caption-attachment-275\" style=\"width: 639px\" class=\"wp-caption alignnone\"><a href=\"https:\/\/blogit.gradia.fi\/anniinatuomijarvi\/wp-content\/uploads\/sites\/94\/2013\/12\/nimet\u00f6n31.png\"><img loading=\"lazy\" decoding=\"async\" class=\"size-full wp-image-275\" alt=\"3.\" src=\"https:\/\/blogit.gradia.fi\/anniinatuomijarvi\/wp-content\/uploads\/sites\/94\/2013\/12\/nimet\u00f6n31.png\" width=\"639\" height=\"234\" \/><\/a><figcaption id=\"caption-attachment-275\" class=\"wp-caption-text\">3.<\/figcaption><\/figure>\n<p>4. Tuotteiden asetteleminen hyllyihin\/rekeille\/p\u00f6ydille.<br \/>\nSaapuneet tuotteet lajitellaan joko kolmeen tai kahteen paikkaan, myym\u00e4l\u00e4\u00e4n\/varastoon\/verkkokauppaan, riippuen kappalem\u00e4\u00e4r\u00e4st\u00e4. Lajittelu menee niin, ett\u00e4 p\u00e4\u00e4asiassa tuotteet tulevat sek\u00e4 myym\u00e4l\u00e4\u00e4n ett\u00e4 verkkokauppaan ja voi olla niin ettei varastoon j\u00e4\u00e4 yht\u00e4\u00e4n kappaletta. Esim. jos samaa tuotetta tulee 5 kappaletta menee 1 myym\u00e4l\u00e4\u00e4n, 1 verkkokauppaan ja 3 varastoon. Jos samaa tuotetta tulee 4 kappaletta menee 1 myym\u00e4l\u00e4\u00e4n, 1 verkkokauppaan ja 2 varastoon jnejnejne. Tarkoitus siis on ett\u00e4 myym\u00e4l\u00e4ss\u00e4 sek\u00e4 verkkokaupassa on ainakin yksi kappale tuotetta.<\/p>\n<figure id=\"attachment_276\" aria-describedby=\"caption-attachment-276\" style=\"width: 681px\" class=\"wp-caption alignnone\"><a href=\"https:\/\/blogit.gradia.fi\/anniinatuomijarvi\/wp-content\/uploads\/sites\/94\/2013\/12\/nimet\u00f6n41.png\"><img loading=\"lazy\" decoding=\"async\" class=\"size-full wp-image-276\" alt=\"3.\" src=\"https:\/\/blogit.gradia.fi\/anniinatuomijarvi\/wp-content\/uploads\/sites\/94\/2013\/12\/nimet\u00f6n41.png\" width=\"681\" height=\"225\" \/><\/a><figcaption id=\"caption-attachment-276\" class=\"wp-caption-text\">4.<\/figcaption><\/figure>\n<p>5. Kierr\u00e4tys. Tyhj\u00e4t pahvilaatikot joko lyt\u00e4t\u00e4\u00e4n ja vied\u00e4\u00e4n kierr\u00e4tykseen tai j\u00e4tet\u00e4\u00e4n verkkokauppaan koska niit\u00e4 on hyv\u00e4 uudelleen k\u00e4ytt\u00e4\u00e4 verkkokaupassa tilausten l\u00e4hett\u00e4miseen. Kuvassa olevat tyhj\u00e4t pahvilaatikot meniv\u00e4t t\u00e4ss\u00e4 tapauksessa verkkokauppalle, koska ne olivat sopivan kokoisia.<\/p>\n<figure id=\"attachment_278\" aria-describedby=\"caption-attachment-278\" style=\"width: 332px\" class=\"wp-caption alignnone\"><a href=\"https:\/\/blogit.gradia.fi\/anniinatuomijarvi\/wp-content\/uploads\/sites\/94\/2013\/12\/nimet\u00f6n5.png\"><img loading=\"lazy\" decoding=\"async\" class=\"size-full wp-image-278\" alt=\"5.\" src=\"https:\/\/blogit.gradia.fi\/anniinatuomijarvi\/wp-content\/uploads\/sites\/94\/2013\/12\/nimet\u00f6n5.png\" width=\"332\" height=\"375\" \/><\/a><figcaption id=\"caption-attachment-278\" class=\"wp-caption-text\">5.<\/figcaption><\/figure>\n<p>&nbsp;<\/p>\n<p>&nbsp;<\/p>\n","protected":false},"excerpt":{"rendered":"<p>Kuorman purku alusta loppuun. 1. Kuorma saapuu putiikille, merkeist\u00e4 riippuen useammassa\/v\u00e4hemm\u00e4ss\u00e4\/pienemm\u00e4ss\u00e4\/isommassa\/jos jonkinlaisessa laatikossa. 2. L\u00e4hetyslistan tarkastus. T\u00e4st\u00e4 pystyy tarkistamaan ett\u00e4 oikeat koot, v\u00e4rit ja kappalem\u00e4\u00e4r\u00e4t t\u00e4sm\u00e4\u00e4. 3. N\u00e4m\u00e4 oikeastaan k\u00e4y samaan, laatikoiden avaus ja l\u00e4hetyslistasta tarkastaminen. Kun oikea tuote l\u00f6ytyy listasta, v\u00e4ri\/koko\/kpl m\u00e4\u00e4r\u00e4 t\u00e4sm\u00e4\u00e4 niin se vedet\u00e4\u00e4n kyn\u00e4ll\u00e4 yli. N\u00e4in on helppoa katsoa lopussa ett\u00e4 &hellip; <a href=\"https:\/\/blogit.gradia.fi\/anniinatuomijarvi\/kiiretta-huisketta-vilinaa-vilsketta\/\" class=\"more-link\">Jatka lukemista <span class=\"screen-reader-text\">Tavarakuorman purku alusta loppuun<\/span> <span class=\"meta-nav\">&rarr;<\/span><\/a><\/p>\n","protected":false},"author":588,"featured_media":0,"comment_status":"open","ping_status":"open","sticky":false,"template":"","format":"standard","meta":{"_uag_custom_page_level_css":"","footnotes":""},"categories":[1],"tags":[],"class_list":["post-270","post","type-post","status-publish","format-standard","hentry","category-yleinen"],"yoast_head":"<!-- This site is optimized with the Yoast SEO plugin v27.4 - https:\/\/yoast.com\/product\/yoast-seo-wordpress\/ -->\n<title>Tavarakuorman purku alusta loppuun - Ty\u00f6el\u00e4m\u00e4n sek\u00e4 koulun yhdist\u00e4minen opiskelijan silmin.<\/title>\n<meta name=\"robots\" content=\"index, follow, max-snippet:-1, max-image-preview:large, max-video-preview:-1\" \/>\n<link rel=\"canonical\" href=\"https:\/\/blogit.gradia.fi\/anniinatuomijarvi\/kiiretta-huisketta-vilinaa-vilsketta\/\" \/>\n<meta property=\"og:locale\" content=\"fi_FI\" \/>\n<meta property=\"og:type\" content=\"article\" \/>\n<meta property=\"og:title\" content=\"Tavarakuorman purku alusta loppuun - Ty\u00f6el\u00e4m\u00e4n sek\u00e4 koulun yhdist\u00e4minen opiskelijan silmin.\" \/>\n<meta property=\"og:description\" content=\"Kuorman purku alusta loppuun. 1. Kuorma saapuu putiikille, merkeist\u00e4 riippuen useammassa\/v\u00e4hemm\u00e4ss\u00e4\/pienemm\u00e4ss\u00e4\/isommassa\/jos jonkinlaisessa laatikossa. 2. L\u00e4hetyslistan tarkastus. T\u00e4st\u00e4 pystyy tarkistamaan ett\u00e4 oikeat koot, v\u00e4rit ja kappalem\u00e4\u00e4r\u00e4t t\u00e4sm\u00e4\u00e4. 3. N\u00e4m\u00e4 oikeastaan k\u00e4y samaan, laatikoiden avaus ja l\u00e4hetyslistasta tarkastaminen. Kun oikea tuote l\u00f6ytyy listasta, v\u00e4ri\/koko\/kpl m\u00e4\u00e4r\u00e4 t\u00e4sm\u00e4\u00e4 niin se vedet\u00e4\u00e4n kyn\u00e4ll\u00e4 yli. N\u00e4in on helppoa katsoa lopussa ett\u00e4 &hellip; Jatka lukemista Tavarakuorman purku alusta loppuun &rarr;\" \/>\n<meta property=\"og:url\" content=\"https:\/\/blogit.gradia.fi\/anniinatuomijarvi\/kiiretta-huisketta-vilinaa-vilsketta\/\" \/>\n<meta property=\"og:site_name\" content=\"Ty\u00f6el\u00e4m\u00e4n sek\u00e4 koulun yhdist\u00e4minen opiskelijan silmin.\" \/>\n<meta property=\"article:published_time\" content=\"2013-12-10T19:42:44+00:00\" \/>\n<meta property=\"article:modified_time\" content=\"2014-11-23T20:17:29+00:00\" \/>\n<meta property=\"og:image\" content=\"https:\/\/blogit.gradia.fi\/anniinatuomijarvi\/wp-content\/uploads\/sites\/94\/2013\/12\/nimet\u00f6n11.png\" \/>\n<meta name=\"author\" content=\"Anniina\" \/>\n<meta name=\"twitter:card\" content=\"summary_large_image\" \/>\n<meta name=\"twitter:label1\" content=\"Kirjoittanut\" \/>\n\t<meta name=\"twitter:data1\" content=\"Anniina\" \/>\n\t<meta name=\"twitter:label2\" content=\"Arvioitu lukuaika\" \/>\n\t<meta name=\"twitter:data2\" content=\"1 minuutti\" \/>\n<script type=\"application\/ld+json\" class=\"yoast-schema-graph\">{\"@context\":\"https:\\\/\\\/schema.org\",\"@graph\":[{\"@type\":\"Article\",\"@id\":\"https:\\\/\\\/blogit.gradia.fi\\\/anniinatuomijarvi\\\/kiiretta-huisketta-vilinaa-vilsketta\\\/#article\",\"isPartOf\":{\"@id\":\"https:\\\/\\\/blogit.gradia.fi\\\/anniinatuomijarvi\\\/kiiretta-huisketta-vilinaa-vilsketta\\\/\"},\"author\":{\"name\":\"Anniina\",\"@id\":\"https:\\\/\\\/blogit.gradia.fi\\\/anniinatuomijarvi\\\/#\\\/schema\\\/person\\\/a126012e8cf245661fe7e619b8b68806\"},\"headline\":\"Tavarakuorman purku alusta loppuun\",\"datePublished\":\"2013-12-10T19:42:44+00:00\",\"dateModified\":\"2014-11-23T20:17:29+00:00\",\"mainEntityOfPage\":{\"@id\":\"https:\\\/\\\/blogit.gradia.fi\\\/anniinatuomijarvi\\\/kiiretta-huisketta-vilinaa-vilsketta\\\/\"},\"wordCount\":256,\"commentCount\":1,\"inLanguage\":\"fi\",\"potentialAction\":[{\"@type\":\"CommentAction\",\"name\":\"Comment\",\"target\":[\"https:\\\/\\\/blogit.gradia.fi\\\/anniinatuomijarvi\\\/kiiretta-huisketta-vilinaa-vilsketta\\\/#respond\"]}]},{\"@type\":\"WebPage\",\"@id\":\"https:\\\/\\\/blogit.gradia.fi\\\/anniinatuomijarvi\\\/kiiretta-huisketta-vilinaa-vilsketta\\\/\",\"url\":\"https:\\\/\\\/blogit.gradia.fi\\\/anniinatuomijarvi\\\/kiiretta-huisketta-vilinaa-vilsketta\\\/\",\"name\":\"Tavarakuorman purku alusta loppuun - Ty\u00f6el\u00e4m\u00e4n sek\u00e4 koulun yhdist\u00e4minen opiskelijan silmin.\",\"isPartOf\":{\"@id\":\"https:\\\/\\\/blogit.gradia.fi\\\/anniinatuomijarvi\\\/#website\"},\"datePublished\":\"2013-12-10T19:42:44+00:00\",\"dateModified\":\"2014-11-23T20:17:29+00:00\",\"author\":{\"@id\":\"https:\\\/\\\/blogit.gradia.fi\\\/anniinatuomijarvi\\\/#\\\/schema\\\/person\\\/a126012e8cf245661fe7e619b8b68806\"},\"inLanguage\":\"fi\",\"potentialAction\":[{\"@type\":\"ReadAction\",\"target\":[\"https:\\\/\\\/blogit.gradia.fi\\\/anniinatuomijarvi\\\/kiiretta-huisketta-vilinaa-vilsketta\\\/\"]}]},{\"@type\":\"WebSite\",\"@id\":\"https:\\\/\\\/blogit.gradia.fi\\\/anniinatuomijarvi\\\/#website\",\"url\":\"https:\\\/\\\/blogit.gradia.fi\\\/anniinatuomijarvi\\\/\",\"name\":\"Ty\u00f6el\u00e4m\u00e4n sek\u00e4 koulun yhdist\u00e4minen opiskelijan silmin.\",\"description\":\"\",\"potentialAction\":[{\"@type\":\"SearchAction\",\"target\":{\"@type\":\"EntryPoint\",\"urlTemplate\":\"https:\\\/\\\/blogit.gradia.fi\\\/anniinatuomijarvi\\\/?s={search_term_string}\"},\"query-input\":{\"@type\":\"PropertyValueSpecification\",\"valueRequired\":true,\"valueName\":\"search_term_string\"}}],\"inLanguage\":\"fi\"},{\"@type\":\"Person\",\"@id\":\"https:\\\/\\\/blogit.gradia.fi\\\/anniinatuomijarvi\\\/#\\\/schema\\\/person\\\/a126012e8cf245661fe7e619b8b68806\",\"name\":\"Anniina\",\"image\":{\"@type\":\"ImageObject\",\"inLanguage\":\"fi\",\"@id\":\"https:\\\/\\\/secure.gravatar.com\\\/avatar\\\/faa68d1f1aa3d5a567e8faedb990f70be54a921fe1e421b90146ac2ec28bd4c2?s=96&d=mm&r=g\",\"url\":\"https:\\\/\\\/secure.gravatar.com\\\/avatar\\\/faa68d1f1aa3d5a567e8faedb990f70be54a921fe1e421b90146ac2ec28bd4c2?s=96&d=mm&r=g\",\"contentUrl\":\"https:\\\/\\\/secure.gravatar.com\\\/avatar\\\/faa68d1f1aa3d5a567e8faedb990f70be54a921fe1e421b90146ac2ec28bd4c2?s=96&d=mm&r=g\",\"caption\":\"Anniina\"},\"description\":\"Moikka ! Olen J\u00e4ms\u00e4l\u00e4inen 18 vuotias tytt\u00f6 ja opiskelen Jyv\u00e4skyl\u00e4n ammattiopistossa merkonomiksi ty\u00f6harjoittelupainotteisella linjalla, joka koostuu viikossa kolmesta p\u00e4iv\u00e4st\u00e4 ty\u00f6t\u00e4 ja kahdesta p\u00e4iv\u00e4st\u00e4 koulua.\",\"sameAs\":[\"https:\\\/\\\/blogit.gradia.fi\\\/anniinatuomijarvi\"],\"url\":\"https:\\\/\\\/blogit.gradia.fi\\\/anniinatuomijarvi\\\/author\\\/ao106993\\\/\"}]}<\/script>\n<!-- \/ Yoast SEO plugin. -->","yoast_head_json":{"title":"Tavarakuorman purku alusta loppuun - Ty\u00f6el\u00e4m\u00e4n sek\u00e4 koulun yhdist\u00e4minen opiskelijan silmin.","robots":{"index":"index","follow":"follow","max-snippet":"max-snippet:-1","max-image-preview":"max-image-preview:large","max-video-preview":"max-video-preview:-1"},"canonical":"https:\/\/blogit.gradia.fi\/anniinatuomijarvi\/kiiretta-huisketta-vilinaa-vilsketta\/","og_locale":"fi_FI","og_type":"article","og_title":"Tavarakuorman purku alusta loppuun - Ty\u00f6el\u00e4m\u00e4n sek\u00e4 koulun yhdist\u00e4minen opiskelijan silmin.","og_description":"Kuorman purku alusta loppuun. 1. Kuorma saapuu putiikille, merkeist\u00e4 riippuen useammassa\/v\u00e4hemm\u00e4ss\u00e4\/pienemm\u00e4ss\u00e4\/isommassa\/jos jonkinlaisessa laatikossa. 2. L\u00e4hetyslistan tarkastus. T\u00e4st\u00e4 pystyy tarkistamaan ett\u00e4 oikeat koot, v\u00e4rit ja kappalem\u00e4\u00e4r\u00e4t t\u00e4sm\u00e4\u00e4. 3. N\u00e4m\u00e4 oikeastaan k\u00e4y samaan, laatikoiden avaus ja l\u00e4hetyslistasta tarkastaminen. Kun oikea tuote l\u00f6ytyy listasta, v\u00e4ri\/koko\/kpl m\u00e4\u00e4r\u00e4 t\u00e4sm\u00e4\u00e4 niin se vedet\u00e4\u00e4n kyn\u00e4ll\u00e4 yli. N\u00e4in on helppoa katsoa lopussa ett\u00e4 &hellip; Jatka lukemista Tavarakuorman purku alusta loppuun &rarr;","og_url":"https:\/\/blogit.gradia.fi\/anniinatuomijarvi\/kiiretta-huisketta-vilinaa-vilsketta\/","og_site_name":"Ty\u00f6el\u00e4m\u00e4n sek\u00e4 koulun yhdist\u00e4minen opiskelijan silmin.","article_published_time":"2013-12-10T19:42:44+00:00","article_modified_time":"2014-11-23T20:17:29+00:00","og_image":[{"url":"https:\/\/blogit.gradia.fi\/anniinatuomijarvi\/wp-content\/uploads\/sites\/94\/2013\/12\/nimet\u00f6n11.png","type":"","width":"","height":""}],"author":"Anniina","twitter_card":"summary_large_image","twitter_misc":{"Kirjoittanut":"Anniina","Arvioitu lukuaika":"1 minuutti"},"schema":{"@context":"https:\/\/schema.org","@graph":[{"@type":"Article","@id":"https:\/\/blogit.gradia.fi\/anniinatuomijarvi\/kiiretta-huisketta-vilinaa-vilsketta\/#article","isPartOf":{"@id":"https:\/\/blogit.gradia.fi\/anniinatuomijarvi\/kiiretta-huisketta-vilinaa-vilsketta\/"},"author":{"name":"Anniina","@id":"https:\/\/blogit.gradia.fi\/anniinatuomijarvi\/#\/schema\/person\/a126012e8cf245661fe7e619b8b68806"},"headline":"Tavarakuorman purku alusta loppuun","datePublished":"2013-12-10T19:42:44+00:00","dateModified":"2014-11-23T20:17:29+00:00","mainEntityOfPage":{"@id":"https:\/\/blogit.gradia.fi\/anniinatuomijarvi\/kiiretta-huisketta-vilinaa-vilsketta\/"},"wordCount":256,"commentCount":1,"inLanguage":"fi","potentialAction":[{"@type":"CommentAction","name":"Comment","target":["https:\/\/blogit.gradia.fi\/anniinatuomijarvi\/kiiretta-huisketta-vilinaa-vilsketta\/#respond"]}]},{"@type":"WebPage","@id":"https:\/\/blogit.gradia.fi\/anniinatuomijarvi\/kiiretta-huisketta-vilinaa-vilsketta\/","url":"https:\/\/blogit.gradia.fi\/anniinatuomijarvi\/kiiretta-huisketta-vilinaa-vilsketta\/","name":"Tavarakuorman purku alusta loppuun - Ty\u00f6el\u00e4m\u00e4n sek\u00e4 koulun yhdist\u00e4minen opiskelijan silmin.","isPartOf":{"@id":"https:\/\/blogit.gradia.fi\/anniinatuomijarvi\/#website"},"datePublished":"2013-12-10T19:42:44+00:00","dateModified":"2014-11-23T20:17:29+00:00","author":{"@id":"https:\/\/blogit.gradia.fi\/anniinatuomijarvi\/#\/schema\/person\/a126012e8cf245661fe7e619b8b68806"},"inLanguage":"fi","potentialAction":[{"@type":"ReadAction","target":["https:\/\/blogit.gradia.fi\/anniinatuomijarvi\/kiiretta-huisketta-vilinaa-vilsketta\/"]}]},{"@type":"WebSite","@id":"https:\/\/blogit.gradia.fi\/anniinatuomijarvi\/#website","url":"https:\/\/blogit.gradia.fi\/anniinatuomijarvi\/","name":"Ty\u00f6el\u00e4m\u00e4n sek\u00e4 koulun yhdist\u00e4minen opiskelijan silmin.","description":"","potentialAction":[{"@type":"SearchAction","target":{"@type":"EntryPoint","urlTemplate":"https:\/\/blogit.gradia.fi\/anniinatuomijarvi\/?s={search_term_string}"},"query-input":{"@type":"PropertyValueSpecification","valueRequired":true,"valueName":"search_term_string"}}],"inLanguage":"fi"},{"@type":"Person","@id":"https:\/\/blogit.gradia.fi\/anniinatuomijarvi\/#\/schema\/person\/a126012e8cf245661fe7e619b8b68806","name":"Anniina","image":{"@type":"ImageObject","inLanguage":"fi","@id":"https:\/\/secure.gravatar.com\/avatar\/faa68d1f1aa3d5a567e8faedb990f70be54a921fe1e421b90146ac2ec28bd4c2?s=96&d=mm&r=g","url":"https:\/\/secure.gravatar.com\/avatar\/faa68d1f1aa3d5a567e8faedb990f70be54a921fe1e421b90146ac2ec28bd4c2?s=96&d=mm&r=g","contentUrl":"https:\/\/secure.gravatar.com\/avatar\/faa68d1f1aa3d5a567e8faedb990f70be54a921fe1e421b90146ac2ec28bd4c2?s=96&d=mm&r=g","caption":"Anniina"},"description":"Moikka ! Olen J\u00e4ms\u00e4l\u00e4inen 18 vuotias tytt\u00f6 ja opiskelen Jyv\u00e4skyl\u00e4n ammattiopistossa merkonomiksi ty\u00f6harjoittelupainotteisella linjalla, joka koostuu viikossa kolmesta p\u00e4iv\u00e4st\u00e4 ty\u00f6t\u00e4 ja kahdesta p\u00e4iv\u00e4st\u00e4 koulua.","sameAs":["https:\/\/blogit.gradia.fi\/anniinatuomijarvi"],"url":"https:\/\/blogit.gradia.fi\/anniinatuomijarvi\/author\/ao106993\/"}]}},"uagb_featured_image_src":{"full":false,"thumbnail":false,"medium":false,"medium_large":false,"large":false,"1536x1536":false,"2048x2048":false,"post-thumbnail":false,"twentyfourteen-full-width":false},"uagb_author_info":{"display_name":"Anniina","author_link":"https:\/\/blogit.gradia.fi\/anniinatuomijarvi\/author\/ao106993\/"},"uagb_comment_info":8,"uagb_excerpt":"Kuorman purku alusta loppuun. 1. Kuorma saapuu putiikille, merkeist\u00e4 riippuen useammassa\/v\u00e4hemm\u00e4ss\u00e4\/pienemm\u00e4ss\u00e4\/isommassa\/jos jonkinlaisessa laatikossa. 2. L\u00e4hetyslistan tarkastus. T\u00e4st\u00e4 pystyy tarkistamaan ett\u00e4 oikeat koot, v\u00e4rit ja kappalem\u00e4\u00e4r\u00e4t t\u00e4sm\u00e4\u00e4. 3. N\u00e4m\u00e4 oikeastaan k\u00e4y samaan, laatikoiden avaus ja l\u00e4hetyslistasta tarkastaminen. Kun oikea tuote l\u00f6ytyy listasta, v\u00e4ri\/koko\/kpl m\u00e4\u00e4r\u00e4 t\u00e4sm\u00e4\u00e4 niin se vedet\u00e4\u00e4n kyn\u00e4ll\u00e4 yli. N\u00e4in on helppoa katsoa lopussa ett\u00e4&hellip;","_links":{"self":[{"href":"https:\/\/blogit.gradia.fi\/anniinatuomijarvi\/wp-json\/wp\/v2\/posts\/270","targetHints":{"allow":["GET"]}}],"collection":[{"href":"https:\/\/blogit.gradia.fi\/anniinatuomijarvi\/wp-json\/wp\/v2\/posts"}],"about":[{"href":"https:\/\/blogit.gradia.fi\/anniinatuomijarvi\/wp-json\/wp\/v2\/types\/post"}],"author":[{"embeddable":true,"href":"https:\/\/blogit.gradia.fi\/anniinatuomijarvi\/wp-json\/wp\/v2\/users\/588"}],"replies":[{"embeddable":true,"href":"https:\/\/blogit.gradia.fi\/anniinatuomijarvi\/wp-json\/wp\/v2\/comments?post=270"}],"version-history":[{"count":0,"href":"https:\/\/blogit.gradia.fi\/anniinatuomijarvi\/wp-json\/wp\/v2\/posts\/270\/revisions"}],"wp:attachment":[{"href":"https:\/\/blogit.gradia.fi\/anniinatuomijarvi\/wp-json\/wp\/v2\/media?parent=270"}],"wp:term":[{"taxonomy":"category","embeddable":true,"href":"https:\/\/blogit.gradia.fi\/anniinatuomijarvi\/wp-json\/wp\/v2\/categories?post=270"},{"taxonomy":"post_tag","embeddable":true,"href":"https:\/\/blogit.gradia.fi\/anniinatuomijarvi\/wp-json\/wp\/v2\/tags?post=270"}],"curies":[{"name":"wp","href":"https:\/\/api.w.org\/{rel}","templated":true}]}}