{"id":265,"date":"2013-12-10T20:52:02","date_gmt":"2013-12-10T18:52:02","guid":{"rendered":"https:\/\/blogit.gradia.fi\/anniinatuomijarvi\/?p=265"},"modified":"2014-12-07T18:16:21","modified_gmt":"2014-12-07T16:16:21","slug":"sepityksia-viime-viikosta-priimus-ja-movia","status":"publish","type":"post","link":"https:\/\/blogit.gradia.fi\/anniinatuomijarvi\/sepityksia-viime-viikosta-priimus-ja-movia\/","title":{"rendered":"Priimus ja Movia vierailut"},"content":{"rendered":"<p>Moikka !<\/p>\n<p>V\u00e4h\u00e4n my\u00f6h\u00e4ss\u00e4 ajattelin teille kertoa viime viikosta kun k\u00e4vimme luokan kanssa Priimuksella sy\u00f6m\u00e4ss\u00e4 kolmen ruokalajin p\u00e4iv\u00e4llisen sek\u00e4 tutustumassa autokoulu Moviaan.<\/p>\n<p>Eli ensin menimme Priimukselle ja p\u00e4iv\u00e4 alkoi erilaisilla teht\u00e4vill\u00e4 pieniss\u00e4 ryhmiss\u00e4. Opettelimme menu-korttien tekoa, servettien taittelua, yleistietoa &#8221;ty\u00f6v\u00e4lineist\u00e4&#8221; ja ravintola k\u00e4ytt\u00e4ytymisest\u00e4. Saimme my\u00f6s tavata kaksi kolmosvuoden opiskelija tytt\u00f6\u00e4 jotka valmistelivat kattausta SM-kisoihin.<br \/>\nPuolen p\u00e4iv\u00e4n aikoihin alkoi olla jo aika kova n\u00e4lk\u00e4 ja siisp\u00e4 seuraavana ohjelmassa oli meille j\u00e4rjestetty kolmen ruokalajin &#8217;tapalounas&#8217;.<\/p>\n<p><a href=\"https:\/\/blogit.gradia.fi\/anniinatuomijarvi\/wp-content\/uploads\/sites\/94\/2013\/12\/nimet\u00f6n1.png\"><img loading=\"lazy\" decoding=\"async\" class=\"alignnone size-full wp-image-266\" src=\"https:\/\/blogit.gradia.fi\/anniinatuomijarvi\/wp-content\/uploads\/sites\/94\/2013\/12\/nimet\u00f6n1.png\" alt=\"nimet\u00f6n\" width=\"710\" height=\"429\" \/><\/a><\/p>\n<p>Ruoan sy\u00f6ty\u00e4mme l\u00e4hdimme opettajamme kyydill\u00e4 keskustaan autokoulu Moviaan, ja siell\u00e4 saimme kuulla yritt\u00e4j\u00e4lt\u00e4 ketjuna toimimisesta, markkinoinnista ja koulutustarjonnasta. Sen j\u00e4lkeen saimme itsekkin tehd\u00e4 jotain: meid\u00e4n piti mielikuvituksellisesti myyd\u00e4 toisillemme Movian palveluita pareittain. Min\u00e4 ja Sanni olimme parit\u00a0 ja toinen oli ensin ns. sihteeri ja toinen tuli asiakkaaksi. Ja hetken p\u00e4\u00e4st\u00e4 vaihdettiin.\u00a0 Alhaalla olevassa kuvassa onkin Sanni\u00a0 asiakkaana ja min\u00e4 myyj\u00e4n\u00e4.<\/p>\n<p><img loading=\"lazy\" decoding=\"async\" class=\"aligncenter  wp-image-217\" src=\"https:\/\/blogit.gradia.fi\/visu\/wp-content\/uploads\/sites\/30\/2013\/12\/image4.jpg\" alt=\"image\" width=\"428\" height=\"321\" \/><\/p>\n<p>(kuva kopioitu osoitteesta https:\/\/blogit.gradia.fi\/visu\/2013\/12\/05\/lets-move-to-movia\/)<\/p>\n","protected":false},"excerpt":{"rendered":"<p>Moikka ! V\u00e4h\u00e4n my\u00f6h\u00e4ss\u00e4 ajattelin teille kertoa viime viikosta kun k\u00e4vimme luokan kanssa Priimuksella sy\u00f6m\u00e4ss\u00e4 kolmen ruokalajin p\u00e4iv\u00e4llisen sek\u00e4 tutustumassa autokoulu Moviaan. Eli ensin menimme Priimukselle ja p\u00e4iv\u00e4 alkoi erilaisilla teht\u00e4vill\u00e4 pieniss\u00e4 ryhmiss\u00e4. Opettelimme menu-korttien tekoa, servettien taittelua, yleistietoa &#8221;ty\u00f6v\u00e4lineist\u00e4&#8221; ja ravintola k\u00e4ytt\u00e4ytymisest\u00e4. Saimme my\u00f6s tavata kaksi kolmosvuoden opiskelija tytt\u00f6\u00e4 jotka valmistelivat kattausta SM-kisoihin. Puolen &hellip; <a href=\"https:\/\/blogit.gradia.fi\/anniinatuomijarvi\/sepityksia-viime-viikosta-priimus-ja-movia\/\" class=\"more-link\">Jatka lukemista <span class=\"screen-reader-text\">Priimus ja Movia vierailut<\/span> <span class=\"meta-nav\">&rarr;<\/span><\/a><\/p>\n","protected":false},"author":588,"featured_media":0,"comment_status":"open","ping_status":"open","sticky":false,"template":"","format":"standard","meta":{"_uag_custom_page_level_css":"","footnotes":""},"categories":[1],"tags":[],"class_list":["post-265","post","type-post","status-publish","format-standard","hentry","category-yleinen"],"yoast_head":"<!-- This site is optimized with the Yoast SEO plugin v27.4 - https:\/\/yoast.com\/product\/yoast-seo-wordpress\/ -->\n<title>Priimus ja Movia vierailut - Ty\u00f6el\u00e4m\u00e4n sek\u00e4 koulun yhdist\u00e4minen opiskelijan silmin.<\/title>\n<meta name=\"robots\" content=\"index, follow, max-snippet:-1, max-image-preview:large, max-video-preview:-1\" \/>\n<link rel=\"canonical\" href=\"https:\/\/blogit.gradia.fi\/anniinatuomijarvi\/sepityksia-viime-viikosta-priimus-ja-movia\/\" \/>\n<meta property=\"og:locale\" content=\"fi_FI\" \/>\n<meta property=\"og:type\" content=\"article\" \/>\n<meta property=\"og:title\" content=\"Priimus ja Movia vierailut - Ty\u00f6el\u00e4m\u00e4n sek\u00e4 koulun yhdist\u00e4minen opiskelijan silmin.\" \/>\n<meta property=\"og:description\" content=\"Moikka ! V\u00e4h\u00e4n my\u00f6h\u00e4ss\u00e4 ajattelin teille kertoa viime viikosta kun k\u00e4vimme luokan kanssa Priimuksella sy\u00f6m\u00e4ss\u00e4 kolmen ruokalajin p\u00e4iv\u00e4llisen sek\u00e4 tutustumassa autokoulu Moviaan. Eli ensin menimme Priimukselle ja p\u00e4iv\u00e4 alkoi erilaisilla teht\u00e4vill\u00e4 pieniss\u00e4 ryhmiss\u00e4. Opettelimme menu-korttien tekoa, servettien taittelua, yleistietoa &#8221;ty\u00f6v\u00e4lineist\u00e4&#8221; ja ravintola k\u00e4ytt\u00e4ytymisest\u00e4. Saimme my\u00f6s tavata kaksi kolmosvuoden opiskelija tytt\u00f6\u00e4 jotka valmistelivat kattausta SM-kisoihin. Puolen &hellip; Jatka lukemista Priimus ja Movia vierailut &rarr;\" \/>\n<meta property=\"og:url\" content=\"https:\/\/blogit.gradia.fi\/anniinatuomijarvi\/sepityksia-viime-viikosta-priimus-ja-movia\/\" \/>\n<meta property=\"og:site_name\" content=\"Ty\u00f6el\u00e4m\u00e4n sek\u00e4 koulun yhdist\u00e4minen opiskelijan silmin.\" \/>\n<meta property=\"article:published_time\" content=\"2013-12-10T18:52:02+00:00\" \/>\n<meta property=\"article:modified_time\" content=\"2014-12-07T16:16:21+00:00\" \/>\n<meta property=\"og:image\" content=\"https:\/\/blogit.gradia.fi\/anniinatuomijarvi\/wp-content\/uploads\/sites\/94\/2013\/12\/nimet\u00f6n1.png\" \/>\n<meta name=\"author\" content=\"Anniina\" \/>\n<meta name=\"twitter:card\" content=\"summary_large_image\" \/>\n<meta name=\"twitter:label1\" content=\"Kirjoittanut\" \/>\n\t<meta name=\"twitter:data1\" content=\"Anniina\" \/>\n\t<meta name=\"twitter:label2\" content=\"Arvioitu lukuaika\" \/>\n\t<meta name=\"twitter:data2\" content=\"1 minuutti\" \/>\n<script type=\"application\/ld+json\" class=\"yoast-schema-graph\">{\"@context\":\"https:\\\/\\\/schema.org\",\"@graph\":[{\"@type\":\"Article\",\"@id\":\"https:\\\/\\\/blogit.gradia.fi\\\/anniinatuomijarvi\\\/sepityksia-viime-viikosta-priimus-ja-movia\\\/#article\",\"isPartOf\":{\"@id\":\"https:\\\/\\\/blogit.gradia.fi\\\/anniinatuomijarvi\\\/sepityksia-viime-viikosta-priimus-ja-movia\\\/\"},\"author\":{\"name\":\"Anniina\",\"@id\":\"https:\\\/\\\/blogit.gradia.fi\\\/anniinatuomijarvi\\\/#\\\/schema\\\/person\\\/a126012e8cf245661fe7e619b8b68806\"},\"headline\":\"Priimus ja Movia vierailut\",\"datePublished\":\"2013-12-10T18:52:02+00:00\",\"dateModified\":\"2014-12-07T16:16:21+00:00\",\"mainEntityOfPage\":{\"@id\":\"https:\\\/\\\/blogit.gradia.fi\\\/anniinatuomijarvi\\\/sepityksia-viime-viikosta-priimus-ja-movia\\\/\"},\"wordCount\":174,\"commentCount\":1,\"image\":{\"@id\":\"https:\\\/\\\/blogit.gradia.fi\\\/anniinatuomijarvi\\\/sepityksia-viime-viikosta-priimus-ja-movia\\\/#primaryimage\"},\"thumbnailUrl\":\"https:\\\/\\\/blogit.gradia.fi\\\/visu\\\/wp-content\\\/uploads\\\/sites\\\/30\\\/2013\\\/12\\\/image4.jpg\",\"inLanguage\":\"fi\",\"potentialAction\":[{\"@type\":\"CommentAction\",\"name\":\"Comment\",\"target\":[\"https:\\\/\\\/blogit.gradia.fi\\\/anniinatuomijarvi\\\/sepityksia-viime-viikosta-priimus-ja-movia\\\/#respond\"]}]},{\"@type\":\"WebPage\",\"@id\":\"https:\\\/\\\/blogit.gradia.fi\\\/anniinatuomijarvi\\\/sepityksia-viime-viikosta-priimus-ja-movia\\\/\",\"url\":\"https:\\\/\\\/blogit.gradia.fi\\\/anniinatuomijarvi\\\/sepityksia-viime-viikosta-priimus-ja-movia\\\/\",\"name\":\"Priimus ja Movia vierailut - Ty\u00f6el\u00e4m\u00e4n sek\u00e4 koulun yhdist\u00e4minen opiskelijan silmin.\",\"isPartOf\":{\"@id\":\"https:\\\/\\\/blogit.gradia.fi\\\/anniinatuomijarvi\\\/#website\"},\"primaryImageOfPage\":{\"@id\":\"https:\\\/\\\/blogit.gradia.fi\\\/anniinatuomijarvi\\\/sepityksia-viime-viikosta-priimus-ja-movia\\\/#primaryimage\"},\"image\":{\"@id\":\"https:\\\/\\\/blogit.gradia.fi\\\/anniinatuomijarvi\\\/sepityksia-viime-viikosta-priimus-ja-movia\\\/#primaryimage\"},\"thumbnailUrl\":\"https:\\\/\\\/blogit.gradia.fi\\\/visu\\\/wp-content\\\/uploads\\\/sites\\\/30\\\/2013\\\/12\\\/image4.jpg\",\"datePublished\":\"2013-12-10T18:52:02+00:00\",\"dateModified\":\"2014-12-07T16:16:21+00:00\",\"author\":{\"@id\":\"https:\\\/\\\/blogit.gradia.fi\\\/anniinatuomijarvi\\\/#\\\/schema\\\/person\\\/a126012e8cf245661fe7e619b8b68806\"},\"inLanguage\":\"fi\",\"potentialAction\":[{\"@type\":\"ReadAction\",\"target\":[\"https:\\\/\\\/blogit.gradia.fi\\\/anniinatuomijarvi\\\/sepityksia-viime-viikosta-priimus-ja-movia\\\/\"]}]},{\"@type\":\"ImageObject\",\"inLanguage\":\"fi\",\"@id\":\"https:\\\/\\\/blogit.gradia.fi\\\/anniinatuomijarvi\\\/sepityksia-viime-viikosta-priimus-ja-movia\\\/#primaryimage\",\"url\":\"https:\\\/\\\/blogit.gradia.fi\\\/visu\\\/wp-content\\\/uploads\\\/sites\\\/30\\\/2013\\\/12\\\/image4.jpg\",\"contentUrl\":\"https:\\\/\\\/blogit.gradia.fi\\\/visu\\\/wp-content\\\/uploads\\\/sites\\\/30\\\/2013\\\/12\\\/image4.jpg\"},{\"@type\":\"WebSite\",\"@id\":\"https:\\\/\\\/blogit.gradia.fi\\\/anniinatuomijarvi\\\/#website\",\"url\":\"https:\\\/\\\/blogit.gradia.fi\\\/anniinatuomijarvi\\\/\",\"name\":\"Ty\u00f6el\u00e4m\u00e4n sek\u00e4 koulun yhdist\u00e4minen opiskelijan silmin.\",\"description\":\"\",\"potentialAction\":[{\"@type\":\"SearchAction\",\"target\":{\"@type\":\"EntryPoint\",\"urlTemplate\":\"https:\\\/\\\/blogit.gradia.fi\\\/anniinatuomijarvi\\\/?s={search_term_string}\"},\"query-input\":{\"@type\":\"PropertyValueSpecification\",\"valueRequired\":true,\"valueName\":\"search_term_string\"}}],\"inLanguage\":\"fi\"},{\"@type\":\"Person\",\"@id\":\"https:\\\/\\\/blogit.gradia.fi\\\/anniinatuomijarvi\\\/#\\\/schema\\\/person\\\/a126012e8cf245661fe7e619b8b68806\",\"name\":\"Anniina\",\"image\":{\"@type\":\"ImageObject\",\"inLanguage\":\"fi\",\"@id\":\"https:\\\/\\\/secure.gravatar.com\\\/avatar\\\/faa68d1f1aa3d5a567e8faedb990f70be54a921fe1e421b90146ac2ec28bd4c2?s=96&d=mm&r=g\",\"url\":\"https:\\\/\\\/secure.gravatar.com\\\/avatar\\\/faa68d1f1aa3d5a567e8faedb990f70be54a921fe1e421b90146ac2ec28bd4c2?s=96&d=mm&r=g\",\"contentUrl\":\"https:\\\/\\\/secure.gravatar.com\\\/avatar\\\/faa68d1f1aa3d5a567e8faedb990f70be54a921fe1e421b90146ac2ec28bd4c2?s=96&d=mm&r=g\",\"caption\":\"Anniina\"},\"description\":\"Moikka ! Olen J\u00e4ms\u00e4l\u00e4inen 18 vuotias tytt\u00f6 ja opiskelen Jyv\u00e4skyl\u00e4n ammattiopistossa merkonomiksi ty\u00f6harjoittelupainotteisella linjalla, joka koostuu viikossa kolmesta p\u00e4iv\u00e4st\u00e4 ty\u00f6t\u00e4 ja kahdesta p\u00e4iv\u00e4st\u00e4 koulua.\",\"sameAs\":[\"https:\\\/\\\/blogit.gradia.fi\\\/anniinatuomijarvi\"],\"url\":\"https:\\\/\\\/blogit.gradia.fi\\\/anniinatuomijarvi\\\/author\\\/ao106993\\\/\"}]}<\/script>\n<!-- \/ Yoast SEO plugin. -->","yoast_head_json":{"title":"Priimus ja Movia vierailut - Ty\u00f6el\u00e4m\u00e4n sek\u00e4 koulun yhdist\u00e4minen opiskelijan silmin.","robots":{"index":"index","follow":"follow","max-snippet":"max-snippet:-1","max-image-preview":"max-image-preview:large","max-video-preview":"max-video-preview:-1"},"canonical":"https:\/\/blogit.gradia.fi\/anniinatuomijarvi\/sepityksia-viime-viikosta-priimus-ja-movia\/","og_locale":"fi_FI","og_type":"article","og_title":"Priimus ja Movia vierailut - Ty\u00f6el\u00e4m\u00e4n sek\u00e4 koulun yhdist\u00e4minen opiskelijan silmin.","og_description":"Moikka ! V\u00e4h\u00e4n my\u00f6h\u00e4ss\u00e4 ajattelin teille kertoa viime viikosta kun k\u00e4vimme luokan kanssa Priimuksella sy\u00f6m\u00e4ss\u00e4 kolmen ruokalajin p\u00e4iv\u00e4llisen sek\u00e4 tutustumassa autokoulu Moviaan. Eli ensin menimme Priimukselle ja p\u00e4iv\u00e4 alkoi erilaisilla teht\u00e4vill\u00e4 pieniss\u00e4 ryhmiss\u00e4. Opettelimme menu-korttien tekoa, servettien taittelua, yleistietoa &#8221;ty\u00f6v\u00e4lineist\u00e4&#8221; ja ravintola k\u00e4ytt\u00e4ytymisest\u00e4. Saimme my\u00f6s tavata kaksi kolmosvuoden opiskelija tytt\u00f6\u00e4 jotka valmistelivat kattausta SM-kisoihin. Puolen &hellip; Jatka lukemista Priimus ja Movia vierailut &rarr;","og_url":"https:\/\/blogit.gradia.fi\/anniinatuomijarvi\/sepityksia-viime-viikosta-priimus-ja-movia\/","og_site_name":"Ty\u00f6el\u00e4m\u00e4n sek\u00e4 koulun yhdist\u00e4minen opiskelijan silmin.","article_published_time":"2013-12-10T18:52:02+00:00","article_modified_time":"2014-12-07T16:16:21+00:00","og_image":[{"url":"https:\/\/blogit.gradia.fi\/anniinatuomijarvi\/wp-content\/uploads\/sites\/94\/2013\/12\/nimet\u00f6n1.png","type":"","width":"","height":""}],"author":"Anniina","twitter_card":"summary_large_image","twitter_misc":{"Kirjoittanut":"Anniina","Arvioitu lukuaika":"1 minuutti"},"schema":{"@context":"https:\/\/schema.org","@graph":[{"@type":"Article","@id":"https:\/\/blogit.gradia.fi\/anniinatuomijarvi\/sepityksia-viime-viikosta-priimus-ja-movia\/#article","isPartOf":{"@id":"https:\/\/blogit.gradia.fi\/anniinatuomijarvi\/sepityksia-viime-viikosta-priimus-ja-movia\/"},"author":{"name":"Anniina","@id":"https:\/\/blogit.gradia.fi\/anniinatuomijarvi\/#\/schema\/person\/a126012e8cf245661fe7e619b8b68806"},"headline":"Priimus ja Movia vierailut","datePublished":"2013-12-10T18:52:02+00:00","dateModified":"2014-12-07T16:16:21+00:00","mainEntityOfPage":{"@id":"https:\/\/blogit.gradia.fi\/anniinatuomijarvi\/sepityksia-viime-viikosta-priimus-ja-movia\/"},"wordCount":174,"commentCount":1,"image":{"@id":"https:\/\/blogit.gradia.fi\/anniinatuomijarvi\/sepityksia-viime-viikosta-priimus-ja-movia\/#primaryimage"},"thumbnailUrl":"https:\/\/blogit.gradia.fi\/visu\/wp-content\/uploads\/sites\/30\/2013\/12\/image4.jpg","inLanguage":"fi","potentialAction":[{"@type":"CommentAction","name":"Comment","target":["https:\/\/blogit.gradia.fi\/anniinatuomijarvi\/sepityksia-viime-viikosta-priimus-ja-movia\/#respond"]}]},{"@type":"WebPage","@id":"https:\/\/blogit.gradia.fi\/anniinatuomijarvi\/sepityksia-viime-viikosta-priimus-ja-movia\/","url":"https:\/\/blogit.gradia.fi\/anniinatuomijarvi\/sepityksia-viime-viikosta-priimus-ja-movia\/","name":"Priimus ja Movia vierailut - Ty\u00f6el\u00e4m\u00e4n sek\u00e4 koulun yhdist\u00e4minen opiskelijan silmin.","isPartOf":{"@id":"https:\/\/blogit.gradia.fi\/anniinatuomijarvi\/#website"},"primaryImageOfPage":{"@id":"https:\/\/blogit.gradia.fi\/anniinatuomijarvi\/sepityksia-viime-viikosta-priimus-ja-movia\/#primaryimage"},"image":{"@id":"https:\/\/blogit.gradia.fi\/anniinatuomijarvi\/sepityksia-viime-viikosta-priimus-ja-movia\/#primaryimage"},"thumbnailUrl":"https:\/\/blogit.gradia.fi\/visu\/wp-content\/uploads\/sites\/30\/2013\/12\/image4.jpg","datePublished":"2013-12-10T18:52:02+00:00","dateModified":"2014-12-07T16:16:21+00:00","author":{"@id":"https:\/\/blogit.gradia.fi\/anniinatuomijarvi\/#\/schema\/person\/a126012e8cf245661fe7e619b8b68806"},"inLanguage":"fi","potentialAction":[{"@type":"ReadAction","target":["https:\/\/blogit.gradia.fi\/anniinatuomijarvi\/sepityksia-viime-viikosta-priimus-ja-movia\/"]}]},{"@type":"ImageObject","inLanguage":"fi","@id":"https:\/\/blogit.gradia.fi\/anniinatuomijarvi\/sepityksia-viime-viikosta-priimus-ja-movia\/#primaryimage","url":"https:\/\/blogit.gradia.fi\/visu\/wp-content\/uploads\/sites\/30\/2013\/12\/image4.jpg","contentUrl":"https:\/\/blogit.gradia.fi\/visu\/wp-content\/uploads\/sites\/30\/2013\/12\/image4.jpg"},{"@type":"WebSite","@id":"https:\/\/blogit.gradia.fi\/anniinatuomijarvi\/#website","url":"https:\/\/blogit.gradia.fi\/anniinatuomijarvi\/","name":"Ty\u00f6el\u00e4m\u00e4n sek\u00e4 koulun yhdist\u00e4minen opiskelijan silmin.","description":"","potentialAction":[{"@type":"SearchAction","target":{"@type":"EntryPoint","urlTemplate":"https:\/\/blogit.gradia.fi\/anniinatuomijarvi\/?s={search_term_string}"},"query-input":{"@type":"PropertyValueSpecification","valueRequired":true,"valueName":"search_term_string"}}],"inLanguage":"fi"},{"@type":"Person","@id":"https:\/\/blogit.gradia.fi\/anniinatuomijarvi\/#\/schema\/person\/a126012e8cf245661fe7e619b8b68806","name":"Anniina","image":{"@type":"ImageObject","inLanguage":"fi","@id":"https:\/\/secure.gravatar.com\/avatar\/faa68d1f1aa3d5a567e8faedb990f70be54a921fe1e421b90146ac2ec28bd4c2?s=96&d=mm&r=g","url":"https:\/\/secure.gravatar.com\/avatar\/faa68d1f1aa3d5a567e8faedb990f70be54a921fe1e421b90146ac2ec28bd4c2?s=96&d=mm&r=g","contentUrl":"https:\/\/secure.gravatar.com\/avatar\/faa68d1f1aa3d5a567e8faedb990f70be54a921fe1e421b90146ac2ec28bd4c2?s=96&d=mm&r=g","caption":"Anniina"},"description":"Moikka ! Olen J\u00e4ms\u00e4l\u00e4inen 18 vuotias tytt\u00f6 ja opiskelen Jyv\u00e4skyl\u00e4n ammattiopistossa merkonomiksi ty\u00f6harjoittelupainotteisella linjalla, joka koostuu viikossa kolmesta p\u00e4iv\u00e4st\u00e4 ty\u00f6t\u00e4 ja kahdesta p\u00e4iv\u00e4st\u00e4 koulua.","sameAs":["https:\/\/blogit.gradia.fi\/anniinatuomijarvi"],"url":"https:\/\/blogit.gradia.fi\/anniinatuomijarvi\/author\/ao106993\/"}]}},"uagb_featured_image_src":{"full":false,"thumbnail":false,"medium":false,"medium_large":false,"large":false,"1536x1536":false,"2048x2048":false,"post-thumbnail":false,"twentyfourteen-full-width":false},"uagb_author_info":{"display_name":"Anniina","author_link":"https:\/\/blogit.gradia.fi\/anniinatuomijarvi\/author\/ao106993\/"},"uagb_comment_info":1,"uagb_excerpt":"Moikka ! V\u00e4h\u00e4n my\u00f6h\u00e4ss\u00e4 ajattelin teille kertoa viime viikosta kun k\u00e4vimme luokan kanssa Priimuksella sy\u00f6m\u00e4ss\u00e4 kolmen ruokalajin p\u00e4iv\u00e4llisen sek\u00e4 tutustumassa autokoulu Moviaan. Eli ensin menimme Priimukselle ja p\u00e4iv\u00e4 alkoi erilaisilla teht\u00e4vill\u00e4 pieniss\u00e4 ryhmiss\u00e4. Opettelimme menu-korttien tekoa, servettien taittelua, yleistietoa &#8221;ty\u00f6v\u00e4lineist\u00e4&#8221; ja ravintola k\u00e4ytt\u00e4ytymisest\u00e4. Saimme my\u00f6s tavata kaksi kolmosvuoden opiskelija tytt\u00f6\u00e4 jotka valmistelivat kattausta SM-kisoihin. Puolen&hellip;","_links":{"self":[{"href":"https:\/\/blogit.gradia.fi\/anniinatuomijarvi\/wp-json\/wp\/v2\/posts\/265","targetHints":{"allow":["GET"]}}],"collection":[{"href":"https:\/\/blogit.gradia.fi\/anniinatuomijarvi\/wp-json\/wp\/v2\/posts"}],"about":[{"href":"https:\/\/blogit.gradia.fi\/anniinatuomijarvi\/wp-json\/wp\/v2\/types\/post"}],"author":[{"embeddable":true,"href":"https:\/\/blogit.gradia.fi\/anniinatuomijarvi\/wp-json\/wp\/v2\/users\/588"}],"replies":[{"embeddable":true,"href":"https:\/\/blogit.gradia.fi\/anniinatuomijarvi\/wp-json\/wp\/v2\/comments?post=265"}],"version-history":[{"count":0,"href":"https:\/\/blogit.gradia.fi\/anniinatuomijarvi\/wp-json\/wp\/v2\/posts\/265\/revisions"}],"wp:attachment":[{"href":"https:\/\/blogit.gradia.fi\/anniinatuomijarvi\/wp-json\/wp\/v2\/media?parent=265"}],"wp:term":[{"taxonomy":"category","embeddable":true,"href":"https:\/\/blogit.gradia.fi\/anniinatuomijarvi\/wp-json\/wp\/v2\/categories?post=265"},{"taxonomy":"post_tag","embeddable":true,"href":"https:\/\/blogit.gradia.fi\/anniinatuomijarvi\/wp-json\/wp\/v2\/tags?post=265"}],"curies":[{"name":"wp","href":"https:\/\/api.w.org\/{rel}","templated":true}]}}