{"id":256,"date":"2013-12-03T21:36:27","date_gmt":"2013-12-03T19:36:27","guid":{"rendered":"https:\/\/blogit.gradia.fi\/anniinatuomijarvi\/?p=256"},"modified":"2014-11-23T22:13:09","modified_gmt":"2014-11-23T20:13:09","slug":"erilaiset-tyopaivat-viikoloppuna-toissa-seka-messut","status":"publish","type":"post","link":"https:\/\/blogit.gradia.fi\/anniinatuomijarvi\/erilaiset-tyopaivat-viikoloppuna-toissa-seka-messut\/","title":{"rendered":"Erilaiset ty\u00f6p\u00e4iv\u00e4t = viikoloppuna t\u00f6iss\u00e4 sek\u00e4 messut !"},"content":{"rendered":"<p>Heippa hei !<\/p>\n<p>Olimme Kimperin kanssa edellisen\u00e4 viikonloppuna Jyv\u00e4skyl\u00e4n Paviljongissa joulumessuilla.<br \/>\nMessut olivat minun ensimm\u00e4iset joihin osallistuin siis n\u00e4ytteilleasettelijan roolissa. Meit\u00e4 oli siell\u00e4 minun lis\u00e4kseni ty\u00f6kaverini Elina sek\u00e4 niiden heijastinliivien (joista aikoinaan aikaisemmassa poustauksessa kerroin) suunnittelija Kreetta ja h\u00e4nell\u00e4 oli mukana my\u00f6s Vinkeen omia tuotteita.<\/p>\n<p>Perjantaina en p\u00e4\u00e4ssyt valitettavasti mukaan rakentamaan messuosastoa kamalan migreenikohtauksen takia, mutta lauantaina olin myym\u00e4ss\u00e4 sek\u00e4 sunnuntaina my\u00f6s iltap\u00e4iv\u00e4st\u00e4 sitten purkamassa osastoa. T\u00e4ss\u00e4 muutama kuva messuilta jotka kerkesin ottamaan kiireen keskelt\u00e4:<\/p>\n<figure id=\"attachment_257\" aria-describedby=\"caption-attachment-257\" style=\"width: 618px\" class=\"wp-caption alignnone\"><a href=\"https:\/\/blogit.gradia.fi\/anniinatuomijarvi\/wp-content\/uploads\/sites\/94\/2013\/12\/nimet\u00f6n.png\"><img loading=\"lazy\" decoding=\"async\" class=\"size-full wp-image-257\" alt=\"Muutama kuva messuilta. Kuvaa klikkaamalla saat sen isommaksi.\" src=\"https:\/\/blogit.gradia.fi\/anniinatuomijarvi\/wp-content\/uploads\/sites\/94\/2013\/12\/nimet\u00f6n.png\" width=\"618\" height=\"469\" \/><\/a><figcaption id=\"caption-attachment-257\" class=\"wp-caption-text\">Muutama kuva messuilta. Kuvaa klikkaamalla saat sen suuremmaksi.<\/figcaption><\/figure>\n<figure id=\"attachment_258\" aria-describedby=\"caption-attachment-258\" style=\"width: 588px\" class=\"wp-caption alignnone\"><a href=\"https:\/\/blogit.gradia.fi\/anniinatuomijarvi\/wp-content\/uploads\/sites\/94\/2013\/12\/nimet\u00f6n2.png\"><img loading=\"lazy\" decoding=\"async\" class=\"size-full wp-image-258\" alt=\"Messuilla mukana my\u00f6s Vinkee ! Kuvaa klikkaamalla saat sen suuremmaksi.\" src=\"https:\/\/blogit.gradia.fi\/anniinatuomijarvi\/wp-content\/uploads\/sites\/94\/2013\/12\/nimet\u00f6n2.png\" width=\"588\" height=\"348\" \/><\/a><figcaption id=\"caption-attachment-258\" class=\"wp-caption-text\">Meid\u00e4n messuostastolla mukana my\u00f6s Vinkee ! Kuvaa klikkaamalla saat sen suuremmaksi.<\/figcaption><\/figure>\n<figure id=\"attachment_259\" aria-describedby=\"caption-attachment-259\" style=\"width: 441px\" class=\"wp-caption alignnone\"><a href=\"https:\/\/blogit.gradia.fi\/anniinatuomijarvi\/wp-content\/uploads\/sites\/94\/2013\/12\/nimet\u00f6n3.png\"><img loading=\"lazy\" decoding=\"async\" class=\"size-full wp-image-259\" alt=\"Ensimm\u00e4ist\u00e4 kertaa esill\u00e4 my\u00f6s uusi koira heijastinliivi Vinkeelt\u00e4.\" src=\"https:\/\/blogit.gradia.fi\/anniinatuomijarvi\/wp-content\/uploads\/sites\/94\/2013\/12\/nimet\u00f6n3.png\" width=\"441\" height=\"558\" \/><\/a><figcaption id=\"caption-attachment-259\" class=\"wp-caption-text\">Ensimm\u00e4ist\u00e4 kertaa esill\u00e4 my\u00f6s uusi koira heijastinliivi Vinkeelt\u00e4.<\/figcaption><\/figure>\n<p>Messuviikonloppu p\u00e4\u00e4ttyikin sunnuntaina t\u00e4h\u00e4n:<\/p>\n<p><a href=\"https:\/\/blogit.gradia.fi\/anniinatuomijarvi\/wp-content\/uploads\/sites\/94\/2013\/12\/nimet\u00f6n4.png\"><img loading=\"lazy\" decoding=\"async\" class=\"alignnone size-full wp-image-260\" alt=\"nimet\u00f6n4\" src=\"https:\/\/blogit.gradia.fi\/anniinatuomijarvi\/wp-content\/uploads\/sites\/94\/2013\/12\/nimet\u00f6n4.png\" width=\"500\" height=\"393\" \/><\/a><\/p>\n<p>&nbsp;<\/p>\n","protected":false},"excerpt":{"rendered":"<p>Heippa hei ! Olimme Kimperin kanssa edellisen\u00e4 viikonloppuna Jyv\u00e4skyl\u00e4n Paviljongissa joulumessuilla. Messut olivat minun ensimm\u00e4iset joihin osallistuin siis n\u00e4ytteilleasettelijan roolissa. Meit\u00e4 oli siell\u00e4 minun lis\u00e4kseni ty\u00f6kaverini Elina sek\u00e4 niiden heijastinliivien (joista aikoinaan aikaisemmassa poustauksessa kerroin) suunnittelija Kreetta ja h\u00e4nell\u00e4 oli mukana my\u00f6s Vinkeen omia tuotteita. Perjantaina en p\u00e4\u00e4ssyt valitettavasti mukaan rakentamaan messuosastoa kamalan migreenikohtauksen takia, &hellip; <a href=\"https:\/\/blogit.gradia.fi\/anniinatuomijarvi\/erilaiset-tyopaivat-viikoloppuna-toissa-seka-messut\/\" class=\"more-link\">Jatka lukemista <span class=\"screen-reader-text\">Erilaiset ty\u00f6p\u00e4iv\u00e4t = viikoloppuna t\u00f6iss\u00e4 sek\u00e4 messut !<\/span> <span class=\"meta-nav\">&rarr;<\/span><\/a><\/p>\n","protected":false},"author":588,"featured_media":0,"comment_status":"open","ping_status":"open","sticky":false,"template":"","format":"standard","meta":{"_uag_custom_page_level_css":"","footnotes":""},"categories":[1],"tags":[],"class_list":["post-256","post","type-post","status-publish","format-standard","hentry","category-yleinen"],"yoast_head":"<!-- This site is optimized with the Yoast SEO plugin v27.4 - https:\/\/yoast.com\/product\/yoast-seo-wordpress\/ -->\n<title>Erilaiset ty\u00f6p\u00e4iv\u00e4t = viikoloppuna t\u00f6iss\u00e4 sek\u00e4 messut ! - Ty\u00f6el\u00e4m\u00e4n sek\u00e4 koulun yhdist\u00e4minen opiskelijan silmin.<\/title>\n<meta name=\"robots\" content=\"index, follow, max-snippet:-1, max-image-preview:large, max-video-preview:-1\" \/>\n<link rel=\"canonical\" href=\"https:\/\/blogit.gradia.fi\/anniinatuomijarvi\/erilaiset-tyopaivat-viikoloppuna-toissa-seka-messut\/\" \/>\n<meta property=\"og:locale\" content=\"fi_FI\" \/>\n<meta property=\"og:type\" content=\"article\" \/>\n<meta property=\"og:title\" content=\"Erilaiset ty\u00f6p\u00e4iv\u00e4t = viikoloppuna t\u00f6iss\u00e4 sek\u00e4 messut ! - Ty\u00f6el\u00e4m\u00e4n sek\u00e4 koulun yhdist\u00e4minen opiskelijan silmin.\" \/>\n<meta property=\"og:description\" content=\"Heippa hei ! Olimme Kimperin kanssa edellisen\u00e4 viikonloppuna Jyv\u00e4skyl\u00e4n Paviljongissa joulumessuilla. Messut olivat minun ensimm\u00e4iset joihin osallistuin siis n\u00e4ytteilleasettelijan roolissa. Meit\u00e4 oli siell\u00e4 minun lis\u00e4kseni ty\u00f6kaverini Elina sek\u00e4 niiden heijastinliivien (joista aikoinaan aikaisemmassa poustauksessa kerroin) suunnittelija Kreetta ja h\u00e4nell\u00e4 oli mukana my\u00f6s Vinkeen omia tuotteita. Perjantaina en p\u00e4\u00e4ssyt valitettavasti mukaan rakentamaan messuosastoa kamalan migreenikohtauksen takia, &hellip; Jatka lukemista Erilaiset ty\u00f6p\u00e4iv\u00e4t = viikoloppuna t\u00f6iss\u00e4 sek\u00e4 messut ! &rarr;\" \/>\n<meta property=\"og:url\" content=\"https:\/\/blogit.gradia.fi\/anniinatuomijarvi\/erilaiset-tyopaivat-viikoloppuna-toissa-seka-messut\/\" \/>\n<meta property=\"og:site_name\" content=\"Ty\u00f6el\u00e4m\u00e4n sek\u00e4 koulun yhdist\u00e4minen opiskelijan silmin.\" \/>\n<meta property=\"article:published_time\" content=\"2013-12-03T19:36:27+00:00\" \/>\n<meta property=\"article:modified_time\" content=\"2014-11-23T20:13:09+00:00\" \/>\n<meta property=\"og:image\" content=\"https:\/\/blogit.gradia.fi\/anniinatuomijarvi\/wp-content\/uploads\/sites\/94\/2013\/12\/nimet\u00f6n.png\" \/>\n<meta name=\"author\" content=\"Anniina\" \/>\n<meta name=\"twitter:card\" content=\"summary_large_image\" \/>\n<meta name=\"twitter:label1\" content=\"Kirjoittanut\" \/>\n\t<meta name=\"twitter:data1\" content=\"Anniina\" \/>\n\t<meta name=\"twitter:label2\" content=\"Arvioitu lukuaika\" \/>\n\t<meta name=\"twitter:data2\" content=\"1 minuutti\" \/>\n<script type=\"application\/ld+json\" class=\"yoast-schema-graph\">{\"@context\":\"https:\\\/\\\/schema.org\",\"@graph\":[{\"@type\":\"Article\",\"@id\":\"https:\\\/\\\/blogit.gradia.fi\\\/anniinatuomijarvi\\\/erilaiset-tyopaivat-viikoloppuna-toissa-seka-messut\\\/#article\",\"isPartOf\":{\"@id\":\"https:\\\/\\\/blogit.gradia.fi\\\/anniinatuomijarvi\\\/erilaiset-tyopaivat-viikoloppuna-toissa-seka-messut\\\/\"},\"author\":{\"name\":\"Anniina\",\"@id\":\"https:\\\/\\\/blogit.gradia.fi\\\/anniinatuomijarvi\\\/#\\\/schema\\\/person\\\/a126012e8cf245661fe7e619b8b68806\"},\"headline\":\"Erilaiset ty\u00f6p\u00e4iv\u00e4t = viikoloppuna t\u00f6iss\u00e4 sek\u00e4 messut !\",\"datePublished\":\"2013-12-03T19:36:27+00:00\",\"dateModified\":\"2014-11-23T20:13:09+00:00\",\"mainEntityOfPage\":{\"@id\":\"https:\\\/\\\/blogit.gradia.fi\\\/anniinatuomijarvi\\\/erilaiset-tyopaivat-viikoloppuna-toissa-seka-messut\\\/\"},\"wordCount\":157,\"commentCount\":0,\"inLanguage\":\"fi\",\"potentialAction\":[{\"@type\":\"CommentAction\",\"name\":\"Comment\",\"target\":[\"https:\\\/\\\/blogit.gradia.fi\\\/anniinatuomijarvi\\\/erilaiset-tyopaivat-viikoloppuna-toissa-seka-messut\\\/#respond\"]}]},{\"@type\":\"WebPage\",\"@id\":\"https:\\\/\\\/blogit.gradia.fi\\\/anniinatuomijarvi\\\/erilaiset-tyopaivat-viikoloppuna-toissa-seka-messut\\\/\",\"url\":\"https:\\\/\\\/blogit.gradia.fi\\\/anniinatuomijarvi\\\/erilaiset-tyopaivat-viikoloppuna-toissa-seka-messut\\\/\",\"name\":\"Erilaiset ty\u00f6p\u00e4iv\u00e4t = viikoloppuna t\u00f6iss\u00e4 sek\u00e4 messut ! - Ty\u00f6el\u00e4m\u00e4n sek\u00e4 koulun yhdist\u00e4minen opiskelijan silmin.\",\"isPartOf\":{\"@id\":\"https:\\\/\\\/blogit.gradia.fi\\\/anniinatuomijarvi\\\/#website\"},\"datePublished\":\"2013-12-03T19:36:27+00:00\",\"dateModified\":\"2014-11-23T20:13:09+00:00\",\"author\":{\"@id\":\"https:\\\/\\\/blogit.gradia.fi\\\/anniinatuomijarvi\\\/#\\\/schema\\\/person\\\/a126012e8cf245661fe7e619b8b68806\"},\"inLanguage\":\"fi\",\"potentialAction\":[{\"@type\":\"ReadAction\",\"target\":[\"https:\\\/\\\/blogit.gradia.fi\\\/anniinatuomijarvi\\\/erilaiset-tyopaivat-viikoloppuna-toissa-seka-messut\\\/\"]}]},{\"@type\":\"WebSite\",\"@id\":\"https:\\\/\\\/blogit.gradia.fi\\\/anniinatuomijarvi\\\/#website\",\"url\":\"https:\\\/\\\/blogit.gradia.fi\\\/anniinatuomijarvi\\\/\",\"name\":\"Ty\u00f6el\u00e4m\u00e4n sek\u00e4 koulun yhdist\u00e4minen opiskelijan silmin.\",\"description\":\"\",\"potentialAction\":[{\"@type\":\"SearchAction\",\"target\":{\"@type\":\"EntryPoint\",\"urlTemplate\":\"https:\\\/\\\/blogit.gradia.fi\\\/anniinatuomijarvi\\\/?s={search_term_string}\"},\"query-input\":{\"@type\":\"PropertyValueSpecification\",\"valueRequired\":true,\"valueName\":\"search_term_string\"}}],\"inLanguage\":\"fi\"},{\"@type\":\"Person\",\"@id\":\"https:\\\/\\\/blogit.gradia.fi\\\/anniinatuomijarvi\\\/#\\\/schema\\\/person\\\/a126012e8cf245661fe7e619b8b68806\",\"name\":\"Anniina\",\"image\":{\"@type\":\"ImageObject\",\"inLanguage\":\"fi\",\"@id\":\"https:\\\/\\\/secure.gravatar.com\\\/avatar\\\/faa68d1f1aa3d5a567e8faedb990f70be54a921fe1e421b90146ac2ec28bd4c2?s=96&d=mm&r=g\",\"url\":\"https:\\\/\\\/secure.gravatar.com\\\/avatar\\\/faa68d1f1aa3d5a567e8faedb990f70be54a921fe1e421b90146ac2ec28bd4c2?s=96&d=mm&r=g\",\"contentUrl\":\"https:\\\/\\\/secure.gravatar.com\\\/avatar\\\/faa68d1f1aa3d5a567e8faedb990f70be54a921fe1e421b90146ac2ec28bd4c2?s=96&d=mm&r=g\",\"caption\":\"Anniina\"},\"description\":\"Moikka ! Olen J\u00e4ms\u00e4l\u00e4inen 18 vuotias tytt\u00f6 ja opiskelen Jyv\u00e4skyl\u00e4n ammattiopistossa merkonomiksi ty\u00f6harjoittelupainotteisella linjalla, joka koostuu viikossa kolmesta p\u00e4iv\u00e4st\u00e4 ty\u00f6t\u00e4 ja kahdesta p\u00e4iv\u00e4st\u00e4 koulua.\",\"sameAs\":[\"https:\\\/\\\/blogit.gradia.fi\\\/anniinatuomijarvi\"],\"url\":\"https:\\\/\\\/blogit.gradia.fi\\\/anniinatuomijarvi\\\/author\\\/ao106993\\\/\"}]}<\/script>\n<!-- \/ Yoast SEO plugin. -->","yoast_head_json":{"title":"Erilaiset ty\u00f6p\u00e4iv\u00e4t = viikoloppuna t\u00f6iss\u00e4 sek\u00e4 messut ! - Ty\u00f6el\u00e4m\u00e4n sek\u00e4 koulun yhdist\u00e4minen opiskelijan silmin.","robots":{"index":"index","follow":"follow","max-snippet":"max-snippet:-1","max-image-preview":"max-image-preview:large","max-video-preview":"max-video-preview:-1"},"canonical":"https:\/\/blogit.gradia.fi\/anniinatuomijarvi\/erilaiset-tyopaivat-viikoloppuna-toissa-seka-messut\/","og_locale":"fi_FI","og_type":"article","og_title":"Erilaiset ty\u00f6p\u00e4iv\u00e4t = viikoloppuna t\u00f6iss\u00e4 sek\u00e4 messut ! - Ty\u00f6el\u00e4m\u00e4n sek\u00e4 koulun yhdist\u00e4minen opiskelijan silmin.","og_description":"Heippa hei ! Olimme Kimperin kanssa edellisen\u00e4 viikonloppuna Jyv\u00e4skyl\u00e4n Paviljongissa joulumessuilla. Messut olivat minun ensimm\u00e4iset joihin osallistuin siis n\u00e4ytteilleasettelijan roolissa. Meit\u00e4 oli siell\u00e4 minun lis\u00e4kseni ty\u00f6kaverini Elina sek\u00e4 niiden heijastinliivien (joista aikoinaan aikaisemmassa poustauksessa kerroin) suunnittelija Kreetta ja h\u00e4nell\u00e4 oli mukana my\u00f6s Vinkeen omia tuotteita. Perjantaina en p\u00e4\u00e4ssyt valitettavasti mukaan rakentamaan messuosastoa kamalan migreenikohtauksen takia, &hellip; Jatka lukemista Erilaiset ty\u00f6p\u00e4iv\u00e4t = viikoloppuna t\u00f6iss\u00e4 sek\u00e4 messut ! &rarr;","og_url":"https:\/\/blogit.gradia.fi\/anniinatuomijarvi\/erilaiset-tyopaivat-viikoloppuna-toissa-seka-messut\/","og_site_name":"Ty\u00f6el\u00e4m\u00e4n sek\u00e4 koulun yhdist\u00e4minen opiskelijan silmin.","article_published_time":"2013-12-03T19:36:27+00:00","article_modified_time":"2014-11-23T20:13:09+00:00","og_image":[{"url":"https:\/\/blogit.gradia.fi\/anniinatuomijarvi\/wp-content\/uploads\/sites\/94\/2013\/12\/nimet\u00f6n.png","type":"","width":"","height":""}],"author":"Anniina","twitter_card":"summary_large_image","twitter_misc":{"Kirjoittanut":"Anniina","Arvioitu lukuaika":"1 minuutti"},"schema":{"@context":"https:\/\/schema.org","@graph":[{"@type":"Article","@id":"https:\/\/blogit.gradia.fi\/anniinatuomijarvi\/erilaiset-tyopaivat-viikoloppuna-toissa-seka-messut\/#article","isPartOf":{"@id":"https:\/\/blogit.gradia.fi\/anniinatuomijarvi\/erilaiset-tyopaivat-viikoloppuna-toissa-seka-messut\/"},"author":{"name":"Anniina","@id":"https:\/\/blogit.gradia.fi\/anniinatuomijarvi\/#\/schema\/person\/a126012e8cf245661fe7e619b8b68806"},"headline":"Erilaiset ty\u00f6p\u00e4iv\u00e4t = viikoloppuna t\u00f6iss\u00e4 sek\u00e4 messut !","datePublished":"2013-12-03T19:36:27+00:00","dateModified":"2014-11-23T20:13:09+00:00","mainEntityOfPage":{"@id":"https:\/\/blogit.gradia.fi\/anniinatuomijarvi\/erilaiset-tyopaivat-viikoloppuna-toissa-seka-messut\/"},"wordCount":157,"commentCount":0,"inLanguage":"fi","potentialAction":[{"@type":"CommentAction","name":"Comment","target":["https:\/\/blogit.gradia.fi\/anniinatuomijarvi\/erilaiset-tyopaivat-viikoloppuna-toissa-seka-messut\/#respond"]}]},{"@type":"WebPage","@id":"https:\/\/blogit.gradia.fi\/anniinatuomijarvi\/erilaiset-tyopaivat-viikoloppuna-toissa-seka-messut\/","url":"https:\/\/blogit.gradia.fi\/anniinatuomijarvi\/erilaiset-tyopaivat-viikoloppuna-toissa-seka-messut\/","name":"Erilaiset ty\u00f6p\u00e4iv\u00e4t = viikoloppuna t\u00f6iss\u00e4 sek\u00e4 messut ! - Ty\u00f6el\u00e4m\u00e4n sek\u00e4 koulun yhdist\u00e4minen opiskelijan silmin.","isPartOf":{"@id":"https:\/\/blogit.gradia.fi\/anniinatuomijarvi\/#website"},"datePublished":"2013-12-03T19:36:27+00:00","dateModified":"2014-11-23T20:13:09+00:00","author":{"@id":"https:\/\/blogit.gradia.fi\/anniinatuomijarvi\/#\/schema\/person\/a126012e8cf245661fe7e619b8b68806"},"inLanguage":"fi","potentialAction":[{"@type":"ReadAction","target":["https:\/\/blogit.gradia.fi\/anniinatuomijarvi\/erilaiset-tyopaivat-viikoloppuna-toissa-seka-messut\/"]}]},{"@type":"WebSite","@id":"https:\/\/blogit.gradia.fi\/anniinatuomijarvi\/#website","url":"https:\/\/blogit.gradia.fi\/anniinatuomijarvi\/","name":"Ty\u00f6el\u00e4m\u00e4n sek\u00e4 koulun yhdist\u00e4minen opiskelijan silmin.","description":"","potentialAction":[{"@type":"SearchAction","target":{"@type":"EntryPoint","urlTemplate":"https:\/\/blogit.gradia.fi\/anniinatuomijarvi\/?s={search_term_string}"},"query-input":{"@type":"PropertyValueSpecification","valueRequired":true,"valueName":"search_term_string"}}],"inLanguage":"fi"},{"@type":"Person","@id":"https:\/\/blogit.gradia.fi\/anniinatuomijarvi\/#\/schema\/person\/a126012e8cf245661fe7e619b8b68806","name":"Anniina","image":{"@type":"ImageObject","inLanguage":"fi","@id":"https:\/\/secure.gravatar.com\/avatar\/faa68d1f1aa3d5a567e8faedb990f70be54a921fe1e421b90146ac2ec28bd4c2?s=96&d=mm&r=g","url":"https:\/\/secure.gravatar.com\/avatar\/faa68d1f1aa3d5a567e8faedb990f70be54a921fe1e421b90146ac2ec28bd4c2?s=96&d=mm&r=g","contentUrl":"https:\/\/secure.gravatar.com\/avatar\/faa68d1f1aa3d5a567e8faedb990f70be54a921fe1e421b90146ac2ec28bd4c2?s=96&d=mm&r=g","caption":"Anniina"},"description":"Moikka ! Olen J\u00e4ms\u00e4l\u00e4inen 18 vuotias tytt\u00f6 ja opiskelen Jyv\u00e4skyl\u00e4n ammattiopistossa merkonomiksi ty\u00f6harjoittelupainotteisella linjalla, joka koostuu viikossa kolmesta p\u00e4iv\u00e4st\u00e4 ty\u00f6t\u00e4 ja kahdesta p\u00e4iv\u00e4st\u00e4 koulua.","sameAs":["https:\/\/blogit.gradia.fi\/anniinatuomijarvi"],"url":"https:\/\/blogit.gradia.fi\/anniinatuomijarvi\/author\/ao106993\/"}]}},"uagb_featured_image_src":{"full":false,"thumbnail":false,"medium":false,"medium_large":false,"large":false,"1536x1536":false,"2048x2048":false,"post-thumbnail":false,"twentyfourteen-full-width":false},"uagb_author_info":{"display_name":"Anniina","author_link":"https:\/\/blogit.gradia.fi\/anniinatuomijarvi\/author\/ao106993\/"},"uagb_comment_info":0,"uagb_excerpt":"Heippa hei ! Olimme Kimperin kanssa edellisen\u00e4 viikonloppuna Jyv\u00e4skyl\u00e4n Paviljongissa joulumessuilla. Messut olivat minun ensimm\u00e4iset joihin osallistuin siis n\u00e4ytteilleasettelijan roolissa. Meit\u00e4 oli siell\u00e4 minun lis\u00e4kseni ty\u00f6kaverini Elina sek\u00e4 niiden heijastinliivien (joista aikoinaan aikaisemmassa poustauksessa kerroin) suunnittelija Kreetta ja h\u00e4nell\u00e4 oli mukana my\u00f6s Vinkeen omia tuotteita. Perjantaina en p\u00e4\u00e4ssyt valitettavasti mukaan rakentamaan messuosastoa kamalan migreenikohtauksen takia,&hellip;","_links":{"self":[{"href":"https:\/\/blogit.gradia.fi\/anniinatuomijarvi\/wp-json\/wp\/v2\/posts\/256","targetHints":{"allow":["GET"]}}],"collection":[{"href":"https:\/\/blogit.gradia.fi\/anniinatuomijarvi\/wp-json\/wp\/v2\/posts"}],"about":[{"href":"https:\/\/blogit.gradia.fi\/anniinatuomijarvi\/wp-json\/wp\/v2\/types\/post"}],"author":[{"embeddable":true,"href":"https:\/\/blogit.gradia.fi\/anniinatuomijarvi\/wp-json\/wp\/v2\/users\/588"}],"replies":[{"embeddable":true,"href":"https:\/\/blogit.gradia.fi\/anniinatuomijarvi\/wp-json\/wp\/v2\/comments?post=256"}],"version-history":[{"count":0,"href":"https:\/\/blogit.gradia.fi\/anniinatuomijarvi\/wp-json\/wp\/v2\/posts\/256\/revisions"}],"wp:attachment":[{"href":"https:\/\/blogit.gradia.fi\/anniinatuomijarvi\/wp-json\/wp\/v2\/media?parent=256"}],"wp:term":[{"taxonomy":"category","embeddable":true,"href":"https:\/\/blogit.gradia.fi\/anniinatuomijarvi\/wp-json\/wp\/v2\/categories?post=256"},{"taxonomy":"post_tag","embeddable":true,"href":"https:\/\/blogit.gradia.fi\/anniinatuomijarvi\/wp-json\/wp\/v2\/tags?post=256"}],"curies":[{"name":"wp","href":"https:\/\/api.w.org\/{rel}","templated":true}]}}