{"id":241,"date":"2013-11-11T21:47:06","date_gmt":"2013-11-11T19:47:06","guid":{"rendered":"https:\/\/blogit.gradia.fi\/anniinatuomijarvi\/?p=241"},"modified":"2014-11-23T22:12:11","modified_gmt":"2014-11-23T20:12:11","slug":"maanantain-porinoita-varastointia-seka-esillepanoa","status":"publish","type":"post","link":"https:\/\/blogit.gradia.fi\/anniinatuomijarvi\/maanantain-porinoita-varastointia-seka-esillepanoa\/","title":{"rendered":"Varastointia sek\u00e4 esillepanoa"},"content":{"rendered":"<p>Hejsan !<br \/>\nKimperi osallistuu tulevana viikonloppuna Tampereella j\u00e4rjestett\u00e4viin k\u00e4sity\u00f6messuille ja sinne aloiteteltiin pakkailemaan tavaroita jo t\u00e4n\u00e4\u00e4n. T\u00e4n\u00e4\u00e4n my\u00f6s siivosin hieman nettikaupan varastoa sek\u00e4 tein Kimperin uusista omista tuotteista pienen esillepanon, kuvat niist\u00e4 alhaalla.<\/p>\n<p>T\u00e4ss\u00e4 siis v\u00e4h\u00e4n kuvia t\u00e4m\u00e4n p\u00e4iv\u00e4n touhuiluista:<\/p>\n<p><a href=\"https:\/\/blogit.gradia.fi\/anniinatuomijarvi\/wp-content\/uploads\/sites\/94\/2013\/11\/varasto1.png\"><img loading=\"lazy\" decoding=\"async\" class=\"alignnone size-full wp-image-242\" alt=\"varasto1\" src=\"https:\/\/blogit.gradia.fi\/anniinatuomijarvi\/wp-content\/uploads\/sites\/94\/2013\/11\/varasto1.png\" width=\"615\" height=\"700\" \/><\/a><\/p>\n<p>&nbsp;<\/p>\n<figure id=\"attachment_243\" aria-describedby=\"caption-attachment-243\" style=\"width: 496px\" class=\"wp-caption alignnone\"><a href=\"https:\/\/blogit.gradia.fi\/anniinatuomijarvi\/wp-content\/uploads\/sites\/94\/2013\/11\/esillep1.png\"><img loading=\"lazy\" decoding=\"async\" class=\"size-full wp-image-243\" alt=\"V\u00e4h\u00e4n uutuusv\u00e4rej\u00e4 !\" src=\"https:\/\/blogit.gradia.fi\/anniinatuomijarvi\/wp-content\/uploads\/sites\/94\/2013\/11\/esillep1.png\" width=\"496\" height=\"666\" \/><\/a><figcaption id=\"caption-attachment-243\" class=\"wp-caption-text\">Ihania uutuusv\u00e4rej\u00e4 !<\/figcaption><\/figure>\n<p>&nbsp;<\/p>\n","protected":false},"excerpt":{"rendered":"<p>Hejsan ! Kimperi osallistuu tulevana viikonloppuna Tampereella j\u00e4rjestett\u00e4viin k\u00e4sity\u00f6messuille ja sinne aloiteteltiin pakkailemaan tavaroita jo t\u00e4n\u00e4\u00e4n. T\u00e4n\u00e4\u00e4n my\u00f6s siivosin hieman nettikaupan varastoa sek\u00e4 tein Kimperin uusista omista tuotteista pienen esillepanon, kuvat niist\u00e4 alhaalla. T\u00e4ss\u00e4 siis v\u00e4h\u00e4n kuvia t\u00e4m\u00e4n p\u00e4iv\u00e4n touhuiluista: &nbsp; &nbsp;<\/p>\n","protected":false},"author":588,"featured_media":0,"comment_status":"open","ping_status":"open","sticky":false,"template":"","format":"standard","meta":{"_uag_custom_page_level_css":"","footnotes":""},"categories":[1],"tags":[],"class_list":["post-241","post","type-post","status-publish","format-standard","hentry","category-yleinen"],"yoast_head":"<!-- This site is optimized with the Yoast SEO plugin v27.4 - https:\/\/yoast.com\/product\/yoast-seo-wordpress\/ -->\n<title>Varastointia sek\u00e4 esillepanoa - Ty\u00f6el\u00e4m\u00e4n sek\u00e4 koulun yhdist\u00e4minen opiskelijan silmin.<\/title>\n<meta name=\"robots\" content=\"index, follow, max-snippet:-1, max-image-preview:large, max-video-preview:-1\" \/>\n<link rel=\"canonical\" href=\"https:\/\/blogit.gradia.fi\/anniinatuomijarvi\/maanantain-porinoita-varastointia-seka-esillepanoa\/\" \/>\n<meta property=\"og:locale\" content=\"fi_FI\" \/>\n<meta property=\"og:type\" content=\"article\" \/>\n<meta property=\"og:title\" content=\"Varastointia sek\u00e4 esillepanoa - Ty\u00f6el\u00e4m\u00e4n sek\u00e4 koulun yhdist\u00e4minen opiskelijan silmin.\" \/>\n<meta property=\"og:description\" content=\"Hejsan ! Kimperi osallistuu tulevana viikonloppuna Tampereella j\u00e4rjestett\u00e4viin k\u00e4sity\u00f6messuille ja sinne aloiteteltiin pakkailemaan tavaroita jo t\u00e4n\u00e4\u00e4n. T\u00e4n\u00e4\u00e4n my\u00f6s siivosin hieman nettikaupan varastoa sek\u00e4 tein Kimperin uusista omista tuotteista pienen esillepanon, kuvat niist\u00e4 alhaalla. T\u00e4ss\u00e4 siis v\u00e4h\u00e4n kuvia t\u00e4m\u00e4n p\u00e4iv\u00e4n touhuiluista: &nbsp; &nbsp;\" \/>\n<meta property=\"og:url\" content=\"https:\/\/blogit.gradia.fi\/anniinatuomijarvi\/maanantain-porinoita-varastointia-seka-esillepanoa\/\" \/>\n<meta property=\"og:site_name\" content=\"Ty\u00f6el\u00e4m\u00e4n sek\u00e4 koulun yhdist\u00e4minen opiskelijan silmin.\" \/>\n<meta property=\"article:published_time\" content=\"2013-11-11T19:47:06+00:00\" \/>\n<meta property=\"article:modified_time\" content=\"2014-11-23T20:12:11+00:00\" \/>\n<meta property=\"og:image\" content=\"https:\/\/blogit.gradia.fi\/anniinatuomijarvi\/wp-content\/uploads\/sites\/94\/2013\/11\/varasto1.png\" \/>\n<meta name=\"author\" content=\"Anniina\" \/>\n<meta name=\"twitter:card\" content=\"summary_large_image\" \/>\n<meta name=\"twitter:label1\" content=\"Kirjoittanut\" \/>\n\t<meta name=\"twitter:data1\" content=\"Anniina\" \/>\n<script type=\"application\/ld+json\" class=\"yoast-schema-graph\">{\"@context\":\"https:\\\/\\\/schema.org\",\"@graph\":[{\"@type\":\"Article\",\"@id\":\"https:\\\/\\\/blogit.gradia.fi\\\/anniinatuomijarvi\\\/maanantain-porinoita-varastointia-seka-esillepanoa\\\/#article\",\"isPartOf\":{\"@id\":\"https:\\\/\\\/blogit.gradia.fi\\\/anniinatuomijarvi\\\/maanantain-porinoita-varastointia-seka-esillepanoa\\\/\"},\"author\":{\"name\":\"Anniina\",\"@id\":\"https:\\\/\\\/blogit.gradia.fi\\\/anniinatuomijarvi\\\/#\\\/schema\\\/person\\\/a126012e8cf245661fe7e619b8b68806\"},\"headline\":\"Varastointia sek\u00e4 esillepanoa\",\"datePublished\":\"2013-11-11T19:47:06+00:00\",\"dateModified\":\"2014-11-23T20:12:11+00:00\",\"mainEntityOfPage\":{\"@id\":\"https:\\\/\\\/blogit.gradia.fi\\\/anniinatuomijarvi\\\/maanantain-porinoita-varastointia-seka-esillepanoa\\\/\"},\"wordCount\":70,\"commentCount\":0,\"image\":{\"@id\":\"https:\\\/\\\/blogit.gradia.fi\\\/anniinatuomijarvi\\\/maanantain-porinoita-varastointia-seka-esillepanoa\\\/#primaryimage\"},\"thumbnailUrl\":\"https:\\\/\\\/blogit.gradia.fi\\\/anniinatuomijarvi\\\/wp-content\\\/uploads\\\/sites\\\/94\\\/2013\\\/11\\\/varasto1.png\",\"inLanguage\":\"fi\",\"potentialAction\":[{\"@type\":\"CommentAction\",\"name\":\"Comment\",\"target\":[\"https:\\\/\\\/blogit.gradia.fi\\\/anniinatuomijarvi\\\/maanantain-porinoita-varastointia-seka-esillepanoa\\\/#respond\"]}]},{\"@type\":\"WebPage\",\"@id\":\"https:\\\/\\\/blogit.gradia.fi\\\/anniinatuomijarvi\\\/maanantain-porinoita-varastointia-seka-esillepanoa\\\/\",\"url\":\"https:\\\/\\\/blogit.gradia.fi\\\/anniinatuomijarvi\\\/maanantain-porinoita-varastointia-seka-esillepanoa\\\/\",\"name\":\"Varastointia sek\u00e4 esillepanoa - Ty\u00f6el\u00e4m\u00e4n sek\u00e4 koulun yhdist\u00e4minen opiskelijan silmin.\",\"isPartOf\":{\"@id\":\"https:\\\/\\\/blogit.gradia.fi\\\/anniinatuomijarvi\\\/#website\"},\"primaryImageOfPage\":{\"@id\":\"https:\\\/\\\/blogit.gradia.fi\\\/anniinatuomijarvi\\\/maanantain-porinoita-varastointia-seka-esillepanoa\\\/#primaryimage\"},\"image\":{\"@id\":\"https:\\\/\\\/blogit.gradia.fi\\\/anniinatuomijarvi\\\/maanantain-porinoita-varastointia-seka-esillepanoa\\\/#primaryimage\"},\"thumbnailUrl\":\"https:\\\/\\\/blogit.gradia.fi\\\/anniinatuomijarvi\\\/wp-content\\\/uploads\\\/sites\\\/94\\\/2013\\\/11\\\/varasto1.png\",\"datePublished\":\"2013-11-11T19:47:06+00:00\",\"dateModified\":\"2014-11-23T20:12:11+00:00\",\"author\":{\"@id\":\"https:\\\/\\\/blogit.gradia.fi\\\/anniinatuomijarvi\\\/#\\\/schema\\\/person\\\/a126012e8cf245661fe7e619b8b68806\"},\"inLanguage\":\"fi\",\"potentialAction\":[{\"@type\":\"ReadAction\",\"target\":[\"https:\\\/\\\/blogit.gradia.fi\\\/anniinatuomijarvi\\\/maanantain-porinoita-varastointia-seka-esillepanoa\\\/\"]}]},{\"@type\":\"ImageObject\",\"inLanguage\":\"fi\",\"@id\":\"https:\\\/\\\/blogit.gradia.fi\\\/anniinatuomijarvi\\\/maanantain-porinoita-varastointia-seka-esillepanoa\\\/#primaryimage\",\"url\":\"https:\\\/\\\/blogit.gradia.fi\\\/anniinatuomijarvi\\\/wp-content\\\/uploads\\\/sites\\\/94\\\/2013\\\/11\\\/varasto1.png\",\"contentUrl\":\"https:\\\/\\\/blogit.gradia.fi\\\/anniinatuomijarvi\\\/wp-content\\\/uploads\\\/sites\\\/94\\\/2013\\\/11\\\/varasto1.png\",\"width\":615,\"height\":700},{\"@type\":\"WebSite\",\"@id\":\"https:\\\/\\\/blogit.gradia.fi\\\/anniinatuomijarvi\\\/#website\",\"url\":\"https:\\\/\\\/blogit.gradia.fi\\\/anniinatuomijarvi\\\/\",\"name\":\"Ty\u00f6el\u00e4m\u00e4n sek\u00e4 koulun yhdist\u00e4minen opiskelijan silmin.\",\"description\":\"\",\"potentialAction\":[{\"@type\":\"SearchAction\",\"target\":{\"@type\":\"EntryPoint\",\"urlTemplate\":\"https:\\\/\\\/blogit.gradia.fi\\\/anniinatuomijarvi\\\/?s={search_term_string}\"},\"query-input\":{\"@type\":\"PropertyValueSpecification\",\"valueRequired\":true,\"valueName\":\"search_term_string\"}}],\"inLanguage\":\"fi\"},{\"@type\":\"Person\",\"@id\":\"https:\\\/\\\/blogit.gradia.fi\\\/anniinatuomijarvi\\\/#\\\/schema\\\/person\\\/a126012e8cf245661fe7e619b8b68806\",\"name\":\"Anniina\",\"image\":{\"@type\":\"ImageObject\",\"inLanguage\":\"fi\",\"@id\":\"https:\\\/\\\/secure.gravatar.com\\\/avatar\\\/faa68d1f1aa3d5a567e8faedb990f70be54a921fe1e421b90146ac2ec28bd4c2?s=96&d=mm&r=g\",\"url\":\"https:\\\/\\\/secure.gravatar.com\\\/avatar\\\/faa68d1f1aa3d5a567e8faedb990f70be54a921fe1e421b90146ac2ec28bd4c2?s=96&d=mm&r=g\",\"contentUrl\":\"https:\\\/\\\/secure.gravatar.com\\\/avatar\\\/faa68d1f1aa3d5a567e8faedb990f70be54a921fe1e421b90146ac2ec28bd4c2?s=96&d=mm&r=g\",\"caption\":\"Anniina\"},\"description\":\"Moikka ! Olen J\u00e4ms\u00e4l\u00e4inen 18 vuotias tytt\u00f6 ja opiskelen Jyv\u00e4skyl\u00e4n ammattiopistossa merkonomiksi ty\u00f6harjoittelupainotteisella linjalla, joka koostuu viikossa kolmesta p\u00e4iv\u00e4st\u00e4 ty\u00f6t\u00e4 ja kahdesta p\u00e4iv\u00e4st\u00e4 koulua.\",\"sameAs\":[\"https:\\\/\\\/blogit.gradia.fi\\\/anniinatuomijarvi\"],\"url\":\"https:\\\/\\\/blogit.gradia.fi\\\/anniinatuomijarvi\\\/author\\\/ao106993\\\/\"}]}<\/script>\n<!-- \/ Yoast SEO plugin. -->","yoast_head_json":{"title":"Varastointia sek\u00e4 esillepanoa - Ty\u00f6el\u00e4m\u00e4n sek\u00e4 koulun yhdist\u00e4minen opiskelijan silmin.","robots":{"index":"index","follow":"follow","max-snippet":"max-snippet:-1","max-image-preview":"max-image-preview:large","max-video-preview":"max-video-preview:-1"},"canonical":"https:\/\/blogit.gradia.fi\/anniinatuomijarvi\/maanantain-porinoita-varastointia-seka-esillepanoa\/","og_locale":"fi_FI","og_type":"article","og_title":"Varastointia sek\u00e4 esillepanoa - Ty\u00f6el\u00e4m\u00e4n sek\u00e4 koulun yhdist\u00e4minen opiskelijan silmin.","og_description":"Hejsan ! Kimperi osallistuu tulevana viikonloppuna Tampereella j\u00e4rjestett\u00e4viin k\u00e4sity\u00f6messuille ja sinne aloiteteltiin pakkailemaan tavaroita jo t\u00e4n\u00e4\u00e4n. T\u00e4n\u00e4\u00e4n my\u00f6s siivosin hieman nettikaupan varastoa sek\u00e4 tein Kimperin uusista omista tuotteista pienen esillepanon, kuvat niist\u00e4 alhaalla. T\u00e4ss\u00e4 siis v\u00e4h\u00e4n kuvia t\u00e4m\u00e4n p\u00e4iv\u00e4n touhuiluista: &nbsp; &nbsp;","og_url":"https:\/\/blogit.gradia.fi\/anniinatuomijarvi\/maanantain-porinoita-varastointia-seka-esillepanoa\/","og_site_name":"Ty\u00f6el\u00e4m\u00e4n sek\u00e4 koulun yhdist\u00e4minen opiskelijan silmin.","article_published_time":"2013-11-11T19:47:06+00:00","article_modified_time":"2014-11-23T20:12:11+00:00","og_image":[{"url":"https:\/\/blogit.gradia.fi\/anniinatuomijarvi\/wp-content\/uploads\/sites\/94\/2013\/11\/varasto1.png","type":"","width":"","height":""}],"author":"Anniina","twitter_card":"summary_large_image","twitter_misc":{"Kirjoittanut":"Anniina"},"schema":{"@context":"https:\/\/schema.org","@graph":[{"@type":"Article","@id":"https:\/\/blogit.gradia.fi\/anniinatuomijarvi\/maanantain-porinoita-varastointia-seka-esillepanoa\/#article","isPartOf":{"@id":"https:\/\/blogit.gradia.fi\/anniinatuomijarvi\/maanantain-porinoita-varastointia-seka-esillepanoa\/"},"author":{"name":"Anniina","@id":"https:\/\/blogit.gradia.fi\/anniinatuomijarvi\/#\/schema\/person\/a126012e8cf245661fe7e619b8b68806"},"headline":"Varastointia sek\u00e4 esillepanoa","datePublished":"2013-11-11T19:47:06+00:00","dateModified":"2014-11-23T20:12:11+00:00","mainEntityOfPage":{"@id":"https:\/\/blogit.gradia.fi\/anniinatuomijarvi\/maanantain-porinoita-varastointia-seka-esillepanoa\/"},"wordCount":70,"commentCount":0,"image":{"@id":"https:\/\/blogit.gradia.fi\/anniinatuomijarvi\/maanantain-porinoita-varastointia-seka-esillepanoa\/#primaryimage"},"thumbnailUrl":"https:\/\/blogit.gradia.fi\/anniinatuomijarvi\/wp-content\/uploads\/sites\/94\/2013\/11\/varasto1.png","inLanguage":"fi","potentialAction":[{"@type":"CommentAction","name":"Comment","target":["https:\/\/blogit.gradia.fi\/anniinatuomijarvi\/maanantain-porinoita-varastointia-seka-esillepanoa\/#respond"]}]},{"@type":"WebPage","@id":"https:\/\/blogit.gradia.fi\/anniinatuomijarvi\/maanantain-porinoita-varastointia-seka-esillepanoa\/","url":"https:\/\/blogit.gradia.fi\/anniinatuomijarvi\/maanantain-porinoita-varastointia-seka-esillepanoa\/","name":"Varastointia sek\u00e4 esillepanoa - Ty\u00f6el\u00e4m\u00e4n sek\u00e4 koulun yhdist\u00e4minen opiskelijan silmin.","isPartOf":{"@id":"https:\/\/blogit.gradia.fi\/anniinatuomijarvi\/#website"},"primaryImageOfPage":{"@id":"https:\/\/blogit.gradia.fi\/anniinatuomijarvi\/maanantain-porinoita-varastointia-seka-esillepanoa\/#primaryimage"},"image":{"@id":"https:\/\/blogit.gradia.fi\/anniinatuomijarvi\/maanantain-porinoita-varastointia-seka-esillepanoa\/#primaryimage"},"thumbnailUrl":"https:\/\/blogit.gradia.fi\/anniinatuomijarvi\/wp-content\/uploads\/sites\/94\/2013\/11\/varasto1.png","datePublished":"2013-11-11T19:47:06+00:00","dateModified":"2014-11-23T20:12:11+00:00","author":{"@id":"https:\/\/blogit.gradia.fi\/anniinatuomijarvi\/#\/schema\/person\/a126012e8cf245661fe7e619b8b68806"},"inLanguage":"fi","potentialAction":[{"@type":"ReadAction","target":["https:\/\/blogit.gradia.fi\/anniinatuomijarvi\/maanantain-porinoita-varastointia-seka-esillepanoa\/"]}]},{"@type":"ImageObject","inLanguage":"fi","@id":"https:\/\/blogit.gradia.fi\/anniinatuomijarvi\/maanantain-porinoita-varastointia-seka-esillepanoa\/#primaryimage","url":"https:\/\/blogit.gradia.fi\/anniinatuomijarvi\/wp-content\/uploads\/sites\/94\/2013\/11\/varasto1.png","contentUrl":"https:\/\/blogit.gradia.fi\/anniinatuomijarvi\/wp-content\/uploads\/sites\/94\/2013\/11\/varasto1.png","width":615,"height":700},{"@type":"WebSite","@id":"https:\/\/blogit.gradia.fi\/anniinatuomijarvi\/#website","url":"https:\/\/blogit.gradia.fi\/anniinatuomijarvi\/","name":"Ty\u00f6el\u00e4m\u00e4n sek\u00e4 koulun yhdist\u00e4minen opiskelijan silmin.","description":"","potentialAction":[{"@type":"SearchAction","target":{"@type":"EntryPoint","urlTemplate":"https:\/\/blogit.gradia.fi\/anniinatuomijarvi\/?s={search_term_string}"},"query-input":{"@type":"PropertyValueSpecification","valueRequired":true,"valueName":"search_term_string"}}],"inLanguage":"fi"},{"@type":"Person","@id":"https:\/\/blogit.gradia.fi\/anniinatuomijarvi\/#\/schema\/person\/a126012e8cf245661fe7e619b8b68806","name":"Anniina","image":{"@type":"ImageObject","inLanguage":"fi","@id":"https:\/\/secure.gravatar.com\/avatar\/faa68d1f1aa3d5a567e8faedb990f70be54a921fe1e421b90146ac2ec28bd4c2?s=96&d=mm&r=g","url":"https:\/\/secure.gravatar.com\/avatar\/faa68d1f1aa3d5a567e8faedb990f70be54a921fe1e421b90146ac2ec28bd4c2?s=96&d=mm&r=g","contentUrl":"https:\/\/secure.gravatar.com\/avatar\/faa68d1f1aa3d5a567e8faedb990f70be54a921fe1e421b90146ac2ec28bd4c2?s=96&d=mm&r=g","caption":"Anniina"},"description":"Moikka ! Olen J\u00e4ms\u00e4l\u00e4inen 18 vuotias tytt\u00f6 ja opiskelen Jyv\u00e4skyl\u00e4n ammattiopistossa merkonomiksi ty\u00f6harjoittelupainotteisella linjalla, joka koostuu viikossa kolmesta p\u00e4iv\u00e4st\u00e4 ty\u00f6t\u00e4 ja kahdesta p\u00e4iv\u00e4st\u00e4 koulua.","sameAs":["https:\/\/blogit.gradia.fi\/anniinatuomijarvi"],"url":"https:\/\/blogit.gradia.fi\/anniinatuomijarvi\/author\/ao106993\/"}]}},"uagb_featured_image_src":{"full":false,"thumbnail":false,"medium":false,"medium_large":false,"large":false,"1536x1536":false,"2048x2048":false,"post-thumbnail":false,"twentyfourteen-full-width":false},"uagb_author_info":{"display_name":"Anniina","author_link":"https:\/\/blogit.gradia.fi\/anniinatuomijarvi\/author\/ao106993\/"},"uagb_comment_info":1,"uagb_excerpt":"Hejsan ! Kimperi osallistuu tulevana viikonloppuna Tampereella j\u00e4rjestett\u00e4viin k\u00e4sity\u00f6messuille ja sinne aloiteteltiin pakkailemaan tavaroita jo t\u00e4n\u00e4\u00e4n. T\u00e4n\u00e4\u00e4n my\u00f6s siivosin hieman nettikaupan varastoa sek\u00e4 tein Kimperin uusista omista tuotteista pienen esillepanon, kuvat niist\u00e4 alhaalla. T\u00e4ss\u00e4 siis v\u00e4h\u00e4n kuvia t\u00e4m\u00e4n p\u00e4iv\u00e4n touhuiluista: &nbsp; &nbsp;","_links":{"self":[{"href":"https:\/\/blogit.gradia.fi\/anniinatuomijarvi\/wp-json\/wp\/v2\/posts\/241","targetHints":{"allow":["GET"]}}],"collection":[{"href":"https:\/\/blogit.gradia.fi\/anniinatuomijarvi\/wp-json\/wp\/v2\/posts"}],"about":[{"href":"https:\/\/blogit.gradia.fi\/anniinatuomijarvi\/wp-json\/wp\/v2\/types\/post"}],"author":[{"embeddable":true,"href":"https:\/\/blogit.gradia.fi\/anniinatuomijarvi\/wp-json\/wp\/v2\/users\/588"}],"replies":[{"embeddable":true,"href":"https:\/\/blogit.gradia.fi\/anniinatuomijarvi\/wp-json\/wp\/v2\/comments?post=241"}],"version-history":[{"count":0,"href":"https:\/\/blogit.gradia.fi\/anniinatuomijarvi\/wp-json\/wp\/v2\/posts\/241\/revisions"}],"wp:attachment":[{"href":"https:\/\/blogit.gradia.fi\/anniinatuomijarvi\/wp-json\/wp\/v2\/media?parent=241"}],"wp:term":[{"taxonomy":"category","embeddable":true,"href":"https:\/\/blogit.gradia.fi\/anniinatuomijarvi\/wp-json\/wp\/v2\/categories?post=241"},{"taxonomy":"post_tag","embeddable":true,"href":"https:\/\/blogit.gradia.fi\/anniinatuomijarvi\/wp-json\/wp\/v2\/tags?post=241"}],"curies":[{"name":"wp","href":"https:\/\/api.w.org\/{rel}","templated":true}]}}