{"id":24,"date":"2013-08-29T09:13:16","date_gmt":"2013-08-29T06:13:16","guid":{"rendered":"https:\/\/blogit.gradia.fi\/anniinatuomijarvi\/?p=24"},"modified":"2014-12-07T18:21:39","modified_gmt":"2014-12-07T16:21:39","slug":"adobe-connect-pro-etaluento-15-8-2013","status":"publish","type":"post","link":"https:\/\/blogit.gradia.fi\/anniinatuomijarvi\/adobe-connect-pro-etaluento-15-8-2013\/","title":{"rendered":"Adobe Connect Pro et\u00e4luento 15.8.2013"},"content":{"rendered":"<p>Luokkamme kokeili 15.8.2013 et\u00e4luentoa Adobe Connect Pro:n avulla joka oli mielenkiintoinen kokemus. Kaikesta s\u00e4hl\u00e4ilyst\u00e4 huolimatta uskon ett\u00e4 et\u00e4luennot ovat tulevaisuudessakin mahdollisia.<\/p>\n","protected":false},"excerpt":{"rendered":"<p>Luokkamme kokeili 15.8.2013 et\u00e4luentoa Adobe Connect Pro:n avulla joka oli mielenkiintoinen kokemus. Kaikesta s\u00e4hl\u00e4ilyst\u00e4 huolimatta uskon ett\u00e4 et\u00e4luennot ovat tulevaisuudessakin mahdollisia.<\/p>\n","protected":false},"author":588,"featured_media":0,"comment_status":"open","ping_status":"open","sticky":false,"template":"","format":"standard","meta":{"_uag_custom_page_level_css":"","footnotes":""},"categories":[2],"tags":[],"class_list":["post-24","post","type-post","status-publish","format-standard","hentry","category-kauppa"],"yoast_head":"<!-- This site is optimized with the Yoast SEO plugin v27.4 - https:\/\/yoast.com\/product\/yoast-seo-wordpress\/ -->\n<title>Adobe Connect Pro et\u00e4luento 15.8.2013 - Ty\u00f6el\u00e4m\u00e4n sek\u00e4 koulun yhdist\u00e4minen opiskelijan silmin.<\/title>\n<meta name=\"robots\" content=\"index, follow, max-snippet:-1, max-image-preview:large, max-video-preview:-1\" \/>\n<link rel=\"canonical\" href=\"https:\/\/blogit.gradia.fi\/anniinatuomijarvi\/adobe-connect-pro-etaluento-15-8-2013\/\" \/>\n<meta property=\"og:locale\" content=\"fi_FI\" \/>\n<meta property=\"og:type\" content=\"article\" \/>\n<meta property=\"og:title\" content=\"Adobe Connect Pro et\u00e4luento 15.8.2013 - Ty\u00f6el\u00e4m\u00e4n sek\u00e4 koulun yhdist\u00e4minen opiskelijan silmin.\" \/>\n<meta property=\"og:description\" content=\"Luokkamme kokeili 15.8.2013 et\u00e4luentoa Adobe Connect Pro:n avulla joka oli mielenkiintoinen kokemus. Kaikesta s\u00e4hl\u00e4ilyst\u00e4 huolimatta uskon ett\u00e4 et\u00e4luennot ovat tulevaisuudessakin mahdollisia.\" \/>\n<meta property=\"og:url\" content=\"https:\/\/blogit.gradia.fi\/anniinatuomijarvi\/adobe-connect-pro-etaluento-15-8-2013\/\" \/>\n<meta property=\"og:site_name\" content=\"Ty\u00f6el\u00e4m\u00e4n sek\u00e4 koulun yhdist\u00e4minen opiskelijan silmin.\" \/>\n<meta property=\"article:published_time\" content=\"2013-08-29T06:13:16+00:00\" \/>\n<meta property=\"article:modified_time\" content=\"2014-12-07T16:21:39+00:00\" \/>\n<meta name=\"author\" content=\"Anniina\" \/>\n<meta name=\"twitter:card\" content=\"summary_large_image\" \/>\n<meta name=\"twitter:label1\" content=\"Kirjoittanut\" \/>\n\t<meta name=\"twitter:data1\" content=\"Anniina\" \/>\n<script type=\"application\/ld+json\" class=\"yoast-schema-graph\">{\"@context\":\"https:\\\/\\\/schema.org\",\"@graph\":[{\"@type\":\"Article\",\"@id\":\"https:\\\/\\\/blogit.gradia.fi\\\/anniinatuomijarvi\\\/adobe-connect-pro-etaluento-15-8-2013\\\/#article\",\"isPartOf\":{\"@id\":\"https:\\\/\\\/blogit.gradia.fi\\\/anniinatuomijarvi\\\/adobe-connect-pro-etaluento-15-8-2013\\\/\"},\"author\":{\"name\":\"Anniina\",\"@id\":\"https:\\\/\\\/blogit.gradia.fi\\\/anniinatuomijarvi\\\/#\\\/schema\\\/person\\\/a126012e8cf245661fe7e619b8b68806\"},\"headline\":\"Adobe Connect Pro et\u00e4luento 15.8.2013\",\"datePublished\":\"2013-08-29T06:13:16+00:00\",\"dateModified\":\"2014-12-07T16:21:39+00:00\",\"mainEntityOfPage\":{\"@id\":\"https:\\\/\\\/blogit.gradia.fi\\\/anniinatuomijarvi\\\/adobe-connect-pro-etaluento-15-8-2013\\\/\"},\"wordCount\":30,\"commentCount\":0,\"articleSection\":[\"Kauppa\"],\"inLanguage\":\"fi\",\"potentialAction\":[{\"@type\":\"CommentAction\",\"name\":\"Comment\",\"target\":[\"https:\\\/\\\/blogit.gradia.fi\\\/anniinatuomijarvi\\\/adobe-connect-pro-etaluento-15-8-2013\\\/#respond\"]}]},{\"@type\":\"WebPage\",\"@id\":\"https:\\\/\\\/blogit.gradia.fi\\\/anniinatuomijarvi\\\/adobe-connect-pro-etaluento-15-8-2013\\\/\",\"url\":\"https:\\\/\\\/blogit.gradia.fi\\\/anniinatuomijarvi\\\/adobe-connect-pro-etaluento-15-8-2013\\\/\",\"name\":\"Adobe Connect Pro et\u00e4luento 15.8.2013 - Ty\u00f6el\u00e4m\u00e4n sek\u00e4 koulun yhdist\u00e4minen opiskelijan silmin.\",\"isPartOf\":{\"@id\":\"https:\\\/\\\/blogit.gradia.fi\\\/anniinatuomijarvi\\\/#website\"},\"datePublished\":\"2013-08-29T06:13:16+00:00\",\"dateModified\":\"2014-12-07T16:21:39+00:00\",\"author\":{\"@id\":\"https:\\\/\\\/blogit.gradia.fi\\\/anniinatuomijarvi\\\/#\\\/schema\\\/person\\\/a126012e8cf245661fe7e619b8b68806\"},\"inLanguage\":\"fi\",\"potentialAction\":[{\"@type\":\"ReadAction\",\"target\":[\"https:\\\/\\\/blogit.gradia.fi\\\/anniinatuomijarvi\\\/adobe-connect-pro-etaluento-15-8-2013\\\/\"]}]},{\"@type\":\"WebSite\",\"@id\":\"https:\\\/\\\/blogit.gradia.fi\\\/anniinatuomijarvi\\\/#website\",\"url\":\"https:\\\/\\\/blogit.gradia.fi\\\/anniinatuomijarvi\\\/\",\"name\":\"Ty\u00f6el\u00e4m\u00e4n sek\u00e4 koulun yhdist\u00e4minen opiskelijan silmin.\",\"description\":\"\",\"potentialAction\":[{\"@type\":\"SearchAction\",\"target\":{\"@type\":\"EntryPoint\",\"urlTemplate\":\"https:\\\/\\\/blogit.gradia.fi\\\/anniinatuomijarvi\\\/?s={search_term_string}\"},\"query-input\":{\"@type\":\"PropertyValueSpecification\",\"valueRequired\":true,\"valueName\":\"search_term_string\"}}],\"inLanguage\":\"fi\"},{\"@type\":\"Person\",\"@id\":\"https:\\\/\\\/blogit.gradia.fi\\\/anniinatuomijarvi\\\/#\\\/schema\\\/person\\\/a126012e8cf245661fe7e619b8b68806\",\"name\":\"Anniina\",\"image\":{\"@type\":\"ImageObject\",\"inLanguage\":\"fi\",\"@id\":\"https:\\\/\\\/secure.gravatar.com\\\/avatar\\\/faa68d1f1aa3d5a567e8faedb990f70be54a921fe1e421b90146ac2ec28bd4c2?s=96&d=mm&r=g\",\"url\":\"https:\\\/\\\/secure.gravatar.com\\\/avatar\\\/faa68d1f1aa3d5a567e8faedb990f70be54a921fe1e421b90146ac2ec28bd4c2?s=96&d=mm&r=g\",\"contentUrl\":\"https:\\\/\\\/secure.gravatar.com\\\/avatar\\\/faa68d1f1aa3d5a567e8faedb990f70be54a921fe1e421b90146ac2ec28bd4c2?s=96&d=mm&r=g\",\"caption\":\"Anniina\"},\"description\":\"Moikka ! Olen J\u00e4ms\u00e4l\u00e4inen 18 vuotias tytt\u00f6 ja opiskelen Jyv\u00e4skyl\u00e4n ammattiopistossa merkonomiksi ty\u00f6harjoittelupainotteisella linjalla, joka koostuu viikossa kolmesta p\u00e4iv\u00e4st\u00e4 ty\u00f6t\u00e4 ja kahdesta p\u00e4iv\u00e4st\u00e4 koulua.\",\"sameAs\":[\"https:\\\/\\\/blogit.gradia.fi\\\/anniinatuomijarvi\"],\"url\":\"https:\\\/\\\/blogit.gradia.fi\\\/anniinatuomijarvi\\\/author\\\/ao106993\\\/\"}]}<\/script>\n<!-- \/ Yoast SEO plugin. -->","yoast_head_json":{"title":"Adobe Connect Pro et\u00e4luento 15.8.2013 - Ty\u00f6el\u00e4m\u00e4n sek\u00e4 koulun yhdist\u00e4minen opiskelijan silmin.","robots":{"index":"index","follow":"follow","max-snippet":"max-snippet:-1","max-image-preview":"max-image-preview:large","max-video-preview":"max-video-preview:-1"},"canonical":"https:\/\/blogit.gradia.fi\/anniinatuomijarvi\/adobe-connect-pro-etaluento-15-8-2013\/","og_locale":"fi_FI","og_type":"article","og_title":"Adobe Connect Pro et\u00e4luento 15.8.2013 - Ty\u00f6el\u00e4m\u00e4n sek\u00e4 koulun yhdist\u00e4minen opiskelijan silmin.","og_description":"Luokkamme kokeili 15.8.2013 et\u00e4luentoa Adobe Connect Pro:n avulla joka oli mielenkiintoinen kokemus. Kaikesta s\u00e4hl\u00e4ilyst\u00e4 huolimatta uskon ett\u00e4 et\u00e4luennot ovat tulevaisuudessakin mahdollisia.","og_url":"https:\/\/blogit.gradia.fi\/anniinatuomijarvi\/adobe-connect-pro-etaluento-15-8-2013\/","og_site_name":"Ty\u00f6el\u00e4m\u00e4n sek\u00e4 koulun yhdist\u00e4minen opiskelijan silmin.","article_published_time":"2013-08-29T06:13:16+00:00","article_modified_time":"2014-12-07T16:21:39+00:00","author":"Anniina","twitter_card":"summary_large_image","twitter_misc":{"Kirjoittanut":"Anniina"},"schema":{"@context":"https:\/\/schema.org","@graph":[{"@type":"Article","@id":"https:\/\/blogit.gradia.fi\/anniinatuomijarvi\/adobe-connect-pro-etaluento-15-8-2013\/#article","isPartOf":{"@id":"https:\/\/blogit.gradia.fi\/anniinatuomijarvi\/adobe-connect-pro-etaluento-15-8-2013\/"},"author":{"name":"Anniina","@id":"https:\/\/blogit.gradia.fi\/anniinatuomijarvi\/#\/schema\/person\/a126012e8cf245661fe7e619b8b68806"},"headline":"Adobe Connect Pro et\u00e4luento 15.8.2013","datePublished":"2013-08-29T06:13:16+00:00","dateModified":"2014-12-07T16:21:39+00:00","mainEntityOfPage":{"@id":"https:\/\/blogit.gradia.fi\/anniinatuomijarvi\/adobe-connect-pro-etaluento-15-8-2013\/"},"wordCount":30,"commentCount":0,"articleSection":["Kauppa"],"inLanguage":"fi","potentialAction":[{"@type":"CommentAction","name":"Comment","target":["https:\/\/blogit.gradia.fi\/anniinatuomijarvi\/adobe-connect-pro-etaluento-15-8-2013\/#respond"]}]},{"@type":"WebPage","@id":"https:\/\/blogit.gradia.fi\/anniinatuomijarvi\/adobe-connect-pro-etaluento-15-8-2013\/","url":"https:\/\/blogit.gradia.fi\/anniinatuomijarvi\/adobe-connect-pro-etaluento-15-8-2013\/","name":"Adobe Connect Pro et\u00e4luento 15.8.2013 - Ty\u00f6el\u00e4m\u00e4n sek\u00e4 koulun yhdist\u00e4minen opiskelijan silmin.","isPartOf":{"@id":"https:\/\/blogit.gradia.fi\/anniinatuomijarvi\/#website"},"datePublished":"2013-08-29T06:13:16+00:00","dateModified":"2014-12-07T16:21:39+00:00","author":{"@id":"https:\/\/blogit.gradia.fi\/anniinatuomijarvi\/#\/schema\/person\/a126012e8cf245661fe7e619b8b68806"},"inLanguage":"fi","potentialAction":[{"@type":"ReadAction","target":["https:\/\/blogit.gradia.fi\/anniinatuomijarvi\/adobe-connect-pro-etaluento-15-8-2013\/"]}]},{"@type":"WebSite","@id":"https:\/\/blogit.gradia.fi\/anniinatuomijarvi\/#website","url":"https:\/\/blogit.gradia.fi\/anniinatuomijarvi\/","name":"Ty\u00f6el\u00e4m\u00e4n sek\u00e4 koulun yhdist\u00e4minen opiskelijan silmin.","description":"","potentialAction":[{"@type":"SearchAction","target":{"@type":"EntryPoint","urlTemplate":"https:\/\/blogit.gradia.fi\/anniinatuomijarvi\/?s={search_term_string}"},"query-input":{"@type":"PropertyValueSpecification","valueRequired":true,"valueName":"search_term_string"}}],"inLanguage":"fi"},{"@type":"Person","@id":"https:\/\/blogit.gradia.fi\/anniinatuomijarvi\/#\/schema\/person\/a126012e8cf245661fe7e619b8b68806","name":"Anniina","image":{"@type":"ImageObject","inLanguage":"fi","@id":"https:\/\/secure.gravatar.com\/avatar\/faa68d1f1aa3d5a567e8faedb990f70be54a921fe1e421b90146ac2ec28bd4c2?s=96&d=mm&r=g","url":"https:\/\/secure.gravatar.com\/avatar\/faa68d1f1aa3d5a567e8faedb990f70be54a921fe1e421b90146ac2ec28bd4c2?s=96&d=mm&r=g","contentUrl":"https:\/\/secure.gravatar.com\/avatar\/faa68d1f1aa3d5a567e8faedb990f70be54a921fe1e421b90146ac2ec28bd4c2?s=96&d=mm&r=g","caption":"Anniina"},"description":"Moikka ! Olen J\u00e4ms\u00e4l\u00e4inen 18 vuotias tytt\u00f6 ja opiskelen Jyv\u00e4skyl\u00e4n ammattiopistossa merkonomiksi ty\u00f6harjoittelupainotteisella linjalla, joka koostuu viikossa kolmesta p\u00e4iv\u00e4st\u00e4 ty\u00f6t\u00e4 ja kahdesta p\u00e4iv\u00e4st\u00e4 koulua.","sameAs":["https:\/\/blogit.gradia.fi\/anniinatuomijarvi"],"url":"https:\/\/blogit.gradia.fi\/anniinatuomijarvi\/author\/ao106993\/"}]}},"uagb_featured_image_src":{"full":false,"thumbnail":false,"medium":false,"medium_large":false,"large":false,"1536x1536":false,"2048x2048":false,"post-thumbnail":false,"twentyfourteen-full-width":false},"uagb_author_info":{"display_name":"Anniina","author_link":"https:\/\/blogit.gradia.fi\/anniinatuomijarvi\/author\/ao106993\/"},"uagb_comment_info":0,"uagb_excerpt":"Luokkamme kokeili 15.8.2013 et\u00e4luentoa Adobe Connect Pro:n avulla joka oli mielenkiintoinen kokemus. Kaikesta s\u00e4hl\u00e4ilyst\u00e4 huolimatta uskon ett\u00e4 et\u00e4luennot ovat tulevaisuudessakin mahdollisia.","_links":{"self":[{"href":"https:\/\/blogit.gradia.fi\/anniinatuomijarvi\/wp-json\/wp\/v2\/posts\/24","targetHints":{"allow":["GET"]}}],"collection":[{"href":"https:\/\/blogit.gradia.fi\/anniinatuomijarvi\/wp-json\/wp\/v2\/posts"}],"about":[{"href":"https:\/\/blogit.gradia.fi\/anniinatuomijarvi\/wp-json\/wp\/v2\/types\/post"}],"author":[{"embeddable":true,"href":"https:\/\/blogit.gradia.fi\/anniinatuomijarvi\/wp-json\/wp\/v2\/users\/588"}],"replies":[{"embeddable":true,"href":"https:\/\/blogit.gradia.fi\/anniinatuomijarvi\/wp-json\/wp\/v2\/comments?post=24"}],"version-history":[{"count":0,"href":"https:\/\/blogit.gradia.fi\/anniinatuomijarvi\/wp-json\/wp\/v2\/posts\/24\/revisions"}],"wp:attachment":[{"href":"https:\/\/blogit.gradia.fi\/anniinatuomijarvi\/wp-json\/wp\/v2\/media?parent=24"}],"wp:term":[{"taxonomy":"category","embeddable":true,"href":"https:\/\/blogit.gradia.fi\/anniinatuomijarvi\/wp-json\/wp\/v2\/categories?post=24"},{"taxonomy":"post_tag","embeddable":true,"href":"https:\/\/blogit.gradia.fi\/anniinatuomijarvi\/wp-json\/wp\/v2\/tags?post=24"}],"curies":[{"name":"wp","href":"https:\/\/api.w.org\/{rel}","templated":true}]}}