{"id":227,"date":"2013-11-06T22:06:16","date_gmt":"2013-11-06T20:06:16","guid":{"rendered":"https:\/\/blogit.gradia.fi\/anniinatuomijarvi\/?p=227"},"modified":"2014-11-23T22:11:08","modified_gmt":"2014-11-23T20:11:08","slug":"sannin-ja-anniinan-yhteiset-tyopaivat-rahulan-rehu","status":"publish","type":"post","link":"https:\/\/blogit.gradia.fi\/anniinatuomijarvi\/sannin-ja-anniinan-yhteiset-tyopaivat-rahulan-rehu\/","title":{"rendered":"Sannin ja Anniinan yhteiset ty\u00f6p\u00e4iv\u00e4t; Rahulan Rehu."},"content":{"rendered":"<p>Heippa hei !<\/p>\n<p>Elikk\u00e4s seuraavaksi olisi vuorossa kertoa teille minun ja Sannin p\u00e4iv\u00e4st\u00e4 Rahulan Rehussa. P\u00e4iv\u00e4 aloitettiin sill\u00e4, ett\u00e4 Sanni kertoili minulle talon tavoista sek\u00e4 n\u00e4ytti kassan ja kertoi kuinka se toimii. Ensimm\u00e4isen\u00e4 hommana pussitettiin tulleita irtotavaroita kuten possunkorvia sek\u00e4 kalkkirehua. Ja sen j\u00e4lkeen purimme tukkukuorman.<\/p>\n<figure id=\"attachment_233\" aria-describedby=\"caption-attachment-233\" style=\"width: 368px\" class=\"wp-caption alignnone\"><a href=\"https:\/\/blogit.gradia.fi\/anniinatuomijarvi\/wp-content\/uploads\/sites\/94\/2013\/11\/rehu1.png\"><img loading=\"lazy\" decoding=\"async\" class=\"size-full wp-image-233\" alt=\"Kasa 1\" src=\"https:\/\/blogit.gradia.fi\/anniinatuomijarvi\/wp-content\/uploads\/sites\/94\/2013\/11\/rehu1.png\" width=\"368\" height=\"491\" \/><\/a><figcaption id=\"caption-attachment-233\" class=\"wp-caption-text\">Kasa 1<\/figcaption><\/figure>\n<figure id=\"attachment_234\" aria-describedby=\"caption-attachment-234\" style=\"width: 369px\" class=\"wp-caption alignnone\"><a href=\"https:\/\/blogit.gradia.fi\/anniinatuomijarvi\/wp-content\/uploads\/sites\/94\/2013\/11\/rehu2.png\"><img loading=\"lazy\" decoding=\"async\" class=\"size-full wp-image-234\" alt=\"Kasa 2\" src=\"https:\/\/blogit.gradia.fi\/anniinatuomijarvi\/wp-content\/uploads\/sites\/94\/2013\/11\/rehu2.png\" width=\"369\" height=\"491\" \/><\/a><figcaption id=\"caption-attachment-234\" class=\"wp-caption-text\">Kasa 2<\/figcaption><\/figure>\n<p>Lopputuloksena olikin siis paljon tyhji\u00e4 pahvilaatikoita jotka litistettiin ja vietiin kierr\u00e4tykseen.<\/p>\n<figure id=\"attachment_235\" aria-describedby=\"caption-attachment-235\" style=\"width: 652px\" class=\"wp-caption alignnone\"><a href=\"https:\/\/blogit.gradia.fi\/anniinatuomijarvi\/wp-content\/uploads\/sites\/94\/2013\/11\/rehu3.png\"><img loading=\"lazy\" decoding=\"async\" class=\"size-full wp-image-235\" alt=\"Lopputulos !\" src=\"https:\/\/blogit.gradia.fi\/anniinatuomijarvi\/wp-content\/uploads\/sites\/94\/2013\/11\/rehu3.png\" width=\"652\" height=\"491\" \/><\/a><figcaption id=\"caption-attachment-235\" class=\"wp-caption-text\">Lopputulos !<\/figcaption><\/figure>\n<p>Seuraavaksi j\u00e4rjesteltiin hyllyj\u00e4.<\/p>\n<figure id=\"attachment_236\" aria-describedby=\"caption-attachment-236\" style=\"width: 668px\" class=\"wp-caption alignnone\"><a href=\"https:\/\/blogit.gradia.fi\/anniinatuomijarvi\/wp-content\/uploads\/sites\/94\/2013\/11\/hylly1.png\"><img loading=\"lazy\" decoding=\"async\" class=\"size-full wp-image-236\" alt=\"Kissan leluja ja tarvikkeita joita j\u00e4rjesteltiin Sannin kanssa.\" src=\"https:\/\/blogit.gradia.fi\/anniinatuomijarvi\/wp-content\/uploads\/sites\/94\/2013\/11\/hylly1.png\" width=\"668\" height=\"250\" \/><\/a><figcaption id=\"caption-attachment-236\" class=\"wp-caption-text\">Kissan leluja ja tarvikkeita joita j\u00e4rjesteltiin Sannin kanssa.<\/figcaption><\/figure>\n<p>&nbsp;<\/p>\n<figure id=\"attachment_237\" aria-describedby=\"caption-attachment-237\" style=\"width: 589px\" class=\"wp-caption alignnone\"><a href=\"https:\/\/blogit.gradia.fi\/anniinatuomijarvi\/wp-content\/uploads\/sites\/94\/2013\/11\/hylly2.png\"><img loading=\"lazy\" decoding=\"async\" class=\"size-full wp-image-237\" alt=\"Min\u00e4 + Sanni = Onnistunut hylly !\" src=\"https:\/\/blogit.gradia.fi\/anniinatuomijarvi\/wp-content\/uploads\/sites\/94\/2013\/11\/hylly2.png\" width=\"589\" height=\"198\" \/><\/a><figcaption id=\"caption-attachment-237\" class=\"wp-caption-text\">Min\u00e4 + Sanni = Onnistunut hylly !<\/figcaption><\/figure>\n<p>&nbsp;<\/p>\n<figure id=\"attachment_238\" aria-describedby=\"caption-attachment-238\" style=\"width: 551px\" class=\"wp-caption alignnone\"><a href=\"https:\/\/blogit.gradia.fi\/anniinatuomijarvi\/wp-content\/uploads\/sites\/94\/2013\/11\/hylly3.png\"><img loading=\"lazy\" decoding=\"async\" class=\"size-full wp-image-238\" alt=\"Laitettiin ja j\u00e4rk\u00e4ttiin my\u00f6s v\u00e4h\u00e4n kissanruokaa tyhj\u00e4lle hyllylle.\" src=\"https:\/\/blogit.gradia.fi\/anniinatuomijarvi\/wp-content\/uploads\/sites\/94\/2013\/11\/hylly3.png\" width=\"551\" height=\"413\" \/><\/a><figcaption id=\"caption-attachment-238\" class=\"wp-caption-text\">Laitettiin ja j\u00e4rjesteltiin my\u00f6s v\u00e4h\u00e4n kissanruokaa tyhj\u00e4lle hyllylle.<\/figcaption><\/figure>\n<p>P\u00e4iv\u00e4 oli opettavainen, vaihteleva, ty\u00f6nt\u00e4yteinen sek\u00e4 hauska ! Kiitokset siis Sannille sek\u00e4 Rahulan Rehulle ett\u00e4 sain olla harjoittelemassa p\u00e4iv\u00e4n. \ud83d\ude42<\/p>\n","protected":false},"excerpt":{"rendered":"<p>Heippa hei ! Elikk\u00e4s seuraavaksi olisi vuorossa kertoa teille minun ja Sannin p\u00e4iv\u00e4st\u00e4 Rahulan Rehussa. P\u00e4iv\u00e4 aloitettiin sill\u00e4, ett\u00e4 Sanni kertoili minulle talon tavoista sek\u00e4 n\u00e4ytti kassan ja kertoi kuinka se toimii. Ensimm\u00e4isen\u00e4 hommana pussitettiin tulleita irtotavaroita kuten possunkorvia sek\u00e4 kalkkirehua. Ja sen j\u00e4lkeen purimme tukkukuorman. Lopputuloksena olikin siis paljon tyhji\u00e4 pahvilaatikoita jotka litistettiin ja &hellip; <a href=\"https:\/\/blogit.gradia.fi\/anniinatuomijarvi\/sannin-ja-anniinan-yhteiset-tyopaivat-rahulan-rehu\/\" class=\"more-link\">Jatka lukemista <span class=\"screen-reader-text\">Sannin ja Anniinan yhteiset ty\u00f6p\u00e4iv\u00e4t; Rahulan Rehu.<\/span> <span class=\"meta-nav\">&rarr;<\/span><\/a><\/p>\n","protected":false},"author":588,"featured_media":0,"comment_status":"open","ping_status":"open","sticky":false,"template":"","format":"standard","meta":{"_uag_custom_page_level_css":"","footnotes":""},"categories":[1],"tags":[],"class_list":["post-227","post","type-post","status-publish","format-standard","hentry","category-yleinen"],"yoast_head":"<!-- This site is optimized with the Yoast SEO plugin v27.4 - https:\/\/yoast.com\/product\/yoast-seo-wordpress\/ -->\n<title>Sannin ja Anniinan yhteiset ty\u00f6p\u00e4iv\u00e4t; Rahulan Rehu. - Ty\u00f6el\u00e4m\u00e4n sek\u00e4 koulun yhdist\u00e4minen opiskelijan silmin.<\/title>\n<meta name=\"robots\" content=\"index, follow, max-snippet:-1, max-image-preview:large, max-video-preview:-1\" \/>\n<link rel=\"canonical\" href=\"https:\/\/blogit.gradia.fi\/anniinatuomijarvi\/sannin-ja-anniinan-yhteiset-tyopaivat-rahulan-rehu\/\" \/>\n<meta property=\"og:locale\" content=\"fi_FI\" \/>\n<meta property=\"og:type\" content=\"article\" \/>\n<meta property=\"og:title\" content=\"Sannin ja Anniinan yhteiset ty\u00f6p\u00e4iv\u00e4t; Rahulan Rehu. - Ty\u00f6el\u00e4m\u00e4n sek\u00e4 koulun yhdist\u00e4minen opiskelijan silmin.\" \/>\n<meta property=\"og:description\" content=\"Heippa hei ! Elikk\u00e4s seuraavaksi olisi vuorossa kertoa teille minun ja Sannin p\u00e4iv\u00e4st\u00e4 Rahulan Rehussa. P\u00e4iv\u00e4 aloitettiin sill\u00e4, ett\u00e4 Sanni kertoili minulle talon tavoista sek\u00e4 n\u00e4ytti kassan ja kertoi kuinka se toimii. Ensimm\u00e4isen\u00e4 hommana pussitettiin tulleita irtotavaroita kuten possunkorvia sek\u00e4 kalkkirehua. Ja sen j\u00e4lkeen purimme tukkukuorman. Lopputuloksena olikin siis paljon tyhji\u00e4 pahvilaatikoita jotka litistettiin ja &hellip; Jatka lukemista Sannin ja Anniinan yhteiset ty\u00f6p\u00e4iv\u00e4t; Rahulan Rehu. &rarr;\" \/>\n<meta property=\"og:url\" content=\"https:\/\/blogit.gradia.fi\/anniinatuomijarvi\/sannin-ja-anniinan-yhteiset-tyopaivat-rahulan-rehu\/\" \/>\n<meta property=\"og:site_name\" content=\"Ty\u00f6el\u00e4m\u00e4n sek\u00e4 koulun yhdist\u00e4minen opiskelijan silmin.\" \/>\n<meta property=\"article:published_time\" content=\"2013-11-06T20:06:16+00:00\" \/>\n<meta property=\"article:modified_time\" content=\"2014-11-23T20:11:08+00:00\" \/>\n<meta property=\"og:image\" content=\"https:\/\/blogit.gradia.fi\/anniinatuomijarvi\/wp-content\/uploads\/sites\/94\/2013\/11\/rehu1.png\" \/>\n<meta name=\"author\" content=\"Anniina\" \/>\n<meta name=\"twitter:card\" content=\"summary_large_image\" \/>\n<meta name=\"twitter:label1\" content=\"Kirjoittanut\" \/>\n\t<meta name=\"twitter:data1\" content=\"Anniina\" \/>\n\t<meta name=\"twitter:label2\" content=\"Arvioitu lukuaika\" \/>\n\t<meta name=\"twitter:data2\" content=\"1 minuutti\" \/>\n<script type=\"application\/ld+json\" class=\"yoast-schema-graph\">{\"@context\":\"https:\\\/\\\/schema.org\",\"@graph\":[{\"@type\":\"Article\",\"@id\":\"https:\\\/\\\/blogit.gradia.fi\\\/anniinatuomijarvi\\\/sannin-ja-anniinan-yhteiset-tyopaivat-rahulan-rehu\\\/#article\",\"isPartOf\":{\"@id\":\"https:\\\/\\\/blogit.gradia.fi\\\/anniinatuomijarvi\\\/sannin-ja-anniinan-yhteiset-tyopaivat-rahulan-rehu\\\/\"},\"author\":{\"name\":\"Anniina\",\"@id\":\"https:\\\/\\\/blogit.gradia.fi\\\/anniinatuomijarvi\\\/#\\\/schema\\\/person\\\/a126012e8cf245661fe7e619b8b68806\"},\"headline\":\"Sannin ja Anniinan yhteiset ty\u00f6p\u00e4iv\u00e4t; Rahulan Rehu.\",\"datePublished\":\"2013-11-06T20:06:16+00:00\",\"dateModified\":\"2014-11-23T20:11:08+00:00\",\"mainEntityOfPage\":{\"@id\":\"https:\\\/\\\/blogit.gradia.fi\\\/anniinatuomijarvi\\\/sannin-ja-anniinan-yhteiset-tyopaivat-rahulan-rehu\\\/\"},\"wordCount\":174,\"commentCount\":1,\"image\":{\"@id\":\"https:\\\/\\\/blogit.gradia.fi\\\/anniinatuomijarvi\\\/sannin-ja-anniinan-yhteiset-tyopaivat-rahulan-rehu\\\/#primaryimage\"},\"thumbnailUrl\":\"https:\\\/\\\/blogit.gradia.fi\\\/anniinatuomijarvi\\\/wp-content\\\/uploads\\\/sites\\\/94\\\/2013\\\/11\\\/rehu1.png\",\"inLanguage\":\"fi\",\"potentialAction\":[{\"@type\":\"CommentAction\",\"name\":\"Comment\",\"target\":[\"https:\\\/\\\/blogit.gradia.fi\\\/anniinatuomijarvi\\\/sannin-ja-anniinan-yhteiset-tyopaivat-rahulan-rehu\\\/#respond\"]}]},{\"@type\":\"WebPage\",\"@id\":\"https:\\\/\\\/blogit.gradia.fi\\\/anniinatuomijarvi\\\/sannin-ja-anniinan-yhteiset-tyopaivat-rahulan-rehu\\\/\",\"url\":\"https:\\\/\\\/blogit.gradia.fi\\\/anniinatuomijarvi\\\/sannin-ja-anniinan-yhteiset-tyopaivat-rahulan-rehu\\\/\",\"name\":\"Sannin ja Anniinan yhteiset ty\u00f6p\u00e4iv\u00e4t; Rahulan Rehu. - Ty\u00f6el\u00e4m\u00e4n sek\u00e4 koulun yhdist\u00e4minen opiskelijan silmin.\",\"isPartOf\":{\"@id\":\"https:\\\/\\\/blogit.gradia.fi\\\/anniinatuomijarvi\\\/#website\"},\"primaryImageOfPage\":{\"@id\":\"https:\\\/\\\/blogit.gradia.fi\\\/anniinatuomijarvi\\\/sannin-ja-anniinan-yhteiset-tyopaivat-rahulan-rehu\\\/#primaryimage\"},\"image\":{\"@id\":\"https:\\\/\\\/blogit.gradia.fi\\\/anniinatuomijarvi\\\/sannin-ja-anniinan-yhteiset-tyopaivat-rahulan-rehu\\\/#primaryimage\"},\"thumbnailUrl\":\"https:\\\/\\\/blogit.gradia.fi\\\/anniinatuomijarvi\\\/wp-content\\\/uploads\\\/sites\\\/94\\\/2013\\\/11\\\/rehu1.png\",\"datePublished\":\"2013-11-06T20:06:16+00:00\",\"dateModified\":\"2014-11-23T20:11:08+00:00\",\"author\":{\"@id\":\"https:\\\/\\\/blogit.gradia.fi\\\/anniinatuomijarvi\\\/#\\\/schema\\\/person\\\/a126012e8cf245661fe7e619b8b68806\"},\"inLanguage\":\"fi\",\"potentialAction\":[{\"@type\":\"ReadAction\",\"target\":[\"https:\\\/\\\/blogit.gradia.fi\\\/anniinatuomijarvi\\\/sannin-ja-anniinan-yhteiset-tyopaivat-rahulan-rehu\\\/\"]}]},{\"@type\":\"ImageObject\",\"inLanguage\":\"fi\",\"@id\":\"https:\\\/\\\/blogit.gradia.fi\\\/anniinatuomijarvi\\\/sannin-ja-anniinan-yhteiset-tyopaivat-rahulan-rehu\\\/#primaryimage\",\"url\":\"https:\\\/\\\/blogit.gradia.fi\\\/anniinatuomijarvi\\\/wp-content\\\/uploads\\\/sites\\\/94\\\/2013\\\/11\\\/rehu1.png\",\"contentUrl\":\"https:\\\/\\\/blogit.gradia.fi\\\/anniinatuomijarvi\\\/wp-content\\\/uploads\\\/sites\\\/94\\\/2013\\\/11\\\/rehu1.png\",\"width\":368,\"height\":491,\"caption\":\"Kasa 1\"},{\"@type\":\"WebSite\",\"@id\":\"https:\\\/\\\/blogit.gradia.fi\\\/anniinatuomijarvi\\\/#website\",\"url\":\"https:\\\/\\\/blogit.gradia.fi\\\/anniinatuomijarvi\\\/\",\"name\":\"Ty\u00f6el\u00e4m\u00e4n sek\u00e4 koulun yhdist\u00e4minen opiskelijan silmin.\",\"description\":\"\",\"potentialAction\":[{\"@type\":\"SearchAction\",\"target\":{\"@type\":\"EntryPoint\",\"urlTemplate\":\"https:\\\/\\\/blogit.gradia.fi\\\/anniinatuomijarvi\\\/?s={search_term_string}\"},\"query-input\":{\"@type\":\"PropertyValueSpecification\",\"valueRequired\":true,\"valueName\":\"search_term_string\"}}],\"inLanguage\":\"fi\"},{\"@type\":\"Person\",\"@id\":\"https:\\\/\\\/blogit.gradia.fi\\\/anniinatuomijarvi\\\/#\\\/schema\\\/person\\\/a126012e8cf245661fe7e619b8b68806\",\"name\":\"Anniina\",\"image\":{\"@type\":\"ImageObject\",\"inLanguage\":\"fi\",\"@id\":\"https:\\\/\\\/secure.gravatar.com\\\/avatar\\\/faa68d1f1aa3d5a567e8faedb990f70be54a921fe1e421b90146ac2ec28bd4c2?s=96&d=mm&r=g\",\"url\":\"https:\\\/\\\/secure.gravatar.com\\\/avatar\\\/faa68d1f1aa3d5a567e8faedb990f70be54a921fe1e421b90146ac2ec28bd4c2?s=96&d=mm&r=g\",\"contentUrl\":\"https:\\\/\\\/secure.gravatar.com\\\/avatar\\\/faa68d1f1aa3d5a567e8faedb990f70be54a921fe1e421b90146ac2ec28bd4c2?s=96&d=mm&r=g\",\"caption\":\"Anniina\"},\"description\":\"Moikka ! Olen J\u00e4ms\u00e4l\u00e4inen 18 vuotias tytt\u00f6 ja opiskelen Jyv\u00e4skyl\u00e4n ammattiopistossa merkonomiksi ty\u00f6harjoittelupainotteisella linjalla, joka koostuu viikossa kolmesta p\u00e4iv\u00e4st\u00e4 ty\u00f6t\u00e4 ja kahdesta p\u00e4iv\u00e4st\u00e4 koulua.\",\"sameAs\":[\"https:\\\/\\\/blogit.gradia.fi\\\/anniinatuomijarvi\"],\"url\":\"https:\\\/\\\/blogit.gradia.fi\\\/anniinatuomijarvi\\\/author\\\/ao106993\\\/\"}]}<\/script>\n<!-- \/ Yoast SEO plugin. -->","yoast_head_json":{"title":"Sannin ja Anniinan yhteiset ty\u00f6p\u00e4iv\u00e4t; Rahulan Rehu. - Ty\u00f6el\u00e4m\u00e4n sek\u00e4 koulun yhdist\u00e4minen opiskelijan silmin.","robots":{"index":"index","follow":"follow","max-snippet":"max-snippet:-1","max-image-preview":"max-image-preview:large","max-video-preview":"max-video-preview:-1"},"canonical":"https:\/\/blogit.gradia.fi\/anniinatuomijarvi\/sannin-ja-anniinan-yhteiset-tyopaivat-rahulan-rehu\/","og_locale":"fi_FI","og_type":"article","og_title":"Sannin ja Anniinan yhteiset ty\u00f6p\u00e4iv\u00e4t; Rahulan Rehu. - Ty\u00f6el\u00e4m\u00e4n sek\u00e4 koulun yhdist\u00e4minen opiskelijan silmin.","og_description":"Heippa hei ! Elikk\u00e4s seuraavaksi olisi vuorossa kertoa teille minun ja Sannin p\u00e4iv\u00e4st\u00e4 Rahulan Rehussa. P\u00e4iv\u00e4 aloitettiin sill\u00e4, ett\u00e4 Sanni kertoili minulle talon tavoista sek\u00e4 n\u00e4ytti kassan ja kertoi kuinka se toimii. Ensimm\u00e4isen\u00e4 hommana pussitettiin tulleita irtotavaroita kuten possunkorvia sek\u00e4 kalkkirehua. Ja sen j\u00e4lkeen purimme tukkukuorman. Lopputuloksena olikin siis paljon tyhji\u00e4 pahvilaatikoita jotka litistettiin ja &hellip; Jatka lukemista Sannin ja Anniinan yhteiset ty\u00f6p\u00e4iv\u00e4t; Rahulan Rehu. &rarr;","og_url":"https:\/\/blogit.gradia.fi\/anniinatuomijarvi\/sannin-ja-anniinan-yhteiset-tyopaivat-rahulan-rehu\/","og_site_name":"Ty\u00f6el\u00e4m\u00e4n sek\u00e4 koulun yhdist\u00e4minen opiskelijan silmin.","article_published_time":"2013-11-06T20:06:16+00:00","article_modified_time":"2014-11-23T20:11:08+00:00","og_image":[{"url":"https:\/\/blogit.gradia.fi\/anniinatuomijarvi\/wp-content\/uploads\/sites\/94\/2013\/11\/rehu1.png","type":"","width":"","height":""}],"author":"Anniina","twitter_card":"summary_large_image","twitter_misc":{"Kirjoittanut":"Anniina","Arvioitu lukuaika":"1 minuutti"},"schema":{"@context":"https:\/\/schema.org","@graph":[{"@type":"Article","@id":"https:\/\/blogit.gradia.fi\/anniinatuomijarvi\/sannin-ja-anniinan-yhteiset-tyopaivat-rahulan-rehu\/#article","isPartOf":{"@id":"https:\/\/blogit.gradia.fi\/anniinatuomijarvi\/sannin-ja-anniinan-yhteiset-tyopaivat-rahulan-rehu\/"},"author":{"name":"Anniina","@id":"https:\/\/blogit.gradia.fi\/anniinatuomijarvi\/#\/schema\/person\/a126012e8cf245661fe7e619b8b68806"},"headline":"Sannin ja Anniinan yhteiset ty\u00f6p\u00e4iv\u00e4t; Rahulan Rehu.","datePublished":"2013-11-06T20:06:16+00:00","dateModified":"2014-11-23T20:11:08+00:00","mainEntityOfPage":{"@id":"https:\/\/blogit.gradia.fi\/anniinatuomijarvi\/sannin-ja-anniinan-yhteiset-tyopaivat-rahulan-rehu\/"},"wordCount":174,"commentCount":1,"image":{"@id":"https:\/\/blogit.gradia.fi\/anniinatuomijarvi\/sannin-ja-anniinan-yhteiset-tyopaivat-rahulan-rehu\/#primaryimage"},"thumbnailUrl":"https:\/\/blogit.gradia.fi\/anniinatuomijarvi\/wp-content\/uploads\/sites\/94\/2013\/11\/rehu1.png","inLanguage":"fi","potentialAction":[{"@type":"CommentAction","name":"Comment","target":["https:\/\/blogit.gradia.fi\/anniinatuomijarvi\/sannin-ja-anniinan-yhteiset-tyopaivat-rahulan-rehu\/#respond"]}]},{"@type":"WebPage","@id":"https:\/\/blogit.gradia.fi\/anniinatuomijarvi\/sannin-ja-anniinan-yhteiset-tyopaivat-rahulan-rehu\/","url":"https:\/\/blogit.gradia.fi\/anniinatuomijarvi\/sannin-ja-anniinan-yhteiset-tyopaivat-rahulan-rehu\/","name":"Sannin ja Anniinan yhteiset ty\u00f6p\u00e4iv\u00e4t; Rahulan Rehu. - Ty\u00f6el\u00e4m\u00e4n sek\u00e4 koulun yhdist\u00e4minen opiskelijan silmin.","isPartOf":{"@id":"https:\/\/blogit.gradia.fi\/anniinatuomijarvi\/#website"},"primaryImageOfPage":{"@id":"https:\/\/blogit.gradia.fi\/anniinatuomijarvi\/sannin-ja-anniinan-yhteiset-tyopaivat-rahulan-rehu\/#primaryimage"},"image":{"@id":"https:\/\/blogit.gradia.fi\/anniinatuomijarvi\/sannin-ja-anniinan-yhteiset-tyopaivat-rahulan-rehu\/#primaryimage"},"thumbnailUrl":"https:\/\/blogit.gradia.fi\/anniinatuomijarvi\/wp-content\/uploads\/sites\/94\/2013\/11\/rehu1.png","datePublished":"2013-11-06T20:06:16+00:00","dateModified":"2014-11-23T20:11:08+00:00","author":{"@id":"https:\/\/blogit.gradia.fi\/anniinatuomijarvi\/#\/schema\/person\/a126012e8cf245661fe7e619b8b68806"},"inLanguage":"fi","potentialAction":[{"@type":"ReadAction","target":["https:\/\/blogit.gradia.fi\/anniinatuomijarvi\/sannin-ja-anniinan-yhteiset-tyopaivat-rahulan-rehu\/"]}]},{"@type":"ImageObject","inLanguage":"fi","@id":"https:\/\/blogit.gradia.fi\/anniinatuomijarvi\/sannin-ja-anniinan-yhteiset-tyopaivat-rahulan-rehu\/#primaryimage","url":"https:\/\/blogit.gradia.fi\/anniinatuomijarvi\/wp-content\/uploads\/sites\/94\/2013\/11\/rehu1.png","contentUrl":"https:\/\/blogit.gradia.fi\/anniinatuomijarvi\/wp-content\/uploads\/sites\/94\/2013\/11\/rehu1.png","width":368,"height":491,"caption":"Kasa 1"},{"@type":"WebSite","@id":"https:\/\/blogit.gradia.fi\/anniinatuomijarvi\/#website","url":"https:\/\/blogit.gradia.fi\/anniinatuomijarvi\/","name":"Ty\u00f6el\u00e4m\u00e4n sek\u00e4 koulun yhdist\u00e4minen opiskelijan silmin.","description":"","potentialAction":[{"@type":"SearchAction","target":{"@type":"EntryPoint","urlTemplate":"https:\/\/blogit.gradia.fi\/anniinatuomijarvi\/?s={search_term_string}"},"query-input":{"@type":"PropertyValueSpecification","valueRequired":true,"valueName":"search_term_string"}}],"inLanguage":"fi"},{"@type":"Person","@id":"https:\/\/blogit.gradia.fi\/anniinatuomijarvi\/#\/schema\/person\/a126012e8cf245661fe7e619b8b68806","name":"Anniina","image":{"@type":"ImageObject","inLanguage":"fi","@id":"https:\/\/secure.gravatar.com\/avatar\/faa68d1f1aa3d5a567e8faedb990f70be54a921fe1e421b90146ac2ec28bd4c2?s=96&d=mm&r=g","url":"https:\/\/secure.gravatar.com\/avatar\/faa68d1f1aa3d5a567e8faedb990f70be54a921fe1e421b90146ac2ec28bd4c2?s=96&d=mm&r=g","contentUrl":"https:\/\/secure.gravatar.com\/avatar\/faa68d1f1aa3d5a567e8faedb990f70be54a921fe1e421b90146ac2ec28bd4c2?s=96&d=mm&r=g","caption":"Anniina"},"description":"Moikka ! Olen J\u00e4ms\u00e4l\u00e4inen 18 vuotias tytt\u00f6 ja opiskelen Jyv\u00e4skyl\u00e4n ammattiopistossa merkonomiksi ty\u00f6harjoittelupainotteisella linjalla, joka koostuu viikossa kolmesta p\u00e4iv\u00e4st\u00e4 ty\u00f6t\u00e4 ja kahdesta p\u00e4iv\u00e4st\u00e4 koulua.","sameAs":["https:\/\/blogit.gradia.fi\/anniinatuomijarvi"],"url":"https:\/\/blogit.gradia.fi\/anniinatuomijarvi\/author\/ao106993\/"}]}},"uagb_featured_image_src":{"full":false,"thumbnail":false,"medium":false,"medium_large":false,"large":false,"1536x1536":false,"2048x2048":false,"post-thumbnail":false,"twentyfourteen-full-width":false},"uagb_author_info":{"display_name":"Anniina","author_link":"https:\/\/blogit.gradia.fi\/anniinatuomijarvi\/author\/ao106993\/"},"uagb_comment_info":1,"uagb_excerpt":"Heippa hei ! Elikk\u00e4s seuraavaksi olisi vuorossa kertoa teille minun ja Sannin p\u00e4iv\u00e4st\u00e4 Rahulan Rehussa. P\u00e4iv\u00e4 aloitettiin sill\u00e4, ett\u00e4 Sanni kertoili minulle talon tavoista sek\u00e4 n\u00e4ytti kassan ja kertoi kuinka se toimii. Ensimm\u00e4isen\u00e4 hommana pussitettiin tulleita irtotavaroita kuten possunkorvia sek\u00e4 kalkkirehua. Ja sen j\u00e4lkeen purimme tukkukuorman. Lopputuloksena olikin siis paljon tyhji\u00e4 pahvilaatikoita jotka litistettiin ja&hellip;","_links":{"self":[{"href":"https:\/\/blogit.gradia.fi\/anniinatuomijarvi\/wp-json\/wp\/v2\/posts\/227","targetHints":{"allow":["GET"]}}],"collection":[{"href":"https:\/\/blogit.gradia.fi\/anniinatuomijarvi\/wp-json\/wp\/v2\/posts"}],"about":[{"href":"https:\/\/blogit.gradia.fi\/anniinatuomijarvi\/wp-json\/wp\/v2\/types\/post"}],"author":[{"embeddable":true,"href":"https:\/\/blogit.gradia.fi\/anniinatuomijarvi\/wp-json\/wp\/v2\/users\/588"}],"replies":[{"embeddable":true,"href":"https:\/\/blogit.gradia.fi\/anniinatuomijarvi\/wp-json\/wp\/v2\/comments?post=227"}],"version-history":[{"count":0,"href":"https:\/\/blogit.gradia.fi\/anniinatuomijarvi\/wp-json\/wp\/v2\/posts\/227\/revisions"}],"wp:attachment":[{"href":"https:\/\/blogit.gradia.fi\/anniinatuomijarvi\/wp-json\/wp\/v2\/media?parent=227"}],"wp:term":[{"taxonomy":"category","embeddable":true,"href":"https:\/\/blogit.gradia.fi\/anniinatuomijarvi\/wp-json\/wp\/v2\/categories?post=227"},{"taxonomy":"post_tag","embeddable":true,"href":"https:\/\/blogit.gradia.fi\/anniinatuomijarvi\/wp-json\/wp\/v2\/tags?post=227"}],"curies":[{"name":"wp","href":"https:\/\/api.w.org\/{rel}","templated":true}]}}