{"id":220,"date":"2013-11-06T21:51:59","date_gmt":"2013-11-06T19:51:59","guid":{"rendered":"https:\/\/blogit.gradia.fi\/anniinatuomijarvi\/?p=220"},"modified":"2014-11-23T22:09:02","modified_gmt":"2014-11-23T20:09:02","slug":"sannin-ja-anniinan-yhteiset-tyopaivat-kimperi","status":"publish","type":"post","link":"https:\/\/blogit.gradia.fi\/anniinatuomijarvi\/sannin-ja-anniinan-yhteiset-tyopaivat-kimperi\/","title":{"rendered":"Sannin ja Anniinan yhteiset ty\u00f6p\u00e4iv\u00e4t; Kimperi."},"content":{"rendered":"<p>Hellou !<\/p>\n<p>Elikk\u00e4s pointtina t\u00e4ss\u00e4 poustauksessa oli kertoa teille minun ja Sannin (https:\/\/blogit.gradia.fi\/sannimakinen) yhteisist\u00e4 ty\u00f6p\u00e4ivist\u00e4, joita oli siis kaksi kappaletta.<br \/>\nEilen, siis tiistaina 5.11. Sanni tuli minun ty\u00f6paikalleni Kimperille ja p\u00e4iv\u00e4 meni tosi hyvin. Teimme yhdess\u00e4 n\u00e4yteikkunan (kuvakooste alhaalla), olimme kassalla ja teimme my\u00f6s v\u00e4h\u00e4n messuj\u00e4rjestelyj\u00e4 jo valmiiksi. Elikk\u00e4 parin viikon p\u00e4\u00e4st\u00e4 Kimperi l\u00e4htee Tampereelle k\u00e4sity\u00f6messuille ja sinne pakkasimme Kimperin omia housuja ja j\u00e4rjestelimme samalla ne laatikot siisteiksi. Eli aika tuollainen perus ty\u00f6p\u00e4iv\u00e4 mik\u00e4 minulla usein on.<\/p>\n<p>N\u00e4yteikkunasta ei oikein ole mit\u00e4\u00e4n erikoista kerrottavaa, tehtiin aika tutulla kaavalla. Tosin nyt ei purettu koko ikkunaa vaan vaihettiin ukkeleille pelk\u00e4st\u00e4\u00e4n vaatteet ja v\u00e4h\u00e4n tuotteiden paikkaa. Syyn\u00e4 t\u00e4h\u00e4n on se, ett\u00e4 joko t\u00e4m\u00e4n viikon alussa tai ensiviikolla tulee ammattikorkeakoulusta joitakin ihmisi\u00e4 vaihtamaan meille kouluteht\u00e4v\u00e4n\u00e4 jouluikkunan. Mutta oli mielest\u00e4ni ihan kiva ett\u00e4 saatiin kuitenkin vaihtaa tuo n\u00e4yteikkuna nyt koska eih\u00e4n se varmaan ollu Sannille mitenk\u00e4\u00e4n hirveen entuudesta tuttu asia ja se kun kuuluu minun ty\u00f6h\u00f6ni viikoittain. \ud83d\ude42<\/p>\n<p>(Kuvia voi klikata isommiksi)<\/p>\n<p><a href=\"https:\/\/blogit.gradia.fi\/anniinatuomijarvi\/wp-content\/uploads\/sites\/94\/2013\/11\/valmiit-nuket.png\"><img loading=\"lazy\" decoding=\"async\" class=\"size-full wp-image-221\" alt=\"Meid\u00e4n vaihtamat vaatteet mallinukeille.\" src=\"https:\/\/blogit.gradia.fi\/anniinatuomijarvi\/wp-content\/uploads\/sites\/94\/2013\/11\/valmiit-nuket.png\" width=\"631\" height=\"325\" \/><\/a><\/p>\n<p>Valmis n\u00e4yteikkuna kuvakollaasina:<\/p>\n<p><a href=\"https:\/\/blogit.gradia.fi\/anniinatuomijarvi\/wp-content\/uploads\/sites\/94\/2013\/11\/san\u00e4yteikkuna.png\"><img loading=\"lazy\" decoding=\"async\" class=\"alignnone size-full wp-image-224\" alt=\"san\u00e4yteikkuna\" src=\"https:\/\/blogit.gradia.fi\/anniinatuomijarvi\/wp-content\/uploads\/sites\/94\/2013\/11\/san\u00e4yteikkuna.png\" width=\"921\" height=\"543\" \/><\/a><\/p>\n","protected":false},"excerpt":{"rendered":"<p>Hellou ! Elikk\u00e4s pointtina t\u00e4ss\u00e4 poustauksessa oli kertoa teille minun ja Sannin (https:\/\/blogit.gradia.fi\/sannimakinen) yhteisist\u00e4 ty\u00f6p\u00e4ivist\u00e4, joita oli siis kaksi kappaletta. Eilen, siis tiistaina 5.11. Sanni tuli minun ty\u00f6paikalleni Kimperille ja p\u00e4iv\u00e4 meni tosi hyvin. Teimme yhdess\u00e4 n\u00e4yteikkunan (kuvakooste alhaalla), olimme kassalla ja teimme my\u00f6s v\u00e4h\u00e4n messuj\u00e4rjestelyj\u00e4 jo valmiiksi. Elikk\u00e4 parin viikon p\u00e4\u00e4st\u00e4 Kimperi l\u00e4htee Tampereelle &hellip; <a href=\"https:\/\/blogit.gradia.fi\/anniinatuomijarvi\/sannin-ja-anniinan-yhteiset-tyopaivat-kimperi\/\" class=\"more-link\">Jatka lukemista <span class=\"screen-reader-text\">Sannin ja Anniinan yhteiset ty\u00f6p\u00e4iv\u00e4t; Kimperi.<\/span> <span class=\"meta-nav\">&rarr;<\/span><\/a><\/p>\n","protected":false},"author":588,"featured_media":0,"comment_status":"open","ping_status":"open","sticky":false,"template":"","format":"standard","meta":{"_uag_custom_page_level_css":"","footnotes":""},"categories":[1],"tags":[],"class_list":["post-220","post","type-post","status-publish","format-standard","hentry","category-yleinen"],"yoast_head":"<!-- This site is optimized with the Yoast SEO plugin v27.4 - https:\/\/yoast.com\/product\/yoast-seo-wordpress\/ -->\n<title>Sannin ja Anniinan yhteiset ty\u00f6p\u00e4iv\u00e4t; Kimperi. - Ty\u00f6el\u00e4m\u00e4n sek\u00e4 koulun yhdist\u00e4minen opiskelijan silmin.<\/title>\n<meta name=\"robots\" content=\"index, follow, max-snippet:-1, max-image-preview:large, max-video-preview:-1\" \/>\n<link rel=\"canonical\" href=\"https:\/\/blogit.gradia.fi\/anniinatuomijarvi\/sannin-ja-anniinan-yhteiset-tyopaivat-kimperi\/\" \/>\n<meta property=\"og:locale\" content=\"fi_FI\" \/>\n<meta property=\"og:type\" content=\"article\" \/>\n<meta property=\"og:title\" content=\"Sannin ja Anniinan yhteiset ty\u00f6p\u00e4iv\u00e4t; Kimperi. - Ty\u00f6el\u00e4m\u00e4n sek\u00e4 koulun yhdist\u00e4minen opiskelijan silmin.\" \/>\n<meta property=\"og:description\" content=\"Hellou ! Elikk\u00e4s pointtina t\u00e4ss\u00e4 poustauksessa oli kertoa teille minun ja Sannin (https:\/\/blogit.gradia.fi\/sannimakinen) yhteisist\u00e4 ty\u00f6p\u00e4ivist\u00e4, joita oli siis kaksi kappaletta. Eilen, siis tiistaina 5.11. Sanni tuli minun ty\u00f6paikalleni Kimperille ja p\u00e4iv\u00e4 meni tosi hyvin. Teimme yhdess\u00e4 n\u00e4yteikkunan (kuvakooste alhaalla), olimme kassalla ja teimme my\u00f6s v\u00e4h\u00e4n messuj\u00e4rjestelyj\u00e4 jo valmiiksi. Elikk\u00e4 parin viikon p\u00e4\u00e4st\u00e4 Kimperi l\u00e4htee Tampereelle &hellip; Jatka lukemista Sannin ja Anniinan yhteiset ty\u00f6p\u00e4iv\u00e4t; Kimperi. &rarr;\" \/>\n<meta property=\"og:url\" content=\"https:\/\/blogit.gradia.fi\/anniinatuomijarvi\/sannin-ja-anniinan-yhteiset-tyopaivat-kimperi\/\" \/>\n<meta property=\"og:site_name\" content=\"Ty\u00f6el\u00e4m\u00e4n sek\u00e4 koulun yhdist\u00e4minen opiskelijan silmin.\" \/>\n<meta property=\"article:published_time\" content=\"2013-11-06T19:51:59+00:00\" \/>\n<meta property=\"article:modified_time\" content=\"2014-11-23T20:09:02+00:00\" \/>\n<meta property=\"og:image\" content=\"https:\/\/blogit.gradia.fi\/anniinatuomijarvi\/wp-content\/uploads\/sites\/94\/2013\/11\/valmiit-nuket.png\" \/>\n<meta name=\"author\" content=\"Anniina\" \/>\n<meta name=\"twitter:card\" content=\"summary_large_image\" \/>\n<meta name=\"twitter:label1\" content=\"Kirjoittanut\" \/>\n\t<meta name=\"twitter:data1\" content=\"Anniina\" \/>\n\t<meta name=\"twitter:label2\" content=\"Arvioitu lukuaika\" \/>\n\t<meta name=\"twitter:data2\" content=\"1 minuutti\" \/>\n<script type=\"application\/ld+json\" class=\"yoast-schema-graph\">{\"@context\":\"https:\\\/\\\/schema.org\",\"@graph\":[{\"@type\":\"Article\",\"@id\":\"https:\\\/\\\/blogit.gradia.fi\\\/anniinatuomijarvi\\\/sannin-ja-anniinan-yhteiset-tyopaivat-kimperi\\\/#article\",\"isPartOf\":{\"@id\":\"https:\\\/\\\/blogit.gradia.fi\\\/anniinatuomijarvi\\\/sannin-ja-anniinan-yhteiset-tyopaivat-kimperi\\\/\"},\"author\":{\"name\":\"Anniina\",\"@id\":\"https:\\\/\\\/blogit.gradia.fi\\\/anniinatuomijarvi\\\/#\\\/schema\\\/person\\\/a126012e8cf245661fe7e619b8b68806\"},\"headline\":\"Sannin ja Anniinan yhteiset ty\u00f6p\u00e4iv\u00e4t; Kimperi.\",\"datePublished\":\"2013-11-06T19:51:59+00:00\",\"dateModified\":\"2014-11-23T20:09:02+00:00\",\"mainEntityOfPage\":{\"@id\":\"https:\\\/\\\/blogit.gradia.fi\\\/anniinatuomijarvi\\\/sannin-ja-anniinan-yhteiset-tyopaivat-kimperi\\\/\"},\"wordCount\":207,\"commentCount\":1,\"image\":{\"@id\":\"https:\\\/\\\/blogit.gradia.fi\\\/anniinatuomijarvi\\\/sannin-ja-anniinan-yhteiset-tyopaivat-kimperi\\\/#primaryimage\"},\"thumbnailUrl\":\"https:\\\/\\\/blogit.gradia.fi\\\/anniinatuomijarvi\\\/wp-content\\\/uploads\\\/sites\\\/94\\\/2013\\\/11\\\/valmiit-nuket.png\",\"inLanguage\":\"fi\",\"potentialAction\":[{\"@type\":\"CommentAction\",\"name\":\"Comment\",\"target\":[\"https:\\\/\\\/blogit.gradia.fi\\\/anniinatuomijarvi\\\/sannin-ja-anniinan-yhteiset-tyopaivat-kimperi\\\/#respond\"]}]},{\"@type\":\"WebPage\",\"@id\":\"https:\\\/\\\/blogit.gradia.fi\\\/anniinatuomijarvi\\\/sannin-ja-anniinan-yhteiset-tyopaivat-kimperi\\\/\",\"url\":\"https:\\\/\\\/blogit.gradia.fi\\\/anniinatuomijarvi\\\/sannin-ja-anniinan-yhteiset-tyopaivat-kimperi\\\/\",\"name\":\"Sannin ja Anniinan yhteiset ty\u00f6p\u00e4iv\u00e4t; Kimperi. - Ty\u00f6el\u00e4m\u00e4n sek\u00e4 koulun yhdist\u00e4minen opiskelijan silmin.\",\"isPartOf\":{\"@id\":\"https:\\\/\\\/blogit.gradia.fi\\\/anniinatuomijarvi\\\/#website\"},\"primaryImageOfPage\":{\"@id\":\"https:\\\/\\\/blogit.gradia.fi\\\/anniinatuomijarvi\\\/sannin-ja-anniinan-yhteiset-tyopaivat-kimperi\\\/#primaryimage\"},\"image\":{\"@id\":\"https:\\\/\\\/blogit.gradia.fi\\\/anniinatuomijarvi\\\/sannin-ja-anniinan-yhteiset-tyopaivat-kimperi\\\/#primaryimage\"},\"thumbnailUrl\":\"https:\\\/\\\/blogit.gradia.fi\\\/anniinatuomijarvi\\\/wp-content\\\/uploads\\\/sites\\\/94\\\/2013\\\/11\\\/valmiit-nuket.png\",\"datePublished\":\"2013-11-06T19:51:59+00:00\",\"dateModified\":\"2014-11-23T20:09:02+00:00\",\"author\":{\"@id\":\"https:\\\/\\\/blogit.gradia.fi\\\/anniinatuomijarvi\\\/#\\\/schema\\\/person\\\/a126012e8cf245661fe7e619b8b68806\"},\"inLanguage\":\"fi\",\"potentialAction\":[{\"@type\":\"ReadAction\",\"target\":[\"https:\\\/\\\/blogit.gradia.fi\\\/anniinatuomijarvi\\\/sannin-ja-anniinan-yhteiset-tyopaivat-kimperi\\\/\"]}]},{\"@type\":\"ImageObject\",\"inLanguage\":\"fi\",\"@id\":\"https:\\\/\\\/blogit.gradia.fi\\\/anniinatuomijarvi\\\/sannin-ja-anniinan-yhteiset-tyopaivat-kimperi\\\/#primaryimage\",\"url\":\"https:\\\/\\\/blogit.gradia.fi\\\/anniinatuomijarvi\\\/wp-content\\\/uploads\\\/sites\\\/94\\\/2013\\\/11\\\/valmiit-nuket.png\",\"contentUrl\":\"https:\\\/\\\/blogit.gradia.fi\\\/anniinatuomijarvi\\\/wp-content\\\/uploads\\\/sites\\\/94\\\/2013\\\/11\\\/valmiit-nuket.png\",\"width\":1051,\"height\":542,\"caption\":\"Meid\u00e4n vaihtamat vaatteet mallinukeille.\"},{\"@type\":\"WebSite\",\"@id\":\"https:\\\/\\\/blogit.gradia.fi\\\/anniinatuomijarvi\\\/#website\",\"url\":\"https:\\\/\\\/blogit.gradia.fi\\\/anniinatuomijarvi\\\/\",\"name\":\"Ty\u00f6el\u00e4m\u00e4n sek\u00e4 koulun yhdist\u00e4minen opiskelijan silmin.\",\"description\":\"\",\"potentialAction\":[{\"@type\":\"SearchAction\",\"target\":{\"@type\":\"EntryPoint\",\"urlTemplate\":\"https:\\\/\\\/blogit.gradia.fi\\\/anniinatuomijarvi\\\/?s={search_term_string}\"},\"query-input\":{\"@type\":\"PropertyValueSpecification\",\"valueRequired\":true,\"valueName\":\"search_term_string\"}}],\"inLanguage\":\"fi\"},{\"@type\":\"Person\",\"@id\":\"https:\\\/\\\/blogit.gradia.fi\\\/anniinatuomijarvi\\\/#\\\/schema\\\/person\\\/a126012e8cf245661fe7e619b8b68806\",\"name\":\"Anniina\",\"image\":{\"@type\":\"ImageObject\",\"inLanguage\":\"fi\",\"@id\":\"https:\\\/\\\/secure.gravatar.com\\\/avatar\\\/faa68d1f1aa3d5a567e8faedb990f70be54a921fe1e421b90146ac2ec28bd4c2?s=96&d=mm&r=g\",\"url\":\"https:\\\/\\\/secure.gravatar.com\\\/avatar\\\/faa68d1f1aa3d5a567e8faedb990f70be54a921fe1e421b90146ac2ec28bd4c2?s=96&d=mm&r=g\",\"contentUrl\":\"https:\\\/\\\/secure.gravatar.com\\\/avatar\\\/faa68d1f1aa3d5a567e8faedb990f70be54a921fe1e421b90146ac2ec28bd4c2?s=96&d=mm&r=g\",\"caption\":\"Anniina\"},\"description\":\"Moikka ! Olen J\u00e4ms\u00e4l\u00e4inen 18 vuotias tytt\u00f6 ja opiskelen Jyv\u00e4skyl\u00e4n ammattiopistossa merkonomiksi ty\u00f6harjoittelupainotteisella linjalla, joka koostuu viikossa kolmesta p\u00e4iv\u00e4st\u00e4 ty\u00f6t\u00e4 ja kahdesta p\u00e4iv\u00e4st\u00e4 koulua.\",\"sameAs\":[\"https:\\\/\\\/blogit.gradia.fi\\\/anniinatuomijarvi\"],\"url\":\"https:\\\/\\\/blogit.gradia.fi\\\/anniinatuomijarvi\\\/author\\\/ao106993\\\/\"}]}<\/script>\n<!-- \/ Yoast SEO plugin. -->","yoast_head_json":{"title":"Sannin ja Anniinan yhteiset ty\u00f6p\u00e4iv\u00e4t; Kimperi. - Ty\u00f6el\u00e4m\u00e4n sek\u00e4 koulun yhdist\u00e4minen opiskelijan silmin.","robots":{"index":"index","follow":"follow","max-snippet":"max-snippet:-1","max-image-preview":"max-image-preview:large","max-video-preview":"max-video-preview:-1"},"canonical":"https:\/\/blogit.gradia.fi\/anniinatuomijarvi\/sannin-ja-anniinan-yhteiset-tyopaivat-kimperi\/","og_locale":"fi_FI","og_type":"article","og_title":"Sannin ja Anniinan yhteiset ty\u00f6p\u00e4iv\u00e4t; Kimperi. - Ty\u00f6el\u00e4m\u00e4n sek\u00e4 koulun yhdist\u00e4minen opiskelijan silmin.","og_description":"Hellou ! Elikk\u00e4s pointtina t\u00e4ss\u00e4 poustauksessa oli kertoa teille minun ja Sannin (https:\/\/blogit.gradia.fi\/sannimakinen) yhteisist\u00e4 ty\u00f6p\u00e4ivist\u00e4, joita oli siis kaksi kappaletta. Eilen, siis tiistaina 5.11. Sanni tuli minun ty\u00f6paikalleni Kimperille ja p\u00e4iv\u00e4 meni tosi hyvin. Teimme yhdess\u00e4 n\u00e4yteikkunan (kuvakooste alhaalla), olimme kassalla ja teimme my\u00f6s v\u00e4h\u00e4n messuj\u00e4rjestelyj\u00e4 jo valmiiksi. Elikk\u00e4 parin viikon p\u00e4\u00e4st\u00e4 Kimperi l\u00e4htee Tampereelle &hellip; Jatka lukemista Sannin ja Anniinan yhteiset ty\u00f6p\u00e4iv\u00e4t; Kimperi. &rarr;","og_url":"https:\/\/blogit.gradia.fi\/anniinatuomijarvi\/sannin-ja-anniinan-yhteiset-tyopaivat-kimperi\/","og_site_name":"Ty\u00f6el\u00e4m\u00e4n sek\u00e4 koulun yhdist\u00e4minen opiskelijan silmin.","article_published_time":"2013-11-06T19:51:59+00:00","article_modified_time":"2014-11-23T20:09:02+00:00","og_image":[{"url":"https:\/\/blogit.gradia.fi\/anniinatuomijarvi\/wp-content\/uploads\/sites\/94\/2013\/11\/valmiit-nuket.png","type":"","width":"","height":""}],"author":"Anniina","twitter_card":"summary_large_image","twitter_misc":{"Kirjoittanut":"Anniina","Arvioitu lukuaika":"1 minuutti"},"schema":{"@context":"https:\/\/schema.org","@graph":[{"@type":"Article","@id":"https:\/\/blogit.gradia.fi\/anniinatuomijarvi\/sannin-ja-anniinan-yhteiset-tyopaivat-kimperi\/#article","isPartOf":{"@id":"https:\/\/blogit.gradia.fi\/anniinatuomijarvi\/sannin-ja-anniinan-yhteiset-tyopaivat-kimperi\/"},"author":{"name":"Anniina","@id":"https:\/\/blogit.gradia.fi\/anniinatuomijarvi\/#\/schema\/person\/a126012e8cf245661fe7e619b8b68806"},"headline":"Sannin ja Anniinan yhteiset ty\u00f6p\u00e4iv\u00e4t; Kimperi.","datePublished":"2013-11-06T19:51:59+00:00","dateModified":"2014-11-23T20:09:02+00:00","mainEntityOfPage":{"@id":"https:\/\/blogit.gradia.fi\/anniinatuomijarvi\/sannin-ja-anniinan-yhteiset-tyopaivat-kimperi\/"},"wordCount":207,"commentCount":1,"image":{"@id":"https:\/\/blogit.gradia.fi\/anniinatuomijarvi\/sannin-ja-anniinan-yhteiset-tyopaivat-kimperi\/#primaryimage"},"thumbnailUrl":"https:\/\/blogit.gradia.fi\/anniinatuomijarvi\/wp-content\/uploads\/sites\/94\/2013\/11\/valmiit-nuket.png","inLanguage":"fi","potentialAction":[{"@type":"CommentAction","name":"Comment","target":["https:\/\/blogit.gradia.fi\/anniinatuomijarvi\/sannin-ja-anniinan-yhteiset-tyopaivat-kimperi\/#respond"]}]},{"@type":"WebPage","@id":"https:\/\/blogit.gradia.fi\/anniinatuomijarvi\/sannin-ja-anniinan-yhteiset-tyopaivat-kimperi\/","url":"https:\/\/blogit.gradia.fi\/anniinatuomijarvi\/sannin-ja-anniinan-yhteiset-tyopaivat-kimperi\/","name":"Sannin ja Anniinan yhteiset ty\u00f6p\u00e4iv\u00e4t; Kimperi. - Ty\u00f6el\u00e4m\u00e4n sek\u00e4 koulun yhdist\u00e4minen opiskelijan silmin.","isPartOf":{"@id":"https:\/\/blogit.gradia.fi\/anniinatuomijarvi\/#website"},"primaryImageOfPage":{"@id":"https:\/\/blogit.gradia.fi\/anniinatuomijarvi\/sannin-ja-anniinan-yhteiset-tyopaivat-kimperi\/#primaryimage"},"image":{"@id":"https:\/\/blogit.gradia.fi\/anniinatuomijarvi\/sannin-ja-anniinan-yhteiset-tyopaivat-kimperi\/#primaryimage"},"thumbnailUrl":"https:\/\/blogit.gradia.fi\/anniinatuomijarvi\/wp-content\/uploads\/sites\/94\/2013\/11\/valmiit-nuket.png","datePublished":"2013-11-06T19:51:59+00:00","dateModified":"2014-11-23T20:09:02+00:00","author":{"@id":"https:\/\/blogit.gradia.fi\/anniinatuomijarvi\/#\/schema\/person\/a126012e8cf245661fe7e619b8b68806"},"inLanguage":"fi","potentialAction":[{"@type":"ReadAction","target":["https:\/\/blogit.gradia.fi\/anniinatuomijarvi\/sannin-ja-anniinan-yhteiset-tyopaivat-kimperi\/"]}]},{"@type":"ImageObject","inLanguage":"fi","@id":"https:\/\/blogit.gradia.fi\/anniinatuomijarvi\/sannin-ja-anniinan-yhteiset-tyopaivat-kimperi\/#primaryimage","url":"https:\/\/blogit.gradia.fi\/anniinatuomijarvi\/wp-content\/uploads\/sites\/94\/2013\/11\/valmiit-nuket.png","contentUrl":"https:\/\/blogit.gradia.fi\/anniinatuomijarvi\/wp-content\/uploads\/sites\/94\/2013\/11\/valmiit-nuket.png","width":1051,"height":542,"caption":"Meid\u00e4n vaihtamat vaatteet mallinukeille."},{"@type":"WebSite","@id":"https:\/\/blogit.gradia.fi\/anniinatuomijarvi\/#website","url":"https:\/\/blogit.gradia.fi\/anniinatuomijarvi\/","name":"Ty\u00f6el\u00e4m\u00e4n sek\u00e4 koulun yhdist\u00e4minen opiskelijan silmin.","description":"","potentialAction":[{"@type":"SearchAction","target":{"@type":"EntryPoint","urlTemplate":"https:\/\/blogit.gradia.fi\/anniinatuomijarvi\/?s={search_term_string}"},"query-input":{"@type":"PropertyValueSpecification","valueRequired":true,"valueName":"search_term_string"}}],"inLanguage":"fi"},{"@type":"Person","@id":"https:\/\/blogit.gradia.fi\/anniinatuomijarvi\/#\/schema\/person\/a126012e8cf245661fe7e619b8b68806","name":"Anniina","image":{"@type":"ImageObject","inLanguage":"fi","@id":"https:\/\/secure.gravatar.com\/avatar\/faa68d1f1aa3d5a567e8faedb990f70be54a921fe1e421b90146ac2ec28bd4c2?s=96&d=mm&r=g","url":"https:\/\/secure.gravatar.com\/avatar\/faa68d1f1aa3d5a567e8faedb990f70be54a921fe1e421b90146ac2ec28bd4c2?s=96&d=mm&r=g","contentUrl":"https:\/\/secure.gravatar.com\/avatar\/faa68d1f1aa3d5a567e8faedb990f70be54a921fe1e421b90146ac2ec28bd4c2?s=96&d=mm&r=g","caption":"Anniina"},"description":"Moikka ! Olen J\u00e4ms\u00e4l\u00e4inen 18 vuotias tytt\u00f6 ja opiskelen Jyv\u00e4skyl\u00e4n ammattiopistossa merkonomiksi ty\u00f6harjoittelupainotteisella linjalla, joka koostuu viikossa kolmesta p\u00e4iv\u00e4st\u00e4 ty\u00f6t\u00e4 ja kahdesta p\u00e4iv\u00e4st\u00e4 koulua.","sameAs":["https:\/\/blogit.gradia.fi\/anniinatuomijarvi"],"url":"https:\/\/blogit.gradia.fi\/anniinatuomijarvi\/author\/ao106993\/"}]}},"uagb_featured_image_src":{"full":false,"thumbnail":false,"medium":false,"medium_large":false,"large":false,"1536x1536":false,"2048x2048":false,"post-thumbnail":false,"twentyfourteen-full-width":false},"uagb_author_info":{"display_name":"Anniina","author_link":"https:\/\/blogit.gradia.fi\/anniinatuomijarvi\/author\/ao106993\/"},"uagb_comment_info":5,"uagb_excerpt":"Hellou ! Elikk\u00e4s pointtina t\u00e4ss\u00e4 poustauksessa oli kertoa teille minun ja Sannin (https:\/\/blogit.gradia.fi\/sannimakinen) yhteisist\u00e4 ty\u00f6p\u00e4ivist\u00e4, joita oli siis kaksi kappaletta. Eilen, siis tiistaina 5.11. Sanni tuli minun ty\u00f6paikalleni Kimperille ja p\u00e4iv\u00e4 meni tosi hyvin. Teimme yhdess\u00e4 n\u00e4yteikkunan (kuvakooste alhaalla), olimme kassalla ja teimme my\u00f6s v\u00e4h\u00e4n messuj\u00e4rjestelyj\u00e4 jo valmiiksi. Elikk\u00e4 parin viikon p\u00e4\u00e4st\u00e4 Kimperi l\u00e4htee Tampereelle&hellip;","_links":{"self":[{"href":"https:\/\/blogit.gradia.fi\/anniinatuomijarvi\/wp-json\/wp\/v2\/posts\/220","targetHints":{"allow":["GET"]}}],"collection":[{"href":"https:\/\/blogit.gradia.fi\/anniinatuomijarvi\/wp-json\/wp\/v2\/posts"}],"about":[{"href":"https:\/\/blogit.gradia.fi\/anniinatuomijarvi\/wp-json\/wp\/v2\/types\/post"}],"author":[{"embeddable":true,"href":"https:\/\/blogit.gradia.fi\/anniinatuomijarvi\/wp-json\/wp\/v2\/users\/588"}],"replies":[{"embeddable":true,"href":"https:\/\/blogit.gradia.fi\/anniinatuomijarvi\/wp-json\/wp\/v2\/comments?post=220"}],"version-history":[{"count":0,"href":"https:\/\/blogit.gradia.fi\/anniinatuomijarvi\/wp-json\/wp\/v2\/posts\/220\/revisions"}],"wp:attachment":[{"href":"https:\/\/blogit.gradia.fi\/anniinatuomijarvi\/wp-json\/wp\/v2\/media?parent=220"}],"wp:term":[{"taxonomy":"category","embeddable":true,"href":"https:\/\/blogit.gradia.fi\/anniinatuomijarvi\/wp-json\/wp\/v2\/categories?post=220"},{"taxonomy":"post_tag","embeddable":true,"href":"https:\/\/blogit.gradia.fi\/anniinatuomijarvi\/wp-json\/wp\/v2\/tags?post=220"}],"curies":[{"name":"wp","href":"https:\/\/api.w.org\/{rel}","templated":true}]}}