{"id":198,"date":"2013-11-03T19:22:35","date_gmt":"2013-11-03T17:22:35","guid":{"rendered":"https:\/\/blogit.gradia.fi\/anniinatuomijarvi\/?p=198"},"modified":"2014-11-23T22:13:18","modified_gmt":"2014-11-23T20:13:18","slug":"poustaus-paivasta-1-11-2013","status":"publish","type":"post","link":"https:\/\/blogit.gradia.fi\/anniinatuomijarvi\/poustaus-paivasta-1-11-2013\/","title":{"rendered":"Poustaus p\u00e4iv\u00e4st\u00e4 1.11.2013, vaatetuspuolen vierailu"},"content":{"rendered":"<p>Elikk\u00e4s t\u00e4m\u00e4n viikon perjantaina meid\u00e4n tunneilla k\u00e4vi vaatetuspuolen ykk\u00f6s vuoden opiskelijoita ja katselimme muutamia heid\u00e4n tekemi\u00e4\u00e4n blogeja ja samoin he kiersiv\u00e4t katsomassa muutaman meid\u00e4n blogeja, esimerkiksi minun. Paljon sain kehuja hyvist\u00e4 aiheista ja kuvista ja toivon ett\u00e4 t\u00e4st\u00e4 olisi ollut heille jotain hy\u00f6ty\u00e4 !<br \/>\nItse sain heid\u00e4n blogeistaan todella paljon irti ! Kuvat ja niiden ottotavat olivat sellaisia joita tulen ehdottomasti k\u00e4ytt\u00e4m\u00e4\u00e4n tulevaisuudessa t\u00e4\u00e4ll\u00e4 blogissa. My\u00f6s aiheet, esimerkiksi vaatten teko, jotka olivat kirjoitettu vaihe vaiheelta olivat hyvin tehtyj\u00e4 &#8211; itse voisin hy\u00f6dynt\u00e4\u00e4 samaa taktiikkaa esimerkiksi seuraavassa n\u00e4yteikkuna poustauksessa.<\/p>\n<p>Vaatetusalan blogit tosin olivat hieman erilaisia mit\u00e4 meill\u00e4, koska meill\u00e4 on t\u00e4m\u00e4 AO:n oma blogimalli, mutta periaatteessa niiss\u00e4 ei\u00a0 ollut mit\u00e4\u00e4n eroa. Oli mukava p\u00e4iv\u00e4 ja oli kiva n\u00e4hd\u00e4 uusia juttuja sek\u00e4 vaihtaa neuvoja ja mielipiteit\u00e4 puolin ja toisin\u00a0 !<\/p>\n","protected":false},"excerpt":{"rendered":"<p>Elikk\u00e4s t\u00e4m\u00e4n viikon perjantaina meid\u00e4n tunneilla k\u00e4vi vaatetuspuolen ykk\u00f6s vuoden opiskelijoita ja katselimme muutamia heid\u00e4n tekemi\u00e4\u00e4n blogeja ja samoin he kiersiv\u00e4t katsomassa muutaman meid\u00e4n blogeja, esimerkiksi minun. Paljon sain kehuja hyvist\u00e4 aiheista ja kuvista ja toivon ett\u00e4 t\u00e4st\u00e4 olisi ollut heille jotain hy\u00f6ty\u00e4 ! Itse sain heid\u00e4n blogeistaan todella paljon irti ! Kuvat ja niiden &hellip; <a href=\"https:\/\/blogit.gradia.fi\/anniinatuomijarvi\/poustaus-paivasta-1-11-2013\/\" class=\"more-link\">Jatka lukemista <span class=\"screen-reader-text\">Poustaus p\u00e4iv\u00e4st\u00e4 1.11.2013, vaatetuspuolen vierailu<\/span> <span class=\"meta-nav\">&rarr;<\/span><\/a><\/p>\n","protected":false},"author":588,"featured_media":0,"comment_status":"open","ping_status":"open","sticky":false,"template":"","format":"standard","meta":{"_uag_custom_page_level_css":"","footnotes":""},"categories":[1],"tags":[],"class_list":["post-198","post","type-post","status-publish","format-standard","hentry","category-yleinen"],"yoast_head":"<!-- This site is optimized with the Yoast SEO plugin v27.4 - https:\/\/yoast.com\/product\/yoast-seo-wordpress\/ -->\n<title>Poustaus p\u00e4iv\u00e4st\u00e4 1.11.2013, vaatetuspuolen vierailu - Ty\u00f6el\u00e4m\u00e4n sek\u00e4 koulun yhdist\u00e4minen opiskelijan silmin.<\/title>\n<meta name=\"robots\" content=\"index, follow, max-snippet:-1, max-image-preview:large, max-video-preview:-1\" \/>\n<link rel=\"canonical\" href=\"https:\/\/blogit.gradia.fi\/anniinatuomijarvi\/poustaus-paivasta-1-11-2013\/\" \/>\n<meta property=\"og:locale\" content=\"fi_FI\" \/>\n<meta property=\"og:type\" content=\"article\" \/>\n<meta property=\"og:title\" content=\"Poustaus p\u00e4iv\u00e4st\u00e4 1.11.2013, vaatetuspuolen vierailu - Ty\u00f6el\u00e4m\u00e4n sek\u00e4 koulun yhdist\u00e4minen opiskelijan silmin.\" \/>\n<meta property=\"og:description\" content=\"Elikk\u00e4s t\u00e4m\u00e4n viikon perjantaina meid\u00e4n tunneilla k\u00e4vi vaatetuspuolen ykk\u00f6s vuoden opiskelijoita ja katselimme muutamia heid\u00e4n tekemi\u00e4\u00e4n blogeja ja samoin he kiersiv\u00e4t katsomassa muutaman meid\u00e4n blogeja, esimerkiksi minun. Paljon sain kehuja hyvist\u00e4 aiheista ja kuvista ja toivon ett\u00e4 t\u00e4st\u00e4 olisi ollut heille jotain hy\u00f6ty\u00e4 ! Itse sain heid\u00e4n blogeistaan todella paljon irti ! Kuvat ja niiden &hellip; Jatka lukemista Poustaus p\u00e4iv\u00e4st\u00e4 1.11.2013, vaatetuspuolen vierailu &rarr;\" \/>\n<meta property=\"og:url\" content=\"https:\/\/blogit.gradia.fi\/anniinatuomijarvi\/poustaus-paivasta-1-11-2013\/\" \/>\n<meta property=\"og:site_name\" content=\"Ty\u00f6el\u00e4m\u00e4n sek\u00e4 koulun yhdist\u00e4minen opiskelijan silmin.\" \/>\n<meta property=\"article:published_time\" content=\"2013-11-03T17:22:35+00:00\" \/>\n<meta property=\"article:modified_time\" content=\"2014-11-23T20:13:18+00:00\" \/>\n<meta name=\"author\" content=\"Anniina\" \/>\n<meta name=\"twitter:card\" content=\"summary_large_image\" \/>\n<meta name=\"twitter:label1\" content=\"Kirjoittanut\" \/>\n\t<meta name=\"twitter:data1\" content=\"Anniina\" \/>\n\t<meta name=\"twitter:label2\" content=\"Arvioitu lukuaika\" \/>\n\t<meta name=\"twitter:data2\" content=\"1 minuutti\" \/>\n<script type=\"application\/ld+json\" class=\"yoast-schema-graph\">{\"@context\":\"https:\\\/\\\/schema.org\",\"@graph\":[{\"@type\":\"Article\",\"@id\":\"https:\\\/\\\/blogit.gradia.fi\\\/anniinatuomijarvi\\\/poustaus-paivasta-1-11-2013\\\/#article\",\"isPartOf\":{\"@id\":\"https:\\\/\\\/blogit.gradia.fi\\\/anniinatuomijarvi\\\/poustaus-paivasta-1-11-2013\\\/\"},\"author\":{\"name\":\"Anniina\",\"@id\":\"https:\\\/\\\/blogit.gradia.fi\\\/anniinatuomijarvi\\\/#\\\/schema\\\/person\\\/a126012e8cf245661fe7e619b8b68806\"},\"headline\":\"Poustaus p\u00e4iv\u00e4st\u00e4 1.11.2013, vaatetuspuolen vierailu\",\"datePublished\":\"2013-11-03T17:22:35+00:00\",\"dateModified\":\"2014-11-23T20:13:18+00:00\",\"mainEntityOfPage\":{\"@id\":\"https:\\\/\\\/blogit.gradia.fi\\\/anniinatuomijarvi\\\/poustaus-paivasta-1-11-2013\\\/\"},\"wordCount\":156,\"commentCount\":1,\"inLanguage\":\"fi\",\"potentialAction\":[{\"@type\":\"CommentAction\",\"name\":\"Comment\",\"target\":[\"https:\\\/\\\/blogit.gradia.fi\\\/anniinatuomijarvi\\\/poustaus-paivasta-1-11-2013\\\/#respond\"]}]},{\"@type\":\"WebPage\",\"@id\":\"https:\\\/\\\/blogit.gradia.fi\\\/anniinatuomijarvi\\\/poustaus-paivasta-1-11-2013\\\/\",\"url\":\"https:\\\/\\\/blogit.gradia.fi\\\/anniinatuomijarvi\\\/poustaus-paivasta-1-11-2013\\\/\",\"name\":\"Poustaus p\u00e4iv\u00e4st\u00e4 1.11.2013, vaatetuspuolen vierailu - Ty\u00f6el\u00e4m\u00e4n sek\u00e4 koulun yhdist\u00e4minen opiskelijan silmin.\",\"isPartOf\":{\"@id\":\"https:\\\/\\\/blogit.gradia.fi\\\/anniinatuomijarvi\\\/#website\"},\"datePublished\":\"2013-11-03T17:22:35+00:00\",\"dateModified\":\"2014-11-23T20:13:18+00:00\",\"author\":{\"@id\":\"https:\\\/\\\/blogit.gradia.fi\\\/anniinatuomijarvi\\\/#\\\/schema\\\/person\\\/a126012e8cf245661fe7e619b8b68806\"},\"inLanguage\":\"fi\",\"potentialAction\":[{\"@type\":\"ReadAction\",\"target\":[\"https:\\\/\\\/blogit.gradia.fi\\\/anniinatuomijarvi\\\/poustaus-paivasta-1-11-2013\\\/\"]}]},{\"@type\":\"WebSite\",\"@id\":\"https:\\\/\\\/blogit.gradia.fi\\\/anniinatuomijarvi\\\/#website\",\"url\":\"https:\\\/\\\/blogit.gradia.fi\\\/anniinatuomijarvi\\\/\",\"name\":\"Ty\u00f6el\u00e4m\u00e4n sek\u00e4 koulun yhdist\u00e4minen opiskelijan silmin.\",\"description\":\"\",\"potentialAction\":[{\"@type\":\"SearchAction\",\"target\":{\"@type\":\"EntryPoint\",\"urlTemplate\":\"https:\\\/\\\/blogit.gradia.fi\\\/anniinatuomijarvi\\\/?s={search_term_string}\"},\"query-input\":{\"@type\":\"PropertyValueSpecification\",\"valueRequired\":true,\"valueName\":\"search_term_string\"}}],\"inLanguage\":\"fi\"},{\"@type\":\"Person\",\"@id\":\"https:\\\/\\\/blogit.gradia.fi\\\/anniinatuomijarvi\\\/#\\\/schema\\\/person\\\/a126012e8cf245661fe7e619b8b68806\",\"name\":\"Anniina\",\"image\":{\"@type\":\"ImageObject\",\"inLanguage\":\"fi\",\"@id\":\"https:\\\/\\\/secure.gravatar.com\\\/avatar\\\/faa68d1f1aa3d5a567e8faedb990f70be54a921fe1e421b90146ac2ec28bd4c2?s=96&d=mm&r=g\",\"url\":\"https:\\\/\\\/secure.gravatar.com\\\/avatar\\\/faa68d1f1aa3d5a567e8faedb990f70be54a921fe1e421b90146ac2ec28bd4c2?s=96&d=mm&r=g\",\"contentUrl\":\"https:\\\/\\\/secure.gravatar.com\\\/avatar\\\/faa68d1f1aa3d5a567e8faedb990f70be54a921fe1e421b90146ac2ec28bd4c2?s=96&d=mm&r=g\",\"caption\":\"Anniina\"},\"description\":\"Moikka ! Olen J\u00e4ms\u00e4l\u00e4inen 18 vuotias tytt\u00f6 ja opiskelen Jyv\u00e4skyl\u00e4n ammattiopistossa merkonomiksi ty\u00f6harjoittelupainotteisella linjalla, joka koostuu viikossa kolmesta p\u00e4iv\u00e4st\u00e4 ty\u00f6t\u00e4 ja kahdesta p\u00e4iv\u00e4st\u00e4 koulua.\",\"sameAs\":[\"https:\\\/\\\/blogit.gradia.fi\\\/anniinatuomijarvi\"],\"url\":\"https:\\\/\\\/blogit.gradia.fi\\\/anniinatuomijarvi\\\/author\\\/ao106993\\\/\"}]}<\/script>\n<!-- \/ Yoast SEO plugin. -->","yoast_head_json":{"title":"Poustaus p\u00e4iv\u00e4st\u00e4 1.11.2013, vaatetuspuolen vierailu - Ty\u00f6el\u00e4m\u00e4n sek\u00e4 koulun yhdist\u00e4minen opiskelijan silmin.","robots":{"index":"index","follow":"follow","max-snippet":"max-snippet:-1","max-image-preview":"max-image-preview:large","max-video-preview":"max-video-preview:-1"},"canonical":"https:\/\/blogit.gradia.fi\/anniinatuomijarvi\/poustaus-paivasta-1-11-2013\/","og_locale":"fi_FI","og_type":"article","og_title":"Poustaus p\u00e4iv\u00e4st\u00e4 1.11.2013, vaatetuspuolen vierailu - Ty\u00f6el\u00e4m\u00e4n sek\u00e4 koulun yhdist\u00e4minen opiskelijan silmin.","og_description":"Elikk\u00e4s t\u00e4m\u00e4n viikon perjantaina meid\u00e4n tunneilla k\u00e4vi vaatetuspuolen ykk\u00f6s vuoden opiskelijoita ja katselimme muutamia heid\u00e4n tekemi\u00e4\u00e4n blogeja ja samoin he kiersiv\u00e4t katsomassa muutaman meid\u00e4n blogeja, esimerkiksi minun. Paljon sain kehuja hyvist\u00e4 aiheista ja kuvista ja toivon ett\u00e4 t\u00e4st\u00e4 olisi ollut heille jotain hy\u00f6ty\u00e4 ! Itse sain heid\u00e4n blogeistaan todella paljon irti ! Kuvat ja niiden &hellip; Jatka lukemista Poustaus p\u00e4iv\u00e4st\u00e4 1.11.2013, vaatetuspuolen vierailu &rarr;","og_url":"https:\/\/blogit.gradia.fi\/anniinatuomijarvi\/poustaus-paivasta-1-11-2013\/","og_site_name":"Ty\u00f6el\u00e4m\u00e4n sek\u00e4 koulun yhdist\u00e4minen opiskelijan silmin.","article_published_time":"2013-11-03T17:22:35+00:00","article_modified_time":"2014-11-23T20:13:18+00:00","author":"Anniina","twitter_card":"summary_large_image","twitter_misc":{"Kirjoittanut":"Anniina","Arvioitu lukuaika":"1 minuutti"},"schema":{"@context":"https:\/\/schema.org","@graph":[{"@type":"Article","@id":"https:\/\/blogit.gradia.fi\/anniinatuomijarvi\/poustaus-paivasta-1-11-2013\/#article","isPartOf":{"@id":"https:\/\/blogit.gradia.fi\/anniinatuomijarvi\/poustaus-paivasta-1-11-2013\/"},"author":{"name":"Anniina","@id":"https:\/\/blogit.gradia.fi\/anniinatuomijarvi\/#\/schema\/person\/a126012e8cf245661fe7e619b8b68806"},"headline":"Poustaus p\u00e4iv\u00e4st\u00e4 1.11.2013, vaatetuspuolen vierailu","datePublished":"2013-11-03T17:22:35+00:00","dateModified":"2014-11-23T20:13:18+00:00","mainEntityOfPage":{"@id":"https:\/\/blogit.gradia.fi\/anniinatuomijarvi\/poustaus-paivasta-1-11-2013\/"},"wordCount":156,"commentCount":1,"inLanguage":"fi","potentialAction":[{"@type":"CommentAction","name":"Comment","target":["https:\/\/blogit.gradia.fi\/anniinatuomijarvi\/poustaus-paivasta-1-11-2013\/#respond"]}]},{"@type":"WebPage","@id":"https:\/\/blogit.gradia.fi\/anniinatuomijarvi\/poustaus-paivasta-1-11-2013\/","url":"https:\/\/blogit.gradia.fi\/anniinatuomijarvi\/poustaus-paivasta-1-11-2013\/","name":"Poustaus p\u00e4iv\u00e4st\u00e4 1.11.2013, vaatetuspuolen vierailu - Ty\u00f6el\u00e4m\u00e4n sek\u00e4 koulun yhdist\u00e4minen opiskelijan silmin.","isPartOf":{"@id":"https:\/\/blogit.gradia.fi\/anniinatuomijarvi\/#website"},"datePublished":"2013-11-03T17:22:35+00:00","dateModified":"2014-11-23T20:13:18+00:00","author":{"@id":"https:\/\/blogit.gradia.fi\/anniinatuomijarvi\/#\/schema\/person\/a126012e8cf245661fe7e619b8b68806"},"inLanguage":"fi","potentialAction":[{"@type":"ReadAction","target":["https:\/\/blogit.gradia.fi\/anniinatuomijarvi\/poustaus-paivasta-1-11-2013\/"]}]},{"@type":"WebSite","@id":"https:\/\/blogit.gradia.fi\/anniinatuomijarvi\/#website","url":"https:\/\/blogit.gradia.fi\/anniinatuomijarvi\/","name":"Ty\u00f6el\u00e4m\u00e4n sek\u00e4 koulun yhdist\u00e4minen opiskelijan silmin.","description":"","potentialAction":[{"@type":"SearchAction","target":{"@type":"EntryPoint","urlTemplate":"https:\/\/blogit.gradia.fi\/anniinatuomijarvi\/?s={search_term_string}"},"query-input":{"@type":"PropertyValueSpecification","valueRequired":true,"valueName":"search_term_string"}}],"inLanguage":"fi"},{"@type":"Person","@id":"https:\/\/blogit.gradia.fi\/anniinatuomijarvi\/#\/schema\/person\/a126012e8cf245661fe7e619b8b68806","name":"Anniina","image":{"@type":"ImageObject","inLanguage":"fi","@id":"https:\/\/secure.gravatar.com\/avatar\/faa68d1f1aa3d5a567e8faedb990f70be54a921fe1e421b90146ac2ec28bd4c2?s=96&d=mm&r=g","url":"https:\/\/secure.gravatar.com\/avatar\/faa68d1f1aa3d5a567e8faedb990f70be54a921fe1e421b90146ac2ec28bd4c2?s=96&d=mm&r=g","contentUrl":"https:\/\/secure.gravatar.com\/avatar\/faa68d1f1aa3d5a567e8faedb990f70be54a921fe1e421b90146ac2ec28bd4c2?s=96&d=mm&r=g","caption":"Anniina"},"description":"Moikka ! Olen J\u00e4ms\u00e4l\u00e4inen 18 vuotias tytt\u00f6 ja opiskelen Jyv\u00e4skyl\u00e4n ammattiopistossa merkonomiksi ty\u00f6harjoittelupainotteisella linjalla, joka koostuu viikossa kolmesta p\u00e4iv\u00e4st\u00e4 ty\u00f6t\u00e4 ja kahdesta p\u00e4iv\u00e4st\u00e4 koulua.","sameAs":["https:\/\/blogit.gradia.fi\/anniinatuomijarvi"],"url":"https:\/\/blogit.gradia.fi\/anniinatuomijarvi\/author\/ao106993\/"}]}},"uagb_featured_image_src":{"full":false,"thumbnail":false,"medium":false,"medium_large":false,"large":false,"1536x1536":false,"2048x2048":false,"post-thumbnail":false,"twentyfourteen-full-width":false},"uagb_author_info":{"display_name":"Anniina","author_link":"https:\/\/blogit.gradia.fi\/anniinatuomijarvi\/author\/ao106993\/"},"uagb_comment_info":1,"uagb_excerpt":"Elikk\u00e4s t\u00e4m\u00e4n viikon perjantaina meid\u00e4n tunneilla k\u00e4vi vaatetuspuolen ykk\u00f6s vuoden opiskelijoita ja katselimme muutamia heid\u00e4n tekemi\u00e4\u00e4n blogeja ja samoin he kiersiv\u00e4t katsomassa muutaman meid\u00e4n blogeja, esimerkiksi minun. Paljon sain kehuja hyvist\u00e4 aiheista ja kuvista ja toivon ett\u00e4 t\u00e4st\u00e4 olisi ollut heille jotain hy\u00f6ty\u00e4 ! Itse sain heid\u00e4n blogeistaan todella paljon irti ! Kuvat ja niiden&hellip;","_links":{"self":[{"href":"https:\/\/blogit.gradia.fi\/anniinatuomijarvi\/wp-json\/wp\/v2\/posts\/198","targetHints":{"allow":["GET"]}}],"collection":[{"href":"https:\/\/blogit.gradia.fi\/anniinatuomijarvi\/wp-json\/wp\/v2\/posts"}],"about":[{"href":"https:\/\/blogit.gradia.fi\/anniinatuomijarvi\/wp-json\/wp\/v2\/types\/post"}],"author":[{"embeddable":true,"href":"https:\/\/blogit.gradia.fi\/anniinatuomijarvi\/wp-json\/wp\/v2\/users\/588"}],"replies":[{"embeddable":true,"href":"https:\/\/blogit.gradia.fi\/anniinatuomijarvi\/wp-json\/wp\/v2\/comments?post=198"}],"version-history":[{"count":0,"href":"https:\/\/blogit.gradia.fi\/anniinatuomijarvi\/wp-json\/wp\/v2\/posts\/198\/revisions"}],"wp:attachment":[{"href":"https:\/\/blogit.gradia.fi\/anniinatuomijarvi\/wp-json\/wp\/v2\/media?parent=198"}],"wp:term":[{"taxonomy":"category","embeddable":true,"href":"https:\/\/blogit.gradia.fi\/anniinatuomijarvi\/wp-json\/wp\/v2\/categories?post=198"},{"taxonomy":"post_tag","embeddable":true,"href":"https:\/\/blogit.gradia.fi\/anniinatuomijarvi\/wp-json\/wp\/v2\/tags?post=198"}],"curies":[{"name":"wp","href":"https:\/\/api.w.org\/{rel}","templated":true}]}}