{"id":151,"date":"2013-10-01T22:05:33","date_gmt":"2013-10-01T19:05:33","guid":{"rendered":"https:\/\/blogit.gradia.fi\/anniinatuomijarvi\/?p=151"},"modified":"2014-11-23T22:04:57","modified_gmt":"2014-11-23T20:04:57","slug":"kimperi-kuvina","status":"publish","type":"post","link":"https:\/\/blogit.gradia.fi\/anniinatuomijarvi\/kimperi-kuvina\/","title":{"rendered":"Minun top-paikka ja se my\u00f6s kuvina"},"content":{"rendered":"<p>Moikka !<\/p>\n<p>Ajattelin laittaa t\u00e4h\u00e4n teille kuvina minun ty\u00f6paikan, millaiselta siell\u00e4 n\u00e4ytt\u00e4\u00e4.\u00a0 Mutta toivottavasti n\u00e4ist\u00e4 kuvista n\u00e4kee hiukan millaisessa ty\u00f6paikassa ty\u00f6skentelen.<\/p>\n<p>Niinkuin varmaan huomaatte, on omistaja Outi ajatellut v\u00e4rimaailmallaan my\u00f6s ty\u00f6ntekij\u00f6it\u00e4; ei ole harmaata ja synkk\u00e4\u00e4 vaan oikein v\u00e4rik\u00e4st\u00e4 ja voin sanoa ett\u00e4 ainakin omalla kohdalla v\u00e4rimaailma auttaa paljon siihen ett\u00e4 t\u00f6it\u00e4 jaksaa tehd\u00e4 entist\u00e4 enemm\u00e4n. Varsinkin n\u00e4in syksysin ja talvisin on pime\u00e4\u00e4 mutta kun ty\u00f6paikalla on pirte\u00e4t v\u00e4rit niin se luo sellaisen oman maailman my\u00f6s t\u00e4h\u00e4n kylm\u00e4\u00e4n ja synkk\u00e4\u00e4n Suomen ilmastoon. \ud83d\ude42<\/p>\n<p>Aloitetaan:<\/p>\n<figure id=\"attachment_152\" aria-describedby=\"caption-attachment-152\" style=\"width: 398px\" class=\"wp-caption alignnone\"><a href=\"https:\/\/blogit.gradia.fi\/anniinatuomijarvi\/wp-content\/uploads\/sites\/94\/2013\/10\/Kimperi-ulkoa.jpg\"><img loading=\"lazy\" decoding=\"async\" class=\"size-full wp-image-152\" alt=\"Kimperi ulkoa kuvattuna. T\u00e4lt\u00e4 n\u00e4ytt\u00e4\u00e4 siis liike kadulle.\" src=\"https:\/\/blogit.gradia.fi\/anniinatuomijarvi\/wp-content\/uploads\/sites\/94\/2013\/10\/Kimperi-ulkoa.jpg\" width=\"398\" height=\"298\" \/><\/a><figcaption id=\"caption-attachment-152\" class=\"wp-caption-text\">Kimperi ulkoa kuvattuna. T\u00e4lt\u00e4 n\u00e4ytt\u00e4\u00e4 siis liike kadulle.<\/figcaption><\/figure>\n<p>Sitten tullaan liikkeen sis\u00e4lle:<\/p>\n<figure id=\"attachment_156\" aria-describedby=\"caption-attachment-156\" style=\"width: 468px\" class=\"wp-caption alignnone\"><a href=\"https:\/\/blogit.gradia.fi\/anniinatuomijarvi\/wp-content\/uploads\/sites\/94\/2013\/10\/kuva-sis\u00e4lt\u00e4.jpg\"><img loading=\"lazy\" decoding=\"async\" class=\"size-full wp-image-156\" alt=\"Kuva suoraan oviaukosta.\" src=\"https:\/\/blogit.gradia.fi\/anniinatuomijarvi\/wp-content\/uploads\/sites\/94\/2013\/10\/kuva-sis\u00e4lt\u00e4.jpg\" width=\"468\" height=\"350\" \/><\/a><figcaption id=\"caption-attachment-156\" class=\"wp-caption-text\">Suoraan oviaukosta katsottuna eteenp\u00e4in.<\/figcaption><\/figure>\n<p>&nbsp;<\/p>\n<figure id=\"attachment_157\" aria-describedby=\"caption-attachment-157\" style=\"width: 414px\" class=\"wp-caption alignnone\"><a href=\"https:\/\/blogit.gradia.fi\/anniinatuomijarvi\/wp-content\/uploads\/sites\/94\/2013\/10\/kuva-oikealta.jpg\"><img loading=\"lazy\" decoding=\"async\" class=\"size-full wp-image-157\" alt=\"Oviaukosta katsottuna oikealle.\" src=\"https:\/\/blogit.gradia.fi\/anniinatuomijarvi\/wp-content\/uploads\/sites\/94\/2013\/10\/kuva-oikealta.jpg\" width=\"414\" height=\"310\" \/><\/a><figcaption id=\"caption-attachment-157\" class=\"wp-caption-text\">Oviaukosta katsottuna oikealle.<\/figcaption><\/figure>\n<figure id=\"attachment_159\" aria-describedby=\"caption-attachment-159\" style=\"width: 487px\" class=\"wp-caption alignnone\"><a href=\"https:\/\/blogit.gradia.fi\/anniinatuomijarvi\/wp-content\/uploads\/sites\/94\/2013\/10\/kuva-vasemmalta.jpg\"><img loading=\"lazy\" decoding=\"async\" class=\"size-full wp-image-159\" alt=\"Oviaukosta katsottuna vasemmalle.\" src=\"https:\/\/blogit.gradia.fi\/anniinatuomijarvi\/wp-content\/uploads\/sites\/94\/2013\/10\/kuva-vasemmalta.jpg\" width=\"487\" height=\"365\" \/><\/a><figcaption id=\"caption-attachment-159\" class=\"wp-caption-text\">Oviaukosta katsottuna vasemmalle.<\/figcaption><\/figure>\n<p>&nbsp;<\/p>\n<figure id=\"attachment_160\" aria-describedby=\"caption-attachment-160\" style=\"width: 403px\" class=\"wp-caption alignnone\"><a href=\"https:\/\/blogit.gradia.fi\/anniinatuomijarvi\/wp-content\/uploads\/sites\/94\/2013\/10\/kuva-viistosta.jpg\"><img loading=\"lazy\" decoding=\"async\" class=\"size-full wp-image-160\" alt=\"Oviaukosta katsottuna viistosti vasemmalle. Kuvassa n\u00e4kyy my\u00f6s minun ty\u00f6piste, eli kassa.\" src=\"https:\/\/blogit.gradia.fi\/anniinatuomijarvi\/wp-content\/uploads\/sites\/94\/2013\/10\/kuva-viistosta.jpg\" width=\"403\" height=\"302\" \/><\/a><figcaption id=\"caption-attachment-160\" class=\"wp-caption-text\">Oviaukosta katsottuna viistosti vasemmalle. Kuvassa n\u00e4kyy my\u00f6s minun ty\u00f6piste, eli kassa.<\/figcaption><\/figure>\n<p>&nbsp;<\/p>\n<figure id=\"attachment_161\" aria-describedby=\"caption-attachment-161\" style=\"width: 485px\" class=\"wp-caption alignnone\"><a href=\"https:\/\/blogit.gradia.fi\/anniinatuomijarvi\/wp-content\/uploads\/sites\/94\/2013\/10\/kuva-suoraan.jpg\"><img loading=\"lazy\" decoding=\"async\" class=\"size-full wp-image-161\" alt=\"Kassalta katsottuna liikkeen per\u00e4lle. Liike jatkuu siis pienen 'alam\u00e4en' kautta toiseen huoneeseen.\" src=\"https:\/\/blogit.gradia.fi\/anniinatuomijarvi\/wp-content\/uploads\/sites\/94\/2013\/10\/kuva-suoraan.jpg\" width=\"485\" height=\"363\" \/><\/a><figcaption id=\"caption-attachment-161\" class=\"wp-caption-text\">Kassalta katsottuna liikkeen per\u00e4lle. Liike jatkuu siis pienen &#8217;alam\u00e4en&#8217; kautta toiseen huoneeseen.<\/figcaption><\/figure>\n<p>&nbsp;<\/p>\n<figure id=\"attachment_162\" aria-describedby=\"caption-attachment-162\" style=\"width: 374px\" class=\"wp-caption alignnone\"><a href=\"https:\/\/blogit.gradia.fi\/anniinatuomijarvi\/wp-content\/uploads\/sites\/94\/2013\/10\/alam\u00e4ki-oikea.jpg\"><img loading=\"lazy\" decoding=\"async\" class=\"size-full wp-image-162\" alt=\"Ns. 'alam\u00e4est\u00e4' katsottuna oikealle liikkeen per\u00e4osa.\" src=\"https:\/\/blogit.gradia.fi\/anniinatuomijarvi\/wp-content\/uploads\/sites\/94\/2013\/10\/alam\u00e4ki-oikea.jpg\" width=\"374\" height=\"280\" \/><\/a><figcaption id=\"caption-attachment-162\" class=\"wp-caption-text\">Ns. &#8217;alam\u00e4est\u00e4&#8217; katsottuna oikealle, liikkeen per\u00e4osa.<\/figcaption><\/figure>\n<figure id=\"attachment_163\" aria-describedby=\"caption-attachment-163\" style=\"width: 489px\" class=\"wp-caption alignnone\"><a href=\"https:\/\/blogit.gradia.fi\/anniinatuomijarvi\/wp-content\/uploads\/sites\/94\/2013\/10\/alam\u00e4ki-vasen.jpg\"><img loading=\"lazy\" decoding=\"async\" class=\"size-full wp-image-163\" alt=\"Ns. 'alam\u00e4est\u00e4' katsottuna vasemmalle, liikkeen per\u00e4osa.\" src=\"https:\/\/blogit.gradia.fi\/anniinatuomijarvi\/wp-content\/uploads\/sites\/94\/2013\/10\/alam\u00e4ki-vasen.jpg\" width=\"489\" height=\"366\" \/><\/a><figcaption id=\"caption-attachment-163\" class=\"wp-caption-text\">Ns. &#8217;alam\u00e4est\u00e4&#8217; katsottuna vasemmalle, liikkeen per\u00e4osa.<\/figcaption><\/figure>\n<p>&nbsp;<\/p>\n<figure id=\"attachment_165\" aria-describedby=\"caption-attachment-165\" style=\"width: 420px\" class=\"wp-caption alignnone\"><a href=\"https:\/\/blogit.gradia.fi\/anniinatuomijarvi\/wp-content\/uploads\/sites\/94\/2013\/10\/kassa.jpg\"><img loading=\"lazy\" decoding=\"async\" class=\"size-full wp-image-165\" alt=\"Kassa kokonaisuudessaan, takana my\u00f6s paketointipiste.\" src=\"https:\/\/blogit.gradia.fi\/anniinatuomijarvi\/wp-content\/uploads\/sites\/94\/2013\/10\/kassa.jpg\" width=\"420\" height=\"315\" \/><\/a><figcaption id=\"caption-attachment-165\" class=\"wp-caption-text\">Kassa kokonaisuudessaan, takana my\u00f6s paketointipiste.<\/figcaption><\/figure>\n<figure id=\"attachment_166\" aria-describedby=\"caption-attachment-166\" style=\"width: 451px\" class=\"wp-caption alignnone\"><a href=\"https:\/\/blogit.gradia.fi\/anniinatuomijarvi\/wp-content\/uploads\/sites\/94\/2013\/10\/kassalta.jpg\"><img loading=\"lazy\" decoding=\"async\" class=\"size-full wp-image-166\" alt=\"T\u00e4ss\u00e4 my\u00f6s n\u00e4kym\u00e4 kassalta oviaukolle p\u00e4in. T\u00e4lt\u00e4 siis oikeastaan n\u00e4ytt\u00e4\u00e4 liike kaikki p\u00e4iv\u00e4t minulle. :D\" src=\"https:\/\/blogit.gradia.fi\/anniinatuomijarvi\/wp-content\/uploads\/sites\/94\/2013\/10\/kassalta.jpg\" width=\"451\" height=\"338\" \/><\/a><figcaption id=\"caption-attachment-166\" class=\"wp-caption-text\">T\u00e4ss\u00e4 my\u00f6s n\u00e4kym\u00e4 kassalta oviaukolle p\u00e4in. T\u00e4lt\u00e4 siis oikeastaan n\u00e4ytt\u00e4\u00e4 liike kaiken p\u00e4iv\u00e4\u00e4 minulle.<\/figcaption><\/figure>\n<p>&nbsp;<\/p>\n","protected":false},"excerpt":{"rendered":"<p>Moikka ! Ajattelin laittaa t\u00e4h\u00e4n teille kuvina minun ty\u00f6paikan, millaiselta siell\u00e4 n\u00e4ytt\u00e4\u00e4.\u00a0 Mutta toivottavasti n\u00e4ist\u00e4 kuvista n\u00e4kee hiukan millaisessa ty\u00f6paikassa ty\u00f6skentelen. Niinkuin varmaan huomaatte, on omistaja Outi ajatellut v\u00e4rimaailmallaan my\u00f6s ty\u00f6ntekij\u00f6it\u00e4; ei ole harmaata ja synkk\u00e4\u00e4 vaan oikein v\u00e4rik\u00e4st\u00e4 ja voin sanoa ett\u00e4 ainakin omalla kohdalla v\u00e4rimaailma auttaa paljon siihen ett\u00e4 t\u00f6it\u00e4 jaksaa tehd\u00e4 entist\u00e4 &hellip; <a href=\"https:\/\/blogit.gradia.fi\/anniinatuomijarvi\/kimperi-kuvina\/\" class=\"more-link\">Jatka lukemista <span class=\"screen-reader-text\">Minun top-paikka ja se my\u00f6s kuvina<\/span> <span class=\"meta-nav\">&rarr;<\/span><\/a><\/p>\n","protected":false},"author":588,"featured_media":0,"comment_status":"open","ping_status":"open","sticky":false,"template":"","format":"standard","meta":{"_uag_custom_page_level_css":"","footnotes":""},"categories":[1],"tags":[],"class_list":["post-151","post","type-post","status-publish","format-standard","hentry","category-yleinen"],"yoast_head":"<!-- This site is optimized with the Yoast SEO plugin v27.4 - https:\/\/yoast.com\/product\/yoast-seo-wordpress\/ -->\n<title>Minun top-paikka ja se my\u00f6s kuvina - Ty\u00f6el\u00e4m\u00e4n sek\u00e4 koulun yhdist\u00e4minen opiskelijan silmin.<\/title>\n<meta name=\"robots\" content=\"index, follow, max-snippet:-1, max-image-preview:large, max-video-preview:-1\" \/>\n<link rel=\"canonical\" href=\"https:\/\/blogit.gradia.fi\/anniinatuomijarvi\/kimperi-kuvina\/\" \/>\n<meta property=\"og:locale\" content=\"fi_FI\" \/>\n<meta property=\"og:type\" content=\"article\" \/>\n<meta property=\"og:title\" content=\"Minun top-paikka ja se my\u00f6s kuvina - Ty\u00f6el\u00e4m\u00e4n sek\u00e4 koulun yhdist\u00e4minen opiskelijan silmin.\" \/>\n<meta property=\"og:description\" content=\"Moikka ! Ajattelin laittaa t\u00e4h\u00e4n teille kuvina minun ty\u00f6paikan, millaiselta siell\u00e4 n\u00e4ytt\u00e4\u00e4.\u00a0 Mutta toivottavasti n\u00e4ist\u00e4 kuvista n\u00e4kee hiukan millaisessa ty\u00f6paikassa ty\u00f6skentelen. Niinkuin varmaan huomaatte, on omistaja Outi ajatellut v\u00e4rimaailmallaan my\u00f6s ty\u00f6ntekij\u00f6it\u00e4; ei ole harmaata ja synkk\u00e4\u00e4 vaan oikein v\u00e4rik\u00e4st\u00e4 ja voin sanoa ett\u00e4 ainakin omalla kohdalla v\u00e4rimaailma auttaa paljon siihen ett\u00e4 t\u00f6it\u00e4 jaksaa tehd\u00e4 entist\u00e4 &hellip; Jatka lukemista Minun top-paikka ja se my\u00f6s kuvina &rarr;\" \/>\n<meta property=\"og:url\" content=\"https:\/\/blogit.gradia.fi\/anniinatuomijarvi\/kimperi-kuvina\/\" \/>\n<meta property=\"og:site_name\" content=\"Ty\u00f6el\u00e4m\u00e4n sek\u00e4 koulun yhdist\u00e4minen opiskelijan silmin.\" \/>\n<meta property=\"article:published_time\" content=\"2013-10-01T19:05:33+00:00\" \/>\n<meta property=\"article:modified_time\" content=\"2014-11-23T20:04:57+00:00\" \/>\n<meta property=\"og:image\" content=\"https:\/\/blogit.gradia.fi\/anniinatuomijarvi\/wp-content\/uploads\/sites\/94\/2013\/10\/Kimperi-ulkoa.jpg\" \/>\n<meta name=\"author\" content=\"Anniina\" \/>\n<meta name=\"twitter:card\" content=\"summary_large_image\" \/>\n<meta name=\"twitter:label1\" content=\"Kirjoittanut\" \/>\n\t<meta name=\"twitter:data1\" content=\"Anniina\" \/>\n\t<meta name=\"twitter:label2\" content=\"Arvioitu lukuaika\" \/>\n\t<meta name=\"twitter:data2\" content=\"1 minuutti\" \/>\n<script type=\"application\/ld+json\" class=\"yoast-schema-graph\">{\"@context\":\"https:\\\/\\\/schema.org\",\"@graph\":[{\"@type\":\"Article\",\"@id\":\"https:\\\/\\\/blogit.gradia.fi\\\/anniinatuomijarvi\\\/kimperi-kuvina\\\/#article\",\"isPartOf\":{\"@id\":\"https:\\\/\\\/blogit.gradia.fi\\\/anniinatuomijarvi\\\/kimperi-kuvina\\\/\"},\"author\":{\"name\":\"Anniina\",\"@id\":\"https:\\\/\\\/blogit.gradia.fi\\\/anniinatuomijarvi\\\/#\\\/schema\\\/person\\\/a126012e8cf245661fe7e619b8b68806\"},\"headline\":\"Minun top-paikka ja se my\u00f6s kuvina\",\"datePublished\":\"2013-10-01T19:05:33+00:00\",\"dateModified\":\"2014-11-23T20:04:57+00:00\",\"mainEntityOfPage\":{\"@id\":\"https:\\\/\\\/blogit.gradia.fi\\\/anniinatuomijarvi\\\/kimperi-kuvina\\\/\"},\"wordCount\":288,\"commentCount\":2,\"image\":{\"@id\":\"https:\\\/\\\/blogit.gradia.fi\\\/anniinatuomijarvi\\\/kimperi-kuvina\\\/#primaryimage\"},\"thumbnailUrl\":\"https:\\\/\\\/blogit.gradia.fi\\\/anniinatuomijarvi\\\/wp-content\\\/uploads\\\/sites\\\/94\\\/2013\\\/10\\\/Kimperi-ulkoa.jpg\",\"inLanguage\":\"fi\",\"potentialAction\":[{\"@type\":\"CommentAction\",\"name\":\"Comment\",\"target\":[\"https:\\\/\\\/blogit.gradia.fi\\\/anniinatuomijarvi\\\/kimperi-kuvina\\\/#respond\"]}]},{\"@type\":\"WebPage\",\"@id\":\"https:\\\/\\\/blogit.gradia.fi\\\/anniinatuomijarvi\\\/kimperi-kuvina\\\/\",\"url\":\"https:\\\/\\\/blogit.gradia.fi\\\/anniinatuomijarvi\\\/kimperi-kuvina\\\/\",\"name\":\"Minun top-paikka ja se my\u00f6s kuvina - Ty\u00f6el\u00e4m\u00e4n sek\u00e4 koulun yhdist\u00e4minen opiskelijan silmin.\",\"isPartOf\":{\"@id\":\"https:\\\/\\\/blogit.gradia.fi\\\/anniinatuomijarvi\\\/#website\"},\"primaryImageOfPage\":{\"@id\":\"https:\\\/\\\/blogit.gradia.fi\\\/anniinatuomijarvi\\\/kimperi-kuvina\\\/#primaryimage\"},\"image\":{\"@id\":\"https:\\\/\\\/blogit.gradia.fi\\\/anniinatuomijarvi\\\/kimperi-kuvina\\\/#primaryimage\"},\"thumbnailUrl\":\"https:\\\/\\\/blogit.gradia.fi\\\/anniinatuomijarvi\\\/wp-content\\\/uploads\\\/sites\\\/94\\\/2013\\\/10\\\/Kimperi-ulkoa.jpg\",\"datePublished\":\"2013-10-01T19:05:33+00:00\",\"dateModified\":\"2014-11-23T20:04:57+00:00\",\"author\":{\"@id\":\"https:\\\/\\\/blogit.gradia.fi\\\/anniinatuomijarvi\\\/#\\\/schema\\\/person\\\/a126012e8cf245661fe7e619b8b68806\"},\"inLanguage\":\"fi\",\"potentialAction\":[{\"@type\":\"ReadAction\",\"target\":[\"https:\\\/\\\/blogit.gradia.fi\\\/anniinatuomijarvi\\\/kimperi-kuvina\\\/\"]}]},{\"@type\":\"ImageObject\",\"inLanguage\":\"fi\",\"@id\":\"https:\\\/\\\/blogit.gradia.fi\\\/anniinatuomijarvi\\\/kimperi-kuvina\\\/#primaryimage\",\"url\":\"https:\\\/\\\/blogit.gradia.fi\\\/anniinatuomijarvi\\\/wp-content\\\/uploads\\\/sites\\\/94\\\/2013\\\/10\\\/Kimperi-ulkoa.jpg\",\"contentUrl\":\"https:\\\/\\\/blogit.gradia.fi\\\/anniinatuomijarvi\\\/wp-content\\\/uploads\\\/sites\\\/94\\\/2013\\\/10\\\/Kimperi-ulkoa.jpg\",\"width\":960,\"height\":720,\"caption\":\"Kimperi ulkoa kuvattuna. T\u00e4lt\u00e4 n\u00e4ytt\u00e4\u00e4 siis liike kadulle.\"},{\"@type\":\"WebSite\",\"@id\":\"https:\\\/\\\/blogit.gradia.fi\\\/anniinatuomijarvi\\\/#website\",\"url\":\"https:\\\/\\\/blogit.gradia.fi\\\/anniinatuomijarvi\\\/\",\"name\":\"Ty\u00f6el\u00e4m\u00e4n sek\u00e4 koulun yhdist\u00e4minen opiskelijan silmin.\",\"description\":\"\",\"potentialAction\":[{\"@type\":\"SearchAction\",\"target\":{\"@type\":\"EntryPoint\",\"urlTemplate\":\"https:\\\/\\\/blogit.gradia.fi\\\/anniinatuomijarvi\\\/?s={search_term_string}\"},\"query-input\":{\"@type\":\"PropertyValueSpecification\",\"valueRequired\":true,\"valueName\":\"search_term_string\"}}],\"inLanguage\":\"fi\"},{\"@type\":\"Person\",\"@id\":\"https:\\\/\\\/blogit.gradia.fi\\\/anniinatuomijarvi\\\/#\\\/schema\\\/person\\\/a126012e8cf245661fe7e619b8b68806\",\"name\":\"Anniina\",\"image\":{\"@type\":\"ImageObject\",\"inLanguage\":\"fi\",\"@id\":\"https:\\\/\\\/secure.gravatar.com\\\/avatar\\\/faa68d1f1aa3d5a567e8faedb990f70be54a921fe1e421b90146ac2ec28bd4c2?s=96&d=mm&r=g\",\"url\":\"https:\\\/\\\/secure.gravatar.com\\\/avatar\\\/faa68d1f1aa3d5a567e8faedb990f70be54a921fe1e421b90146ac2ec28bd4c2?s=96&d=mm&r=g\",\"contentUrl\":\"https:\\\/\\\/secure.gravatar.com\\\/avatar\\\/faa68d1f1aa3d5a567e8faedb990f70be54a921fe1e421b90146ac2ec28bd4c2?s=96&d=mm&r=g\",\"caption\":\"Anniina\"},\"description\":\"Moikka ! Olen J\u00e4ms\u00e4l\u00e4inen 18 vuotias tytt\u00f6 ja opiskelen Jyv\u00e4skyl\u00e4n ammattiopistossa merkonomiksi ty\u00f6harjoittelupainotteisella linjalla, joka koostuu viikossa kolmesta p\u00e4iv\u00e4st\u00e4 ty\u00f6t\u00e4 ja kahdesta p\u00e4iv\u00e4st\u00e4 koulua.\",\"sameAs\":[\"https:\\\/\\\/blogit.gradia.fi\\\/anniinatuomijarvi\"],\"url\":\"https:\\\/\\\/blogit.gradia.fi\\\/anniinatuomijarvi\\\/author\\\/ao106993\\\/\"}]}<\/script>\n<!-- \/ Yoast SEO plugin. -->","yoast_head_json":{"title":"Minun top-paikka ja se my\u00f6s kuvina - Ty\u00f6el\u00e4m\u00e4n sek\u00e4 koulun yhdist\u00e4minen opiskelijan silmin.","robots":{"index":"index","follow":"follow","max-snippet":"max-snippet:-1","max-image-preview":"max-image-preview:large","max-video-preview":"max-video-preview:-1"},"canonical":"https:\/\/blogit.gradia.fi\/anniinatuomijarvi\/kimperi-kuvina\/","og_locale":"fi_FI","og_type":"article","og_title":"Minun top-paikka ja se my\u00f6s kuvina - Ty\u00f6el\u00e4m\u00e4n sek\u00e4 koulun yhdist\u00e4minen opiskelijan silmin.","og_description":"Moikka ! Ajattelin laittaa t\u00e4h\u00e4n teille kuvina minun ty\u00f6paikan, millaiselta siell\u00e4 n\u00e4ytt\u00e4\u00e4.\u00a0 Mutta toivottavasti n\u00e4ist\u00e4 kuvista n\u00e4kee hiukan millaisessa ty\u00f6paikassa ty\u00f6skentelen. Niinkuin varmaan huomaatte, on omistaja Outi ajatellut v\u00e4rimaailmallaan my\u00f6s ty\u00f6ntekij\u00f6it\u00e4; ei ole harmaata ja synkk\u00e4\u00e4 vaan oikein v\u00e4rik\u00e4st\u00e4 ja voin sanoa ett\u00e4 ainakin omalla kohdalla v\u00e4rimaailma auttaa paljon siihen ett\u00e4 t\u00f6it\u00e4 jaksaa tehd\u00e4 entist\u00e4 &hellip; Jatka lukemista Minun top-paikka ja se my\u00f6s kuvina &rarr;","og_url":"https:\/\/blogit.gradia.fi\/anniinatuomijarvi\/kimperi-kuvina\/","og_site_name":"Ty\u00f6el\u00e4m\u00e4n sek\u00e4 koulun yhdist\u00e4minen opiskelijan silmin.","article_published_time":"2013-10-01T19:05:33+00:00","article_modified_time":"2014-11-23T20:04:57+00:00","og_image":[{"url":"https:\/\/blogit.gradia.fi\/anniinatuomijarvi\/wp-content\/uploads\/sites\/94\/2013\/10\/Kimperi-ulkoa.jpg","type":"","width":"","height":""}],"author":"Anniina","twitter_card":"summary_large_image","twitter_misc":{"Kirjoittanut":"Anniina","Arvioitu lukuaika":"1 minuutti"},"schema":{"@context":"https:\/\/schema.org","@graph":[{"@type":"Article","@id":"https:\/\/blogit.gradia.fi\/anniinatuomijarvi\/kimperi-kuvina\/#article","isPartOf":{"@id":"https:\/\/blogit.gradia.fi\/anniinatuomijarvi\/kimperi-kuvina\/"},"author":{"name":"Anniina","@id":"https:\/\/blogit.gradia.fi\/anniinatuomijarvi\/#\/schema\/person\/a126012e8cf245661fe7e619b8b68806"},"headline":"Minun top-paikka ja se my\u00f6s kuvina","datePublished":"2013-10-01T19:05:33+00:00","dateModified":"2014-11-23T20:04:57+00:00","mainEntityOfPage":{"@id":"https:\/\/blogit.gradia.fi\/anniinatuomijarvi\/kimperi-kuvina\/"},"wordCount":288,"commentCount":2,"image":{"@id":"https:\/\/blogit.gradia.fi\/anniinatuomijarvi\/kimperi-kuvina\/#primaryimage"},"thumbnailUrl":"https:\/\/blogit.gradia.fi\/anniinatuomijarvi\/wp-content\/uploads\/sites\/94\/2013\/10\/Kimperi-ulkoa.jpg","inLanguage":"fi","potentialAction":[{"@type":"CommentAction","name":"Comment","target":["https:\/\/blogit.gradia.fi\/anniinatuomijarvi\/kimperi-kuvina\/#respond"]}]},{"@type":"WebPage","@id":"https:\/\/blogit.gradia.fi\/anniinatuomijarvi\/kimperi-kuvina\/","url":"https:\/\/blogit.gradia.fi\/anniinatuomijarvi\/kimperi-kuvina\/","name":"Minun top-paikka ja se my\u00f6s kuvina - Ty\u00f6el\u00e4m\u00e4n sek\u00e4 koulun yhdist\u00e4minen opiskelijan silmin.","isPartOf":{"@id":"https:\/\/blogit.gradia.fi\/anniinatuomijarvi\/#website"},"primaryImageOfPage":{"@id":"https:\/\/blogit.gradia.fi\/anniinatuomijarvi\/kimperi-kuvina\/#primaryimage"},"image":{"@id":"https:\/\/blogit.gradia.fi\/anniinatuomijarvi\/kimperi-kuvina\/#primaryimage"},"thumbnailUrl":"https:\/\/blogit.gradia.fi\/anniinatuomijarvi\/wp-content\/uploads\/sites\/94\/2013\/10\/Kimperi-ulkoa.jpg","datePublished":"2013-10-01T19:05:33+00:00","dateModified":"2014-11-23T20:04:57+00:00","author":{"@id":"https:\/\/blogit.gradia.fi\/anniinatuomijarvi\/#\/schema\/person\/a126012e8cf245661fe7e619b8b68806"},"inLanguage":"fi","potentialAction":[{"@type":"ReadAction","target":["https:\/\/blogit.gradia.fi\/anniinatuomijarvi\/kimperi-kuvina\/"]}]},{"@type":"ImageObject","inLanguage":"fi","@id":"https:\/\/blogit.gradia.fi\/anniinatuomijarvi\/kimperi-kuvina\/#primaryimage","url":"https:\/\/blogit.gradia.fi\/anniinatuomijarvi\/wp-content\/uploads\/sites\/94\/2013\/10\/Kimperi-ulkoa.jpg","contentUrl":"https:\/\/blogit.gradia.fi\/anniinatuomijarvi\/wp-content\/uploads\/sites\/94\/2013\/10\/Kimperi-ulkoa.jpg","width":960,"height":720,"caption":"Kimperi ulkoa kuvattuna. T\u00e4lt\u00e4 n\u00e4ytt\u00e4\u00e4 siis liike kadulle."},{"@type":"WebSite","@id":"https:\/\/blogit.gradia.fi\/anniinatuomijarvi\/#website","url":"https:\/\/blogit.gradia.fi\/anniinatuomijarvi\/","name":"Ty\u00f6el\u00e4m\u00e4n sek\u00e4 koulun yhdist\u00e4minen opiskelijan silmin.","description":"","potentialAction":[{"@type":"SearchAction","target":{"@type":"EntryPoint","urlTemplate":"https:\/\/blogit.gradia.fi\/anniinatuomijarvi\/?s={search_term_string}"},"query-input":{"@type":"PropertyValueSpecification","valueRequired":true,"valueName":"search_term_string"}}],"inLanguage":"fi"},{"@type":"Person","@id":"https:\/\/blogit.gradia.fi\/anniinatuomijarvi\/#\/schema\/person\/a126012e8cf245661fe7e619b8b68806","name":"Anniina","image":{"@type":"ImageObject","inLanguage":"fi","@id":"https:\/\/secure.gravatar.com\/avatar\/faa68d1f1aa3d5a567e8faedb990f70be54a921fe1e421b90146ac2ec28bd4c2?s=96&d=mm&r=g","url":"https:\/\/secure.gravatar.com\/avatar\/faa68d1f1aa3d5a567e8faedb990f70be54a921fe1e421b90146ac2ec28bd4c2?s=96&d=mm&r=g","contentUrl":"https:\/\/secure.gravatar.com\/avatar\/faa68d1f1aa3d5a567e8faedb990f70be54a921fe1e421b90146ac2ec28bd4c2?s=96&d=mm&r=g","caption":"Anniina"},"description":"Moikka ! Olen J\u00e4ms\u00e4l\u00e4inen 18 vuotias tytt\u00f6 ja opiskelen Jyv\u00e4skyl\u00e4n ammattiopistossa merkonomiksi ty\u00f6harjoittelupainotteisella linjalla, joka koostuu viikossa kolmesta p\u00e4iv\u00e4st\u00e4 ty\u00f6t\u00e4 ja kahdesta p\u00e4iv\u00e4st\u00e4 koulua.","sameAs":["https:\/\/blogit.gradia.fi\/anniinatuomijarvi"],"url":"https:\/\/blogit.gradia.fi\/anniinatuomijarvi\/author\/ao106993\/"}]}},"uagb_featured_image_src":{"full":false,"thumbnail":false,"medium":false,"medium_large":false,"large":false,"1536x1536":false,"2048x2048":false,"post-thumbnail":false,"twentyfourteen-full-width":false},"uagb_author_info":{"display_name":"Anniina","author_link":"https:\/\/blogit.gradia.fi\/anniinatuomijarvi\/author\/ao106993\/"},"uagb_comment_info":2,"uagb_excerpt":"Moikka ! Ajattelin laittaa t\u00e4h\u00e4n teille kuvina minun ty\u00f6paikan, millaiselta siell\u00e4 n\u00e4ytt\u00e4\u00e4.\u00a0 Mutta toivottavasti n\u00e4ist\u00e4 kuvista n\u00e4kee hiukan millaisessa ty\u00f6paikassa ty\u00f6skentelen. Niinkuin varmaan huomaatte, on omistaja Outi ajatellut v\u00e4rimaailmallaan my\u00f6s ty\u00f6ntekij\u00f6it\u00e4; ei ole harmaata ja synkk\u00e4\u00e4 vaan oikein v\u00e4rik\u00e4st\u00e4 ja voin sanoa ett\u00e4 ainakin omalla kohdalla v\u00e4rimaailma auttaa paljon siihen ett\u00e4 t\u00f6it\u00e4 jaksaa tehd\u00e4 entist\u00e4&hellip;","_links":{"self":[{"href":"https:\/\/blogit.gradia.fi\/anniinatuomijarvi\/wp-json\/wp\/v2\/posts\/151","targetHints":{"allow":["GET"]}}],"collection":[{"href":"https:\/\/blogit.gradia.fi\/anniinatuomijarvi\/wp-json\/wp\/v2\/posts"}],"about":[{"href":"https:\/\/blogit.gradia.fi\/anniinatuomijarvi\/wp-json\/wp\/v2\/types\/post"}],"author":[{"embeddable":true,"href":"https:\/\/blogit.gradia.fi\/anniinatuomijarvi\/wp-json\/wp\/v2\/users\/588"}],"replies":[{"embeddable":true,"href":"https:\/\/blogit.gradia.fi\/anniinatuomijarvi\/wp-json\/wp\/v2\/comments?post=151"}],"version-history":[{"count":0,"href":"https:\/\/blogit.gradia.fi\/anniinatuomijarvi\/wp-json\/wp\/v2\/posts\/151\/revisions"}],"wp:attachment":[{"href":"https:\/\/blogit.gradia.fi\/anniinatuomijarvi\/wp-json\/wp\/v2\/media?parent=151"}],"wp:term":[{"taxonomy":"category","embeddable":true,"href":"https:\/\/blogit.gradia.fi\/anniinatuomijarvi\/wp-json\/wp\/v2\/categories?post=151"},{"taxonomy":"post_tag","embeddable":true,"href":"https:\/\/blogit.gradia.fi\/anniinatuomijarvi\/wp-json\/wp\/v2\/tags?post=151"}],"curies":[{"name":"wp","href":"https:\/\/api.w.org\/{rel}","templated":true}]}}