{"id":146,"date":"2013-10-01T21:11:22","date_gmt":"2013-10-01T18:11:22","guid":{"rendered":"https:\/\/blogit.gradia.fi\/anniinatuomijarvi\/?p=146"},"modified":"2014-12-07T18:17:48","modified_gmt":"2014-12-07T16:17:48","slug":"kttn-tehtava-10","status":"publish","type":"post","link":"https:\/\/blogit.gradia.fi\/anniinatuomijarvi\/kttn-tehtava-10\/","title":{"rendered":"KTT:n teht\u00e4v\u00e4 10"},"content":{"rendered":"<p id=\"docs-internal-guid-2970f12f-5934-79aa-8f59-6eb60e694670\" dir=\"ltr\"><strong>Selvit\u00e4, onko ty\u00f6paikallasi ohje\/lista uusien ty\u00f6ntekij\u00f6iden perehdytt\u00e4miseen. Kerro, mihin kaikkiin eri\u00a0asioihin uudet ty\u00f6ntekij\u00e4t perehdytet\u00e4\u00e4n sinun top paikallasi.<\/strong><\/p>\n<ul>\n<li>Ty\u00f6paikallani Kimperill\u00e4 on oma perehdytyskansio, joka isket\u00e4\u00e4n ihan ekana nen\u00e4n alle kun saavutaan uutena t\u00f6ihin. Siin\u00e4 perehdytet\u00e4\u00e4n uutta ty\u00f6ntekij\u00e4\u00e4 mm. talon tavoille ja s\u00e4\u00e4nt\u00f6ihin, tauoista, pukeutumisesta, tuotteiden vastaanotosta sek\u00e4 hinnoittelusta, esillepanosta, kassaty\u00f6skentelyst\u00e4 ja reklamaatiosta.<br \/>\nT\u00e4m\u00e4n viikon aikana tehd\u00e4\u00e4n p\u00e4ivitys perehdytyskansioon johon otetaan my\u00f6s huomioon meid\u00e4n harjoittelijoiden mielipiteet siit\u00e4, mitk\u00e4 olisivat hyvi\u00e4 perehdytyksen aiheita yms.<\/li>\n<li>Perehdetyskansiossa on my\u00f6s kerrottu tavat toimia esimerkiksi sairauskohtauksien, tapaturmien, tulipalon, v\u00e4kivallan, ry\u00f6st\u00f6n, murron, varkauden ja n\u00e4pistyksen varalle. Kansiossa on my\u00f6s turvallisuussuunnitelma sek\u00e4 ohjeet painelu-puhalluselvytykseen niin vauvoille, lapsille kuin aikuisillekkin. Kansio sis\u00e4lt\u00e4\u00e4 my\u00f6s muutaman tuntomerkkilomakkeen, joista on hy\u00f6ty\u00e4 esimerkiksi ry\u00f6st\u00f6n j\u00e4lkeen, koska siihen p\u00e4\u00e4see kirjaamaan suoraan ry\u00f6st\u00e4j\u00e4n tuntomerkit, lomakkeesta kuva alapuolella.\n<p><figure id=\"attachment_147\" aria-describedby=\"caption-attachment-147\" style=\"width: 384px\" class=\"wp-caption alignnone\"><a href=\"https:\/\/blogit.gradia.fi\/anniinatuomijarvi\/wp-content\/uploads\/sites\/94\/2013\/10\/kouluteht\u00e4v\u00e4-kuva.jpg\"><img loading=\"lazy\" decoding=\"async\" class=\"size-full wp-image-147\" src=\"https:\/\/blogit.gradia.fi\/anniinatuomijarvi\/wp-content\/uploads\/sites\/94\/2013\/10\/kouluteht\u00e4v\u00e4-kuva.jpg\" alt=\"Kuva tuntomerkkilomakkeesta, kuva huono surkeen k\u00e4nnykk\u00e4kameran ansiosta :D\" width=\"384\" height=\"512\" \/><\/a><figcaption id=\"caption-attachment-147\" class=\"wp-caption-text\">Tuntomerkkilomake<\/figcaption><\/figure><\/li>\n<\/ul>\n<p dir=\"ltr\"><strong>Kuka vastaa perehdytt\u00e4misest\u00e4 ty\u00f6paikkaan?<\/strong><\/p>\n<ul>\n<li>Perehdytyksest\u00e4 ty\u00f6paikkaan huolehtii harjoittelijan oma top-ohjaaja ja omistaja Outi Sahikallio, minun tapauksessani top-ohjaajani Miia Vilppula sek\u00e4 Outi.<\/li>\n<\/ul>\n<p dir=\"ltr\"><strong>Ent\u00e4s ty\u00f6h\u00f6n ja ty\u00f6teht\u00e4viin?<\/strong><\/p>\n<ul>\n<li>Perehdytys ty\u00f6h\u00f6n ja ty\u00f6teht\u00e4viin huolehtii myym\u00e4l\u00e4n puolella eniten ty\u00f6skentelev\u00e4 Elina Kauppinen mutta perehdytyksess\u00e4 my\u00f6s auttaa Miia sek\u00e4 Outi. Ei ole m\u00e4\u00e4ritelty sin\u00e4\u00e4ns\u00e4 kuka perehdytt\u00e4\u00e4 miss\u00e4kin asiassa vaan kaikki perehdytt\u00e4\u00e4 toisiaan.<\/li>\n<\/ul>\n<p dir=\"ltr\"><strong>Mik\u00e4 ty\u00f6ehtosopimus ty\u00f6paikallasi on k\u00e4yt\u00f6ss\u00e4? Onko se jossakin luettavissa?<\/strong><\/p>\n<ul>\n<li>Ty\u00f6paikallani on voimassa kaupan ty\u00f6ehtosopimus ja se on luettavissa kirjallisena henkil\u00f6kunnan tiloissa mutta se on my\u00f6s tallennettu ty\u00f6paikan tietokoneille joista asiat voi nopeasti my\u00f6s tarkistaa.<\/li>\n<\/ul>\n","protected":false},"excerpt":{"rendered":"<p>Selvit\u00e4, onko ty\u00f6paikallasi ohje\/lista uusien ty\u00f6ntekij\u00f6iden perehdytt\u00e4miseen. Kerro, mihin kaikkiin eri\u00a0asioihin uudet ty\u00f6ntekij\u00e4t perehdytet\u00e4\u00e4n sinun top paikallasi. Ty\u00f6paikallani Kimperill\u00e4 on oma perehdytyskansio, joka isket\u00e4\u00e4n ihan ekana nen\u00e4n alle kun saavutaan uutena t\u00f6ihin. Siin\u00e4 perehdytet\u00e4\u00e4n uutta ty\u00f6ntekij\u00e4\u00e4 mm. talon tavoille ja s\u00e4\u00e4nt\u00f6ihin, tauoista, pukeutumisesta, tuotteiden vastaanotosta sek\u00e4 hinnoittelusta, esillepanosta, kassaty\u00f6skentelyst\u00e4 ja reklamaatiosta. T\u00e4m\u00e4n viikon aikana tehd\u00e4\u00e4n &hellip; <a href=\"https:\/\/blogit.gradia.fi\/anniinatuomijarvi\/kttn-tehtava-10\/\" class=\"more-link\">Jatka lukemista <span class=\"screen-reader-text\">KTT:n teht\u00e4v\u00e4 10<\/span> <span class=\"meta-nav\">&rarr;<\/span><\/a><\/p>\n","protected":false},"author":588,"featured_media":0,"comment_status":"open","ping_status":"open","sticky":false,"template":"","format":"standard","meta":{"_uag_custom_page_level_css":"","footnotes":""},"categories":[3,1],"tags":[],"class_list":["post-146","post","type-post","status-publish","format-standard","hentry","category-top","category-yleinen"],"yoast_head":"<!-- This site is optimized with the Yoast SEO plugin v27.4 - https:\/\/yoast.com\/product\/yoast-seo-wordpress\/ -->\n<title>KTT:n teht\u00e4v\u00e4 10 - Ty\u00f6el\u00e4m\u00e4n sek\u00e4 koulun yhdist\u00e4minen opiskelijan silmin.<\/title>\n<meta name=\"robots\" content=\"index, follow, max-snippet:-1, max-image-preview:large, max-video-preview:-1\" \/>\n<link rel=\"canonical\" href=\"https:\/\/blogit.gradia.fi\/anniinatuomijarvi\/kttn-tehtava-10\/\" \/>\n<meta property=\"og:locale\" content=\"fi_FI\" \/>\n<meta property=\"og:type\" content=\"article\" \/>\n<meta property=\"og:title\" content=\"KTT:n teht\u00e4v\u00e4 10 - Ty\u00f6el\u00e4m\u00e4n sek\u00e4 koulun yhdist\u00e4minen opiskelijan silmin.\" \/>\n<meta property=\"og:description\" content=\"Selvit\u00e4, onko ty\u00f6paikallasi ohje\/lista uusien ty\u00f6ntekij\u00f6iden perehdytt\u00e4miseen. Kerro, mihin kaikkiin eri\u00a0asioihin uudet ty\u00f6ntekij\u00e4t perehdytet\u00e4\u00e4n sinun top paikallasi. Ty\u00f6paikallani Kimperill\u00e4 on oma perehdytyskansio, joka isket\u00e4\u00e4n ihan ekana nen\u00e4n alle kun saavutaan uutena t\u00f6ihin. Siin\u00e4 perehdytet\u00e4\u00e4n uutta ty\u00f6ntekij\u00e4\u00e4 mm. talon tavoille ja s\u00e4\u00e4nt\u00f6ihin, tauoista, pukeutumisesta, tuotteiden vastaanotosta sek\u00e4 hinnoittelusta, esillepanosta, kassaty\u00f6skentelyst\u00e4 ja reklamaatiosta. T\u00e4m\u00e4n viikon aikana tehd\u00e4\u00e4n &hellip; Jatka lukemista KTT:n teht\u00e4v\u00e4 10 &rarr;\" \/>\n<meta property=\"og:url\" content=\"https:\/\/blogit.gradia.fi\/anniinatuomijarvi\/kttn-tehtava-10\/\" \/>\n<meta property=\"og:site_name\" content=\"Ty\u00f6el\u00e4m\u00e4n sek\u00e4 koulun yhdist\u00e4minen opiskelijan silmin.\" \/>\n<meta property=\"article:published_time\" content=\"2013-10-01T18:11:22+00:00\" \/>\n<meta property=\"article:modified_time\" content=\"2014-12-07T16:17:48+00:00\" \/>\n<meta property=\"og:image\" content=\"https:\/\/blogit.gradia.fi\/anniinatuomijarvi\/wp-content\/uploads\/sites\/94\/2013\/10\/kouluteht\u00e4v\u00e4-kuva.jpg\" \/>\n<meta name=\"author\" content=\"Anniina\" \/>\n<meta name=\"twitter:card\" content=\"summary_large_image\" \/>\n<meta name=\"twitter:label1\" content=\"Kirjoittanut\" \/>\n\t<meta name=\"twitter:data1\" content=\"Anniina\" \/>\n\t<meta name=\"twitter:label2\" content=\"Arvioitu lukuaika\" \/>\n\t<meta name=\"twitter:data2\" content=\"1 minuutti\" \/>\n<script type=\"application\/ld+json\" class=\"yoast-schema-graph\">{\"@context\":\"https:\\\/\\\/schema.org\",\"@graph\":[{\"@type\":\"Article\",\"@id\":\"https:\\\/\\\/blogit.gradia.fi\\\/anniinatuomijarvi\\\/kttn-tehtava-10\\\/#article\",\"isPartOf\":{\"@id\":\"https:\\\/\\\/blogit.gradia.fi\\\/anniinatuomijarvi\\\/kttn-tehtava-10\\\/\"},\"author\":{\"name\":\"Anniina\",\"@id\":\"https:\\\/\\\/blogit.gradia.fi\\\/anniinatuomijarvi\\\/#\\\/schema\\\/person\\\/a126012e8cf245661fe7e619b8b68806\"},\"headline\":\"KTT:n teht\u00e4v\u00e4 10\",\"datePublished\":\"2013-10-01T18:11:22+00:00\",\"dateModified\":\"2014-12-07T16:17:48+00:00\",\"mainEntityOfPage\":{\"@id\":\"https:\\\/\\\/blogit.gradia.fi\\\/anniinatuomijarvi\\\/kttn-tehtava-10\\\/\"},\"wordCount\":291,\"commentCount\":0,\"articleSection\":[\"TOP\"],\"inLanguage\":\"fi\",\"potentialAction\":[{\"@type\":\"CommentAction\",\"name\":\"Comment\",\"target\":[\"https:\\\/\\\/blogit.gradia.fi\\\/anniinatuomijarvi\\\/kttn-tehtava-10\\\/#respond\"]}]},{\"@type\":\"WebPage\",\"@id\":\"https:\\\/\\\/blogit.gradia.fi\\\/anniinatuomijarvi\\\/kttn-tehtava-10\\\/\",\"url\":\"https:\\\/\\\/blogit.gradia.fi\\\/anniinatuomijarvi\\\/kttn-tehtava-10\\\/\",\"name\":\"KTT:n teht\u00e4v\u00e4 10 - Ty\u00f6el\u00e4m\u00e4n sek\u00e4 koulun yhdist\u00e4minen opiskelijan silmin.\",\"isPartOf\":{\"@id\":\"https:\\\/\\\/blogit.gradia.fi\\\/anniinatuomijarvi\\\/#website\"},\"datePublished\":\"2013-10-01T18:11:22+00:00\",\"dateModified\":\"2014-12-07T16:17:48+00:00\",\"author\":{\"@id\":\"https:\\\/\\\/blogit.gradia.fi\\\/anniinatuomijarvi\\\/#\\\/schema\\\/person\\\/a126012e8cf245661fe7e619b8b68806\"},\"inLanguage\":\"fi\",\"potentialAction\":[{\"@type\":\"ReadAction\",\"target\":[\"https:\\\/\\\/blogit.gradia.fi\\\/anniinatuomijarvi\\\/kttn-tehtava-10\\\/\"]}]},{\"@type\":\"WebSite\",\"@id\":\"https:\\\/\\\/blogit.gradia.fi\\\/anniinatuomijarvi\\\/#website\",\"url\":\"https:\\\/\\\/blogit.gradia.fi\\\/anniinatuomijarvi\\\/\",\"name\":\"Ty\u00f6el\u00e4m\u00e4n sek\u00e4 koulun yhdist\u00e4minen opiskelijan silmin.\",\"description\":\"\",\"potentialAction\":[{\"@type\":\"SearchAction\",\"target\":{\"@type\":\"EntryPoint\",\"urlTemplate\":\"https:\\\/\\\/blogit.gradia.fi\\\/anniinatuomijarvi\\\/?s={search_term_string}\"},\"query-input\":{\"@type\":\"PropertyValueSpecification\",\"valueRequired\":true,\"valueName\":\"search_term_string\"}}],\"inLanguage\":\"fi\"},{\"@type\":\"Person\",\"@id\":\"https:\\\/\\\/blogit.gradia.fi\\\/anniinatuomijarvi\\\/#\\\/schema\\\/person\\\/a126012e8cf245661fe7e619b8b68806\",\"name\":\"Anniina\",\"image\":{\"@type\":\"ImageObject\",\"inLanguage\":\"fi\",\"@id\":\"https:\\\/\\\/secure.gravatar.com\\\/avatar\\\/faa68d1f1aa3d5a567e8faedb990f70be54a921fe1e421b90146ac2ec28bd4c2?s=96&d=mm&r=g\",\"url\":\"https:\\\/\\\/secure.gravatar.com\\\/avatar\\\/faa68d1f1aa3d5a567e8faedb990f70be54a921fe1e421b90146ac2ec28bd4c2?s=96&d=mm&r=g\",\"contentUrl\":\"https:\\\/\\\/secure.gravatar.com\\\/avatar\\\/faa68d1f1aa3d5a567e8faedb990f70be54a921fe1e421b90146ac2ec28bd4c2?s=96&d=mm&r=g\",\"caption\":\"Anniina\"},\"description\":\"Moikka ! Olen J\u00e4ms\u00e4l\u00e4inen 18 vuotias tytt\u00f6 ja opiskelen Jyv\u00e4skyl\u00e4n ammattiopistossa merkonomiksi ty\u00f6harjoittelupainotteisella linjalla, joka koostuu viikossa kolmesta p\u00e4iv\u00e4st\u00e4 ty\u00f6t\u00e4 ja kahdesta p\u00e4iv\u00e4st\u00e4 koulua.\",\"sameAs\":[\"https:\\\/\\\/blogit.gradia.fi\\\/anniinatuomijarvi\"],\"url\":\"https:\\\/\\\/blogit.gradia.fi\\\/anniinatuomijarvi\\\/author\\\/ao106993\\\/\"}]}<\/script>\n<!-- \/ Yoast SEO plugin. -->","yoast_head_json":{"title":"KTT:n teht\u00e4v\u00e4 10 - Ty\u00f6el\u00e4m\u00e4n sek\u00e4 koulun yhdist\u00e4minen opiskelijan silmin.","robots":{"index":"index","follow":"follow","max-snippet":"max-snippet:-1","max-image-preview":"max-image-preview:large","max-video-preview":"max-video-preview:-1"},"canonical":"https:\/\/blogit.gradia.fi\/anniinatuomijarvi\/kttn-tehtava-10\/","og_locale":"fi_FI","og_type":"article","og_title":"KTT:n teht\u00e4v\u00e4 10 - Ty\u00f6el\u00e4m\u00e4n sek\u00e4 koulun yhdist\u00e4minen opiskelijan silmin.","og_description":"Selvit\u00e4, onko ty\u00f6paikallasi ohje\/lista uusien ty\u00f6ntekij\u00f6iden perehdytt\u00e4miseen. Kerro, mihin kaikkiin eri\u00a0asioihin uudet ty\u00f6ntekij\u00e4t perehdytet\u00e4\u00e4n sinun top paikallasi. Ty\u00f6paikallani Kimperill\u00e4 on oma perehdytyskansio, joka isket\u00e4\u00e4n ihan ekana nen\u00e4n alle kun saavutaan uutena t\u00f6ihin. Siin\u00e4 perehdytet\u00e4\u00e4n uutta ty\u00f6ntekij\u00e4\u00e4 mm. talon tavoille ja s\u00e4\u00e4nt\u00f6ihin, tauoista, pukeutumisesta, tuotteiden vastaanotosta sek\u00e4 hinnoittelusta, esillepanosta, kassaty\u00f6skentelyst\u00e4 ja reklamaatiosta. T\u00e4m\u00e4n viikon aikana tehd\u00e4\u00e4n &hellip; Jatka lukemista KTT:n teht\u00e4v\u00e4 10 &rarr;","og_url":"https:\/\/blogit.gradia.fi\/anniinatuomijarvi\/kttn-tehtava-10\/","og_site_name":"Ty\u00f6el\u00e4m\u00e4n sek\u00e4 koulun yhdist\u00e4minen opiskelijan silmin.","article_published_time":"2013-10-01T18:11:22+00:00","article_modified_time":"2014-12-07T16:17:48+00:00","og_image":[{"url":"https:\/\/blogit.gradia.fi\/anniinatuomijarvi\/wp-content\/uploads\/sites\/94\/2013\/10\/kouluteht\u00e4v\u00e4-kuva.jpg","type":"","width":"","height":""}],"author":"Anniina","twitter_card":"summary_large_image","twitter_misc":{"Kirjoittanut":"Anniina","Arvioitu lukuaika":"1 minuutti"},"schema":{"@context":"https:\/\/schema.org","@graph":[{"@type":"Article","@id":"https:\/\/blogit.gradia.fi\/anniinatuomijarvi\/kttn-tehtava-10\/#article","isPartOf":{"@id":"https:\/\/blogit.gradia.fi\/anniinatuomijarvi\/kttn-tehtava-10\/"},"author":{"name":"Anniina","@id":"https:\/\/blogit.gradia.fi\/anniinatuomijarvi\/#\/schema\/person\/a126012e8cf245661fe7e619b8b68806"},"headline":"KTT:n teht\u00e4v\u00e4 10","datePublished":"2013-10-01T18:11:22+00:00","dateModified":"2014-12-07T16:17:48+00:00","mainEntityOfPage":{"@id":"https:\/\/blogit.gradia.fi\/anniinatuomijarvi\/kttn-tehtava-10\/"},"wordCount":291,"commentCount":0,"articleSection":["TOP"],"inLanguage":"fi","potentialAction":[{"@type":"CommentAction","name":"Comment","target":["https:\/\/blogit.gradia.fi\/anniinatuomijarvi\/kttn-tehtava-10\/#respond"]}]},{"@type":"WebPage","@id":"https:\/\/blogit.gradia.fi\/anniinatuomijarvi\/kttn-tehtava-10\/","url":"https:\/\/blogit.gradia.fi\/anniinatuomijarvi\/kttn-tehtava-10\/","name":"KTT:n teht\u00e4v\u00e4 10 - Ty\u00f6el\u00e4m\u00e4n sek\u00e4 koulun yhdist\u00e4minen opiskelijan silmin.","isPartOf":{"@id":"https:\/\/blogit.gradia.fi\/anniinatuomijarvi\/#website"},"datePublished":"2013-10-01T18:11:22+00:00","dateModified":"2014-12-07T16:17:48+00:00","author":{"@id":"https:\/\/blogit.gradia.fi\/anniinatuomijarvi\/#\/schema\/person\/a126012e8cf245661fe7e619b8b68806"},"inLanguage":"fi","potentialAction":[{"@type":"ReadAction","target":["https:\/\/blogit.gradia.fi\/anniinatuomijarvi\/kttn-tehtava-10\/"]}]},{"@type":"WebSite","@id":"https:\/\/blogit.gradia.fi\/anniinatuomijarvi\/#website","url":"https:\/\/blogit.gradia.fi\/anniinatuomijarvi\/","name":"Ty\u00f6el\u00e4m\u00e4n sek\u00e4 koulun yhdist\u00e4minen opiskelijan silmin.","description":"","potentialAction":[{"@type":"SearchAction","target":{"@type":"EntryPoint","urlTemplate":"https:\/\/blogit.gradia.fi\/anniinatuomijarvi\/?s={search_term_string}"},"query-input":{"@type":"PropertyValueSpecification","valueRequired":true,"valueName":"search_term_string"}}],"inLanguage":"fi"},{"@type":"Person","@id":"https:\/\/blogit.gradia.fi\/anniinatuomijarvi\/#\/schema\/person\/a126012e8cf245661fe7e619b8b68806","name":"Anniina","image":{"@type":"ImageObject","inLanguage":"fi","@id":"https:\/\/secure.gravatar.com\/avatar\/faa68d1f1aa3d5a567e8faedb990f70be54a921fe1e421b90146ac2ec28bd4c2?s=96&d=mm&r=g","url":"https:\/\/secure.gravatar.com\/avatar\/faa68d1f1aa3d5a567e8faedb990f70be54a921fe1e421b90146ac2ec28bd4c2?s=96&d=mm&r=g","contentUrl":"https:\/\/secure.gravatar.com\/avatar\/faa68d1f1aa3d5a567e8faedb990f70be54a921fe1e421b90146ac2ec28bd4c2?s=96&d=mm&r=g","caption":"Anniina"},"description":"Moikka ! Olen J\u00e4ms\u00e4l\u00e4inen 18 vuotias tytt\u00f6 ja opiskelen Jyv\u00e4skyl\u00e4n ammattiopistossa merkonomiksi ty\u00f6harjoittelupainotteisella linjalla, joka koostuu viikossa kolmesta p\u00e4iv\u00e4st\u00e4 ty\u00f6t\u00e4 ja kahdesta p\u00e4iv\u00e4st\u00e4 koulua.","sameAs":["https:\/\/blogit.gradia.fi\/anniinatuomijarvi"],"url":"https:\/\/blogit.gradia.fi\/anniinatuomijarvi\/author\/ao106993\/"}]}},"uagb_featured_image_src":{"full":false,"thumbnail":false,"medium":false,"medium_large":false,"large":false,"1536x1536":false,"2048x2048":false,"post-thumbnail":false,"twentyfourteen-full-width":false},"uagb_author_info":{"display_name":"Anniina","author_link":"https:\/\/blogit.gradia.fi\/anniinatuomijarvi\/author\/ao106993\/"},"uagb_comment_info":0,"uagb_excerpt":"Selvit\u00e4, onko ty\u00f6paikallasi ohje\/lista uusien ty\u00f6ntekij\u00f6iden perehdytt\u00e4miseen. Kerro, mihin kaikkiin eri\u00a0asioihin uudet ty\u00f6ntekij\u00e4t perehdytet\u00e4\u00e4n sinun top paikallasi. Ty\u00f6paikallani Kimperill\u00e4 on oma perehdytyskansio, joka isket\u00e4\u00e4n ihan ekana nen\u00e4n alle kun saavutaan uutena t\u00f6ihin. Siin\u00e4 perehdytet\u00e4\u00e4n uutta ty\u00f6ntekij\u00e4\u00e4 mm. talon tavoille ja s\u00e4\u00e4nt\u00f6ihin, tauoista, pukeutumisesta, tuotteiden vastaanotosta sek\u00e4 hinnoittelusta, esillepanosta, kassaty\u00f6skentelyst\u00e4 ja reklamaatiosta. T\u00e4m\u00e4n viikon aikana tehd\u00e4\u00e4n&hellip;","_links":{"self":[{"href":"https:\/\/blogit.gradia.fi\/anniinatuomijarvi\/wp-json\/wp\/v2\/posts\/146","targetHints":{"allow":["GET"]}}],"collection":[{"href":"https:\/\/blogit.gradia.fi\/anniinatuomijarvi\/wp-json\/wp\/v2\/posts"}],"about":[{"href":"https:\/\/blogit.gradia.fi\/anniinatuomijarvi\/wp-json\/wp\/v2\/types\/post"}],"author":[{"embeddable":true,"href":"https:\/\/blogit.gradia.fi\/anniinatuomijarvi\/wp-json\/wp\/v2\/users\/588"}],"replies":[{"embeddable":true,"href":"https:\/\/blogit.gradia.fi\/anniinatuomijarvi\/wp-json\/wp\/v2\/comments?post=146"}],"version-history":[{"count":0,"href":"https:\/\/blogit.gradia.fi\/anniinatuomijarvi\/wp-json\/wp\/v2\/posts\/146\/revisions"}],"wp:attachment":[{"href":"https:\/\/blogit.gradia.fi\/anniinatuomijarvi\/wp-json\/wp\/v2\/media?parent=146"}],"wp:term":[{"taxonomy":"category","embeddable":true,"href":"https:\/\/blogit.gradia.fi\/anniinatuomijarvi\/wp-json\/wp\/v2\/categories?post=146"},{"taxonomy":"post_tag","embeddable":true,"href":"https:\/\/blogit.gradia.fi\/anniinatuomijarvi\/wp-json\/wp\/v2\/tags?post=146"}],"curies":[{"name":"wp","href":"https:\/\/api.w.org\/{rel}","templated":true}]}}