{"id":124,"date":"2013-09-24T22:14:25","date_gmt":"2013-09-24T19:14:25","guid":{"rendered":"https:\/\/blogit.gradia.fi\/anniinatuomijarvi\/?p=124"},"modified":"2014-11-23T22:03:21","modified_gmt":"2014-11-23T20:03:21","slug":"nayteikkunalla-on-vain-muutama-sekunti-aikaa-pysayttaa-ohikulkija","status":"publish","type":"post","link":"https:\/\/blogit.gradia.fi\/anniinatuomijarvi\/nayteikkunalla-on-vain-muutama-sekunti-aikaa-pysayttaa-ohikulkija\/","title":{"rendered":"Toinen virallinen n\u00e4yteikkuna"},"content":{"rendered":"<p>T\u00e4n\u00e4\u00e4n oli siis el\u00e4m\u00e4ni toisen virallisen n\u00e4yteikkunan vuoro ! P\u00e4\u00e4stiin ty\u00f6harjoittelu kaverini kanssa tekem\u00e4\u00e4n kahdestaan n\u00e4yteikkunaa ja oltiin aika tyytyv\u00e4isi\u00e4 lopputulokseen. N\u00e4yteikkunaan laitettiin uutuuksia ja ajankohtaisia tuotteita sek\u00e4 p\u00e4\u00e4stiin tosiaan n\u00e4ytt\u00e4m\u00e4\u00e4n visualiset taitomme t\u00e4ss\u00e4. TOP-ohjaajamme tietysti tarkasti lopputuloksen ja oli itsekkin tyytyv\u00e4inen &#8211; n\u00e4yteikkuna oli kuulema hyv\u00e4 n\u00e4in aloittelijoiksi ! Huomenna haemme siihen viel\u00e4 v\u00e4h\u00e4n luonnosta pudonneita ja v\u00e4rikk\u00e4it\u00e4 lehti\u00e4 somistamaan, esimerkiksi kottik\u00e4rryt tulevat t\u00e4yteen lehti\u00e4 syksyn kunniaksi. Alhaalla muutama kuva nykytilanteesta. \ud83d\ude42<\/p>\n<p>T\u00e4st\u00e4 siis l\u00e4hdettiin liikkeelle, kuvat niin sis\u00e4lt\u00e4 kuin ulkoakin. Aluksi purettiin vanha n\u00e4yteikkuna kokonaan:<\/p>\n<p><a href=\"https:\/\/blogit.gradia.fi\/anniinatuomijarvi\/wp-content\/uploads\/sites\/94\/2013\/09\/CAM00007.jpg\"><img loading=\"lazy\" decoding=\"async\" class=\"alignnone size-full wp-image-125\" alt=\"CAM00007\" src=\"https:\/\/blogit.gradia.fi\/anniinatuomijarvi\/wp-content\/uploads\/sites\/94\/2013\/09\/CAM00007.jpg\" width=\"2048\" height=\"1536\" \/><\/a> <a href=\"https:\/\/blogit.gradia.fi\/anniinatuomijarvi\/wp-content\/uploads\/sites\/94\/2013\/09\/CAM00008.jpg\"><img loading=\"lazy\" decoding=\"async\" class=\"alignnone size-medium wp-image-126\" alt=\"CAM00008\" src=\"https:\/\/blogit.gradia.fi\/anniinatuomijarvi\/wp-content\/uploads\/sites\/94\/2013\/09\/CAM00008.jpg\" width=\"300\" height=\"225\" \/><\/a> <a href=\"https:\/\/blogit.gradia.fi\/anniinatuomijarvi\/wp-content\/uploads\/sites\/94\/2013\/09\/CAM00009.jpg\"><img loading=\"lazy\" decoding=\"async\" class=\"alignnone size-medium wp-image-127\" alt=\"CAM00009\" src=\"https:\/\/blogit.gradia.fi\/anniinatuomijarvi\/wp-content\/uploads\/sites\/94\/2013\/09\/CAM00009.jpg\" width=\"225\" height=\"300\" \/><\/a><\/p>\n<p><a href=\"https:\/\/blogit.gradia.fi\/anniinatuomijarvi\/wp-content\/uploads\/sites\/94\/2013\/09\/CAM00010.jpg\"><img loading=\"lazy\" decoding=\"async\" class=\"alignnone size-full wp-image-128\" alt=\"CAM00010\" src=\"https:\/\/blogit.gradia.fi\/anniinatuomijarvi\/wp-content\/uploads\/sites\/94\/2013\/09\/CAM00010.jpg\" width=\"1536\" height=\"2048\" \/><\/a><\/p>\n<p>&nbsp;<\/p>\n<p>Ja sitten ei kuin uutta vaatetta mallinukeille p\u00e4\u00e4lle !<\/p>\n<p>&nbsp;<\/p>\n<p><a href=\"https:\/\/blogit.gradia.fi\/anniinatuomijarvi\/wp-content\/uploads\/sites\/94\/2013\/09\/1208858_10151850391827710_1290180968_n.jpg\"><img loading=\"lazy\" decoding=\"async\" class=\"alignnone size-full wp-image-130\" alt=\"1208858_10151850391827710_1290180968_n\" src=\"https:\/\/blogit.gradia.fi\/anniinatuomijarvi\/wp-content\/uploads\/sites\/94\/2013\/09\/1208858_10151850391827710_1290180968_n.jpg\" width=\"720\" height=\"960\" \/><\/a> <a href=\"https:\/\/blogit.gradia.fi\/anniinatuomijarvi\/wp-content\/uploads\/sites\/94\/2013\/09\/CAM00015.jpg\"><img loading=\"lazy\" decoding=\"async\" class=\"alignnone size-medium wp-image-131\" alt=\"CAM00015\" src=\"https:\/\/blogit.gradia.fi\/anniinatuomijarvi\/wp-content\/uploads\/sites\/94\/2013\/09\/CAM00015.jpg\" width=\"225\" height=\"300\" \/><\/a> <a href=\"https:\/\/blogit.gradia.fi\/anniinatuomijarvi\/wp-content\/uploads\/sites\/94\/2013\/09\/CAM00016.jpg\"><img loading=\"lazy\" decoding=\"async\" class=\"alignnone size-medium wp-image-132\" alt=\"CAM00016\" src=\"https:\/\/blogit.gradia.fi\/anniinatuomijarvi\/wp-content\/uploads\/sites\/94\/2013\/09\/CAM00016.jpg\" width=\"225\" height=\"300\" \/><\/a> <a href=\"https:\/\/blogit.gradia.fi\/anniinatuomijarvi\/wp-content\/uploads\/sites\/94\/2013\/09\/1376291_10151850391147710_2073062765_n.jpg\"><img loading=\"lazy\" decoding=\"async\" class=\"alignnone size-medium wp-image-133\" alt=\"1376291_10151850391147710_2073062765_n\" src=\"https:\/\/blogit.gradia.fi\/anniinatuomijarvi\/wp-content\/uploads\/sites\/94\/2013\/09\/1376291_10151850391147710_2073062765_n.jpg\" width=\"300\" height=\"225\" \/><\/a><\/p>\n<p>&nbsp;<\/p>\n<p>Ja t\u00e4ss\u00e4 lopputulos kokonaisuudessaan (kuvat otettu k\u00e4nnyk\u00e4ll\u00e4 ja viel\u00e4 ikkunan l\u00e4pi, siksi laatu heikko):<\/p>\n<p><a href=\"https:\/\/blogit.gradia.fi\/anniinatuomijarvi\/wp-content\/uploads\/sites\/94\/2013\/09\/CAM00019.jpg\"><img loading=\"lazy\" decoding=\"async\" class=\"alignnone size-full wp-image-136\" alt=\"CAM00019\" src=\"https:\/\/blogit.gradia.fi\/anniinatuomijarvi\/wp-content\/uploads\/sites\/94\/2013\/09\/CAM00019.jpg\" width=\"2048\" height=\"1536\" \/><\/a> <a href=\"https:\/\/blogit.gradia.fi\/anniinatuomijarvi\/wp-content\/uploads\/sites\/94\/2013\/09\/CAM00018.jpg\"><img loading=\"lazy\" decoding=\"async\" class=\"alignnone size-full wp-image-135\" alt=\"CAM00018\" src=\"https:\/\/blogit.gradia.fi\/anniinatuomijarvi\/wp-content\/uploads\/sites\/94\/2013\/09\/CAM00018.jpg\" width=\"2048\" height=\"1536\" \/><\/a> <a href=\"https:\/\/blogit.gradia.fi\/anniinatuomijarvi\/wp-content\/uploads\/sites\/94\/2013\/09\/CAM00017.jpg\"><img loading=\"lazy\" decoding=\"async\" class=\"alignnone size-full wp-image-134\" alt=\"CAM00017\" src=\"https:\/\/blogit.gradia.fi\/anniinatuomijarvi\/wp-content\/uploads\/sites\/94\/2013\/09\/CAM00017.jpg\" width=\"2048\" height=\"1536\" \/><\/a><\/p>\n<p>&nbsp;<\/p>\n","protected":false},"excerpt":{"rendered":"<p>T\u00e4n\u00e4\u00e4n oli siis el\u00e4m\u00e4ni toisen virallisen n\u00e4yteikkunan vuoro ! P\u00e4\u00e4stiin ty\u00f6harjoittelu kaverini kanssa tekem\u00e4\u00e4n kahdestaan n\u00e4yteikkunaa ja oltiin aika tyytyv\u00e4isi\u00e4 lopputulokseen. N\u00e4yteikkunaan laitettiin uutuuksia ja ajankohtaisia tuotteita sek\u00e4 p\u00e4\u00e4stiin tosiaan n\u00e4ytt\u00e4m\u00e4\u00e4n visualiset taitomme t\u00e4ss\u00e4. TOP-ohjaajamme tietysti tarkasti lopputuloksen ja oli itsekkin tyytyv\u00e4inen &#8211; n\u00e4yteikkuna oli kuulema hyv\u00e4 n\u00e4in aloittelijoiksi ! Huomenna haemme siihen viel\u00e4 v\u00e4h\u00e4n &hellip; <a href=\"https:\/\/blogit.gradia.fi\/anniinatuomijarvi\/nayteikkunalla-on-vain-muutama-sekunti-aikaa-pysayttaa-ohikulkija\/\" class=\"more-link\">Jatka lukemista <span class=\"screen-reader-text\">Toinen virallinen n\u00e4yteikkuna<\/span> <span class=\"meta-nav\">&rarr;<\/span><\/a><\/p>\n","protected":false},"author":588,"featured_media":0,"comment_status":"open","ping_status":"open","sticky":false,"template":"","format":"standard","meta":{"_uag_custom_page_level_css":"","footnotes":""},"categories":[1],"tags":[],"class_list":["post-124","post","type-post","status-publish","format-standard","hentry","category-yleinen"],"yoast_head":"<!-- This site is optimized with the Yoast SEO plugin v27.4 - https:\/\/yoast.com\/product\/yoast-seo-wordpress\/ -->\n<title>Toinen virallinen n\u00e4yteikkuna - Ty\u00f6el\u00e4m\u00e4n sek\u00e4 koulun yhdist\u00e4minen opiskelijan silmin.<\/title>\n<meta name=\"robots\" content=\"index, follow, max-snippet:-1, max-image-preview:large, max-video-preview:-1\" \/>\n<link rel=\"canonical\" href=\"https:\/\/blogit.gradia.fi\/anniinatuomijarvi\/nayteikkunalla-on-vain-muutama-sekunti-aikaa-pysayttaa-ohikulkija\/\" \/>\n<meta property=\"og:locale\" content=\"fi_FI\" \/>\n<meta property=\"og:type\" content=\"article\" \/>\n<meta property=\"og:title\" content=\"Toinen virallinen n\u00e4yteikkuna - Ty\u00f6el\u00e4m\u00e4n sek\u00e4 koulun yhdist\u00e4minen opiskelijan silmin.\" \/>\n<meta property=\"og:description\" content=\"T\u00e4n\u00e4\u00e4n oli siis el\u00e4m\u00e4ni toisen virallisen n\u00e4yteikkunan vuoro ! P\u00e4\u00e4stiin ty\u00f6harjoittelu kaverini kanssa tekem\u00e4\u00e4n kahdestaan n\u00e4yteikkunaa ja oltiin aika tyytyv\u00e4isi\u00e4 lopputulokseen. N\u00e4yteikkunaan laitettiin uutuuksia ja ajankohtaisia tuotteita sek\u00e4 p\u00e4\u00e4stiin tosiaan n\u00e4ytt\u00e4m\u00e4\u00e4n visualiset taitomme t\u00e4ss\u00e4. TOP-ohjaajamme tietysti tarkasti lopputuloksen ja oli itsekkin tyytyv\u00e4inen &#8211; n\u00e4yteikkuna oli kuulema hyv\u00e4 n\u00e4in aloittelijoiksi ! Huomenna haemme siihen viel\u00e4 v\u00e4h\u00e4n &hellip; Jatka lukemista Toinen virallinen n\u00e4yteikkuna &rarr;\" \/>\n<meta property=\"og:url\" content=\"https:\/\/blogit.gradia.fi\/anniinatuomijarvi\/nayteikkunalla-on-vain-muutama-sekunti-aikaa-pysayttaa-ohikulkija\/\" \/>\n<meta property=\"og:site_name\" content=\"Ty\u00f6el\u00e4m\u00e4n sek\u00e4 koulun yhdist\u00e4minen opiskelijan silmin.\" \/>\n<meta property=\"article:published_time\" content=\"2013-09-24T19:14:25+00:00\" \/>\n<meta property=\"article:modified_time\" content=\"2014-11-23T20:03:21+00:00\" \/>\n<meta property=\"og:image\" content=\"https:\/\/blogit.gradia.fi\/anniinatuomijarvi\/wp-content\/uploads\/sites\/94\/2013\/09\/CAM00007.jpg\" \/>\n<meta name=\"author\" content=\"Anniina\" \/>\n<meta name=\"twitter:card\" content=\"summary_large_image\" \/>\n<meta name=\"twitter:label1\" content=\"Kirjoittanut\" \/>\n\t<meta name=\"twitter:data1\" content=\"Anniina\" \/>\n\t<meta name=\"twitter:label2\" content=\"Arvioitu lukuaika\" \/>\n\t<meta name=\"twitter:data2\" content=\"1 minuutti\" \/>\n<script type=\"application\/ld+json\" class=\"yoast-schema-graph\">{\"@context\":\"https:\\\/\\\/schema.org\",\"@graph\":[{\"@type\":\"Article\",\"@id\":\"https:\\\/\\\/blogit.gradia.fi\\\/anniinatuomijarvi\\\/nayteikkunalla-on-vain-muutama-sekunti-aikaa-pysayttaa-ohikulkija\\\/#article\",\"isPartOf\":{\"@id\":\"https:\\\/\\\/blogit.gradia.fi\\\/anniinatuomijarvi\\\/nayteikkunalla-on-vain-muutama-sekunti-aikaa-pysayttaa-ohikulkija\\\/\"},\"author\":{\"name\":\"Anniina\",\"@id\":\"https:\\\/\\\/blogit.gradia.fi\\\/anniinatuomijarvi\\\/#\\\/schema\\\/person\\\/a126012e8cf245661fe7e619b8b68806\"},\"headline\":\"Toinen virallinen n\u00e4yteikkuna\",\"datePublished\":\"2013-09-24T19:14:25+00:00\",\"dateModified\":\"2014-11-23T20:03:21+00:00\",\"mainEntityOfPage\":{\"@id\":\"https:\\\/\\\/blogit.gradia.fi\\\/anniinatuomijarvi\\\/nayteikkunalla-on-vain-muutama-sekunti-aikaa-pysayttaa-ohikulkija\\\/\"},\"wordCount\":148,\"commentCount\":0,\"image\":{\"@id\":\"https:\\\/\\\/blogit.gradia.fi\\\/anniinatuomijarvi\\\/nayteikkunalla-on-vain-muutama-sekunti-aikaa-pysayttaa-ohikulkija\\\/#primaryimage\"},\"thumbnailUrl\":\"https:\\\/\\\/blogit.gradia.fi\\\/anniinatuomijarvi\\\/wp-content\\\/uploads\\\/sites\\\/94\\\/2013\\\/09\\\/CAM00007.jpg\",\"inLanguage\":\"fi\",\"potentialAction\":[{\"@type\":\"CommentAction\",\"name\":\"Comment\",\"target\":[\"https:\\\/\\\/blogit.gradia.fi\\\/anniinatuomijarvi\\\/nayteikkunalla-on-vain-muutama-sekunti-aikaa-pysayttaa-ohikulkija\\\/#respond\"]}]},{\"@type\":\"WebPage\",\"@id\":\"https:\\\/\\\/blogit.gradia.fi\\\/anniinatuomijarvi\\\/nayteikkunalla-on-vain-muutama-sekunti-aikaa-pysayttaa-ohikulkija\\\/\",\"url\":\"https:\\\/\\\/blogit.gradia.fi\\\/anniinatuomijarvi\\\/nayteikkunalla-on-vain-muutama-sekunti-aikaa-pysayttaa-ohikulkija\\\/\",\"name\":\"Toinen virallinen n\u00e4yteikkuna - Ty\u00f6el\u00e4m\u00e4n sek\u00e4 koulun yhdist\u00e4minen opiskelijan silmin.\",\"isPartOf\":{\"@id\":\"https:\\\/\\\/blogit.gradia.fi\\\/anniinatuomijarvi\\\/#website\"},\"primaryImageOfPage\":{\"@id\":\"https:\\\/\\\/blogit.gradia.fi\\\/anniinatuomijarvi\\\/nayteikkunalla-on-vain-muutama-sekunti-aikaa-pysayttaa-ohikulkija\\\/#primaryimage\"},\"image\":{\"@id\":\"https:\\\/\\\/blogit.gradia.fi\\\/anniinatuomijarvi\\\/nayteikkunalla-on-vain-muutama-sekunti-aikaa-pysayttaa-ohikulkija\\\/#primaryimage\"},\"thumbnailUrl\":\"https:\\\/\\\/blogit.gradia.fi\\\/anniinatuomijarvi\\\/wp-content\\\/uploads\\\/sites\\\/94\\\/2013\\\/09\\\/CAM00007.jpg\",\"datePublished\":\"2013-09-24T19:14:25+00:00\",\"dateModified\":\"2014-11-23T20:03:21+00:00\",\"author\":{\"@id\":\"https:\\\/\\\/blogit.gradia.fi\\\/anniinatuomijarvi\\\/#\\\/schema\\\/person\\\/a126012e8cf245661fe7e619b8b68806\"},\"inLanguage\":\"fi\",\"potentialAction\":[{\"@type\":\"ReadAction\",\"target\":[\"https:\\\/\\\/blogit.gradia.fi\\\/anniinatuomijarvi\\\/nayteikkunalla-on-vain-muutama-sekunti-aikaa-pysayttaa-ohikulkija\\\/\"]}]},{\"@type\":\"ImageObject\",\"inLanguage\":\"fi\",\"@id\":\"https:\\\/\\\/blogit.gradia.fi\\\/anniinatuomijarvi\\\/nayteikkunalla-on-vain-muutama-sekunti-aikaa-pysayttaa-ohikulkija\\\/#primaryimage\",\"url\":\"https:\\\/\\\/blogit.gradia.fi\\\/anniinatuomijarvi\\\/wp-content\\\/uploads\\\/sites\\\/94\\\/2013\\\/09\\\/CAM00007.jpg\",\"contentUrl\":\"https:\\\/\\\/blogit.gradia.fi\\\/anniinatuomijarvi\\\/wp-content\\\/uploads\\\/sites\\\/94\\\/2013\\\/09\\\/CAM00007.jpg\",\"width\":2048,\"height\":1536},{\"@type\":\"WebSite\",\"@id\":\"https:\\\/\\\/blogit.gradia.fi\\\/anniinatuomijarvi\\\/#website\",\"url\":\"https:\\\/\\\/blogit.gradia.fi\\\/anniinatuomijarvi\\\/\",\"name\":\"Ty\u00f6el\u00e4m\u00e4n sek\u00e4 koulun yhdist\u00e4minen opiskelijan silmin.\",\"description\":\"\",\"potentialAction\":[{\"@type\":\"SearchAction\",\"target\":{\"@type\":\"EntryPoint\",\"urlTemplate\":\"https:\\\/\\\/blogit.gradia.fi\\\/anniinatuomijarvi\\\/?s={search_term_string}\"},\"query-input\":{\"@type\":\"PropertyValueSpecification\",\"valueRequired\":true,\"valueName\":\"search_term_string\"}}],\"inLanguage\":\"fi\"},{\"@type\":\"Person\",\"@id\":\"https:\\\/\\\/blogit.gradia.fi\\\/anniinatuomijarvi\\\/#\\\/schema\\\/person\\\/a126012e8cf245661fe7e619b8b68806\",\"name\":\"Anniina\",\"image\":{\"@type\":\"ImageObject\",\"inLanguage\":\"fi\",\"@id\":\"https:\\\/\\\/secure.gravatar.com\\\/avatar\\\/faa68d1f1aa3d5a567e8faedb990f70be54a921fe1e421b90146ac2ec28bd4c2?s=96&d=mm&r=g\",\"url\":\"https:\\\/\\\/secure.gravatar.com\\\/avatar\\\/faa68d1f1aa3d5a567e8faedb990f70be54a921fe1e421b90146ac2ec28bd4c2?s=96&d=mm&r=g\",\"contentUrl\":\"https:\\\/\\\/secure.gravatar.com\\\/avatar\\\/faa68d1f1aa3d5a567e8faedb990f70be54a921fe1e421b90146ac2ec28bd4c2?s=96&d=mm&r=g\",\"caption\":\"Anniina\"},\"description\":\"Moikka ! Olen J\u00e4ms\u00e4l\u00e4inen 18 vuotias tytt\u00f6 ja opiskelen Jyv\u00e4skyl\u00e4n ammattiopistossa merkonomiksi ty\u00f6harjoittelupainotteisella linjalla, joka koostuu viikossa kolmesta p\u00e4iv\u00e4st\u00e4 ty\u00f6t\u00e4 ja kahdesta p\u00e4iv\u00e4st\u00e4 koulua.\",\"sameAs\":[\"https:\\\/\\\/blogit.gradia.fi\\\/anniinatuomijarvi\"],\"url\":\"https:\\\/\\\/blogit.gradia.fi\\\/anniinatuomijarvi\\\/author\\\/ao106993\\\/\"}]}<\/script>\n<!-- \/ Yoast SEO plugin. -->","yoast_head_json":{"title":"Toinen virallinen n\u00e4yteikkuna - Ty\u00f6el\u00e4m\u00e4n sek\u00e4 koulun yhdist\u00e4minen opiskelijan silmin.","robots":{"index":"index","follow":"follow","max-snippet":"max-snippet:-1","max-image-preview":"max-image-preview:large","max-video-preview":"max-video-preview:-1"},"canonical":"https:\/\/blogit.gradia.fi\/anniinatuomijarvi\/nayteikkunalla-on-vain-muutama-sekunti-aikaa-pysayttaa-ohikulkija\/","og_locale":"fi_FI","og_type":"article","og_title":"Toinen virallinen n\u00e4yteikkuna - Ty\u00f6el\u00e4m\u00e4n sek\u00e4 koulun yhdist\u00e4minen opiskelijan silmin.","og_description":"T\u00e4n\u00e4\u00e4n oli siis el\u00e4m\u00e4ni toisen virallisen n\u00e4yteikkunan vuoro ! P\u00e4\u00e4stiin ty\u00f6harjoittelu kaverini kanssa tekem\u00e4\u00e4n kahdestaan n\u00e4yteikkunaa ja oltiin aika tyytyv\u00e4isi\u00e4 lopputulokseen. N\u00e4yteikkunaan laitettiin uutuuksia ja ajankohtaisia tuotteita sek\u00e4 p\u00e4\u00e4stiin tosiaan n\u00e4ytt\u00e4m\u00e4\u00e4n visualiset taitomme t\u00e4ss\u00e4. TOP-ohjaajamme tietysti tarkasti lopputuloksen ja oli itsekkin tyytyv\u00e4inen &#8211; n\u00e4yteikkuna oli kuulema hyv\u00e4 n\u00e4in aloittelijoiksi ! Huomenna haemme siihen viel\u00e4 v\u00e4h\u00e4n &hellip; Jatka lukemista Toinen virallinen n\u00e4yteikkuna &rarr;","og_url":"https:\/\/blogit.gradia.fi\/anniinatuomijarvi\/nayteikkunalla-on-vain-muutama-sekunti-aikaa-pysayttaa-ohikulkija\/","og_site_name":"Ty\u00f6el\u00e4m\u00e4n sek\u00e4 koulun yhdist\u00e4minen opiskelijan silmin.","article_published_time":"2013-09-24T19:14:25+00:00","article_modified_time":"2014-11-23T20:03:21+00:00","og_image":[{"url":"https:\/\/blogit.gradia.fi\/anniinatuomijarvi\/wp-content\/uploads\/sites\/94\/2013\/09\/CAM00007.jpg","type":"","width":"","height":""}],"author":"Anniina","twitter_card":"summary_large_image","twitter_misc":{"Kirjoittanut":"Anniina","Arvioitu lukuaika":"1 minuutti"},"schema":{"@context":"https:\/\/schema.org","@graph":[{"@type":"Article","@id":"https:\/\/blogit.gradia.fi\/anniinatuomijarvi\/nayteikkunalla-on-vain-muutama-sekunti-aikaa-pysayttaa-ohikulkija\/#article","isPartOf":{"@id":"https:\/\/blogit.gradia.fi\/anniinatuomijarvi\/nayteikkunalla-on-vain-muutama-sekunti-aikaa-pysayttaa-ohikulkija\/"},"author":{"name":"Anniina","@id":"https:\/\/blogit.gradia.fi\/anniinatuomijarvi\/#\/schema\/person\/a126012e8cf245661fe7e619b8b68806"},"headline":"Toinen virallinen n\u00e4yteikkuna","datePublished":"2013-09-24T19:14:25+00:00","dateModified":"2014-11-23T20:03:21+00:00","mainEntityOfPage":{"@id":"https:\/\/blogit.gradia.fi\/anniinatuomijarvi\/nayteikkunalla-on-vain-muutama-sekunti-aikaa-pysayttaa-ohikulkija\/"},"wordCount":148,"commentCount":0,"image":{"@id":"https:\/\/blogit.gradia.fi\/anniinatuomijarvi\/nayteikkunalla-on-vain-muutama-sekunti-aikaa-pysayttaa-ohikulkija\/#primaryimage"},"thumbnailUrl":"https:\/\/blogit.gradia.fi\/anniinatuomijarvi\/wp-content\/uploads\/sites\/94\/2013\/09\/CAM00007.jpg","inLanguage":"fi","potentialAction":[{"@type":"CommentAction","name":"Comment","target":["https:\/\/blogit.gradia.fi\/anniinatuomijarvi\/nayteikkunalla-on-vain-muutama-sekunti-aikaa-pysayttaa-ohikulkija\/#respond"]}]},{"@type":"WebPage","@id":"https:\/\/blogit.gradia.fi\/anniinatuomijarvi\/nayteikkunalla-on-vain-muutama-sekunti-aikaa-pysayttaa-ohikulkija\/","url":"https:\/\/blogit.gradia.fi\/anniinatuomijarvi\/nayteikkunalla-on-vain-muutama-sekunti-aikaa-pysayttaa-ohikulkija\/","name":"Toinen virallinen n\u00e4yteikkuna - Ty\u00f6el\u00e4m\u00e4n sek\u00e4 koulun yhdist\u00e4minen opiskelijan silmin.","isPartOf":{"@id":"https:\/\/blogit.gradia.fi\/anniinatuomijarvi\/#website"},"primaryImageOfPage":{"@id":"https:\/\/blogit.gradia.fi\/anniinatuomijarvi\/nayteikkunalla-on-vain-muutama-sekunti-aikaa-pysayttaa-ohikulkija\/#primaryimage"},"image":{"@id":"https:\/\/blogit.gradia.fi\/anniinatuomijarvi\/nayteikkunalla-on-vain-muutama-sekunti-aikaa-pysayttaa-ohikulkija\/#primaryimage"},"thumbnailUrl":"https:\/\/blogit.gradia.fi\/anniinatuomijarvi\/wp-content\/uploads\/sites\/94\/2013\/09\/CAM00007.jpg","datePublished":"2013-09-24T19:14:25+00:00","dateModified":"2014-11-23T20:03:21+00:00","author":{"@id":"https:\/\/blogit.gradia.fi\/anniinatuomijarvi\/#\/schema\/person\/a126012e8cf245661fe7e619b8b68806"},"inLanguage":"fi","potentialAction":[{"@type":"ReadAction","target":["https:\/\/blogit.gradia.fi\/anniinatuomijarvi\/nayteikkunalla-on-vain-muutama-sekunti-aikaa-pysayttaa-ohikulkija\/"]}]},{"@type":"ImageObject","inLanguage":"fi","@id":"https:\/\/blogit.gradia.fi\/anniinatuomijarvi\/nayteikkunalla-on-vain-muutama-sekunti-aikaa-pysayttaa-ohikulkija\/#primaryimage","url":"https:\/\/blogit.gradia.fi\/anniinatuomijarvi\/wp-content\/uploads\/sites\/94\/2013\/09\/CAM00007.jpg","contentUrl":"https:\/\/blogit.gradia.fi\/anniinatuomijarvi\/wp-content\/uploads\/sites\/94\/2013\/09\/CAM00007.jpg","width":2048,"height":1536},{"@type":"WebSite","@id":"https:\/\/blogit.gradia.fi\/anniinatuomijarvi\/#website","url":"https:\/\/blogit.gradia.fi\/anniinatuomijarvi\/","name":"Ty\u00f6el\u00e4m\u00e4n sek\u00e4 koulun yhdist\u00e4minen opiskelijan silmin.","description":"","potentialAction":[{"@type":"SearchAction","target":{"@type":"EntryPoint","urlTemplate":"https:\/\/blogit.gradia.fi\/anniinatuomijarvi\/?s={search_term_string}"},"query-input":{"@type":"PropertyValueSpecification","valueRequired":true,"valueName":"search_term_string"}}],"inLanguage":"fi"},{"@type":"Person","@id":"https:\/\/blogit.gradia.fi\/anniinatuomijarvi\/#\/schema\/person\/a126012e8cf245661fe7e619b8b68806","name":"Anniina","image":{"@type":"ImageObject","inLanguage":"fi","@id":"https:\/\/secure.gravatar.com\/avatar\/faa68d1f1aa3d5a567e8faedb990f70be54a921fe1e421b90146ac2ec28bd4c2?s=96&d=mm&r=g","url":"https:\/\/secure.gravatar.com\/avatar\/faa68d1f1aa3d5a567e8faedb990f70be54a921fe1e421b90146ac2ec28bd4c2?s=96&d=mm&r=g","contentUrl":"https:\/\/secure.gravatar.com\/avatar\/faa68d1f1aa3d5a567e8faedb990f70be54a921fe1e421b90146ac2ec28bd4c2?s=96&d=mm&r=g","caption":"Anniina"},"description":"Moikka ! Olen J\u00e4ms\u00e4l\u00e4inen 18 vuotias tytt\u00f6 ja opiskelen Jyv\u00e4skyl\u00e4n ammattiopistossa merkonomiksi ty\u00f6harjoittelupainotteisella linjalla, joka koostuu viikossa kolmesta p\u00e4iv\u00e4st\u00e4 ty\u00f6t\u00e4 ja kahdesta p\u00e4iv\u00e4st\u00e4 koulua.","sameAs":["https:\/\/blogit.gradia.fi\/anniinatuomijarvi"],"url":"https:\/\/blogit.gradia.fi\/anniinatuomijarvi\/author\/ao106993\/"}]}},"uagb_featured_image_src":{"full":false,"thumbnail":false,"medium":false,"medium_large":false,"large":false,"1536x1536":false,"2048x2048":false,"post-thumbnail":false,"twentyfourteen-full-width":false},"uagb_author_info":{"display_name":"Anniina","author_link":"https:\/\/blogit.gradia.fi\/anniinatuomijarvi\/author\/ao106993\/"},"uagb_comment_info":2,"uagb_excerpt":"T\u00e4n\u00e4\u00e4n oli siis el\u00e4m\u00e4ni toisen virallisen n\u00e4yteikkunan vuoro ! P\u00e4\u00e4stiin ty\u00f6harjoittelu kaverini kanssa tekem\u00e4\u00e4n kahdestaan n\u00e4yteikkunaa ja oltiin aika tyytyv\u00e4isi\u00e4 lopputulokseen. N\u00e4yteikkunaan laitettiin uutuuksia ja ajankohtaisia tuotteita sek\u00e4 p\u00e4\u00e4stiin tosiaan n\u00e4ytt\u00e4m\u00e4\u00e4n visualiset taitomme t\u00e4ss\u00e4. TOP-ohjaajamme tietysti tarkasti lopputuloksen ja oli itsekkin tyytyv\u00e4inen &#8211; n\u00e4yteikkuna oli kuulema hyv\u00e4 n\u00e4in aloittelijoiksi ! Huomenna haemme siihen viel\u00e4 v\u00e4h\u00e4n&hellip;","_links":{"self":[{"href":"https:\/\/blogit.gradia.fi\/anniinatuomijarvi\/wp-json\/wp\/v2\/posts\/124","targetHints":{"allow":["GET"]}}],"collection":[{"href":"https:\/\/blogit.gradia.fi\/anniinatuomijarvi\/wp-json\/wp\/v2\/posts"}],"about":[{"href":"https:\/\/blogit.gradia.fi\/anniinatuomijarvi\/wp-json\/wp\/v2\/types\/post"}],"author":[{"embeddable":true,"href":"https:\/\/blogit.gradia.fi\/anniinatuomijarvi\/wp-json\/wp\/v2\/users\/588"}],"replies":[{"embeddable":true,"href":"https:\/\/blogit.gradia.fi\/anniinatuomijarvi\/wp-json\/wp\/v2\/comments?post=124"}],"version-history":[{"count":0,"href":"https:\/\/blogit.gradia.fi\/anniinatuomijarvi\/wp-json\/wp\/v2\/posts\/124\/revisions"}],"wp:attachment":[{"href":"https:\/\/blogit.gradia.fi\/anniinatuomijarvi\/wp-json\/wp\/v2\/media?parent=124"}],"wp:term":[{"taxonomy":"category","embeddable":true,"href":"https:\/\/blogit.gradia.fi\/anniinatuomijarvi\/wp-json\/wp\/v2\/categories?post=124"},{"taxonomy":"post_tag","embeddable":true,"href":"https:\/\/blogit.gradia.fi\/anniinatuomijarvi\/wp-json\/wp\/v2\/tags?post=124"}],"curies":[{"name":"wp","href":"https:\/\/api.w.org\/{rel}","templated":true}]}}